{"id":15814,"date":"2022-07-25T13:29:20","date_gmt":"2022-07-25T11:29:20","guid":{"rendered":"https:\/\/www.m-q.ch\/?p=16688"},"modified":"2022-07-25T15:00:25","modified_gmt":"2022-07-25T13:00:25","slug":"forschungslandschaft-schweiz-was-bringt-die-zukunft","status":"publish","type":"post","link":"https:\/\/www.organisator.ch\/fr\/operational-excellence\/2022-07-25\/forschungslandschaft-schweiz-was-bringt-die-zukunft\/","title":{"rendered":"Le paysage de la recherche en Suisse : que nous r\u00e9serve l'avenir ?"},"content":{"rendered":"<figure id=\"attachment_16691\" class=\"wp-caption alignnone\" style=\"width: 680px\" aria-describedby=\"caption-attachment-16691\"><img class=\"alignnone wp-image-16691 size-full\" src=\"https:\/\/www.m-q.ch\/wp-content\/uploads\/2022\/07\/Forschungslandschaft-Schweiz-Was-bringt-die-Zukunft_MQ.jpg\" alt=\"Le paysage de la recherche en Suisse\" width=\"680\" height=\"272\" \/><figcaption id=\"caption-attachment-16691\" class=\"wp-caption-text\">Paysage suisse de la recherche : les 49 technologies \u00e9tudi\u00e9es sont regroup\u00e9es en neuf groupes de technologies (voir colonne tout \u00e0 gauche). Afin de repr\u00e9senter leur influence sur la construction de l'avenir, un lien a \u00e9t\u00e9 \u00e9tabli avec 20 mots-cl\u00e9s ou labels (voir deuxi\u00e8me ligne en partant du haut). Les labels appartiennent chacun \u00e0 l'un des cinq domaines de recherche - Monde num\u00e9rique, \u00c9nergie et environnement, Proc\u00e9d\u00e9s de fabrication et mat\u00e9riaux, Sciences de la vie ou Technique et soci\u00e9t\u00e9 (voir la ligne du haut). Chaque point marque un lien direct, une application concr\u00e8te ou un impact attendu. Les trois tailles des points permettent de mesurer combien de technologies du groupe technologique correspondant sont en rapport avec un label. Pour plus de d\u00e9tails, veuillez consulter la publication. (\u00a9 SATW)<\/figcaption><\/figure>\r\nForesight devient de plus en plus important pour la politique suisse de formation et d'innovation. La nouvelle \u00e9tude de la SATW \"Le paysage de la recherche en Suisse - Un panorama technologique\" examine 49 d\u00e9veloppements technologiques dans neuf domaines de recherche et couvre ainsi un tr\u00e8s large spectre. Chaque chapitre est consacr\u00e9 \u00e0 une technologie et d\u00e9crit son \u00e9tat d'avancement ainsi que les chances et les risques qui y sont li\u00e9s. Les auteurs identifient en outre les principaux points chauds de la recherche en Suisse et dans le contexte international.\r\n<h3>Un paysage de la recherche avec un soutien suffisant<\/h3>\r\nL'\u00e9tude s'appuie sur des entretiens oraux et \u00e9crits men\u00e9s avec une soixantaine de scientifiques et de repr\u00e9sentants de l'industrie dans toute la Suisse. Ceux-ci se montrent pour l'essentiel satisfaits de l'encouragement de la recherche dans le domaine des sciences techniques en Suisse. Pour la plupart d'entre eux, les difficult\u00e9s d'acc\u00e8s au programme Horizon Europe sont en revanche tr\u00e8s probl\u00e9matiques.\r\n\r\nPlusieurs personnes interrog\u00e9es ont sugg\u00e9r\u00e9 que l'encouragement comprenne \u00e0 l'avenir \u00e9galement des infrastructures qui seraient mises \u00e0 la disposition des entreprises et des hautes \u00e9coles. La raison en est que, dans certains cas, la mise en place de ces infrastructures est tellement co\u00fbteuse qu'elle d\u00e9passe le budget des petites entreprises et des start-ups.\r\n<h3>Construire l'avenir avec les technologies<\/h3>\r\nLes technologies \u00e9tudi\u00e9es supposent une r\u00e9flexion interdisciplinaire, car elles concernent souvent plusieurs domaines de la vie. De plus, l'\u00e9change r\u00e9gulier entre la place de r\u00e9flexion et la place industrielle suisses est fondamental pour le lien entre la recherche et l'industrie. Il est vrai que les th\u00e8mes de recherche appliqu\u00e9e jouent un r\u00f4le important dans le succ\u00e8s des nouvelles technologies. L'\u00c9tat dispose \u00e9galement de nombreuses possibilit\u00e9s pour aider les nouvelles technologies \u00e0 percer : Il pourrait ainsi r\u00e9duire les obstacles r\u00e9glementaires et encourager la mise en r\u00e9seau (internationale) des chercheurs et des repr\u00e9sentants de l'\u00e9conomie. Les applications high-tech et de niche, qui peuvent \u00eatre d\u00e9velopp\u00e9es aussi bien par des entreprises \u00e9tablies que par des start-ups, offrent un grand potentiel pour la place \u00e9conomique suisse. Les emplois et la valeur ajout\u00e9e ainsi g\u00e9n\u00e9r\u00e9s apporteraient une contribution \u00e9conomique riche \u00e0 la soci\u00e9t\u00e9.\r\n\r\n<em>Source et informations compl\u00e9mentaires : <a href=\"https:\/\/www.satw.ch\/de\/\">SATW<\/a><\/em>\n<p class=\"syndicated-attribution\">Cet article est paru initialement sur m-q.ch - <a href=\"https:\/\/www.m-q.ch\/de\/forschungslandschaft-schweiz-was-bringt-die-zukunft\/\" target=\"_blank\">https:\/\/www.m-q.ch\/de\/forschungslandschaft-schweiz-was-bringt-die-zukunft\/<\/a><\/p>","protected":false},"excerpt":{"rendered":"<p>Foresight wird f\u00fcr die Schweizer Bildungs- und Innovationspolitik immer wichtiger. Die neue SATW-Studie \u00abForschungslandschaft Schweiz \u2013 Ein technologisches Panorama\u00bb untersucht 49 technologische Entwicklungen aus neun Forschungsbereichen und deckt damit ein sehr breites Spektrum ab. Jedes Kapitel widmet sich einer Technologie und beschreibt ihren Stand in der Entwicklung wie auch die damit verbundenen Chancen und Risiken. [\u2026]<\/p>\n","protected":false},"author":8,"featured_media":0,"comment_status":"closed","ping_status":"closed","sticky":false,"template":"","format":"standard","meta":{"_acf_changed":false,"_yoast_wpseo_focuskw":"Forschungslandschaft Schweiz","_yoast_wpseo_metadesc":"Das fr\u00fchzeitige Erkennen technologischer Ver\u00e4nderungen ist fundamental f\u00fcr Unternehmen und gilt als zentraler Wettbewerbsvorteil.","articlekey":"","footnotes":""},"categories":[582],"tags":[3102,3101],"class_list":["post-15814","post","type-post","status-publish","format-standard","hentry","category-operational-excellence","tag-forschungslandschaft-schweiz","tag-wissenschaft-und-forschung"],"acf":[],"yoast_head":"<!-- This site is optimized with the Yoast SEO plugin v27.5 - https:\/\/yoast.com\/product\/yoast-seo-wordpress\/ -->\n<title>Forschungslandschaft Schweiz: Was bringt die Zukunft? - Organisator<\/title>\n<meta name=\"description\" content=\"Das fr\u00fchzeitige Erkennen technologischer Ver\u00e4nderungen ist fundamental f\u00fcr Unternehmen und gilt als zentraler Wettbewerbsvorteil.\" \/>\n<meta name=\"robots\" content=\"index, follow, max-snippet:-1, max-image-preview:large, max-video-preview:-1\" \/>\n<link rel=\"canonical\" href=\"https:\/\/www.m-q.ch\/de\/forschungslandschaft-schweiz-was-bringt-die-zukunft\/\" \/>\n<meta property=\"og:locale\" content=\"fr_FR\" \/>\n<meta property=\"og:type\" content=\"article\" \/>\n<meta property=\"og:title\" content=\"Forschungslandschaft Schweiz: Was bringt die Zukunft? - Organisator\" \/>\n<meta property=\"og:description\" content=\"Das fr\u00fchzeitige Erkennen technologischer Ver\u00e4nderungen ist fundamental f\u00fcr Unternehmen und gilt als zentraler Wettbewerbsvorteil.\" \/>\n<meta property=\"og:url\" content=\"https:\/\/www.m-q.ch\/de\/forschungslandschaft-schweiz-was-bringt-die-zukunft\/\" \/>\n<meta property=\"og:site_name\" content=\"Organisator\" \/>\n<meta property=\"article:publisher\" content=\"https:\/\/www.facebook.com\/OrganisatorFachmagazin\" \/>\n<meta property=\"article:published_time\" content=\"2022-07-25T11:29:20+00:00\" \/>\n<meta property=\"article:modified_time\" content=\"2022-07-25T13:00:25+00:00\" \/>\n<meta property=\"og:image\" content=\"https:\/\/www.m-q.ch\/wp-content\/uploads\/2022\/07\/Forschungslandschaft-Schweiz-Was-bringt-die-Zukunft_MQ.jpg\" \/>\n<meta name=\"author\" content=\"galledia\" \/>\n<meta name=\"twitter:card\" content=\"summary_large_image\" \/>\n<meta name=\"twitter:creator\" content=\"@admin\" \/>\n<script type=\"application\/ld+json\" class=\"yoast-schema-graph\">{\"@context\":\"https:\\\/\\\/schema.org\",\"@graph\":[{\"@type\":\"Article\",\"@id\":\"https:\\\/\\\/www.m-q.ch\\\/de\\\/forschungslandschaft-schweiz-was-bringt-die-zukunft\\\/#article\",\"isPartOf\":{\"@id\":\"https:\\\/\\\/www.organisator.ch\\\/operational-excellence\\\/2022-07-25\\\/forschungslandschaft-schweiz-was-bringt-die-zukunft\\\/\"},\"author\":{\"name\":\"galledia\",\"@id\":\"https:\\\/\\\/www.organisator.ch\\\/#\\\/schema\\\/person\\\/4e51799071cd2dd1232ac003643ef5f0\"},\"headline\":\"Forschungslandschaft Schweiz: Was bringt die Zukunft?\",\"datePublished\":\"2022-07-25T11:29:20+00:00\",\"dateModified\":\"2022-07-25T13:00:25+00:00\",\"mainEntityOfPage\":{\"@id\":\"https:\\\/\\\/www.organisator.ch\\\/operational-excellence\\\/2022-07-25\\\/forschungslandschaft-schweiz-was-bringt-die-zukunft\\\/\"},\"wordCount\":435,\"publisher\":{\"@id\":\"https:\\\/\\\/www.organisator.ch\\\/#organization\"},\"image\":{\"@id\":\"https:\\\/\\\/www.m-q.ch\\\/de\\\/forschungslandschaft-schweiz-was-bringt-die-zukunft\\\/#primaryimage\"},\"thumbnailUrl\":\"https:\\\/\\\/www.m-q.ch\\\/wp-content\\\/uploads\\\/2022\\\/07\\\/Forschungslandschaft-Schweiz-Was-bringt-die-Zukunft_MQ.jpg\",\"keywords\":[\"Forschungslandschaft Schweiz\",\"Wissenschaft und Forschung\"],\"articleSection\":[\"OPERATIONAL EXCELLENCE\"],\"inLanguage\":\"fr-FR\"},{\"@type\":\"WebPage\",\"@id\":\"https:\\\/\\\/www.organisator.ch\\\/operational-excellence\\\/2022-07-25\\\/forschungslandschaft-schweiz-was-bringt-die-zukunft\\\/\",\"url\":\"https:\\\/\\\/www.m-q.ch\\\/de\\\/forschungslandschaft-schweiz-was-bringt-die-zukunft\\\/\",\"name\":\"Forschungslandschaft Schweiz: Was bringt die Zukunft? - Organisator\",\"isPartOf\":{\"@id\":\"https:\\\/\\\/www.organisator.ch\\\/#website\"},\"primaryImageOfPage\":{\"@id\":\"https:\\\/\\\/www.m-q.ch\\\/de\\\/forschungslandschaft-schweiz-was-bringt-die-zukunft\\\/#primaryimage\"},\"image\":{\"@id\":\"https:\\\/\\\/www.m-q.ch\\\/de\\\/forschungslandschaft-schweiz-was-bringt-die-zukunft\\\/#primaryimage\"},\"thumbnailUrl\":\"https:\\\/\\\/www.m-q.ch\\\/wp-content\\\/uploads\\\/2022\\\/07\\\/Forschungslandschaft-Schweiz-Was-bringt-die-Zukunft_MQ.jpg\",\"datePublished\":\"2022-07-25T11:29:20+00:00\",\"dateModified\":\"2022-07-25T13:00:25+00:00\",\"description\":\"Das fr\u00fchzeitige Erkennen technologischer Ver\u00e4nderungen ist fundamental f\u00fcr Unternehmen und gilt als zentraler Wettbewerbsvorteil.\",\"breadcrumb\":{\"@id\":\"https:\\\/\\\/www.m-q.ch\\\/de\\\/forschungslandschaft-schweiz-was-bringt-die-zukunft\\\/#breadcrumb\"},\"inLanguage\":\"fr-FR\",\"potentialAction\":[{\"@type\":\"ReadAction\",\"target\":[\"https:\\\/\\\/www.m-q.ch\\\/de\\\/forschungslandschaft-schweiz-was-bringt-die-zukunft\\\/\"]}]},{\"@type\":\"ImageObject\",\"inLanguage\":\"fr-FR\",\"@id\":\"https:\\\/\\\/www.m-q.ch\\\/de\\\/forschungslandschaft-schweiz-was-bringt-die-zukunft\\\/#primaryimage\",\"url\":\"https:\\\/\\\/www.m-q.ch\\\/wp-content\\\/uploads\\\/2022\\\/07\\\/Forschungslandschaft-Schweiz-Was-bringt-die-Zukunft_MQ.jpg\",\"contentUrl\":\"https:\\\/\\\/www.m-q.ch\\\/wp-content\\\/uploads\\\/2022\\\/07\\\/Forschungslandschaft-Schweiz-Was-bringt-die-Zukunft_MQ.jpg\"},{\"@type\":\"BreadcrumbList\",\"@id\":\"https:\\\/\\\/www.m-q.ch\\\/de\\\/forschungslandschaft-schweiz-was-bringt-die-zukunft\\\/#breadcrumb\",\"itemListElement\":[{\"@type\":\"ListItem\",\"position\":1,\"name\":\"Home\",\"item\":\"https:\\\/\\\/www.organisator.ch\\\/\"},{\"@type\":\"ListItem\",\"position\":2,\"name\":\"Forschungslandschaft Schweiz: Was bringt die Zukunft?\"}]},{\"@type\":\"WebSite\",\"@id\":\"https:\\\/\\\/www.organisator.ch\\\/#website\",\"url\":\"https:\\\/\\\/www.organisator.ch\\\/\",\"name\":\"Organisator\",\"description\":\"Kompetent. Praxisnah. Der ORGANISATOR bereitet in 10 Ausgaben pro Jahr die wesentlichen Themen f\u00fcr F\u00fchrungskr\u00e4fte von KMU auf.\",\"publisher\":{\"@id\":\"https:\\\/\\\/www.organisator.ch\\\/#organization\"},\"potentialAction\":[{\"@type\":\"SearchAction\",\"target\":{\"@type\":\"EntryPoint\",\"urlTemplate\":\"https:\\\/\\\/www.organisator.ch\\\/?s={search_term_string}\"},\"query-input\":{\"@type\":\"PropertyValueSpecification\",\"valueRequired\":true,\"valueName\":\"search_term_string\"}}],\"inLanguage\":\"fr-FR\"},{\"@type\":\"Organization\",\"@id\":\"https:\\\/\\\/www.organisator.ch\\\/#organization\",\"name\":\"Organisator\",\"url\":\"https:\\\/\\\/www.organisator.ch\\\/\",\"logo\":{\"@type\":\"ImageObject\",\"inLanguage\":\"fr-FR\",\"@id\":\"https:\\\/\\\/www.organisator.ch\\\/#\\\/schema\\\/logo\\\/image\\\/\",\"url\":\"https:\\\/\\\/www.organisator.ch\\\/wp-content\\\/uploads\\\/2022\\\/01\\\/Logo_Organisator_Website.png\",\"contentUrl\":\"https:\\\/\\\/www.organisator.ch\\\/wp-content\\\/uploads\\\/2022\\\/01\\\/Logo_Organisator_Website.png\",\"width\":800,\"height\":77,\"caption\":\"Organisator\"},\"image\":{\"@id\":\"https:\\\/\\\/www.organisator.ch\\\/#\\\/schema\\\/logo\\\/image\\\/\"},\"sameAs\":[\"https:\\\/\\\/www.facebook.com\\\/OrganisatorFachmagazin\",\"https:\\\/\\\/www.linkedin.com\\\/showcase\\\/organisator-das-magazin-fr-kmu\",\"https:\\\/\\\/www.xing.com\\\/news\\\/pages\\\/organisator-ch-695\",\"https:\\\/\\\/www.youtube.com\\\/channel\\\/UCGP2Sq0iWaZwT3BdIAQFYpw\"]},{\"@type\":\"Person\",\"@id\":\"https:\\\/\\\/www.organisator.ch\\\/#\\\/schema\\\/person\\\/4e51799071cd2dd1232ac003643ef5f0\",\"name\":\"galledia\",\"image\":{\"@type\":\"ImageObject\",\"inLanguage\":\"fr-FR\",\"@id\":\"https:\\\/\\\/secure.gravatar.com\\\/avatar\\\/78a7f90c01fc2bfc875782a0d4922b37cde2cf184ce347b91316d23cd7f69a36?s=96&d=mm&r=g\",\"url\":\"https:\\\/\\\/secure.gravatar.com\\\/avatar\\\/78a7f90c01fc2bfc875782a0d4922b37cde2cf184ce347b91316d23cd7f69a36?s=96&d=mm&r=g\",\"contentUrl\":\"https:\\\/\\\/secure.gravatar.com\\\/avatar\\\/78a7f90c01fc2bfc875782a0d4922b37cde2cf184ce347b91316d23cd7f69a36?s=96&d=mm&r=g\",\"caption\":\"galledia\"},\"sameAs\":[\"https:\\\/\\\/x.com\\\/admin\"],\"url\":\"https:\\\/\\\/www.organisator.ch\\\/fr\\\/author\\\/galledia\\\/\"}]}<\/script>\n<!-- \/ Yoast SEO plugin. -->","yoast_head_json":{"title":"Le paysage de la recherche en Suisse : que nous r\u00e9serve l'avenir ? - Organisateur","description":"La reconnaissance pr\u00e9coce des changements technologiques est fondamentale pour les entreprises et est consid\u00e9r\u00e9e comme un avantage concurrentiel central.","robots":{"index":"index","follow":"follow","max-snippet":"max-snippet:-1","max-image-preview":"max-image-preview:large","max-video-preview":"max-video-preview:-1"},"canonical":"https:\/\/www.m-q.ch\/de\/forschungslandschaft-schweiz-was-bringt-die-zukunft\/","og_locale":"fr_FR","og_type":"article","og_title":"Forschungslandschaft Schweiz: Was bringt die Zukunft? - Organisator","og_description":"Das fr\u00fchzeitige Erkennen technologischer Ver\u00e4nderungen ist fundamental f\u00fcr Unternehmen und gilt als zentraler Wettbewerbsvorteil.","og_url":"https:\/\/www.m-q.ch\/de\/forschungslandschaft-schweiz-was-bringt-die-zukunft\/","og_site_name":"Organisator","article_publisher":"https:\/\/www.facebook.com\/OrganisatorFachmagazin","article_published_time":"2022-07-25T11:29:20+00:00","article_modified_time":"2022-07-25T13:00:25+00:00","og_image":[{"url":"https:\/\/www.m-q.ch\/wp-content\/uploads\/2022\/07\/Forschungslandschaft-Schweiz-Was-bringt-die-Zukunft_MQ.jpg","type":"","width":"","height":""}],"author":"galledia","twitter_card":"summary_large_image","twitter_creator":"@admin","schema":{"@context":"https:\/\/schema.org","@graph":[{"@type":"Article","@id":"https:\/\/www.m-q.ch\/de\/forschungslandschaft-schweiz-was-bringt-die-zukunft\/#article","isPartOf":{"@id":"https:\/\/www.organisator.ch\/operational-excellence\/2022-07-25\/forschungslandschaft-schweiz-was-bringt-die-zukunft\/"},"author":{"name":"galledia","@id":"https:\/\/www.organisator.ch\/#\/schema\/person\/4e51799071cd2dd1232ac003643ef5f0"},"headline":"Forschungslandschaft Schweiz: Was bringt die Zukunft?","datePublished":"2022-07-25T11:29:20+00:00","dateModified":"2022-07-25T13:00:25+00:00","mainEntityOfPage":{"@id":"https:\/\/www.organisator.ch\/operational-excellence\/2022-07-25\/forschungslandschaft-schweiz-was-bringt-die-zukunft\/"},"wordCount":435,"publisher":{"@id":"https:\/\/www.organisator.ch\/#organization"},"image":{"@id":"https:\/\/www.m-q.ch\/de\/forschungslandschaft-schweiz-was-bringt-die-zukunft\/#primaryimage"},"thumbnailUrl":"https:\/\/www.m-q.ch\/wp-content\/uploads\/2022\/07\/Forschungslandschaft-Schweiz-Was-bringt-die-Zukunft_MQ.jpg","keywords":["Forschungslandschaft Schweiz","Wissenschaft und Forschung"],"articleSection":["OPERATIONAL EXCELLENCE"],"inLanguage":"fr-FR"},{"@type":"WebPage","@id":"https:\/\/www.organisator.ch\/operational-excellence\/2022-07-25\/forschungslandschaft-schweiz-was-bringt-die-zukunft\/","url":"https:\/\/www.m-q.ch\/de\/forschungslandschaft-schweiz-was-bringt-die-zukunft\/","name":"Le paysage de la recherche en Suisse : que nous r\u00e9serve l'avenir ? - Organisateur","isPartOf":{"@id":"https:\/\/www.organisator.ch\/#website"},"primaryImageOfPage":{"@id":"https:\/\/www.m-q.ch\/de\/forschungslandschaft-schweiz-was-bringt-die-zukunft\/#primaryimage"},"image":{"@id":"https:\/\/www.m-q.ch\/de\/forschungslandschaft-schweiz-was-bringt-die-zukunft\/#primaryimage"},"thumbnailUrl":"https:\/\/www.m-q.ch\/wp-content\/uploads\/2022\/07\/Forschungslandschaft-Schweiz-Was-bringt-die-Zukunft_MQ.jpg","datePublished":"2022-07-25T11:29:20+00:00","dateModified":"2022-07-25T13:00:25+00:00","description":"La reconnaissance pr\u00e9coce des changements technologiques est fondamentale pour les entreprises et est consid\u00e9r\u00e9e comme un avantage concurrentiel central.","breadcrumb":{"@id":"https:\/\/www.m-q.ch\/de\/forschungslandschaft-schweiz-was-bringt-die-zukunft\/#breadcrumb"},"inLanguage":"fr-FR","potentialAction":[{"@type":"ReadAction","target":["https:\/\/www.m-q.ch\/de\/forschungslandschaft-schweiz-was-bringt-die-zukunft\/"]}]},{"@type":"ImageObject","inLanguage":"fr-FR","@id":"https:\/\/www.m-q.ch\/de\/forschungslandschaft-schweiz-was-bringt-die-zukunft\/#primaryimage","url":"https:\/\/www.m-q.ch\/wp-content\/uploads\/2022\/07\/Forschungslandschaft-Schweiz-Was-bringt-die-Zukunft_MQ.jpg","contentUrl":"https:\/\/www.m-q.ch\/wp-content\/uploads\/2022\/07\/Forschungslandschaft-Schweiz-Was-bringt-die-Zukunft_MQ.jpg"},{"@type":"BreadcrumbList","@id":"https:\/\/www.m-q.ch\/de\/forschungslandschaft-schweiz-was-bringt-die-zukunft\/#breadcrumb","itemListElement":[{"@type":"ListItem","position":1,"name":"Home","item":"https:\/\/www.organisator.ch\/"},{"@type":"ListItem","position":2,"name":"Forschungslandschaft Schweiz: Was bringt die Zukunft?"}]},{"@type":"WebSite","@id":"https:\/\/www.organisator.ch\/#website","url":"https:\/\/www.organisator.ch\/","name":"Organisateur","description":"Comp\u00e9tence et comp\u00e9tence. Proches de la pratique. L'ORGANISATEUR pr\u00e9pare 10 num\u00e9ros par an sur les th\u00e8mes essentiels pour les dirigeants de PME.","publisher":{"@id":"https:\/\/www.organisator.ch\/#organization"},"potentialAction":[{"@type":"SearchAction","target":{"@type":"EntryPoint","urlTemplate":"https:\/\/www.organisator.ch\/?s={search_term_string}"},"query-input":{"@type":"PropertyValueSpecification","valueRequired":true,"valueName":"search_term_string"}}],"inLanguage":"fr-FR"},{"@type":"Organization","@id":"https:\/\/www.organisator.ch\/#organization","name":"Organisateur","url":"https:\/\/www.organisator.ch\/","logo":{"@type":"ImageObject","inLanguage":"fr-FR","@id":"https:\/\/www.organisator.ch\/#\/schema\/logo\/image\/","url":"https:\/\/www.organisator.ch\/wp-content\/uploads\/2022\/01\/Logo_Organisator_Website.png","contentUrl":"https:\/\/www.organisator.ch\/wp-content\/uploads\/2022\/01\/Logo_Organisator_Website.png","width":800,"height":77,"caption":"Organisator"},"image":{"@id":"https:\/\/www.organisator.ch\/#\/schema\/logo\/image\/"},"sameAs":["https:\/\/www.facebook.com\/OrganisatorFachmagazin","https:\/\/www.linkedin.com\/showcase\/organisator-das-magazin-fr-kmu","https:\/\/www.xing.com\/news\/pages\/organisator-ch-695","https:\/\/www.youtube.com\/channel\/UCGP2Sq0iWaZwT3BdIAQFYpw"]},{"@type":"Person","@id":"https:\/\/www.organisator.ch\/#\/schema\/person\/4e51799071cd2dd1232ac003643ef5f0","name":"galledia","image":{"@type":"ImageObject","inLanguage":"fr-FR","@id":"https:\/\/secure.gravatar.com\/avatar\/78a7f90c01fc2bfc875782a0d4922b37cde2cf184ce347b91316d23cd7f69a36?s=96&d=mm&r=g","url":"https:\/\/secure.gravatar.com\/avatar\/78a7f90c01fc2bfc875782a0d4922b37cde2cf184ce347b91316d23cd7f69a36?s=96&d=mm&r=g","contentUrl":"https:\/\/secure.gravatar.com\/avatar\/78a7f90c01fc2bfc875782a0d4922b37cde2cf184ce347b91316d23cd7f69a36?s=96&d=mm&r=g","caption":"galledia"},"sameAs":["https:\/\/x.com\/admin"],"url":"https:\/\/www.organisator.ch\/fr\/author\/galledia\/"}]}},"_links":{"self":[{"href":"https:\/\/www.organisator.ch\/fr\/wp-json\/wp\/v2\/posts\/15814","targetHints":{"allow":["GET"]}}],"collection":[{"href":"https:\/\/www.organisator.ch\/fr\/wp-json\/wp\/v2\/posts"}],"about":[{"href":"https:\/\/www.organisator.ch\/fr\/wp-json\/wp\/v2\/types\/post"}],"author":[{"embeddable":true,"href":"https:\/\/www.organisator.ch\/fr\/wp-json\/wp\/v2\/users\/8"}],"replies":[{"embeddable":true,"href":"https:\/\/www.organisator.ch\/fr\/wp-json\/wp\/v2\/comments?post=15814"}],"version-history":[{"count":4,"href":"https:\/\/www.organisator.ch\/fr\/wp-json\/wp\/v2\/posts\/15814\/revisions"}],"predecessor-version":[{"id":15818,"href":"https:\/\/www.organisator.ch\/fr\/wp-json\/wp\/v2\/posts\/15814\/revisions\/15818"}],"wp:attachment":[{"href":"https:\/\/www.organisator.ch\/fr\/wp-json\/wp\/v2\/media?parent=15814"}],"wp:term":[{"taxonomy":"category","embeddable":true,"href":"https:\/\/www.organisator.ch\/fr\/wp-json\/wp\/v2\/categories?post=15814"},{"taxonomy":"post_tag","embeddable":true,"href":"https:\/\/www.organisator.ch\/fr\/wp-json\/wp\/v2\/tags?post=15814"}],"curies":[{"name":"wp","href":"https:\/\/api.w.org\/{rel}","templated":true}]}}