{"id":15839,"date":"2022-07-26T09:22:34","date_gmt":"2022-07-26T07:22:34","guid":{"rendered":"https:\/\/www.m-q.ch\/?p=16623"},"modified":"2022-07-26T11:09:36","modified_gmt":"2022-07-26T09:09:36","slug":"gelungene-synprovis-erfa-tagung","status":"publish","type":"post","link":"https:\/\/www.organisator.ch\/fr\/operational-excellence\/2022-07-26\/gelungene-synprovis-erfa-tagung\/","title":{"rendered":"R\u00e9union synprovis-ERFA r\u00e9ussie"},"content":{"rendered":"<figure id=\"attachment_16624\" class=\"wp-caption alignnone\" style=\"width: 925px\" aria-describedby=\"caption-attachment-16624\"><img class=\"alignnone wp-image-16624 size-full\" src=\"https:\/\/www.m-q.ch\/wp-content\/uploads\/2022\/07\/MQ-Management-Qualitaet-Gelungene-Synprovis-ERFA-Tagung.jpg\" alt=\"R\u00e9union de l&#039;ERFA de Synprovis\" width=\"925\" height=\"625\" \/><figcaption id=\"caption-attachment-16624\" class=\"wp-caption-text\">L'\u00e9quipe de Synprovis avec l'athl\u00e8te de ski sponsoris\u00e9 Joel L\u00fctolf (4e depuis la gauche) et l'artiste Wetz (2e depuis la droite).\r\nImage : Christian Hartmann<\/figcaption><\/figure>\r\nAvec son logiciel Improve, la soci\u00e9t\u00e9 Synprovis GmbH, bas\u00e9e \u00e0 Eich (LU), fait partie des principaux acteurs dans le domaine de la gestion globale de la qualit\u00e9. L'\u00e9change intensif avec les clients est \u00e9galement entretenu lors de journ\u00e9es ERFA annuelles. La 10e r\u00e9union s'est d\u00e9roul\u00e9e le 19 mai 2022 au KKLB (Kunst und Kultur im Landessender Berom\u00fcnster). 70 clients participants se sont laiss\u00e9s enthousiasmer par l'artiste h\u00f4te Wetz, plusieurs fois prim\u00e9, et ses pr\u00e9sentations captivantes. L'exposition actuelle \"Des fleurs pour l'art\", avec des contributions de nombreux artistes, a offert aux participants \u00e0 la conf\u00e9rence un cadre culturel fascinant.\r\n\r\nLes explications d'Improve par le CEO Hubert Geisseler et les d\u00e9veloppeurs de logiciels de Synprovis ont \u00e9galement re\u00e7u un \u00e9cho positif. La philosophie v\u00e9cue du d\u00e9veloppement permanent du logiciel, de l'anticipation de l'avenir des performances \u00e0 moyen terme et de la protection optimale des investissements pour les utilisateurs a \u00e9t\u00e9 pr\u00e9sent\u00e9e de mani\u00e8re convaincante \u00e0 l'aide de diff\u00e9rents th\u00e8mes. \"L'introduction d'Improve a permis de rapprocher notre sensorique de la qualit\u00e9 des personnes, des processus et des produits\" - selon Geisseler, ce t\u00e9moignage d'un client d\u00e9crit parfaitement l'effet que Synprovis souhaite obtenir aupr\u00e8s de ses utilisateurs.\r\n<h2>Synprovis GmbH - 20 ans de comp\u00e9tence en mati\u00e8re de gestion de la qualit\u00e9<\/h2>\r\nDepuis sa cr\u00e9ation en 2002, Synprovis se concentre sur la gestion globale de la qualit\u00e9 pour les PME. Avec son logiciel web de gestion de la qualit\u00e9 Improve, Synprovis conna\u00eet un grand succ\u00e8s dans toute l'Europe. La cl\u00e9 du succ\u00e8s r\u00e9side dans l'extr\u00eame simplicit\u00e9 d'utilisation de l'interface de son logiciel, ce qui se traduit naturellement par un faible besoin de formation. L'id\u00e9e de base consiste \u00e0 utiliser les erreurs comme une source de connaissances indispensable \u00e0 l'am\u00e9lioration des processus. Chaque message d'erreur doit permettre de prendre une mesure d'optimisation mesurable ou d'\u00e9liminer la cause de l'erreur. Une autre raison du succ\u00e8s commercial aupr\u00e8s des entreprises de production, de services et de commerce est le rythme \u00e9lev\u00e9 du d\u00e9veloppement du logiciel. Ainsi, l'\u00e9quipe de Synprovis transpose rapidement les normes de qualit\u00e9 nouvelles ou r\u00e9vis\u00e9es en modules ou en nouvelles versions. Le contact \u00e9troit avec les clients, notamment par le biais de r\u00e9unions ERFA, permet de garantir en permanence l'ad\u00e9quation de l'outil avec la pratique. \"Aujourd'hui, Improve est un syst\u00e8me de gestion int\u00e9gr\u00e9 qui permet de surveiller et de contr\u00f4ler l'ensemble des processus\", d\u00e9clare Hubert Geisseler.\r\n<h2>Logiciel modulaire<\/h2>\r\nL'outil bas\u00e9 sur les \u00e9v\u00e9nements fonctionne de bout en bout selon la structure \"saisir, d\u00e9cider, faire, am\u00e9liorer\" et reproduit enti\u00e8rement le syst\u00e8me qualit\u00e9 avec les modules suivants : rapport 8D, s\u00e9curit\u00e9 au travail, gestion des audits, mesures\/co\u00fbts, \u00e9valuation des collaborateurs, gestion des moyens de contr\u00f4le, gestion des risques, gestion de l'environnement, connaissances et comp\u00e9tences.\r\n<h2>Soci\u00e9t\u00e9 familiale<\/h2>\r\nHubert et Lisbeth Geisseler sont les propri\u00e9taires de la soci\u00e9t\u00e9, Lisbeth Geisseler \u00e9tant responsable des finances et de l'administration. Les quatre d\u00e9veloppeurs de logiciels qualifi\u00e9s Pirmin Stalder, Alex Bosshard, Philipp Gr\u00fcter et Kevin Leisibach sont en m\u00eame temps chefs de projet avec un contact intensif avec les clients - une solution sp\u00e9ciale avec une contribution claire au succ\u00e8s de l'entreprise.\r\n<h2>Auteur<\/h2>\r\nUeli Eigenmann est concepteur-r\u00e9dacteur ind\u00e9pendant avec un bagage en marketing et en gestion d'entreprise.\r\n&gt; <a href=\"http:\/\/www.werbung-texte.ch\/home.html\">texte-publicit\u00e9.ch<\/a>\n<p class=\"syndicated-attribution\">Cet article est paru initialement sur m-q.ch - <a href=\"https:\/\/www.m-q.ch\/de\/gelungene-synprovis-erfa-tagung\/\" target=\"_blank\">https:\/\/www.m-q.ch\/de\/gelungene-synprovis-erfa-tagung\/<\/a><\/p>","protected":false},"excerpt":{"rendered":"<p>Die Synprovis GmbH aus Eich (LU) geh\u00f6rt mit ihrer Software Improve zu den f\u00fchrenden Playern im Bereich des ganzheitlichen Qualit\u00e4tsmanagements. Der intensive Austausch mit den Kunden wird auch in j\u00e4hrlichen ERFA-Tagungen gepflegt. Die 10. Tagung ging am 19. Mai 2022 im KKLB (Kunst und Kultur im Landessender Berom\u00fcnster) \u00fcber die B\u00fchne. 70 teilnehmende Kundinnen und [\u2026]<\/p>\n","protected":false},"author":8,"featured_media":0,"comment_status":"closed","ping_status":"closed","sticky":false,"template":"","format":"standard","meta":{"_acf_changed":false,"_yoast_wpseo_focuskw":"Synprovis","_yoast_wpseo_metadesc":"Am 19. Mai 2022 f\u00fchrte Synprovis, Hersteller von Software f\u00fcr das Qualit\u00e4tsmanagement, zum zehnten Mal eine Kundentagung durch.","articlekey":"","footnotes":""},"categories":[582],"tags":[3105,3108,3109],"class_list":["post-15839","post","type-post","status-publish","format-standard","hentry","category-operational-excellence","tag-ausgabe-7-8-2022","tag-erfa","tag-synprovis"],"acf":[],"yoast_head":"<!-- This site is optimized with the Yoast SEO plugin v27.5 - https:\/\/yoast.com\/product\/yoast-seo-wordpress\/ -->\n<title>Gelungene Synprovis-ERFA-Tagung - Organisator<\/title>\n<meta name=\"description\" content=\"Am 19. Mai 2022 f\u00fchrte Synprovis, Hersteller von Software f\u00fcr das Qualit\u00e4tsmanagement, zum zehnten Mal eine Kundentagung durch.\" \/>\n<meta name=\"robots\" content=\"index, follow, max-snippet:-1, max-image-preview:large, max-video-preview:-1\" \/>\n<link rel=\"canonical\" href=\"https:\/\/www.m-q.ch\/de\/gelungene-synprovis-erfa-tagung\/\" \/>\n<meta property=\"og:locale\" content=\"fr_FR\" \/>\n<meta property=\"og:type\" content=\"article\" \/>\n<meta property=\"og:title\" content=\"Gelungene Synprovis-ERFA-Tagung - Organisator\" \/>\n<meta property=\"og:description\" content=\"Am 19. Mai 2022 f\u00fchrte Synprovis, Hersteller von Software f\u00fcr das Qualit\u00e4tsmanagement, zum zehnten Mal eine Kundentagung durch.\" \/>\n<meta property=\"og:url\" content=\"https:\/\/www.m-q.ch\/de\/gelungene-synprovis-erfa-tagung\/\" \/>\n<meta property=\"og:site_name\" content=\"Organisator\" \/>\n<meta property=\"article:publisher\" content=\"https:\/\/www.facebook.com\/OrganisatorFachmagazin\" \/>\n<meta property=\"article:published_time\" content=\"2022-07-26T07:22:34+00:00\" \/>\n<meta property=\"article:modified_time\" content=\"2022-07-26T09:09:36+00:00\" \/>\n<meta property=\"og:image\" content=\"https:\/\/www.m-q.ch\/wp-content\/uploads\/2022\/07\/MQ-Management-Qualitaet-Gelungene-Synprovis-ERFA-Tagung.jpg\" \/>\n<meta name=\"author\" content=\"galledia\" \/>\n<meta name=\"twitter:card\" content=\"summary_large_image\" \/>\n<meta name=\"twitter:creator\" content=\"@admin\" \/>\n<script type=\"application\/ld+json\" class=\"yoast-schema-graph\">{\"@context\":\"https:\\\/\\\/schema.org\",\"@graph\":[{\"@type\":\"Article\",\"@id\":\"https:\\\/\\\/www.m-q.ch\\\/de\\\/gelungene-synprovis-erfa-tagung\\\/#article\",\"isPartOf\":{\"@id\":\"https:\\\/\\\/www.organisator.ch\\\/operational-excellence\\\/2022-07-26\\\/gelungene-synprovis-erfa-tagung\\\/\"},\"author\":{\"name\":\"galledia\",\"@id\":\"https:\\\/\\\/www.organisator.ch\\\/#\\\/schema\\\/person\\\/4e51799071cd2dd1232ac003643ef5f0\"},\"headline\":\"Gelungene Synprovis-ERFA-Tagung\",\"datePublished\":\"2022-07-26T07:22:34+00:00\",\"dateModified\":\"2022-07-26T09:09:36+00:00\",\"mainEntityOfPage\":{\"@id\":\"https:\\\/\\\/www.organisator.ch\\\/operational-excellence\\\/2022-07-26\\\/gelungene-synprovis-erfa-tagung\\\/\"},\"wordCount\":444,\"publisher\":{\"@id\":\"https:\\\/\\\/www.organisator.ch\\\/#organization\"},\"image\":{\"@id\":\"https:\\\/\\\/www.m-q.ch\\\/de\\\/gelungene-synprovis-erfa-tagung\\\/#primaryimage\"},\"thumbnailUrl\":\"https:\\\/\\\/www.m-q.ch\\\/wp-content\\\/uploads\\\/2022\\\/07\\\/MQ-Management-Qualitaet-Gelungene-Synprovis-ERFA-Tagung.jpg\",\"keywords\":[\"Ausgabe 7-8\\\/2022\",\"ERFA\",\"Synprovis\"],\"articleSection\":[\"OPERATIONAL EXCELLENCE\"],\"inLanguage\":\"fr-FR\"},{\"@type\":\"WebPage\",\"@id\":\"https:\\\/\\\/www.organisator.ch\\\/operational-excellence\\\/2022-07-26\\\/gelungene-synprovis-erfa-tagung\\\/\",\"url\":\"https:\\\/\\\/www.m-q.ch\\\/de\\\/gelungene-synprovis-erfa-tagung\\\/\",\"name\":\"Gelungene Synprovis-ERFA-Tagung - Organisator\",\"isPartOf\":{\"@id\":\"https:\\\/\\\/www.organisator.ch\\\/#website\"},\"primaryImageOfPage\":{\"@id\":\"https:\\\/\\\/www.m-q.ch\\\/de\\\/gelungene-synprovis-erfa-tagung\\\/#primaryimage\"},\"image\":{\"@id\":\"https:\\\/\\\/www.m-q.ch\\\/de\\\/gelungene-synprovis-erfa-tagung\\\/#primaryimage\"},\"thumbnailUrl\":\"https:\\\/\\\/www.m-q.ch\\\/wp-content\\\/uploads\\\/2022\\\/07\\\/MQ-Management-Qualitaet-Gelungene-Synprovis-ERFA-Tagung.jpg\",\"datePublished\":\"2022-07-26T07:22:34+00:00\",\"dateModified\":\"2022-07-26T09:09:36+00:00\",\"description\":\"Am 19. Mai 2022 f\u00fchrte Synprovis, Hersteller von Software f\u00fcr das Qualit\u00e4tsmanagement, zum zehnten Mal eine Kundentagung durch.\",\"breadcrumb\":{\"@id\":\"https:\\\/\\\/www.m-q.ch\\\/de\\\/gelungene-synprovis-erfa-tagung\\\/#breadcrumb\"},\"inLanguage\":\"fr-FR\",\"potentialAction\":[{\"@type\":\"ReadAction\",\"target\":[\"https:\\\/\\\/www.m-q.ch\\\/de\\\/gelungene-synprovis-erfa-tagung\\\/\"]}]},{\"@type\":\"ImageObject\",\"inLanguage\":\"fr-FR\",\"@id\":\"https:\\\/\\\/www.m-q.ch\\\/de\\\/gelungene-synprovis-erfa-tagung\\\/#primaryimage\",\"url\":\"https:\\\/\\\/www.m-q.ch\\\/wp-content\\\/uploads\\\/2022\\\/07\\\/MQ-Management-Qualitaet-Gelungene-Synprovis-ERFA-Tagung.jpg\",\"contentUrl\":\"https:\\\/\\\/www.m-q.ch\\\/wp-content\\\/uploads\\\/2022\\\/07\\\/MQ-Management-Qualitaet-Gelungene-Synprovis-ERFA-Tagung.jpg\"},{\"@type\":\"BreadcrumbList\",\"@id\":\"https:\\\/\\\/www.m-q.ch\\\/de\\\/gelungene-synprovis-erfa-tagung\\\/#breadcrumb\",\"itemListElement\":[{\"@type\":\"ListItem\",\"position\":1,\"name\":\"Home\",\"item\":\"https:\\\/\\\/www.organisator.ch\\\/\"},{\"@type\":\"ListItem\",\"position\":2,\"name\":\"Gelungene Synprovis-ERFA-Tagung\"}]},{\"@type\":\"WebSite\",\"@id\":\"https:\\\/\\\/www.organisator.ch\\\/#website\",\"url\":\"https:\\\/\\\/www.organisator.ch\\\/\",\"name\":\"Organisator\",\"description\":\"Kompetent. Praxisnah. Der ORGANISATOR bereitet in 10 Ausgaben pro Jahr die wesentlichen Themen f\u00fcr F\u00fchrungskr\u00e4fte von KMU auf.\",\"publisher\":{\"@id\":\"https:\\\/\\\/www.organisator.ch\\\/#organization\"},\"potentialAction\":[{\"@type\":\"SearchAction\",\"target\":{\"@type\":\"EntryPoint\",\"urlTemplate\":\"https:\\\/\\\/www.organisator.ch\\\/?s={search_term_string}\"},\"query-input\":{\"@type\":\"PropertyValueSpecification\",\"valueRequired\":true,\"valueName\":\"search_term_string\"}}],\"inLanguage\":\"fr-FR\"},{\"@type\":\"Organization\",\"@id\":\"https:\\\/\\\/www.organisator.ch\\\/#organization\",\"name\":\"Organisator\",\"url\":\"https:\\\/\\\/www.organisator.ch\\\/\",\"logo\":{\"@type\":\"ImageObject\",\"inLanguage\":\"fr-FR\",\"@id\":\"https:\\\/\\\/www.organisator.ch\\\/#\\\/schema\\\/logo\\\/image\\\/\",\"url\":\"https:\\\/\\\/www.organisator.ch\\\/wp-content\\\/uploads\\\/2022\\\/01\\\/Logo_Organisator_Website.png\",\"contentUrl\":\"https:\\\/\\\/www.organisator.ch\\\/wp-content\\\/uploads\\\/2022\\\/01\\\/Logo_Organisator_Website.png\",\"width\":800,\"height\":77,\"caption\":\"Organisator\"},\"image\":{\"@id\":\"https:\\\/\\\/www.organisator.ch\\\/#\\\/schema\\\/logo\\\/image\\\/\"},\"sameAs\":[\"https:\\\/\\\/www.facebook.com\\\/OrganisatorFachmagazin\",\"https:\\\/\\\/www.linkedin.com\\\/showcase\\\/organisator-das-magazin-fr-kmu\",\"https:\\\/\\\/www.xing.com\\\/news\\\/pages\\\/organisator-ch-695\",\"https:\\\/\\\/www.youtube.com\\\/channel\\\/UCGP2Sq0iWaZwT3BdIAQFYpw\"]},{\"@type\":\"Person\",\"@id\":\"https:\\\/\\\/www.organisator.ch\\\/#\\\/schema\\\/person\\\/4e51799071cd2dd1232ac003643ef5f0\",\"name\":\"galledia\",\"image\":{\"@type\":\"ImageObject\",\"inLanguage\":\"fr-FR\",\"@id\":\"https:\\\/\\\/secure.gravatar.com\\\/avatar\\\/78a7f90c01fc2bfc875782a0d4922b37cde2cf184ce347b91316d23cd7f69a36?s=96&d=mm&r=g\",\"url\":\"https:\\\/\\\/secure.gravatar.com\\\/avatar\\\/78a7f90c01fc2bfc875782a0d4922b37cde2cf184ce347b91316d23cd7f69a36?s=96&d=mm&r=g\",\"contentUrl\":\"https:\\\/\\\/secure.gravatar.com\\\/avatar\\\/78a7f90c01fc2bfc875782a0d4922b37cde2cf184ce347b91316d23cd7f69a36?s=96&d=mm&r=g\",\"caption\":\"galledia\"},\"sameAs\":[\"https:\\\/\\\/x.com\\\/admin\"],\"url\":\"https:\\\/\\\/www.organisator.ch\\\/fr\\\/author\\\/galledia\\\/\"}]}<\/script>\n<!-- \/ Yoast SEO plugin. -->","yoast_head_json":{"title":"R\u00e9union Synprovis-ERFA r\u00e9ussie - Organisateur","description":"Le 19 mai 2022, Synprovis, fabricant de logiciels pour la gestion de la qualit\u00e9, a organis\u00e9 pour la dixi\u00e8me fois une journ\u00e9e de rencontre avec ses clients.","robots":{"index":"index","follow":"follow","max-snippet":"max-snippet:-1","max-image-preview":"max-image-preview:large","max-video-preview":"max-video-preview:-1"},"canonical":"https:\/\/www.m-q.ch\/de\/gelungene-synprovis-erfa-tagung\/","og_locale":"fr_FR","og_type":"article","og_title":"Gelungene Synprovis-ERFA-Tagung - Organisator","og_description":"Am 19. Mai 2022 f\u00fchrte Synprovis, Hersteller von Software f\u00fcr das Qualit\u00e4tsmanagement, zum zehnten Mal eine Kundentagung durch.","og_url":"https:\/\/www.m-q.ch\/de\/gelungene-synprovis-erfa-tagung\/","og_site_name":"Organisator","article_publisher":"https:\/\/www.facebook.com\/OrganisatorFachmagazin","article_published_time":"2022-07-26T07:22:34+00:00","article_modified_time":"2022-07-26T09:09:36+00:00","og_image":[{"url":"https:\/\/www.m-q.ch\/wp-content\/uploads\/2022\/07\/MQ-Management-Qualitaet-Gelungene-Synprovis-ERFA-Tagung.jpg","type":"","width":"","height":""}],"author":"galledia","twitter_card":"summary_large_image","twitter_creator":"@admin","schema":{"@context":"https:\/\/schema.org","@graph":[{"@type":"Article","@id":"https:\/\/www.m-q.ch\/de\/gelungene-synprovis-erfa-tagung\/#article","isPartOf":{"@id":"https:\/\/www.organisator.ch\/operational-excellence\/2022-07-26\/gelungene-synprovis-erfa-tagung\/"},"author":{"name":"galledia","@id":"https:\/\/www.organisator.ch\/#\/schema\/person\/4e51799071cd2dd1232ac003643ef5f0"},"headline":"Gelungene Synprovis-ERFA-Tagung","datePublished":"2022-07-26T07:22:34+00:00","dateModified":"2022-07-26T09:09:36+00:00","mainEntityOfPage":{"@id":"https:\/\/www.organisator.ch\/operational-excellence\/2022-07-26\/gelungene-synprovis-erfa-tagung\/"},"wordCount":444,"publisher":{"@id":"https:\/\/www.organisator.ch\/#organization"},"image":{"@id":"https:\/\/www.m-q.ch\/de\/gelungene-synprovis-erfa-tagung\/#primaryimage"},"thumbnailUrl":"https:\/\/www.m-q.ch\/wp-content\/uploads\/2022\/07\/MQ-Management-Qualitaet-Gelungene-Synprovis-ERFA-Tagung.jpg","keywords":["Ausgabe 7-8\/2022","ERFA","Synprovis"],"articleSection":["OPERATIONAL EXCELLENCE"],"inLanguage":"fr-FR"},{"@type":"WebPage","@id":"https:\/\/www.organisator.ch\/operational-excellence\/2022-07-26\/gelungene-synprovis-erfa-tagung\/","url":"https:\/\/www.m-q.ch\/de\/gelungene-synprovis-erfa-tagung\/","name":"R\u00e9union Synprovis-ERFA r\u00e9ussie - Organisateur","isPartOf":{"@id":"https:\/\/www.organisator.ch\/#website"},"primaryImageOfPage":{"@id":"https:\/\/www.m-q.ch\/de\/gelungene-synprovis-erfa-tagung\/#primaryimage"},"image":{"@id":"https:\/\/www.m-q.ch\/de\/gelungene-synprovis-erfa-tagung\/#primaryimage"},"thumbnailUrl":"https:\/\/www.m-q.ch\/wp-content\/uploads\/2022\/07\/MQ-Management-Qualitaet-Gelungene-Synprovis-ERFA-Tagung.jpg","datePublished":"2022-07-26T07:22:34+00:00","dateModified":"2022-07-26T09:09:36+00:00","description":"Le 19 mai 2022, Synprovis, fabricant de logiciels pour la gestion de la qualit\u00e9, a organis\u00e9 pour la dixi\u00e8me fois une journ\u00e9e de rencontre avec ses clients.","breadcrumb":{"@id":"https:\/\/www.m-q.ch\/de\/gelungene-synprovis-erfa-tagung\/#breadcrumb"},"inLanguage":"fr-FR","potentialAction":[{"@type":"ReadAction","target":["https:\/\/www.m-q.ch\/de\/gelungene-synprovis-erfa-tagung\/"]}]},{"@type":"ImageObject","inLanguage":"fr-FR","@id":"https:\/\/www.m-q.ch\/de\/gelungene-synprovis-erfa-tagung\/#primaryimage","url":"https:\/\/www.m-q.ch\/wp-content\/uploads\/2022\/07\/MQ-Management-Qualitaet-Gelungene-Synprovis-ERFA-Tagung.jpg","contentUrl":"https:\/\/www.m-q.ch\/wp-content\/uploads\/2022\/07\/MQ-Management-Qualitaet-Gelungene-Synprovis-ERFA-Tagung.jpg"},{"@type":"BreadcrumbList","@id":"https:\/\/www.m-q.ch\/de\/gelungene-synprovis-erfa-tagung\/#breadcrumb","itemListElement":[{"@type":"ListItem","position":1,"name":"Home","item":"https:\/\/www.organisator.ch\/"},{"@type":"ListItem","position":2,"name":"Gelungene Synprovis-ERFA-Tagung"}]},{"@type":"WebSite","@id":"https:\/\/www.organisator.ch\/#website","url":"https:\/\/www.organisator.ch\/","name":"Organisateur","description":"Comp\u00e9tence et comp\u00e9tence. Proches de la pratique. L'ORGANISATEUR pr\u00e9pare 10 num\u00e9ros par an sur les th\u00e8mes essentiels pour les dirigeants de PME.","publisher":{"@id":"https:\/\/www.organisator.ch\/#organization"},"potentialAction":[{"@type":"SearchAction","target":{"@type":"EntryPoint","urlTemplate":"https:\/\/www.organisator.ch\/?s={search_term_string}"},"query-input":{"@type":"PropertyValueSpecification","valueRequired":true,"valueName":"search_term_string"}}],"inLanguage":"fr-FR"},{"@type":"Organization","@id":"https:\/\/www.organisator.ch\/#organization","name":"Organisateur","url":"https:\/\/www.organisator.ch\/","logo":{"@type":"ImageObject","inLanguage":"fr-FR","@id":"https:\/\/www.organisator.ch\/#\/schema\/logo\/image\/","url":"https:\/\/www.organisator.ch\/wp-content\/uploads\/2022\/01\/Logo_Organisator_Website.png","contentUrl":"https:\/\/www.organisator.ch\/wp-content\/uploads\/2022\/01\/Logo_Organisator_Website.png","width":800,"height":77,"caption":"Organisator"},"image":{"@id":"https:\/\/www.organisator.ch\/#\/schema\/logo\/image\/"},"sameAs":["https:\/\/www.facebook.com\/OrganisatorFachmagazin","https:\/\/www.linkedin.com\/showcase\/organisator-das-magazin-fr-kmu","https:\/\/www.xing.com\/news\/pages\/organisator-ch-695","https:\/\/www.youtube.com\/channel\/UCGP2Sq0iWaZwT3BdIAQFYpw"]},{"@type":"Person","@id":"https:\/\/www.organisator.ch\/#\/schema\/person\/4e51799071cd2dd1232ac003643ef5f0","name":"galledia","image":{"@type":"ImageObject","inLanguage":"fr-FR","@id":"https:\/\/secure.gravatar.com\/avatar\/78a7f90c01fc2bfc875782a0d4922b37cde2cf184ce347b91316d23cd7f69a36?s=96&d=mm&r=g","url":"https:\/\/secure.gravatar.com\/avatar\/78a7f90c01fc2bfc875782a0d4922b37cde2cf184ce347b91316d23cd7f69a36?s=96&d=mm&r=g","contentUrl":"https:\/\/secure.gravatar.com\/avatar\/78a7f90c01fc2bfc875782a0d4922b37cde2cf184ce347b91316d23cd7f69a36?s=96&d=mm&r=g","caption":"galledia"},"sameAs":["https:\/\/x.com\/admin"],"url":"https:\/\/www.organisator.ch\/fr\/author\/galledia\/"}]}},"_links":{"self":[{"href":"https:\/\/www.organisator.ch\/fr\/wp-json\/wp\/v2\/posts\/15839","targetHints":{"allow":["GET"]}}],"collection":[{"href":"https:\/\/www.organisator.ch\/fr\/wp-json\/wp\/v2\/posts"}],"about":[{"href":"https:\/\/www.organisator.ch\/fr\/wp-json\/wp\/v2\/types\/post"}],"author":[{"embeddable":true,"href":"https:\/\/www.organisator.ch\/fr\/wp-json\/wp\/v2\/users\/8"}],"replies":[{"embeddable":true,"href":"https:\/\/www.organisator.ch\/fr\/wp-json\/wp\/v2\/comments?post=15839"}],"version-history":[{"count":4,"href":"https:\/\/www.organisator.ch\/fr\/wp-json\/wp\/v2\/posts\/15839\/revisions"}],"predecessor-version":[{"id":15844,"href":"https:\/\/www.organisator.ch\/fr\/wp-json\/wp\/v2\/posts\/15839\/revisions\/15844"}],"wp:attachment":[{"href":"https:\/\/www.organisator.ch\/fr\/wp-json\/wp\/v2\/media?parent=15839"}],"wp:term":[{"taxonomy":"category","embeddable":true,"href":"https:\/\/www.organisator.ch\/fr\/wp-json\/wp\/v2\/categories?post=15839"},{"taxonomy":"post_tag","embeddable":true,"href":"https:\/\/www.organisator.ch\/fr\/wp-json\/wp\/v2\/tags?post=15839"}],"curies":[{"name":"wp","href":"https:\/\/api.w.org\/{rel}","templated":true}]}}