{"id":15842,"date":"2022-07-26T08:35:15","date_gmt":"2022-07-26T06:35:15","guid":{"rendered":"https:\/\/www.werbewoche.ch\/?p=183786"},"modified":"2022-07-26T11:22:53","modified_gmt":"2022-07-26T09:22:53","slug":"la-reponse-met-en-scene-cookcouture-pour-meta-hiltebrand","status":"publish","type":"post","link":"https:\/\/www.organisator.ch\/fr\/marketing\/2022-07-26\/die-antwort-inszeniert-cookcouture-fuer-meta-hiltebrand\/","title":{"rendered":"La r\u00e9ponse met en sc\u00e8ne \"CookCouture\" pour Meta Hiltebrand"},"content":{"rendered":"<img class=\"aligncenter wp-image-183789 size-full\" src=\"https:\/\/www.werbewoche.ch\/wp-content\/uploads\/2022\/07\/CookCouture_Logo.jpg\" alt=\"Meta Hiltebrand\" width=\"1200\" height=\"675\" \/>Malgr\u00e9 le succ\u00e8s de ses affaires, Meta Hiltebrand a d\u00e9cid\u00e9 de s'engager dans de nouvelles voies. La cuisini\u00e8re laisse derri\u00e8re elle son propre restaurant \"Le Chef\" et ouvre un nouveau studio de cuisine dans le Viadukt d'Aussersihl.\r\n\r\nDans son studio de cuisine, celle qui fut la plus jeune cheffe de cuisine de Suisse met \u00e0 disposition toute sa passion et ses comp\u00e9tences. La passion pour la cuisine et le courage d'essayer de nouvelles choses sont au centre de ses pr\u00e9occupations.\r\n<h3>Nouvelle pr\u00e9sentation<\/h3>\r\nLa nouvelle pr\u00e9sentation de Meta Hiltebrand est l'\u0153uvre de l'agence zurichoise Die Antwort. Le nouveau nom \"CookCouture\" associe la cuisine \u00e0 l'artisanat d'art qui donne le ton et s'inspire de l'art de la couture \"Haute Couture\". Le logo doit v\u00e9hiculer une image ludique et brillante.\r\n\r\nC'est ainsi qu'est n\u00e9e, en \u00e9troite collaboration, une <a href=\"http:\/\/www.cookcouture.ch\/\" rel=\"noopener\">Site web<\/a>Le site est con\u00e7u de mani\u00e8re informative et intuitive et refl\u00e8te le look color\u00e9 de Chef de Cuisine. Des ustensiles de cuisine et des ingr\u00e9dients illustr\u00e9s en couleurs se d\u00e9placent sur le site et lui donnent vie, tandis que la structure claire assure une prise en main facile.\r\n\r\n\r\n\r\n<img class=\"aligncenter wp-image-183787 size-full\" src=\"https:\/\/www.werbewoche.ch\/wp-content\/uploads\/2022\/07\/CookCouture_Webseite_2.jpg\" alt=\"Meta Hiltebrand\" width=\"1200\" height=\"675\" \/> <img class=\"aligncenter wp-image-183788 size-full\" src=\"https:\/\/www.werbewoche.ch\/wp-content\/uploads\/2022\/07\/CookCouture_Auftritt.jpg\" alt=\"Meta Hiltebrand\" width=\"1200\" height=\"675\" \/> <img class=\"aligncenter wp-image-183790 size-full\" src=\"https:\/\/www.werbewoche.ch\/wp-content\/uploads\/2022\/07\/CookCouture_SocialMedia.jpg\" alt=\"Meta Hiltebrand\" width=\"1200\" height=\"675\" \/> <img class=\"aligncenter wp-image-183791 size-full\" src=\"https:\/\/www.werbewoche.ch\/wp-content\/uploads\/2022\/07\/CookCouture_Webseite_1.jpg\" alt=\"Meta Hiltebrand\" width=\"1200\" height=\"675\" \/>","protected":false},"excerpt":{"rendered":"<p>Trotz erfolgreichem Gesch\u00e4ftsgang hat sich Meta Hiltebrand entschieden, neue Wege zu beschreiten. Die K\u00f6chin l\u00e4sst ihr eigenes Restaurant \u00abLe Chef\u00bb hinter sich und er\u00f6ffnet ein neues Kochstudio im Aussersihler Viadukt. Die ehemals j\u00fcngste K\u00fcchenchefin der Schweiz bietet in ihrem Kochstudio all ihre Leidenschaft und Kompetenz an. Im Zentrum steht die Leidenschaft f\u00fcrs Kochen und der [\u2026]<\/p>\n","protected":false},"author":8,"featured_media":0,"comment_status":"closed","ping_status":"closed","sticky":false,"template":"","format":"standard","meta":{"_acf_changed":false,"_yoast_wpseo_focuskw":"Meta Hiltebrand","_yoast_wpseo_metadesc":"Die TV-K\u00f6chin Meta Hiltebrand l\u00e4sst ihr Restaurant hinter sich und bietet ihre Liebe zum Kochen nun im privaten Rahmen an.","articlekey":"","footnotes":""},"categories":[29],"tags":[3111,3106,3107,3112],"class_list":["post-15842","post","type-post","status-publish","format-standard","hentry","category-marketing","tag-cookcouture","tag-die-antwort","tag-kochen","tag-meta-hiltebrand"],"acf":[],"yoast_head":"<!-- This site is optimized with the Yoast SEO plugin v27.5 - https:\/\/yoast.com\/product\/yoast-seo-wordpress\/ -->\n<title>Die Antwort inszeniert \u00abCookCouture\u00bb f\u00fcr Meta Hiltebrand - Organisator<\/title>\n<meta name=\"description\" content=\"Die TV-K\u00f6chin Meta Hiltebrand l\u00e4sst ihr Restaurant hinter sich und bietet ihre Liebe zum Kochen nun im privaten Rahmen an.\" \/>\n<meta name=\"robots\" content=\"index, follow, max-snippet:-1, max-image-preview:large, max-video-preview:-1\" \/>\n<link rel=\"canonical\" href=\"https:\/\/www.werbewoche.ch\/de\/marketing\/marken\/2022-07-26\/die-antwort-inszeniert-cookcouture-fuer-meta-hiltebrand\/\" \/>\n<meta property=\"og:locale\" content=\"fr_FR\" \/>\n<meta property=\"og:type\" content=\"article\" \/>\n<meta property=\"og:title\" content=\"Die Antwort inszeniert \u00abCookCouture\u00bb f\u00fcr Meta Hiltebrand - Organisator\" \/>\n<meta property=\"og:description\" content=\"Die TV-K\u00f6chin Meta Hiltebrand l\u00e4sst ihr Restaurant hinter sich und bietet ihre Liebe zum Kochen nun im privaten Rahmen an.\" \/>\n<meta property=\"og:url\" content=\"https:\/\/www.werbewoche.ch\/de\/marketing\/marken\/2022-07-26\/die-antwort-inszeniert-cookcouture-fuer-meta-hiltebrand\/\" \/>\n<meta property=\"og:site_name\" content=\"Organisator\" \/>\n<meta property=\"article:publisher\" content=\"https:\/\/www.facebook.com\/OrganisatorFachmagazin\" \/>\n<meta property=\"article:published_time\" content=\"2022-07-26T06:35:15+00:00\" \/>\n<meta property=\"article:modified_time\" content=\"2022-07-26T09:22:53+00:00\" \/>\n<meta property=\"og:image\" content=\"https:\/\/www.werbewoche.ch\/wp-content\/uploads\/2022\/07\/CookCouture_Logo.jpg\" \/>\n<meta name=\"author\" content=\"galledia\" \/>\n<meta name=\"twitter:card\" content=\"summary_large_image\" \/>\n<meta name=\"twitter:creator\" content=\"@admin\" \/>\n<script type=\"application\/ld+json\" class=\"yoast-schema-graph\">{\"@context\":\"https:\\\/\\\/schema.org\",\"@graph\":[{\"@type\":\"Article\",\"@id\":\"https:\\\/\\\/www.werbewoche.ch\\\/de\\\/marketing\\\/marken\\\/2022-07-26\\\/die-antwort-inszeniert-cookcouture-fuer-meta-hiltebrand\\\/#article\",\"isPartOf\":{\"@id\":\"https:\\\/\\\/www.organisator.ch\\\/marketing\\\/2022-07-26\\\/die-antwort-inszeniert-cookcouture-fuer-meta-hiltebrand\\\/\"},\"author\":{\"name\":\"galledia\",\"@id\":\"https:\\\/\\\/www.organisator.ch\\\/#\\\/schema\\\/person\\\/4e51799071cd2dd1232ac003643ef5f0\"},\"headline\":\"Die Antwort inszeniert \u00abCookCouture\u00bb f\u00fcr Meta Hiltebrand\",\"datePublished\":\"2022-07-26T06:35:15+00:00\",\"dateModified\":\"2022-07-26T09:22:53+00:00\",\"mainEntityOfPage\":{\"@id\":\"https:\\\/\\\/www.organisator.ch\\\/marketing\\\/2022-07-26\\\/die-antwort-inszeniert-cookcouture-fuer-meta-hiltebrand\\\/\"},\"wordCount\":167,\"publisher\":{\"@id\":\"https:\\\/\\\/www.organisator.ch\\\/#organization\"},\"image\":{\"@id\":\"https:\\\/\\\/www.werbewoche.ch\\\/de\\\/marketing\\\/marken\\\/2022-07-26\\\/die-antwort-inszeniert-cookcouture-fuer-meta-hiltebrand\\\/#primaryimage\"},\"thumbnailUrl\":\"https:\\\/\\\/www.werbewoche.ch\\\/wp-content\\\/uploads\\\/2022\\\/07\\\/CookCouture_Logo.jpg\",\"keywords\":[\"CookCouture\",\"Die Antwort\",\"Kochen\",\"Meta Hiltebrand\"],\"articleSection\":[\"MARKETING\"],\"inLanguage\":\"fr-FR\"},{\"@type\":\"WebPage\",\"@id\":\"https:\\\/\\\/www.organisator.ch\\\/marketing\\\/2022-07-26\\\/die-antwort-inszeniert-cookcouture-fuer-meta-hiltebrand\\\/\",\"url\":\"https:\\\/\\\/www.werbewoche.ch\\\/de\\\/marketing\\\/marken\\\/2022-07-26\\\/die-antwort-inszeniert-cookcouture-fuer-meta-hiltebrand\\\/\",\"name\":\"Die Antwort inszeniert \u00abCookCouture\u00bb f\u00fcr Meta Hiltebrand - Organisator\",\"isPartOf\":{\"@id\":\"https:\\\/\\\/www.organisator.ch\\\/#website\"},\"primaryImageOfPage\":{\"@id\":\"https:\\\/\\\/www.werbewoche.ch\\\/de\\\/marketing\\\/marken\\\/2022-07-26\\\/die-antwort-inszeniert-cookcouture-fuer-meta-hiltebrand\\\/#primaryimage\"},\"image\":{\"@id\":\"https:\\\/\\\/www.werbewoche.ch\\\/de\\\/marketing\\\/marken\\\/2022-07-26\\\/die-antwort-inszeniert-cookcouture-fuer-meta-hiltebrand\\\/#primaryimage\"},\"thumbnailUrl\":\"https:\\\/\\\/www.werbewoche.ch\\\/wp-content\\\/uploads\\\/2022\\\/07\\\/CookCouture_Logo.jpg\",\"datePublished\":\"2022-07-26T06:35:15+00:00\",\"dateModified\":\"2022-07-26T09:22:53+00:00\",\"description\":\"Die TV-K\u00f6chin Meta Hiltebrand l\u00e4sst ihr Restaurant hinter sich und bietet ihre Liebe zum Kochen nun im privaten Rahmen an.\",\"breadcrumb\":{\"@id\":\"https:\\\/\\\/www.werbewoche.ch\\\/de\\\/marketing\\\/marken\\\/2022-07-26\\\/die-antwort-inszeniert-cookcouture-fuer-meta-hiltebrand\\\/#breadcrumb\"},\"inLanguage\":\"fr-FR\",\"potentialAction\":[{\"@type\":\"ReadAction\",\"target\":[\"https:\\\/\\\/www.werbewoche.ch\\\/de\\\/marketing\\\/marken\\\/2022-07-26\\\/die-antwort-inszeniert-cookcouture-fuer-meta-hiltebrand\\\/\"]}]},{\"@type\":\"ImageObject\",\"inLanguage\":\"fr-FR\",\"@id\":\"https:\\\/\\\/www.werbewoche.ch\\\/de\\\/marketing\\\/marken\\\/2022-07-26\\\/die-antwort-inszeniert-cookcouture-fuer-meta-hiltebrand\\\/#primaryimage\",\"url\":\"https:\\\/\\\/www.werbewoche.ch\\\/wp-content\\\/uploads\\\/2022\\\/07\\\/CookCouture_Logo.jpg\",\"contentUrl\":\"https:\\\/\\\/www.werbewoche.ch\\\/wp-content\\\/uploads\\\/2022\\\/07\\\/CookCouture_Logo.jpg\"},{\"@type\":\"BreadcrumbList\",\"@id\":\"https:\\\/\\\/www.werbewoche.ch\\\/de\\\/marketing\\\/marken\\\/2022-07-26\\\/die-antwort-inszeniert-cookcouture-fuer-meta-hiltebrand\\\/#breadcrumb\",\"itemListElement\":[{\"@type\":\"ListItem\",\"position\":1,\"name\":\"Home\",\"item\":\"https:\\\/\\\/www.organisator.ch\\\/\"},{\"@type\":\"ListItem\",\"position\":2,\"name\":\"Die Antwort inszeniert \u00abCookCouture\u00bb f\u00fcr Meta Hiltebrand\"}]},{\"@type\":\"WebSite\",\"@id\":\"https:\\\/\\\/www.organisator.ch\\\/#website\",\"url\":\"https:\\\/\\\/www.organisator.ch\\\/\",\"name\":\"Organisator\",\"description\":\"Kompetent. Praxisnah. Der ORGANISATOR bereitet in 10 Ausgaben pro Jahr die wesentlichen Themen f\u00fcr F\u00fchrungskr\u00e4fte von KMU auf.\",\"publisher\":{\"@id\":\"https:\\\/\\\/www.organisator.ch\\\/#organization\"},\"potentialAction\":[{\"@type\":\"SearchAction\",\"target\":{\"@type\":\"EntryPoint\",\"urlTemplate\":\"https:\\\/\\\/www.organisator.ch\\\/?s={search_term_string}\"},\"query-input\":{\"@type\":\"PropertyValueSpecification\",\"valueRequired\":true,\"valueName\":\"search_term_string\"}}],\"inLanguage\":\"fr-FR\"},{\"@type\":\"Organization\",\"@id\":\"https:\\\/\\\/www.organisator.ch\\\/#organization\",\"name\":\"Organisator\",\"url\":\"https:\\\/\\\/www.organisator.ch\\\/\",\"logo\":{\"@type\":\"ImageObject\",\"inLanguage\":\"fr-FR\",\"@id\":\"https:\\\/\\\/www.organisator.ch\\\/#\\\/schema\\\/logo\\\/image\\\/\",\"url\":\"https:\\\/\\\/www.organisator.ch\\\/wp-content\\\/uploads\\\/2022\\\/01\\\/Logo_Organisator_Website.png\",\"contentUrl\":\"https:\\\/\\\/www.organisator.ch\\\/wp-content\\\/uploads\\\/2022\\\/01\\\/Logo_Organisator_Website.png\",\"width\":800,\"height\":77,\"caption\":\"Organisator\"},\"image\":{\"@id\":\"https:\\\/\\\/www.organisator.ch\\\/#\\\/schema\\\/logo\\\/image\\\/\"},\"sameAs\":[\"https:\\\/\\\/www.facebook.com\\\/OrganisatorFachmagazin\",\"https:\\\/\\\/www.linkedin.com\\\/showcase\\\/organisator-das-magazin-fr-kmu\",\"https:\\\/\\\/www.xing.com\\\/news\\\/pages\\\/organisator-ch-695\",\"https:\\\/\\\/www.youtube.com\\\/channel\\\/UCGP2Sq0iWaZwT3BdIAQFYpw\"]},{\"@type\":\"Person\",\"@id\":\"https:\\\/\\\/www.organisator.ch\\\/#\\\/schema\\\/person\\\/4e51799071cd2dd1232ac003643ef5f0\",\"name\":\"galledia\",\"image\":{\"@type\":\"ImageObject\",\"inLanguage\":\"fr-FR\",\"@id\":\"https:\\\/\\\/secure.gravatar.com\\\/avatar\\\/78a7f90c01fc2bfc875782a0d4922b37cde2cf184ce347b91316d23cd7f69a36?s=96&d=mm&r=g\",\"url\":\"https:\\\/\\\/secure.gravatar.com\\\/avatar\\\/78a7f90c01fc2bfc875782a0d4922b37cde2cf184ce347b91316d23cd7f69a36?s=96&d=mm&r=g\",\"contentUrl\":\"https:\\\/\\\/secure.gravatar.com\\\/avatar\\\/78a7f90c01fc2bfc875782a0d4922b37cde2cf184ce347b91316d23cd7f69a36?s=96&d=mm&r=g\",\"caption\":\"galledia\"},\"sameAs\":[\"https:\\\/\\\/x.com\\\/admin\"],\"url\":\"https:\\\/\\\/www.organisator.ch\\\/fr\\\/author\\\/galledia\\\/\"}]}<\/script>\n<!-- \/ Yoast SEO plugin. -->","yoast_head_json":{"title":"La r\u00e9ponse met en sc\u00e8ne \"CookCouture\" pour Meta Hiltebrand - Organisateur","description":"La cuisini\u00e8re de t\u00e9l\u00e9vision Meta Hiltebrand laisse son restaurant derri\u00e8re elle et propose d\u00e9sormais son amour de la cuisine dans un cadre priv\u00e9.","robots":{"index":"index","follow":"follow","max-snippet":"max-snippet:-1","max-image-preview":"max-image-preview:large","max-video-preview":"max-video-preview:-1"},"canonical":"https:\/\/www.werbewoche.ch\/de\/marketing\/marken\/2022-07-26\/die-antwort-inszeniert-cookcouture-fuer-meta-hiltebrand\/","og_locale":"fr_FR","og_type":"article","og_title":"Die Antwort inszeniert \u00abCookCouture\u00bb f\u00fcr Meta Hiltebrand - Organisator","og_description":"Die TV-K\u00f6chin Meta Hiltebrand l\u00e4sst ihr Restaurant hinter sich und bietet ihre Liebe zum Kochen nun im privaten Rahmen an.","og_url":"https:\/\/www.werbewoche.ch\/de\/marketing\/marken\/2022-07-26\/die-antwort-inszeniert-cookcouture-fuer-meta-hiltebrand\/","og_site_name":"Organisator","article_publisher":"https:\/\/www.facebook.com\/OrganisatorFachmagazin","article_published_time":"2022-07-26T06:35:15+00:00","article_modified_time":"2022-07-26T09:22:53+00:00","og_image":[{"url":"https:\/\/www.werbewoche.ch\/wp-content\/uploads\/2022\/07\/CookCouture_Logo.jpg","type":"","width":"","height":""}],"author":"galledia","twitter_card":"summary_large_image","twitter_creator":"@admin","schema":{"@context":"https:\/\/schema.org","@graph":[{"@type":"Article","@id":"https:\/\/www.werbewoche.ch\/de\/marketing\/marken\/2022-07-26\/die-antwort-inszeniert-cookcouture-fuer-meta-hiltebrand\/#article","isPartOf":{"@id":"https:\/\/www.organisator.ch\/marketing\/2022-07-26\/die-antwort-inszeniert-cookcouture-fuer-meta-hiltebrand\/"},"author":{"name":"galledia","@id":"https:\/\/www.organisator.ch\/#\/schema\/person\/4e51799071cd2dd1232ac003643ef5f0"},"headline":"Die Antwort inszeniert \u00abCookCouture\u00bb f\u00fcr Meta Hiltebrand","datePublished":"2022-07-26T06:35:15+00:00","dateModified":"2022-07-26T09:22:53+00:00","mainEntityOfPage":{"@id":"https:\/\/www.organisator.ch\/marketing\/2022-07-26\/die-antwort-inszeniert-cookcouture-fuer-meta-hiltebrand\/"},"wordCount":167,"publisher":{"@id":"https:\/\/www.organisator.ch\/#organization"},"image":{"@id":"https:\/\/www.werbewoche.ch\/de\/marketing\/marken\/2022-07-26\/die-antwort-inszeniert-cookcouture-fuer-meta-hiltebrand\/#primaryimage"},"thumbnailUrl":"https:\/\/www.werbewoche.ch\/wp-content\/uploads\/2022\/07\/CookCouture_Logo.jpg","keywords":["CookCouture","Die Antwort","Kochen","Meta Hiltebrand"],"articleSection":["MARKETING"],"inLanguage":"fr-FR"},{"@type":"WebPage","@id":"https:\/\/www.organisator.ch\/marketing\/2022-07-26\/die-antwort-inszeniert-cookcouture-fuer-meta-hiltebrand\/","url":"https:\/\/www.werbewoche.ch\/de\/marketing\/marken\/2022-07-26\/die-antwort-inszeniert-cookcouture-fuer-meta-hiltebrand\/","name":"La r\u00e9ponse met en sc\u00e8ne \"CookCouture\" pour Meta Hiltebrand - Organisateur","isPartOf":{"@id":"https:\/\/www.organisator.ch\/#website"},"primaryImageOfPage":{"@id":"https:\/\/www.werbewoche.ch\/de\/marketing\/marken\/2022-07-26\/die-antwort-inszeniert-cookcouture-fuer-meta-hiltebrand\/#primaryimage"},"image":{"@id":"https:\/\/www.werbewoche.ch\/de\/marketing\/marken\/2022-07-26\/die-antwort-inszeniert-cookcouture-fuer-meta-hiltebrand\/#primaryimage"},"thumbnailUrl":"https:\/\/www.werbewoche.ch\/wp-content\/uploads\/2022\/07\/CookCouture_Logo.jpg","datePublished":"2022-07-26T06:35:15+00:00","dateModified":"2022-07-26T09:22:53+00:00","description":"La cuisini\u00e8re de t\u00e9l\u00e9vision Meta Hiltebrand laisse son restaurant derri\u00e8re elle et propose d\u00e9sormais son amour de la cuisine dans un cadre priv\u00e9.","breadcrumb":{"@id":"https:\/\/www.werbewoche.ch\/de\/marketing\/marken\/2022-07-26\/die-antwort-inszeniert-cookcouture-fuer-meta-hiltebrand\/#breadcrumb"},"inLanguage":"fr-FR","potentialAction":[{"@type":"ReadAction","target":["https:\/\/www.werbewoche.ch\/de\/marketing\/marken\/2022-07-26\/die-antwort-inszeniert-cookcouture-fuer-meta-hiltebrand\/"]}]},{"@type":"ImageObject","inLanguage":"fr-FR","@id":"https:\/\/www.werbewoche.ch\/de\/marketing\/marken\/2022-07-26\/die-antwort-inszeniert-cookcouture-fuer-meta-hiltebrand\/#primaryimage","url":"https:\/\/www.werbewoche.ch\/wp-content\/uploads\/2022\/07\/CookCouture_Logo.jpg","contentUrl":"https:\/\/www.werbewoche.ch\/wp-content\/uploads\/2022\/07\/CookCouture_Logo.jpg"},{"@type":"BreadcrumbList","@id":"https:\/\/www.werbewoche.ch\/de\/marketing\/marken\/2022-07-26\/die-antwort-inszeniert-cookcouture-fuer-meta-hiltebrand\/#breadcrumb","itemListElement":[{"@type":"ListItem","position":1,"name":"Home","item":"https:\/\/www.organisator.ch\/"},{"@type":"ListItem","position":2,"name":"Die Antwort inszeniert \u00abCookCouture\u00bb f\u00fcr Meta Hiltebrand"}]},{"@type":"WebSite","@id":"https:\/\/www.organisator.ch\/#website","url":"https:\/\/www.organisator.ch\/","name":"Organisateur","description":"Comp\u00e9tence et comp\u00e9tence. Proches de la pratique. L'ORGANISATEUR pr\u00e9pare 10 num\u00e9ros par an sur les th\u00e8mes essentiels pour les dirigeants de PME.","publisher":{"@id":"https:\/\/www.organisator.ch\/#organization"},"potentialAction":[{"@type":"SearchAction","target":{"@type":"EntryPoint","urlTemplate":"https:\/\/www.organisator.ch\/?s={search_term_string}"},"query-input":{"@type":"PropertyValueSpecification","valueRequired":true,"valueName":"search_term_string"}}],"inLanguage":"fr-FR"},{"@type":"Organization","@id":"https:\/\/www.organisator.ch\/#organization","name":"Organisateur","url":"https:\/\/www.organisator.ch\/","logo":{"@type":"ImageObject","inLanguage":"fr-FR","@id":"https:\/\/www.organisator.ch\/#\/schema\/logo\/image\/","url":"https:\/\/www.organisator.ch\/wp-content\/uploads\/2022\/01\/Logo_Organisator_Website.png","contentUrl":"https:\/\/www.organisator.ch\/wp-content\/uploads\/2022\/01\/Logo_Organisator_Website.png","width":800,"height":77,"caption":"Organisator"},"image":{"@id":"https:\/\/www.organisator.ch\/#\/schema\/logo\/image\/"},"sameAs":["https:\/\/www.facebook.com\/OrganisatorFachmagazin","https:\/\/www.linkedin.com\/showcase\/organisator-das-magazin-fr-kmu","https:\/\/www.xing.com\/news\/pages\/organisator-ch-695","https:\/\/www.youtube.com\/channel\/UCGP2Sq0iWaZwT3BdIAQFYpw"]},{"@type":"Person","@id":"https:\/\/www.organisator.ch\/#\/schema\/person\/4e51799071cd2dd1232ac003643ef5f0","name":"galledia","image":{"@type":"ImageObject","inLanguage":"fr-FR","@id":"https:\/\/secure.gravatar.com\/avatar\/78a7f90c01fc2bfc875782a0d4922b37cde2cf184ce347b91316d23cd7f69a36?s=96&d=mm&r=g","url":"https:\/\/secure.gravatar.com\/avatar\/78a7f90c01fc2bfc875782a0d4922b37cde2cf184ce347b91316d23cd7f69a36?s=96&d=mm&r=g","contentUrl":"https:\/\/secure.gravatar.com\/avatar\/78a7f90c01fc2bfc875782a0d4922b37cde2cf184ce347b91316d23cd7f69a36?s=96&d=mm&r=g","caption":"galledia"},"sameAs":["https:\/\/x.com\/admin"],"url":"https:\/\/www.organisator.ch\/fr\/author\/galledia\/"}]}},"_links":{"self":[{"href":"https:\/\/www.organisator.ch\/fr\/wp-json\/wp\/v2\/posts\/15842","targetHints":{"allow":["GET"]}}],"collection":[{"href":"https:\/\/www.organisator.ch\/fr\/wp-json\/wp\/v2\/posts"}],"about":[{"href":"https:\/\/www.organisator.ch\/fr\/wp-json\/wp\/v2\/types\/post"}],"author":[{"embeddable":true,"href":"https:\/\/www.organisator.ch\/fr\/wp-json\/wp\/v2\/users\/8"}],"replies":[{"embeddable":true,"href":"https:\/\/www.organisator.ch\/fr\/wp-json\/wp\/v2\/comments?post=15842"}],"version-history":[{"count":3,"href":"https:\/\/www.organisator.ch\/fr\/wp-json\/wp\/v2\/posts\/15842\/revisions"}],"predecessor-version":[{"id":15848,"href":"https:\/\/www.organisator.ch\/fr\/wp-json\/wp\/v2\/posts\/15842\/revisions\/15848"}],"wp:attachment":[{"href":"https:\/\/www.organisator.ch\/fr\/wp-json\/wp\/v2\/media?parent=15842"}],"wp:term":[{"taxonomy":"category","embeddable":true,"href":"https:\/\/www.organisator.ch\/fr\/wp-json\/wp\/v2\/categories?post=15842"},{"taxonomy":"post_tag","embeddable":true,"href":"https:\/\/www.organisator.ch\/fr\/wp-json\/wp\/v2\/tags?post=15842"}],"curies":[{"name":"wp","href":"https:\/\/api.w.org\/{rel}","templated":true}]}}