{"id":15855,"date":"2022-07-26T13:31:14","date_gmt":"2022-07-26T11:31:14","guid":{"rendered":"https:\/\/www.organisator.ch\/?p=15855"},"modified":"2022-07-26T13:31:14","modified_gmt":"2022-07-26T11:31:14","slug":"neuer-service-director-bei-canon-schweiz-ag","status":"publish","type":"post","link":"https:\/\/www.organisator.ch\/fr\/management\/2022-07-26\/neuer-service-director-bei-canon-schweiz-ag\/","title":{"rendered":"Nouveau Service Director chez Canon (Suisse) SA"},"content":{"rendered":"<figure id=\"attachment_15856\" aria-describedby=\"caption-attachment-15856\" style=\"width: 680px\" class=\"wp-caption alignnone\"><img loading=\"lazy\" decoding=\"async\" class=\"size-full wp-image-15856\" src=\"https:\/\/www.organisator.ch\/wp-content\/uploads\/2022\/07\/Neuer-Service-Director-bei-Canon-Schweiz-AG_Organisator.jpg\" alt=\"\" width=\"680\" height=\"665\" srcset=\"https:\/\/www.organisator.ch\/wp-content\/uploads\/2022\/07\/Neuer-Service-Director-bei-Canon-Schweiz-AG_Organisator.jpg 680w, https:\/\/www.organisator.ch\/wp-content\/uploads\/2022\/07\/Neuer-Service-Director-bei-Canon-Schweiz-AG_Organisator-12x12.jpg 12w, https:\/\/www.organisator.ch\/wp-content\/uploads\/2022\/07\/Neuer-Service-Director-bei-Canon-Schweiz-AG_Organisator-179x175.jpg 179w, https:\/\/www.organisator.ch\/wp-content\/uploads\/2022\/07\/Neuer-Service-Director-bei-Canon-Schweiz-AG_Organisator-358x350.jpg 358w, https:\/\/www.organisator.ch\/wp-content\/uploads\/2022\/07\/Neuer-Service-Director-bei-Canon-Schweiz-AG_Organisator-300x293.jpg 300w\" sizes=\"auto, (max-width: 680px) 100vw, 680px\" \/><figcaption id=\"caption-attachment-15856\" class=\"wp-caption-text\">Dirige d\u00e9sormais le d\u00e9partement Service &amp; Support chez Canon (Suisse) SA : Marc-Daniel Loretz. (Image : Canon)<\/figcaption><\/figure>\n<p>Marc-Daniel Loretz prend imm\u00e9diatement la direction du Service &amp; Support chez Canon (Suisse) SA. Il sera directement rattach\u00e9 au CEO, <a href=\"https:\/\/www.organisator.ch\/de\/allgemein\/2022-04-11\/markus-naegeli-mit-vielen-kleinen-schritten-ist-immer-noch-viel-erreichbar\/\">Markus Naegeli<\/a>Dans sa nouvelle fonction, il sera \u00e9galement membre de la direction de Canon (Suisse) SA. Sa responsabilit\u00e9 englobe toutes les fonctions de service et de support pour les affaires B2B avec une propre organisation de service dans toute la Suisse. L'organisation Service &amp; Support de Canon (Suisse) SA assure un fonctionnement 24h\/24 et 7j\/7 de l'infrastructure d'impression et des services de tous les clients commerciaux, prestataires de services d'impression et partenaires s\u00e9lectionn\u00e9s.<\/p>\n<p>En tant que nouveau Service Director, il se concentrera sur le d\u00e9veloppement de nouvelles innovations en mati\u00e8re de services. D\u00e9j\u00e0 avec l'introduction du premier v\u00e9ritable forfait pour les clients professionnels en Suisse, Canon a, selon ses propres dires, veill\u00e9 \u00e0 une simplification fondamentale des mod\u00e8les de service et de facturation qui \u00e9taient jusqu'ici bas\u00e9s sur les pages et les formats. Un vaste programme de recyclage local et des services de gestion \u00e0 distance sont d'autres jalons pour des prestations de service durables de Canon. Marc-Daniel Loretz reprend le poste dans le cadre d'une succession r\u00e9gl\u00e9e d'Andreas Schneider, qui a \u00e9t\u00e9 promu au poste de Workspace Service Director chez Canon Europe.<\/p>\n<p>Marc-Daniel Loretz a rejoint le Senior Management de Canon (Suisse) SA il y a un peu plus d'un an. Il avait alors assum\u00e9 diff\u00e9rents r\u00f4les en tant que Service Manager local. Avant de rejoindre Canon, il a occup\u00e9 diff\u00e9rents postes dans le domaine des op\u00e9rations pour les ICT Services, Client Delivery et Customer Service Management. \"Nous sommes convaincus qu'avec Marc-Daniel Loretz, nous pourrons continuer sur la voie de la croissance actuelle avec des services innovants\", a d\u00e9clar\u00e9 Markus Naegeli, CEO de Canon (Suisse) SA.<\/p>\n<p><em>Source et informations compl\u00e9mentaires : <a href=\"http:\/\/www.canon.ch\/about_us\/\">Canon (Suisse) SA<\/a><\/em><\/p>","protected":false},"excerpt":{"rendered":"<p>Marc-Daniel Loretz \u00fcbernimmt per sofort die Leitung des Service &amp; Supports bei Canon (Schweiz) AG. Er wird direkt an den CEO, Markus Naegeli, berichten und in seiner neuen Funktion ebenfalls als Mitglied der Gesch\u00e4ftsleitung der Canon (Schweiz) AG agieren. Seine Verantwortung umfasst alle Service- und Supportfunktionen f\u00fcr das B2B Gesch\u00e4ft mit einer eigenen, schweizweiten Serviceorganisation. [&hellip;]<\/p>\n","protected":false},"author":4,"featured_media":15856,"comment_status":"closed","ping_status":"closed","sticky":false,"template":"","format":"standard","meta":{"_acf_changed":false,"_yoast_wpseo_focuskw":"Service Director","_yoast_wpseo_metadesc":"Marc-Daniel Loretz, bisher Senior Manager Service Management, wird neuer Service Director bei Canon (Schweiz) AG.","articlekey":"","footnotes":""},"categories":[28],"tags":[335,381,492],"class_list":["post-15855","post","type-post","status-publish","format-standard","has-post-thumbnail","hentry","category-management","tag-management-und-unternehmensfuehrung","tag-personalia","tag-unternehmen"],"acf":[],"yoast_head":"<!-- This site is optimized with the Yoast SEO plugin v27.5 - https:\/\/yoast.com\/product\/yoast-seo-wordpress\/ -->\n<title>Neuer Service Director bei Canon (Schweiz) AG - Organisator<\/title>\n<meta name=\"description\" content=\"Marc-Daniel Loretz, bisher Senior Manager Service Management, wird neuer Service Director bei Canon (Schweiz) AG.\" \/>\n<meta name=\"robots\" content=\"index, follow, max-snippet:-1, max-image-preview:large, max-video-preview:-1\" \/>\n<link rel=\"canonical\" href=\"https:\/\/www.organisator.ch\/fr\/gestion-2\/2022-07-26\/neuer-service-director-bei-canon-schweiz-ag\/\" \/>\n<meta property=\"og:locale\" content=\"fr_FR\" \/>\n<meta property=\"og:type\" content=\"article\" \/>\n<meta property=\"og:title\" content=\"Neuer Service Director bei Canon (Schweiz) AG\" \/>\n<meta property=\"og:description\" content=\"Marc-Daniel Loretz, bisher Senior Manager Service Management, wird neuer Service Director bei Canon (Schweiz) AG.\" \/>\n<meta property=\"og:url\" content=\"https:\/\/www.organisator.ch\/fr\/gestion-2\/2022-07-26\/neuer-service-director-bei-canon-schweiz-ag\/\" \/>\n<meta property=\"og:site_name\" content=\"Organisator\" \/>\n<meta property=\"article:publisher\" content=\"https:\/\/www.facebook.com\/OrganisatorFachmagazin\" \/>\n<meta property=\"article:published_time\" content=\"2022-07-26T11:31:14+00:00\" \/>\n<meta property=\"og:image\" content=\"https:\/\/www.organisator.ch\/wp-content\/uploads\/2022\/07\/Neuer-Service-Director-bei-Canon-Schweiz-AG_Organisator.jpg\" \/>\n\t<meta property=\"og:image:width\" content=\"680\" \/>\n\t<meta property=\"og:image:height\" content=\"665\" \/>\n\t<meta property=\"og:image:type\" content=\"image\/jpeg\" \/>\n<meta name=\"author\" content=\"thomas.berner\" \/>\n<meta name=\"twitter:card\" content=\"summary_large_image\" \/>\n<meta name=\"twitter:title\" content=\"Neuer Service Director bei #Canon (Schweiz) AG\" \/>\n<meta name=\"twitter:description\" content=\"Marc-Daniel #Loretz, bisher Senior Manager Service Management, wird neuer Service Director bei #Canon (Schweiz) AG.\" \/>\n<meta name=\"twitter:image\" content=\"https:\/\/www.organisator.ch\/wp-content\/uploads\/2022\/07\/Neuer-Service-Director-bei-Canon-Schweiz-AG_Organisator.jpg\" \/>\n<script type=\"application\/ld+json\" class=\"yoast-schema-graph\">{\"@context\":\"https:\\\/\\\/schema.org\",\"@graph\":[{\"@type\":\"Article\",\"@id\":\"https:\\\/\\\/www.organisator.ch\\\/management\\\/2022-07-26\\\/neuer-service-director-bei-canon-schweiz-ag\\\/#article\",\"isPartOf\":{\"@id\":\"https:\\\/\\\/www.organisator.ch\\\/management\\\/2022-07-26\\\/neuer-service-director-bei-canon-schweiz-ag\\\/\"},\"author\":{\"name\":\"thomas.berner\",\"@id\":\"https:\\\/\\\/www.organisator.ch\\\/#\\\/schema\\\/person\\\/6f650f90b2842cd4c0cc334b4e36f67e\"},\"headline\":\"Neuer Service Director bei Canon (Schweiz) AG\",\"datePublished\":\"2022-07-26T11:31:14+00:00\",\"mainEntityOfPage\":{\"@id\":\"https:\\\/\\\/www.organisator.ch\\\/management\\\/2022-07-26\\\/neuer-service-director-bei-canon-schweiz-ag\\\/\"},\"wordCount\":287,\"publisher\":{\"@id\":\"https:\\\/\\\/www.organisator.ch\\\/#organization\"},\"image\":{\"@id\":\"https:\\\/\\\/www.organisator.ch\\\/management\\\/2022-07-26\\\/neuer-service-director-bei-canon-schweiz-ag\\\/#primaryimage\"},\"thumbnailUrl\":\"https:\\\/\\\/www.organisator.ch\\\/wp-content\\\/uploads\\\/2022\\\/07\\\/Neuer-Service-Director-bei-Canon-Schweiz-AG_Organisator.jpg\",\"keywords\":[\"Management und Unternehmensf\u00fchrung\",\"Personalia\",\"Unternehmen\"],\"articleSection\":[\"MANAGEMENT\"],\"inLanguage\":\"fr-FR\"},{\"@type\":\"WebPage\",\"@id\":\"https:\\\/\\\/www.organisator.ch\\\/management\\\/2022-07-26\\\/neuer-service-director-bei-canon-schweiz-ag\\\/\",\"url\":\"https:\\\/\\\/www.organisator.ch\\\/management\\\/2022-07-26\\\/neuer-service-director-bei-canon-schweiz-ag\\\/\",\"name\":\"Neuer Service Director bei Canon (Schweiz) AG - Organisator\",\"isPartOf\":{\"@id\":\"https:\\\/\\\/www.organisator.ch\\\/#website\"},\"primaryImageOfPage\":{\"@id\":\"https:\\\/\\\/www.organisator.ch\\\/management\\\/2022-07-26\\\/neuer-service-director-bei-canon-schweiz-ag\\\/#primaryimage\"},\"image\":{\"@id\":\"https:\\\/\\\/www.organisator.ch\\\/management\\\/2022-07-26\\\/neuer-service-director-bei-canon-schweiz-ag\\\/#primaryimage\"},\"thumbnailUrl\":\"https:\\\/\\\/www.organisator.ch\\\/wp-content\\\/uploads\\\/2022\\\/07\\\/Neuer-Service-Director-bei-Canon-Schweiz-AG_Organisator.jpg\",\"datePublished\":\"2022-07-26T11:31:14+00:00\",\"description\":\"Marc-Daniel Loretz, bisher Senior Manager Service Management, wird neuer Service Director bei Canon (Schweiz) AG.\",\"breadcrumb\":{\"@id\":\"https:\\\/\\\/www.organisator.ch\\\/management\\\/2022-07-26\\\/neuer-service-director-bei-canon-schweiz-ag\\\/#breadcrumb\"},\"inLanguage\":\"fr-FR\",\"potentialAction\":[{\"@type\":\"ReadAction\",\"target\":[\"https:\\\/\\\/www.organisator.ch\\\/management\\\/2022-07-26\\\/neuer-service-director-bei-canon-schweiz-ag\\\/\"]}]},{\"@type\":\"ImageObject\",\"inLanguage\":\"fr-FR\",\"@id\":\"https:\\\/\\\/www.organisator.ch\\\/management\\\/2022-07-26\\\/neuer-service-director-bei-canon-schweiz-ag\\\/#primaryimage\",\"url\":\"https:\\\/\\\/www.organisator.ch\\\/wp-content\\\/uploads\\\/2022\\\/07\\\/Neuer-Service-Director-bei-Canon-Schweiz-AG_Organisator.jpg\",\"contentUrl\":\"https:\\\/\\\/www.organisator.ch\\\/wp-content\\\/uploads\\\/2022\\\/07\\\/Neuer-Service-Director-bei-Canon-Schweiz-AG_Organisator.jpg\",\"width\":680,\"height\":665,\"caption\":\"Leitet neu die Abteilung Service & Support bei Canon (Schweiz) AG: Marc-Daniel Loretz. (Bild: Canon)\"},{\"@type\":\"BreadcrumbList\",\"@id\":\"https:\\\/\\\/www.organisator.ch\\\/management\\\/2022-07-26\\\/neuer-service-director-bei-canon-schweiz-ag\\\/#breadcrumb\",\"itemListElement\":[{\"@type\":\"ListItem\",\"position\":1,\"name\":\"Home\",\"item\":\"https:\\\/\\\/www.organisator.ch\\\/\"},{\"@type\":\"ListItem\",\"position\":2,\"name\":\"Neuer Service Director bei Canon (Schweiz) AG\"}]},{\"@type\":\"WebSite\",\"@id\":\"https:\\\/\\\/www.organisator.ch\\\/#website\",\"url\":\"https:\\\/\\\/www.organisator.ch\\\/\",\"name\":\"Organisator\",\"description\":\"Kompetent. Praxisnah. Der ORGANISATOR bereitet in 10 Ausgaben pro Jahr die wesentlichen Themen f\u00fcr F\u00fchrungskr\u00e4fte von KMU auf.\",\"publisher\":{\"@id\":\"https:\\\/\\\/www.organisator.ch\\\/#organization\"},\"potentialAction\":[{\"@type\":\"SearchAction\",\"target\":{\"@type\":\"EntryPoint\",\"urlTemplate\":\"https:\\\/\\\/www.organisator.ch\\\/?s={search_term_string}\"},\"query-input\":{\"@type\":\"PropertyValueSpecification\",\"valueRequired\":true,\"valueName\":\"search_term_string\"}}],\"inLanguage\":\"fr-FR\"},{\"@type\":\"Organization\",\"@id\":\"https:\\\/\\\/www.organisator.ch\\\/#organization\",\"name\":\"Organisator\",\"url\":\"https:\\\/\\\/www.organisator.ch\\\/\",\"logo\":{\"@type\":\"ImageObject\",\"inLanguage\":\"fr-FR\",\"@id\":\"https:\\\/\\\/www.organisator.ch\\\/#\\\/schema\\\/logo\\\/image\\\/\",\"url\":\"https:\\\/\\\/www.organisator.ch\\\/wp-content\\\/uploads\\\/2022\\\/01\\\/Logo_Organisator_Website.png\",\"contentUrl\":\"https:\\\/\\\/www.organisator.ch\\\/wp-content\\\/uploads\\\/2022\\\/01\\\/Logo_Organisator_Website.png\",\"width\":800,\"height\":77,\"caption\":\"Organisator\"},\"image\":{\"@id\":\"https:\\\/\\\/www.organisator.ch\\\/#\\\/schema\\\/logo\\\/image\\\/\"},\"sameAs\":[\"https:\\\/\\\/www.facebook.com\\\/OrganisatorFachmagazin\",\"https:\\\/\\\/www.linkedin.com\\\/showcase\\\/organisator-das-magazin-fr-kmu\",\"https:\\\/\\\/www.xing.com\\\/news\\\/pages\\\/organisator-ch-695\",\"https:\\\/\\\/www.youtube.com\\\/channel\\\/UCGP2Sq0iWaZwT3BdIAQFYpw\"]},{\"@type\":\"Person\",\"@id\":\"https:\\\/\\\/www.organisator.ch\\\/#\\\/schema\\\/person\\\/6f650f90b2842cd4c0cc334b4e36f67e\",\"name\":\"thomas.berner\",\"image\":{\"@type\":\"ImageObject\",\"inLanguage\":\"fr-FR\",\"@id\":\"https:\\\/\\\/secure.gravatar.com\\\/avatar\\\/ac5001d2a36cb6c6cd3e50789007ffca834b477b74a2144564522e944eabff61?s=96&d=mm&r=g\",\"url\":\"https:\\\/\\\/secure.gravatar.com\\\/avatar\\\/ac5001d2a36cb6c6cd3e50789007ffca834b477b74a2144564522e944eabff61?s=96&d=mm&r=g\",\"contentUrl\":\"https:\\\/\\\/secure.gravatar.com\\\/avatar\\\/ac5001d2a36cb6c6cd3e50789007ffca834b477b74a2144564522e944eabff61?s=96&d=mm&r=g\",\"caption\":\"thomas.berner\"},\"url\":\"https:\\\/\\\/www.organisator.ch\\\/fr\\\/author\\\/thomas-berner\\\/\"}]}<\/script>\n<!-- \/ Yoast SEO plugin. -->","yoast_head_json":{"title":"Nouveau Service Director chez Canon (Suisse) SA - Organisateur","description":"Marc-Daniel Loretz, jusqu'\u00e0 pr\u00e9sent Senior Manager Service Management, devient le nouveau Service Director chez Canon (Suisse) SA.","robots":{"index":"index","follow":"follow","max-snippet":"max-snippet:-1","max-image-preview":"max-image-preview:large","max-video-preview":"max-video-preview:-1"},"canonical":"https:\/\/www.organisator.ch\/fr\/gestion-2\/2022-07-26\/neuer-service-director-bei-canon-schweiz-ag\/","og_locale":"fr_FR","og_type":"article","og_title":"Neuer Service Director bei Canon (Schweiz) AG","og_description":"Marc-Daniel Loretz, bisher Senior Manager Service Management, wird neuer Service Director bei Canon (Schweiz) AG.","og_url":"https:\/\/www.organisator.ch\/fr\/gestion-2\/2022-07-26\/neuer-service-director-bei-canon-schweiz-ag\/","og_site_name":"Organisator","article_publisher":"https:\/\/www.facebook.com\/OrganisatorFachmagazin","article_published_time":"2022-07-26T11:31:14+00:00","og_image":[{"width":680,"height":665,"url":"https:\/\/www.organisator.ch\/wp-content\/uploads\/2022\/07\/Neuer-Service-Director-bei-Canon-Schweiz-AG_Organisator.jpg","type":"image\/jpeg"}],"author":"thomas.berner","twitter_card":"summary_large_image","twitter_title":"Neuer Service Director bei #Canon (Schweiz) AG","twitter_description":"Marc-Daniel #Loretz, bisher Senior Manager Service Management, wird neuer Service Director bei #Canon (Schweiz) AG.","twitter_image":"https:\/\/www.organisator.ch\/wp-content\/uploads\/2022\/07\/Neuer-Service-Director-bei-Canon-Schweiz-AG_Organisator.jpg","schema":{"@context":"https:\/\/schema.org","@graph":[{"@type":"Article","@id":"https:\/\/www.organisator.ch\/management\/2022-07-26\/neuer-service-director-bei-canon-schweiz-ag\/#article","isPartOf":{"@id":"https:\/\/www.organisator.ch\/management\/2022-07-26\/neuer-service-director-bei-canon-schweiz-ag\/"},"author":{"name":"thomas.berner","@id":"https:\/\/www.organisator.ch\/#\/schema\/person\/6f650f90b2842cd4c0cc334b4e36f67e"},"headline":"Neuer Service Director bei Canon (Schweiz) AG","datePublished":"2022-07-26T11:31:14+00:00","mainEntityOfPage":{"@id":"https:\/\/www.organisator.ch\/management\/2022-07-26\/neuer-service-director-bei-canon-schweiz-ag\/"},"wordCount":287,"publisher":{"@id":"https:\/\/www.organisator.ch\/#organization"},"image":{"@id":"https:\/\/www.organisator.ch\/management\/2022-07-26\/neuer-service-director-bei-canon-schweiz-ag\/#primaryimage"},"thumbnailUrl":"https:\/\/www.organisator.ch\/wp-content\/uploads\/2022\/07\/Neuer-Service-Director-bei-Canon-Schweiz-AG_Organisator.jpg","keywords":["Management und Unternehmensf\u00fchrung","Personalia","Unternehmen"],"articleSection":["MANAGEMENT"],"inLanguage":"fr-FR"},{"@type":"WebPage","@id":"https:\/\/www.organisator.ch\/management\/2022-07-26\/neuer-service-director-bei-canon-schweiz-ag\/","url":"https:\/\/www.organisator.ch\/management\/2022-07-26\/neuer-service-director-bei-canon-schweiz-ag\/","name":"Nouveau Service Director chez Canon (Suisse) SA - Organisateur","isPartOf":{"@id":"https:\/\/www.organisator.ch\/#website"},"primaryImageOfPage":{"@id":"https:\/\/www.organisator.ch\/management\/2022-07-26\/neuer-service-director-bei-canon-schweiz-ag\/#primaryimage"},"image":{"@id":"https:\/\/www.organisator.ch\/management\/2022-07-26\/neuer-service-director-bei-canon-schweiz-ag\/#primaryimage"},"thumbnailUrl":"https:\/\/www.organisator.ch\/wp-content\/uploads\/2022\/07\/Neuer-Service-Director-bei-Canon-Schweiz-AG_Organisator.jpg","datePublished":"2022-07-26T11:31:14+00:00","description":"Marc-Daniel Loretz, jusqu'\u00e0 pr\u00e9sent Senior Manager Service Management, devient le nouveau Service Director chez Canon (Suisse) SA.","breadcrumb":{"@id":"https:\/\/www.organisator.ch\/management\/2022-07-26\/neuer-service-director-bei-canon-schweiz-ag\/#breadcrumb"},"inLanguage":"fr-FR","potentialAction":[{"@type":"ReadAction","target":["https:\/\/www.organisator.ch\/management\/2022-07-26\/neuer-service-director-bei-canon-schweiz-ag\/"]}]},{"@type":"ImageObject","inLanguage":"fr-FR","@id":"https:\/\/www.organisator.ch\/management\/2022-07-26\/neuer-service-director-bei-canon-schweiz-ag\/#primaryimage","url":"https:\/\/www.organisator.ch\/wp-content\/uploads\/2022\/07\/Neuer-Service-Director-bei-Canon-Schweiz-AG_Organisator.jpg","contentUrl":"https:\/\/www.organisator.ch\/wp-content\/uploads\/2022\/07\/Neuer-Service-Director-bei-Canon-Schweiz-AG_Organisator.jpg","width":680,"height":665,"caption":"Leitet neu die Abteilung Service & Support bei Canon (Schweiz) AG: Marc-Daniel Loretz. (Bild: Canon)"},{"@type":"BreadcrumbList","@id":"https:\/\/www.organisator.ch\/management\/2022-07-26\/neuer-service-director-bei-canon-schweiz-ag\/#breadcrumb","itemListElement":[{"@type":"ListItem","position":1,"name":"Home","item":"https:\/\/www.organisator.ch\/"},{"@type":"ListItem","position":2,"name":"Neuer Service Director bei Canon (Schweiz) AG"}]},{"@type":"WebSite","@id":"https:\/\/www.organisator.ch\/#website","url":"https:\/\/www.organisator.ch\/","name":"Organisateur","description":"Comp\u00e9tence et comp\u00e9tence. Proches de la pratique. L'ORGANISATEUR pr\u00e9pare 10 num\u00e9ros par an sur les th\u00e8mes essentiels pour les dirigeants de PME.","publisher":{"@id":"https:\/\/www.organisator.ch\/#organization"},"potentialAction":[{"@type":"SearchAction","target":{"@type":"EntryPoint","urlTemplate":"https:\/\/www.organisator.ch\/?s={search_term_string}"},"query-input":{"@type":"PropertyValueSpecification","valueRequired":true,"valueName":"search_term_string"}}],"inLanguage":"fr-FR"},{"@type":"Organization","@id":"https:\/\/www.organisator.ch\/#organization","name":"Organisateur","url":"https:\/\/www.organisator.ch\/","logo":{"@type":"ImageObject","inLanguage":"fr-FR","@id":"https:\/\/www.organisator.ch\/#\/schema\/logo\/image\/","url":"https:\/\/www.organisator.ch\/wp-content\/uploads\/2022\/01\/Logo_Organisator_Website.png","contentUrl":"https:\/\/www.organisator.ch\/wp-content\/uploads\/2022\/01\/Logo_Organisator_Website.png","width":800,"height":77,"caption":"Organisator"},"image":{"@id":"https:\/\/www.organisator.ch\/#\/schema\/logo\/image\/"},"sameAs":["https:\/\/www.facebook.com\/OrganisatorFachmagazin","https:\/\/www.linkedin.com\/showcase\/organisator-das-magazin-fr-kmu","https:\/\/www.xing.com\/news\/pages\/organisator-ch-695","https:\/\/www.youtube.com\/channel\/UCGP2Sq0iWaZwT3BdIAQFYpw"]},{"@type":"Person","@id":"https:\/\/www.organisator.ch\/#\/schema\/person\/6f650f90b2842cd4c0cc334b4e36f67e","name":"thomas.berner","image":{"@type":"ImageObject","inLanguage":"fr-FR","@id":"https:\/\/secure.gravatar.com\/avatar\/ac5001d2a36cb6c6cd3e50789007ffca834b477b74a2144564522e944eabff61?s=96&d=mm&r=g","url":"https:\/\/secure.gravatar.com\/avatar\/ac5001d2a36cb6c6cd3e50789007ffca834b477b74a2144564522e944eabff61?s=96&d=mm&r=g","contentUrl":"https:\/\/secure.gravatar.com\/avatar\/ac5001d2a36cb6c6cd3e50789007ffca834b477b74a2144564522e944eabff61?s=96&d=mm&r=g","caption":"thomas.berner"},"url":"https:\/\/www.organisator.ch\/fr\/author\/thomas-berner\/"}]}},"_links":{"self":[{"href":"https:\/\/www.organisator.ch\/fr\/wp-json\/wp\/v2\/posts\/15855","targetHints":{"allow":["GET"]}}],"collection":[{"href":"https:\/\/www.organisator.ch\/fr\/wp-json\/wp\/v2\/posts"}],"about":[{"href":"https:\/\/www.organisator.ch\/fr\/wp-json\/wp\/v2\/types\/post"}],"author":[{"embeddable":true,"href":"https:\/\/www.organisator.ch\/fr\/wp-json\/wp\/v2\/users\/4"}],"replies":[{"embeddable":true,"href":"https:\/\/www.organisator.ch\/fr\/wp-json\/wp\/v2\/comments?post=15855"}],"version-history":[{"count":1,"href":"https:\/\/www.organisator.ch\/fr\/wp-json\/wp\/v2\/posts\/15855\/revisions"}],"predecessor-version":[{"id":15857,"href":"https:\/\/www.organisator.ch\/fr\/wp-json\/wp\/v2\/posts\/15855\/revisions\/15857"}],"wp:featuredmedia":[{"embeddable":true,"href":"https:\/\/www.organisator.ch\/fr\/wp-json\/wp\/v2\/media\/15856"}],"wp:attachment":[{"href":"https:\/\/www.organisator.ch\/fr\/wp-json\/wp\/v2\/media?parent=15855"}],"wp:term":[{"taxonomy":"category","embeddable":true,"href":"https:\/\/www.organisator.ch\/fr\/wp-json\/wp\/v2\/categories?post=15855"},{"taxonomy":"post_tag","embeddable":true,"href":"https:\/\/www.organisator.ch\/fr\/wp-json\/wp\/v2\/tags?post=15855"}],"curies":[{"name":"wp","href":"https:\/\/api.w.org\/{rel}","templated":true}]}}