{"id":1586,"date":"2017-03-06T14:10:03","date_gmt":"2017-03-06T13:10:03","guid":{"rendered":"https:\/\/www.organisator.ch\/?p=1586"},"modified":"2017-03-06T14:10:03","modified_gmt":"2017-03-06T13:10:03","slug":"1586-2","status":"publish","type":"post","link":"https:\/\/www.organisator.ch\/fr\/management\/it\/2017-03-06\/1586-2\/","title":{"rendered":"Le co-working gr\u00e2ce aux technologies intelligentes"},"content":{"rendered":"<figure id=\"attachment_1587\" aria-describedby=\"caption-attachment-1587\" style=\"width: 640px\" class=\"wp-caption alignnone\"><img loading=\"lazy\" decoding=\"async\" class=\"size-full wp-image-1587\" src=\"https:\/\/www.organisator.ch\/wp-content\/uploads\/2017\/03\/Co-Working-und-intelligente-Technologie-org-organisator.jpg\" alt=\"\" width=\"640\" height=\"439\" srcset=\"https:\/\/www.organisator.ch\/wp-content\/uploads\/2017\/03\/Co-Working-und-intelligente-Technologie-org-organisator.jpg 640w, https:\/\/www.organisator.ch\/wp-content\/uploads\/2017\/03\/Co-Working-und-intelligente-Technologie-org-organisator-16x12.jpg 16w, https:\/\/www.organisator.ch\/wp-content\/uploads\/2017\/03\/Co-Working-und-intelligente-Technologie-org-organisator-255x175.jpg 255w, https:\/\/www.organisator.ch\/wp-content\/uploads\/2017\/03\/Co-Working-und-intelligente-Technologie-org-organisator-510x350.jpg 510w, https:\/\/www.organisator.ch\/wp-content\/uploads\/2017\/03\/Co-Working-und-intelligente-Technologie-org-organisator-300x206.jpg 300w\" sizes=\"auto, (max-width: 640px) 100vw, 640px\" \/><figcaption id=\"caption-attachment-1587\" class=\"wp-caption-text\">Une r\u00e9union typique dans un environnement de travail d'entreprise (en abr\u00e9g\u00e9 : co-working). (Image : depositphotos : relwal)<\/figcaption><\/figure>\n<p>Le co-working, les activit\u00e9s de bureau \u00e0 domicile en commun en dehors du bureau proprement dit, sont certes fortement salu\u00e9es par les jeunes travailleurs influenc\u00e9s par les m\u00e9dias sociaux, mais des \u00e9tudes comme celle de l'institut ifo soulignent que 74 pour cent de tous les employ\u00e9s qui ont en fait le droit d'utiliser le bureau \u00e0 domicile sont encore pr\u00e9sents la plupart du temps au bureau de l'entreprise.<\/p>\n<p>L'\u00e9tude de l'ifo conclut que ce type de flexibilit\u00e9 rend la gestion de l'espace de travail plus difficile. En d'autres termes, cela signifie que : Organiser un taux d'occupation \u00e9lev\u00e9 des postes de travail est et reste un d\u00e9fi de taille. Jenny Noon, directrice des installations et de l'immobilier chez Time Inc. UK, commente : \"Alors que notre entreprise de m\u00e9dias traditionnelle Time Inc. UK se r\u00e9invente pour l'\u00e8re num\u00e9rique, notre fa\u00e7on de travailler \u00e9volue \u00e9galement. Nous avons introduit une 'approche moderne du travail' dans tous nos sites de succursales. Cela inclut le 'hot desking' : les employ\u00e9s partagent les postes de travail dans le but de cr\u00e9er une atmosph\u00e8re de travail dynamique, collaborative et inspir\u00e9e\".<\/p>\n<p><strong>Besoins li\u00e9s <\/strong><\/p>\n<p>\"Le changement d'apparence et d'atmosph\u00e8re de nos bureaux nous aide aussi \u00e0 travailler diff\u00e9remment\", explique Jenno Noon de Time Inc, \"ces changements favorisent la cr\u00e9ativit\u00e9 dont nous avons besoin pour l'importante transformation de l'entreprise. Ils nous permettent \u00e9galement de travailler plus efficacement en utilisant mieux nos co\u00fbteux biens immobiliers \u00e0 Londres. - Nous avons m\u00eame con\u00e7u un 'environnement de pub' pour l'une de nos publications\".<\/p>\n<p>Jenny Noon poursuit : \"Alors qu'un environnement de travail moderne pr\u00e9sente de nombreux avantages, il comporte \u00e9galement le risque d'avoir moins de bureaux que d'employ\u00e9s. Le fait que les bureaux puissent d\u00e9sormais \u00eatre r\u00e9serv\u00e9s \u00e0 l'avance gr\u00e2ce \u00e0 des \u00e9crans tactiles permet de dissiper les inqui\u00e9tudes quant \u00e0 la disponibilit\u00e9 d'un poste de travail libre \u00e0 l'arriv\u00e9e au bureau\".<\/p>\n<p><strong>\u00c9crans tactiles pour desks<\/strong><\/p>\n<p>Condeco a r\u00e9cemment remport\u00e9 le \"Queen's Award\" pour sa solution innovante au probl\u00e8me des postes de travail et lance aujourd'hui la derni\u00e8re g\u00e9n\u00e9ration d'\u00e9crans tactiles pour la r\u00e9servation de bureaux. En \u00e9quipant chaque poste de travail d'un petit \u00e9cran connect\u00e9 \u00e0 Internet, Condeco permet l'introduction d'un syst\u00e8me de r\u00e9servation de postes de travail qui vise \u00e0 lutter contre le gaspillage d'espace.<\/p>\n<p>Des fonctions telles que le syst\u00e8me d'\u00e9clairage LED, qui indique quand un bureau est libre, sont particuli\u00e8rement utiles. Il permet \u00e9galement de mieux montrer la pr\u00e9sence des employ\u00e9s. Gr\u00e2ce \u00e0 la technologie des balises, les employ\u00e9s seront \u00e9galement inform\u00e9s \u00e0 l'avenir des postes de travail disponibles \u00e0 proximit\u00e9 en fonction de leur localisation.<\/p>\n<p>Les \u00e9crans de r\u00e9servation de postes de travail rendent les espaces de bureaux r\u00e9ceptifs aux besoins des utilisateurs et des entreprises, permettant ainsi aux entreprises de changer radicalement leur fa\u00e7on de travailler.<\/p>\n<p><strong>D\u00e9cideurs<\/strong><\/p>\n<p>De multiples possibilit\u00e9s d'analyse \u00e0 l'aide de ces \u00e9crans permettent aux d\u00e9cideurs de refl\u00e9ter les habitudes des employ\u00e9s dans la conception des bureaux. Paul Statham, fondateur et directeur g\u00e9n\u00e9ral de Condeco, d\u00e9clare : \"Tous les d\u00e9veloppements dans le monde du travail - des horaires de travail flexibles \u00e0 l'utilisation de diff\u00e9rents sites de bureaux - sont un casse-t\u00eate pour le management. Et m\u00eame si les nombreux changements sont cens\u00e9s simplifier la vie au travail, la somme de tous ces changements rend en fin de compte la conception des bureaux plus compliqu\u00e9e\".<\/p>\n<p>\"Dans certains bureaux, trouver un bureau libre est un v\u00e9ritable d\u00e9fi. L'id\u00e9e derri\u00e8re les \u00e9crans tactiles pour la r\u00e9servation de postes de travail est que les collaborateurs peuvent facilement entrer dans un bureau et voir directement quels bureaux sont disponibles. Apr\u00e8s s'\u00eatre connect\u00e9, un collaborateur voit \u00e9galement, par exemple, o\u00f9 un coll\u00e8gue donn\u00e9 est assis. C'est tr\u00e8s important pour une collaboration r\u00e9ussie\".<\/p>\n<p>L'\u00e9quipe de recherche et d\u00e9veloppement de Condeco a d\u00e9velopp\u00e9 un produit qui allie une exp\u00e9rience utilisateur simple \u00e0 un prix comp\u00e9titif, ce qui le rend \u00e0 la fois abordable et facile \u00e0 utiliser. Les nombreuses possibilit\u00e9s d'analyse offertes par les indicateurs de r\u00e9servation permettent aux d\u00e9cideurs de refl\u00e9ter les habitudes des employ\u00e9s dans la conception des bureaux.<\/p>\n<p><em>Pour plus d'informations sur les \u00e9crans tactiles de r\u00e9servation de postes de travail, voir ce <a href=\"http:\/\/www.condecosoftware.com\/products\/desk-booking\/desk-screens\/\">Lien<\/a><\/em><\/p>\n<p>&nbsp;<\/p>\n<p>&nbsp;<\/p>\n<p>&nbsp;<\/p>\n<p>&nbsp;<\/p>","protected":false},"excerpt":{"rendered":"<p>Co-Working, gemeinschaftliche Home Office Aktivit\u00e4ten ausserhalb des eigentlichen B\u00fcroplatzes wird zwar von jungen, durch Social Media beeinflusste Arbeitnehmenden stark begr\u00fcsst, nicht desto trotz betonen Studien wie jene des ifo Instituts, dass noch 74 Prozent aller Arbeitnehmer, die eigentlich das Home Office nutzen d\u00fcrfen, meistens im Unternehmensb\u00fcro zugegen sind. Die ifo Studie kommt zum Schluss, dass [&hellip;]<\/p>\n","protected":false},"author":5,"featured_media":1587,"comment_status":"open","ping_status":"open","sticky":false,"template":"","format":"standard","meta":{"_acf_changed":false,"_yoast_wpseo_focuskw":"Co-Working","_yoast_wpseo_metadesc":"Co-Working heisst nicht nur flexible Arbeitspl\u00e4tze nutzen, sondern auch gew\u00f6hnliche Ressourcen wie Schreibtische zu vernetzen.","articlekey":"","footnotes":""},"categories":[27,28],"tags":[124,134,276],"class_list":["post-1586","post","type-post","status-publish","format-standard","has-post-thumbnail","hentry","category-it","category-management","tag-co-working","tag-corporate-working","tag-intelligente-technologien"],"acf":[],"yoast_head":"<!-- This site is optimized with the Yoast SEO plugin v27.4 - https:\/\/yoast.com\/product\/yoast-seo-wordpress\/ -->\n<title>Co-Working durch intelligente Technologien - Organisator<\/title>\n<meta name=\"description\" content=\"Co-Working heisst nicht nur flexible Arbeitspl\u00e4tze nutzen, sondern auch gew\u00f6hnliche Ressourcen wie Schreibtische zu vernetzen.\" \/>\n<meta name=\"robots\" content=\"index, follow, max-snippet:-1, max-image-preview:large, max-video-preview:-1\" \/>\n<link rel=\"canonical\" href=\"https:\/\/www.organisator.ch\/fr\/gestion-2\/it\/2017-03-06\/1586-2\/\" \/>\n<meta property=\"og:locale\" content=\"fr_FR\" \/>\n<meta property=\"og:type\" content=\"article\" \/>\n<meta property=\"og:title\" content=\"Co-Working durch intelligente Technologien\" \/>\n<meta property=\"og:description\" content=\"Co-Working heisst nicht nur #flexibleArbeitspl\u00e4tze nutzen, sondern auch gew\u00f6hnliche Ressourcen wie #Schreibtische zu vernetzen.\" \/>\n<meta property=\"og:url\" content=\"https:\/\/www.organisator.ch\/fr\/gestion-2\/it\/2017-03-06\/1586-2\/\" \/>\n<meta property=\"og:site_name\" content=\"Organisator\" \/>\n<meta property=\"article:publisher\" content=\"https:\/\/www.facebook.com\/OrganisatorFachmagazin\" \/>\n<meta property=\"article:published_time\" content=\"2017-03-06T13:10:03+00:00\" \/>\n<meta property=\"og:image\" content=\"https:\/\/www.organisator.ch\/wp-content\/uploads\/2017\/03\/Co-Working-und-intelligente-Technologie-org-organisator.jpg\" \/>\n\t<meta property=\"og:image:width\" content=\"640\" \/>\n\t<meta property=\"og:image:height\" content=\"439\" \/>\n\t<meta property=\"og:image:type\" content=\"image\/jpeg\" \/>\n<meta name=\"author\" content=\"michael.merz\" \/>\n<meta name=\"twitter:card\" content=\"summary_large_image\" \/>\n<script type=\"application\/ld+json\" class=\"yoast-schema-graph\">{\"@context\":\"https:\\\/\\\/schema.org\",\"@graph\":[{\"@type\":\"Article\",\"@id\":\"https:\\\/\\\/www.organisator.ch\\\/management\\\/it\\\/2017-03-06\\\/1586-2\\\/#article\",\"isPartOf\":{\"@id\":\"https:\\\/\\\/www.organisator.ch\\\/management\\\/it\\\/2017-03-06\\\/1586-2\\\/\"},\"author\":{\"name\":\"michael.merz\",\"@id\":\"https:\\\/\\\/www.organisator.ch\\\/#\\\/schema\\\/person\\\/134708ca9321c57b0362cceb7948ffbd\"},\"headline\":\"Co-Working durch intelligente Technologien\",\"datePublished\":\"2017-03-06T13:10:03+00:00\",\"mainEntityOfPage\":{\"@id\":\"https:\\\/\\\/www.organisator.ch\\\/management\\\/it\\\/2017-03-06\\\/1586-2\\\/\"},\"wordCount\":645,\"commentCount\":0,\"publisher\":{\"@id\":\"https:\\\/\\\/www.organisator.ch\\\/#organization\"},\"image\":{\"@id\":\"https:\\\/\\\/www.organisator.ch\\\/management\\\/it\\\/2017-03-06\\\/1586-2\\\/#primaryimage\"},\"thumbnailUrl\":\"https:\\\/\\\/www.organisator.ch\\\/wp-content\\\/uploads\\\/2017\\\/03\\\/Co-Working-und-intelligente-Technologie-org-organisator.jpg\",\"keywords\":[\"Co-Working\",\"Corporate Working\",\"intelligente Technologien\"],\"articleSection\":[\"IT\",\"MANAGEMENT\"],\"inLanguage\":\"fr-FR\"},{\"@type\":\"WebPage\",\"@id\":\"https:\\\/\\\/www.organisator.ch\\\/management\\\/it\\\/2017-03-06\\\/1586-2\\\/\",\"url\":\"https:\\\/\\\/www.organisator.ch\\\/management\\\/it\\\/2017-03-06\\\/1586-2\\\/\",\"name\":\"Co-Working durch intelligente Technologien - Organisator\",\"isPartOf\":{\"@id\":\"https:\\\/\\\/www.organisator.ch\\\/#website\"},\"primaryImageOfPage\":{\"@id\":\"https:\\\/\\\/www.organisator.ch\\\/management\\\/it\\\/2017-03-06\\\/1586-2\\\/#primaryimage\"},\"image\":{\"@id\":\"https:\\\/\\\/www.organisator.ch\\\/management\\\/it\\\/2017-03-06\\\/1586-2\\\/#primaryimage\"},\"thumbnailUrl\":\"https:\\\/\\\/www.organisator.ch\\\/wp-content\\\/uploads\\\/2017\\\/03\\\/Co-Working-und-intelligente-Technologie-org-organisator.jpg\",\"datePublished\":\"2017-03-06T13:10:03+00:00\",\"description\":\"Co-Working heisst nicht nur flexible Arbeitspl\u00e4tze nutzen, sondern auch gew\u00f6hnliche Ressourcen wie Schreibtische zu vernetzen.\",\"breadcrumb\":{\"@id\":\"https:\\\/\\\/www.organisator.ch\\\/management\\\/it\\\/2017-03-06\\\/1586-2\\\/#breadcrumb\"},\"inLanguage\":\"fr-FR\",\"potentialAction\":[{\"@type\":\"ReadAction\",\"target\":[\"https:\\\/\\\/www.organisator.ch\\\/management\\\/it\\\/2017-03-06\\\/1586-2\\\/\"]}]},{\"@type\":\"ImageObject\",\"inLanguage\":\"fr-FR\",\"@id\":\"https:\\\/\\\/www.organisator.ch\\\/management\\\/it\\\/2017-03-06\\\/1586-2\\\/#primaryimage\",\"url\":\"https:\\\/\\\/www.organisator.ch\\\/wp-content\\\/uploads\\\/2017\\\/03\\\/Co-Working-und-intelligente-Technologie-org-organisator.jpg\",\"contentUrl\":\"https:\\\/\\\/www.organisator.ch\\\/wp-content\\\/uploads\\\/2017\\\/03\\\/Co-Working-und-intelligente-Technologie-org-organisator.jpg\",\"width\":640,\"height\":439,\"caption\":\"Ein typisches Meeting in einem Corporate Working - Co-Working -Umfeld. (Bild: depositphotos: relwal)\"},{\"@type\":\"BreadcrumbList\",\"@id\":\"https:\\\/\\\/www.organisator.ch\\\/management\\\/it\\\/2017-03-06\\\/1586-2\\\/#breadcrumb\",\"itemListElement\":[{\"@type\":\"ListItem\",\"position\":1,\"name\":\"Home\",\"item\":\"https:\\\/\\\/www.organisator.ch\\\/\"},{\"@type\":\"ListItem\",\"position\":2,\"name\":\"Co-Working durch intelligente Technologien\"}]},{\"@type\":\"WebSite\",\"@id\":\"https:\\\/\\\/www.organisator.ch\\\/#website\",\"url\":\"https:\\\/\\\/www.organisator.ch\\\/\",\"name\":\"Organisator\",\"description\":\"Kompetent. Praxisnah. Der ORGANISATOR bereitet in 10 Ausgaben pro Jahr die wesentlichen Themen f\u00fcr F\u00fchrungskr\u00e4fte von KMU auf.\",\"publisher\":{\"@id\":\"https:\\\/\\\/www.organisator.ch\\\/#organization\"},\"potentialAction\":[{\"@type\":\"SearchAction\",\"target\":{\"@type\":\"EntryPoint\",\"urlTemplate\":\"https:\\\/\\\/www.organisator.ch\\\/?s={search_term_string}\"},\"query-input\":{\"@type\":\"PropertyValueSpecification\",\"valueRequired\":true,\"valueName\":\"search_term_string\"}}],\"inLanguage\":\"fr-FR\"},{\"@type\":\"Organization\",\"@id\":\"https:\\\/\\\/www.organisator.ch\\\/#organization\",\"name\":\"Organisator\",\"url\":\"https:\\\/\\\/www.organisator.ch\\\/\",\"logo\":{\"@type\":\"ImageObject\",\"inLanguage\":\"fr-FR\",\"@id\":\"https:\\\/\\\/www.organisator.ch\\\/#\\\/schema\\\/logo\\\/image\\\/\",\"url\":\"https:\\\/\\\/www.organisator.ch\\\/wp-content\\\/uploads\\\/2022\\\/01\\\/Logo_Organisator_Website.png\",\"contentUrl\":\"https:\\\/\\\/www.organisator.ch\\\/wp-content\\\/uploads\\\/2022\\\/01\\\/Logo_Organisator_Website.png\",\"width\":800,\"height\":77,\"caption\":\"Organisator\"},\"image\":{\"@id\":\"https:\\\/\\\/www.organisator.ch\\\/#\\\/schema\\\/logo\\\/image\\\/\"},\"sameAs\":[\"https:\\\/\\\/www.facebook.com\\\/OrganisatorFachmagazin\",\"https:\\\/\\\/www.linkedin.com\\\/showcase\\\/organisator-das-magazin-fr-kmu\",\"https:\\\/\\\/www.xing.com\\\/news\\\/pages\\\/organisator-ch-695\",\"https:\\\/\\\/www.youtube.com\\\/channel\\\/UCGP2Sq0iWaZwT3BdIAQFYpw\"]},{\"@type\":\"Person\",\"@id\":\"https:\\\/\\\/www.organisator.ch\\\/#\\\/schema\\\/person\\\/134708ca9321c57b0362cceb7948ffbd\",\"name\":\"michael.merz\",\"image\":{\"@type\":\"ImageObject\",\"inLanguage\":\"fr-FR\",\"@id\":\"https:\\\/\\\/secure.gravatar.com\\\/avatar\\\/?s=96&d=mm&r=g\",\"url\":\"https:\\\/\\\/secure.gravatar.com\\\/avatar\\\/?s=96&d=mm&r=g\",\"contentUrl\":\"https:\\\/\\\/secure.gravatar.com\\\/avatar\\\/?s=96&d=mm&r=g\",\"caption\":\"michael.merz\"},\"url\":\"https:\\\/\\\/www.organisator.ch\\\/fr\\\/author\\\/michael-merz\\\/\"}]}<\/script>\n<!-- \/ Yoast SEO plugin. -->","yoast_head_json":{"title":"Co-working gr\u00e2ce aux technologies intelligentes - Organisateur","description":"Co-working signifie non seulement utiliser des espaces de travail flexibles, mais aussi mettre en r\u00e9seau des ressources ordinaires telles que des bureaux.","robots":{"index":"index","follow":"follow","max-snippet":"max-snippet:-1","max-image-preview":"max-image-preview:large","max-video-preview":"max-video-preview:-1"},"canonical":"https:\/\/www.organisator.ch\/fr\/gestion-2\/it\/2017-03-06\/1586-2\/","og_locale":"fr_FR","og_type":"article","og_title":"Co-Working durch intelligente Technologien","og_description":"Co-Working heisst nicht nur #flexibleArbeitspl\u00e4tze nutzen, sondern auch gew\u00f6hnliche Ressourcen wie #Schreibtische zu vernetzen.","og_url":"https:\/\/www.organisator.ch\/fr\/gestion-2\/it\/2017-03-06\/1586-2\/","og_site_name":"Organisator","article_publisher":"https:\/\/www.facebook.com\/OrganisatorFachmagazin","article_published_time":"2017-03-06T13:10:03+00:00","og_image":[{"width":640,"height":439,"url":"https:\/\/www.organisator.ch\/wp-content\/uploads\/2017\/03\/Co-Working-und-intelligente-Technologie-org-organisator.jpg","type":"image\/jpeg"}],"author":"michael.merz","twitter_card":"summary_large_image","schema":{"@context":"https:\/\/schema.org","@graph":[{"@type":"Article","@id":"https:\/\/www.organisator.ch\/management\/it\/2017-03-06\/1586-2\/#article","isPartOf":{"@id":"https:\/\/www.organisator.ch\/management\/it\/2017-03-06\/1586-2\/"},"author":{"name":"michael.merz","@id":"https:\/\/www.organisator.ch\/#\/schema\/person\/134708ca9321c57b0362cceb7948ffbd"},"headline":"Co-Working durch intelligente Technologien","datePublished":"2017-03-06T13:10:03+00:00","mainEntityOfPage":{"@id":"https:\/\/www.organisator.ch\/management\/it\/2017-03-06\/1586-2\/"},"wordCount":645,"commentCount":0,"publisher":{"@id":"https:\/\/www.organisator.ch\/#organization"},"image":{"@id":"https:\/\/www.organisator.ch\/management\/it\/2017-03-06\/1586-2\/#primaryimage"},"thumbnailUrl":"https:\/\/www.organisator.ch\/wp-content\/uploads\/2017\/03\/Co-Working-und-intelligente-Technologie-org-organisator.jpg","keywords":["Co-Working","Corporate Working","intelligente Technologien"],"articleSection":["IT","MANAGEMENT"],"inLanguage":"fr-FR"},{"@type":"WebPage","@id":"https:\/\/www.organisator.ch\/management\/it\/2017-03-06\/1586-2\/","url":"https:\/\/www.organisator.ch\/management\/it\/2017-03-06\/1586-2\/","name":"Co-working gr\u00e2ce aux technologies intelligentes - Organisateur","isPartOf":{"@id":"https:\/\/www.organisator.ch\/#website"},"primaryImageOfPage":{"@id":"https:\/\/www.organisator.ch\/management\/it\/2017-03-06\/1586-2\/#primaryimage"},"image":{"@id":"https:\/\/www.organisator.ch\/management\/it\/2017-03-06\/1586-2\/#primaryimage"},"thumbnailUrl":"https:\/\/www.organisator.ch\/wp-content\/uploads\/2017\/03\/Co-Working-und-intelligente-Technologie-org-organisator.jpg","datePublished":"2017-03-06T13:10:03+00:00","description":"Co-working signifie non seulement utiliser des espaces de travail flexibles, mais aussi mettre en r\u00e9seau des ressources ordinaires telles que des bureaux.","breadcrumb":{"@id":"https:\/\/www.organisator.ch\/management\/it\/2017-03-06\/1586-2\/#breadcrumb"},"inLanguage":"fr-FR","potentialAction":[{"@type":"ReadAction","target":["https:\/\/www.organisator.ch\/management\/it\/2017-03-06\/1586-2\/"]}]},{"@type":"ImageObject","inLanguage":"fr-FR","@id":"https:\/\/www.organisator.ch\/management\/it\/2017-03-06\/1586-2\/#primaryimage","url":"https:\/\/www.organisator.ch\/wp-content\/uploads\/2017\/03\/Co-Working-und-intelligente-Technologie-org-organisator.jpg","contentUrl":"https:\/\/www.organisator.ch\/wp-content\/uploads\/2017\/03\/Co-Working-und-intelligente-Technologie-org-organisator.jpg","width":640,"height":439,"caption":"Ein typisches Meeting in einem Corporate Working - Co-Working -Umfeld. (Bild: depositphotos: relwal)"},{"@type":"BreadcrumbList","@id":"https:\/\/www.organisator.ch\/management\/it\/2017-03-06\/1586-2\/#breadcrumb","itemListElement":[{"@type":"ListItem","position":1,"name":"Home","item":"https:\/\/www.organisator.ch\/"},{"@type":"ListItem","position":2,"name":"Co-Working durch intelligente Technologien"}]},{"@type":"WebSite","@id":"https:\/\/www.organisator.ch\/#website","url":"https:\/\/www.organisator.ch\/","name":"Organisateur","description":"Comp\u00e9tence et comp\u00e9tence. Proches de la pratique. L'ORGANISATEUR pr\u00e9pare 10 num\u00e9ros par an sur les th\u00e8mes essentiels pour les dirigeants de PME.","publisher":{"@id":"https:\/\/www.organisator.ch\/#organization"},"potentialAction":[{"@type":"SearchAction","target":{"@type":"EntryPoint","urlTemplate":"https:\/\/www.organisator.ch\/?s={search_term_string}"},"query-input":{"@type":"PropertyValueSpecification","valueRequired":true,"valueName":"search_term_string"}}],"inLanguage":"fr-FR"},{"@type":"Organization","@id":"https:\/\/www.organisator.ch\/#organization","name":"Organisateur","url":"https:\/\/www.organisator.ch\/","logo":{"@type":"ImageObject","inLanguage":"fr-FR","@id":"https:\/\/www.organisator.ch\/#\/schema\/logo\/image\/","url":"https:\/\/www.organisator.ch\/wp-content\/uploads\/2022\/01\/Logo_Organisator_Website.png","contentUrl":"https:\/\/www.organisator.ch\/wp-content\/uploads\/2022\/01\/Logo_Organisator_Website.png","width":800,"height":77,"caption":"Organisator"},"image":{"@id":"https:\/\/www.organisator.ch\/#\/schema\/logo\/image\/"},"sameAs":["https:\/\/www.facebook.com\/OrganisatorFachmagazin","https:\/\/www.linkedin.com\/showcase\/organisator-das-magazin-fr-kmu","https:\/\/www.xing.com\/news\/pages\/organisator-ch-695","https:\/\/www.youtube.com\/channel\/UCGP2Sq0iWaZwT3BdIAQFYpw"]},{"@type":"Person","@id":"https:\/\/www.organisator.ch\/#\/schema\/person\/134708ca9321c57b0362cceb7948ffbd","name":"michael.merz","image":{"@type":"ImageObject","inLanguage":"fr-FR","@id":"https:\/\/secure.gravatar.com\/avatar\/?s=96&d=mm&r=g","url":"https:\/\/secure.gravatar.com\/avatar\/?s=96&d=mm&r=g","contentUrl":"https:\/\/secure.gravatar.com\/avatar\/?s=96&d=mm&r=g","caption":"michael.merz"},"url":"https:\/\/www.organisator.ch\/fr\/author\/michael-merz\/"}]}},"_links":{"self":[{"href":"https:\/\/www.organisator.ch\/fr\/wp-json\/wp\/v2\/posts\/1586","targetHints":{"allow":["GET"]}}],"collection":[{"href":"https:\/\/www.organisator.ch\/fr\/wp-json\/wp\/v2\/posts"}],"about":[{"href":"https:\/\/www.organisator.ch\/fr\/wp-json\/wp\/v2\/types\/post"}],"author":[{"embeddable":true,"href":"https:\/\/www.organisator.ch\/fr\/wp-json\/wp\/v2\/users\/5"}],"replies":[{"embeddable":true,"href":"https:\/\/www.organisator.ch\/fr\/wp-json\/wp\/v2\/comments?post=1586"}],"version-history":[{"count":0,"href":"https:\/\/www.organisator.ch\/fr\/wp-json\/wp\/v2\/posts\/1586\/revisions"}],"wp:featuredmedia":[{"embeddable":true,"href":"https:\/\/www.organisator.ch\/fr\/wp-json\/wp\/v2\/media\/1587"}],"wp:attachment":[{"href":"https:\/\/www.organisator.ch\/fr\/wp-json\/wp\/v2\/media?parent=1586"}],"wp:term":[{"taxonomy":"category","embeddable":true,"href":"https:\/\/www.organisator.ch\/fr\/wp-json\/wp\/v2\/categories?post=1586"},{"taxonomy":"post_tag","embeddable":true,"href":"https:\/\/www.organisator.ch\/fr\/wp-json\/wp\/v2\/tags?post=1586"}],"curies":[{"name":"wp","href":"https:\/\/api.w.org\/{rel}","templated":true}]}}