{"id":1599,"date":"2017-03-08T09:19:49","date_gmt":"2017-03-08T08:19:49","guid":{"rendered":"https:\/\/www.organisator.ch\/?p=1599"},"modified":"2017-03-08T09:19:49","modified_gmt":"2017-03-08T08:19:49","slug":"deutschland-fachkraefte-wuenschen-sich-rueckkehrrecht-auf-vollzeit","status":"publish","type":"post","link":"https:\/\/www.organisator.ch\/fr\/human-resources\/hrm\/2017-03-08\/deutschland-fachkraefte-wuenschen-sich-rueckkehrrecht-auf-vollzeit\/","title":{"rendered":"Allemagne : les professionnels souhaitent un droit de retour au temps plein"},"content":{"rendered":"<figure id=\"attachment_1601\" aria-describedby=\"caption-attachment-1601\" style=\"width: 640px\" class=\"wp-caption alignnone\"><img loading=\"lazy\" decoding=\"async\" class=\"size-full wp-image-1601\" src=\"https:\/\/www.organisator.ch\/wp-content\/uploads\/2017\/03\/Deutschland-Fachkraefte-wuenschen-sich-Rueckkehrrecht-auf-Vollzeit_Organisator.jpg\" alt=\"\" width=\"640\" height=\"427\" srcset=\"https:\/\/www.organisator.ch\/wp-content\/uploads\/2017\/03\/Deutschland-Fachkraefte-wuenschen-sich-Rueckkehrrecht-auf-Vollzeit_Organisator.jpg 640w, https:\/\/www.organisator.ch\/wp-content\/uploads\/2017\/03\/Deutschland-Fachkraefte-wuenschen-sich-Rueckkehrrecht-auf-Vollzeit_Organisator-16x12.jpg 16w, https:\/\/www.organisator.ch\/wp-content\/uploads\/2017\/03\/Deutschland-Fachkraefte-wuenschen-sich-Rueckkehrrecht-auf-Vollzeit_Organisator-262x175.jpg 262w, https:\/\/www.organisator.ch\/wp-content\/uploads\/2017\/03\/Deutschland-Fachkraefte-wuenschen-sich-Rueckkehrrecht-auf-Vollzeit_Organisator-525x350.jpg 525w, https:\/\/www.organisator.ch\/wp-content\/uploads\/2017\/03\/Deutschland-Fachkraefte-wuenschen-sich-Rueckkehrrecht-auf-Vollzeit_Organisator-300x200.jpg 300w\" sizes=\"auto, (max-width: 640px) 100vw, 640px\" \/><figcaption id=\"caption-attachment-1601\" class=\"wp-caption-text\">En Allemagne, de nombreuses femmes souhaitent reprendre le travail \u00e0 temps plein apr\u00e8s le cong\u00e9 parental. (Image : Fotolia.com)<\/figcaption><\/figure>\n<p>Neuf salari\u00e9s sur dix en Allemagne veulent avoir la possibilit\u00e9 de revenir d'un travail \u00e0 temps partiel \u00e0 un emploi \u00e0 temps plein. Un tel droit est donc, pour les professionnels allemands, la mesure la plus importante pour concilier vie familiale et vie professionnelle. C'est ce qu'a r\u00e9v\u00e9l\u00e9 la bourse de l'emploi en ligne StepStone dans une enqu\u00eate men\u00e9e aupr\u00e8s de quelque 5.000 sp\u00e9cialistes et cadres. L'\u00e9tude montre \u00e9galement que 28 pour cent des femmes interrog\u00e9es ont l'intention d'assumer un r\u00f4le de cadre \u00e0 l'avenir. Pr\u00e8s de 60 pour cent de toutes les personnes travaillant \u00e0 temps partiel pensent qu'elles peuvent assumer correctement un poste de direction \u00e0 responsabilit\u00e9 m\u00eame avec un nombre d'heures r\u00e9duit.<\/p>\n<p><strong>Jusqu'\u00e0 1,5 million de travailleurs \u00e0 temps partiel travailleraient \u00e0 temps plein<\/strong><\/p>\n<p>\"Ce sont justement les femmes hautement qualifi\u00e9es qui veulent faire bouger les choses au travail - m\u00eame lorsqu'elles veulent ou doivent travailler temporairement \u00e0 temps partiel. Notre \u00e9tude de march\u00e9 a r\u00e9v\u00e9l\u00e9 que quatre femmes sur dix passeraient \u00e0 temps plein si la garde des enfants pouvait \u00eatre organis\u00e9e de mani\u00e8re optimale. La volont\u00e9 de travailler davantage a donc encore augment\u00e9 de dix points de pourcentage par rapport \u00e0 notre enqu\u00eate de l'ann\u00e9e derni\u00e8re\", d\u00e9clare Simone Reif, directrice g\u00e9n\u00e9rale de StepStone.de. \"C'est une bonne nouvelle pour l'\u00e9conomie, car en p\u00e9riode de p\u00e9nurie de personnel qualifi\u00e9, les entreprises ont besoin de ces femmes\". Selon les estimations de StepStone, le nombre de femmes qui travailleraient \u00e0 temps plein dans de bonnes conditions s'\u00e9l\u00e8ve jusqu'\u00e0 1,5 million, rien que parmi les sp\u00e9cialistes et les cadres.<\/p>\n<p><strong>Comment sortir du pi\u00e8ge du temps partiel <\/strong><\/p>\n<p>Des horaires de travail flexibles sont une n\u00e9cessit\u00e9 pour 95% des personnes interrog\u00e9es. Les femmes souhaitent que leur employeur les aide \u00e0 se pr\u00e9parer \u00e0 un poste de direction en leur proposant des formations continues et en prenant des mesures pour encourager de mani\u00e8re cibl\u00e9e le personnel \u00e0 temps partiel. Pr\u00e8s de deux tiers des femmes qualifi\u00e9es ont \u00e9t\u00e9 confront\u00e9es \u00e0 d'autres t\u00e2ches \u00e0 leur retour d'une pause familiale - 28 pour cent exercent depuis lors des activit\u00e9s moins exigeantes. Plus de la moiti\u00e9 des femmes estiment que l'interruption de leur activit\u00e9 professionnelle a nui \u00e0 leur carri\u00e8re. Cela a \u00e9galement des cons\u00e9quences financi\u00e8res : 60 pour cent s'attendent \u00e0 des r\u00e9percussions n\u00e9gatives \u00e0 long terme sur leur salaire.<\/p>\n<p><strong>En Suisse : davantage de femmes cadres<\/strong><\/p>\n<p>En Suisse, en revanche, l'\u00e9conomie parvient \u00e0 pourvoir nettement plus de postes vacants dans ses directions par des femmes. La part des femmes dans les directions des 100 plus grands employeurs suisses a bondi de 6 % \u00e0 8 %, et 21 % de tous les nouveaux entrants dans les directions \u00e9taient des femmes - contre seulement 4 % l'ann\u00e9e pr\u00e9c\u00e9dente. Dans les conseils d'administration des entreprises, 21% des mandats ouverts ont \u00e9galement \u00e9t\u00e9 occup\u00e9s par une femme, portant ainsi la proportion de femmes \u00e0 17%. C'est ce que montre le dernier \"schillingreport\" de Guido Schilling AG, sp\u00e9cialiste de la recherche de cadres. Si l'\u00e9conomie suisse ne veut pas perdre le contact avec les autres pays d'Europe occidentale, elle doit poursuivre r\u00e9solument sur la voie qu'elle a choisie. Dans le secteur public, l'organe de comparaison est nettement plus avanc\u00e9 que l'\u00e9conomie priv\u00e9e, avec 24 % de femmes conseill\u00e8res d'Etat ainsi que 14 % de femmes cadres sup\u00e9rieurs.<\/p>\n<p><em>Sources : <a href=\"http:\/\/www.stepstone.de\/\">www.stepstone.de,<\/a> <a href=\"http:\/\/guidoschilling.us14.list-manage.com\/track\/click?u=2625059316923baa9b801790a&amp;id=2a92927cdb&amp;e=6a9c33026a\">www.schillingreport.ch<\/a><\/em><\/p>","protected":false},"excerpt":{"rendered":"<p>Neun von zehn Besch\u00e4ftigten in Deutschland wollen die M\u00f6glichkeit haben, aus der Teilzeitarbeit in eine Vollzeitstelle zur\u00fcckzukehren. Damit ist ein solches Recht f\u00fcr Fachkr\u00e4fte in Deutschland die wichtigste Massnahme zur Vereinbarkeit von Familie und Beruf. Das hat die Online-Jobb\u00f6rse StepStone in einer Befragung von rund 5.000 Fach- und F\u00fchrungskr\u00e4ften herausgefunden. Die Studie zeigt auch: 28 [&hellip;]<\/p>\n","protected":false},"author":4,"featured_media":1601,"comment_status":"open","ping_status":"open","sticky":false,"template":"","format":"standard","meta":{"_acf_changed":false,"_yoast_wpseo_focuskw":"Vollzeit","_yoast_wpseo_metadesc":"In unserem n\u00f6rdlichen Nachbarland wollen viele Fachkr\u00e4fte, die Teilzeit arbeiten, wieder auf Vollzeit wechseln. In der Schweiz sieht es anders aus.","articlekey":"","footnotes":""},"categories":[26],"tags":[254,294,334,459],"class_list":["post-1599","post","type-post","status-publish","format-standard","has-post-thumbnail","hentry","category-hrm","tag-hrm","tag-karriere","tag-management","tag-studie"],"acf":[],"yoast_head":"<!-- This site is optimized with the Yoast SEO plugin v27.5 - https:\/\/yoast.com\/product\/yoast-seo-wordpress\/ -->\n<title>Deutschland: Fachkr\u00e4fte w\u00fcnschen sich R\u00fcckkehrrecht auf Vollzeit - Organisator<\/title>\n<meta name=\"description\" content=\"In unserem n\u00f6rdlichen Nachbarland wollen viele Fachkr\u00e4fte, die Teilzeit arbeiten, wieder auf Vollzeit wechseln. In der Schweiz sieht es anders aus.\" \/>\n<meta name=\"robots\" content=\"index, follow, max-snippet:-1, max-image-preview:large, max-video-preview:-1\" \/>\n<link rel=\"canonical\" href=\"https:\/\/www.organisator.ch\/fr\/ressources-humaines\/hrm\/2017-03-08\/deutschland-fachkraefte-wuenschen-sich-rueckkehrrecht-auf-vollzeit\/\" \/>\n<meta property=\"og:locale\" content=\"fr_FR\" \/>\n<meta property=\"og:type\" content=\"article\" \/>\n<meta property=\"og:title\" content=\"Deutschland: Fachkr\u00e4fte w\u00fcnschen sich R\u00fcckkehrrecht auf Vollzeit\" \/>\n<meta property=\"og:description\" content=\"W\u00e4hrend in der Schweiz viel versucht wird, #Teilzeit-Arbeitsmodelle attraktiver zu machen, sieht es in unserem n\u00f6rdlichen Nachbarland anders aus: Da m\u00f6chten viele Fachkr\u00e4fte, die Teilzeit arbeiten, wieder auf #Vollzeit wechseln.\" \/>\n<meta property=\"og:url\" content=\"https:\/\/www.organisator.ch\/fr\/ressources-humaines\/hrm\/2017-03-08\/deutschland-fachkraefte-wuenschen-sich-rueckkehrrecht-auf-vollzeit\/\" \/>\n<meta property=\"og:site_name\" content=\"Organisator\" \/>\n<meta property=\"article:publisher\" content=\"https:\/\/www.facebook.com\/OrganisatorFachmagazin\" \/>\n<meta property=\"article:published_time\" content=\"2017-03-08T08:19:49+00:00\" \/>\n<meta property=\"og:image\" content=\"https:\/\/www.organisator.ch\/wp-content\/uploads\/2017\/03\/Deutschland-Fachkraefte-wuenschen-sich-Rueckkehrrecht-auf-Vollzeit_Organisator.jpg\" \/>\n\t<meta property=\"og:image:width\" content=\"640\" \/>\n\t<meta property=\"og:image:height\" content=\"427\" \/>\n\t<meta property=\"og:image:type\" content=\"image\/jpeg\" \/>\n<meta name=\"author\" content=\"thomas.berner\" \/>\n<meta name=\"twitter:card\" content=\"summary_large_image\" \/>\n<meta name=\"twitter:title\" content=\"Deutschland: Fachkr\u00e4fte w\u00fcnschen sich #R\u00fcckkehrrecht auf #Vollzeit #R\u00fcckkehrrechtaufVollzeit\" \/>\n<meta name=\"twitter:description\" content=\"W\u00e4hrend in der Schweiz viel versucht wird, #Teilzeit-Arbeitsmodelle attraktiver zu machen, sieht es in unserem n\u00f6rdlichen Nachbarland anders aus: Da m\u00f6chten viele Fachkr\u00e4fte, die Teilzeit arbeiten, wieder auf #Vollzeit wechseln.\" \/>\n<meta name=\"twitter:image\" content=\"https:\/\/www.organisator.ch\/wp-content\/uploads\/2017\/03\/Deutschland-Fachkr\u00e4fte-w\u00fcnschen-sich-R\u00fcckkehrrecht-auf-Vollzeit_Organisator.jpg\" \/>\n<script type=\"application\/ld+json\" class=\"yoast-schema-graph\">{\"@context\":\"https:\\\/\\\/schema.org\",\"@graph\":[{\"@type\":\"Article\",\"@id\":\"https:\\\/\\\/www.organisator.ch\\\/human-resources\\\/hrm\\\/2017-03-08\\\/deutschland-fachkraefte-wuenschen-sich-rueckkehrrecht-auf-vollzeit\\\/#article\",\"isPartOf\":{\"@id\":\"https:\\\/\\\/www.organisator.ch\\\/human-resources\\\/hrm\\\/2017-03-08\\\/deutschland-fachkraefte-wuenschen-sich-rueckkehrrecht-auf-vollzeit\\\/\"},\"author\":{\"name\":\"thomas.berner\",\"@id\":\"https:\\\/\\\/www.organisator.ch\\\/#\\\/schema\\\/person\\\/6f650f90b2842cd4c0cc334b4e36f67e\"},\"headline\":\"Deutschland: Fachkr\u00e4fte w\u00fcnschen sich R\u00fcckkehrrecht auf Vollzeit\",\"datePublished\":\"2017-03-08T08:19:49+00:00\",\"mainEntityOfPage\":{\"@id\":\"https:\\\/\\\/www.organisator.ch\\\/human-resources\\\/hrm\\\/2017-03-08\\\/deutschland-fachkraefte-wuenschen-sich-rueckkehrrecht-auf-vollzeit\\\/\"},\"wordCount\":493,\"commentCount\":0,\"publisher\":{\"@id\":\"https:\\\/\\\/www.organisator.ch\\\/#organization\"},\"image\":{\"@id\":\"https:\\\/\\\/www.organisator.ch\\\/human-resources\\\/hrm\\\/2017-03-08\\\/deutschland-fachkraefte-wuenschen-sich-rueckkehrrecht-auf-vollzeit\\\/#primaryimage\"},\"thumbnailUrl\":\"https:\\\/\\\/www.organisator.ch\\\/wp-content\\\/uploads\\\/2017\\\/03\\\/Deutschland-Fachkraefte-wuenschen-sich-Rueckkehrrecht-auf-Vollzeit_Organisator.jpg\",\"keywords\":[\"HRM\",\"Karriere\",\"Management\",\"Studie\"],\"articleSection\":[\"HRM\"],\"inLanguage\":\"fr-FR\"},{\"@type\":\"WebPage\",\"@id\":\"https:\\\/\\\/www.organisator.ch\\\/human-resources\\\/hrm\\\/2017-03-08\\\/deutschland-fachkraefte-wuenschen-sich-rueckkehrrecht-auf-vollzeit\\\/\",\"url\":\"https:\\\/\\\/www.organisator.ch\\\/human-resources\\\/hrm\\\/2017-03-08\\\/deutschland-fachkraefte-wuenschen-sich-rueckkehrrecht-auf-vollzeit\\\/\",\"name\":\"Deutschland: Fachkr\u00e4fte w\u00fcnschen sich R\u00fcckkehrrecht auf Vollzeit - Organisator\",\"isPartOf\":{\"@id\":\"https:\\\/\\\/www.organisator.ch\\\/#website\"},\"primaryImageOfPage\":{\"@id\":\"https:\\\/\\\/www.organisator.ch\\\/human-resources\\\/hrm\\\/2017-03-08\\\/deutschland-fachkraefte-wuenschen-sich-rueckkehrrecht-auf-vollzeit\\\/#primaryimage\"},\"image\":{\"@id\":\"https:\\\/\\\/www.organisator.ch\\\/human-resources\\\/hrm\\\/2017-03-08\\\/deutschland-fachkraefte-wuenschen-sich-rueckkehrrecht-auf-vollzeit\\\/#primaryimage\"},\"thumbnailUrl\":\"https:\\\/\\\/www.organisator.ch\\\/wp-content\\\/uploads\\\/2017\\\/03\\\/Deutschland-Fachkraefte-wuenschen-sich-Rueckkehrrecht-auf-Vollzeit_Organisator.jpg\",\"datePublished\":\"2017-03-08T08:19:49+00:00\",\"description\":\"In unserem n\u00f6rdlichen Nachbarland wollen viele Fachkr\u00e4fte, die Teilzeit arbeiten, wieder auf Vollzeit wechseln. In der Schweiz sieht es anders aus.\",\"breadcrumb\":{\"@id\":\"https:\\\/\\\/www.organisator.ch\\\/human-resources\\\/hrm\\\/2017-03-08\\\/deutschland-fachkraefte-wuenschen-sich-rueckkehrrecht-auf-vollzeit\\\/#breadcrumb\"},\"inLanguage\":\"fr-FR\",\"potentialAction\":[{\"@type\":\"ReadAction\",\"target\":[\"https:\\\/\\\/www.organisator.ch\\\/human-resources\\\/hrm\\\/2017-03-08\\\/deutschland-fachkraefte-wuenschen-sich-rueckkehrrecht-auf-vollzeit\\\/\"]}]},{\"@type\":\"ImageObject\",\"inLanguage\":\"fr-FR\",\"@id\":\"https:\\\/\\\/www.organisator.ch\\\/human-resources\\\/hrm\\\/2017-03-08\\\/deutschland-fachkraefte-wuenschen-sich-rueckkehrrecht-auf-vollzeit\\\/#primaryimage\",\"url\":\"https:\\\/\\\/www.organisator.ch\\\/wp-content\\\/uploads\\\/2017\\\/03\\\/Deutschland-Fachkraefte-wuenschen-sich-Rueckkehrrecht-auf-Vollzeit_Organisator.jpg\",\"contentUrl\":\"https:\\\/\\\/www.organisator.ch\\\/wp-content\\\/uploads\\\/2017\\\/03\\\/Deutschland-Fachkraefte-wuenschen-sich-Rueckkehrrecht-auf-Vollzeit_Organisator.jpg\",\"width\":640,\"height\":427,\"caption\":\"In Deutschland wollen viele Frauen nach der Elternzeit wieder Vollzeit arbeiten. (Bild: Fotolia.com)\"},{\"@type\":\"BreadcrumbList\",\"@id\":\"https:\\\/\\\/www.organisator.ch\\\/human-resources\\\/hrm\\\/2017-03-08\\\/deutschland-fachkraefte-wuenschen-sich-rueckkehrrecht-auf-vollzeit\\\/#breadcrumb\",\"itemListElement\":[{\"@type\":\"ListItem\",\"position\":1,\"name\":\"Home\",\"item\":\"https:\\\/\\\/www.organisator.ch\\\/\"},{\"@type\":\"ListItem\",\"position\":2,\"name\":\"Deutschland: Fachkr\u00e4fte w\u00fcnschen sich R\u00fcckkehrrecht auf Vollzeit\"}]},{\"@type\":\"WebSite\",\"@id\":\"https:\\\/\\\/www.organisator.ch\\\/#website\",\"url\":\"https:\\\/\\\/www.organisator.ch\\\/\",\"name\":\"Organisator\",\"description\":\"Kompetent. Praxisnah. Der ORGANISATOR bereitet in 10 Ausgaben pro Jahr die wesentlichen Themen f\u00fcr F\u00fchrungskr\u00e4fte von KMU auf.\",\"publisher\":{\"@id\":\"https:\\\/\\\/www.organisator.ch\\\/#organization\"},\"potentialAction\":[{\"@type\":\"SearchAction\",\"target\":{\"@type\":\"EntryPoint\",\"urlTemplate\":\"https:\\\/\\\/www.organisator.ch\\\/?s={search_term_string}\"},\"query-input\":{\"@type\":\"PropertyValueSpecification\",\"valueRequired\":true,\"valueName\":\"search_term_string\"}}],\"inLanguage\":\"fr-FR\"},{\"@type\":\"Organization\",\"@id\":\"https:\\\/\\\/www.organisator.ch\\\/#organization\",\"name\":\"Organisator\",\"url\":\"https:\\\/\\\/www.organisator.ch\\\/\",\"logo\":{\"@type\":\"ImageObject\",\"inLanguage\":\"fr-FR\",\"@id\":\"https:\\\/\\\/www.organisator.ch\\\/#\\\/schema\\\/logo\\\/image\\\/\",\"url\":\"https:\\\/\\\/www.organisator.ch\\\/wp-content\\\/uploads\\\/2022\\\/01\\\/Logo_Organisator_Website.png\",\"contentUrl\":\"https:\\\/\\\/www.organisator.ch\\\/wp-content\\\/uploads\\\/2022\\\/01\\\/Logo_Organisator_Website.png\",\"width\":800,\"height\":77,\"caption\":\"Organisator\"},\"image\":{\"@id\":\"https:\\\/\\\/www.organisator.ch\\\/#\\\/schema\\\/logo\\\/image\\\/\"},\"sameAs\":[\"https:\\\/\\\/www.facebook.com\\\/OrganisatorFachmagazin\",\"https:\\\/\\\/www.linkedin.com\\\/showcase\\\/organisator-das-magazin-fr-kmu\",\"https:\\\/\\\/www.xing.com\\\/news\\\/pages\\\/organisator-ch-695\",\"https:\\\/\\\/www.youtube.com\\\/channel\\\/UCGP2Sq0iWaZwT3BdIAQFYpw\"]},{\"@type\":\"Person\",\"@id\":\"https:\\\/\\\/www.organisator.ch\\\/#\\\/schema\\\/person\\\/6f650f90b2842cd4c0cc334b4e36f67e\",\"name\":\"thomas.berner\",\"image\":{\"@type\":\"ImageObject\",\"inLanguage\":\"fr-FR\",\"@id\":\"https:\\\/\\\/secure.gravatar.com\\\/avatar\\\/ac5001d2a36cb6c6cd3e50789007ffca834b477b74a2144564522e944eabff61?s=96&d=mm&r=g\",\"url\":\"https:\\\/\\\/secure.gravatar.com\\\/avatar\\\/ac5001d2a36cb6c6cd3e50789007ffca834b477b74a2144564522e944eabff61?s=96&d=mm&r=g\",\"contentUrl\":\"https:\\\/\\\/secure.gravatar.com\\\/avatar\\\/ac5001d2a36cb6c6cd3e50789007ffca834b477b74a2144564522e944eabff61?s=96&d=mm&r=g\",\"caption\":\"thomas.berner\"},\"url\":\"https:\\\/\\\/www.organisator.ch\\\/fr\\\/author\\\/thomas-berner\\\/\"}]}<\/script>\n<!-- \/ Yoast SEO plugin. -->","yoast_head_json":{"title":"Allemagne : les professionnels souhaitent un droit de retour au temps plein - Organisator","description":"Chez notre voisin du nord, de nombreux professionnels travaillant \u00e0 temps partiel souhaitent repasser \u00e0 temps plein. En Suisse, la situation est diff\u00e9rente.","robots":{"index":"index","follow":"follow","max-snippet":"max-snippet:-1","max-image-preview":"max-image-preview:large","max-video-preview":"max-video-preview:-1"},"canonical":"https:\/\/www.organisator.ch\/fr\/ressources-humaines\/hrm\/2017-03-08\/deutschland-fachkraefte-wuenschen-sich-rueckkehrrecht-auf-vollzeit\/","og_locale":"fr_FR","og_type":"article","og_title":"Deutschland: Fachkr\u00e4fte w\u00fcnschen sich R\u00fcckkehrrecht auf Vollzeit","og_description":"W\u00e4hrend in der Schweiz viel versucht wird, #Teilzeit-Arbeitsmodelle attraktiver zu machen, sieht es in unserem n\u00f6rdlichen Nachbarland anders aus: Da m\u00f6chten viele Fachkr\u00e4fte, die Teilzeit arbeiten, wieder auf #Vollzeit wechseln.","og_url":"https:\/\/www.organisator.ch\/fr\/ressources-humaines\/hrm\/2017-03-08\/deutschland-fachkraefte-wuenschen-sich-rueckkehrrecht-auf-vollzeit\/","og_site_name":"Organisator","article_publisher":"https:\/\/www.facebook.com\/OrganisatorFachmagazin","article_published_time":"2017-03-08T08:19:49+00:00","og_image":[{"width":640,"height":427,"url":"https:\/\/www.organisator.ch\/wp-content\/uploads\/2017\/03\/Deutschland-Fachkraefte-wuenschen-sich-Rueckkehrrecht-auf-Vollzeit_Organisator.jpg","type":"image\/jpeg"}],"author":"thomas.berner","twitter_card":"summary_large_image","twitter_title":"Deutschland: Fachkr\u00e4fte w\u00fcnschen sich #R\u00fcckkehrrecht auf #Vollzeit #R\u00fcckkehrrechtaufVollzeit","twitter_description":"W\u00e4hrend in der Schweiz viel versucht wird, #Teilzeit-Arbeitsmodelle attraktiver zu machen, sieht es in unserem n\u00f6rdlichen Nachbarland anders aus: Da m\u00f6chten viele Fachkr\u00e4fte, die Teilzeit arbeiten, wieder auf #Vollzeit wechseln.","twitter_image":"https:\/\/www.organisator.ch\/wp-content\/uploads\/2017\/03\/Deutschland-Fachkr\u00e4fte-w\u00fcnschen-sich-R\u00fcckkehrrecht-auf-Vollzeit_Organisator.jpg","schema":{"@context":"https:\/\/schema.org","@graph":[{"@type":"Article","@id":"https:\/\/www.organisator.ch\/human-resources\/hrm\/2017-03-08\/deutschland-fachkraefte-wuenschen-sich-rueckkehrrecht-auf-vollzeit\/#article","isPartOf":{"@id":"https:\/\/www.organisator.ch\/human-resources\/hrm\/2017-03-08\/deutschland-fachkraefte-wuenschen-sich-rueckkehrrecht-auf-vollzeit\/"},"author":{"name":"thomas.berner","@id":"https:\/\/www.organisator.ch\/#\/schema\/person\/6f650f90b2842cd4c0cc334b4e36f67e"},"headline":"Deutschland: Fachkr\u00e4fte w\u00fcnschen sich R\u00fcckkehrrecht auf Vollzeit","datePublished":"2017-03-08T08:19:49+00:00","mainEntityOfPage":{"@id":"https:\/\/www.organisator.ch\/human-resources\/hrm\/2017-03-08\/deutschland-fachkraefte-wuenschen-sich-rueckkehrrecht-auf-vollzeit\/"},"wordCount":493,"commentCount":0,"publisher":{"@id":"https:\/\/www.organisator.ch\/#organization"},"image":{"@id":"https:\/\/www.organisator.ch\/human-resources\/hrm\/2017-03-08\/deutschland-fachkraefte-wuenschen-sich-rueckkehrrecht-auf-vollzeit\/#primaryimage"},"thumbnailUrl":"https:\/\/www.organisator.ch\/wp-content\/uploads\/2017\/03\/Deutschland-Fachkraefte-wuenschen-sich-Rueckkehrrecht-auf-Vollzeit_Organisator.jpg","keywords":["HRM","Karriere","Management","Studie"],"articleSection":["HRM"],"inLanguage":"fr-FR"},{"@type":"WebPage","@id":"https:\/\/www.organisator.ch\/human-resources\/hrm\/2017-03-08\/deutschland-fachkraefte-wuenschen-sich-rueckkehrrecht-auf-vollzeit\/","url":"https:\/\/www.organisator.ch\/human-resources\/hrm\/2017-03-08\/deutschland-fachkraefte-wuenschen-sich-rueckkehrrecht-auf-vollzeit\/","name":"Allemagne : les professionnels souhaitent un droit de retour au temps plein - Organisator","isPartOf":{"@id":"https:\/\/www.organisator.ch\/#website"},"primaryImageOfPage":{"@id":"https:\/\/www.organisator.ch\/human-resources\/hrm\/2017-03-08\/deutschland-fachkraefte-wuenschen-sich-rueckkehrrecht-auf-vollzeit\/#primaryimage"},"image":{"@id":"https:\/\/www.organisator.ch\/human-resources\/hrm\/2017-03-08\/deutschland-fachkraefte-wuenschen-sich-rueckkehrrecht-auf-vollzeit\/#primaryimage"},"thumbnailUrl":"https:\/\/www.organisator.ch\/wp-content\/uploads\/2017\/03\/Deutschland-Fachkraefte-wuenschen-sich-Rueckkehrrecht-auf-Vollzeit_Organisator.jpg","datePublished":"2017-03-08T08:19:49+00:00","description":"Chez notre voisin du nord, de nombreux professionnels travaillant \u00e0 temps partiel souhaitent repasser \u00e0 temps plein. En Suisse, la situation est diff\u00e9rente.","breadcrumb":{"@id":"https:\/\/www.organisator.ch\/human-resources\/hrm\/2017-03-08\/deutschland-fachkraefte-wuenschen-sich-rueckkehrrecht-auf-vollzeit\/#breadcrumb"},"inLanguage":"fr-FR","potentialAction":[{"@type":"ReadAction","target":["https:\/\/www.organisator.ch\/human-resources\/hrm\/2017-03-08\/deutschland-fachkraefte-wuenschen-sich-rueckkehrrecht-auf-vollzeit\/"]}]},{"@type":"ImageObject","inLanguage":"fr-FR","@id":"https:\/\/www.organisator.ch\/human-resources\/hrm\/2017-03-08\/deutschland-fachkraefte-wuenschen-sich-rueckkehrrecht-auf-vollzeit\/#primaryimage","url":"https:\/\/www.organisator.ch\/wp-content\/uploads\/2017\/03\/Deutschland-Fachkraefte-wuenschen-sich-Rueckkehrrecht-auf-Vollzeit_Organisator.jpg","contentUrl":"https:\/\/www.organisator.ch\/wp-content\/uploads\/2017\/03\/Deutschland-Fachkraefte-wuenschen-sich-Rueckkehrrecht-auf-Vollzeit_Organisator.jpg","width":640,"height":427,"caption":"In Deutschland wollen viele Frauen nach der Elternzeit wieder Vollzeit arbeiten. (Bild: Fotolia.com)"},{"@type":"BreadcrumbList","@id":"https:\/\/www.organisator.ch\/human-resources\/hrm\/2017-03-08\/deutschland-fachkraefte-wuenschen-sich-rueckkehrrecht-auf-vollzeit\/#breadcrumb","itemListElement":[{"@type":"ListItem","position":1,"name":"Home","item":"https:\/\/www.organisator.ch\/"},{"@type":"ListItem","position":2,"name":"Deutschland: Fachkr\u00e4fte w\u00fcnschen sich R\u00fcckkehrrecht auf Vollzeit"}]},{"@type":"WebSite","@id":"https:\/\/www.organisator.ch\/#website","url":"https:\/\/www.organisator.ch\/","name":"Organisateur","description":"Comp\u00e9tence et comp\u00e9tence. Proches de la pratique. L'ORGANISATEUR pr\u00e9pare 10 num\u00e9ros par an sur les th\u00e8mes essentiels pour les dirigeants de PME.","publisher":{"@id":"https:\/\/www.organisator.ch\/#organization"},"potentialAction":[{"@type":"SearchAction","target":{"@type":"EntryPoint","urlTemplate":"https:\/\/www.organisator.ch\/?s={search_term_string}"},"query-input":{"@type":"PropertyValueSpecification","valueRequired":true,"valueName":"search_term_string"}}],"inLanguage":"fr-FR"},{"@type":"Organization","@id":"https:\/\/www.organisator.ch\/#organization","name":"Organisateur","url":"https:\/\/www.organisator.ch\/","logo":{"@type":"ImageObject","inLanguage":"fr-FR","@id":"https:\/\/www.organisator.ch\/#\/schema\/logo\/image\/","url":"https:\/\/www.organisator.ch\/wp-content\/uploads\/2022\/01\/Logo_Organisator_Website.png","contentUrl":"https:\/\/www.organisator.ch\/wp-content\/uploads\/2022\/01\/Logo_Organisator_Website.png","width":800,"height":77,"caption":"Organisator"},"image":{"@id":"https:\/\/www.organisator.ch\/#\/schema\/logo\/image\/"},"sameAs":["https:\/\/www.facebook.com\/OrganisatorFachmagazin","https:\/\/www.linkedin.com\/showcase\/organisator-das-magazin-fr-kmu","https:\/\/www.xing.com\/news\/pages\/organisator-ch-695","https:\/\/www.youtube.com\/channel\/UCGP2Sq0iWaZwT3BdIAQFYpw"]},{"@type":"Person","@id":"https:\/\/www.organisator.ch\/#\/schema\/person\/6f650f90b2842cd4c0cc334b4e36f67e","name":"thomas.berner","image":{"@type":"ImageObject","inLanguage":"fr-FR","@id":"https:\/\/secure.gravatar.com\/avatar\/ac5001d2a36cb6c6cd3e50789007ffca834b477b74a2144564522e944eabff61?s=96&d=mm&r=g","url":"https:\/\/secure.gravatar.com\/avatar\/ac5001d2a36cb6c6cd3e50789007ffca834b477b74a2144564522e944eabff61?s=96&d=mm&r=g","contentUrl":"https:\/\/secure.gravatar.com\/avatar\/ac5001d2a36cb6c6cd3e50789007ffca834b477b74a2144564522e944eabff61?s=96&d=mm&r=g","caption":"thomas.berner"},"url":"https:\/\/www.organisator.ch\/fr\/author\/thomas-berner\/"}]}},"_links":{"self":[{"href":"https:\/\/www.organisator.ch\/fr\/wp-json\/wp\/v2\/posts\/1599","targetHints":{"allow":["GET"]}}],"collection":[{"href":"https:\/\/www.organisator.ch\/fr\/wp-json\/wp\/v2\/posts"}],"about":[{"href":"https:\/\/www.organisator.ch\/fr\/wp-json\/wp\/v2\/types\/post"}],"author":[{"embeddable":true,"href":"https:\/\/www.organisator.ch\/fr\/wp-json\/wp\/v2\/users\/4"}],"replies":[{"embeddable":true,"href":"https:\/\/www.organisator.ch\/fr\/wp-json\/wp\/v2\/comments?post=1599"}],"version-history":[{"count":0,"href":"https:\/\/www.organisator.ch\/fr\/wp-json\/wp\/v2\/posts\/1599\/revisions"}],"wp:featuredmedia":[{"embeddable":true,"href":"https:\/\/www.organisator.ch\/fr\/wp-json\/wp\/v2\/media\/1601"}],"wp:attachment":[{"href":"https:\/\/www.organisator.ch\/fr\/wp-json\/wp\/v2\/media?parent=1599"}],"wp:term":[{"taxonomy":"category","embeddable":true,"href":"https:\/\/www.organisator.ch\/fr\/wp-json\/wp\/v2\/categories?post=1599"},{"taxonomy":"post_tag","embeddable":true,"href":"https:\/\/www.organisator.ch\/fr\/wp-json\/wp\/v2\/tags?post=1599"}],"curies":[{"name":"wp","href":"https:\/\/api.w.org\/{rel}","templated":true}]}}