{"id":16140,"date":"2022-07-26T14:18:24","date_gmt":"2022-07-26T12:18:24","guid":{"rendered":"https:\/\/www.werbewoche.ch\/?p=183862"},"modified":"2022-08-03T09:38:35","modified_gmt":"2022-08-03T07:38:35","slug":"vier-buecher-die-sie-interessieren-koennten-6","status":"publish","type":"post","link":"https:\/\/www.organisator.ch\/fr\/marketing\/2022-07-26\/vier-buecher-die-sie-interessieren-koennten-6\/","title":{"rendered":"Quatre livres qui pourraient vous int\u00e9resser"},"content":{"rendered":"<strong><img class=\"aligncenter wp-image-183865 size-full\" src=\"https:\/\/www.werbewoche.ch\/wp-content\/uploads\/2022\/08\/Lesetipps-Juli-Getabstract.jpg\" alt=\"Livres\" width=\"1200\" height=\"850\" \/>Changement<\/strong>\r\n\r\n<em>Comment les entreprises obtiennent des r\u00e9sultats exceptionnels en p\u00e9riode d'instabilit\u00e9. <\/em>\r\n<ul>\r\n \t<li>Auteur : John P. Kotter, Vanessa Akhtar et Gaurav Gupta<\/li>\r\n \t<li>Maison d'\u00e9dition : Wiley-VCH, 2022<\/li>\r\n \t<li>Pages : 256<\/li>\r\n \t<li>ISBN : 9783527510986<\/li>\r\n<\/ul>\r\nLe monde change de plus en plus vite et les organisations doivent s'adapter. Or, les projets de changement connaissent un taux d'\u00e9chec extraordinairement \u00e9lev\u00e9. John P. Kotter, Vanessa Akhtar et Gaurav Gupta expliquent clairement et de mani\u00e8re concluante pourquoi. Pour eux, il ne fait aucun doute que les entreprises misent beaucoup trop sur le management et beaucoup trop peu sur la direction. Avec des arguments clairs et de nombreux exemples, ils \u00e9tayent leur th\u00e8se et montrent en m\u00eame temps des pistes pour r\u00e9ussir le changement vers une organisation capable de s'adapter.\r\n\r\n<img class=\"aligncenter wp-image-183864 size-full\" src=\"https:\/\/www.werbewoche.ch\/wp-content\/uploads\/2022\/08\/change.jpg\" alt=\"Livres\" width=\"1200\" height=\"850\" \/>\r\n\r\n<strong>D\u00e9sapprendre la hi\u00e9rarchie<\/strong>\r\n\r\n<em>Exp\u00e9dition dans l'auto-organisation. <\/em>\r\n<ul>\r\n \t<li>Auteur : Lennart Keil et Daniel Vonier<\/li>\r\n \t<li>Maison d'\u00e9dition : Vahlen Verlag, 2021<\/li>\r\n \t<li>Pages : 252<\/li>\r\n \t<li>ISBN : 9783800666423<\/li>\r\n<\/ul>\r\nLe nouveau travail est un mot \u00e0 la mode. Pourtant, le nouveau travail tant vant\u00e9 n'est souvent qu'un spectacle. Il fait l'objet de discussions enflamm\u00e9es lors de panels - et dans le quotidien de l'entreprise, les m\u00eames vieux jeux hi\u00e9rarchiques se d\u00e9roulent comme il y a 50 ans. Ce livre met le doigt dans la plaie. Il ne propose pas de nouveaux outils. Au contraire : il s'accompagne de douleur et de souffrance. Selon les auteurs, une entreprise doit passer par l\u00e0 si elle veut vraiment permettre l'auto-organisation. D\u00e9sapprendre les hi\u00e9rarchies est un processus tr\u00e8s difficile. Heureusement, la lecture de ce livre ne l'est pas.\r\n\r\n<strong><img class=\"aligncenter wp-image-183863 size-full\" src=\"https:\/\/www.werbewoche.ch\/wp-content\/uploads\/2022\/08\/unlearning-hierarchy.jpg\" alt=\"Livres\" width=\"1200\" height=\"850\" \/>La personnalit\u00e9 fait carri\u00e8re<\/strong>\r\n\r\n<em>Vous posez ainsi les jalons de votre propre parcours professionnel. <\/em>\r\n<ul>\r\n \t<li>Auteur : Stephanie Schorp<\/li>\r\n \t<li>Maison d'\u00e9dition : Campus Verlag, 2022<\/li>\r\n \t<li>Pages : 222<\/li>\r\n \t<li>ISBN : 9783593515427<\/li>\r\n<\/ul>\r\nDans ce livre, Stephanie Schorp partage des tr\u00e9sors d'exp\u00e9rience tir\u00e9s de sa carri\u00e8re de chasseuse de t\u00eates. Elle donne de pr\u00e9cieux conseils aux cadres et \u00e0 tous ceux qui souhaitent progresser dans leur carri\u00e8re. Schorp met l'accent sur les traits de personnalit\u00e9 et les aptitudes telles que l'autor\u00e9flexion, la volont\u00e9 de communiquer et la tol\u00e9rance \u00e0 la frustration. Que vous vous pr\u00e9pariez \u00e0 faire le saut dans la cour des grands ou que vous souhaitiez passer \u00e0 l'\u00e9tape suivante \u00e0 des niveaux inf\u00e9rieurs, le livre fournit des conseils importants pour chaque \u00e9volution de carri\u00e8re.\r\n\r\n<strong><img class=\"aligncenter wp-image-183867 size-full\" src=\"https:\/\/www.werbewoche.ch\/wp-content\/uploads\/2022\/08\/persoenlichkeit_macht_karriere.jpg\" alt=\"Livres\" width=\"1200\" height=\"850\" \/>Le principe de la l\u00e9g\u00e8ret\u00e9 de la plume<\/strong>\r\n\r\n<em>Le secret d'une carri\u00e8re sereine. <\/em>\r\n<ul>\r\n \t<li>Auteur : Jens Weidner et Laura Kellermann<\/li>\r\n \t<li>Maison d'\u00e9dition : Campus Verlag, 2021<\/li>\r\n \t<li>Pages : 240<\/li>\r\n \t<li>ISBN : 9783593514727<\/li>\r\n<\/ul>\r\nLes psychologues appellent le syndrome de l'imposteur un doute persistant sur soi-m\u00eame. Malgr\u00e9 des performances objectivement bonnes, les personnes concern\u00e9es ne peuvent pas se d\u00e9barrasser du sentiment d'incomp\u00e9tence. Un nombre \u00e9tonnamment \u00e9lev\u00e9 de cadres connaissent ce ph\u00e9nom\u00e8ne. Surmonter le doute de soi est le th\u00e8me de ce livre. La premi\u00e8re partie est consacr\u00e9e aux bases th\u00e9oriques et conceptuelles. La deuxi\u00e8me partie contient toute une s\u00e9rie de modules d'exercices imm\u00e9diatement applicables dans le cadre de l'autocoaching. Les personnes qui souhaitent acqu\u00e9rir plus de s\u00e9curit\u00e9 psychologique et de confiance en soi sont bien servies par ce livre.\r\n\r\n<img class=\"aligncenter wp-image-183866 size-full\" src=\"https:\/\/www.werbewoche.ch\/wp-content\/uploads\/2022\/08\/das_federleicht_prinzip.jpg\" alt=\"Livres\" width=\"1200\" height=\"850\" \/>","protected":false},"excerpt":{"rendered":"<p>Change Wie Unternehmen in unbest\u00e4ndigen Zeiten herausragende Ergebnisse erzielen. Autor: John P. Kotter, Vanessa Akhtar und Gaurav Gupta Verlag: Wiley-VCH, 2022 Seiten: 256 ISBN: 9783527510986 Die Welt ver\u00e4ndert sich immer schneller und Organisationen m\u00fcssen sich anpassen. Change-Projekte haben jedoch eine ausserordentlich hohe Misserfolgsquote. Woran das liegt, erl\u00e4utern John P. Kotter, Vanessa Akhtar und Gaurav Gupta [\u2026]<\/p>\n","protected":false},"author":8,"featured_media":0,"comment_status":"closed","ping_status":"closed","sticky":false,"template":"","format":"standard","meta":{"_acf_changed":false,"_yoast_wpseo_focuskw":"B\u00fccher","_yoast_wpseo_metadesc":"In Zusammenarbeit mit GetAbstract stellen wir Ihnen vier B\u00fccher aus dem Marketing- und Kommunikationsbereich vor.","articlekey":"","footnotes":""},"categories":[29],"tags":[2947],"class_list":["post-16140","post","type-post","status-publish","format-standard","hentry","category-marketing","tag-buecher"],"acf":[],"yoast_head":"<!-- This site is optimized with the Yoast SEO plugin v27.5 - https:\/\/yoast.com\/product\/yoast-seo-wordpress\/ -->\n<title>Vier B\u00fccher, die Sie interessieren k\u00f6nnten - Organisator<\/title>\n<meta name=\"description\" content=\"In Zusammenarbeit mit GetAbstract stellen wir Ihnen vier B\u00fccher aus dem Marketing- und Kommunikationsbereich vor.\" \/>\n<meta name=\"robots\" content=\"index, follow, max-snippet:-1, max-image-preview:large, max-video-preview:-1\" \/>\n<link rel=\"canonical\" href=\"https:\/\/www.werbewoche.ch\/de\/marketing\/2022-07-26\/vier-buecher-die-sie-interessieren-koennten-17\/\" \/>\n<meta property=\"og:locale\" content=\"fr_FR\" \/>\n<meta property=\"og:type\" content=\"article\" \/>\n<meta property=\"og:title\" content=\"Vier B\u00fccher, die Sie interessieren k\u00f6nnten - Organisator\" \/>\n<meta property=\"og:description\" content=\"In Zusammenarbeit mit GetAbstract stellen wir Ihnen vier B\u00fccher aus dem Marketing- und Kommunikationsbereich vor.\" \/>\n<meta property=\"og:url\" content=\"https:\/\/www.werbewoche.ch\/de\/marketing\/2022-07-26\/vier-buecher-die-sie-interessieren-koennten-17\/\" \/>\n<meta property=\"og:site_name\" content=\"Organisator\" \/>\n<meta property=\"article:publisher\" content=\"https:\/\/www.facebook.com\/OrganisatorFachmagazin\" \/>\n<meta property=\"article:published_time\" content=\"2022-07-26T12:18:24+00:00\" \/>\n<meta property=\"article:modified_time\" content=\"2022-08-03T07:38:35+00:00\" \/>\n<meta property=\"og:image\" content=\"https:\/\/www.werbewoche.ch\/wp-content\/uploads\/2022\/08\/Lesetipps-Juli-Getabstract.jpg\" \/>\n<meta name=\"author\" content=\"galledia\" \/>\n<meta name=\"twitter:card\" content=\"summary_large_image\" \/>\n<meta name=\"twitter:creator\" content=\"@admin\" \/>\n<script type=\"application\/ld+json\" class=\"yoast-schema-graph\">{\"@context\":\"https:\\\/\\\/schema.org\",\"@graph\":[{\"@type\":\"Article\",\"@id\":\"https:\\\/\\\/www.werbewoche.ch\\\/de\\\/marketing\\\/2022-07-26\\\/vier-buecher-die-sie-interessieren-koennten-17\\\/#article\",\"isPartOf\":{\"@id\":\"https:\\\/\\\/www.organisator.ch\\\/marketing\\\/2022-07-26\\\/vier-buecher-die-sie-interessieren-koennten-6\\\/\"},\"author\":{\"name\":\"galledia\",\"@id\":\"https:\\\/\\\/www.organisator.ch\\\/#\\\/schema\\\/person\\\/4e51799071cd2dd1232ac003643ef5f0\"},\"headline\":\"Vier B\u00fccher, die Sie interessieren k\u00f6nnten\",\"datePublished\":\"2022-07-26T12:18:24+00:00\",\"dateModified\":\"2022-08-03T07:38:35+00:00\",\"mainEntityOfPage\":{\"@id\":\"https:\\\/\\\/www.organisator.ch\\\/marketing\\\/2022-07-26\\\/vier-buecher-die-sie-interessieren-koennten-6\\\/\"},\"wordCount\":421,\"publisher\":{\"@id\":\"https:\\\/\\\/www.organisator.ch\\\/#organization\"},\"image\":{\"@id\":\"https:\\\/\\\/www.werbewoche.ch\\\/de\\\/marketing\\\/2022-07-26\\\/vier-buecher-die-sie-interessieren-koennten-17\\\/#primaryimage\"},\"thumbnailUrl\":\"https:\\\/\\\/www.werbewoche.ch\\\/wp-content\\\/uploads\\\/2022\\\/08\\\/Lesetipps-Juli-Getabstract.jpg\",\"keywords\":[\"B\u00fccher\"],\"articleSection\":[\"MARKETING\"],\"inLanguage\":\"fr-FR\"},{\"@type\":\"WebPage\",\"@id\":\"https:\\\/\\\/www.organisator.ch\\\/marketing\\\/2022-07-26\\\/vier-buecher-die-sie-interessieren-koennten-6\\\/\",\"url\":\"https:\\\/\\\/www.werbewoche.ch\\\/de\\\/marketing\\\/2022-07-26\\\/vier-buecher-die-sie-interessieren-koennten-17\\\/\",\"name\":\"Vier B\u00fccher, die Sie interessieren k\u00f6nnten - Organisator\",\"isPartOf\":{\"@id\":\"https:\\\/\\\/www.organisator.ch\\\/#website\"},\"primaryImageOfPage\":{\"@id\":\"https:\\\/\\\/www.werbewoche.ch\\\/de\\\/marketing\\\/2022-07-26\\\/vier-buecher-die-sie-interessieren-koennten-17\\\/#primaryimage\"},\"image\":{\"@id\":\"https:\\\/\\\/www.werbewoche.ch\\\/de\\\/marketing\\\/2022-07-26\\\/vier-buecher-die-sie-interessieren-koennten-17\\\/#primaryimage\"},\"thumbnailUrl\":\"https:\\\/\\\/www.werbewoche.ch\\\/wp-content\\\/uploads\\\/2022\\\/08\\\/Lesetipps-Juli-Getabstract.jpg\",\"datePublished\":\"2022-07-26T12:18:24+00:00\",\"dateModified\":\"2022-08-03T07:38:35+00:00\",\"description\":\"In Zusammenarbeit mit GetAbstract stellen wir Ihnen vier B\u00fccher aus dem Marketing- und Kommunikationsbereich vor.\",\"breadcrumb\":{\"@id\":\"https:\\\/\\\/www.werbewoche.ch\\\/de\\\/marketing\\\/2022-07-26\\\/vier-buecher-die-sie-interessieren-koennten-17\\\/#breadcrumb\"},\"inLanguage\":\"fr-FR\",\"potentialAction\":[{\"@type\":\"ReadAction\",\"target\":[\"https:\\\/\\\/www.werbewoche.ch\\\/de\\\/marketing\\\/2022-07-26\\\/vier-buecher-die-sie-interessieren-koennten-17\\\/\"]}]},{\"@type\":\"ImageObject\",\"inLanguage\":\"fr-FR\",\"@id\":\"https:\\\/\\\/www.werbewoche.ch\\\/de\\\/marketing\\\/2022-07-26\\\/vier-buecher-die-sie-interessieren-koennten-17\\\/#primaryimage\",\"url\":\"https:\\\/\\\/www.werbewoche.ch\\\/wp-content\\\/uploads\\\/2022\\\/08\\\/Lesetipps-Juli-Getabstract.jpg\",\"contentUrl\":\"https:\\\/\\\/www.werbewoche.ch\\\/wp-content\\\/uploads\\\/2022\\\/08\\\/Lesetipps-Juli-Getabstract.jpg\"},{\"@type\":\"BreadcrumbList\",\"@id\":\"https:\\\/\\\/www.werbewoche.ch\\\/de\\\/marketing\\\/2022-07-26\\\/vier-buecher-die-sie-interessieren-koennten-17\\\/#breadcrumb\",\"itemListElement\":[{\"@type\":\"ListItem\",\"position\":1,\"name\":\"Home\",\"item\":\"https:\\\/\\\/www.organisator.ch\\\/\"},{\"@type\":\"ListItem\",\"position\":2,\"name\":\"Vier B\u00fccher, die Sie interessieren k\u00f6nnten\"}]},{\"@type\":\"WebSite\",\"@id\":\"https:\\\/\\\/www.organisator.ch\\\/#website\",\"url\":\"https:\\\/\\\/www.organisator.ch\\\/\",\"name\":\"Organisator\",\"description\":\"Kompetent. Praxisnah. Der ORGANISATOR bereitet in 10 Ausgaben pro Jahr die wesentlichen Themen f\u00fcr F\u00fchrungskr\u00e4fte von KMU auf.\",\"publisher\":{\"@id\":\"https:\\\/\\\/www.organisator.ch\\\/#organization\"},\"potentialAction\":[{\"@type\":\"SearchAction\",\"target\":{\"@type\":\"EntryPoint\",\"urlTemplate\":\"https:\\\/\\\/www.organisator.ch\\\/?s={search_term_string}\"},\"query-input\":{\"@type\":\"PropertyValueSpecification\",\"valueRequired\":true,\"valueName\":\"search_term_string\"}}],\"inLanguage\":\"fr-FR\"},{\"@type\":\"Organization\",\"@id\":\"https:\\\/\\\/www.organisator.ch\\\/#organization\",\"name\":\"Organisator\",\"url\":\"https:\\\/\\\/www.organisator.ch\\\/\",\"logo\":{\"@type\":\"ImageObject\",\"inLanguage\":\"fr-FR\",\"@id\":\"https:\\\/\\\/www.organisator.ch\\\/#\\\/schema\\\/logo\\\/image\\\/\",\"url\":\"https:\\\/\\\/www.organisator.ch\\\/wp-content\\\/uploads\\\/2022\\\/01\\\/Logo_Organisator_Website.png\",\"contentUrl\":\"https:\\\/\\\/www.organisator.ch\\\/wp-content\\\/uploads\\\/2022\\\/01\\\/Logo_Organisator_Website.png\",\"width\":800,\"height\":77,\"caption\":\"Organisator\"},\"image\":{\"@id\":\"https:\\\/\\\/www.organisator.ch\\\/#\\\/schema\\\/logo\\\/image\\\/\"},\"sameAs\":[\"https:\\\/\\\/www.facebook.com\\\/OrganisatorFachmagazin\",\"https:\\\/\\\/www.linkedin.com\\\/showcase\\\/organisator-das-magazin-fr-kmu\",\"https:\\\/\\\/www.xing.com\\\/news\\\/pages\\\/organisator-ch-695\",\"https:\\\/\\\/www.youtube.com\\\/channel\\\/UCGP2Sq0iWaZwT3BdIAQFYpw\"]},{\"@type\":\"Person\",\"@id\":\"https:\\\/\\\/www.organisator.ch\\\/#\\\/schema\\\/person\\\/4e51799071cd2dd1232ac003643ef5f0\",\"name\":\"galledia\",\"image\":{\"@type\":\"ImageObject\",\"inLanguage\":\"fr-FR\",\"@id\":\"https:\\\/\\\/secure.gravatar.com\\\/avatar\\\/78a7f90c01fc2bfc875782a0d4922b37cde2cf184ce347b91316d23cd7f69a36?s=96&d=mm&r=g\",\"url\":\"https:\\\/\\\/secure.gravatar.com\\\/avatar\\\/78a7f90c01fc2bfc875782a0d4922b37cde2cf184ce347b91316d23cd7f69a36?s=96&d=mm&r=g\",\"contentUrl\":\"https:\\\/\\\/secure.gravatar.com\\\/avatar\\\/78a7f90c01fc2bfc875782a0d4922b37cde2cf184ce347b91316d23cd7f69a36?s=96&d=mm&r=g\",\"caption\":\"galledia\"},\"sameAs\":[\"https:\\\/\\\/x.com\\\/admin\"],\"url\":\"https:\\\/\\\/www.organisator.ch\\\/fr\\\/author\\\/galledia\\\/\"}]}<\/script>\n<!-- \/ Yoast SEO plugin. -->","yoast_head_json":{"title":"Quatre livres qui pourraient vous int\u00e9resser - Organisateur","description":"En collaboration avec GetAbstract, nous vous pr\u00e9sentons quatre livres dans le domaine du marketing et de la communication.","robots":{"index":"index","follow":"follow","max-snippet":"max-snippet:-1","max-image-preview":"max-image-preview:large","max-video-preview":"max-video-preview:-1"},"canonical":"https:\/\/www.werbewoche.ch\/de\/marketing\/2022-07-26\/vier-buecher-die-sie-interessieren-koennten-17\/","og_locale":"fr_FR","og_type":"article","og_title":"Vier B\u00fccher, die Sie interessieren k\u00f6nnten - Organisator","og_description":"In Zusammenarbeit mit GetAbstract stellen wir Ihnen vier B\u00fccher aus dem Marketing- und Kommunikationsbereich vor.","og_url":"https:\/\/www.werbewoche.ch\/de\/marketing\/2022-07-26\/vier-buecher-die-sie-interessieren-koennten-17\/","og_site_name":"Organisator","article_publisher":"https:\/\/www.facebook.com\/OrganisatorFachmagazin","article_published_time":"2022-07-26T12:18:24+00:00","article_modified_time":"2022-08-03T07:38:35+00:00","og_image":[{"url":"https:\/\/www.werbewoche.ch\/wp-content\/uploads\/2022\/08\/Lesetipps-Juli-Getabstract.jpg","type":"","width":"","height":""}],"author":"galledia","twitter_card":"summary_large_image","twitter_creator":"@admin","schema":{"@context":"https:\/\/schema.org","@graph":[{"@type":"Article","@id":"https:\/\/www.werbewoche.ch\/de\/marketing\/2022-07-26\/vier-buecher-die-sie-interessieren-koennten-17\/#article","isPartOf":{"@id":"https:\/\/www.organisator.ch\/marketing\/2022-07-26\/vier-buecher-die-sie-interessieren-koennten-6\/"},"author":{"name":"galledia","@id":"https:\/\/www.organisator.ch\/#\/schema\/person\/4e51799071cd2dd1232ac003643ef5f0"},"headline":"Vier B\u00fccher, die Sie interessieren k\u00f6nnten","datePublished":"2022-07-26T12:18:24+00:00","dateModified":"2022-08-03T07:38:35+00:00","mainEntityOfPage":{"@id":"https:\/\/www.organisator.ch\/marketing\/2022-07-26\/vier-buecher-die-sie-interessieren-koennten-6\/"},"wordCount":421,"publisher":{"@id":"https:\/\/www.organisator.ch\/#organization"},"image":{"@id":"https:\/\/www.werbewoche.ch\/de\/marketing\/2022-07-26\/vier-buecher-die-sie-interessieren-koennten-17\/#primaryimage"},"thumbnailUrl":"https:\/\/www.werbewoche.ch\/wp-content\/uploads\/2022\/08\/Lesetipps-Juli-Getabstract.jpg","keywords":["B\u00fccher"],"articleSection":["MARKETING"],"inLanguage":"fr-FR"},{"@type":"WebPage","@id":"https:\/\/www.organisator.ch\/marketing\/2022-07-26\/vier-buecher-die-sie-interessieren-koennten-6\/","url":"https:\/\/www.werbewoche.ch\/de\/marketing\/2022-07-26\/vier-buecher-die-sie-interessieren-koennten-17\/","name":"Quatre livres qui pourraient vous int\u00e9resser - Organisateur","isPartOf":{"@id":"https:\/\/www.organisator.ch\/#website"},"primaryImageOfPage":{"@id":"https:\/\/www.werbewoche.ch\/de\/marketing\/2022-07-26\/vier-buecher-die-sie-interessieren-koennten-17\/#primaryimage"},"image":{"@id":"https:\/\/www.werbewoche.ch\/de\/marketing\/2022-07-26\/vier-buecher-die-sie-interessieren-koennten-17\/#primaryimage"},"thumbnailUrl":"https:\/\/www.werbewoche.ch\/wp-content\/uploads\/2022\/08\/Lesetipps-Juli-Getabstract.jpg","datePublished":"2022-07-26T12:18:24+00:00","dateModified":"2022-08-03T07:38:35+00:00","description":"En collaboration avec GetAbstract, nous vous pr\u00e9sentons quatre livres dans le domaine du marketing et de la communication.","breadcrumb":{"@id":"https:\/\/www.werbewoche.ch\/de\/marketing\/2022-07-26\/vier-buecher-die-sie-interessieren-koennten-17\/#breadcrumb"},"inLanguage":"fr-FR","potentialAction":[{"@type":"ReadAction","target":["https:\/\/www.werbewoche.ch\/de\/marketing\/2022-07-26\/vier-buecher-die-sie-interessieren-koennten-17\/"]}]},{"@type":"ImageObject","inLanguage":"fr-FR","@id":"https:\/\/www.werbewoche.ch\/de\/marketing\/2022-07-26\/vier-buecher-die-sie-interessieren-koennten-17\/#primaryimage","url":"https:\/\/www.werbewoche.ch\/wp-content\/uploads\/2022\/08\/Lesetipps-Juli-Getabstract.jpg","contentUrl":"https:\/\/www.werbewoche.ch\/wp-content\/uploads\/2022\/08\/Lesetipps-Juli-Getabstract.jpg"},{"@type":"BreadcrumbList","@id":"https:\/\/www.werbewoche.ch\/de\/marketing\/2022-07-26\/vier-buecher-die-sie-interessieren-koennten-17\/#breadcrumb","itemListElement":[{"@type":"ListItem","position":1,"name":"Home","item":"https:\/\/www.organisator.ch\/"},{"@type":"ListItem","position":2,"name":"Vier B\u00fccher, die Sie interessieren k\u00f6nnten"}]},{"@type":"WebSite","@id":"https:\/\/www.organisator.ch\/#website","url":"https:\/\/www.organisator.ch\/","name":"Organisateur","description":"Comp\u00e9tence et comp\u00e9tence. Proches de la pratique. L'ORGANISATEUR pr\u00e9pare 10 num\u00e9ros par an sur les th\u00e8mes essentiels pour les dirigeants de PME.","publisher":{"@id":"https:\/\/www.organisator.ch\/#organization"},"potentialAction":[{"@type":"SearchAction","target":{"@type":"EntryPoint","urlTemplate":"https:\/\/www.organisator.ch\/?s={search_term_string}"},"query-input":{"@type":"PropertyValueSpecification","valueRequired":true,"valueName":"search_term_string"}}],"inLanguage":"fr-FR"},{"@type":"Organization","@id":"https:\/\/www.organisator.ch\/#organization","name":"Organisateur","url":"https:\/\/www.organisator.ch\/","logo":{"@type":"ImageObject","inLanguage":"fr-FR","@id":"https:\/\/www.organisator.ch\/#\/schema\/logo\/image\/","url":"https:\/\/www.organisator.ch\/wp-content\/uploads\/2022\/01\/Logo_Organisator_Website.png","contentUrl":"https:\/\/www.organisator.ch\/wp-content\/uploads\/2022\/01\/Logo_Organisator_Website.png","width":800,"height":77,"caption":"Organisator"},"image":{"@id":"https:\/\/www.organisator.ch\/#\/schema\/logo\/image\/"},"sameAs":["https:\/\/www.facebook.com\/OrganisatorFachmagazin","https:\/\/www.linkedin.com\/showcase\/organisator-das-magazin-fr-kmu","https:\/\/www.xing.com\/news\/pages\/organisator-ch-695","https:\/\/www.youtube.com\/channel\/UCGP2Sq0iWaZwT3BdIAQFYpw"]},{"@type":"Person","@id":"https:\/\/www.organisator.ch\/#\/schema\/person\/4e51799071cd2dd1232ac003643ef5f0","name":"galledia","image":{"@type":"ImageObject","inLanguage":"fr-FR","@id":"https:\/\/secure.gravatar.com\/avatar\/78a7f90c01fc2bfc875782a0d4922b37cde2cf184ce347b91316d23cd7f69a36?s=96&d=mm&r=g","url":"https:\/\/secure.gravatar.com\/avatar\/78a7f90c01fc2bfc875782a0d4922b37cde2cf184ce347b91316d23cd7f69a36?s=96&d=mm&r=g","contentUrl":"https:\/\/secure.gravatar.com\/avatar\/78a7f90c01fc2bfc875782a0d4922b37cde2cf184ce347b91316d23cd7f69a36?s=96&d=mm&r=g","caption":"galledia"},"sameAs":["https:\/\/x.com\/admin"],"url":"https:\/\/www.organisator.ch\/fr\/author\/galledia\/"}]}},"_links":{"self":[{"href":"https:\/\/www.organisator.ch\/fr\/wp-json\/wp\/v2\/posts\/16140","targetHints":{"allow":["GET"]}}],"collection":[{"href":"https:\/\/www.organisator.ch\/fr\/wp-json\/wp\/v2\/posts"}],"about":[{"href":"https:\/\/www.organisator.ch\/fr\/wp-json\/wp\/v2\/types\/post"}],"author":[{"embeddable":true,"href":"https:\/\/www.organisator.ch\/fr\/wp-json\/wp\/v2\/users\/8"}],"replies":[{"embeddable":true,"href":"https:\/\/www.organisator.ch\/fr\/wp-json\/wp\/v2\/comments?post=16140"}],"version-history":[{"count":2,"href":"https:\/\/www.organisator.ch\/fr\/wp-json\/wp\/v2\/posts\/16140\/revisions"}],"predecessor-version":[{"id":16290,"href":"https:\/\/www.organisator.ch\/fr\/wp-json\/wp\/v2\/posts\/16140\/revisions\/16290"}],"wp:attachment":[{"href":"https:\/\/www.organisator.ch\/fr\/wp-json\/wp\/v2\/media?parent=16140"}],"wp:term":[{"taxonomy":"category","embeddable":true,"href":"https:\/\/www.organisator.ch\/fr\/wp-json\/wp\/v2\/categories?post=16140"},{"taxonomy":"post_tag","embeddable":true,"href":"https:\/\/www.organisator.ch\/fr\/wp-json\/wp\/v2\/tags?post=16140"}],"curies":[{"name":"wp","href":"https:\/\/api.w.org\/{rel}","templated":true}]}}