{"id":16161,"date":"2022-08-02T13:52:48","date_gmt":"2022-08-02T11:52:48","guid":{"rendered":"https:\/\/www.organisator.ch\/?p=16161"},"modified":"2022-08-02T13:52:48","modified_gmt":"2022-08-02T11:52:48","slug":"hochschule-luzern-zeichnet-informatik-absolventinnen-und-absolventen-aus","status":"publish","type":"post","link":"https:\/\/www.organisator.ch\/fr\/weiterbildung\/2022-08-02\/hochschule-luzern-zeichnet-informatik-absolventinnen-und-absolventen-aus\/","title":{"rendered":"La Haute \u00e9cole de Lucerne r\u00e9compense les dipl\u00f4m\u00e9s en informatique"},"content":{"rendered":"<figure id=\"attachment_16189\" aria-describedby=\"caption-attachment-16189\" style=\"width: 680px\" class=\"wp-caption alignnone\"><img loading=\"lazy\" decoding=\"async\" class=\"size-full wp-image-16189\" src=\"https:\/\/www.organisator.ch\/wp-content\/uploads\/2022\/08\/Hochschule-Luzern-zeichnet-Informatik-Absolventinnen-und-Absolventen-aus_Organisator.jpg\" alt=\"\" width=\"680\" height=\"453\" srcset=\"https:\/\/www.organisator.ch\/wp-content\/uploads\/2022\/08\/Hochschule-Luzern-zeichnet-Informatik-Absolventinnen-und-Absolventen-aus_Organisator.jpg 680w, https:\/\/www.organisator.ch\/wp-content\/uploads\/2022\/08\/Hochschule-Luzern-zeichnet-Informatik-Absolventinnen-und-Absolventen-aus_Organisator-18x12.jpg 18w, https:\/\/www.organisator.ch\/wp-content\/uploads\/2022\/08\/Hochschule-Luzern-zeichnet-Informatik-Absolventinnen-und-Absolventen-aus_Organisator-263x175.jpg 263w, https:\/\/www.organisator.ch\/wp-content\/uploads\/2022\/08\/Hochschule-Luzern-zeichnet-Informatik-Absolventinnen-und-Absolventen-aus_Organisator-525x350.jpg 525w, https:\/\/www.organisator.ch\/wp-content\/uploads\/2022\/08\/Hochschule-Luzern-zeichnet-Informatik-Absolventinnen-und-Absolventen-aus_Organisator-300x200.jpg 300w\" sizes=\"auto, (max-width: 680px) 100vw, 680px\" \/><figcaption id=\"caption-attachment-16189\" class=\"wp-caption-text\">Les dipl\u00f4m\u00e9-e-s en informatique de la Haute \u00e9cole de Lucerne ont re\u00e7u leur dipl\u00f4me le 15 juillet 2022. (Image : Haute \u00e9cole de Lucerne)<\/figcaption><\/figure>\n<p>125 femmes et hommes ont re\u00e7u un dipl\u00f4me de Bachelor of Science en informatique. Parmi eux se trouvaient pour la premi\u00e8re fois des dipl\u00f4m\u00e9-e-s en Information &amp; Cyber Security : 54 personnes ont suivi le cursus de bachelor lanc\u00e9 en 2018. En proposant cette formation, la HSLU a r\u00e9agi \u00e0 la forte demande de sp\u00e9cialistes dans le domaine de la s\u00e9curit\u00e9 informatique. La formation permet \u00e0 la rel\u00e8ve de d\u00e9velopper et d'exploiter des infrastructures informatiques s\u00e9curis\u00e9es. Douze dipl\u00f4m\u00e9-e-s en Digital Ideation avec sp\u00e9cialisation en informatique ont \u00e9galement re\u00e7u un dipl\u00f4me de Bachelor of Science en informatique. Digital Ideation est une offre commune des d\u00e9partements Informatique et Design &amp; Arts. Par ailleurs, 59 personnes ont obtenu un dipl\u00f4me de Bachelor of Science en informatique de gestion. Sept \u00e9tudiants ont re\u00e7u un dipl\u00f4me de master en informatique. La c\u00e9r\u00e9monie de remise des dipl\u00f4mes a eu lieu le vendredi 15 juillet 2022 au Theater Casino de Zoug. Dans le cadre de la c\u00e9r\u00e9monie, onze prix ont \u00e9galement \u00e9t\u00e9 d\u00e9cern\u00e9s pour des dipl\u00f4mes, des prestations d'\u00e9tudes et des travaux de fin d'\u00e9tudes exceptionnels.<\/p>\n<h3>Excellents dipl\u00f4mes et travaux de fin d'\u00e9tudes ax\u00e9s sur la pratique<\/h3>\n<p>Dans la fili\u00e8re Information &amp; Cyber Security, Karin Blum d'Altb\u00fcron LU a re\u00e7u le prix du meilleur dipl\u00f4me, dot\u00e9 de 1'000 francs. Un prix \u00e9galement dot\u00e9 de 1'000 francs a \u00e9t\u00e9 d\u00e9cern\u00e9 \u00e0 Joshua Drexel de Grub AR pour un travail de bachelor exceptionnel ainsi que pour des prestations sup\u00e9rieures \u00e0 la moyenne pendant toutes ses \u00e9tudes. Dans son travail de fin d'\u00e9tudes \"Differential Privacy - Protection des donn\u00e9es par des moyens techniques\", Drexel a \u00e9tudi\u00e9 la m\u00e9thode Differential Privacy. Cette approche cryptographique de la protection des donn\u00e9es est tr\u00e8s efficace, mais extr\u00eamement exigeante sur le plan math\u00e9matique. Elle est donc peu r\u00e9pandue dans l'industrie. Drexel a pr\u00e9par\u00e9 le sujet de mani\u00e8re \u00e0 ce que m\u00eame les personnes ayant peu de connaissances en informatique puissent le comprendre. Elles peuvent ensuite tester leurs nouvelles connaissances dans un exercice d\u00e9velopp\u00e9 par Drexel. L'outil d'exercice doit notamment \u00eatre utilis\u00e9 dans le programme d'informatique de la HSLU.<\/p>\n<p>Dans la fili\u00e8re informatique, Benjamin Fassbind de Zoug a re\u00e7u le prix r\u00e9gional Siemens Excellence Award 2022 dot\u00e9 de 4'000 francs pour son travail de bachelor \"Early Diagnostics of Keratoconus based on Cornea Data of an Anterior Segment OCT\". Fassbind a programm\u00e9 une application web bas\u00e9e sur l'IA qui recherche automatiquement des signes de k\u00e9ratoc\u00f4ne dans les scanners oculaires m\u00e9dicaux et aide ainsi les ophtalmologues \u00e0 diagnostiquer la maladie \u00e0 un stade pr\u00e9coce. Le k\u00e9ratoc\u00f4ne est un amincissement progressif de la corn\u00e9e. Plus il est diagnostiqu\u00e9 t\u00f4t, plus il est facile \u00e0 traiter. Avec ce prix, Benjamin Fassbind se qualifie automatiquement pour le Siemens Excellence Award national, qui sera d\u00e9cern\u00e9 au printemps 2023. Tobias Heller de Weggis LU a re\u00e7u le prix de 1000 francs pour le meilleur dipl\u00f4me de la fili\u00e8re de bachelor en informatique, et Emanuel Buholzer de Lucerne a re\u00e7u le prix pour un travail de bachelor exceptionnel ainsi que pour des prestations sup\u00e9rieures \u00e0 la moyenne pendant toutes ses \u00e9tudes d'informatique pour son travail de fin d'\u00e9tudes \"Stop-Motion avec photographie Motion-Control\". Buholzer y a cr\u00e9\u00e9 un programme de commande pour un bras de robot. Gr\u00e2ce \u00e0 cette commande num\u00e9rique, les \u00e9tudiants en animation du d\u00e9partement Design &amp; Art de la HSLU pourront \u00e0 l'avenir programmer facilement et en toute s\u00e9curit\u00e9 des mouvements de cam\u00e9ra pour leurs films en stop motion. Les mouvements de cam\u00e9ra peuvent en outre \u00eatre simul\u00e9s au pr\u00e9alable dans un environnement 3D. Le prix, sponsoris\u00e9 par IBM, est dot\u00e9 de 1000 francs et comprend une visite du centre de recherche d'IBM \u00e0 R\u00fcschlikon.<\/p>\n<h3>Travaux prim\u00e9s sur l'attribution de rabais et l'affichage des r\u00e9sultats<\/h3>\n<p>Les prix du Bachelor en informatique de gestion sont d\u00e9cern\u00e9s d'une part \u00e0 Lars Vognstrup de Rupperswil AG pour un dipl\u00f4me exceptionnel et d'autre part \u00e0 Marco Zehnder de Schongau LU. Zehnder a d\u00e9velopp\u00e9 un tableau de bord bas\u00e9 sur l'IA pour Siemens AG. Gr\u00e2ce \u00e0 cet outil, les responsables de la tarification de l'entreprise peuvent mieux analyser et planifier les remises accord\u00e9es sur les produits \"business-to-business\". Ces prix sont \u00e9galement dot\u00e9s de 1'000 francs chacun.<\/p>\n<p>Le Zeix Award, dot\u00e9 de 1'000 francs, a \u00e9t\u00e9 d\u00e9cern\u00e9 \u00e0 Silja Bossert de Rothrist AG pour son travail de fin d'\u00e9tudes \"Sch\u00fctzenZeiger\". Dans le tir \u00e0 la carabine de 300 m\u00e8tres, les r\u00e9sultats des tirs sont encore aujourd'hui imprim\u00e9s sur des rouleaux de papier ou des feuilles de stand. Les tireurs et tireuses n'ont donc souvent pas une vue d'ensemble suffisante de leurs r\u00e9sultats. L'application mobile \"Sch\u00fctzenZeiger\" leur permet de lire leurs r\u00e9sultats avec leur smartphone, d'\u00e9valuer leurs statistiques individuelles et de les partager ensuite avec d'autres utilisateurs et utilisatrices. Le prix de 1'000 francs pour le meilleur travail de bachelor ainsi que pour des prestations sup\u00e9rieures \u00e0 la moyenne pendant toutes les \u00e9tudes a \u00e9t\u00e9 d\u00e9cern\u00e9 \u00e0 Chiara K\u00fchne de Winkel ZH pour \"Z\u00e4me - la communaut\u00e9 suisse du cancer du sein\" : K\u00fchne a con\u00e7u une application communautaire pour les appareils mobiles. Celle-ci aide les personnes touch\u00e9es par le cancer du sein \u00e0 trouver des femmes dans la m\u00eame situation qu'elles, \u00e0 \u00e9changer des exp\u00e9riences avec elles et \u00e0 recevoir un soutien \u00e9motionnel.<\/p>\n<h3>Prix pour les dipl\u00f4m\u00e9s en informatique du master<\/h3>\n<p>Les dipl\u00f4m\u00e9s du master en informatique ont \u00e9galement \u00e9t\u00e9 r\u00e9compens\u00e9s. Mathis Fux de Glis VS et Pascal Wullschleger de Stansstad NW se partagent le prix de 1'500 francs pour un travail de master exceptionnel. Dans son travail intitul\u00e9 \"Erkennung von M\u00fcdigkeit mittels IoT\/Wearables\" (d\u00e9tection de la fatigue au moyen d'IoT\/de wearables), Mathis Fux a d\u00e9velopp\u00e9, sur mandat de la Caisse nationale suisse d'assurance en cas d'accidents (SUVA), une application pour bracelet \u00e0 impulsions. L'algorithme de l'application peut d\u00e9terminer la fatigue et le niveau de stress du porteur ou de la porteuse \u00e0 l'aide de la fr\u00e9quence cardiaque. Le programme doit ainsi avertir les personnes lorsqu'elles souhaitent par exemple conduire en \u00e9tat de fatigue ou effectuer des travaux physiques lourds. Pascal Wullschleger, quant \u00e0 lui, a cr\u00e9\u00e9 dans son travail de fin d'\u00e9tudes \"Recommender System Methods applied to Diagnosis Prediction on Electronic Health Records\" un mod\u00e8le d'analyse de donn\u00e9es pour pr\u00e9dire les diagnostics m\u00e9dicaux. Les diagnostics ant\u00e9rieurs d'un patient ou d'une patiente servent de base. Le mod\u00e8le doit aider les compagnies d'assurance \u00e0 \u00e9tablir de meilleures \u00e9valuations des risques. Pour son travail, command\u00e9 par le r\u00e9assureur Swiss Re, Wullschleger a utilis\u00e9 un r\u00e9seau neuronal d'un genre nouveau.<\/p>\n<p><em>Source et informations compl\u00e9mentaires : <a href=\"http:\/\/www.hslu.ch\">www.hslu.ch<\/a><\/em><\/p>","protected":false},"excerpt":{"rendered":"<p>125 Frauen und M\u00e4nner erhielten ein Diplom Bachelor of Science in Informatik. Darunter befanden sich erstmals Absolventinnen und Absolventen in Information &amp; Cyber Security: 54 Personen haben das 2018 lancierte Bachelor-Studium absolviert. Die HSLU reagierte mit dem Angebot auf die hohe Nachfrage nach Fachkr\u00e4ften im Bereich IT-Sicherheit. Die Ausbildung bef\u00e4higt Nachwuchskr\u00e4fte, sichere IT-Infrastrukturen zu entwickeln [&hellip;]<\/p>\n","protected":false},"author":4,"featured_media":16189,"comment_status":"closed","ping_status":"closed","sticky":false,"template":"","format":"standard","meta":{"_acf_changed":false,"_yoast_wpseo_focuskw":"Informatik-Absolventinnen und -Absolventen","_yoast_wpseo_metadesc":"Am 15. Juli 2022 erhielten 191 Informatik-Absolventinnen und Absolventen der Hochschule Luzern ihre Bachelor- oder Master-Diplome.","articlekey":"","footnotes":""},"categories":[30],"tags":[62,3265,286],"class_list":["post-16161","post","type-post","status-publish","format-standard","has-post-thumbnail","hentry","category-weiterbildung","tag-aus-weiterbildung","tag-diplomfeier","tag-it"],"acf":[],"yoast_head":"<!-- This site is optimized with the Yoast SEO plugin v27.5 - https:\/\/yoast.com\/product\/yoast-seo-wordpress\/ -->\n<title>Hochschule Luzern zeichnet Informatik-Absolventinnen und -Absolventen aus - Organisator<\/title>\n<meta name=\"description\" content=\"Am 15. Juli 2022 erhielten 191 Informatik-Absolventinnen und Absolventen der Hochschule Luzern ihre Bachelor- oder Master-Diplome.\" \/>\n<meta name=\"robots\" content=\"index, follow, max-snippet:-1, max-image-preview:large, max-video-preview:-1\" \/>\n<link rel=\"canonical\" href=\"https:\/\/www.organisator.ch\/fr\/formation-continue-2\/2022-08-02\/hochschule-luzern-zeichnet-informatik-absolventinnen-und-absolventen-aus\/\" \/>\n<meta property=\"og:locale\" content=\"fr_FR\" \/>\n<meta property=\"og:type\" content=\"article\" \/>\n<meta property=\"og:title\" content=\"Hochschule Luzern zeichnet Informatik-Absolventinnen und -Absolventen aus\" \/>\n<meta property=\"og:description\" content=\"Am 15. Juli 2022 erhielten 191 Informatik-Absolventinnen und Absolventen der Hochschule Luzern ihre Bachelor- oder Master-Diplome.\" \/>\n<meta property=\"og:url\" content=\"https:\/\/www.organisator.ch\/fr\/formation-continue-2\/2022-08-02\/hochschule-luzern-zeichnet-informatik-absolventinnen-und-absolventen-aus\/\" \/>\n<meta property=\"og:site_name\" content=\"Organisator\" \/>\n<meta property=\"article:publisher\" content=\"https:\/\/www.facebook.com\/OrganisatorFachmagazin\" \/>\n<meta property=\"article:published_time\" content=\"2022-08-02T11:52:48+00:00\" \/>\n<meta property=\"og:image\" content=\"https:\/\/www.organisator.ch\/wp-content\/uploads\/2022\/08\/Hochschule-Luzern-zeichnet-Informatik-Absolventinnen-und-Absolventen-aus_Organisator.jpg\" \/>\n\t<meta property=\"og:image:width\" content=\"680\" \/>\n\t<meta property=\"og:image:height\" content=\"453\" \/>\n\t<meta property=\"og:image:type\" content=\"image\/jpeg\" \/>\n<meta name=\"author\" content=\"thomas.berner\" \/>\n<meta name=\"twitter:card\" content=\"summary_large_image\" \/>\n<meta name=\"twitter:title\" content=\"#Hochschule Luzern zeichnet #Informatik-Absolventinnen und -Absolventen aus\" \/>\n<meta name=\"twitter:description\" content=\"Am 15. Juli 2022 erhielten 191 #Informatik-Absolventinnen und Absolventen der Hochschule Luzern ihre #Bachelor- oder #Master-Diplome.\" \/>\n<meta name=\"twitter:image\" content=\"https:\/\/www.organisator.ch\/wp-content\/uploads\/2022\/08\/Hochschule-Luzern-zeichnet-Informatik-Absolventinnen-und-Absolventen-aus_Organisator.jpg\" \/>\n<script type=\"application\/ld+json\" class=\"yoast-schema-graph\">{\"@context\":\"https:\\\/\\\/schema.org\",\"@graph\":[{\"@type\":\"Article\",\"@id\":\"https:\\\/\\\/www.organisator.ch\\\/weiterbildung\\\/2022-08-02\\\/hochschule-luzern-zeichnet-informatik-absolventinnen-und-absolventen-aus\\\/#article\",\"isPartOf\":{\"@id\":\"https:\\\/\\\/www.organisator.ch\\\/weiterbildung\\\/2022-08-02\\\/hochschule-luzern-zeichnet-informatik-absolventinnen-und-absolventen-aus\\\/\"},\"author\":{\"name\":\"thomas.berner\",\"@id\":\"https:\\\/\\\/www.organisator.ch\\\/#\\\/schema\\\/person\\\/6f650f90b2842cd4c0cc334b4e36f67e\"},\"headline\":\"Hochschule Luzern zeichnet Informatik-Absolventinnen und -Absolventen aus\",\"datePublished\":\"2022-08-02T11:52:48+00:00\",\"mainEntityOfPage\":{\"@id\":\"https:\\\/\\\/www.organisator.ch\\\/weiterbildung\\\/2022-08-02\\\/hochschule-luzern-zeichnet-informatik-absolventinnen-und-absolventen-aus\\\/\"},\"wordCount\":921,\"publisher\":{\"@id\":\"https:\\\/\\\/www.organisator.ch\\\/#organization\"},\"image\":{\"@id\":\"https:\\\/\\\/www.organisator.ch\\\/weiterbildung\\\/2022-08-02\\\/hochschule-luzern-zeichnet-informatik-absolventinnen-und-absolventen-aus\\\/#primaryimage\"},\"thumbnailUrl\":\"https:\\\/\\\/www.organisator.ch\\\/wp-content\\\/uploads\\\/2022\\\/08\\\/Hochschule-Luzern-zeichnet-Informatik-Absolventinnen-und-Absolventen-aus_Organisator.jpg\",\"keywords\":[\"Aus-\\\/Weiterbildung\",\"Diplomfeier\",\"IT\"],\"articleSection\":[\"WEITERBILDUNG\"],\"inLanguage\":\"fr-FR\"},{\"@type\":\"WebPage\",\"@id\":\"https:\\\/\\\/www.organisator.ch\\\/weiterbildung\\\/2022-08-02\\\/hochschule-luzern-zeichnet-informatik-absolventinnen-und-absolventen-aus\\\/\",\"url\":\"https:\\\/\\\/www.organisator.ch\\\/weiterbildung\\\/2022-08-02\\\/hochschule-luzern-zeichnet-informatik-absolventinnen-und-absolventen-aus\\\/\",\"name\":\"Hochschule Luzern zeichnet Informatik-Absolventinnen und -Absolventen aus - Organisator\",\"isPartOf\":{\"@id\":\"https:\\\/\\\/www.organisator.ch\\\/#website\"},\"primaryImageOfPage\":{\"@id\":\"https:\\\/\\\/www.organisator.ch\\\/weiterbildung\\\/2022-08-02\\\/hochschule-luzern-zeichnet-informatik-absolventinnen-und-absolventen-aus\\\/#primaryimage\"},\"image\":{\"@id\":\"https:\\\/\\\/www.organisator.ch\\\/weiterbildung\\\/2022-08-02\\\/hochschule-luzern-zeichnet-informatik-absolventinnen-und-absolventen-aus\\\/#primaryimage\"},\"thumbnailUrl\":\"https:\\\/\\\/www.organisator.ch\\\/wp-content\\\/uploads\\\/2022\\\/08\\\/Hochschule-Luzern-zeichnet-Informatik-Absolventinnen-und-Absolventen-aus_Organisator.jpg\",\"datePublished\":\"2022-08-02T11:52:48+00:00\",\"description\":\"Am 15. Juli 2022 erhielten 191 Informatik-Absolventinnen und Absolventen der Hochschule Luzern ihre Bachelor- oder Master-Diplome.\",\"breadcrumb\":{\"@id\":\"https:\\\/\\\/www.organisator.ch\\\/weiterbildung\\\/2022-08-02\\\/hochschule-luzern-zeichnet-informatik-absolventinnen-und-absolventen-aus\\\/#breadcrumb\"},\"inLanguage\":\"fr-FR\",\"potentialAction\":[{\"@type\":\"ReadAction\",\"target\":[\"https:\\\/\\\/www.organisator.ch\\\/weiterbildung\\\/2022-08-02\\\/hochschule-luzern-zeichnet-informatik-absolventinnen-und-absolventen-aus\\\/\"]}]},{\"@type\":\"ImageObject\",\"inLanguage\":\"fr-FR\",\"@id\":\"https:\\\/\\\/www.organisator.ch\\\/weiterbildung\\\/2022-08-02\\\/hochschule-luzern-zeichnet-informatik-absolventinnen-und-absolventen-aus\\\/#primaryimage\",\"url\":\"https:\\\/\\\/www.organisator.ch\\\/wp-content\\\/uploads\\\/2022\\\/08\\\/Hochschule-Luzern-zeichnet-Informatik-Absolventinnen-und-Absolventen-aus_Organisator.jpg\",\"contentUrl\":\"https:\\\/\\\/www.organisator.ch\\\/wp-content\\\/uploads\\\/2022\\\/08\\\/Hochschule-Luzern-zeichnet-Informatik-Absolventinnen-und-Absolventen-aus_Organisator.jpg\",\"width\":680,\"height\":453,\"caption\":\"Die erfolgreichen Informatik-Absolventinnen und -absolventen der Hochschule Luzern erhielten am 15. Juli 2022 ihre Diplome. (Bild: Hochschule Luzern)\"},{\"@type\":\"BreadcrumbList\",\"@id\":\"https:\\\/\\\/www.organisator.ch\\\/weiterbildung\\\/2022-08-02\\\/hochschule-luzern-zeichnet-informatik-absolventinnen-und-absolventen-aus\\\/#breadcrumb\",\"itemListElement\":[{\"@type\":\"ListItem\",\"position\":1,\"name\":\"Home\",\"item\":\"https:\\\/\\\/www.organisator.ch\\\/\"},{\"@type\":\"ListItem\",\"position\":2,\"name\":\"Hochschule Luzern zeichnet Informatik-Absolventinnen und -Absolventen aus\"}]},{\"@type\":\"WebSite\",\"@id\":\"https:\\\/\\\/www.organisator.ch\\\/#website\",\"url\":\"https:\\\/\\\/www.organisator.ch\\\/\",\"name\":\"Organisator\",\"description\":\"Kompetent. Praxisnah. Der ORGANISATOR bereitet in 10 Ausgaben pro Jahr die wesentlichen Themen f\u00fcr F\u00fchrungskr\u00e4fte von KMU auf.\",\"publisher\":{\"@id\":\"https:\\\/\\\/www.organisator.ch\\\/#organization\"},\"potentialAction\":[{\"@type\":\"SearchAction\",\"target\":{\"@type\":\"EntryPoint\",\"urlTemplate\":\"https:\\\/\\\/www.organisator.ch\\\/?s={search_term_string}\"},\"query-input\":{\"@type\":\"PropertyValueSpecification\",\"valueRequired\":true,\"valueName\":\"search_term_string\"}}],\"inLanguage\":\"fr-FR\"},{\"@type\":\"Organization\",\"@id\":\"https:\\\/\\\/www.organisator.ch\\\/#organization\",\"name\":\"Organisator\",\"url\":\"https:\\\/\\\/www.organisator.ch\\\/\",\"logo\":{\"@type\":\"ImageObject\",\"inLanguage\":\"fr-FR\",\"@id\":\"https:\\\/\\\/www.organisator.ch\\\/#\\\/schema\\\/logo\\\/image\\\/\",\"url\":\"https:\\\/\\\/www.organisator.ch\\\/wp-content\\\/uploads\\\/2022\\\/01\\\/Logo_Organisator_Website.png\",\"contentUrl\":\"https:\\\/\\\/www.organisator.ch\\\/wp-content\\\/uploads\\\/2022\\\/01\\\/Logo_Organisator_Website.png\",\"width\":800,\"height\":77,\"caption\":\"Organisator\"},\"image\":{\"@id\":\"https:\\\/\\\/www.organisator.ch\\\/#\\\/schema\\\/logo\\\/image\\\/\"},\"sameAs\":[\"https:\\\/\\\/www.facebook.com\\\/OrganisatorFachmagazin\",\"https:\\\/\\\/www.linkedin.com\\\/showcase\\\/organisator-das-magazin-fr-kmu\",\"https:\\\/\\\/www.xing.com\\\/news\\\/pages\\\/organisator-ch-695\",\"https:\\\/\\\/www.youtube.com\\\/channel\\\/UCGP2Sq0iWaZwT3BdIAQFYpw\"]},{\"@type\":\"Person\",\"@id\":\"https:\\\/\\\/www.organisator.ch\\\/#\\\/schema\\\/person\\\/6f650f90b2842cd4c0cc334b4e36f67e\",\"name\":\"thomas.berner\",\"image\":{\"@type\":\"ImageObject\",\"inLanguage\":\"fr-FR\",\"@id\":\"https:\\\/\\\/secure.gravatar.com\\\/avatar\\\/ac5001d2a36cb6c6cd3e50789007ffca834b477b74a2144564522e944eabff61?s=96&d=mm&r=g\",\"url\":\"https:\\\/\\\/secure.gravatar.com\\\/avatar\\\/ac5001d2a36cb6c6cd3e50789007ffca834b477b74a2144564522e944eabff61?s=96&d=mm&r=g\",\"contentUrl\":\"https:\\\/\\\/secure.gravatar.com\\\/avatar\\\/ac5001d2a36cb6c6cd3e50789007ffca834b477b74a2144564522e944eabff61?s=96&d=mm&r=g\",\"caption\":\"thomas.berner\"},\"url\":\"https:\\\/\\\/www.organisator.ch\\\/fr\\\/author\\\/thomas-berner\\\/\"}]}<\/script>\n<!-- \/ Yoast SEO plugin. -->","yoast_head_json":{"title":"La Haute \u00e9cole de Lucerne r\u00e9compense les dipl\u00f4m\u00e9s en informatique - Organisateur","description":"Le 15 juillet 2022, 191 dipl\u00f4m\u00e9s en informatique de la Haute \u00e9cole de Lucerne ont re\u00e7u leur dipl\u00f4me de bachelor ou de master.","robots":{"index":"index","follow":"follow","max-snippet":"max-snippet:-1","max-image-preview":"max-image-preview:large","max-video-preview":"max-video-preview:-1"},"canonical":"https:\/\/www.organisator.ch\/fr\/formation-continue-2\/2022-08-02\/hochschule-luzern-zeichnet-informatik-absolventinnen-und-absolventen-aus\/","og_locale":"fr_FR","og_type":"article","og_title":"Hochschule Luzern zeichnet Informatik-Absolventinnen und -Absolventen aus","og_description":"Am 15. Juli 2022 erhielten 191 Informatik-Absolventinnen und Absolventen der Hochschule Luzern ihre Bachelor- oder Master-Diplome.","og_url":"https:\/\/www.organisator.ch\/fr\/formation-continue-2\/2022-08-02\/hochschule-luzern-zeichnet-informatik-absolventinnen-und-absolventen-aus\/","og_site_name":"Organisator","article_publisher":"https:\/\/www.facebook.com\/OrganisatorFachmagazin","article_published_time":"2022-08-02T11:52:48+00:00","og_image":[{"width":680,"height":453,"url":"https:\/\/www.organisator.ch\/wp-content\/uploads\/2022\/08\/Hochschule-Luzern-zeichnet-Informatik-Absolventinnen-und-Absolventen-aus_Organisator.jpg","type":"image\/jpeg"}],"author":"thomas.berner","twitter_card":"summary_large_image","twitter_title":"#Hochschule Luzern zeichnet #Informatik-Absolventinnen und -Absolventen aus","twitter_description":"Am 15. Juli 2022 erhielten 191 #Informatik-Absolventinnen und Absolventen der Hochschule Luzern ihre #Bachelor- oder #Master-Diplome.","twitter_image":"https:\/\/www.organisator.ch\/wp-content\/uploads\/2022\/08\/Hochschule-Luzern-zeichnet-Informatik-Absolventinnen-und-Absolventen-aus_Organisator.jpg","schema":{"@context":"https:\/\/schema.org","@graph":[{"@type":"Article","@id":"https:\/\/www.organisator.ch\/weiterbildung\/2022-08-02\/hochschule-luzern-zeichnet-informatik-absolventinnen-und-absolventen-aus\/#article","isPartOf":{"@id":"https:\/\/www.organisator.ch\/weiterbildung\/2022-08-02\/hochschule-luzern-zeichnet-informatik-absolventinnen-und-absolventen-aus\/"},"author":{"name":"thomas.berner","@id":"https:\/\/www.organisator.ch\/#\/schema\/person\/6f650f90b2842cd4c0cc334b4e36f67e"},"headline":"Hochschule Luzern zeichnet Informatik-Absolventinnen und -Absolventen aus","datePublished":"2022-08-02T11:52:48+00:00","mainEntityOfPage":{"@id":"https:\/\/www.organisator.ch\/weiterbildung\/2022-08-02\/hochschule-luzern-zeichnet-informatik-absolventinnen-und-absolventen-aus\/"},"wordCount":921,"publisher":{"@id":"https:\/\/www.organisator.ch\/#organization"},"image":{"@id":"https:\/\/www.organisator.ch\/weiterbildung\/2022-08-02\/hochschule-luzern-zeichnet-informatik-absolventinnen-und-absolventen-aus\/#primaryimage"},"thumbnailUrl":"https:\/\/www.organisator.ch\/wp-content\/uploads\/2022\/08\/Hochschule-Luzern-zeichnet-Informatik-Absolventinnen-und-Absolventen-aus_Organisator.jpg","keywords":["Aus-\/Weiterbildung","Diplomfeier","IT"],"articleSection":["WEITERBILDUNG"],"inLanguage":"fr-FR"},{"@type":"WebPage","@id":"https:\/\/www.organisator.ch\/weiterbildung\/2022-08-02\/hochschule-luzern-zeichnet-informatik-absolventinnen-und-absolventen-aus\/","url":"https:\/\/www.organisator.ch\/weiterbildung\/2022-08-02\/hochschule-luzern-zeichnet-informatik-absolventinnen-und-absolventen-aus\/","name":"La Haute \u00e9cole de Lucerne r\u00e9compense les dipl\u00f4m\u00e9s en informatique - Organisateur","isPartOf":{"@id":"https:\/\/www.organisator.ch\/#website"},"primaryImageOfPage":{"@id":"https:\/\/www.organisator.ch\/weiterbildung\/2022-08-02\/hochschule-luzern-zeichnet-informatik-absolventinnen-und-absolventen-aus\/#primaryimage"},"image":{"@id":"https:\/\/www.organisator.ch\/weiterbildung\/2022-08-02\/hochschule-luzern-zeichnet-informatik-absolventinnen-und-absolventen-aus\/#primaryimage"},"thumbnailUrl":"https:\/\/www.organisator.ch\/wp-content\/uploads\/2022\/08\/Hochschule-Luzern-zeichnet-Informatik-Absolventinnen-und-Absolventen-aus_Organisator.jpg","datePublished":"2022-08-02T11:52:48+00:00","description":"Le 15 juillet 2022, 191 dipl\u00f4m\u00e9s en informatique de la Haute \u00e9cole de Lucerne ont re\u00e7u leur dipl\u00f4me de bachelor ou de master.","breadcrumb":{"@id":"https:\/\/www.organisator.ch\/weiterbildung\/2022-08-02\/hochschule-luzern-zeichnet-informatik-absolventinnen-und-absolventen-aus\/#breadcrumb"},"inLanguage":"fr-FR","potentialAction":[{"@type":"ReadAction","target":["https:\/\/www.organisator.ch\/weiterbildung\/2022-08-02\/hochschule-luzern-zeichnet-informatik-absolventinnen-und-absolventen-aus\/"]}]},{"@type":"ImageObject","inLanguage":"fr-FR","@id":"https:\/\/www.organisator.ch\/weiterbildung\/2022-08-02\/hochschule-luzern-zeichnet-informatik-absolventinnen-und-absolventen-aus\/#primaryimage","url":"https:\/\/www.organisator.ch\/wp-content\/uploads\/2022\/08\/Hochschule-Luzern-zeichnet-Informatik-Absolventinnen-und-Absolventen-aus_Organisator.jpg","contentUrl":"https:\/\/www.organisator.ch\/wp-content\/uploads\/2022\/08\/Hochschule-Luzern-zeichnet-Informatik-Absolventinnen-und-Absolventen-aus_Organisator.jpg","width":680,"height":453,"caption":"Die erfolgreichen Informatik-Absolventinnen und -absolventen der Hochschule Luzern erhielten am 15. Juli 2022 ihre Diplome. (Bild: Hochschule Luzern)"},{"@type":"BreadcrumbList","@id":"https:\/\/www.organisator.ch\/weiterbildung\/2022-08-02\/hochschule-luzern-zeichnet-informatik-absolventinnen-und-absolventen-aus\/#breadcrumb","itemListElement":[{"@type":"ListItem","position":1,"name":"Home","item":"https:\/\/www.organisator.ch\/"},{"@type":"ListItem","position":2,"name":"Hochschule Luzern zeichnet Informatik-Absolventinnen und -Absolventen aus"}]},{"@type":"WebSite","@id":"https:\/\/www.organisator.ch\/#website","url":"https:\/\/www.organisator.ch\/","name":"Organisateur","description":"Comp\u00e9tence et comp\u00e9tence. Proches de la pratique. L'ORGANISATEUR pr\u00e9pare 10 num\u00e9ros par an sur les th\u00e8mes essentiels pour les dirigeants de PME.","publisher":{"@id":"https:\/\/www.organisator.ch\/#organization"},"potentialAction":[{"@type":"SearchAction","target":{"@type":"EntryPoint","urlTemplate":"https:\/\/www.organisator.ch\/?s={search_term_string}"},"query-input":{"@type":"PropertyValueSpecification","valueRequired":true,"valueName":"search_term_string"}}],"inLanguage":"fr-FR"},{"@type":"Organization","@id":"https:\/\/www.organisator.ch\/#organization","name":"Organisateur","url":"https:\/\/www.organisator.ch\/","logo":{"@type":"ImageObject","inLanguage":"fr-FR","@id":"https:\/\/www.organisator.ch\/#\/schema\/logo\/image\/","url":"https:\/\/www.organisator.ch\/wp-content\/uploads\/2022\/01\/Logo_Organisator_Website.png","contentUrl":"https:\/\/www.organisator.ch\/wp-content\/uploads\/2022\/01\/Logo_Organisator_Website.png","width":800,"height":77,"caption":"Organisator"},"image":{"@id":"https:\/\/www.organisator.ch\/#\/schema\/logo\/image\/"},"sameAs":["https:\/\/www.facebook.com\/OrganisatorFachmagazin","https:\/\/www.linkedin.com\/showcase\/organisator-das-magazin-fr-kmu","https:\/\/www.xing.com\/news\/pages\/organisator-ch-695","https:\/\/www.youtube.com\/channel\/UCGP2Sq0iWaZwT3BdIAQFYpw"]},{"@type":"Person","@id":"https:\/\/www.organisator.ch\/#\/schema\/person\/6f650f90b2842cd4c0cc334b4e36f67e","name":"thomas.berner","image":{"@type":"ImageObject","inLanguage":"fr-FR","@id":"https:\/\/secure.gravatar.com\/avatar\/ac5001d2a36cb6c6cd3e50789007ffca834b477b74a2144564522e944eabff61?s=96&d=mm&r=g","url":"https:\/\/secure.gravatar.com\/avatar\/ac5001d2a36cb6c6cd3e50789007ffca834b477b74a2144564522e944eabff61?s=96&d=mm&r=g","contentUrl":"https:\/\/secure.gravatar.com\/avatar\/ac5001d2a36cb6c6cd3e50789007ffca834b477b74a2144564522e944eabff61?s=96&d=mm&r=g","caption":"thomas.berner"},"url":"https:\/\/www.organisator.ch\/fr\/author\/thomas-berner\/"}]}},"_links":{"self":[{"href":"https:\/\/www.organisator.ch\/fr\/wp-json\/wp\/v2\/posts\/16161","targetHints":{"allow":["GET"]}}],"collection":[{"href":"https:\/\/www.organisator.ch\/fr\/wp-json\/wp\/v2\/posts"}],"about":[{"href":"https:\/\/www.organisator.ch\/fr\/wp-json\/wp\/v2\/types\/post"}],"author":[{"embeddable":true,"href":"https:\/\/www.organisator.ch\/fr\/wp-json\/wp\/v2\/users\/4"}],"replies":[{"embeddable":true,"href":"https:\/\/www.organisator.ch\/fr\/wp-json\/wp\/v2\/comments?post=16161"}],"version-history":[{"count":1,"href":"https:\/\/www.organisator.ch\/fr\/wp-json\/wp\/v2\/posts\/16161\/revisions"}],"predecessor-version":[{"id":16192,"href":"https:\/\/www.organisator.ch\/fr\/wp-json\/wp\/v2\/posts\/16161\/revisions\/16192"}],"wp:featuredmedia":[{"embeddable":true,"href":"https:\/\/www.organisator.ch\/fr\/wp-json\/wp\/v2\/media\/16189"}],"wp:attachment":[{"href":"https:\/\/www.organisator.ch\/fr\/wp-json\/wp\/v2\/media?parent=16161"}],"wp:term":[{"taxonomy":"category","embeddable":true,"href":"https:\/\/www.organisator.ch\/fr\/wp-json\/wp\/v2\/categories?post=16161"},{"taxonomy":"post_tag","embeddable":true,"href":"https:\/\/www.organisator.ch\/fr\/wp-json\/wp\/v2\/tags?post=16161"}],"curies":[{"name":"wp","href":"https:\/\/api.w.org\/{rel}","templated":true}]}}