{"id":162,"date":"2016-01-09T14:04:52","date_gmt":"2016-01-09T13:04:52","guid":{"rendered":"https:\/\/dev.umweltperspektiven.ch\/?p=162"},"modified":"2022-02-09T11:06:25","modified_gmt":"2022-02-09T10:06:25","slug":"pause-fuer-watt-dor-web-galerie-fuer-energieprojekte","status":"publish","type":"post","link":"https:\/\/www.organisator.ch\/fr\/sustainability\/2016-01-09\/pause-fuer-watt-dor-web-galerie-fuer-energieprojekte\/","title":{"rendered":"Pause pour le Watt d'Or - galerie web pour les projets \u00e9nerg\u00e9tiques"},"content":{"rendered":"<figure id=\"attachment_163\" aria-describedby=\"caption-attachment-163\" style=\"width: 680px\" class=\"wp-caption alignnone\"><a href=\"\/\/dev.umweltperspektiven.ch\/wp-content\/uploads\/2016\/12\/Pause-f\u00fcr-Watt-dOr-Web-Galerie-f\u00fcr-Energieprojekte-umweltperspektiven.jpg\"><img loading=\"lazy\" decoding=\"async\" class=\"wp-image-163 size-medium\" src=\"\/\/www.umweltperspektiven.ch\/wp-content\/uploads\/2016\/12\/Pause-f\u00fcr-Watt-dOr-Web-Galerie-f\u00fcr-Energieprojekte-umweltperspektiven.jpg\" alt=\"Le Watt d&#039;Or fait une pause d&#039;un an. (Photo : BFE2016)\" width=\"680\" height=\"454\" \/><\/a><figcaption id=\"caption-attachment-163\" class=\"wp-caption-text\">Le Watt d'Or fait une pause d'un an. (Photo : BFE2016)<\/figcaption><\/figure>\n<p>Apr\u00e8s dix ann\u00e9es intenses, le Watt d'Or, la distinction d\u00e9cern\u00e9e par la Conf\u00e9d\u00e9ration pour des prestations exceptionnelles dans le domaine de l'\u00e9nergie, s'accorde une pause pour se r\u00e9g\u00e9n\u00e9rer. En 2018, il reviendra avec une force renouvel\u00e9e. Mais cela ne signifie pas qu'il n'y aura pas de Watt d'Or gagnant d'ici l\u00e0. Bien au contraire : le temps qui nous s\u00e9pare du Watt d'Or mill\u00e9sime 2018 appartient \u00e0 tous les projets \u00e9nerg\u00e9tiques, petits et grands, r\u00e9alis\u00e9s par des particuliers, des entreprises ou des pouvoirs publics, qui se concr\u00e9tisent chaque jour dans notre pays : Vous pouvez d\u00e8s \u00e0 pr\u00e9sent vous inscrire sur la galerie web <a href=\"http:\/\/www.wattdor4all.ch\" target=\"_blank\" data-cke-saved-href=\"\/\/www.wattdor4all.ch\" rel=\"noopener\">www.wattdor4all.ch<\/a> pr\u00e9sentent.<\/p>\n<p>Qu'il s'agisse d'un petit toit solaire, d'une grande construction \u00e9nerg\u00e9tiquement efficace, d'un concept \u00e9nerg\u00e9tique communal, d'une planification \u00e9nerg\u00e9tique cantonale, d'une installation de biogaz, d'un r\u00e9seau de chauffage \u00e0 distance au bois, de stations-service \u00e9lectriques ou \u00e0 hydrog\u00e8ne, d'\u00e9oliennes, de nouveaux cours de formation et de perfectionnement ou d'une technique du b\u00e2timent tourn\u00e9e vers l'avenir : dans chaque commune, dans chaque canton, l'avenir \u00e9nerg\u00e9tique devient chaque jour une r\u00e9alit\u00e9 gr\u00e2ce \u00e0 ces projets. Sur la galerie web wattdor4all.ch, ils b\u00e9n\u00e9ficient d'une vitrine qui permet au grand public d'assister \u00e0 la croissance du nouveau syst\u00e8me \u00e9nerg\u00e9tique suisse et de l'\u00e9valuer en cliquant sur \"J'aime\".<\/p>\n<p>Tous les projets r\u00e9alis\u00e9s \u00e0 partir du 1er juillet 2015 peuvent s'inscrire sur www.wattdor4all.ch.<\/p>\n<p>Les inscriptions pour le Watt d'Or 2018 peuvent \u00eatre soumises \u00e0 partir du 1er janvier 2017.<\/p>","protected":false},"excerpt":{"rendered":"<p>Nach zehn intensiven Jahren g\u00f6nnt sich der Watt d\u2019Or, die Auszeichnung des Bundes f\u00fcr aussergew\u00f6hnliche Leistungen im Energiebereich, eine Regenerationspause. 2018 wird er sich mit frischer Kraft zur\u00fcckmelden. Das bedeutet aber nicht, dass es bis dahin keine Watt d\u2019Or Gewinner geben wird. Ganz im Gegenteil: Die Zeit bis zum Watt d\u2019Or Jahrgang 2018 geh\u00f6rt allen [&hellip;]<\/p>\n","protected":false},"author":1,"featured_media":9345,"comment_status":"open","ping_status":"open","sticky":false,"template":"","format":"standard","meta":{"_acf_changed":false,"_yoast_wpseo_focuskw":"Watt d\u2019Or","_yoast_wpseo_metadesc":"Der Schweizer Energiepreis Watt d\u2019Or macht ein Jahr Pause. Grosse und kleine Energieprojekte erhalten daf\u00fcr eine Webplattform.","articlekey":"","footnotes":""},"categories":[580],"tags":[807,584,1119,2142,2537],"class_list":["post-162","post","type-post","status-publish","format-standard","has-post-thumbnail","hentry","category-sustainability","tag-bfe","tag-energie","tag-erneuerbare-energie","tag-solaranlagen","tag-watt-dor"],"acf":[],"yoast_head":"<!-- This site is optimized with the Yoast SEO plugin v27.4 - https:\/\/yoast.com\/product\/yoast-seo-wordpress\/ -->\n<title>Pause f\u00fcr Watt d\u2019Or - Web-Galerie f\u00fcr Energieprojekte - Organisator<\/title>\n<meta name=\"description\" content=\"Der Schweizer Energiepreis Watt d\u2019Or macht ein Jahr Pause. Grosse und kleine Energieprojekte erhalten daf\u00fcr eine Webplattform.\" \/>\n<meta name=\"robots\" content=\"index, follow, max-snippet:-1, max-image-preview:large, max-video-preview:-1\" \/>\n<link rel=\"canonical\" href=\"https:\/\/www.organisator.ch\/fr\/sustainability\/2016-01-09\/pause-fuer-watt-dor-web-galerie-fuer-energieprojekte\/\" \/>\n<meta property=\"og:locale\" content=\"fr_FR\" \/>\n<meta property=\"og:type\" content=\"article\" \/>\n<meta property=\"og:title\" content=\"Pause f\u00fcr Watt d\u2019Or - Web-Galerie f\u00fcr Energieprojekte - Organisator\" \/>\n<meta property=\"og:description\" content=\"Der Schweizer Energiepreis Watt d\u2019Or macht ein Jahr Pause. Grosse und kleine Energieprojekte erhalten daf\u00fcr eine Webplattform.\" \/>\n<meta property=\"og:url\" content=\"https:\/\/www.organisator.ch\/fr\/sustainability\/2016-01-09\/pause-fuer-watt-dor-web-galerie-fuer-energieprojekte\/\" \/>\n<meta property=\"og:site_name\" content=\"Organisator\" \/>\n<meta property=\"article:publisher\" content=\"https:\/\/www.facebook.com\/OrganisatorFachmagazin\" \/>\n<meta property=\"article:published_time\" content=\"2016-01-09T13:04:52+00:00\" \/>\n<meta property=\"article:modified_time\" content=\"2022-02-09T10:06:25+00:00\" \/>\n<meta property=\"og:image\" content=\"https:\/\/www.organisator.ch\/wp-content\/uploads\/2016\/12\/Pause-fuer-Watt-dOr-Web-Galerie-fuer-Energieprojekte-umweltperspektiven.jpg\" \/>\n\t<meta property=\"og:image:width\" content=\"2048\" \/>\n\t<meta property=\"og:image:height\" content=\"1367\" \/>\n\t<meta property=\"og:image:type\" content=\"image\/jpeg\" \/>\n<meta name=\"author\" content=\"admin\" \/>\n<meta name=\"twitter:card\" content=\"summary_large_image\" \/>\n<script type=\"application\/ld+json\" class=\"yoast-schema-graph\">{\"@context\":\"https:\\\/\\\/schema.org\",\"@graph\":[{\"@type\":\"Article\",\"@id\":\"https:\\\/\\\/www.organisator.ch\\\/sustainability\\\/2016-01-09\\\/pause-fuer-watt-dor-web-galerie-fuer-energieprojekte\\\/#article\",\"isPartOf\":{\"@id\":\"https:\\\/\\\/www.organisator.ch\\\/sustainability\\\/2016-01-09\\\/pause-fuer-watt-dor-web-galerie-fuer-energieprojekte\\\/\"},\"author\":{\"name\":\"admin\",\"@id\":\"https:\\\/\\\/www.organisator.ch\\\/#\\\/schema\\\/person\\\/aa2bace6c5c5aad60102004a50c4eb1c\"},\"headline\":\"Pause f\u00fcr Watt d\u2019Or &#8211; Web-Galerie f\u00fcr Energieprojekte\",\"datePublished\":\"2016-01-09T13:04:52+00:00\",\"dateModified\":\"2022-02-09T10:06:25+00:00\",\"mainEntityOfPage\":{\"@id\":\"https:\\\/\\\/www.organisator.ch\\\/sustainability\\\/2016-01-09\\\/pause-fuer-watt-dor-web-galerie-fuer-energieprojekte\\\/\"},\"wordCount\":228,\"commentCount\":0,\"publisher\":{\"@id\":\"https:\\\/\\\/www.organisator.ch\\\/#organization\"},\"image\":{\"@id\":\"https:\\\/\\\/www.organisator.ch\\\/sustainability\\\/2016-01-09\\\/pause-fuer-watt-dor-web-galerie-fuer-energieprojekte\\\/#primaryimage\"},\"thumbnailUrl\":\"https:\\\/\\\/www.organisator.ch\\\/wp-content\\\/uploads\\\/2016\\\/12\\\/Pause-fuer-Watt-dOr-Web-Galerie-fuer-Energieprojekte-umweltperspektiven.jpg\",\"keywords\":[\"BFE\",\"ENERGIE\",\"erneuerbare Energie\",\"Solaranlagen\",\"Watt d'Or\"],\"articleSection\":[\"SUSTAINABILITY\"],\"inLanguage\":\"fr-FR\"},{\"@type\":\"WebPage\",\"@id\":\"https:\\\/\\\/www.organisator.ch\\\/sustainability\\\/2016-01-09\\\/pause-fuer-watt-dor-web-galerie-fuer-energieprojekte\\\/\",\"url\":\"https:\\\/\\\/www.organisator.ch\\\/sustainability\\\/2016-01-09\\\/pause-fuer-watt-dor-web-galerie-fuer-energieprojekte\\\/\",\"name\":\"Pause f\u00fcr Watt d\u2019Or - Web-Galerie f\u00fcr Energieprojekte - Organisator\",\"isPartOf\":{\"@id\":\"https:\\\/\\\/www.organisator.ch\\\/#website\"},\"primaryImageOfPage\":{\"@id\":\"https:\\\/\\\/www.organisator.ch\\\/sustainability\\\/2016-01-09\\\/pause-fuer-watt-dor-web-galerie-fuer-energieprojekte\\\/#primaryimage\"},\"image\":{\"@id\":\"https:\\\/\\\/www.organisator.ch\\\/sustainability\\\/2016-01-09\\\/pause-fuer-watt-dor-web-galerie-fuer-energieprojekte\\\/#primaryimage\"},\"thumbnailUrl\":\"https:\\\/\\\/www.organisator.ch\\\/wp-content\\\/uploads\\\/2016\\\/12\\\/Pause-fuer-Watt-dOr-Web-Galerie-fuer-Energieprojekte-umweltperspektiven.jpg\",\"datePublished\":\"2016-01-09T13:04:52+00:00\",\"dateModified\":\"2022-02-09T10:06:25+00:00\",\"description\":\"Der Schweizer Energiepreis Watt d\u2019Or macht ein Jahr Pause. Grosse und kleine Energieprojekte erhalten daf\u00fcr eine Webplattform.\",\"breadcrumb\":{\"@id\":\"https:\\\/\\\/www.organisator.ch\\\/sustainability\\\/2016-01-09\\\/pause-fuer-watt-dor-web-galerie-fuer-energieprojekte\\\/#breadcrumb\"},\"inLanguage\":\"fr-FR\",\"potentialAction\":[{\"@type\":\"ReadAction\",\"target\":[\"https:\\\/\\\/www.organisator.ch\\\/sustainability\\\/2016-01-09\\\/pause-fuer-watt-dor-web-galerie-fuer-energieprojekte\\\/\"]}]},{\"@type\":\"ImageObject\",\"inLanguage\":\"fr-FR\",\"@id\":\"https:\\\/\\\/www.organisator.ch\\\/sustainability\\\/2016-01-09\\\/pause-fuer-watt-dor-web-galerie-fuer-energieprojekte\\\/#primaryimage\",\"url\":\"https:\\\/\\\/www.organisator.ch\\\/wp-content\\\/uploads\\\/2016\\\/12\\\/Pause-fuer-Watt-dOr-Web-Galerie-fuer-Energieprojekte-umweltperspektiven.jpg\",\"contentUrl\":\"https:\\\/\\\/www.organisator.ch\\\/wp-content\\\/uploads\\\/2016\\\/12\\\/Pause-fuer-Watt-dOr-Web-Galerie-fuer-Energieprojekte-umweltperspektiven.jpg\",\"width\":2048,\"height\":1367,\"caption\":\"Der Watt d'Or macht ein Jahr Pause. (Foto: BFE2016)\"},{\"@type\":\"BreadcrumbList\",\"@id\":\"https:\\\/\\\/www.organisator.ch\\\/sustainability\\\/2016-01-09\\\/pause-fuer-watt-dor-web-galerie-fuer-energieprojekte\\\/#breadcrumb\",\"itemListElement\":[{\"@type\":\"ListItem\",\"position\":1,\"name\":\"Home\",\"item\":\"https:\\\/\\\/www.organisator.ch\\\/\"},{\"@type\":\"ListItem\",\"position\":2,\"name\":\"Pause f\u00fcr Watt d\u2019Or &#8211; Web-Galerie f\u00fcr Energieprojekte\"}]},{\"@type\":\"WebSite\",\"@id\":\"https:\\\/\\\/www.organisator.ch\\\/#website\",\"url\":\"https:\\\/\\\/www.organisator.ch\\\/\",\"name\":\"Organisator\",\"description\":\"Kompetent. Praxisnah. Der ORGANISATOR bereitet in 10 Ausgaben pro Jahr die wesentlichen Themen f\u00fcr F\u00fchrungskr\u00e4fte von KMU auf.\",\"publisher\":{\"@id\":\"https:\\\/\\\/www.organisator.ch\\\/#organization\"},\"potentialAction\":[{\"@type\":\"SearchAction\",\"target\":{\"@type\":\"EntryPoint\",\"urlTemplate\":\"https:\\\/\\\/www.organisator.ch\\\/?s={search_term_string}\"},\"query-input\":{\"@type\":\"PropertyValueSpecification\",\"valueRequired\":true,\"valueName\":\"search_term_string\"}}],\"inLanguage\":\"fr-FR\"},{\"@type\":\"Organization\",\"@id\":\"https:\\\/\\\/www.organisator.ch\\\/#organization\",\"name\":\"Organisator\",\"url\":\"https:\\\/\\\/www.organisator.ch\\\/\",\"logo\":{\"@type\":\"ImageObject\",\"inLanguage\":\"fr-FR\",\"@id\":\"https:\\\/\\\/www.organisator.ch\\\/#\\\/schema\\\/logo\\\/image\\\/\",\"url\":\"https:\\\/\\\/www.organisator.ch\\\/wp-content\\\/uploads\\\/2022\\\/01\\\/Logo_Organisator_Website.png\",\"contentUrl\":\"https:\\\/\\\/www.organisator.ch\\\/wp-content\\\/uploads\\\/2022\\\/01\\\/Logo_Organisator_Website.png\",\"width\":800,\"height\":77,\"caption\":\"Organisator\"},\"image\":{\"@id\":\"https:\\\/\\\/www.organisator.ch\\\/#\\\/schema\\\/logo\\\/image\\\/\"},\"sameAs\":[\"https:\\\/\\\/www.facebook.com\\\/OrganisatorFachmagazin\",\"https:\\\/\\\/www.linkedin.com\\\/showcase\\\/organisator-das-magazin-fr-kmu\",\"https:\\\/\\\/www.xing.com\\\/news\\\/pages\\\/organisator-ch-695\",\"https:\\\/\\\/www.youtube.com\\\/channel\\\/UCGP2Sq0iWaZwT3BdIAQFYpw\"]},{\"@type\":\"Person\",\"@id\":\"https:\\\/\\\/www.organisator.ch\\\/#\\\/schema\\\/person\\\/aa2bace6c5c5aad60102004a50c4eb1c\",\"name\":\"admin\",\"image\":{\"@type\":\"ImageObject\",\"inLanguage\":\"fr-FR\",\"@id\":\"https:\\\/\\\/secure.gravatar.com\\\/avatar\\\/ae2f4d718e6c49043e314ce431e7e645d646302a24a5ef5a8bc8e3f5a032e319?s=96&d=mm&r=g\",\"url\":\"https:\\\/\\\/secure.gravatar.com\\\/avatar\\\/ae2f4d718e6c49043e314ce431e7e645d646302a24a5ef5a8bc8e3f5a032e319?s=96&d=mm&r=g\",\"contentUrl\":\"https:\\\/\\\/secure.gravatar.com\\\/avatar\\\/ae2f4d718e6c49043e314ce431e7e645d646302a24a5ef5a8bc8e3f5a032e319?s=96&d=mm&r=g\",\"caption\":\"admin\"},\"sameAs\":[\"https:\\\/\\\/www.organisator.ch\"],\"url\":\"https:\\\/\\\/www.organisator.ch\\\/fr\\\/author\\\/admin\\\/\"}]}<\/script>\n<!-- \/ Yoast SEO plugin. -->","yoast_head_json":{"title":"Pause pour le Watt d'Or - Galerie web pour les projets \u00e9nerg\u00e9tiques - Organisateur","description":"Le prix suisse de l'\u00e9nergie Watt d'Or fait une pause d'un an. Les projets \u00e9nerg\u00e9tiques, petits et grands, b\u00e9n\u00e9ficient en revanche d'une plateforme web.","robots":{"index":"index","follow":"follow","max-snippet":"max-snippet:-1","max-image-preview":"max-image-preview:large","max-video-preview":"max-video-preview:-1"},"canonical":"https:\/\/www.organisator.ch\/fr\/sustainability\/2016-01-09\/pause-fuer-watt-dor-web-galerie-fuer-energieprojekte\/","og_locale":"fr_FR","og_type":"article","og_title":"Pause f\u00fcr Watt d\u2019Or - Web-Galerie f\u00fcr Energieprojekte - Organisator","og_description":"Der Schweizer Energiepreis Watt d\u2019Or macht ein Jahr Pause. Grosse und kleine Energieprojekte erhalten daf\u00fcr eine Webplattform.","og_url":"https:\/\/www.organisator.ch\/fr\/sustainability\/2016-01-09\/pause-fuer-watt-dor-web-galerie-fuer-energieprojekte\/","og_site_name":"Organisator","article_publisher":"https:\/\/www.facebook.com\/OrganisatorFachmagazin","article_published_time":"2016-01-09T13:04:52+00:00","article_modified_time":"2022-02-09T10:06:25+00:00","og_image":[{"width":2048,"height":1367,"url":"https:\/\/www.organisator.ch\/wp-content\/uploads\/2016\/12\/Pause-fuer-Watt-dOr-Web-Galerie-fuer-Energieprojekte-umweltperspektiven.jpg","type":"image\/jpeg"}],"author":"admin","twitter_card":"summary_large_image","schema":{"@context":"https:\/\/schema.org","@graph":[{"@type":"Article","@id":"https:\/\/www.organisator.ch\/sustainability\/2016-01-09\/pause-fuer-watt-dor-web-galerie-fuer-energieprojekte\/#article","isPartOf":{"@id":"https:\/\/www.organisator.ch\/sustainability\/2016-01-09\/pause-fuer-watt-dor-web-galerie-fuer-energieprojekte\/"},"author":{"name":"admin","@id":"https:\/\/www.organisator.ch\/#\/schema\/person\/aa2bace6c5c5aad60102004a50c4eb1c"},"headline":"Pause f\u00fcr Watt d\u2019Or &#8211; Web-Galerie f\u00fcr Energieprojekte","datePublished":"2016-01-09T13:04:52+00:00","dateModified":"2022-02-09T10:06:25+00:00","mainEntityOfPage":{"@id":"https:\/\/www.organisator.ch\/sustainability\/2016-01-09\/pause-fuer-watt-dor-web-galerie-fuer-energieprojekte\/"},"wordCount":228,"commentCount":0,"publisher":{"@id":"https:\/\/www.organisator.ch\/#organization"},"image":{"@id":"https:\/\/www.organisator.ch\/sustainability\/2016-01-09\/pause-fuer-watt-dor-web-galerie-fuer-energieprojekte\/#primaryimage"},"thumbnailUrl":"https:\/\/www.organisator.ch\/wp-content\/uploads\/2016\/12\/Pause-fuer-Watt-dOr-Web-Galerie-fuer-Energieprojekte-umweltperspektiven.jpg","keywords":["BFE","ENERGIE","erneuerbare Energie","Solaranlagen","Watt d'Or"],"articleSection":["SUSTAINABILITY"],"inLanguage":"fr-FR"},{"@type":"WebPage","@id":"https:\/\/www.organisator.ch\/sustainability\/2016-01-09\/pause-fuer-watt-dor-web-galerie-fuer-energieprojekte\/","url":"https:\/\/www.organisator.ch\/sustainability\/2016-01-09\/pause-fuer-watt-dor-web-galerie-fuer-energieprojekte\/","name":"Pause pour le Watt d'Or - Galerie web pour les projets \u00e9nerg\u00e9tiques - Organisateur","isPartOf":{"@id":"https:\/\/www.organisator.ch\/#website"},"primaryImageOfPage":{"@id":"https:\/\/www.organisator.ch\/sustainability\/2016-01-09\/pause-fuer-watt-dor-web-galerie-fuer-energieprojekte\/#primaryimage"},"image":{"@id":"https:\/\/www.organisator.ch\/sustainability\/2016-01-09\/pause-fuer-watt-dor-web-galerie-fuer-energieprojekte\/#primaryimage"},"thumbnailUrl":"https:\/\/www.organisator.ch\/wp-content\/uploads\/2016\/12\/Pause-fuer-Watt-dOr-Web-Galerie-fuer-Energieprojekte-umweltperspektiven.jpg","datePublished":"2016-01-09T13:04:52+00:00","dateModified":"2022-02-09T10:06:25+00:00","description":"Le prix suisse de l'\u00e9nergie Watt d'Or fait une pause d'un an. Les projets \u00e9nerg\u00e9tiques, petits et grands, b\u00e9n\u00e9ficient en revanche d'une plateforme web.","breadcrumb":{"@id":"https:\/\/www.organisator.ch\/sustainability\/2016-01-09\/pause-fuer-watt-dor-web-galerie-fuer-energieprojekte\/#breadcrumb"},"inLanguage":"fr-FR","potentialAction":[{"@type":"ReadAction","target":["https:\/\/www.organisator.ch\/sustainability\/2016-01-09\/pause-fuer-watt-dor-web-galerie-fuer-energieprojekte\/"]}]},{"@type":"ImageObject","inLanguage":"fr-FR","@id":"https:\/\/www.organisator.ch\/sustainability\/2016-01-09\/pause-fuer-watt-dor-web-galerie-fuer-energieprojekte\/#primaryimage","url":"https:\/\/www.organisator.ch\/wp-content\/uploads\/2016\/12\/Pause-fuer-Watt-dOr-Web-Galerie-fuer-Energieprojekte-umweltperspektiven.jpg","contentUrl":"https:\/\/www.organisator.ch\/wp-content\/uploads\/2016\/12\/Pause-fuer-Watt-dOr-Web-Galerie-fuer-Energieprojekte-umweltperspektiven.jpg","width":2048,"height":1367,"caption":"Der Watt d'Or macht ein Jahr Pause. (Foto: BFE2016)"},{"@type":"BreadcrumbList","@id":"https:\/\/www.organisator.ch\/sustainability\/2016-01-09\/pause-fuer-watt-dor-web-galerie-fuer-energieprojekte\/#breadcrumb","itemListElement":[{"@type":"ListItem","position":1,"name":"Home","item":"https:\/\/www.organisator.ch\/"},{"@type":"ListItem","position":2,"name":"Pause f\u00fcr Watt d\u2019Or &#8211; Web-Galerie f\u00fcr Energieprojekte"}]},{"@type":"WebSite","@id":"https:\/\/www.organisator.ch\/#website","url":"https:\/\/www.organisator.ch\/","name":"Organisateur","description":"Comp\u00e9tence et comp\u00e9tence. Proches de la pratique. L'ORGANISATEUR pr\u00e9pare 10 num\u00e9ros par an sur les th\u00e8mes essentiels pour les dirigeants de PME.","publisher":{"@id":"https:\/\/www.organisator.ch\/#organization"},"potentialAction":[{"@type":"SearchAction","target":{"@type":"EntryPoint","urlTemplate":"https:\/\/www.organisator.ch\/?s={search_term_string}"},"query-input":{"@type":"PropertyValueSpecification","valueRequired":true,"valueName":"search_term_string"}}],"inLanguage":"fr-FR"},{"@type":"Organization","@id":"https:\/\/www.organisator.ch\/#organization","name":"Organisateur","url":"https:\/\/www.organisator.ch\/","logo":{"@type":"ImageObject","inLanguage":"fr-FR","@id":"https:\/\/www.organisator.ch\/#\/schema\/logo\/image\/","url":"https:\/\/www.organisator.ch\/wp-content\/uploads\/2022\/01\/Logo_Organisator_Website.png","contentUrl":"https:\/\/www.organisator.ch\/wp-content\/uploads\/2022\/01\/Logo_Organisator_Website.png","width":800,"height":77,"caption":"Organisator"},"image":{"@id":"https:\/\/www.organisator.ch\/#\/schema\/logo\/image\/"},"sameAs":["https:\/\/www.facebook.com\/OrganisatorFachmagazin","https:\/\/www.linkedin.com\/showcase\/organisator-das-magazin-fr-kmu","https:\/\/www.xing.com\/news\/pages\/organisator-ch-695","https:\/\/www.youtube.com\/channel\/UCGP2Sq0iWaZwT3BdIAQFYpw"]},{"@type":"Person","@id":"https:\/\/www.organisator.ch\/#\/schema\/person\/aa2bace6c5c5aad60102004a50c4eb1c","name":"admin","image":{"@type":"ImageObject","inLanguage":"fr-FR","@id":"https:\/\/secure.gravatar.com\/avatar\/ae2f4d718e6c49043e314ce431e7e645d646302a24a5ef5a8bc8e3f5a032e319?s=96&d=mm&r=g","url":"https:\/\/secure.gravatar.com\/avatar\/ae2f4d718e6c49043e314ce431e7e645d646302a24a5ef5a8bc8e3f5a032e319?s=96&d=mm&r=g","contentUrl":"https:\/\/secure.gravatar.com\/avatar\/ae2f4d718e6c49043e314ce431e7e645d646302a24a5ef5a8bc8e3f5a032e319?s=96&d=mm&r=g","caption":"admin"},"sameAs":["https:\/\/www.organisator.ch"],"url":"https:\/\/www.organisator.ch\/fr\/author\/admin\/"}]}},"_links":{"self":[{"href":"https:\/\/www.organisator.ch\/fr\/wp-json\/wp\/v2\/posts\/162","targetHints":{"allow":["GET"]}}],"collection":[{"href":"https:\/\/www.organisator.ch\/fr\/wp-json\/wp\/v2\/posts"}],"about":[{"href":"https:\/\/www.organisator.ch\/fr\/wp-json\/wp\/v2\/types\/post"}],"author":[{"embeddable":true,"href":"https:\/\/www.organisator.ch\/fr\/wp-json\/wp\/v2\/users\/1"}],"replies":[{"embeddable":true,"href":"https:\/\/www.organisator.ch\/fr\/wp-json\/wp\/v2\/comments?post=162"}],"version-history":[{"count":1,"href":"https:\/\/www.organisator.ch\/fr\/wp-json\/wp\/v2\/posts\/162\/revisions"}],"predecessor-version":[{"id":10628,"href":"https:\/\/www.organisator.ch\/fr\/wp-json\/wp\/v2\/posts\/162\/revisions\/10628"}],"wp:featuredmedia":[{"embeddable":true,"href":"https:\/\/www.organisator.ch\/fr\/wp-json\/wp\/v2\/media\/9345"}],"wp:attachment":[{"href":"https:\/\/www.organisator.ch\/fr\/wp-json\/wp\/v2\/media?parent=162"}],"wp:term":[{"taxonomy":"category","embeddable":true,"href":"https:\/\/www.organisator.ch\/fr\/wp-json\/wp\/v2\/categories?post=162"},{"taxonomy":"post_tag","embeddable":true,"href":"https:\/\/www.organisator.ch\/fr\/wp-json\/wp\/v2\/tags?post=162"}],"curies":[{"name":"wp","href":"https:\/\/api.w.org\/{rel}","templated":true}]}}