{"id":1621,"date":"2017-03-10T09:19:48","date_gmt":"2017-03-10T08:19:48","guid":{"rendered":"https:\/\/www.organisator.ch\/?p=1621"},"modified":"2017-03-10T09:19:48","modified_gmt":"2017-03-10T08:19:48","slug":"schulterschluss-fuer-familienunternehmen","status":"publish","type":"post","link":"https:\/\/www.organisator.ch\/fr\/management\/2017-03-10\/schulterschluss-fuer-familienunternehmen\/","title":{"rendered":"Unis pour les entreprises familiales"},"content":{"rendered":"<figure id=\"attachment_1623\" aria-describedby=\"caption-attachment-1623\" style=\"width: 615px\" class=\"wp-caption alignnone\"><img loading=\"lazy\" decoding=\"async\" class=\"size-full wp-image-1623\" src=\"https:\/\/www.organisator.ch\/wp-content\/uploads\/2017\/03\/Schulterschluss-fuer-Familienunternehmen_Organisator.jpg\" alt=\"\" width=\"615\" height=\"480\" srcset=\"https:\/\/www.organisator.ch\/wp-content\/uploads\/2017\/03\/Schulterschluss-fuer-Familienunternehmen_Organisator.jpg 615w, https:\/\/www.organisator.ch\/wp-content\/uploads\/2017\/03\/Schulterschluss-fuer-Familienunternehmen_Organisator-16x12.jpg 16w, https:\/\/www.organisator.ch\/wp-content\/uploads\/2017\/03\/Schulterschluss-fuer-Familienunternehmen_Organisator-224x175.jpg 224w, https:\/\/www.organisator.ch\/wp-content\/uploads\/2017\/03\/Schulterschluss-fuer-Familienunternehmen_Organisator-448x350.jpg 448w, https:\/\/www.organisator.ch\/wp-content\/uploads\/2017\/03\/Schulterschluss-fuer-Familienunternehmen_Organisator-300x234.jpg 300w\" sizes=\"auto, (max-width: 615px) 100vw, 615px\" \/><figcaption id=\"caption-attachment-1623\" class=\"wp-caption-text\">PwC et l'Acad\u00e9mie INTES proposent aux entreprises familiales de Suisse une combinaison unique de conseils en strat\u00e9gie d'entreprise et de conseils aux propri\u00e9taires. (Image : Fotolia.com)<\/figcaption><\/figure>\n<p><span style=\"font-size: medium;\">L'acad\u00e9mie INTES est consid\u00e9r\u00e9e comme le leader du march\u00e9 et le premier interlocuteur pour la qualification interg\u00e9n\u00e9rationnelle, la mise en r\u00e9seau et le conseil en strat\u00e9gie propri\u00e9taire des entreprises familiales et des familles d'entrepreneurs. Depuis 2013, INTES est une entreprise du groupe allemand PwC. En raison de cette collaboration fructueuse et de leur passion commune, PwC Suisse et INTES empruntent d\u00e9sormais des voies communes et d\u00e9veloppent des structures porteuses d'avenir pour les entreprises et les familles suisses. <\/span>INTES apporte l'exp\u00e9rience de pr\u00e8s de deux d\u00e9cennies de conseil aux familles propri\u00e9taires. PwC peut d\u00e9sormais l'enrichir d'une expertise de haute qualit\u00e9 en mati\u00e8re d'audit et de conseil strat\u00e9gique, manag\u00e9rial, juridique et fiscal, indiquent les deux entreprises.<\/p>\n<p><span style=\"font-size: medium;\">\"Les entreprises familiales marquent l'\u00e9conomie suisse de leur empreinte. Nous sommes heureux de soutenir leur succ\u00e8s en Suisse en collaboration avec INTES. Notre mission commune est de rendre de telles entreprises plus prosp\u00e8res et les familles d'entrepreneurs plus fortes\", d\u00e9clare Norbert K\u00fchnis, responsable des entreprises familiales et des PME chez PwC Suisse. <\/span>Dominik von Au, directeur de l'INTES Akademie f\u00fcr Familienunternehmen, ajoute : \"INTES aide les entreprises familiales \u00e0 parvenir \u00e0 une gouvernance familiale et d'entreprise porteuse d'avenir par le biais d'une strat\u00e9gie propri\u00e9taire claire. PwC rend les entreprises familiales encore meilleures. INTES rend les familles de propri\u00e9taires encore plus fortes. Nous nous r\u00e9jouissons beaucoup de d\u00e9velopper, en collaboration avec PwC Suisse et ses experts, des solutions d'avenir pour les entreprises et les familles en Suisse\".<\/p>\n<p><em>Source : <a href=\"http:\/\/www.pwc.ch\">www.pwc.ch<\/a><\/em><\/p>\n<p>&nbsp;<\/p>","protected":false},"excerpt":{"rendered":"<p>Die INTES Akademie gilt als Marktf\u00fchrer und erster Ansprechpartner f\u00fcr die generations\u00fcbergreifende Qualifizierung, Vernetzung und inhaberstrategische Beratung von Familienunternehmen und Unternehmerfamilien. Seit 2013 ist INTES ein Unternehmen der deutschen PwC-Gruppe. Aufgrund dieser erfolgreichen Zusammenarbeit und der gemeinsamen Leidenschaft gehen nun auch PwC Schweiz und INTES gemeinsame Wege und entwickeln zukunftsf\u00e4hige Strukturen f\u00fcr Schweizer Unternehmen und [&hellip;]<\/p>\n","protected":false},"author":4,"featured_media":1623,"comment_status":"open","ping_status":"open","sticky":false,"template":"","format":"standard","meta":{"_acf_changed":false,"_yoast_wpseo_focuskw":"Familienunternehmen","_yoast_wpseo_metadesc":"PwC Schweiz und die INTES Akademie f\u00fcr Familienunternehmen spannen zusammen. Gemeinsam bieten sie Schweizer Familienunternehmen ihre Beratungsprodukte an.","articlekey":"","footnotes":""},"categories":[28],"tags":[196,335,492,496],"class_list":["post-1621","post","type-post","status-publish","format-standard","has-post-thumbnail","hentry","category-management","tag-familienunternehmen","tag-management-und-unternehmensfuehrung","tag-unternehmen","tag-unternehmensfuehrung"],"acf":[],"yoast_head":"<!-- This site is optimized with the Yoast SEO plugin v27.5 - https:\/\/yoast.com\/product\/yoast-seo-wordpress\/ -->\n<title>Schulterschluss f\u00fcr Familienunternehmen - Organisator<\/title>\n<meta name=\"description\" content=\"PwC Schweiz und die INTES Akademie f\u00fcr Familienunternehmen spannen zusammen. Gemeinsam bieten sie Schweizer Familienunternehmen ihre Beratungsprodukte an.\" \/>\n<meta name=\"robots\" content=\"index, follow, max-snippet:-1, max-image-preview:large, max-video-preview:-1\" \/>\n<link rel=\"canonical\" href=\"https:\/\/www.organisator.ch\/fr\/gestion-2\/2017-03-10\/schulterschluss-fuer-familienunternehmen\/\" \/>\n<meta property=\"og:locale\" content=\"fr_FR\" \/>\n<meta property=\"og:type\" content=\"article\" \/>\n<meta property=\"og:title\" content=\"Schulterschluss f\u00fcr Familienunternehmen\" \/>\n<meta property=\"og:description\" content=\"#PwCSchweiz und die #INTES Akademie f\u00fcr #Familienunternehmen spannen zusammen. Gemeinsam bieten sie familiengef\u00fchrten Unternehmen in der Schweiz eine einzigartige Kombination aus inhaber- und unternehmensstrategischer Beratung.\" \/>\n<meta property=\"og:url\" content=\"https:\/\/www.organisator.ch\/fr\/gestion-2\/2017-03-10\/schulterschluss-fuer-familienunternehmen\/\" \/>\n<meta property=\"og:site_name\" content=\"Organisator\" \/>\n<meta property=\"article:publisher\" content=\"https:\/\/www.facebook.com\/OrganisatorFachmagazin\" \/>\n<meta property=\"article:published_time\" content=\"2017-03-10T08:19:48+00:00\" \/>\n<meta property=\"og:image\" content=\"https:\/\/www.organisator.ch\/wp-content\/uploads\/2017\/03\/Schulterschluss-fuer-Familienunternehmen_Organisator.jpg\" \/>\n\t<meta property=\"og:image:width\" content=\"615\" \/>\n\t<meta property=\"og:image:height\" content=\"480\" \/>\n\t<meta property=\"og:image:type\" content=\"image\/jpeg\" \/>\n<meta name=\"author\" content=\"thomas.berner\" \/>\n<meta name=\"twitter:card\" content=\"summary_large_image\" \/>\n<script type=\"application\/ld+json\" class=\"yoast-schema-graph\">{\"@context\":\"https:\\\/\\\/schema.org\",\"@graph\":[{\"@type\":\"Article\",\"@id\":\"https:\\\/\\\/www.organisator.ch\\\/management\\\/2017-03-10\\\/schulterschluss-fuer-familienunternehmen\\\/#article\",\"isPartOf\":{\"@id\":\"https:\\\/\\\/www.organisator.ch\\\/management\\\/2017-03-10\\\/schulterschluss-fuer-familienunternehmen\\\/\"},\"author\":{\"name\":\"thomas.berner\",\"@id\":\"https:\\\/\\\/www.organisator.ch\\\/#\\\/schema\\\/person\\\/6f650f90b2842cd4c0cc334b4e36f67e\"},\"headline\":\"Schulterschluss f\u00fcr Familienunternehmen\",\"datePublished\":\"2017-03-10T08:19:48+00:00\",\"mainEntityOfPage\":{\"@id\":\"https:\\\/\\\/www.organisator.ch\\\/management\\\/2017-03-10\\\/schulterschluss-fuer-familienunternehmen\\\/\"},\"wordCount\":251,\"commentCount\":0,\"publisher\":{\"@id\":\"https:\\\/\\\/www.organisator.ch\\\/#organization\"},\"image\":{\"@id\":\"https:\\\/\\\/www.organisator.ch\\\/management\\\/2017-03-10\\\/schulterschluss-fuer-familienunternehmen\\\/#primaryimage\"},\"thumbnailUrl\":\"https:\\\/\\\/www.organisator.ch\\\/wp-content\\\/uploads\\\/2017\\\/03\\\/Schulterschluss-fuer-Familienunternehmen_Organisator.jpg\",\"keywords\":[\"Familienunternehmen\",\"Management und Unternehmensf\u00fchrung\",\"Unternehmen\",\"Unternehmensf\u00fchrung\"],\"articleSection\":[\"MANAGEMENT\"],\"inLanguage\":\"fr-FR\"},{\"@type\":\"WebPage\",\"@id\":\"https:\\\/\\\/www.organisator.ch\\\/management\\\/2017-03-10\\\/schulterschluss-fuer-familienunternehmen\\\/\",\"url\":\"https:\\\/\\\/www.organisator.ch\\\/management\\\/2017-03-10\\\/schulterschluss-fuer-familienunternehmen\\\/\",\"name\":\"Schulterschluss f\u00fcr Familienunternehmen - Organisator\",\"isPartOf\":{\"@id\":\"https:\\\/\\\/www.organisator.ch\\\/#website\"},\"primaryImageOfPage\":{\"@id\":\"https:\\\/\\\/www.organisator.ch\\\/management\\\/2017-03-10\\\/schulterschluss-fuer-familienunternehmen\\\/#primaryimage\"},\"image\":{\"@id\":\"https:\\\/\\\/www.organisator.ch\\\/management\\\/2017-03-10\\\/schulterschluss-fuer-familienunternehmen\\\/#primaryimage\"},\"thumbnailUrl\":\"https:\\\/\\\/www.organisator.ch\\\/wp-content\\\/uploads\\\/2017\\\/03\\\/Schulterschluss-fuer-Familienunternehmen_Organisator.jpg\",\"datePublished\":\"2017-03-10T08:19:48+00:00\",\"description\":\"PwC Schweiz und die INTES Akademie f\u00fcr Familienunternehmen spannen zusammen. Gemeinsam bieten sie Schweizer Familienunternehmen ihre Beratungsprodukte an.\",\"breadcrumb\":{\"@id\":\"https:\\\/\\\/www.organisator.ch\\\/management\\\/2017-03-10\\\/schulterschluss-fuer-familienunternehmen\\\/#breadcrumb\"},\"inLanguage\":\"fr-FR\",\"potentialAction\":[{\"@type\":\"ReadAction\",\"target\":[\"https:\\\/\\\/www.organisator.ch\\\/management\\\/2017-03-10\\\/schulterschluss-fuer-familienunternehmen\\\/\"]}]},{\"@type\":\"ImageObject\",\"inLanguage\":\"fr-FR\",\"@id\":\"https:\\\/\\\/www.organisator.ch\\\/management\\\/2017-03-10\\\/schulterschluss-fuer-familienunternehmen\\\/#primaryimage\",\"url\":\"https:\\\/\\\/www.organisator.ch\\\/wp-content\\\/uploads\\\/2017\\\/03\\\/Schulterschluss-fuer-Familienunternehmen_Organisator.jpg\",\"contentUrl\":\"https:\\\/\\\/www.organisator.ch\\\/wp-content\\\/uploads\\\/2017\\\/03\\\/Schulterschluss-fuer-Familienunternehmen_Organisator.jpg\",\"width\":615,\"height\":480,\"caption\":\"PwC und die INTES Akademie bieten familiengef\u00fchrten Unternehmen in der Schweiz eine einzigartige Kombination aus inhaber- und unternehmensstrategischer Beratung. (Bild: Fotolia.com)\"},{\"@type\":\"BreadcrumbList\",\"@id\":\"https:\\\/\\\/www.organisator.ch\\\/management\\\/2017-03-10\\\/schulterschluss-fuer-familienunternehmen\\\/#breadcrumb\",\"itemListElement\":[{\"@type\":\"ListItem\",\"position\":1,\"name\":\"Home\",\"item\":\"https:\\\/\\\/www.organisator.ch\\\/\"},{\"@type\":\"ListItem\",\"position\":2,\"name\":\"Schulterschluss f\u00fcr Familienunternehmen\"}]},{\"@type\":\"WebSite\",\"@id\":\"https:\\\/\\\/www.organisator.ch\\\/#website\",\"url\":\"https:\\\/\\\/www.organisator.ch\\\/\",\"name\":\"Organisator\",\"description\":\"Kompetent. Praxisnah. Der ORGANISATOR bereitet in 10 Ausgaben pro Jahr die wesentlichen Themen f\u00fcr F\u00fchrungskr\u00e4fte von KMU auf.\",\"publisher\":{\"@id\":\"https:\\\/\\\/www.organisator.ch\\\/#organization\"},\"potentialAction\":[{\"@type\":\"SearchAction\",\"target\":{\"@type\":\"EntryPoint\",\"urlTemplate\":\"https:\\\/\\\/www.organisator.ch\\\/?s={search_term_string}\"},\"query-input\":{\"@type\":\"PropertyValueSpecification\",\"valueRequired\":true,\"valueName\":\"search_term_string\"}}],\"inLanguage\":\"fr-FR\"},{\"@type\":\"Organization\",\"@id\":\"https:\\\/\\\/www.organisator.ch\\\/#organization\",\"name\":\"Organisator\",\"url\":\"https:\\\/\\\/www.organisator.ch\\\/\",\"logo\":{\"@type\":\"ImageObject\",\"inLanguage\":\"fr-FR\",\"@id\":\"https:\\\/\\\/www.organisator.ch\\\/#\\\/schema\\\/logo\\\/image\\\/\",\"url\":\"https:\\\/\\\/www.organisator.ch\\\/wp-content\\\/uploads\\\/2022\\\/01\\\/Logo_Organisator_Website.png\",\"contentUrl\":\"https:\\\/\\\/www.organisator.ch\\\/wp-content\\\/uploads\\\/2022\\\/01\\\/Logo_Organisator_Website.png\",\"width\":800,\"height\":77,\"caption\":\"Organisator\"},\"image\":{\"@id\":\"https:\\\/\\\/www.organisator.ch\\\/#\\\/schema\\\/logo\\\/image\\\/\"},\"sameAs\":[\"https:\\\/\\\/www.facebook.com\\\/OrganisatorFachmagazin\",\"https:\\\/\\\/www.linkedin.com\\\/showcase\\\/organisator-das-magazin-fr-kmu\",\"https:\\\/\\\/www.xing.com\\\/news\\\/pages\\\/organisator-ch-695\",\"https:\\\/\\\/www.youtube.com\\\/channel\\\/UCGP2Sq0iWaZwT3BdIAQFYpw\"]},{\"@type\":\"Person\",\"@id\":\"https:\\\/\\\/www.organisator.ch\\\/#\\\/schema\\\/person\\\/6f650f90b2842cd4c0cc334b4e36f67e\",\"name\":\"thomas.berner\",\"image\":{\"@type\":\"ImageObject\",\"inLanguage\":\"fr-FR\",\"@id\":\"https:\\\/\\\/secure.gravatar.com\\\/avatar\\\/ac5001d2a36cb6c6cd3e50789007ffca834b477b74a2144564522e944eabff61?s=96&d=mm&r=g\",\"url\":\"https:\\\/\\\/secure.gravatar.com\\\/avatar\\\/ac5001d2a36cb6c6cd3e50789007ffca834b477b74a2144564522e944eabff61?s=96&d=mm&r=g\",\"contentUrl\":\"https:\\\/\\\/secure.gravatar.com\\\/avatar\\\/ac5001d2a36cb6c6cd3e50789007ffca834b477b74a2144564522e944eabff61?s=96&d=mm&r=g\",\"caption\":\"thomas.berner\"},\"url\":\"https:\\\/\\\/www.organisator.ch\\\/fr\\\/author\\\/thomas-berner\\\/\"}]}<\/script>\n<!-- \/ Yoast SEO plugin. -->","yoast_head_json":{"title":"Unis pour les entreprises familiales - Organisateur","description":"PwC Suisse et l'Acad\u00e9mie INTES pour les entreprises familiales s'associent. Ensemble, ils proposent leurs produits de conseil aux entreprises familiales suisses.","robots":{"index":"index","follow":"follow","max-snippet":"max-snippet:-1","max-image-preview":"max-image-preview:large","max-video-preview":"max-video-preview:-1"},"canonical":"https:\/\/www.organisator.ch\/fr\/gestion-2\/2017-03-10\/schulterschluss-fuer-familienunternehmen\/","og_locale":"fr_FR","og_type":"article","og_title":"Schulterschluss f\u00fcr Familienunternehmen","og_description":"#PwCSchweiz und die #INTES Akademie f\u00fcr #Familienunternehmen spannen zusammen. Gemeinsam bieten sie familiengef\u00fchrten Unternehmen in der Schweiz eine einzigartige Kombination aus inhaber- und unternehmensstrategischer Beratung.","og_url":"https:\/\/www.organisator.ch\/fr\/gestion-2\/2017-03-10\/schulterschluss-fuer-familienunternehmen\/","og_site_name":"Organisator","article_publisher":"https:\/\/www.facebook.com\/OrganisatorFachmagazin","article_published_time":"2017-03-10T08:19:48+00:00","og_image":[{"width":615,"height":480,"url":"https:\/\/www.organisator.ch\/wp-content\/uploads\/2017\/03\/Schulterschluss-fuer-Familienunternehmen_Organisator.jpg","type":"image\/jpeg"}],"author":"thomas.berner","twitter_card":"summary_large_image","schema":{"@context":"https:\/\/schema.org","@graph":[{"@type":"Article","@id":"https:\/\/www.organisator.ch\/management\/2017-03-10\/schulterschluss-fuer-familienunternehmen\/#article","isPartOf":{"@id":"https:\/\/www.organisator.ch\/management\/2017-03-10\/schulterschluss-fuer-familienunternehmen\/"},"author":{"name":"thomas.berner","@id":"https:\/\/www.organisator.ch\/#\/schema\/person\/6f650f90b2842cd4c0cc334b4e36f67e"},"headline":"Schulterschluss f\u00fcr Familienunternehmen","datePublished":"2017-03-10T08:19:48+00:00","mainEntityOfPage":{"@id":"https:\/\/www.organisator.ch\/management\/2017-03-10\/schulterschluss-fuer-familienunternehmen\/"},"wordCount":251,"commentCount":0,"publisher":{"@id":"https:\/\/www.organisator.ch\/#organization"},"image":{"@id":"https:\/\/www.organisator.ch\/management\/2017-03-10\/schulterschluss-fuer-familienunternehmen\/#primaryimage"},"thumbnailUrl":"https:\/\/www.organisator.ch\/wp-content\/uploads\/2017\/03\/Schulterschluss-fuer-Familienunternehmen_Organisator.jpg","keywords":["Familienunternehmen","Management und Unternehmensf\u00fchrung","Unternehmen","Unternehmensf\u00fchrung"],"articleSection":["MANAGEMENT"],"inLanguage":"fr-FR"},{"@type":"WebPage","@id":"https:\/\/www.organisator.ch\/management\/2017-03-10\/schulterschluss-fuer-familienunternehmen\/","url":"https:\/\/www.organisator.ch\/management\/2017-03-10\/schulterschluss-fuer-familienunternehmen\/","name":"Unis pour les entreprises familiales - Organisateur","isPartOf":{"@id":"https:\/\/www.organisator.ch\/#website"},"primaryImageOfPage":{"@id":"https:\/\/www.organisator.ch\/management\/2017-03-10\/schulterschluss-fuer-familienunternehmen\/#primaryimage"},"image":{"@id":"https:\/\/www.organisator.ch\/management\/2017-03-10\/schulterschluss-fuer-familienunternehmen\/#primaryimage"},"thumbnailUrl":"https:\/\/www.organisator.ch\/wp-content\/uploads\/2017\/03\/Schulterschluss-fuer-Familienunternehmen_Organisator.jpg","datePublished":"2017-03-10T08:19:48+00:00","description":"PwC Suisse et l'Acad\u00e9mie INTES pour les entreprises familiales s'associent. Ensemble, ils proposent leurs produits de conseil aux entreprises familiales suisses.","breadcrumb":{"@id":"https:\/\/www.organisator.ch\/management\/2017-03-10\/schulterschluss-fuer-familienunternehmen\/#breadcrumb"},"inLanguage":"fr-FR","potentialAction":[{"@type":"ReadAction","target":["https:\/\/www.organisator.ch\/management\/2017-03-10\/schulterschluss-fuer-familienunternehmen\/"]}]},{"@type":"ImageObject","inLanguage":"fr-FR","@id":"https:\/\/www.organisator.ch\/management\/2017-03-10\/schulterschluss-fuer-familienunternehmen\/#primaryimage","url":"https:\/\/www.organisator.ch\/wp-content\/uploads\/2017\/03\/Schulterschluss-fuer-Familienunternehmen_Organisator.jpg","contentUrl":"https:\/\/www.organisator.ch\/wp-content\/uploads\/2017\/03\/Schulterschluss-fuer-Familienunternehmen_Organisator.jpg","width":615,"height":480,"caption":"PwC und die INTES Akademie bieten familiengef\u00fchrten Unternehmen in der Schweiz eine einzigartige Kombination aus inhaber- und unternehmensstrategischer Beratung. (Bild: Fotolia.com)"},{"@type":"BreadcrumbList","@id":"https:\/\/www.organisator.ch\/management\/2017-03-10\/schulterschluss-fuer-familienunternehmen\/#breadcrumb","itemListElement":[{"@type":"ListItem","position":1,"name":"Home","item":"https:\/\/www.organisator.ch\/"},{"@type":"ListItem","position":2,"name":"Schulterschluss f\u00fcr Familienunternehmen"}]},{"@type":"WebSite","@id":"https:\/\/www.organisator.ch\/#website","url":"https:\/\/www.organisator.ch\/","name":"Organisateur","description":"Comp\u00e9tence et comp\u00e9tence. Proches de la pratique. L'ORGANISATEUR pr\u00e9pare 10 num\u00e9ros par an sur les th\u00e8mes essentiels pour les dirigeants de PME.","publisher":{"@id":"https:\/\/www.organisator.ch\/#organization"},"potentialAction":[{"@type":"SearchAction","target":{"@type":"EntryPoint","urlTemplate":"https:\/\/www.organisator.ch\/?s={search_term_string}"},"query-input":{"@type":"PropertyValueSpecification","valueRequired":true,"valueName":"search_term_string"}}],"inLanguage":"fr-FR"},{"@type":"Organization","@id":"https:\/\/www.organisator.ch\/#organization","name":"Organisateur","url":"https:\/\/www.organisator.ch\/","logo":{"@type":"ImageObject","inLanguage":"fr-FR","@id":"https:\/\/www.organisator.ch\/#\/schema\/logo\/image\/","url":"https:\/\/www.organisator.ch\/wp-content\/uploads\/2022\/01\/Logo_Organisator_Website.png","contentUrl":"https:\/\/www.organisator.ch\/wp-content\/uploads\/2022\/01\/Logo_Organisator_Website.png","width":800,"height":77,"caption":"Organisator"},"image":{"@id":"https:\/\/www.organisator.ch\/#\/schema\/logo\/image\/"},"sameAs":["https:\/\/www.facebook.com\/OrganisatorFachmagazin","https:\/\/www.linkedin.com\/showcase\/organisator-das-magazin-fr-kmu","https:\/\/www.xing.com\/news\/pages\/organisator-ch-695","https:\/\/www.youtube.com\/channel\/UCGP2Sq0iWaZwT3BdIAQFYpw"]},{"@type":"Person","@id":"https:\/\/www.organisator.ch\/#\/schema\/person\/6f650f90b2842cd4c0cc334b4e36f67e","name":"thomas.berner","image":{"@type":"ImageObject","inLanguage":"fr-FR","@id":"https:\/\/secure.gravatar.com\/avatar\/ac5001d2a36cb6c6cd3e50789007ffca834b477b74a2144564522e944eabff61?s=96&d=mm&r=g","url":"https:\/\/secure.gravatar.com\/avatar\/ac5001d2a36cb6c6cd3e50789007ffca834b477b74a2144564522e944eabff61?s=96&d=mm&r=g","contentUrl":"https:\/\/secure.gravatar.com\/avatar\/ac5001d2a36cb6c6cd3e50789007ffca834b477b74a2144564522e944eabff61?s=96&d=mm&r=g","caption":"thomas.berner"},"url":"https:\/\/www.organisator.ch\/fr\/author\/thomas-berner\/"}]}},"_links":{"self":[{"href":"https:\/\/www.organisator.ch\/fr\/wp-json\/wp\/v2\/posts\/1621","targetHints":{"allow":["GET"]}}],"collection":[{"href":"https:\/\/www.organisator.ch\/fr\/wp-json\/wp\/v2\/posts"}],"about":[{"href":"https:\/\/www.organisator.ch\/fr\/wp-json\/wp\/v2\/types\/post"}],"author":[{"embeddable":true,"href":"https:\/\/www.organisator.ch\/fr\/wp-json\/wp\/v2\/users\/4"}],"replies":[{"embeddable":true,"href":"https:\/\/www.organisator.ch\/fr\/wp-json\/wp\/v2\/comments?post=1621"}],"version-history":[{"count":0,"href":"https:\/\/www.organisator.ch\/fr\/wp-json\/wp\/v2\/posts\/1621\/revisions"}],"wp:featuredmedia":[{"embeddable":true,"href":"https:\/\/www.organisator.ch\/fr\/wp-json\/wp\/v2\/media\/1623"}],"wp:attachment":[{"href":"https:\/\/www.organisator.ch\/fr\/wp-json\/wp\/v2\/media?parent=1621"}],"wp:term":[{"taxonomy":"category","embeddable":true,"href":"https:\/\/www.organisator.ch\/fr\/wp-json\/wp\/v2\/categories?post=1621"},{"taxonomy":"post_tag","embeddable":true,"href":"https:\/\/www.organisator.ch\/fr\/wp-json\/wp\/v2\/tags?post=1621"}],"curies":[{"name":"wp","href":"https:\/\/api.w.org\/{rel}","templated":true}]}}