{"id":16329,"date":"2022-08-03T11:55:27","date_gmt":"2022-08-03T09:55:27","guid":{"rendered":"https:\/\/www.organisator.ch\/?p=16329"},"modified":"2022-08-03T11:55:27","modified_gmt":"2022-08-03T09:55:27","slug":"le-commerce-de-detail-suisse-enregistre-des-pertes-au-premier-semestre-2022","status":"publish","type":"post","link":"https:\/\/www.organisator.ch\/fr\/allgemein\/2022-08-03\/schweizer-detailhandel-verzeichnet-im-ersten-halbjahr-2022-einbussen\/","title":{"rendered":"Le commerce de d\u00e9tail suisse enregistre des pertes au premier semestre 2022"},"content":{"rendered":"<figure id=\"attachment_16330\" aria-describedby=\"caption-attachment-16330\" style=\"width: 680px\" class=\"wp-caption alignnone\"><img loading=\"lazy\" decoding=\"async\" class=\"size-full wp-image-16330\" src=\"https:\/\/www.organisator.ch\/wp-content\/uploads\/2022\/08\/Schweizer-Detailhandel-verzeichnet-im-ersten-Halbjahr-2022-Einbussen_Organisator.jpg\" alt=\"\" width=\"680\" height=\"441\" srcset=\"https:\/\/www.organisator.ch\/wp-content\/uploads\/2022\/08\/Schweizer-Detailhandel-verzeichnet-im-ersten-Halbjahr-2022-Einbussen_Organisator.jpg 680w, https:\/\/www.organisator.ch\/wp-content\/uploads\/2022\/08\/Schweizer-Detailhandel-verzeichnet-im-ersten-Halbjahr-2022-Einbussen_Organisator-18x12.jpg 18w, https:\/\/www.organisator.ch\/wp-content\/uploads\/2022\/08\/Schweizer-Detailhandel-verzeichnet-im-ersten-Halbjahr-2022-Einbussen_Organisator-270x175.jpg 270w, https:\/\/www.organisator.ch\/wp-content\/uploads\/2022\/08\/Schweizer-Detailhandel-verzeichnet-im-ersten-Halbjahr-2022-Einbussen_Organisator-540x350.jpg 540w, https:\/\/www.organisator.ch\/wp-content\/uploads\/2022\/08\/Schweizer-Detailhandel-verzeichnet-im-ersten-Halbjahr-2022-Einbussen_Organisator-300x195.jpg 300w\" sizes=\"auto, (max-width: 680px) 100vw, 680px\" \/><figcaption id=\"caption-attachment-16330\" class=\"wp-caption-text\">Le commerce de d\u00e9tail suisse est-il en perte de vitesse ? Les chiffres du premier semestre sont plut\u00f4t mitig\u00e9s. (Image : GfK)<\/figcaption><\/figure>\n<p>Le commerce de d\u00e9tail suisse a connu un premier semestre 2022 mitig\u00e9. Selon GfK Markt Monitor, le secteur non alimentaire enregistre un recul au premier semestre 2022 et se situe 3,0% en dessous du r\u00e9sultat positif \u00e0 deux chiffres de l'ann\u00e9e pr\u00e9c\u00e9dente, marqu\u00e9 par la crise de Corona. Le secteur alimentaire\/near-food est \u00e9galement en recul avec moins 7,4 %. Le r\u00e9sultat non alimentaire, toujours influenc\u00e9 par les lockdowns et les r\u00e9ouvertures de l'ann\u00e9e derni\u00e8re pour les magasins et les produits de consommation non courante, a subi des pertes importantes, en particulier aux mois de mars et avril (les r\u00e9ouvertures de l'ann\u00e9e derni\u00e8re, le 1er mars 2021, ont entra\u00een\u00e9 des propositions particuli\u00e8rement \u00e9lev\u00e9es). Les mois de mai et juin 2022 marquent un ralentissement.<\/p>\n<h3>Des \u00e9volutions diff\u00e9rentes dans le commerce de d\u00e9tail suisse<\/h3>\n<p>Les march\u00e9s suivants ont toutefois enregistr\u00e9 une croissance au cours du premier semestre 2022 : le secteur des loisirs continue de cro\u00eetre et, dans le domaine du sport, les planches \u00e9lectriques se distinguent de mani\u00e8re particuli\u00e8rement positive. Les groupes de produits tels que l'alimentation sportive, les lunettes de sport, les articles de camping et, sur une p\u00e9riode plus longue, les v\u00e9los \u00e9lectriques sont \u00e9galement \u00e0 la mode. En outre, l'augmentation des voyages continue de stimuler la reprise du groupe de produits \"Bagages\". En t\u00eate de liste en termes de croissance cumul\u00e9e, le march\u00e9 de la mode enregistre une croissance consid\u00e9rable au premier semestre 2022 et continue de se redresser dans tous les domaines.<\/p>\n<p>Le march\u00e9 de l'ameublement et le bricolage sont en revanche en recul \u00e0 la fin juin 2022. L'\u00e9lectronique grand public est \u00e9galement en recul. Les mois de mars et d'avril ont \u00e9t\u00e9 les plus touch\u00e9s, mais les mois de mai et juin 2022 montrent d\u00e9j\u00e0 un ralentissement. La plus grande saturation est perceptible dans le domaine des t\u00e9l\u00e9phones portables, notamment en raison de probl\u00e8mes de disponibilit\u00e9, en particulier pour les appareils de luxe. La saturation se poursuit pour certains des produits les plus performants des ann\u00e9es pr\u00e9c\u00e9dentes, comme les consoles de jeux vid\u00e9o et les t\u00e9l\u00e9viseurs \u00e0 \u00e9cran plat. Pour certains groupes de produits, il y a cependant actuellement plut\u00f4t un exc\u00e9dent de stock, ce qui entra\u00eene une pression accrue sur les prix. Le secteur de la photo enregistre une croissance, favoris\u00e9e par l'augmentation des voyages. Les achats en ligne sont en recul par rapport aux r\u00e9sultats \u00e9lev\u00e9s de l'ann\u00e9e pr\u00e9c\u00e9dente et s'\u00e9l\u00e8vent \u00e0 moins 8 % en cumul\u00e9 pour le semestre 2022.<\/p>\n<h3>Pr\u00e9visions conjoncturelles mitig\u00e9es<\/h3>\n<p>Les pr\u00e9visions conjoncturelles sont moins bonnes que derni\u00e8rement. Le groupe d'experts GfK abaisse ses pr\u00e9visions de croissance pour la Suisse \u00e0 2,6% en 2022 et \u00e0 1,9% en 2023 (PIB corrig\u00e9 des \u00e9v\u00e9nements sportifs). Selon le Groupe d'experts, l'\u00e9conomie suisse a commenc\u00e9 l'ann\u00e9e 2022 de mani\u00e8re positive, mais les perspectives pour l'environnement international se sont assombries. Les risques pour la conjoncture mondiale proviennent notamment de la guerre en Ukraine et de l'\u00e9volution en Chine, indique le groupe d'experts. L'Office f\u00e9d\u00e9ral de la statistique pr\u00e9voit en outre un rench\u00e9rissement annuel de 2,5 pour cent en 2022 et de 1,4 pour cent en 2023. En revanche, l'\u00e9volution du march\u00e9 du travail reste positive : pour 2022, on s'attend \u00e0 un taux de ch\u00f4mage moyen de 2,1 pour cent ; pour 2023, l'Office f\u00e9d\u00e9ral de la statistique (OFS) pr\u00e9voit un taux de ch\u00f4mage moyen de 2,0 pour cent.<\/p>\n<p><em>Source et informations compl\u00e9mentaires : <a href=\"http:\/\/www.gfk.com\/de-ch\">GfK<\/a><\/em><\/p>","protected":false},"excerpt":{"rendered":"<p>Der Schweizer Detailhandel blickt auf ein durchzogenes erstes Halbjahr 2022 zur\u00fcck. Der Bereich Non Food verzeichnet gem\u00e4ss GfK Markt Monitor im ersten Halbjahr 2022 einen R\u00fcckgang und liegt 3.0 Prozent unter dem durch die Corona-Krise gepr\u00e4gten positiven zweistelligen Vorjahresergebnis. Food-\/ Nearfood verl\u00e4uft ebenfalls r\u00fcckl\u00e4ufig mit minus 7.4 Prozent. Das Non Food Ergebnis erlitt, noch immer [&hellip;]<\/p>\n","protected":false},"author":4,"featured_media":16330,"comment_status":"closed","ping_status":"closed","sticky":false,"template":"","format":"standard","meta":{"_acf_changed":false,"_yoast_wpseo_focuskw":"Schweizer Detailhandel","_yoast_wpseo_metadesc":"Der GfK Markt Monitor zum Schweizer Detailhandel entwickelt sich zum ersten Halbjahr 2022 r\u00fcckl\u00e4ufig mit einem Minus von 5.7 Prozent.","articlekey":"","footnotes":""},"categories":[1],"tags":[149,310,508],"class_list":["post-16329","post","type-post","status-publish","format-standard","has-post-thumbnail","hentry","category-allgemein","tag-detailhandel","tag-konjunktur","tag-vermischtes"],"acf":[],"yoast_head":"<!-- This site is optimized with the Yoast SEO plugin v27.4 - https:\/\/yoast.com\/product\/yoast-seo-wordpress\/ -->\n<title>Schweizer Detailhandel verzeichnet im ersten Halbjahr 2022 Einbussen - Organisator<\/title>\n<meta name=\"description\" content=\"Der GfK Markt Monitor zum Schweizer Detailhandel entwickelt sich zum ersten Halbjahr 2022 r\u00fcckl\u00e4ufig mit einem Minus von 5.7 Prozent.\" \/>\n<meta name=\"robots\" content=\"index, follow, max-snippet:-1, max-image-preview:large, max-video-preview:-1\" \/>\n<link rel=\"canonical\" href=\"https:\/\/www.organisator.ch\/fr\/general\/2022-08-03\/le-commerce-de-detail-suisse-enregistre-des-pertes-au-premier-semestre-2022\/\" \/>\n<meta property=\"og:locale\" content=\"fr_FR\" \/>\n<meta property=\"og:type\" content=\"article\" \/>\n<meta property=\"og:title\" content=\"Schweizer Detailhandel verzeichnet im ersten Halbjahr 2022 Einbussen\" \/>\n<meta property=\"og:description\" content=\"Der GfK Markt Monitor zum Schweizer Detailhandel entwickelt sich zum ersten Halbjahr 2022 r\u00fcckl\u00e4ufig mit einem Minus von 5.7 Prozent.\" \/>\n<meta property=\"og:url\" content=\"https:\/\/www.organisator.ch\/fr\/general\/2022-08-03\/le-commerce-de-detail-suisse-enregistre-des-pertes-au-premier-semestre-2022\/\" \/>\n<meta property=\"og:site_name\" content=\"Organisator\" \/>\n<meta property=\"article:publisher\" content=\"https:\/\/www.facebook.com\/OrganisatorFachmagazin\" \/>\n<meta property=\"article:published_time\" content=\"2022-08-03T09:55:27+00:00\" \/>\n<meta property=\"og:image\" content=\"https:\/\/www.organisator.ch\/wp-content\/uploads\/2022\/08\/Schweizer-Detailhandel-verzeichnet-im-ersten-Halbjahr-2022-Einbussen_Organisator.jpg\" \/>\n\t<meta property=\"og:image:width\" content=\"680\" \/>\n\t<meta property=\"og:image:height\" content=\"441\" \/>\n\t<meta property=\"og:image:type\" content=\"image\/jpeg\" \/>\n<meta name=\"author\" content=\"thomas.berner\" \/>\n<meta name=\"twitter:card\" content=\"summary_large_image\" \/>\n<meta name=\"twitter:title\" content=\"Schweizer #Detailhandel verzeichnet im ersten Halbjahr 2022 #Einbussen\" \/>\n<meta name=\"twitter:description\" content=\"Der #GfK Markt Monitor zum Schweizer #Detailhandel entwickelt sich zum ersten Halbjahr 2022 r\u00fcckl\u00e4ufig mit einem Minus von 5.7 Prozent.\" \/>\n<meta name=\"twitter:image\" content=\"https:\/\/www.organisator.ch\/wp-content\/uploads\/2022\/08\/Schweizer-Detailhandel-verzeichnet-im-ersten-Halbjahr-2022-Einbussen_Organisator.jpg\" \/>\n<script type=\"application\/ld+json\" class=\"yoast-schema-graph\">{\"@context\":\"https:\\\/\\\/schema.org\",\"@graph\":[{\"@type\":\"Article\",\"@id\":\"https:\\\/\\\/www.organisator.ch\\\/it\\\/generale\\\/2022-08-03\\\/swiss-detail-trade-riporta-perdite-nel-primo-meta-del-2022\\\/#article\",\"isPartOf\":{\"@id\":\"https:\\\/\\\/www.organisator.ch\\\/it\\\/generale\\\/2022-08-03\\\/swiss-detail-trade-riporta-perdite-nel-primo-meta-del-2022\\\/\"},\"author\":{\"name\":\"thomas.berner\",\"@id\":\"https:\\\/\\\/www.organisator.ch\\\/#\\\/schema\\\/person\\\/6f650f90b2842cd4c0cc334b4e36f67e\"},\"headline\":\"Schweizer Detailhandel verzeichnet im ersten Halbjahr 2022 Einbussen\",\"datePublished\":\"2022-08-03T09:55:27+00:00\",\"mainEntityOfPage\":{\"@id\":\"https:\\\/\\\/www.organisator.ch\\\/it\\\/generale\\\/2022-08-03\\\/swiss-detail-trade-riporta-perdite-nel-primo-meta-del-2022\\\/\"},\"wordCount\":504,\"publisher\":{\"@id\":\"https:\\\/\\\/www.organisator.ch\\\/#organization\"},\"image\":{\"@id\":\"https:\\\/\\\/www.organisator.ch\\\/it\\\/generale\\\/2022-08-03\\\/swiss-detail-trade-riporta-perdite-nel-primo-meta-del-2022\\\/#primaryimage\"},\"thumbnailUrl\":\"https:\\\/\\\/www.organisator.ch\\\/wp-content\\\/uploads\\\/2022\\\/08\\\/Schweizer-Detailhandel-verzeichnet-im-ersten-Halbjahr-2022-Einbussen_Organisator.jpg\",\"keywords\":[\"Detailhandel\",\"Konjunktur\",\"Vermischtes\"],\"articleSection\":[\"Allgemein\"],\"inLanguage\":\"fr-FR\"},{\"@type\":\"WebPage\",\"@id\":\"https:\\\/\\\/www.organisator.ch\\\/it\\\/generale\\\/2022-08-03\\\/swiss-detail-trade-riporta-perdite-nel-primo-meta-del-2022\\\/\",\"url\":\"https:\\\/\\\/www.organisator.ch\\\/it\\\/generale\\\/2022-08-03\\\/swiss-detail-trade-riporta-perdite-nel-primo-meta-del-2022\\\/\",\"name\":\"Schweizer Detailhandel verzeichnet im ersten Halbjahr 2022 Einbussen - Organisator\",\"isPartOf\":{\"@id\":\"https:\\\/\\\/www.organisator.ch\\\/#website\"},\"primaryImageOfPage\":{\"@id\":\"https:\\\/\\\/www.organisator.ch\\\/it\\\/generale\\\/2022-08-03\\\/swiss-detail-trade-riporta-perdite-nel-primo-meta-del-2022\\\/#primaryimage\"},\"image\":{\"@id\":\"https:\\\/\\\/www.organisator.ch\\\/it\\\/generale\\\/2022-08-03\\\/swiss-detail-trade-riporta-perdite-nel-primo-meta-del-2022\\\/#primaryimage\"},\"thumbnailUrl\":\"https:\\\/\\\/www.organisator.ch\\\/wp-content\\\/uploads\\\/2022\\\/08\\\/Schweizer-Detailhandel-verzeichnet-im-ersten-Halbjahr-2022-Einbussen_Organisator.jpg\",\"datePublished\":\"2022-08-03T09:55:27+00:00\",\"description\":\"Der GfK Markt Monitor zum Schweizer Detailhandel entwickelt sich zum ersten Halbjahr 2022 r\u00fcckl\u00e4ufig mit einem Minus von 5.7 Prozent.\",\"breadcrumb\":{\"@id\":\"https:\\\/\\\/www.organisator.ch\\\/it\\\/generale\\\/2022-08-03\\\/swiss-detail-trade-riporta-perdite-nel-primo-meta-del-2022\\\/#breadcrumb\"},\"inLanguage\":\"fr-FR\",\"potentialAction\":[{\"@type\":\"ReadAction\",\"target\":[\"https:\\\/\\\/www.organisator.ch\\\/it\\\/generale\\\/2022-08-03\\\/swiss-detail-trade-riporta-perdite-nel-primo-meta-del-2022\\\/\"]}]},{\"@type\":\"ImageObject\",\"inLanguage\":\"fr-FR\",\"@id\":\"https:\\\/\\\/www.organisator.ch\\\/it\\\/generale\\\/2022-08-03\\\/swiss-detail-trade-riporta-perdite-nel-primo-meta-del-2022\\\/#primaryimage\",\"url\":\"https:\\\/\\\/www.organisator.ch\\\/wp-content\\\/uploads\\\/2022\\\/08\\\/Schweizer-Detailhandel-verzeichnet-im-ersten-Halbjahr-2022-Einbussen_Organisator.jpg\",\"contentUrl\":\"https:\\\/\\\/www.organisator.ch\\\/wp-content\\\/uploads\\\/2022\\\/08\\\/Schweizer-Detailhandel-verzeichnet-im-ersten-Halbjahr-2022-Einbussen_Organisator.jpg\",\"width\":680,\"height\":441,\"caption\":\"Geht es abw\u00e4rts mit dem Schweizer Detailhandel? Die Zahlen des ersten Halbjahrs sind eher durchzogen. (Bild: GfK)\"},{\"@type\":\"BreadcrumbList\",\"@id\":\"https:\\\/\\\/www.organisator.ch\\\/it\\\/generale\\\/2022-08-03\\\/swiss-detail-trade-riporta-perdite-nel-primo-meta-del-2022\\\/#breadcrumb\",\"itemListElement\":[{\"@type\":\"ListItem\",\"position\":1,\"name\":\"Home\",\"item\":\"https:\\\/\\\/www.organisator.ch\\\/\"},{\"@type\":\"ListItem\",\"position\":2,\"name\":\"Schweizer Detailhandel verzeichnet im ersten Halbjahr 2022 Einbussen\"}]},{\"@type\":\"WebSite\",\"@id\":\"https:\\\/\\\/www.organisator.ch\\\/#website\",\"url\":\"https:\\\/\\\/www.organisator.ch\\\/\",\"name\":\"Organisator\",\"description\":\"Kompetent. Praxisnah. Der ORGANISATOR bereitet in 10 Ausgaben pro Jahr die wesentlichen Themen f\u00fcr F\u00fchrungskr\u00e4fte von KMU auf.\",\"publisher\":{\"@id\":\"https:\\\/\\\/www.organisator.ch\\\/#organization\"},\"potentialAction\":[{\"@type\":\"SearchAction\",\"target\":{\"@type\":\"EntryPoint\",\"urlTemplate\":\"https:\\\/\\\/www.organisator.ch\\\/?s={search_term_string}\"},\"query-input\":{\"@type\":\"PropertyValueSpecification\",\"valueRequired\":true,\"valueName\":\"search_term_string\"}}],\"inLanguage\":\"fr-FR\"},{\"@type\":\"Organization\",\"@id\":\"https:\\\/\\\/www.organisator.ch\\\/#organization\",\"name\":\"Organisator\",\"url\":\"https:\\\/\\\/www.organisator.ch\\\/\",\"logo\":{\"@type\":\"ImageObject\",\"inLanguage\":\"fr-FR\",\"@id\":\"https:\\\/\\\/www.organisator.ch\\\/#\\\/schema\\\/logo\\\/image\\\/\",\"url\":\"https:\\\/\\\/www.organisator.ch\\\/wp-content\\\/uploads\\\/2022\\\/01\\\/Logo_Organisator_Website.png\",\"contentUrl\":\"https:\\\/\\\/www.organisator.ch\\\/wp-content\\\/uploads\\\/2022\\\/01\\\/Logo_Organisator_Website.png\",\"width\":800,\"height\":77,\"caption\":\"Organisator\"},\"image\":{\"@id\":\"https:\\\/\\\/www.organisator.ch\\\/#\\\/schema\\\/logo\\\/image\\\/\"},\"sameAs\":[\"https:\\\/\\\/www.facebook.com\\\/OrganisatorFachmagazin\",\"https:\\\/\\\/www.linkedin.com\\\/showcase\\\/organisator-das-magazin-fr-kmu\",\"https:\\\/\\\/www.xing.com\\\/news\\\/pages\\\/organisator-ch-695\",\"https:\\\/\\\/www.youtube.com\\\/channel\\\/UCGP2Sq0iWaZwT3BdIAQFYpw\"]},{\"@type\":\"Person\",\"@id\":\"https:\\\/\\\/www.organisator.ch\\\/#\\\/schema\\\/person\\\/6f650f90b2842cd4c0cc334b4e36f67e\",\"name\":\"thomas.berner\",\"image\":{\"@type\":\"ImageObject\",\"inLanguage\":\"fr-FR\",\"@id\":\"https:\\\/\\\/secure.gravatar.com\\\/avatar\\\/ac5001d2a36cb6c6cd3e50789007ffca834b477b74a2144564522e944eabff61?s=96&d=mm&r=g\",\"url\":\"https:\\\/\\\/secure.gravatar.com\\\/avatar\\\/ac5001d2a36cb6c6cd3e50789007ffca834b477b74a2144564522e944eabff61?s=96&d=mm&r=g\",\"contentUrl\":\"https:\\\/\\\/secure.gravatar.com\\\/avatar\\\/ac5001d2a36cb6c6cd3e50789007ffca834b477b74a2144564522e944eabff61?s=96&d=mm&r=g\",\"caption\":\"thomas.berner\"},\"url\":\"https:\\\/\\\/www.organisator.ch\\\/fr\\\/author\\\/thomas-berner\\\/\"}]}<\/script>\n<!-- \/ Yoast SEO plugin. -->","yoast_head_json":{"title":"Le commerce de d\u00e9tail suisse enregistre des pertes au premier semestre 2022 - Organisateur","description":"Selon le Market Monitor de GfK sur le commerce de d\u00e9tail suisse, l'\u00e9volution au premier semestre 2022 est \u00e0 la baisse avec un recul de 5,7%.","robots":{"index":"index","follow":"follow","max-snippet":"max-snippet:-1","max-image-preview":"max-image-preview:large","max-video-preview":"max-video-preview:-1"},"canonical":"https:\/\/www.organisator.ch\/fr\/general\/2022-08-03\/le-commerce-de-detail-suisse-enregistre-des-pertes-au-premier-semestre-2022\/","og_locale":"fr_FR","og_type":"article","og_title":"Schweizer Detailhandel verzeichnet im ersten Halbjahr 2022 Einbussen","og_description":"Der GfK Markt Monitor zum Schweizer Detailhandel entwickelt sich zum ersten Halbjahr 2022 r\u00fcckl\u00e4ufig mit einem Minus von 5.7 Prozent.","og_url":"https:\/\/www.organisator.ch\/fr\/general\/2022-08-03\/le-commerce-de-detail-suisse-enregistre-des-pertes-au-premier-semestre-2022\/","og_site_name":"Organisator","article_publisher":"https:\/\/www.facebook.com\/OrganisatorFachmagazin","article_published_time":"2022-08-03T09:55:27+00:00","og_image":[{"width":680,"height":441,"url":"https:\/\/www.organisator.ch\/wp-content\/uploads\/2022\/08\/Schweizer-Detailhandel-verzeichnet-im-ersten-Halbjahr-2022-Einbussen_Organisator.jpg","type":"image\/jpeg"}],"author":"thomas.berner","twitter_card":"summary_large_image","twitter_title":"Schweizer #Detailhandel verzeichnet im ersten Halbjahr 2022 #Einbussen","twitter_description":"Der #GfK Markt Monitor zum Schweizer #Detailhandel entwickelt sich zum ersten Halbjahr 2022 r\u00fcckl\u00e4ufig mit einem Minus von 5.7 Prozent.","twitter_image":"https:\/\/www.organisator.ch\/wp-content\/uploads\/2022\/08\/Schweizer-Detailhandel-verzeichnet-im-ersten-Halbjahr-2022-Einbussen_Organisator.jpg","schema":{"@context":"https:\/\/schema.org","@graph":[{"@type":"Article","@id":"https:\/\/www.organisator.ch\/it\/generale\/2022-08-03\/swiss-detail-trade-riporta-perdite-nel-primo-meta-del-2022\/#article","isPartOf":{"@id":"https:\/\/www.organisator.ch\/it\/generale\/2022-08-03\/swiss-detail-trade-riporta-perdite-nel-primo-meta-del-2022\/"},"author":{"name":"thomas.berner","@id":"https:\/\/www.organisator.ch\/#\/schema\/person\/6f650f90b2842cd4c0cc334b4e36f67e"},"headline":"Schweizer Detailhandel verzeichnet im ersten Halbjahr 2022 Einbussen","datePublished":"2022-08-03T09:55:27+00:00","mainEntityOfPage":{"@id":"https:\/\/www.organisator.ch\/it\/generale\/2022-08-03\/swiss-detail-trade-riporta-perdite-nel-primo-meta-del-2022\/"},"wordCount":504,"publisher":{"@id":"https:\/\/www.organisator.ch\/#organization"},"image":{"@id":"https:\/\/www.organisator.ch\/it\/generale\/2022-08-03\/swiss-detail-trade-riporta-perdite-nel-primo-meta-del-2022\/#primaryimage"},"thumbnailUrl":"https:\/\/www.organisator.ch\/wp-content\/uploads\/2022\/08\/Schweizer-Detailhandel-verzeichnet-im-ersten-Halbjahr-2022-Einbussen_Organisator.jpg","keywords":["Detailhandel","Konjunktur","Vermischtes"],"articleSection":["Allgemein"],"inLanguage":"fr-FR"},{"@type":"WebPage","@id":"https:\/\/www.organisator.ch\/it\/generale\/2022-08-03\/swiss-detail-trade-riporta-perdite-nel-primo-meta-del-2022\/","url":"https:\/\/www.organisator.ch\/it\/generale\/2022-08-03\/swiss-detail-trade-riporta-perdite-nel-primo-meta-del-2022\/","name":"Le commerce de d\u00e9tail suisse enregistre des pertes au premier semestre 2022 - Organisateur","isPartOf":{"@id":"https:\/\/www.organisator.ch\/#website"},"primaryImageOfPage":{"@id":"https:\/\/www.organisator.ch\/it\/generale\/2022-08-03\/swiss-detail-trade-riporta-perdite-nel-primo-meta-del-2022\/#primaryimage"},"image":{"@id":"https:\/\/www.organisator.ch\/it\/generale\/2022-08-03\/swiss-detail-trade-riporta-perdite-nel-primo-meta-del-2022\/#primaryimage"},"thumbnailUrl":"https:\/\/www.organisator.ch\/wp-content\/uploads\/2022\/08\/Schweizer-Detailhandel-verzeichnet-im-ersten-Halbjahr-2022-Einbussen_Organisator.jpg","datePublished":"2022-08-03T09:55:27+00:00","description":"Selon le Market Monitor de GfK sur le commerce de d\u00e9tail suisse, l'\u00e9volution au premier semestre 2022 est \u00e0 la baisse avec un recul de 5,7%.","breadcrumb":{"@id":"https:\/\/www.organisator.ch\/it\/generale\/2022-08-03\/swiss-detail-trade-riporta-perdite-nel-primo-meta-del-2022\/#breadcrumb"},"inLanguage":"fr-FR","potentialAction":[{"@type":"ReadAction","target":["https:\/\/www.organisator.ch\/it\/generale\/2022-08-03\/swiss-detail-trade-riporta-perdite-nel-primo-meta-del-2022\/"]}]},{"@type":"ImageObject","inLanguage":"fr-FR","@id":"https:\/\/www.organisator.ch\/it\/generale\/2022-08-03\/swiss-detail-trade-riporta-perdite-nel-primo-meta-del-2022\/#primaryimage","url":"https:\/\/www.organisator.ch\/wp-content\/uploads\/2022\/08\/Schweizer-Detailhandel-verzeichnet-im-ersten-Halbjahr-2022-Einbussen_Organisator.jpg","contentUrl":"https:\/\/www.organisator.ch\/wp-content\/uploads\/2022\/08\/Schweizer-Detailhandel-verzeichnet-im-ersten-Halbjahr-2022-Einbussen_Organisator.jpg","width":680,"height":441,"caption":"Geht es abw\u00e4rts mit dem Schweizer Detailhandel? Die Zahlen des ersten Halbjahrs sind eher durchzogen. (Bild: GfK)"},{"@type":"BreadcrumbList","@id":"https:\/\/www.organisator.ch\/it\/generale\/2022-08-03\/swiss-detail-trade-riporta-perdite-nel-primo-meta-del-2022\/#breadcrumb","itemListElement":[{"@type":"ListItem","position":1,"name":"Home","item":"https:\/\/www.organisator.ch\/"},{"@type":"ListItem","position":2,"name":"Schweizer Detailhandel verzeichnet im ersten Halbjahr 2022 Einbussen"}]},{"@type":"WebSite","@id":"https:\/\/www.organisator.ch\/#website","url":"https:\/\/www.organisator.ch\/","name":"Organisateur","description":"Comp\u00e9tence et comp\u00e9tence. Proches de la pratique. L'ORGANISATEUR pr\u00e9pare 10 num\u00e9ros par an sur les th\u00e8mes essentiels pour les dirigeants de PME.","publisher":{"@id":"https:\/\/www.organisator.ch\/#organization"},"potentialAction":[{"@type":"SearchAction","target":{"@type":"EntryPoint","urlTemplate":"https:\/\/www.organisator.ch\/?s={search_term_string}"},"query-input":{"@type":"PropertyValueSpecification","valueRequired":true,"valueName":"search_term_string"}}],"inLanguage":"fr-FR"},{"@type":"Organization","@id":"https:\/\/www.organisator.ch\/#organization","name":"Organisateur","url":"https:\/\/www.organisator.ch\/","logo":{"@type":"ImageObject","inLanguage":"fr-FR","@id":"https:\/\/www.organisator.ch\/#\/schema\/logo\/image\/","url":"https:\/\/www.organisator.ch\/wp-content\/uploads\/2022\/01\/Logo_Organisator_Website.png","contentUrl":"https:\/\/www.organisator.ch\/wp-content\/uploads\/2022\/01\/Logo_Organisator_Website.png","width":800,"height":77,"caption":"Organisator"},"image":{"@id":"https:\/\/www.organisator.ch\/#\/schema\/logo\/image\/"},"sameAs":["https:\/\/www.facebook.com\/OrganisatorFachmagazin","https:\/\/www.linkedin.com\/showcase\/organisator-das-magazin-fr-kmu","https:\/\/www.xing.com\/news\/pages\/organisator-ch-695","https:\/\/www.youtube.com\/channel\/UCGP2Sq0iWaZwT3BdIAQFYpw"]},{"@type":"Person","@id":"https:\/\/www.organisator.ch\/#\/schema\/person\/6f650f90b2842cd4c0cc334b4e36f67e","name":"thomas.berner","image":{"@type":"ImageObject","inLanguage":"fr-FR","@id":"https:\/\/secure.gravatar.com\/avatar\/ac5001d2a36cb6c6cd3e50789007ffca834b477b74a2144564522e944eabff61?s=96&d=mm&r=g","url":"https:\/\/secure.gravatar.com\/avatar\/ac5001d2a36cb6c6cd3e50789007ffca834b477b74a2144564522e944eabff61?s=96&d=mm&r=g","contentUrl":"https:\/\/secure.gravatar.com\/avatar\/ac5001d2a36cb6c6cd3e50789007ffca834b477b74a2144564522e944eabff61?s=96&d=mm&r=g","caption":"thomas.berner"},"url":"https:\/\/www.organisator.ch\/fr\/author\/thomas-berner\/"}]}},"_links":{"self":[{"href":"https:\/\/www.organisator.ch\/fr\/wp-json\/wp\/v2\/posts\/16329","targetHints":{"allow":["GET"]}}],"collection":[{"href":"https:\/\/www.organisator.ch\/fr\/wp-json\/wp\/v2\/posts"}],"about":[{"href":"https:\/\/www.organisator.ch\/fr\/wp-json\/wp\/v2\/types\/post"}],"author":[{"embeddable":true,"href":"https:\/\/www.organisator.ch\/fr\/wp-json\/wp\/v2\/users\/4"}],"replies":[{"embeddable":true,"href":"https:\/\/www.organisator.ch\/fr\/wp-json\/wp\/v2\/comments?post=16329"}],"version-history":[{"count":1,"href":"https:\/\/www.organisator.ch\/fr\/wp-json\/wp\/v2\/posts\/16329\/revisions"}],"predecessor-version":[{"id":16331,"href":"https:\/\/www.organisator.ch\/fr\/wp-json\/wp\/v2\/posts\/16329\/revisions\/16331"}],"wp:featuredmedia":[{"embeddable":true,"href":"https:\/\/www.organisator.ch\/fr\/wp-json\/wp\/v2\/media\/16330"}],"wp:attachment":[{"href":"https:\/\/www.organisator.ch\/fr\/wp-json\/wp\/v2\/media?parent=16329"}],"wp:term":[{"taxonomy":"category","embeddable":true,"href":"https:\/\/www.organisator.ch\/fr\/wp-json\/wp\/v2\/categories?post=16329"},{"taxonomy":"post_tag","embeddable":true,"href":"https:\/\/www.organisator.ch\/fr\/wp-json\/wp\/v2\/tags?post=16329"}],"curies":[{"name":"wp","href":"https:\/\/api.w.org\/{rel}","templated":true}]}}