{"id":1633,"date":"2018-04-12T16:28:51","date_gmt":"2018-04-12T14:28:51","guid":{"rendered":"https:\/\/www.umweltperspektiven.ch\/?p=1633"},"modified":"2022-02-09T11:06:54","modified_gmt":"2022-02-09T10:06:54","slug":"mehr-foerderungen-durch-die-klimastiftung-schweiz","status":"publish","type":"post","link":"https:\/\/www.organisator.ch\/fr\/sustainability\/2018-04-12\/mehr-foerderungen-durch-die-klimastiftung-schweiz\/","title":{"rendered":"Plus de subventions de la Fondation Suisse pour le Climat"},"content":{"rendered":"<p>&nbsp;<\/p>\n<table width=\"100%\">\n<tbody>\n<tr>\n<td>\n<table width=\"100%\">\n<tbody>\n<tr>\n<td width=\"750\">\n<table style=\"height: 15px;\" width=\"417\">\n<tbody>\n<tr>\n<td><\/td>\n<\/tr>\n<\/tbody>\n<\/table>\n<\/td>\n<\/tr>\n<\/tbody>\n<\/table>\n<\/td>\n<\/tr>\n<\/tbody>\n<\/table>\n<p>&nbsp;<\/p>\n<table width=\"100%\">\n<tbody>\n<tr>\n<td>\n<table width=\"100%\">\n<tbody>\n<tr>\n<td width=\"750\">\n<table width=\"100%\">\n<tbody>\n<tr>\n<td>\n<figure id=\"attachment_1634\" aria-describedby=\"caption-attachment-1634\" style=\"width: 680px\" class=\"wp-caption alignnone\"><img loading=\"lazy\" decoding=\"async\" class=\"size-medium wp-image-1634\" src=\"\/\/www.umweltperspektiven.ch\/wp-content\/uploads\/2018\/04\/Mehr-F\u00f6rderungen-durch-die-Klimastiftung-Schweiz-up-umweltperspektiven.jpg\" alt=\"\" width=\"680\" height=\"453\" \/><figcaption id=\"caption-attachment-1634\" class=\"wp-caption-text\">La Fondation pour le climat n'a pas seulement r\u00e9ussi \u00e0 augmenter ses trois programmes de soutien \u00e9prouv\u00e9s. Un nouveau programme de soutien durable a \u00e9galement \u00e9t\u00e9 lanc\u00e9 avec succ\u00e8s. (Image : depositphotos)<\/figcaption><\/figure>\n<p><a href=\"\/\/maxcomm.us12.list-manage.com\/track\/click?u=74090039ecde65db808b5baa9&amp;id=8bf64159be&amp;e=2fa6853443\">Lien rapport annuel<\/a><\/p>\n<p>Un \"avenir \u00e9nerg\u00e9tique moderne\" a commenc\u00e9 : 2017 \u00e9tait pour\u00a0 <a href=\"\/\/maxcomm.us12.list-manage.com\/track\/click?u=74090039ecde65db808b5baa9&amp;id=abf87640af&amp;e=2fa6853443\">la Fondation Suisse pour le Climat<\/a> a connu une ann\u00e9e importante. Elle a pu soutenir 139 projets, soit 80% de plus que l'ann\u00e9e pr\u00e9c\u00e9dente. De plus, des jalons importants ont \u00e9t\u00e9 pos\u00e9s au niveau de la politique nationale pour la protection du climat avec la votation sur la strat\u00e9gie \u00e9nerg\u00e9tique 2050. \"Pour nous, ce fut une ann\u00e9e tr\u00e8s motivante\", d\u00e9clare la pr\u00e9sidente de la fondation Gabriele Burn. Depuis sa cr\u00e9ation en 2008, la Fondation Suisse pour le Climat soutient aussi bien les entreprises qui \u00e9conomisent de l'\u00e9nergie dans leur propre exploitation que celles qui d\u00e9veloppent de nouveaux produits utiles \u00e0 la protection du climat. Les PME qui concluent avec la Conf\u00e9d\u00e9ration une convention d'objectifs volontaire en mati\u00e8re d'\u00e9conomie d'\u00e9nergie sont \u00e9galement soutenues. Elles \u00e9taient pr\u00e8s de 200 l'ann\u00e9e derni\u00e8re, soit un tiers de plus que l'ann\u00e9e pr\u00e9c\u00e9dente.<\/p>\n<p><strong>Protection du climat en for\u00eat<\/strong><\/p>\n<p>La fondation n'a pas seulement r\u00e9ussi \u00e0 augmenter ses trois programmes de soutien \u00e9prouv\u00e9s. Un nouveau programme de soutien, le quatri\u00e8me, a \u00e9galement \u00e9t\u00e9 lanc\u00e9 avec succ\u00e8s. Depuis mi-2017, la Fondation Suisse pour le Climat soutient le rajeunissement de for\u00eats qui ne peuvent pas \u00eatre entretenues de mani\u00e8re rentable. C'est notamment le cas sur les pentes raides et inaccessibles. Les propri\u00e9taires forestiers organis\u00e9s tels que les communes bourgeoises ou les corporations sont encourag\u00e9s. \"En 2017, la fondation a pu soutenir 31 interventions dans des for\u00eats et \u00e9viter ainsi que celles-ci ne vieillissent et ne deviennent des sources de CO2\", \u00e9crivent le directeur Vincent Eckert et la pr\u00e9sidente Gabriele Burn dans l'\u00e9ditorial du rapport annuel.<\/p>\n<p><strong>Un mod\u00e8le \u00e0 succ\u00e8s avec un avenir ouvert<\/strong><\/p>\n<p>La Fondation Suisse pour le Climat est bien positionn\u00e9e pour les trois ann\u00e9es \u00e0 venir. Elle dispose de r\u00e9serves financi\u00e8res, de m\u00e9canismes de soutien \u00e9tablis et d'un bon r\u00e9seau. L'avenir de la fondation n'est cependant pas encore clair. Le mod\u00e8le de la Fondation Suisse pour le Climat est li\u00e9 \u00e0 la taxe d'incitation sur le CO2 : les entreprises de services qui re\u00e7oivent des remboursements \u00e9lev\u00e9s gr\u00e2ce \u00e0 cette taxe en donnent volontairement une partie \u00e0 la fondation. La discussion sur la poursuite de l'action de la fondation d\u00e9pend donc, entre autres, de l'am\u00e9nagement futur de la loi sur le CO2. (Source : Fondation pour le climat)<\/p>\n<p><a href=\"\/\/www.klimastiftung.ch\">www.klimastiftung.ch<\/a><\/p>\n<p>&nbsp;<\/td>\n<\/tr>\n<\/tbody>\n<\/table>\n<\/td>\n<\/tr>\n<\/tbody>\n<\/table>\n<\/td>\n<\/tr>\n<\/tbody>\n<\/table>","protected":false},"excerpt":{"rendered":"<p>&nbsp; &nbsp; Link Jahresbericht Eine \u00abmoderne Energiezukunft\u00bb hat begonnen: 2017 war f\u00fcr\u00a0 die Klimastiftung Schweiz ein wichtiges Jahr. Sie konnte 139 Projekte unterstu\u0308tzen\u00a0\u2013\u00a080 Prozent mehr als im Vorjahr. Zudem wurden auf der Ebene der nationalen Politik wichtige Weichen fu\u0308r den Klimaschutz gestellt mit der Abstimmung zur Energiestrategie 2050. \u00abFu\u0308r uns war es ein sehr motivierendes [&hellip;]<\/p>\n","protected":false},"author":5,"featured_media":1638,"comment_status":"open","ping_status":"open","sticky":false,"template":"","format":"standard","meta":{"_acf_changed":false,"_yoast_wpseo_focuskw":"Klimastiftung Schweiz","_yoast_wpseo_metadesc":"Klimastiftung Schweiz konnte 2017 deutlich mehr kleine und mittlere Unternehmen fo\u0308rdern 2016. Ziel ist es, Klimaschutz und Wirtschaftsstandort zu sta\u0308rken.","articlekey":"","footnotes":""},"categories":[580],"tags":[1461,596,1832,424],"class_list":["post-1633","post","type-post","status-publish","format-standard","has-post-thumbnail","hentry","category-sustainability","tag-jahresrueckblick","tag-klima","tag-neues-programm","tag-schweiz"],"acf":[],"yoast_head":"<!-- This site is optimized with the Yoast SEO plugin v27.4 - https:\/\/yoast.com\/product\/yoast-seo-wordpress\/ -->\n<title>Mehr F\u00f6rderungen durch die Klimastiftung Schweiz - Organisator<\/title>\n<meta name=\"description\" content=\"Klimastiftung Schweiz konnte 2017 deutlich mehr kleine und mittlere Unternehmen fo\u0308rdern 2016. Ziel ist es, Klimaschutz und Wirtschaftsstandort zu sta\u0308rken.\" \/>\n<meta name=\"robots\" content=\"index, follow, max-snippet:-1, max-image-preview:large, max-video-preview:-1\" \/>\n<link rel=\"canonical\" href=\"https:\/\/www.organisator.ch\/fr\/sustainability\/2018-04-12\/mehr-foerderungen-durch-die-klimastiftung-schweiz\/\" \/>\n<meta property=\"og:locale\" content=\"fr_FR\" \/>\n<meta property=\"og:type\" content=\"article\" \/>\n<meta property=\"og:title\" content=\"Mehr F\u00f6rderungen durch die Klimastiftung Schweiz - Organisator\" \/>\n<meta property=\"og:description\" content=\"Klimastiftung Schweiz konnte 2017 deutlich mehr kleine und mittlere Unternehmen fo\u0308rdern 2016. Ziel ist es, Klimaschutz und Wirtschaftsstandort zu sta\u0308rken.\" \/>\n<meta property=\"og:url\" content=\"https:\/\/www.organisator.ch\/fr\/sustainability\/2018-04-12\/mehr-foerderungen-durch-die-klimastiftung-schweiz\/\" \/>\n<meta property=\"og:site_name\" content=\"Organisator\" \/>\n<meta property=\"article:publisher\" content=\"https:\/\/www.facebook.com\/OrganisatorFachmagazin\" \/>\n<meta property=\"article:published_time\" content=\"2018-04-12T14:28:51+00:00\" \/>\n<meta property=\"article:modified_time\" content=\"2022-02-09T10:06:54+00:00\" \/>\n<meta property=\"og:image\" content=\"https:\/\/www.organisator.ch\/wp-content\/uploads\/2018\/04\/Allianz-Vollversicherung-MQ_Management-u-qualitaet.jpg\" \/>\n\t<meta property=\"og:image:width\" content=\"1000\" \/>\n\t<meta property=\"og:image:height\" content=\"631\" \/>\n\t<meta property=\"og:image:type\" content=\"image\/jpeg\" \/>\n<meta name=\"author\" content=\"michael.merz\" \/>\n<meta name=\"twitter:card\" content=\"summary_large_image\" \/>\n<script type=\"application\/ld+json\" class=\"yoast-schema-graph\">{\"@context\":\"https:\\\/\\\/schema.org\",\"@graph\":[{\"@type\":\"Article\",\"@id\":\"https:\\\/\\\/www.organisator.ch\\\/sustainability\\\/2018-04-12\\\/mehr-foerderungen-durch-die-klimastiftung-schweiz\\\/#article\",\"isPartOf\":{\"@id\":\"https:\\\/\\\/www.organisator.ch\\\/sustainability\\\/2018-04-12\\\/mehr-foerderungen-durch-die-klimastiftung-schweiz\\\/\"},\"author\":{\"name\":\"michael.merz\",\"@id\":\"https:\\\/\\\/www.organisator.ch\\\/#\\\/schema\\\/person\\\/134708ca9321c57b0362cceb7948ffbd\"},\"headline\":\"Mehr F\u00f6rderungen durch die Klimastiftung Schweiz\",\"datePublished\":\"2018-04-12T14:28:51+00:00\",\"dateModified\":\"2022-02-09T10:06:54+00:00\",\"mainEntityOfPage\":{\"@id\":\"https:\\\/\\\/www.organisator.ch\\\/sustainability\\\/2018-04-12\\\/mehr-foerderungen-durch-die-klimastiftung-schweiz\\\/\"},\"wordCount\":358,\"commentCount\":0,\"publisher\":{\"@id\":\"https:\\\/\\\/www.organisator.ch\\\/#organization\"},\"image\":{\"@id\":\"https:\\\/\\\/www.organisator.ch\\\/sustainability\\\/2018-04-12\\\/mehr-foerderungen-durch-die-klimastiftung-schweiz\\\/#primaryimage\"},\"thumbnailUrl\":\"https:\\\/\\\/www.organisator.ch\\\/wp-content\\\/uploads\\\/2018\\\/04\\\/Allianz-Vollversicherung-MQ_Management-u-qualitaet.jpg\",\"keywords\":[\"Jahresr\u00fcckblick\",\"KLIMA\",\"neues Programm\",\"Schweiz\"],\"articleSection\":[\"SUSTAINABILITY\"],\"inLanguage\":\"fr-FR\"},{\"@type\":\"WebPage\",\"@id\":\"https:\\\/\\\/www.organisator.ch\\\/sustainability\\\/2018-04-12\\\/mehr-foerderungen-durch-die-klimastiftung-schweiz\\\/\",\"url\":\"https:\\\/\\\/www.organisator.ch\\\/sustainability\\\/2018-04-12\\\/mehr-foerderungen-durch-die-klimastiftung-schweiz\\\/\",\"name\":\"Mehr F\u00f6rderungen durch die Klimastiftung Schweiz - Organisator\",\"isPartOf\":{\"@id\":\"https:\\\/\\\/www.organisator.ch\\\/#website\"},\"primaryImageOfPage\":{\"@id\":\"https:\\\/\\\/www.organisator.ch\\\/sustainability\\\/2018-04-12\\\/mehr-foerderungen-durch-die-klimastiftung-schweiz\\\/#primaryimage\"},\"image\":{\"@id\":\"https:\\\/\\\/www.organisator.ch\\\/sustainability\\\/2018-04-12\\\/mehr-foerderungen-durch-die-klimastiftung-schweiz\\\/#primaryimage\"},\"thumbnailUrl\":\"https:\\\/\\\/www.organisator.ch\\\/wp-content\\\/uploads\\\/2018\\\/04\\\/Allianz-Vollversicherung-MQ_Management-u-qualitaet.jpg\",\"datePublished\":\"2018-04-12T14:28:51+00:00\",\"dateModified\":\"2022-02-09T10:06:54+00:00\",\"description\":\"Klimastiftung Schweiz konnte 2017 deutlich mehr kleine und mittlere Unternehmen fo\u0308rdern 2016. Ziel ist es, Klimaschutz und Wirtschaftsstandort zu sta\u0308rken.\",\"breadcrumb\":{\"@id\":\"https:\\\/\\\/www.organisator.ch\\\/sustainability\\\/2018-04-12\\\/mehr-foerderungen-durch-die-klimastiftung-schweiz\\\/#breadcrumb\"},\"inLanguage\":\"fr-FR\",\"potentialAction\":[{\"@type\":\"ReadAction\",\"target\":[\"https:\\\/\\\/www.organisator.ch\\\/sustainability\\\/2018-04-12\\\/mehr-foerderungen-durch-die-klimastiftung-schweiz\\\/\"]}]},{\"@type\":\"ImageObject\",\"inLanguage\":\"fr-FR\",\"@id\":\"https:\\\/\\\/www.organisator.ch\\\/sustainability\\\/2018-04-12\\\/mehr-foerderungen-durch-die-klimastiftung-schweiz\\\/#primaryimage\",\"url\":\"https:\\\/\\\/www.organisator.ch\\\/wp-content\\\/uploads\\\/2018\\\/04\\\/Allianz-Vollversicherung-MQ_Management-u-qualitaet.jpg\",\"contentUrl\":\"https:\\\/\\\/www.organisator.ch\\\/wp-content\\\/uploads\\\/2018\\\/04\\\/Allianz-Vollversicherung-MQ_Management-u-qualitaet.jpg\",\"width\":1000,\"height\":631,\"caption\":\"Handsome man with binoculars\"},{\"@type\":\"BreadcrumbList\",\"@id\":\"https:\\\/\\\/www.organisator.ch\\\/sustainability\\\/2018-04-12\\\/mehr-foerderungen-durch-die-klimastiftung-schweiz\\\/#breadcrumb\",\"itemListElement\":[{\"@type\":\"ListItem\",\"position\":1,\"name\":\"Home\",\"item\":\"https:\\\/\\\/www.organisator.ch\\\/\"},{\"@type\":\"ListItem\",\"position\":2,\"name\":\"Mehr F\u00f6rderungen durch die Klimastiftung Schweiz\"}]},{\"@type\":\"WebSite\",\"@id\":\"https:\\\/\\\/www.organisator.ch\\\/#website\",\"url\":\"https:\\\/\\\/www.organisator.ch\\\/\",\"name\":\"Organisator\",\"description\":\"Kompetent. Praxisnah. Der ORGANISATOR bereitet in 10 Ausgaben pro Jahr die wesentlichen Themen f\u00fcr F\u00fchrungskr\u00e4fte von KMU auf.\",\"publisher\":{\"@id\":\"https:\\\/\\\/www.organisator.ch\\\/#organization\"},\"potentialAction\":[{\"@type\":\"SearchAction\",\"target\":{\"@type\":\"EntryPoint\",\"urlTemplate\":\"https:\\\/\\\/www.organisator.ch\\\/?s={search_term_string}\"},\"query-input\":{\"@type\":\"PropertyValueSpecification\",\"valueRequired\":true,\"valueName\":\"search_term_string\"}}],\"inLanguage\":\"fr-FR\"},{\"@type\":\"Organization\",\"@id\":\"https:\\\/\\\/www.organisator.ch\\\/#organization\",\"name\":\"Organisator\",\"url\":\"https:\\\/\\\/www.organisator.ch\\\/\",\"logo\":{\"@type\":\"ImageObject\",\"inLanguage\":\"fr-FR\",\"@id\":\"https:\\\/\\\/www.organisator.ch\\\/#\\\/schema\\\/logo\\\/image\\\/\",\"url\":\"https:\\\/\\\/www.organisator.ch\\\/wp-content\\\/uploads\\\/2022\\\/01\\\/Logo_Organisator_Website.png\",\"contentUrl\":\"https:\\\/\\\/www.organisator.ch\\\/wp-content\\\/uploads\\\/2022\\\/01\\\/Logo_Organisator_Website.png\",\"width\":800,\"height\":77,\"caption\":\"Organisator\"},\"image\":{\"@id\":\"https:\\\/\\\/www.organisator.ch\\\/#\\\/schema\\\/logo\\\/image\\\/\"},\"sameAs\":[\"https:\\\/\\\/www.facebook.com\\\/OrganisatorFachmagazin\",\"https:\\\/\\\/www.linkedin.com\\\/showcase\\\/organisator-das-magazin-fr-kmu\",\"https:\\\/\\\/www.xing.com\\\/news\\\/pages\\\/organisator-ch-695\",\"https:\\\/\\\/www.youtube.com\\\/channel\\\/UCGP2Sq0iWaZwT3BdIAQFYpw\"]},{\"@type\":\"Person\",\"@id\":\"https:\\\/\\\/www.organisator.ch\\\/#\\\/schema\\\/person\\\/134708ca9321c57b0362cceb7948ffbd\",\"name\":\"michael.merz\",\"image\":{\"@type\":\"ImageObject\",\"inLanguage\":\"fr-FR\",\"@id\":\"https:\\\/\\\/secure.gravatar.com\\\/avatar\\\/?s=96&d=mm&r=g\",\"url\":\"https:\\\/\\\/secure.gravatar.com\\\/avatar\\\/?s=96&d=mm&r=g\",\"contentUrl\":\"https:\\\/\\\/secure.gravatar.com\\\/avatar\\\/?s=96&d=mm&r=g\",\"caption\":\"michael.merz\"},\"url\":\"https:\\\/\\\/www.organisator.ch\\\/fr\\\/author\\\/michael-merz\\\/\"}]}<\/script>\n<!-- \/ Yoast SEO plugin. -->","yoast_head_json":{"title":"Plus de subventions de la Fondation Suisse pour le Climat - Organisateur","description":"La Fondation Suisse pour le Climat a pu soutenir nettement plus de petites et moyennes entreprises en 2017 qu'en 2016. L'objectif est de renforcer la protection du climat et la place \u00e9conomique.","robots":{"index":"index","follow":"follow","max-snippet":"max-snippet:-1","max-image-preview":"max-image-preview:large","max-video-preview":"max-video-preview:-1"},"canonical":"https:\/\/www.organisator.ch\/fr\/sustainability\/2018-04-12\/mehr-foerderungen-durch-die-klimastiftung-schweiz\/","og_locale":"fr_FR","og_type":"article","og_title":"Mehr F\u00f6rderungen durch die Klimastiftung Schweiz - Organisator","og_description":"Klimastiftung Schweiz konnte 2017 deutlich mehr kleine und mittlere Unternehmen fo\u0308rdern 2016. Ziel ist es, Klimaschutz und Wirtschaftsstandort zu sta\u0308rken.","og_url":"https:\/\/www.organisator.ch\/fr\/sustainability\/2018-04-12\/mehr-foerderungen-durch-die-klimastiftung-schweiz\/","og_site_name":"Organisator","article_publisher":"https:\/\/www.facebook.com\/OrganisatorFachmagazin","article_published_time":"2018-04-12T14:28:51+00:00","article_modified_time":"2022-02-09T10:06:54+00:00","og_image":[{"width":1000,"height":631,"url":"https:\/\/www.organisator.ch\/wp-content\/uploads\/2018\/04\/Allianz-Vollversicherung-MQ_Management-u-qualitaet.jpg","type":"image\/jpeg"}],"author":"michael.merz","twitter_card":"summary_large_image","schema":{"@context":"https:\/\/schema.org","@graph":[{"@type":"Article","@id":"https:\/\/www.organisator.ch\/sustainability\/2018-04-12\/mehr-foerderungen-durch-die-klimastiftung-schweiz\/#article","isPartOf":{"@id":"https:\/\/www.organisator.ch\/sustainability\/2018-04-12\/mehr-foerderungen-durch-die-klimastiftung-schweiz\/"},"author":{"name":"michael.merz","@id":"https:\/\/www.organisator.ch\/#\/schema\/person\/134708ca9321c57b0362cceb7948ffbd"},"headline":"Mehr F\u00f6rderungen durch die Klimastiftung Schweiz","datePublished":"2018-04-12T14:28:51+00:00","dateModified":"2022-02-09T10:06:54+00:00","mainEntityOfPage":{"@id":"https:\/\/www.organisator.ch\/sustainability\/2018-04-12\/mehr-foerderungen-durch-die-klimastiftung-schweiz\/"},"wordCount":358,"commentCount":0,"publisher":{"@id":"https:\/\/www.organisator.ch\/#organization"},"image":{"@id":"https:\/\/www.organisator.ch\/sustainability\/2018-04-12\/mehr-foerderungen-durch-die-klimastiftung-schweiz\/#primaryimage"},"thumbnailUrl":"https:\/\/www.organisator.ch\/wp-content\/uploads\/2018\/04\/Allianz-Vollversicherung-MQ_Management-u-qualitaet.jpg","keywords":["Jahresr\u00fcckblick","KLIMA","neues Programm","Schweiz"],"articleSection":["SUSTAINABILITY"],"inLanguage":"fr-FR"},{"@type":"WebPage","@id":"https:\/\/www.organisator.ch\/sustainability\/2018-04-12\/mehr-foerderungen-durch-die-klimastiftung-schweiz\/","url":"https:\/\/www.organisator.ch\/sustainability\/2018-04-12\/mehr-foerderungen-durch-die-klimastiftung-schweiz\/","name":"Plus de subventions de la Fondation Suisse pour le Climat - Organisateur","isPartOf":{"@id":"https:\/\/www.organisator.ch\/#website"},"primaryImageOfPage":{"@id":"https:\/\/www.organisator.ch\/sustainability\/2018-04-12\/mehr-foerderungen-durch-die-klimastiftung-schweiz\/#primaryimage"},"image":{"@id":"https:\/\/www.organisator.ch\/sustainability\/2018-04-12\/mehr-foerderungen-durch-die-klimastiftung-schweiz\/#primaryimage"},"thumbnailUrl":"https:\/\/www.organisator.ch\/wp-content\/uploads\/2018\/04\/Allianz-Vollversicherung-MQ_Management-u-qualitaet.jpg","datePublished":"2018-04-12T14:28:51+00:00","dateModified":"2022-02-09T10:06:54+00:00","description":"La Fondation Suisse pour le Climat a pu soutenir nettement plus de petites et moyennes entreprises en 2017 qu'en 2016. L'objectif est de renforcer la protection du climat et la place \u00e9conomique.","breadcrumb":{"@id":"https:\/\/www.organisator.ch\/sustainability\/2018-04-12\/mehr-foerderungen-durch-die-klimastiftung-schweiz\/#breadcrumb"},"inLanguage":"fr-FR","potentialAction":[{"@type":"ReadAction","target":["https:\/\/www.organisator.ch\/sustainability\/2018-04-12\/mehr-foerderungen-durch-die-klimastiftung-schweiz\/"]}]},{"@type":"ImageObject","inLanguage":"fr-FR","@id":"https:\/\/www.organisator.ch\/sustainability\/2018-04-12\/mehr-foerderungen-durch-die-klimastiftung-schweiz\/#primaryimage","url":"https:\/\/www.organisator.ch\/wp-content\/uploads\/2018\/04\/Allianz-Vollversicherung-MQ_Management-u-qualitaet.jpg","contentUrl":"https:\/\/www.organisator.ch\/wp-content\/uploads\/2018\/04\/Allianz-Vollversicherung-MQ_Management-u-qualitaet.jpg","width":1000,"height":631,"caption":"Handsome man with binoculars"},{"@type":"BreadcrumbList","@id":"https:\/\/www.organisator.ch\/sustainability\/2018-04-12\/mehr-foerderungen-durch-die-klimastiftung-schweiz\/#breadcrumb","itemListElement":[{"@type":"ListItem","position":1,"name":"Home","item":"https:\/\/www.organisator.ch\/"},{"@type":"ListItem","position":2,"name":"Mehr F\u00f6rderungen durch die Klimastiftung Schweiz"}]},{"@type":"WebSite","@id":"https:\/\/www.organisator.ch\/#website","url":"https:\/\/www.organisator.ch\/","name":"Organisateur","description":"Comp\u00e9tence et comp\u00e9tence. Proches de la pratique. L'ORGANISATEUR pr\u00e9pare 10 num\u00e9ros par an sur les th\u00e8mes essentiels pour les dirigeants de PME.","publisher":{"@id":"https:\/\/www.organisator.ch\/#organization"},"potentialAction":[{"@type":"SearchAction","target":{"@type":"EntryPoint","urlTemplate":"https:\/\/www.organisator.ch\/?s={search_term_string}"},"query-input":{"@type":"PropertyValueSpecification","valueRequired":true,"valueName":"search_term_string"}}],"inLanguage":"fr-FR"},{"@type":"Organization","@id":"https:\/\/www.organisator.ch\/#organization","name":"Organisateur","url":"https:\/\/www.organisator.ch\/","logo":{"@type":"ImageObject","inLanguage":"fr-FR","@id":"https:\/\/www.organisator.ch\/#\/schema\/logo\/image\/","url":"https:\/\/www.organisator.ch\/wp-content\/uploads\/2022\/01\/Logo_Organisator_Website.png","contentUrl":"https:\/\/www.organisator.ch\/wp-content\/uploads\/2022\/01\/Logo_Organisator_Website.png","width":800,"height":77,"caption":"Organisator"},"image":{"@id":"https:\/\/www.organisator.ch\/#\/schema\/logo\/image\/"},"sameAs":["https:\/\/www.facebook.com\/OrganisatorFachmagazin","https:\/\/www.linkedin.com\/showcase\/organisator-das-magazin-fr-kmu","https:\/\/www.xing.com\/news\/pages\/organisator-ch-695","https:\/\/www.youtube.com\/channel\/UCGP2Sq0iWaZwT3BdIAQFYpw"]},{"@type":"Person","@id":"https:\/\/www.organisator.ch\/#\/schema\/person\/134708ca9321c57b0362cceb7948ffbd","name":"michael.merz","image":{"@type":"ImageObject","inLanguage":"fr-FR","@id":"https:\/\/secure.gravatar.com\/avatar\/?s=96&d=mm&r=g","url":"https:\/\/secure.gravatar.com\/avatar\/?s=96&d=mm&r=g","contentUrl":"https:\/\/secure.gravatar.com\/avatar\/?s=96&d=mm&r=g","caption":"michael.merz"},"url":"https:\/\/www.organisator.ch\/fr\/author\/michael-merz\/"}]}},"_links":{"self":[{"href":"https:\/\/www.organisator.ch\/fr\/wp-json\/wp\/v2\/posts\/1633","targetHints":{"allow":["GET"]}}],"collection":[{"href":"https:\/\/www.organisator.ch\/fr\/wp-json\/wp\/v2\/posts"}],"about":[{"href":"https:\/\/www.organisator.ch\/fr\/wp-json\/wp\/v2\/types\/post"}],"author":[{"embeddable":true,"href":"https:\/\/www.organisator.ch\/fr\/wp-json\/wp\/v2\/users\/5"}],"replies":[{"embeddable":true,"href":"https:\/\/www.organisator.ch\/fr\/wp-json\/wp\/v2\/comments?post=1633"}],"version-history":[{"count":1,"href":"https:\/\/www.organisator.ch\/fr\/wp-json\/wp\/v2\/posts\/1633\/revisions"}],"predecessor-version":[{"id":10714,"href":"https:\/\/www.organisator.ch\/fr\/wp-json\/wp\/v2\/posts\/1633\/revisions\/10714"}],"wp:featuredmedia":[{"embeddable":true,"href":"https:\/\/www.organisator.ch\/fr\/wp-json\/wp\/v2\/media\/1638"}],"wp:attachment":[{"href":"https:\/\/www.organisator.ch\/fr\/wp-json\/wp\/v2\/media?parent=1633"}],"wp:term":[{"taxonomy":"category","embeddable":true,"href":"https:\/\/www.organisator.ch\/fr\/wp-json\/wp\/v2\/categories?post=1633"},{"taxonomy":"post_tag","embeddable":true,"href":"https:\/\/www.organisator.ch\/fr\/wp-json\/wp\/v2\/tags?post=1633"}],"curies":[{"name":"wp","href":"https:\/\/api.w.org\/{rel}","templated":true}]}}