{"id":16337,"date":"2022-08-04T08:04:55","date_gmt":"2022-08-04T06:04:55","guid":{"rendered":"https:\/\/www.organisator.ch\/?p=16337"},"modified":"2022-08-04T08:04:55","modified_gmt":"2022-08-04T06:04:55","slug":"power-to-gas-congres-suisse-sera-organise-pour-la-deuxieme-fois","status":"publish","type":"post","link":"https:\/\/www.organisator.ch\/fr\/sustainability\/2022-08-04\/power-to-gas-kongress-schweiz-wird-zum-zweiten-mal-durchgefuehrt\/","title":{"rendered":"Le congr\u00e8s Power-to-Gas Suisse est organis\u00e9 pour la deuxi\u00e8me fois"},"content":{"rendered":"<figure id=\"attachment_16338\" aria-describedby=\"caption-attachment-16338\" style=\"width: 680px\" class=\"wp-caption alignnone\"><img loading=\"lazy\" decoding=\"async\" class=\"size-full wp-image-16338\" src=\"https:\/\/www.organisator.ch\/wp-content\/uploads\/2022\/08\/Power-to-Gas-Kongress-Schweiz-wird-zum-zweiten-Mal-durchgefuhrt_Organisator.jpg\" alt=\"\" width=\"680\" height=\"416\" srcset=\"https:\/\/www.organisator.ch\/wp-content\/uploads\/2022\/08\/Power-to-Gas-Kongress-Schweiz-wird-zum-zweiten-Mal-durchgefuhrt_Organisator.jpg 680w, https:\/\/www.organisator.ch\/wp-content\/uploads\/2022\/08\/Power-to-Gas-Kongress-Schweiz-wird-zum-zweiten-Mal-durchgefuhrt_Organisator-18x12.jpg 18w, https:\/\/www.organisator.ch\/wp-content\/uploads\/2022\/08\/Power-to-Gas-Kongress-Schweiz-wird-zum-zweiten-Mal-durchgefuhrt_Organisator-286x175.jpg 286w, https:\/\/www.organisator.ch\/wp-content\/uploads\/2022\/08\/Power-to-Gas-Kongress-Schweiz-wird-zum-zweiten-Mal-durchgefuhrt_Organisator-572x350.jpg 572w, https:\/\/www.organisator.ch\/wp-content\/uploads\/2022\/08\/Power-to-Gas-Kongress-Schweiz-wird-zum-zweiten-Mal-durchgefuhrt_Organisator-300x184.jpg 300w\" sizes=\"auto, (max-width: 680px) 100vw, 680px\" \/><figcaption id=\"caption-attachment-16338\" class=\"wp-caption-text\">Le 2e Congr\u00e8s Power-to-Gas Suisse : vers l'avenir avec l'\u00e9nergie verte. (Image : energie-cluster.ch)<\/figcaption><\/figure>\n<p>L'hydrog\u00e8ne vert jouera un r\u00f4le \u00e0 l'avenir, mais lequel ? Lors du premier congr\u00e8s Power-to-Gas en Jar 2021, l'accent a \u00e9t\u00e9 mis sur les exp\u00e9riences, les rapports de recherche et les exemples de la Suisse. Plus de 200 repr\u00e9sentants de haut niveau de la politique, de l'administration et de la recherche ainsi que de l'\u00e9conomie se sont inform\u00e9s sur l'\u00e9tat actuel des technologies de l'hydrog\u00e8ne.<\/p>\n<p>Le congr\u00e8s de cette ann\u00e9e met d\u00e9sormais l'accent sur les exp\u00e9riences, les solutions et les projets phares de l'\u00e9tranger et des pays pionniers en Europe, en Am\u00e9rique du Sud et au Moyen-Orient. La Suisse est repr\u00e9sent\u00e9e dans diff\u00e9rents comit\u00e9s internationaux sur la technologie de l'hydrog\u00e8ne et a sign\u00e9 une d\u00e9claration d'intention (\"Political Declaration on hydrogen\") pour la coop\u00e9ration des pays Penta (Allemagne, France, Belgique, Pays-Bas, Luxembourg, Autriche, Suisse) dans le domaine de l'hydrog\u00e8ne. Dans les perspectives \u00e9nerg\u00e9tiques de la Conf\u00e9d\u00e9ration, l'hydrog\u00e8ne est consid\u00e9r\u00e9 comme utile surtout dans l'industrie et en partie dans le transport routier lourd.<\/p>\n<p>Mais dans quelle mesure l'hydrog\u00e8ne sera-t-il une source d'\u00e9nergie importante pour la Suisse afin de garantir la s\u00e9curit\u00e9 de l'approvisionnement \u00e9nerg\u00e9tique et de combler la p\u00e9nurie d'\u00e9lectricit\u00e9 en hiver ? Quel est le r\u00f4le de la production nationale et quel est celui de l'importation de Power-to-Gas en provenance de pays \u00e9trangers ? Quelles sont les conditions politiques g\u00e9n\u00e9rales dans l'UE et en Suisse ? Comment cr\u00e9er en Suisse des conditions attrayantes pour la production d'hydrog\u00e8ne et comment parvenir \u00e0 des conditions attrayantes pour l'importation d'hydrog\u00e8ne ? Ces questions et d'autres encore seront discut\u00e9es le 6 septembre 2022 lors du congr\u00e8s de Spreitenbach.<\/p>\n<p>Le congr\u00e8s Power-to-Gas s'adresse aux politiciens au niveau national, cantonal et communal, aux propri\u00e9taires et aux membres du conseil d'administration des entreprises d'approvisionnement en \u00e9nergie (EAE), des usines d'incin\u00e9ration des ordures m\u00e9nag\u00e8res ou des stations d'\u00e9puration des eaux us\u00e9es, mais aussi aux entrepreneurs et aux d\u00e9cideurs des entreprises de transport, de logistique et d'industrie. Le riche programme d\u00e9butera \u00e0 13h45 et se terminera par un ap\u00e9ro riche. Des intervenants de Suisse et de l'\u00e9tranger parleront des exp\u00e9riences et des d\u00e9veloppements de l'hydrog\u00e8ne en tant que vecteur d'\u00e9nergie.<\/p>\n<p><em>Inscription et informations compl\u00e9mentaires : <a href=\"https:\/\/energie-cluster.ch\/events\/power-to-gas\/\">https:\/\/energie-cluster.ch\/events\/power-to-gas\/<\/a><\/em><\/p>","protected":false},"excerpt":{"rendered":"<p>Gr\u00fcner Wasserstoff wird in Zukunft eine Rolle spielen, aber welche? Beim ersten Power-to-Gas Kongress im Jar 2021 standen Erfahrungen, Forschungsberichte und Beispiele der Schweiz im Fokus. \u00dcber 200 hochrangige Vertreterinnen und Vertreter aus Politik, Verwaltung und Forschung und Wirtschaft informierten sich \u00fcber den neuesten Stand der Wasserstofftechnologien. Der diesj\u00e4hrige Kongress stellt nun die Erfahrungen, L\u00f6sungen [&hellip;]<\/p>\n","protected":false},"author":4,"featured_media":16338,"comment_status":"closed","ping_status":"closed","sticky":false,"template":"","format":"standard","meta":{"_acf_changed":false,"_yoast_wpseo_focuskw":"Power-to-Gas Kongress","_yoast_wpseo_metadesc":"Der 2. Power-to-Gas Kongress Schweiz findet am 6. September in der Umwelt Arena Spreitenbach statt. Der Fokus wird auf das Ausland erweitert.","articlekey":"","footnotes":""},"categories":[580],"tags":[584,193,358,2524],"class_list":["post-16337","post","type-post","status-publish","format-standard","has-post-thumbnail","hentry","category-sustainability","tag-energie","tag-fachkongressfachmesse","tag-nachhaltige-wirtschaft","tag-wasserstoff"],"acf":[],"yoast_head":"<!-- This site is optimized with the Yoast SEO plugin v27.4 - https:\/\/yoast.com\/product\/yoast-seo-wordpress\/ -->\n<title>Power-to-Gas Kongress Schweiz wird zum zweiten Mal durchgef\u00fchrt - Organisator<\/title>\n<meta name=\"description\" content=\"Der 2. Power-to-Gas Kongress Schweiz findet am 6. September in der Umwelt Arena Spreitenbach statt. Der Fokus wird auf das Ausland erweitert.\" \/>\n<meta name=\"robots\" content=\"index, follow, max-snippet:-1, max-image-preview:large, max-video-preview:-1\" \/>\n<link rel=\"canonical\" href=\"https:\/\/www.organisator.ch\/fr\/sustainability\/2022-08-04\/power-to-gas-congres-suisse-sera-organise-pour-la-deuxieme-fois\/\" \/>\n<meta property=\"og:locale\" content=\"fr_FR\" \/>\n<meta property=\"og:type\" content=\"article\" \/>\n<meta property=\"og:title\" content=\"Power-to-Gas Kongress Schweiz wird zum zweiten Mal durchgef\u00fchrt\" \/>\n<meta property=\"og:description\" content=\"Der 2. Power-to-Gas Kongress Schweiz findet am 6. September in der Umwelt Arena Spreitenbach statt. Der Fokus wird auf das Ausland erweitert.\" \/>\n<meta property=\"og:url\" content=\"https:\/\/www.organisator.ch\/fr\/sustainability\/2022-08-04\/power-to-gas-congres-suisse-sera-organise-pour-la-deuxieme-fois\/\" \/>\n<meta property=\"og:site_name\" content=\"Organisator\" \/>\n<meta property=\"article:publisher\" content=\"https:\/\/www.facebook.com\/OrganisatorFachmagazin\" \/>\n<meta property=\"article:published_time\" content=\"2022-08-04T06:04:55+00:00\" \/>\n<meta property=\"og:image\" content=\"https:\/\/www.organisator.ch\/wp-content\/uploads\/2022\/08\/Power-to-Gas-Kongress-Schweiz-wird-zum-zweiten-Mal-durchgefuhrt_Organisator.jpg\" \/>\n\t<meta property=\"og:image:width\" content=\"680\" \/>\n\t<meta property=\"og:image:height\" content=\"416\" \/>\n\t<meta property=\"og:image:type\" content=\"image\/jpeg\" \/>\n<meta name=\"author\" content=\"thomas.berner\" \/>\n<meta name=\"twitter:card\" content=\"summary_large_image\" \/>\n<meta name=\"twitter:title\" content=\"#Power-to-Gas Kongress Schweiz wird zum zweiten Mal durchgef\u00fchrt\" \/>\n<meta name=\"twitter:description\" content=\"Der 2. #Power-to-Gas Kongress Schweiz findet am 6. September in der Umwelt Arena Spreitenbach statt. Der Fokus wird auf das Ausland erweitert.\" \/>\n<meta name=\"twitter:image\" content=\"https:\/\/www.organisator.ch\/wp-content\/uploads\/2022\/08\/Power-to-Gas-Kongress-Schweiz-wird-zum-zweiten-Mal-durchgefuhrt_Organisator.jpg\" \/>\n<script type=\"application\/ld+json\" class=\"yoast-schema-graph\">{\"@context\":\"https:\\\/\\\/schema.org\",\"@graph\":[{\"@type\":\"Article\",\"@id\":\"https:\\\/\\\/www.organisator.ch\\\/sustainability\\\/2022-08-04\\\/power-to-gas-kongress-schweiz-wird-zum-zweiten-mal-durchgefuehrt\\\/#article\",\"isPartOf\":{\"@id\":\"https:\\\/\\\/www.organisator.ch\\\/sustainability\\\/2022-08-04\\\/power-to-gas-kongress-schweiz-wird-zum-zweiten-mal-durchgefuehrt\\\/\"},\"author\":{\"name\":\"thomas.berner\",\"@id\":\"https:\\\/\\\/www.organisator.ch\\\/#\\\/schema\\\/person\\\/6f650f90b2842cd4c0cc334b4e36f67e\"},\"headline\":\"Power-to-Gas Kongress Schweiz wird zum zweiten Mal durchgef\u00fchrt\",\"datePublished\":\"2022-08-04T06:04:55+00:00\",\"mainEntityOfPage\":{\"@id\":\"https:\\\/\\\/www.organisator.ch\\\/sustainability\\\/2022-08-04\\\/power-to-gas-kongress-schweiz-wird-zum-zweiten-mal-durchgefuehrt\\\/\"},\"wordCount\":326,\"publisher\":{\"@id\":\"https:\\\/\\\/www.organisator.ch\\\/#organization\"},\"image\":{\"@id\":\"https:\\\/\\\/www.organisator.ch\\\/sustainability\\\/2022-08-04\\\/power-to-gas-kongress-schweiz-wird-zum-zweiten-mal-durchgefuehrt\\\/#primaryimage\"},\"thumbnailUrl\":\"https:\\\/\\\/www.organisator.ch\\\/wp-content\\\/uploads\\\/2022\\\/08\\\/Power-to-Gas-Kongress-Schweiz-wird-zum-zweiten-Mal-durchgefuhrt_Organisator.jpg\",\"keywords\":[\"ENERGIE\",\"Fachkongress\\\/Fachmesse\",\"Nachhaltige Wirtschaft\",\"Wasserstoff\"],\"articleSection\":[\"SUSTAINABILITY\"],\"inLanguage\":\"fr-FR\"},{\"@type\":\"WebPage\",\"@id\":\"https:\\\/\\\/www.organisator.ch\\\/sustainability\\\/2022-08-04\\\/power-to-gas-kongress-schweiz-wird-zum-zweiten-mal-durchgefuehrt\\\/\",\"url\":\"https:\\\/\\\/www.organisator.ch\\\/sustainability\\\/2022-08-04\\\/power-to-gas-kongress-schweiz-wird-zum-zweiten-mal-durchgefuehrt\\\/\",\"name\":\"Power-to-Gas Kongress Schweiz wird zum zweiten Mal durchgef\u00fchrt - Organisator\",\"isPartOf\":{\"@id\":\"https:\\\/\\\/www.organisator.ch\\\/#website\"},\"primaryImageOfPage\":{\"@id\":\"https:\\\/\\\/www.organisator.ch\\\/sustainability\\\/2022-08-04\\\/power-to-gas-kongress-schweiz-wird-zum-zweiten-mal-durchgefuehrt\\\/#primaryimage\"},\"image\":{\"@id\":\"https:\\\/\\\/www.organisator.ch\\\/sustainability\\\/2022-08-04\\\/power-to-gas-kongress-schweiz-wird-zum-zweiten-mal-durchgefuehrt\\\/#primaryimage\"},\"thumbnailUrl\":\"https:\\\/\\\/www.organisator.ch\\\/wp-content\\\/uploads\\\/2022\\\/08\\\/Power-to-Gas-Kongress-Schweiz-wird-zum-zweiten-Mal-durchgefuhrt_Organisator.jpg\",\"datePublished\":\"2022-08-04T06:04:55+00:00\",\"description\":\"Der 2. Power-to-Gas Kongress Schweiz findet am 6. September in der Umwelt Arena Spreitenbach statt. Der Fokus wird auf das Ausland erweitert.\",\"breadcrumb\":{\"@id\":\"https:\\\/\\\/www.organisator.ch\\\/sustainability\\\/2022-08-04\\\/power-to-gas-kongress-schweiz-wird-zum-zweiten-mal-durchgefuehrt\\\/#breadcrumb\"},\"inLanguage\":\"fr-FR\",\"potentialAction\":[{\"@type\":\"ReadAction\",\"target\":[\"https:\\\/\\\/www.organisator.ch\\\/sustainability\\\/2022-08-04\\\/power-to-gas-kongress-schweiz-wird-zum-zweiten-mal-durchgefuehrt\\\/\"]}]},{\"@type\":\"ImageObject\",\"inLanguage\":\"fr-FR\",\"@id\":\"https:\\\/\\\/www.organisator.ch\\\/sustainability\\\/2022-08-04\\\/power-to-gas-kongress-schweiz-wird-zum-zweiten-mal-durchgefuehrt\\\/#primaryimage\",\"url\":\"https:\\\/\\\/www.organisator.ch\\\/wp-content\\\/uploads\\\/2022\\\/08\\\/Power-to-Gas-Kongress-Schweiz-wird-zum-zweiten-Mal-durchgefuhrt_Organisator.jpg\",\"contentUrl\":\"https:\\\/\\\/www.organisator.ch\\\/wp-content\\\/uploads\\\/2022\\\/08\\\/Power-to-Gas-Kongress-Schweiz-wird-zum-zweiten-Mal-durchgefuhrt_Organisator.jpg\",\"width\":680,\"height\":416,\"caption\":\"Der 2. Power-to-Gas Kongress Schweiz: Mit gr\u00fcner Energie in die Zukunft. (Bild: energie-cluster.ch)\"},{\"@type\":\"BreadcrumbList\",\"@id\":\"https:\\\/\\\/www.organisator.ch\\\/sustainability\\\/2022-08-04\\\/power-to-gas-kongress-schweiz-wird-zum-zweiten-mal-durchgefuehrt\\\/#breadcrumb\",\"itemListElement\":[{\"@type\":\"ListItem\",\"position\":1,\"name\":\"Home\",\"item\":\"https:\\\/\\\/www.organisator.ch\\\/\"},{\"@type\":\"ListItem\",\"position\":2,\"name\":\"Power-to-Gas Kongress Schweiz wird zum zweiten Mal durchgef\u00fchrt\"}]},{\"@type\":\"WebSite\",\"@id\":\"https:\\\/\\\/www.organisator.ch\\\/#website\",\"url\":\"https:\\\/\\\/www.organisator.ch\\\/\",\"name\":\"Organisator\",\"description\":\"Kompetent. Praxisnah. Der ORGANISATOR bereitet in 10 Ausgaben pro Jahr die wesentlichen Themen f\u00fcr F\u00fchrungskr\u00e4fte von KMU auf.\",\"publisher\":{\"@id\":\"https:\\\/\\\/www.organisator.ch\\\/#organization\"},\"potentialAction\":[{\"@type\":\"SearchAction\",\"target\":{\"@type\":\"EntryPoint\",\"urlTemplate\":\"https:\\\/\\\/www.organisator.ch\\\/?s={search_term_string}\"},\"query-input\":{\"@type\":\"PropertyValueSpecification\",\"valueRequired\":true,\"valueName\":\"search_term_string\"}}],\"inLanguage\":\"fr-FR\"},{\"@type\":\"Organization\",\"@id\":\"https:\\\/\\\/www.organisator.ch\\\/#organization\",\"name\":\"Organisator\",\"url\":\"https:\\\/\\\/www.organisator.ch\\\/\",\"logo\":{\"@type\":\"ImageObject\",\"inLanguage\":\"fr-FR\",\"@id\":\"https:\\\/\\\/www.organisator.ch\\\/#\\\/schema\\\/logo\\\/image\\\/\",\"url\":\"https:\\\/\\\/www.organisator.ch\\\/wp-content\\\/uploads\\\/2022\\\/01\\\/Logo_Organisator_Website.png\",\"contentUrl\":\"https:\\\/\\\/www.organisator.ch\\\/wp-content\\\/uploads\\\/2022\\\/01\\\/Logo_Organisator_Website.png\",\"width\":800,\"height\":77,\"caption\":\"Organisator\"},\"image\":{\"@id\":\"https:\\\/\\\/www.organisator.ch\\\/#\\\/schema\\\/logo\\\/image\\\/\"},\"sameAs\":[\"https:\\\/\\\/www.facebook.com\\\/OrganisatorFachmagazin\",\"https:\\\/\\\/www.linkedin.com\\\/showcase\\\/organisator-das-magazin-fr-kmu\",\"https:\\\/\\\/www.xing.com\\\/news\\\/pages\\\/organisator-ch-695\",\"https:\\\/\\\/www.youtube.com\\\/channel\\\/UCGP2Sq0iWaZwT3BdIAQFYpw\"]},{\"@type\":\"Person\",\"@id\":\"https:\\\/\\\/www.organisator.ch\\\/#\\\/schema\\\/person\\\/6f650f90b2842cd4c0cc334b4e36f67e\",\"name\":\"thomas.berner\",\"image\":{\"@type\":\"ImageObject\",\"inLanguage\":\"fr-FR\",\"@id\":\"https:\\\/\\\/secure.gravatar.com\\\/avatar\\\/ac5001d2a36cb6c6cd3e50789007ffca834b477b74a2144564522e944eabff61?s=96&d=mm&r=g\",\"url\":\"https:\\\/\\\/secure.gravatar.com\\\/avatar\\\/ac5001d2a36cb6c6cd3e50789007ffca834b477b74a2144564522e944eabff61?s=96&d=mm&r=g\",\"contentUrl\":\"https:\\\/\\\/secure.gravatar.com\\\/avatar\\\/ac5001d2a36cb6c6cd3e50789007ffca834b477b74a2144564522e944eabff61?s=96&d=mm&r=g\",\"caption\":\"thomas.berner\"},\"url\":\"https:\\\/\\\/www.organisator.ch\\\/fr\\\/author\\\/thomas-berner\\\/\"}]}<\/script>\n<!-- \/ Yoast SEO plugin. -->","yoast_head_json":{"title":"Le Congr\u00e8s Power-to-Gas Suisse est organis\u00e9 pour la deuxi\u00e8me fois - Organisateur","description":"Le 2e Congr\u00e8s Power-to-Gas Suisse aura lieu le 6 septembre \u00e0 l'Umwelt Arena de Spreitenbach. L'accent sera mis sur l'\u00e9tranger.","robots":{"index":"index","follow":"follow","max-snippet":"max-snippet:-1","max-image-preview":"max-image-preview:large","max-video-preview":"max-video-preview:-1"},"canonical":"https:\/\/www.organisator.ch\/fr\/sustainability\/2022-08-04\/power-to-gas-congres-suisse-sera-organise-pour-la-deuxieme-fois\/","og_locale":"fr_FR","og_type":"article","og_title":"Power-to-Gas Kongress Schweiz wird zum zweiten Mal durchgef\u00fchrt","og_description":"Der 2. Power-to-Gas Kongress Schweiz findet am 6. September in der Umwelt Arena Spreitenbach statt. Der Fokus wird auf das Ausland erweitert.","og_url":"https:\/\/www.organisator.ch\/fr\/sustainability\/2022-08-04\/power-to-gas-congres-suisse-sera-organise-pour-la-deuxieme-fois\/","og_site_name":"Organisator","article_publisher":"https:\/\/www.facebook.com\/OrganisatorFachmagazin","article_published_time":"2022-08-04T06:04:55+00:00","og_image":[{"width":680,"height":416,"url":"https:\/\/www.organisator.ch\/wp-content\/uploads\/2022\/08\/Power-to-Gas-Kongress-Schweiz-wird-zum-zweiten-Mal-durchgefuhrt_Organisator.jpg","type":"image\/jpeg"}],"author":"thomas.berner","twitter_card":"summary_large_image","twitter_title":"#Power-to-Gas Kongress Schweiz wird zum zweiten Mal durchgef\u00fchrt","twitter_description":"Der 2. #Power-to-Gas Kongress Schweiz findet am 6. September in der Umwelt Arena Spreitenbach statt. Der Fokus wird auf das Ausland erweitert.","twitter_image":"https:\/\/www.organisator.ch\/wp-content\/uploads\/2022\/08\/Power-to-Gas-Kongress-Schweiz-wird-zum-zweiten-Mal-durchgefuhrt_Organisator.jpg","schema":{"@context":"https:\/\/schema.org","@graph":[{"@type":"Article","@id":"https:\/\/www.organisator.ch\/sustainability\/2022-08-04\/power-to-gas-kongress-schweiz-wird-zum-zweiten-mal-durchgefuehrt\/#article","isPartOf":{"@id":"https:\/\/www.organisator.ch\/sustainability\/2022-08-04\/power-to-gas-kongress-schweiz-wird-zum-zweiten-mal-durchgefuehrt\/"},"author":{"name":"thomas.berner","@id":"https:\/\/www.organisator.ch\/#\/schema\/person\/6f650f90b2842cd4c0cc334b4e36f67e"},"headline":"Power-to-Gas Kongress Schweiz wird zum zweiten Mal durchgef\u00fchrt","datePublished":"2022-08-04T06:04:55+00:00","mainEntityOfPage":{"@id":"https:\/\/www.organisator.ch\/sustainability\/2022-08-04\/power-to-gas-kongress-schweiz-wird-zum-zweiten-mal-durchgefuehrt\/"},"wordCount":326,"publisher":{"@id":"https:\/\/www.organisator.ch\/#organization"},"image":{"@id":"https:\/\/www.organisator.ch\/sustainability\/2022-08-04\/power-to-gas-kongress-schweiz-wird-zum-zweiten-mal-durchgefuehrt\/#primaryimage"},"thumbnailUrl":"https:\/\/www.organisator.ch\/wp-content\/uploads\/2022\/08\/Power-to-Gas-Kongress-Schweiz-wird-zum-zweiten-Mal-durchgefuhrt_Organisator.jpg","keywords":["ENERGIE","Fachkongress\/Fachmesse","Nachhaltige Wirtschaft","Wasserstoff"],"articleSection":["SUSTAINABILITY"],"inLanguage":"fr-FR"},{"@type":"WebPage","@id":"https:\/\/www.organisator.ch\/sustainability\/2022-08-04\/power-to-gas-kongress-schweiz-wird-zum-zweiten-mal-durchgefuehrt\/","url":"https:\/\/www.organisator.ch\/sustainability\/2022-08-04\/power-to-gas-kongress-schweiz-wird-zum-zweiten-mal-durchgefuehrt\/","name":"Le Congr\u00e8s Power-to-Gas Suisse est organis\u00e9 pour la deuxi\u00e8me fois - Organisateur","isPartOf":{"@id":"https:\/\/www.organisator.ch\/#website"},"primaryImageOfPage":{"@id":"https:\/\/www.organisator.ch\/sustainability\/2022-08-04\/power-to-gas-kongress-schweiz-wird-zum-zweiten-mal-durchgefuehrt\/#primaryimage"},"image":{"@id":"https:\/\/www.organisator.ch\/sustainability\/2022-08-04\/power-to-gas-kongress-schweiz-wird-zum-zweiten-mal-durchgefuehrt\/#primaryimage"},"thumbnailUrl":"https:\/\/www.organisator.ch\/wp-content\/uploads\/2022\/08\/Power-to-Gas-Kongress-Schweiz-wird-zum-zweiten-Mal-durchgefuhrt_Organisator.jpg","datePublished":"2022-08-04T06:04:55+00:00","description":"Le 2e Congr\u00e8s Power-to-Gas Suisse aura lieu le 6 septembre \u00e0 l'Umwelt Arena de Spreitenbach. L'accent sera mis sur l'\u00e9tranger.","breadcrumb":{"@id":"https:\/\/www.organisator.ch\/sustainability\/2022-08-04\/power-to-gas-kongress-schweiz-wird-zum-zweiten-mal-durchgefuehrt\/#breadcrumb"},"inLanguage":"fr-FR","potentialAction":[{"@type":"ReadAction","target":["https:\/\/www.organisator.ch\/sustainability\/2022-08-04\/power-to-gas-kongress-schweiz-wird-zum-zweiten-mal-durchgefuehrt\/"]}]},{"@type":"ImageObject","inLanguage":"fr-FR","@id":"https:\/\/www.organisator.ch\/sustainability\/2022-08-04\/power-to-gas-kongress-schweiz-wird-zum-zweiten-mal-durchgefuehrt\/#primaryimage","url":"https:\/\/www.organisator.ch\/wp-content\/uploads\/2022\/08\/Power-to-Gas-Kongress-Schweiz-wird-zum-zweiten-Mal-durchgefuhrt_Organisator.jpg","contentUrl":"https:\/\/www.organisator.ch\/wp-content\/uploads\/2022\/08\/Power-to-Gas-Kongress-Schweiz-wird-zum-zweiten-Mal-durchgefuhrt_Organisator.jpg","width":680,"height":416,"caption":"Der 2. Power-to-Gas Kongress Schweiz: Mit gr\u00fcner Energie in die Zukunft. (Bild: energie-cluster.ch)"},{"@type":"BreadcrumbList","@id":"https:\/\/www.organisator.ch\/sustainability\/2022-08-04\/power-to-gas-kongress-schweiz-wird-zum-zweiten-mal-durchgefuehrt\/#breadcrumb","itemListElement":[{"@type":"ListItem","position":1,"name":"Home","item":"https:\/\/www.organisator.ch\/"},{"@type":"ListItem","position":2,"name":"Power-to-Gas Kongress Schweiz wird zum zweiten Mal durchgef\u00fchrt"}]},{"@type":"WebSite","@id":"https:\/\/www.organisator.ch\/#website","url":"https:\/\/www.organisator.ch\/","name":"Organisateur","description":"Comp\u00e9tence et comp\u00e9tence. Proches de la pratique. L'ORGANISATEUR pr\u00e9pare 10 num\u00e9ros par an sur les th\u00e8mes essentiels pour les dirigeants de PME.","publisher":{"@id":"https:\/\/www.organisator.ch\/#organization"},"potentialAction":[{"@type":"SearchAction","target":{"@type":"EntryPoint","urlTemplate":"https:\/\/www.organisator.ch\/?s={search_term_string}"},"query-input":{"@type":"PropertyValueSpecification","valueRequired":true,"valueName":"search_term_string"}}],"inLanguage":"fr-FR"},{"@type":"Organization","@id":"https:\/\/www.organisator.ch\/#organization","name":"Organisateur","url":"https:\/\/www.organisator.ch\/","logo":{"@type":"ImageObject","inLanguage":"fr-FR","@id":"https:\/\/www.organisator.ch\/#\/schema\/logo\/image\/","url":"https:\/\/www.organisator.ch\/wp-content\/uploads\/2022\/01\/Logo_Organisator_Website.png","contentUrl":"https:\/\/www.organisator.ch\/wp-content\/uploads\/2022\/01\/Logo_Organisator_Website.png","width":800,"height":77,"caption":"Organisator"},"image":{"@id":"https:\/\/www.organisator.ch\/#\/schema\/logo\/image\/"},"sameAs":["https:\/\/www.facebook.com\/OrganisatorFachmagazin","https:\/\/www.linkedin.com\/showcase\/organisator-das-magazin-fr-kmu","https:\/\/www.xing.com\/news\/pages\/organisator-ch-695","https:\/\/www.youtube.com\/channel\/UCGP2Sq0iWaZwT3BdIAQFYpw"]},{"@type":"Person","@id":"https:\/\/www.organisator.ch\/#\/schema\/person\/6f650f90b2842cd4c0cc334b4e36f67e","name":"thomas.berner","image":{"@type":"ImageObject","inLanguage":"fr-FR","@id":"https:\/\/secure.gravatar.com\/avatar\/ac5001d2a36cb6c6cd3e50789007ffca834b477b74a2144564522e944eabff61?s=96&d=mm&r=g","url":"https:\/\/secure.gravatar.com\/avatar\/ac5001d2a36cb6c6cd3e50789007ffca834b477b74a2144564522e944eabff61?s=96&d=mm&r=g","contentUrl":"https:\/\/secure.gravatar.com\/avatar\/ac5001d2a36cb6c6cd3e50789007ffca834b477b74a2144564522e944eabff61?s=96&d=mm&r=g","caption":"thomas.berner"},"url":"https:\/\/www.organisator.ch\/fr\/author\/thomas-berner\/"}]}},"_links":{"self":[{"href":"https:\/\/www.organisator.ch\/fr\/wp-json\/wp\/v2\/posts\/16337","targetHints":{"allow":["GET"]}}],"collection":[{"href":"https:\/\/www.organisator.ch\/fr\/wp-json\/wp\/v2\/posts"}],"about":[{"href":"https:\/\/www.organisator.ch\/fr\/wp-json\/wp\/v2\/types\/post"}],"author":[{"embeddable":true,"href":"https:\/\/www.organisator.ch\/fr\/wp-json\/wp\/v2\/users\/4"}],"replies":[{"embeddable":true,"href":"https:\/\/www.organisator.ch\/fr\/wp-json\/wp\/v2\/comments?post=16337"}],"version-history":[{"count":3,"href":"https:\/\/www.organisator.ch\/fr\/wp-json\/wp\/v2\/posts\/16337\/revisions"}],"predecessor-version":[{"id":16392,"href":"https:\/\/www.organisator.ch\/fr\/wp-json\/wp\/v2\/posts\/16337\/revisions\/16392"}],"wp:featuredmedia":[{"embeddable":true,"href":"https:\/\/www.organisator.ch\/fr\/wp-json\/wp\/v2\/media\/16338"}],"wp:attachment":[{"href":"https:\/\/www.organisator.ch\/fr\/wp-json\/wp\/v2\/media?parent=16337"}],"wp:term":[{"taxonomy":"category","embeddable":true,"href":"https:\/\/www.organisator.ch\/fr\/wp-json\/wp\/v2\/categories?post=16337"},{"taxonomy":"post_tag","embeddable":true,"href":"https:\/\/www.organisator.ch\/fr\/wp-json\/wp\/v2\/tags?post=16337"}],"curies":[{"name":"wp","href":"https:\/\/api.w.org\/{rel}","templated":true}]}}