{"id":16346,"date":"2022-08-04T13:34:53","date_gmt":"2022-08-04T11:34:53","guid":{"rendered":"https:\/\/www.organisator.ch\/?p=16346"},"modified":"2022-08-04T13:34:53","modified_gmt":"2022-08-04T11:34:53","slug":"entree-dans-la-mobilite-pour-840-apprenants","status":"publish","type":"post","link":"https:\/\/www.organisator.ch\/fr\/human-resources\/2022-08-04\/einstieg-in-die-mobilitaet-fuer-840-lernende\/","title":{"rendered":"Entr\u00e9e dans la mobilit\u00e9 pour 840 apprentis"},"content":{"rendered":"<figure id=\"attachment_16347\" aria-describedby=\"caption-attachment-16347\" style=\"width: 680px\" class=\"wp-caption alignnone\"><img loading=\"lazy\" decoding=\"async\" class=\"size-full wp-image-16347\" src=\"https:\/\/www.organisator.ch\/wp-content\/uploads\/2022\/08\/Einstieg-in-die-Mobilitat-fur-840-Lernende_Organisator.jpg\" alt=\"\" width=\"680\" height=\"429\" srcset=\"https:\/\/www.organisator.ch\/wp-content\/uploads\/2022\/08\/Einstieg-in-die-Mobilitat-fur-840-Lernende_Organisator.jpg 680w, https:\/\/www.organisator.ch\/wp-content\/uploads\/2022\/08\/Einstieg-in-die-Mobilitat-fur-840-Lernende_Organisator-18x12.jpg 18w, https:\/\/www.organisator.ch\/wp-content\/uploads\/2022\/08\/Einstieg-in-die-Mobilitat-fur-840-Lernende_Organisator-277x175.jpg 277w, https:\/\/www.organisator.ch\/wp-content\/uploads\/2022\/08\/Einstieg-in-die-Mobilitat-fur-840-Lernende_Organisator-555x350.jpg 555w, https:\/\/www.organisator.ch\/wp-content\/uploads\/2022\/08\/Einstieg-in-die-Mobilitat-fur-840-Lernende_Organisator-300x189.jpg 300w\" sizes=\"auto, (max-width: 680px) 100vw, 680px\" \/><figcaption id=\"caption-attachment-16347\" class=\"wp-caption-text\">Le domaine de la mobilit\u00e9 attire les jeunes en formation : 840 apprentis commencent cette ann\u00e9e une formation professionnelle dans les transports publics. (Image : login Formation professionnelle SA)<\/figcaption><\/figure>\n<p>Pour 840 apprentis, une nouvelle \u00e9tape de leur vie a commenc\u00e9 le 2 ao\u00fbt 2022 : Les jeunes ont commenc\u00e9 leur formation dans une place d'apprentissage des CFF, du BLS, des Chemins de fer rh\u00e9tiques ou de l'une des plus de 50 entreprises partenaires de la communaut\u00e9 de formation login dans le monde de la mobilit\u00e9. La semaine d'introduction, appel\u00e9e \"lowo\", marque le coup d'envoi de l'apprentissage. Les jeunes y d\u00e9couvrent ce qui les attend pendant leur formation et apprennent \u00e0 conna\u00eetre leurs formateurs et formatrices ainsi que les outils et les processus. Enfin, ils se familiarisent avec leurs futurs \"camarades\". \"Avec nos entreprises partenaires du secteur de la mobilit\u00e9, nous souhaitons la bienvenue aux nouveaux apprentis et stagiaires. Ils peuvent se r\u00e9jouir d'une formation vari\u00e9e et passionnante. Pendant la p\u00e9riode de formation, ils deviennent des professionnels dans leur m\u00e9tier, grandissent en tant que personnalit\u00e9s et peuvent se r\u00e9jouir de tr\u00e8s bonnes perspectives de carri\u00e8re\", d\u00e9clare Michael Schweizer, CEO de login.<\/p>\n<h3>Deux apprentissages professionnels revisit\u00e9s avec profil \"mobilit\u00e9<\/h3>\n<p>La nouvelle formation professionnelle de \"gestionnaire du commerce de d\u00e9tail CFC, transports publics\" offrira \u00e0 l'avenir deux carri\u00e8res : Les accompagnateurs\/trices \u00e0 la client\u00e8le conduisent des trains de voyageurs, informent les clients, veillent \u00e0 la ponctualit\u00e9 et \u00e0 la s\u00e9curit\u00e9 du voyage ; les conseillers\/\u00e8res \u00e0 la client\u00e8le travaillent dans les centres de voyages, conseillent les clients et organisent leurs voyages. En outre, l'apprentissage professionnel d'\"agent-e de transports publics CFC\" a \u00e9galement \u00e9t\u00e9 remani\u00e9, avec des sp\u00e9cialisations dans la \"mobilit\u00e9\" et la \"gestion du trafic ferroviaire\".<\/p>\n<h3>Grande satisfaction des apprentis<\/h3>\n<p>La certification renouvel\u00e9e de login en tant qu'entreprise \"Great Start !\" montre que les apprentissages sont bien accueillis par les jeunes. Pour la quatri\u00e8me fois cons\u00e9cutive, login 2022 a re\u00e7u la distinction convoit\u00e9e de l'institut \"Great Place to Work\u00ae\". Dans le cadre d'une enqu\u00eate anonyme, les apprenti-e-s et les stagiaires ont confirm\u00e9 leur grande satisfaction \u00e0 l'\u00e9gard de leur place de formation. L'une des principales caract\u00e9ristiques des formations \u00e0 login est la diversit\u00e9 et l'attractivit\u00e9 des formes et des places de formation, comme par exemple les Junior Stations, o\u00f9 les apprentis du commerce de d\u00e9tail, accompagn\u00e9s par des coaches, g\u00e8rent leur propre gare. Les jeunes apprennent ainsi tr\u00e8s t\u00f4t \u00e0 prendre des responsabilit\u00e9s et \u00e0 penser et agir en entrepreneurs.<\/p>\n<h3>login f\u00eate son 20e anniversaire<\/h3>\n<p>Cette ann\u00e9e, login formation professionnelle f\u00eate son 20e anniversaire. Depuis le 1er janvier 2002, login est la premi\u00e8re organisation de places d'apprentissage dans le monde des transports publics et de la mobilit\u00e9. Depuis 2014, elle est une soci\u00e9t\u00e9 anonyme avec les entreprises responsables CFF, BLS, RhB et l'Union des transports publics (UTP). Au cours de ces 20 ann\u00e9es, la communaut\u00e9 de formation s'est consid\u00e9rablement d\u00e9velopp\u00e9e : aujourd'hui, plus de 2'000 apprentis se pr\u00e9parent chaque ann\u00e9e \u00e0 leurs dipl\u00f4mes chez login dans plus de 25 apprentissages professionnels diff\u00e9rents. Depuis 2002, pr\u00e8s de 15'000 jeunes ont \u00e9t\u00e9 form\u00e9s au monde de la mobilit\u00e9. Alors qu'\u00e0 ses d\u00e9buts, login comptait huit entreprises de transports publics parmi ses clients, elle en compte aujourd'hui 58, y compris les entreprises responsables. Les apprentis ont l'occasion de se constituer un r\u00e9seau interprofessionnel et d'acqu\u00e9rir leurs comp\u00e9tences dans diff\u00e9rentes entreprises et d\u00e9partements.<\/p>\n<p><em>Source : <a href=\"http:\/\/www.login.org\">login Formation professionnelle SA<\/a><\/em><\/p>","protected":false},"excerpt":{"rendered":"<p>F\u00fcr 840 Lernende hat am 2. August 2022 ein neuer Lebensabschnitt begonnen: Die Jugendlichen begannen ihre Ausbildung an einem Ausbildungsplatz bei der SBB, BLS, Rh\u00e4tische Bahn oder einem der mehr als 50 Partnerunternehmen des Ausbildungsverbands login in der Welt der Mobilit\u00e4t. Die Einf\u00fchrungswoche, die sogenannte \u00ablowo\u00bb, markiert den Startschuss in die Lehre. Hier erfahren die [&hellip;]<\/p>\n","protected":false},"author":4,"featured_media":0,"comment_status":"closed","ping_status":"closed","sticky":false,"template":"","format":"standard","meta":{"_acf_changed":false,"_yoast_wpseo_focuskw":"Mobilit\u00e4t","_yoast_wpseo_metadesc":"Am 2. August 2022 starteten 840 Jugendliche eine Berufslehre oder ein Praktikum im Bereich Mobilit\u00e4t - eine Zunahme gegen\u00fcber dem Vorjahr.","articlekey":"","footnotes":""},"categories":[579],"tags":[62,73,254,354],"class_list":["post-16346","post","type-post","status-publish","format-standard","hentry","category-human-resources","tag-aus-weiterbildung","tag-berufsbildung","tag-hrm","tag-mobilitaet"],"acf":[],"yoast_head":"<!-- This site is optimized with the Yoast SEO plugin v27.4 - https:\/\/yoast.com\/product\/yoast-seo-wordpress\/ -->\n<title>Einstieg in die Mobilit\u00e4t f\u00fcr 840 Lernende - Organisator<\/title>\n<meta name=\"description\" content=\"Am 2. August 2022 starteten 840 Jugendliche eine Berufslehre oder ein Praktikum im Bereich Mobilit\u00e4t - eine Zunahme gegen\u00fcber dem Vorjahr.\" \/>\n<meta name=\"robots\" content=\"index, follow, max-snippet:-1, max-image-preview:large, max-video-preview:-1\" \/>\n<link rel=\"canonical\" href=\"https:\/\/www.organisator.ch\/fr\/ressources-humaines\/2022-08-04\/entree-dans-la-mobilite-pour-840-apprenants\/\" \/>\n<meta property=\"og:locale\" content=\"fr_FR\" \/>\n<meta property=\"og:type\" content=\"article\" \/>\n<meta property=\"og:title\" content=\"Einstieg in die Mobilit\u00e4t f\u00fcr 840 Lernende\" \/>\n<meta property=\"og:description\" content=\"Am 2. August 2022 starteten 840 Jugendliche eine Berufslehre oder ein Praktikum im Bereich Mobilit\u00e4t - eine Zunahme gegen\u00fcber dem Vorjahr.\" \/>\n<meta property=\"og:url\" content=\"https:\/\/www.organisator.ch\/fr\/ressources-humaines\/2022-08-04\/entree-dans-la-mobilite-pour-840-apprenants\/\" \/>\n<meta property=\"og:site_name\" content=\"Organisator\" \/>\n<meta property=\"article:publisher\" content=\"https:\/\/www.facebook.com\/OrganisatorFachmagazin\" \/>\n<meta property=\"article:published_time\" content=\"2022-08-04T11:34:53+00:00\" \/>\n<meta property=\"og:image\" content=\"https:\/\/www.organisator.ch\/wp-content\/uploads\/2022\/08\/Einstieg-in-die-Mobilitat-fur-840-Lernende_Organisator.jpg\" \/>\n\t<meta property=\"og:image:width\" content=\"680\" \/>\n\t<meta property=\"og:image:height\" content=\"429\" \/>\n\t<meta property=\"og:image:type\" content=\"image\/jpeg\" \/>\n<meta name=\"author\" content=\"thomas.berner\" \/>\n<meta name=\"twitter:card\" content=\"summary_large_image\" \/>\n<meta name=\"twitter:title\" content=\"Einstieg in die #Mobilit\u00e4t f\u00fcr 840 #Lernende\" \/>\n<meta name=\"twitter:description\" content=\"Am 2. August 2022 starteten 840 #Jugendliche eine #Berufslehre oder ein Praktikum im Bereich #Mobilit\u00e4t - eine Zunahme gegen\u00fcber dem Vorjahr.\" \/>\n<meta name=\"twitter:image\" content=\"https:\/\/www.organisator.ch\/wp-content\/uploads\/2022\/08\/Einstieg-in-die-Mobilitat-fur-840-Lernende_Organisator.jpg\" \/>\n<script type=\"application\/ld+json\" class=\"yoast-schema-graph\">{\"@context\":\"https:\\\/\\\/schema.org\",\"@graph\":[{\"@type\":\"Article\",\"@id\":\"https:\\\/\\\/www.organisator.ch\\\/human-resources\\\/2022-08-04\\\/einstieg-in-die-mobilitaet-fuer-840-lernende\\\/#article\",\"isPartOf\":{\"@id\":\"https:\\\/\\\/www.organisator.ch\\\/human-resources\\\/2022-08-04\\\/einstieg-in-die-mobilitaet-fuer-840-lernende\\\/\"},\"author\":{\"name\":\"thomas.berner\",\"@id\":\"https:\\\/\\\/www.organisator.ch\\\/#\\\/schema\\\/person\\\/6f650f90b2842cd4c0cc334b4e36f67e\"},\"headline\":\"Einstieg in die Mobilit\u00e4t f\u00fcr 840 Lernende\",\"datePublished\":\"2022-08-04T11:34:53+00:00\",\"mainEntityOfPage\":{\"@id\":\"https:\\\/\\\/www.organisator.ch\\\/human-resources\\\/2022-08-04\\\/einstieg-in-die-mobilitaet-fuer-840-lernende\\\/\"},\"wordCount\":492,\"publisher\":{\"@id\":\"https:\\\/\\\/www.organisator.ch\\\/#organization\"},\"image\":{\"@id\":\"https:\\\/\\\/www.organisator.ch\\\/human-resources\\\/2022-08-04\\\/einstieg-in-die-mobilitaet-fuer-840-lernende\\\/#primaryimage\"},\"thumbnailUrl\":\"https:\\\/\\\/www.organisator.ch\\\/wp-content\\\/uploads\\\/2022\\\/08\\\/Einstieg-in-die-Mobilitat-fur-840-Lernende_Organisator.jpg\",\"keywords\":[\"Aus-\\\/Weiterbildung\",\"Berufsbildung\",\"HRM\",\"Mobilit\u00e4t\"],\"articleSection\":[\"HUMAN RESOURCES\"],\"inLanguage\":\"fr-FR\"},{\"@type\":\"WebPage\",\"@id\":\"https:\\\/\\\/www.organisator.ch\\\/human-resources\\\/2022-08-04\\\/einstieg-in-die-mobilitaet-fuer-840-lernende\\\/\",\"url\":\"https:\\\/\\\/www.organisator.ch\\\/human-resources\\\/2022-08-04\\\/einstieg-in-die-mobilitaet-fuer-840-lernende\\\/\",\"name\":\"Einstieg in die Mobilit\u00e4t f\u00fcr 840 Lernende - Organisator\",\"isPartOf\":{\"@id\":\"https:\\\/\\\/www.organisator.ch\\\/#website\"},\"primaryImageOfPage\":{\"@id\":\"https:\\\/\\\/www.organisator.ch\\\/human-resources\\\/2022-08-04\\\/einstieg-in-die-mobilitaet-fuer-840-lernende\\\/#primaryimage\"},\"image\":{\"@id\":\"https:\\\/\\\/www.organisator.ch\\\/human-resources\\\/2022-08-04\\\/einstieg-in-die-mobilitaet-fuer-840-lernende\\\/#primaryimage\"},\"thumbnailUrl\":\"https:\\\/\\\/www.organisator.ch\\\/wp-content\\\/uploads\\\/2022\\\/08\\\/Einstieg-in-die-Mobilitat-fur-840-Lernende_Organisator.jpg\",\"datePublished\":\"2022-08-04T11:34:53+00:00\",\"description\":\"Am 2. August 2022 starteten 840 Jugendliche eine Berufslehre oder ein Praktikum im Bereich Mobilit\u00e4t - eine Zunahme gegen\u00fcber dem Vorjahr.\",\"breadcrumb\":{\"@id\":\"https:\\\/\\\/www.organisator.ch\\\/human-resources\\\/2022-08-04\\\/einstieg-in-die-mobilitaet-fuer-840-lernende\\\/#breadcrumb\"},\"inLanguage\":\"fr-FR\",\"potentialAction\":[{\"@type\":\"ReadAction\",\"target\":[\"https:\\\/\\\/www.organisator.ch\\\/human-resources\\\/2022-08-04\\\/einstieg-in-die-mobilitaet-fuer-840-lernende\\\/\"]}]},{\"@type\":\"ImageObject\",\"inLanguage\":\"fr-FR\",\"@id\":\"https:\\\/\\\/www.organisator.ch\\\/human-resources\\\/2022-08-04\\\/einstieg-in-die-mobilitaet-fuer-840-lernende\\\/#primaryimage\",\"url\":\"https:\\\/\\\/www.organisator.ch\\\/wp-content\\\/uploads\\\/2022\\\/08\\\/Einstieg-in-die-Mobilitat-fur-840-Lernende_Organisator.jpg\",\"contentUrl\":\"https:\\\/\\\/www.organisator.ch\\\/wp-content\\\/uploads\\\/2022\\\/08\\\/Einstieg-in-die-Mobilitat-fur-840-Lernende_Organisator.jpg\"},{\"@type\":\"BreadcrumbList\",\"@id\":\"https:\\\/\\\/www.organisator.ch\\\/human-resources\\\/2022-08-04\\\/einstieg-in-die-mobilitaet-fuer-840-lernende\\\/#breadcrumb\",\"itemListElement\":[{\"@type\":\"ListItem\",\"position\":1,\"name\":\"Home\",\"item\":\"https:\\\/\\\/www.organisator.ch\\\/\"},{\"@type\":\"ListItem\",\"position\":2,\"name\":\"Einstieg in die Mobilit\u00e4t f\u00fcr 840 Lernende\"}]},{\"@type\":\"WebSite\",\"@id\":\"https:\\\/\\\/www.organisator.ch\\\/#website\",\"url\":\"https:\\\/\\\/www.organisator.ch\\\/\",\"name\":\"Organisator\",\"description\":\"Kompetent. Praxisnah. Der ORGANISATOR bereitet in 10 Ausgaben pro Jahr die wesentlichen Themen f\u00fcr F\u00fchrungskr\u00e4fte von KMU auf.\",\"publisher\":{\"@id\":\"https:\\\/\\\/www.organisator.ch\\\/#organization\"},\"potentialAction\":[{\"@type\":\"SearchAction\",\"target\":{\"@type\":\"EntryPoint\",\"urlTemplate\":\"https:\\\/\\\/www.organisator.ch\\\/?s={search_term_string}\"},\"query-input\":{\"@type\":\"PropertyValueSpecification\",\"valueRequired\":true,\"valueName\":\"search_term_string\"}}],\"inLanguage\":\"fr-FR\"},{\"@type\":\"Organization\",\"@id\":\"https:\\\/\\\/www.organisator.ch\\\/#organization\",\"name\":\"Organisator\",\"url\":\"https:\\\/\\\/www.organisator.ch\\\/\",\"logo\":{\"@type\":\"ImageObject\",\"inLanguage\":\"fr-FR\",\"@id\":\"https:\\\/\\\/www.organisator.ch\\\/#\\\/schema\\\/logo\\\/image\\\/\",\"url\":\"https:\\\/\\\/www.organisator.ch\\\/wp-content\\\/uploads\\\/2022\\\/01\\\/Logo_Organisator_Website.png\",\"contentUrl\":\"https:\\\/\\\/www.organisator.ch\\\/wp-content\\\/uploads\\\/2022\\\/01\\\/Logo_Organisator_Website.png\",\"width\":800,\"height\":77,\"caption\":\"Organisator\"},\"image\":{\"@id\":\"https:\\\/\\\/www.organisator.ch\\\/#\\\/schema\\\/logo\\\/image\\\/\"},\"sameAs\":[\"https:\\\/\\\/www.facebook.com\\\/OrganisatorFachmagazin\",\"https:\\\/\\\/www.linkedin.com\\\/showcase\\\/organisator-das-magazin-fr-kmu\",\"https:\\\/\\\/www.xing.com\\\/news\\\/pages\\\/organisator-ch-695\",\"https:\\\/\\\/www.youtube.com\\\/channel\\\/UCGP2Sq0iWaZwT3BdIAQFYpw\"]},{\"@type\":\"Person\",\"@id\":\"https:\\\/\\\/www.organisator.ch\\\/#\\\/schema\\\/person\\\/6f650f90b2842cd4c0cc334b4e36f67e\",\"name\":\"thomas.berner\",\"image\":{\"@type\":\"ImageObject\",\"inLanguage\":\"fr-FR\",\"@id\":\"https:\\\/\\\/secure.gravatar.com\\\/avatar\\\/ac5001d2a36cb6c6cd3e50789007ffca834b477b74a2144564522e944eabff61?s=96&d=mm&r=g\",\"url\":\"https:\\\/\\\/secure.gravatar.com\\\/avatar\\\/ac5001d2a36cb6c6cd3e50789007ffca834b477b74a2144564522e944eabff61?s=96&d=mm&r=g\",\"contentUrl\":\"https:\\\/\\\/secure.gravatar.com\\\/avatar\\\/ac5001d2a36cb6c6cd3e50789007ffca834b477b74a2144564522e944eabff61?s=96&d=mm&r=g\",\"caption\":\"thomas.berner\"},\"url\":\"https:\\\/\\\/www.organisator.ch\\\/fr\\\/author\\\/thomas-berner\\\/\"}]}<\/script>\n<!-- \/ Yoast SEO plugin. -->","yoast_head_json":{"title":"Entr\u00e9e dans la mobilit\u00e9 pour 840 apprenants - Organisateur","description":"Le 2 ao\u00fbt 2022, 840 jeunes ont commenc\u00e9 un apprentissage professionnel ou un stage dans le domaine de la mobilit\u00e9 - une augmentation par rapport \u00e0 l'ann\u00e9e pr\u00e9c\u00e9dente.","robots":{"index":"index","follow":"follow","max-snippet":"max-snippet:-1","max-image-preview":"max-image-preview:large","max-video-preview":"max-video-preview:-1"},"canonical":"https:\/\/www.organisator.ch\/fr\/ressources-humaines\/2022-08-04\/entree-dans-la-mobilite-pour-840-apprenants\/","og_locale":"fr_FR","og_type":"article","og_title":"Einstieg in die Mobilit\u00e4t f\u00fcr 840 Lernende","og_description":"Am 2. August 2022 starteten 840 Jugendliche eine Berufslehre oder ein Praktikum im Bereich Mobilit\u00e4t - eine Zunahme gegen\u00fcber dem Vorjahr.","og_url":"https:\/\/www.organisator.ch\/fr\/ressources-humaines\/2022-08-04\/entree-dans-la-mobilite-pour-840-apprenants\/","og_site_name":"Organisator","article_publisher":"https:\/\/www.facebook.com\/OrganisatorFachmagazin","article_published_time":"2022-08-04T11:34:53+00:00","og_image":[{"width":680,"height":429,"url":"https:\/\/www.organisator.ch\/wp-content\/uploads\/2022\/08\/Einstieg-in-die-Mobilitat-fur-840-Lernende_Organisator.jpg","type":"image\/jpeg"}],"author":"thomas.berner","twitter_card":"summary_large_image","twitter_title":"Einstieg in die #Mobilit\u00e4t f\u00fcr 840 #Lernende","twitter_description":"Am 2. August 2022 starteten 840 #Jugendliche eine #Berufslehre oder ein Praktikum im Bereich #Mobilit\u00e4t - eine Zunahme gegen\u00fcber dem Vorjahr.","twitter_image":"https:\/\/www.organisator.ch\/wp-content\/uploads\/2022\/08\/Einstieg-in-die-Mobilitat-fur-840-Lernende_Organisator.jpg","schema":{"@context":"https:\/\/schema.org","@graph":[{"@type":"Article","@id":"https:\/\/www.organisator.ch\/human-resources\/2022-08-04\/einstieg-in-die-mobilitaet-fuer-840-lernende\/#article","isPartOf":{"@id":"https:\/\/www.organisator.ch\/human-resources\/2022-08-04\/einstieg-in-die-mobilitaet-fuer-840-lernende\/"},"author":{"name":"thomas.berner","@id":"https:\/\/www.organisator.ch\/#\/schema\/person\/6f650f90b2842cd4c0cc334b4e36f67e"},"headline":"Einstieg in die Mobilit\u00e4t f\u00fcr 840 Lernende","datePublished":"2022-08-04T11:34:53+00:00","mainEntityOfPage":{"@id":"https:\/\/www.organisator.ch\/human-resources\/2022-08-04\/einstieg-in-die-mobilitaet-fuer-840-lernende\/"},"wordCount":492,"publisher":{"@id":"https:\/\/www.organisator.ch\/#organization"},"image":{"@id":"https:\/\/www.organisator.ch\/human-resources\/2022-08-04\/einstieg-in-die-mobilitaet-fuer-840-lernende\/#primaryimage"},"thumbnailUrl":"https:\/\/www.organisator.ch\/wp-content\/uploads\/2022\/08\/Einstieg-in-die-Mobilitat-fur-840-Lernende_Organisator.jpg","keywords":["Aus-\/Weiterbildung","Berufsbildung","HRM","Mobilit\u00e4t"],"articleSection":["HUMAN RESOURCES"],"inLanguage":"fr-FR"},{"@type":"WebPage","@id":"https:\/\/www.organisator.ch\/human-resources\/2022-08-04\/einstieg-in-die-mobilitaet-fuer-840-lernende\/","url":"https:\/\/www.organisator.ch\/human-resources\/2022-08-04\/einstieg-in-die-mobilitaet-fuer-840-lernende\/","name":"Entr\u00e9e dans la mobilit\u00e9 pour 840 apprenants - Organisateur","isPartOf":{"@id":"https:\/\/www.organisator.ch\/#website"},"primaryImageOfPage":{"@id":"https:\/\/www.organisator.ch\/human-resources\/2022-08-04\/einstieg-in-die-mobilitaet-fuer-840-lernende\/#primaryimage"},"image":{"@id":"https:\/\/www.organisator.ch\/human-resources\/2022-08-04\/einstieg-in-die-mobilitaet-fuer-840-lernende\/#primaryimage"},"thumbnailUrl":"https:\/\/www.organisator.ch\/wp-content\/uploads\/2022\/08\/Einstieg-in-die-Mobilitat-fur-840-Lernende_Organisator.jpg","datePublished":"2022-08-04T11:34:53+00:00","description":"Le 2 ao\u00fbt 2022, 840 jeunes ont commenc\u00e9 un apprentissage professionnel ou un stage dans le domaine de la mobilit\u00e9 - une augmentation par rapport \u00e0 l'ann\u00e9e pr\u00e9c\u00e9dente.","breadcrumb":{"@id":"https:\/\/www.organisator.ch\/human-resources\/2022-08-04\/einstieg-in-die-mobilitaet-fuer-840-lernende\/#breadcrumb"},"inLanguage":"fr-FR","potentialAction":[{"@type":"ReadAction","target":["https:\/\/www.organisator.ch\/human-resources\/2022-08-04\/einstieg-in-die-mobilitaet-fuer-840-lernende\/"]}]},{"@type":"ImageObject","inLanguage":"fr-FR","@id":"https:\/\/www.organisator.ch\/human-resources\/2022-08-04\/einstieg-in-die-mobilitaet-fuer-840-lernende\/#primaryimage","url":"https:\/\/www.organisator.ch\/wp-content\/uploads\/2022\/08\/Einstieg-in-die-Mobilitat-fur-840-Lernende_Organisator.jpg","contentUrl":"https:\/\/www.organisator.ch\/wp-content\/uploads\/2022\/08\/Einstieg-in-die-Mobilitat-fur-840-Lernende_Organisator.jpg"},{"@type":"BreadcrumbList","@id":"https:\/\/www.organisator.ch\/human-resources\/2022-08-04\/einstieg-in-die-mobilitaet-fuer-840-lernende\/#breadcrumb","itemListElement":[{"@type":"ListItem","position":1,"name":"Home","item":"https:\/\/www.organisator.ch\/"},{"@type":"ListItem","position":2,"name":"Einstieg in die Mobilit\u00e4t f\u00fcr 840 Lernende"}]},{"@type":"WebSite","@id":"https:\/\/www.organisator.ch\/#website","url":"https:\/\/www.organisator.ch\/","name":"Organisateur","description":"Comp\u00e9tence et comp\u00e9tence. Proches de la pratique. L'ORGANISATEUR pr\u00e9pare 10 num\u00e9ros par an sur les th\u00e8mes essentiels pour les dirigeants de PME.","publisher":{"@id":"https:\/\/www.organisator.ch\/#organization"},"potentialAction":[{"@type":"SearchAction","target":{"@type":"EntryPoint","urlTemplate":"https:\/\/www.organisator.ch\/?s={search_term_string}"},"query-input":{"@type":"PropertyValueSpecification","valueRequired":true,"valueName":"search_term_string"}}],"inLanguage":"fr-FR"},{"@type":"Organization","@id":"https:\/\/www.organisator.ch\/#organization","name":"Organisateur","url":"https:\/\/www.organisator.ch\/","logo":{"@type":"ImageObject","inLanguage":"fr-FR","@id":"https:\/\/www.organisator.ch\/#\/schema\/logo\/image\/","url":"https:\/\/www.organisator.ch\/wp-content\/uploads\/2022\/01\/Logo_Organisator_Website.png","contentUrl":"https:\/\/www.organisator.ch\/wp-content\/uploads\/2022\/01\/Logo_Organisator_Website.png","width":800,"height":77,"caption":"Organisator"},"image":{"@id":"https:\/\/www.organisator.ch\/#\/schema\/logo\/image\/"},"sameAs":["https:\/\/www.facebook.com\/OrganisatorFachmagazin","https:\/\/www.linkedin.com\/showcase\/organisator-das-magazin-fr-kmu","https:\/\/www.xing.com\/news\/pages\/organisator-ch-695","https:\/\/www.youtube.com\/channel\/UCGP2Sq0iWaZwT3BdIAQFYpw"]},{"@type":"Person","@id":"https:\/\/www.organisator.ch\/#\/schema\/person\/6f650f90b2842cd4c0cc334b4e36f67e","name":"thomas.berner","image":{"@type":"ImageObject","inLanguage":"fr-FR","@id":"https:\/\/secure.gravatar.com\/avatar\/ac5001d2a36cb6c6cd3e50789007ffca834b477b74a2144564522e944eabff61?s=96&d=mm&r=g","url":"https:\/\/secure.gravatar.com\/avatar\/ac5001d2a36cb6c6cd3e50789007ffca834b477b74a2144564522e944eabff61?s=96&d=mm&r=g","contentUrl":"https:\/\/secure.gravatar.com\/avatar\/ac5001d2a36cb6c6cd3e50789007ffca834b477b74a2144564522e944eabff61?s=96&d=mm&r=g","caption":"thomas.berner"},"url":"https:\/\/www.organisator.ch\/fr\/author\/thomas-berner\/"}]}},"_links":{"self":[{"href":"https:\/\/www.organisator.ch\/fr\/wp-json\/wp\/v2\/posts\/16346","targetHints":{"allow":["GET"]}}],"collection":[{"href":"https:\/\/www.organisator.ch\/fr\/wp-json\/wp\/v2\/posts"}],"about":[{"href":"https:\/\/www.organisator.ch\/fr\/wp-json\/wp\/v2\/types\/post"}],"author":[{"embeddable":true,"href":"https:\/\/www.organisator.ch\/fr\/wp-json\/wp\/v2\/users\/4"}],"replies":[{"embeddable":true,"href":"https:\/\/www.organisator.ch\/fr\/wp-json\/wp\/v2\/comments?post=16346"}],"version-history":[{"count":1,"href":"https:\/\/www.organisator.ch\/fr\/wp-json\/wp\/v2\/posts\/16346\/revisions"}],"predecessor-version":[{"id":16348,"href":"https:\/\/www.organisator.ch\/fr\/wp-json\/wp\/v2\/posts\/16346\/revisions\/16348"}],"wp:attachment":[{"href":"https:\/\/www.organisator.ch\/fr\/wp-json\/wp\/v2\/media?parent=16346"}],"wp:term":[{"taxonomy":"category","embeddable":true,"href":"https:\/\/www.organisator.ch\/fr\/wp-json\/wp\/v2\/categories?post=16346"},{"taxonomy":"post_tag","embeddable":true,"href":"https:\/\/www.organisator.ch\/fr\/wp-json\/wp\/v2\/tags?post=16346"}],"curies":[{"name":"wp","href":"https:\/\/api.w.org\/{rel}","templated":true}]}}