{"id":16350,"date":"2022-08-05T05:45:36","date_gmt":"2022-08-05T03:45:36","guid":{"rendered":"https:\/\/www.organisator.ch\/?p=16350"},"modified":"2022-08-04T16:04:17","modified_gmt":"2022-08-04T14:04:17","slug":"11-swiss-payment-forum-notre-futur-en-metaverse","status":"publish","type":"post","link":"https:\/\/www.organisator.ch\/fr\/management\/finanzen_recht\/2022-08-05\/11-swiss-payment-forum-unsere-zukunft-im-metaverse\/","title":{"rendered":"11e Forum suisse sur les paiements : Notre avenir dans le m\u00e9tavers"},"content":{"rendered":"<figure id=\"attachment_16351\" aria-describedby=\"caption-attachment-16351\" style=\"width: 680px\" class=\"wp-caption alignnone\"><img loading=\"lazy\" decoding=\"async\" class=\"size-full wp-image-16351\" src=\"https:\/\/www.organisator.ch\/wp-content\/uploads\/2022\/08\/11-Swiss-Payment-Forum-Unsere-Zukunft-im-Metaverse_Organisator.jpg\" alt=\"\" width=\"680\" height=\"332\" srcset=\"https:\/\/www.organisator.ch\/wp-content\/uploads\/2022\/08\/11-Swiss-Payment-Forum-Unsere-Zukunft-im-Metaverse_Organisator.jpg 680w, https:\/\/www.organisator.ch\/wp-content\/uploads\/2022\/08\/11-Swiss-Payment-Forum-Unsere-Zukunft-im-Metaverse_Organisator-18x9.jpg 18w, https:\/\/www.organisator.ch\/wp-content\/uploads\/2022\/08\/11-Swiss-Payment-Forum-Unsere-Zukunft-im-Metaverse_Organisator-358x175.jpg 358w, https:\/\/www.organisator.ch\/wp-content\/uploads\/2022\/08\/11-Swiss-Payment-Forum-Unsere-Zukunft-im-Metaverse_Organisator-300x146.jpg 300w\" sizes=\"auto, (max-width: 680px) 100vw, 680px\" \/><figcaption id=\"caption-attachment-16351\" class=\"wp-caption-text\">L'industrie des paiements se penche sur de nombreux sujets. C'est de Metaverse qu'il sera question lors du prochain Swiss Payment Forum, qui se tiendra les 21 et 22 novembre 2022 \u00e0 Zurich. (Image : swisspaymentforum.ch)<\/figcaption><\/figure>\n<p>Le Metaverse est promis \u00e0 un grand avenir : Gartner pr\u00e9voit ainsi qu'en 2026 d\u00e9j\u00e0, 25% de toutes les personnes passeront au moins une heure par jour sur le Metaverse. Le service financier Bloomberg estime que le Metaverse repr\u00e9sentera un march\u00e9 de 800 milliards de dollars US en 2024, dont la moiti\u00e9 sera consacr\u00e9e au march\u00e9 des jeux. L'\u00e9volution positive d\u00e9pendra \u00e9galement de la fluidit\u00e9 des processus de paiement, de l'acc\u00e8s aux solutions de paiement dans le Metaverse et peut-\u00eatre m\u00eame de l'acceptation des moyens de paiement traditionnels.<\/p>\n<p>C'est un sujet passionnant pour l'industrie des paiements, qui sera \u00e9galement abord\u00e9 lors du Swiss Payment Forum \u00e0 Zurich les 21 et 22 novembre. On y discutera de th\u00e8mes actuels li\u00e9s aux paiements tels que Instant Payment, DeFi, SWIFT et les transactions cryptographiques, Secure Swiss Finance Network et le d\u00e9veloppement du Metaverse. La keynote du futurologue Lars Thomsen constituera un temps fort tout particulier. Dans son expos\u00e9, il parlera des sept m\u00e9gatendances les plus importantes de la prochaine d\u00e9cennie et des innovations incr\u00e9mentales et disruptives.<br \/>\nDepuis plus de 10 ans, le Swiss Payment Forum s'est \u00e9tabli comme un rendez-vous de la branche. En tant que manifestation centrale d'information et de discussion pour l'industrie des services financiers en Suisse, il offre d'excellentes possibilit\u00e9s de s'informer gr\u00e2ce aux conf\u00e9rences de haut niveau et de nouer de pr\u00e9cieux contacts.<\/p>\n<p>L'organisateur est Vereon AG, dont le si\u00e8ge est \u00e0 Kreuzlingen. Outre le Swiss Payment Forum, l'entreprise organise d'autres congr\u00e8s, conf\u00e9rences et ateliers de haut niveau sur des th\u00e8mes actuels de l'\u00e9conomie et de la science. Des experts reconnus issus de la recherche, de la science, de la pratique et de la politique y pr\u00e9sentent \u00e0 chaque fois des solutions pragmatiques et des tendances porteuses.<\/p>\n<p><em><a href=\"https:\/\/www.swisspaymentforum.ch\/de\">Plus d'informations<\/a><\/em><\/p>","protected":false},"excerpt":{"rendered":"<p>Dem Metaverse wird eine grosse Zukunft vorausgesagt: So prognostiziert Gartner, dass bereits im Jahr 2026 25% aller Menschen pro Tag mindestens eine Stunde im Metaverse verbringen werden. Der Finanzdienst Bloomberg sch\u00e4tzt das Metaverse auf eine Marktgr\u00f6sse von 800 Mrd. US-Dollar in 2024, wovon die H\u00e4lfte in den Gaming Markt fliessen wird. Ob die Entwicklung so [&hellip;]<\/p>\n","protected":false},"author":4,"featured_media":16351,"comment_status":"closed","ping_status":"closed","sticky":false,"template":"","format":"standard","meta":{"_acf_changed":false,"_yoast_wpseo_focuskw":"Swiss Payment Forum","_yoast_wpseo_metadesc":"Dem Metaverse wird eine grosse Zukunft vorhergesagt. Ein Thema, mit dem sich auch das Swiss Payment Forum am 21.\/22. November befassen wird.","articlekey":"","footnotes":""},"categories":[24],"tags":[156,2677,193,2796],"class_list":["post-16350","post","type-post","status-publish","format-standard","has-post-thumbnail","hentry","category-finanzen_recht","tag-digitalisierung","tag-e-payment","tag-fachkongressfachmesse","tag-metaverse"],"acf":[],"yoast_head":"<!-- This site is optimized with the Yoast SEO plugin v27.4 - https:\/\/yoast.com\/product\/yoast-seo-wordpress\/ -->\n<title>11. Swiss Payment Forum: Unsere Zukunft im Metaverse - Organisator<\/title>\n<meta name=\"description\" content=\"Dem Metaverse wird eine grosse Zukunft vorhergesagt. Ein Thema, mit dem sich auch das Swiss Payment Forum am 21.\/22. November befassen wird.\" \/>\n<meta name=\"robots\" content=\"index, follow, max-snippet:-1, max-image-preview:large, max-video-preview:-1\" \/>\n<link rel=\"canonical\" href=\"https:\/\/www.organisator.ch\/fr\/gestion-2\/finanzen_recht\/2022-08-05\/11-swiss-payment-forum-notre-futur-en-metaverse\/\" \/>\n<meta property=\"og:locale\" content=\"fr_FR\" \/>\n<meta property=\"og:type\" content=\"article\" \/>\n<meta property=\"og:title\" content=\"11. Swiss Payment Forum: Unsere Zukunft im Metaverse\" \/>\n<meta property=\"og:description\" content=\"Dem Metaverse wird eine grosse Zukunft vorhergesagt. Ein Thema, mit dem sich auch das Swiss Payment Forum am 21.\/22. November befassen wird.\" \/>\n<meta property=\"og:url\" content=\"https:\/\/www.organisator.ch\/fr\/gestion-2\/finanzen_recht\/2022-08-05\/11-swiss-payment-forum-notre-futur-en-metaverse\/\" \/>\n<meta property=\"og:site_name\" content=\"Organisator\" \/>\n<meta property=\"article:publisher\" content=\"https:\/\/www.facebook.com\/OrganisatorFachmagazin\" \/>\n<meta property=\"article:published_time\" content=\"2022-08-05T03:45:36+00:00\" \/>\n<meta property=\"og:image\" content=\"https:\/\/www.organisator.ch\/wp-content\/uploads\/2022\/08\/11-Swiss-Payment-Forum-Unsere-Zukunft-im-Metaverse_Organisator.jpg\" \/>\n\t<meta property=\"og:image:width\" content=\"680\" \/>\n\t<meta property=\"og:image:height\" content=\"332\" \/>\n\t<meta property=\"og:image:type\" content=\"image\/jpeg\" \/>\n<meta name=\"author\" content=\"thomas.berner\" \/>\n<meta name=\"twitter:card\" content=\"summary_large_image\" \/>\n<meta name=\"twitter:title\" content=\"11. Swiss Payment Forum: Unsere Zukunft im #Metaverse\" \/>\n<meta name=\"twitter:description\" content=\"Dem #Metaverse wird eine grosse Zukunft vorhergesagt. Ein Thema, mit dem sich auch das Swiss #Payment Forum am 21.\/22. November befassen wird.\" \/>\n<meta name=\"twitter:image\" content=\"https:\/\/www.organisator.ch\/wp-content\/uploads\/2022\/08\/11-Swiss-Payment-Forum-Unsere-Zukunft-im-Metaverse_Organisator.jpg\" \/>\n<script type=\"application\/ld+json\" class=\"yoast-schema-graph\">{\"@context\":\"https:\\\/\\\/schema.org\",\"@graph\":[{\"@type\":\"Article\",\"@id\":\"https:\\\/\\\/www.organisator.ch\\\/management\\\/finanzen_recht\\\/2022-08-05\\\/11-swiss-payment-forum-unsere-zukunft-im-metaverse\\\/#article\",\"isPartOf\":{\"@id\":\"https:\\\/\\\/www.organisator.ch\\\/management\\\/finanzen_recht\\\/2022-08-05\\\/11-swiss-payment-forum-unsere-zukunft-im-metaverse\\\/\"},\"author\":{\"name\":\"thomas.berner\",\"@id\":\"https:\\\/\\\/www.organisator.ch\\\/#\\\/schema\\\/person\\\/6f650f90b2842cd4c0cc334b4e36f67e\"},\"headline\":\"11. Swiss Payment Forum: Unsere Zukunft im Metaverse\",\"datePublished\":\"2022-08-05T03:45:36+00:00\",\"mainEntityOfPage\":{\"@id\":\"https:\\\/\\\/www.organisator.ch\\\/management\\\/finanzen_recht\\\/2022-08-05\\\/11-swiss-payment-forum-unsere-zukunft-im-metaverse\\\/\"},\"wordCount\":306,\"publisher\":{\"@id\":\"https:\\\/\\\/www.organisator.ch\\\/#organization\"},\"image\":{\"@id\":\"https:\\\/\\\/www.organisator.ch\\\/management\\\/finanzen_recht\\\/2022-08-05\\\/11-swiss-payment-forum-unsere-zukunft-im-metaverse\\\/#primaryimage\"},\"thumbnailUrl\":\"https:\\\/\\\/www.organisator.ch\\\/wp-content\\\/uploads\\\/2022\\\/08\\\/11-Swiss-Payment-Forum-Unsere-Zukunft-im-Metaverse_Organisator.jpg\",\"keywords\":[\"Digitalisierung\",\"E-Payment\",\"Fachkongress\\\/Fachmesse\",\"Metaverse\"],\"articleSection\":[\"FINANZEN\\\/RECHT\"],\"inLanguage\":\"fr-FR\"},{\"@type\":\"WebPage\",\"@id\":\"https:\\\/\\\/www.organisator.ch\\\/management\\\/finanzen_recht\\\/2022-08-05\\\/11-swiss-payment-forum-unsere-zukunft-im-metaverse\\\/\",\"url\":\"https:\\\/\\\/www.organisator.ch\\\/management\\\/finanzen_recht\\\/2022-08-05\\\/11-swiss-payment-forum-unsere-zukunft-im-metaverse\\\/\",\"name\":\"11. Swiss Payment Forum: Unsere Zukunft im Metaverse - Organisator\",\"isPartOf\":{\"@id\":\"https:\\\/\\\/www.organisator.ch\\\/#website\"},\"primaryImageOfPage\":{\"@id\":\"https:\\\/\\\/www.organisator.ch\\\/management\\\/finanzen_recht\\\/2022-08-05\\\/11-swiss-payment-forum-unsere-zukunft-im-metaverse\\\/#primaryimage\"},\"image\":{\"@id\":\"https:\\\/\\\/www.organisator.ch\\\/management\\\/finanzen_recht\\\/2022-08-05\\\/11-swiss-payment-forum-unsere-zukunft-im-metaverse\\\/#primaryimage\"},\"thumbnailUrl\":\"https:\\\/\\\/www.organisator.ch\\\/wp-content\\\/uploads\\\/2022\\\/08\\\/11-Swiss-Payment-Forum-Unsere-Zukunft-im-Metaverse_Organisator.jpg\",\"datePublished\":\"2022-08-05T03:45:36+00:00\",\"description\":\"Dem Metaverse wird eine grosse Zukunft vorhergesagt. Ein Thema, mit dem sich auch das Swiss Payment Forum am 21.\\\/22. November befassen wird.\",\"breadcrumb\":{\"@id\":\"https:\\\/\\\/www.organisator.ch\\\/management\\\/finanzen_recht\\\/2022-08-05\\\/11-swiss-payment-forum-unsere-zukunft-im-metaverse\\\/#breadcrumb\"},\"inLanguage\":\"fr-FR\",\"potentialAction\":[{\"@type\":\"ReadAction\",\"target\":[\"https:\\\/\\\/www.organisator.ch\\\/management\\\/finanzen_recht\\\/2022-08-05\\\/11-swiss-payment-forum-unsere-zukunft-im-metaverse\\\/\"]}]},{\"@type\":\"ImageObject\",\"inLanguage\":\"fr-FR\",\"@id\":\"https:\\\/\\\/www.organisator.ch\\\/management\\\/finanzen_recht\\\/2022-08-05\\\/11-swiss-payment-forum-unsere-zukunft-im-metaverse\\\/#primaryimage\",\"url\":\"https:\\\/\\\/www.organisator.ch\\\/wp-content\\\/uploads\\\/2022\\\/08\\\/11-Swiss-Payment-Forum-Unsere-Zukunft-im-Metaverse_Organisator.jpg\",\"contentUrl\":\"https:\\\/\\\/www.organisator.ch\\\/wp-content\\\/uploads\\\/2022\\\/08\\\/11-Swiss-Payment-Forum-Unsere-Zukunft-im-Metaverse_Organisator.jpg\",\"width\":680,\"height\":332,\"caption\":\"Die Payment-Industrie befasst sich mit vielf\u00e4ltigen Themen. Um Metaverse geht es am n\u00e4chsten Swiss Payment Forum, das am 21. und 22. November 2022 in Z\u00fcrich stattfindet. (Bild: swisspaymentforum.ch)\"},{\"@type\":\"BreadcrumbList\",\"@id\":\"https:\\\/\\\/www.organisator.ch\\\/management\\\/finanzen_recht\\\/2022-08-05\\\/11-swiss-payment-forum-unsere-zukunft-im-metaverse\\\/#breadcrumb\",\"itemListElement\":[{\"@type\":\"ListItem\",\"position\":1,\"name\":\"Home\",\"item\":\"https:\\\/\\\/www.organisator.ch\\\/\"},{\"@type\":\"ListItem\",\"position\":2,\"name\":\"11. Swiss Payment Forum: Unsere Zukunft im Metaverse\"}]},{\"@type\":\"WebSite\",\"@id\":\"https:\\\/\\\/www.organisator.ch\\\/#website\",\"url\":\"https:\\\/\\\/www.organisator.ch\\\/\",\"name\":\"Organisator\",\"description\":\"Kompetent. Praxisnah. Der ORGANISATOR bereitet in 10 Ausgaben pro Jahr die wesentlichen Themen f\u00fcr F\u00fchrungskr\u00e4fte von KMU auf.\",\"publisher\":{\"@id\":\"https:\\\/\\\/www.organisator.ch\\\/#organization\"},\"potentialAction\":[{\"@type\":\"SearchAction\",\"target\":{\"@type\":\"EntryPoint\",\"urlTemplate\":\"https:\\\/\\\/www.organisator.ch\\\/?s={search_term_string}\"},\"query-input\":{\"@type\":\"PropertyValueSpecification\",\"valueRequired\":true,\"valueName\":\"search_term_string\"}}],\"inLanguage\":\"fr-FR\"},{\"@type\":\"Organization\",\"@id\":\"https:\\\/\\\/www.organisator.ch\\\/#organization\",\"name\":\"Organisator\",\"url\":\"https:\\\/\\\/www.organisator.ch\\\/\",\"logo\":{\"@type\":\"ImageObject\",\"inLanguage\":\"fr-FR\",\"@id\":\"https:\\\/\\\/www.organisator.ch\\\/#\\\/schema\\\/logo\\\/image\\\/\",\"url\":\"https:\\\/\\\/www.organisator.ch\\\/wp-content\\\/uploads\\\/2022\\\/01\\\/Logo_Organisator_Website.png\",\"contentUrl\":\"https:\\\/\\\/www.organisator.ch\\\/wp-content\\\/uploads\\\/2022\\\/01\\\/Logo_Organisator_Website.png\",\"width\":800,\"height\":77,\"caption\":\"Organisator\"},\"image\":{\"@id\":\"https:\\\/\\\/www.organisator.ch\\\/#\\\/schema\\\/logo\\\/image\\\/\"},\"sameAs\":[\"https:\\\/\\\/www.facebook.com\\\/OrganisatorFachmagazin\",\"https:\\\/\\\/www.linkedin.com\\\/showcase\\\/organisator-das-magazin-fr-kmu\",\"https:\\\/\\\/www.xing.com\\\/news\\\/pages\\\/organisator-ch-695\",\"https:\\\/\\\/www.youtube.com\\\/channel\\\/UCGP2Sq0iWaZwT3BdIAQFYpw\"]},{\"@type\":\"Person\",\"@id\":\"https:\\\/\\\/www.organisator.ch\\\/#\\\/schema\\\/person\\\/6f650f90b2842cd4c0cc334b4e36f67e\",\"name\":\"thomas.berner\",\"image\":{\"@type\":\"ImageObject\",\"inLanguage\":\"fr-FR\",\"@id\":\"https:\\\/\\\/secure.gravatar.com\\\/avatar\\\/ac5001d2a36cb6c6cd3e50789007ffca834b477b74a2144564522e944eabff61?s=96&d=mm&r=g\",\"url\":\"https:\\\/\\\/secure.gravatar.com\\\/avatar\\\/ac5001d2a36cb6c6cd3e50789007ffca834b477b74a2144564522e944eabff61?s=96&d=mm&r=g\",\"contentUrl\":\"https:\\\/\\\/secure.gravatar.com\\\/avatar\\\/ac5001d2a36cb6c6cd3e50789007ffca834b477b74a2144564522e944eabff61?s=96&d=mm&r=g\",\"caption\":\"thomas.berner\"},\"url\":\"https:\\\/\\\/www.organisator.ch\\\/fr\\\/author\\\/thomas-berner\\\/\"}]}<\/script>\n<!-- \/ Yoast SEO plugin. -->","yoast_head_json":{"title":"11e Forum suisse sur les paiements : Notre avenir dans le m\u00e9tavers - Organisateur","description":"On pr\u00e9dit un grand avenir au Metaverse. Un th\u00e8me qui sera \u00e9galement abord\u00e9 lors du Swiss Payment Forum les 21 et 22 novembre.","robots":{"index":"index","follow":"follow","max-snippet":"max-snippet:-1","max-image-preview":"max-image-preview:large","max-video-preview":"max-video-preview:-1"},"canonical":"https:\/\/www.organisator.ch\/fr\/gestion-2\/finanzen_recht\/2022-08-05\/11-swiss-payment-forum-notre-futur-en-metaverse\/","og_locale":"fr_FR","og_type":"article","og_title":"11. Swiss Payment Forum: Unsere Zukunft im Metaverse","og_description":"Dem Metaverse wird eine grosse Zukunft vorhergesagt. Ein Thema, mit dem sich auch das Swiss Payment Forum am 21.\/22. November befassen wird.","og_url":"https:\/\/www.organisator.ch\/fr\/gestion-2\/finanzen_recht\/2022-08-05\/11-swiss-payment-forum-notre-futur-en-metaverse\/","og_site_name":"Organisator","article_publisher":"https:\/\/www.facebook.com\/OrganisatorFachmagazin","article_published_time":"2022-08-05T03:45:36+00:00","og_image":[{"width":680,"height":332,"url":"https:\/\/www.organisator.ch\/wp-content\/uploads\/2022\/08\/11-Swiss-Payment-Forum-Unsere-Zukunft-im-Metaverse_Organisator.jpg","type":"image\/jpeg"}],"author":"thomas.berner","twitter_card":"summary_large_image","twitter_title":"11. Swiss Payment Forum: Unsere Zukunft im #Metaverse","twitter_description":"Dem #Metaverse wird eine grosse Zukunft vorhergesagt. Ein Thema, mit dem sich auch das Swiss #Payment Forum am 21.\/22. November befassen wird.","twitter_image":"https:\/\/www.organisator.ch\/wp-content\/uploads\/2022\/08\/11-Swiss-Payment-Forum-Unsere-Zukunft-im-Metaverse_Organisator.jpg","schema":{"@context":"https:\/\/schema.org","@graph":[{"@type":"Article","@id":"https:\/\/www.organisator.ch\/management\/finanzen_recht\/2022-08-05\/11-swiss-payment-forum-unsere-zukunft-im-metaverse\/#article","isPartOf":{"@id":"https:\/\/www.organisator.ch\/management\/finanzen_recht\/2022-08-05\/11-swiss-payment-forum-unsere-zukunft-im-metaverse\/"},"author":{"name":"thomas.berner","@id":"https:\/\/www.organisator.ch\/#\/schema\/person\/6f650f90b2842cd4c0cc334b4e36f67e"},"headline":"11. Swiss Payment Forum: Unsere Zukunft im Metaverse","datePublished":"2022-08-05T03:45:36+00:00","mainEntityOfPage":{"@id":"https:\/\/www.organisator.ch\/management\/finanzen_recht\/2022-08-05\/11-swiss-payment-forum-unsere-zukunft-im-metaverse\/"},"wordCount":306,"publisher":{"@id":"https:\/\/www.organisator.ch\/#organization"},"image":{"@id":"https:\/\/www.organisator.ch\/management\/finanzen_recht\/2022-08-05\/11-swiss-payment-forum-unsere-zukunft-im-metaverse\/#primaryimage"},"thumbnailUrl":"https:\/\/www.organisator.ch\/wp-content\/uploads\/2022\/08\/11-Swiss-Payment-Forum-Unsere-Zukunft-im-Metaverse_Organisator.jpg","keywords":["Digitalisierung","E-Payment","Fachkongress\/Fachmesse","Metaverse"],"articleSection":["FINANZEN\/RECHT"],"inLanguage":"fr-FR"},{"@type":"WebPage","@id":"https:\/\/www.organisator.ch\/management\/finanzen_recht\/2022-08-05\/11-swiss-payment-forum-unsere-zukunft-im-metaverse\/","url":"https:\/\/www.organisator.ch\/management\/finanzen_recht\/2022-08-05\/11-swiss-payment-forum-unsere-zukunft-im-metaverse\/","name":"11e Forum suisse sur les paiements : Notre avenir dans le m\u00e9tavers - Organisateur","isPartOf":{"@id":"https:\/\/www.organisator.ch\/#website"},"primaryImageOfPage":{"@id":"https:\/\/www.organisator.ch\/management\/finanzen_recht\/2022-08-05\/11-swiss-payment-forum-unsere-zukunft-im-metaverse\/#primaryimage"},"image":{"@id":"https:\/\/www.organisator.ch\/management\/finanzen_recht\/2022-08-05\/11-swiss-payment-forum-unsere-zukunft-im-metaverse\/#primaryimage"},"thumbnailUrl":"https:\/\/www.organisator.ch\/wp-content\/uploads\/2022\/08\/11-Swiss-Payment-Forum-Unsere-Zukunft-im-Metaverse_Organisator.jpg","datePublished":"2022-08-05T03:45:36+00:00","description":"On pr\u00e9dit un grand avenir au Metaverse. Un th\u00e8me qui sera \u00e9galement abord\u00e9 lors du Swiss Payment Forum les 21 et 22 novembre.","breadcrumb":{"@id":"https:\/\/www.organisator.ch\/management\/finanzen_recht\/2022-08-05\/11-swiss-payment-forum-unsere-zukunft-im-metaverse\/#breadcrumb"},"inLanguage":"fr-FR","potentialAction":[{"@type":"ReadAction","target":["https:\/\/www.organisator.ch\/management\/finanzen_recht\/2022-08-05\/11-swiss-payment-forum-unsere-zukunft-im-metaverse\/"]}]},{"@type":"ImageObject","inLanguage":"fr-FR","@id":"https:\/\/www.organisator.ch\/management\/finanzen_recht\/2022-08-05\/11-swiss-payment-forum-unsere-zukunft-im-metaverse\/#primaryimage","url":"https:\/\/www.organisator.ch\/wp-content\/uploads\/2022\/08\/11-Swiss-Payment-Forum-Unsere-Zukunft-im-Metaverse_Organisator.jpg","contentUrl":"https:\/\/www.organisator.ch\/wp-content\/uploads\/2022\/08\/11-Swiss-Payment-Forum-Unsere-Zukunft-im-Metaverse_Organisator.jpg","width":680,"height":332,"caption":"Die Payment-Industrie befasst sich mit vielf\u00e4ltigen Themen. Um Metaverse geht es am n\u00e4chsten Swiss Payment Forum, das am 21. und 22. November 2022 in Z\u00fcrich stattfindet. (Bild: swisspaymentforum.ch)"},{"@type":"BreadcrumbList","@id":"https:\/\/www.organisator.ch\/management\/finanzen_recht\/2022-08-05\/11-swiss-payment-forum-unsere-zukunft-im-metaverse\/#breadcrumb","itemListElement":[{"@type":"ListItem","position":1,"name":"Home","item":"https:\/\/www.organisator.ch\/"},{"@type":"ListItem","position":2,"name":"11. Swiss Payment Forum: Unsere Zukunft im Metaverse"}]},{"@type":"WebSite","@id":"https:\/\/www.organisator.ch\/#website","url":"https:\/\/www.organisator.ch\/","name":"Organisateur","description":"Comp\u00e9tence et comp\u00e9tence. Proches de la pratique. L'ORGANISATEUR pr\u00e9pare 10 num\u00e9ros par an sur les th\u00e8mes essentiels pour les dirigeants de PME.","publisher":{"@id":"https:\/\/www.organisator.ch\/#organization"},"potentialAction":[{"@type":"SearchAction","target":{"@type":"EntryPoint","urlTemplate":"https:\/\/www.organisator.ch\/?s={search_term_string}"},"query-input":{"@type":"PropertyValueSpecification","valueRequired":true,"valueName":"search_term_string"}}],"inLanguage":"fr-FR"},{"@type":"Organization","@id":"https:\/\/www.organisator.ch\/#organization","name":"Organisateur","url":"https:\/\/www.organisator.ch\/","logo":{"@type":"ImageObject","inLanguage":"fr-FR","@id":"https:\/\/www.organisator.ch\/#\/schema\/logo\/image\/","url":"https:\/\/www.organisator.ch\/wp-content\/uploads\/2022\/01\/Logo_Organisator_Website.png","contentUrl":"https:\/\/www.organisator.ch\/wp-content\/uploads\/2022\/01\/Logo_Organisator_Website.png","width":800,"height":77,"caption":"Organisator"},"image":{"@id":"https:\/\/www.organisator.ch\/#\/schema\/logo\/image\/"},"sameAs":["https:\/\/www.facebook.com\/OrganisatorFachmagazin","https:\/\/www.linkedin.com\/showcase\/organisator-das-magazin-fr-kmu","https:\/\/www.xing.com\/news\/pages\/organisator-ch-695","https:\/\/www.youtube.com\/channel\/UCGP2Sq0iWaZwT3BdIAQFYpw"]},{"@type":"Person","@id":"https:\/\/www.organisator.ch\/#\/schema\/person\/6f650f90b2842cd4c0cc334b4e36f67e","name":"thomas.berner","image":{"@type":"ImageObject","inLanguage":"fr-FR","@id":"https:\/\/secure.gravatar.com\/avatar\/ac5001d2a36cb6c6cd3e50789007ffca834b477b74a2144564522e944eabff61?s=96&d=mm&r=g","url":"https:\/\/secure.gravatar.com\/avatar\/ac5001d2a36cb6c6cd3e50789007ffca834b477b74a2144564522e944eabff61?s=96&d=mm&r=g","contentUrl":"https:\/\/secure.gravatar.com\/avatar\/ac5001d2a36cb6c6cd3e50789007ffca834b477b74a2144564522e944eabff61?s=96&d=mm&r=g","caption":"thomas.berner"},"url":"https:\/\/www.organisator.ch\/fr\/author\/thomas-berner\/"}]}},"_links":{"self":[{"href":"https:\/\/www.organisator.ch\/fr\/wp-json\/wp\/v2\/posts\/16350","targetHints":{"allow":["GET"]}}],"collection":[{"href":"https:\/\/www.organisator.ch\/fr\/wp-json\/wp\/v2\/posts"}],"about":[{"href":"https:\/\/www.organisator.ch\/fr\/wp-json\/wp\/v2\/types\/post"}],"author":[{"embeddable":true,"href":"https:\/\/www.organisator.ch\/fr\/wp-json\/wp\/v2\/users\/4"}],"replies":[{"embeddable":true,"href":"https:\/\/www.organisator.ch\/fr\/wp-json\/wp\/v2\/comments?post=16350"}],"version-history":[{"count":1,"href":"https:\/\/www.organisator.ch\/fr\/wp-json\/wp\/v2\/posts\/16350\/revisions"}],"predecessor-version":[{"id":16352,"href":"https:\/\/www.organisator.ch\/fr\/wp-json\/wp\/v2\/posts\/16350\/revisions\/16352"}],"wp:featuredmedia":[{"embeddable":true,"href":"https:\/\/www.organisator.ch\/fr\/wp-json\/wp\/v2\/media\/16351"}],"wp:attachment":[{"href":"https:\/\/www.organisator.ch\/fr\/wp-json\/wp\/v2\/media?parent=16350"}],"wp:term":[{"taxonomy":"category","embeddable":true,"href":"https:\/\/www.organisator.ch\/fr\/wp-json\/wp\/v2\/categories?post=16350"},{"taxonomy":"post_tag","embeddable":true,"href":"https:\/\/www.organisator.ch\/fr\/wp-json\/wp\/v2\/tags?post=16350"}],"curies":[{"name":"wp","href":"https:\/\/api.w.org\/{rel}","templated":true}]}}