{"id":16362,"date":"2022-08-08T05:12:53","date_gmt":"2022-08-08T03:12:53","guid":{"rendered":"https:\/\/www.organisator.ch\/?p=16362"},"modified":"2022-08-05T15:25:51","modified_gmt":"2022-08-05T13:25:51","slug":"oliver-lyoth-wird-neuer-ceo-der-five-informatik-ag","status":"publish","type":"post","link":"https:\/\/www.organisator.ch\/fr\/management\/2022-08-08\/oliver-lyoth-wird-neuer-ceo-der-five-informatik-ag\/","title":{"rendered":"Oliver Lyoth devient le nouveau CEO de FIVE Informatik AG"},"content":{"rendered":"<figure id=\"attachment_16363\" aria-describedby=\"caption-attachment-16363\" style=\"width: 680px\" class=\"wp-caption alignnone\"><img loading=\"lazy\" decoding=\"async\" class=\"size-full wp-image-16363\" src=\"https:\/\/www.organisator.ch\/wp-content\/uploads\/2022\/08\/Oliver-Lyoth-wird-neuer-CEO-der-FIVE-Informatik-AG_Organisator.jpg\" alt=\"\" width=\"680\" height=\"350\" srcset=\"https:\/\/www.organisator.ch\/wp-content\/uploads\/2022\/08\/Oliver-Lyoth-wird-neuer-CEO-der-FIVE-Informatik-AG_Organisator.jpg 680w, https:\/\/www.organisator.ch\/wp-content\/uploads\/2022\/08\/Oliver-Lyoth-wird-neuer-CEO-der-FIVE-Informatik-AG_Organisator-18x9.jpg 18w, https:\/\/www.organisator.ch\/wp-content\/uploads\/2022\/08\/Oliver-Lyoth-wird-neuer-CEO-der-FIVE-Informatik-AG_Organisator-340x175.jpg 340w, https:\/\/www.organisator.ch\/wp-content\/uploads\/2022\/08\/Oliver-Lyoth-wird-neuer-CEO-der-FIVE-Informatik-AG_Organisator-300x154.jpg 300w\" sizes=\"auto, (max-width: 680px) 100vw, 680px\" \/><figcaption id=\"caption-attachment-16363\" class=\"wp-caption-text\">Oliver Lyoth (\u00e0 gauche) succ\u00e8de \u00e0 Ulrich Tschanz chez FIVE Informatik AG. (Image : zVg)<\/figcaption><\/figure>\n<p>FIVE Informatik AG fait partie, avec TaxWare AG et ALAN Software AG, du groupe FIVE domicili\u00e9 \u00e0 Sch\u00f6nb\u00fchl BE. Le portefeuille du groupe d'entreprises s'\u00e9tend des solutions de num\u00e9risation, de l'optimisation et de l'automatisation des processus commerciaux aux solutions logicielles sp\u00e9cifiques \u00e0 certains secteurs, comme TaxWare pour le conseil en fiscalit\u00e9 et en pr\u00e9voyance ou ALAN, un ERP pour les \u00e9tudes d'avocats et de notaires, en passant par l'infrastructure et les services informatiques.<\/p>\n<p>\"Il y a 35 ans, les bases de FIVE ont \u00e9t\u00e9 pos\u00e9es et depuis, sous ma direction, la soci\u00e9t\u00e9 s'est impos\u00e9e avec succ\u00e8s dans le secteur informatique\", souligne Ulrich Tschanz, actuel CEO et membre du conseil d'administration du groupe FIVE. \"Le temps est maintenant venu de remettre le destin de l'entreprise entre de nouvelles mains. Je suis heureux d'avoir pu engager Oliver Lyoth, un successeur extr\u00eamement comp\u00e9tent et empathique. Le conseil d'administration, la direction et l'ensemble du personnel de FIVE se r\u00e9jouissent de travailler avec lui\".<\/p>\n<p>Apr\u00e8s plus de 20 ans de fonctions de management au sein de T-Systems Suisse SA, Oliver Lyoth rejoindra l'entreprise le 1er septembre 2022 et reprendra la direction op\u00e9rationnelle et strat\u00e9gique d'Ulrich Tschanz le 1er janvier 2023. \"Je vous remercie pour la confiance que vous m'avez accord\u00e9e et je me r\u00e9jouis de relever ce nouveau d\u00e9fi\", d\u00e9clare le CEO d\u00e9sign\u00e9. \"C'est avec plaisir que j'apporterai mes connaissances et mon engagement et que je m\u00e8nerai le groupe FIVE vers l'avenir avec mon \u00e9quipe\". Ulrich Tschanz restera \u00e0 la disposition de l'entreprise \u00e0 partir de 2023 pour des projets d\u00e9di\u00e9s ainsi qu'en tant que membre du conseil d'administration.<\/p>\n<p><em>Source : <a href=\"https:\/\/www.fiveinfo.ch\/\">FIVE Informatique<\/a><\/em><\/p>","protected":false},"excerpt":{"rendered":"<p>Die FIVE Informatik AG ist zusammen mit der TaxWare AG und der ALAN Software AG Teil der in Sch\u00f6nb\u00fchl BE domizilierten FIVE Gruppe. Das Portfolio der Unternehmensgruppe erstreckt sich von Digitalisierungs-L\u00f6sungen, der Optimierung und Automatisierung von Gesch\u00e4ftsprozessen, \u00fcber Infrastruktur und IT-Services bis hin zu branchenspezifischen Softwarel\u00f6sungen wie TaxWare f\u00fcr die Steuer- und Vorsorgeberatung oder ALAN, [&hellip;]<\/p>\n","protected":false},"author":4,"featured_media":16363,"comment_status":"closed","ping_status":"closed","sticky":false,"template":"","format":"standard","meta":{"_acf_changed":false,"_yoast_wpseo_focuskw":"Oliver Lyoth","_yoast_wpseo_metadesc":"Oliver Lyoth tritt am 1. September 2022 in die FIVE Informatik AG ein und \u00fcbernimmt ab 1. Januar 2023 die gesamte Gesch\u00e4ftsf\u00fchrung.","articlekey":"","footnotes":""},"categories":[28],"tags":[286,357,381,492],"class_list":["post-16362","post","type-post","status-publish","format-standard","has-post-thumbnail","hentry","category-management","tag-it","tag-nachfolgeregelung","tag-personalia","tag-unternehmen"],"acf":[],"yoast_head":"<!-- This site is optimized with the Yoast SEO plugin v27.5 - https:\/\/yoast.com\/product\/yoast-seo-wordpress\/ -->\n<title>Oliver Lyoth wird neuer CEO der FIVE Informatik AG - Organisator<\/title>\n<meta name=\"description\" content=\"Oliver Lyoth tritt am 1. September 2022 in die FIVE Informatik AG ein und \u00fcbernimmt ab 1. Januar 2023 die gesamte Gesch\u00e4ftsf\u00fchrung.\" \/>\n<meta name=\"robots\" content=\"index, follow, max-snippet:-1, max-image-preview:large, max-video-preview:-1\" \/>\n<link rel=\"canonical\" href=\"https:\/\/www.organisator.ch\/fr\/gestion-2\/2022-08-08\/oliver-lyoth-wird-neuer-ceo-der-five-informatik-ag\/\" \/>\n<meta property=\"og:locale\" content=\"fr_FR\" \/>\n<meta property=\"og:type\" content=\"article\" \/>\n<meta property=\"og:title\" content=\"Oliver Lyoth wird neuer CEO der FIVE Informatik AG\" \/>\n<meta property=\"og:description\" content=\"Oliver Lyoth tritt am 1. September 2022 in die FIVE Informatik AG ein und \u00fcbernimmt ab 1. Januar 2023 die gesamte Gesch\u00e4ftsf\u00fchrung.\" \/>\n<meta property=\"og:url\" content=\"https:\/\/www.organisator.ch\/fr\/gestion-2\/2022-08-08\/oliver-lyoth-wird-neuer-ceo-der-five-informatik-ag\/\" \/>\n<meta property=\"og:site_name\" content=\"Organisator\" \/>\n<meta property=\"article:publisher\" content=\"https:\/\/www.facebook.com\/OrganisatorFachmagazin\" \/>\n<meta property=\"article:published_time\" content=\"2022-08-08T03:12:53+00:00\" \/>\n<meta property=\"og:image\" content=\"https:\/\/www.organisator.ch\/wp-content\/uploads\/2022\/08\/Oliver-Lyoth-wird-neuer-CEO-der-FIVE-Informatik-AG_Organisator.jpg\" \/>\n\t<meta property=\"og:image:width\" content=\"680\" \/>\n\t<meta property=\"og:image:height\" content=\"350\" \/>\n\t<meta property=\"og:image:type\" content=\"image\/jpeg\" \/>\n<meta name=\"author\" content=\"thomas.berner\" \/>\n<meta name=\"twitter:card\" content=\"summary_large_image\" \/>\n<meta name=\"twitter:title\" content=\"Oliver #Lyoth wird neuer CEO der #FIVE Informatik AG\" \/>\n<meta name=\"twitter:description\" content=\"Oliver #Lyoth tritt am 1. September 2022 in die #FIVE Informatik AG ein und \u00fcbernimmt ab 1. Januar 2023 die gesamte #Gesch\u00e4ftsf\u00fchrung.\" \/>\n<meta name=\"twitter:image\" content=\"https:\/\/www.organisator.ch\/wp-content\/uploads\/2022\/08\/Oliver-Lyoth-wird-neuer-CEO-der-FIVE-Informatik-AG_Organisator.jpg\" \/>\n<script type=\"application\/ld+json\" class=\"yoast-schema-graph\">{\"@context\":\"https:\\\/\\\/schema.org\",\"@graph\":[{\"@type\":\"Article\",\"@id\":\"https:\\\/\\\/www.organisator.ch\\\/management\\\/2022-08-08\\\/oliver-lyoth-wird-neuer-ceo-der-five-informatik-ag\\\/#article\",\"isPartOf\":{\"@id\":\"https:\\\/\\\/www.organisator.ch\\\/management\\\/2022-08-08\\\/oliver-lyoth-wird-neuer-ceo-der-five-informatik-ag\\\/\"},\"author\":{\"name\":\"thomas.berner\",\"@id\":\"https:\\\/\\\/www.organisator.ch\\\/#\\\/schema\\\/person\\\/6f650f90b2842cd4c0cc334b4e36f67e\"},\"headline\":\"Oliver Lyoth wird neuer CEO der FIVE Informatik AG\",\"datePublished\":\"2022-08-08T03:12:53+00:00\",\"mainEntityOfPage\":{\"@id\":\"https:\\\/\\\/www.organisator.ch\\\/management\\\/2022-08-08\\\/oliver-lyoth-wird-neuer-ceo-der-five-informatik-ag\\\/\"},\"wordCount\":276,\"publisher\":{\"@id\":\"https:\\\/\\\/www.organisator.ch\\\/#organization\"},\"image\":{\"@id\":\"https:\\\/\\\/www.organisator.ch\\\/management\\\/2022-08-08\\\/oliver-lyoth-wird-neuer-ceo-der-five-informatik-ag\\\/#primaryimage\"},\"thumbnailUrl\":\"https:\\\/\\\/www.organisator.ch\\\/wp-content\\\/uploads\\\/2022\\\/08\\\/Oliver-Lyoth-wird-neuer-CEO-der-FIVE-Informatik-AG_Organisator.jpg\",\"keywords\":[\"IT\",\"Nachfolgeregelung\",\"Personalia\",\"Unternehmen\"],\"articleSection\":[\"MANAGEMENT\"],\"inLanguage\":\"fr-FR\"},{\"@type\":\"WebPage\",\"@id\":\"https:\\\/\\\/www.organisator.ch\\\/management\\\/2022-08-08\\\/oliver-lyoth-wird-neuer-ceo-der-five-informatik-ag\\\/\",\"url\":\"https:\\\/\\\/www.organisator.ch\\\/management\\\/2022-08-08\\\/oliver-lyoth-wird-neuer-ceo-der-five-informatik-ag\\\/\",\"name\":\"Oliver Lyoth wird neuer CEO der FIVE Informatik AG - Organisator\",\"isPartOf\":{\"@id\":\"https:\\\/\\\/www.organisator.ch\\\/#website\"},\"primaryImageOfPage\":{\"@id\":\"https:\\\/\\\/www.organisator.ch\\\/management\\\/2022-08-08\\\/oliver-lyoth-wird-neuer-ceo-der-five-informatik-ag\\\/#primaryimage\"},\"image\":{\"@id\":\"https:\\\/\\\/www.organisator.ch\\\/management\\\/2022-08-08\\\/oliver-lyoth-wird-neuer-ceo-der-five-informatik-ag\\\/#primaryimage\"},\"thumbnailUrl\":\"https:\\\/\\\/www.organisator.ch\\\/wp-content\\\/uploads\\\/2022\\\/08\\\/Oliver-Lyoth-wird-neuer-CEO-der-FIVE-Informatik-AG_Organisator.jpg\",\"datePublished\":\"2022-08-08T03:12:53+00:00\",\"description\":\"Oliver Lyoth tritt am 1. September 2022 in die FIVE Informatik AG ein und \u00fcbernimmt ab 1. Januar 2023 die gesamte Gesch\u00e4ftsf\u00fchrung.\",\"breadcrumb\":{\"@id\":\"https:\\\/\\\/www.organisator.ch\\\/management\\\/2022-08-08\\\/oliver-lyoth-wird-neuer-ceo-der-five-informatik-ag\\\/#breadcrumb\"},\"inLanguage\":\"fr-FR\",\"potentialAction\":[{\"@type\":\"ReadAction\",\"target\":[\"https:\\\/\\\/www.organisator.ch\\\/management\\\/2022-08-08\\\/oliver-lyoth-wird-neuer-ceo-der-five-informatik-ag\\\/\"]}]},{\"@type\":\"ImageObject\",\"inLanguage\":\"fr-FR\",\"@id\":\"https:\\\/\\\/www.organisator.ch\\\/management\\\/2022-08-08\\\/oliver-lyoth-wird-neuer-ceo-der-five-informatik-ag\\\/#primaryimage\",\"url\":\"https:\\\/\\\/www.organisator.ch\\\/wp-content\\\/uploads\\\/2022\\\/08\\\/Oliver-Lyoth-wird-neuer-CEO-der-FIVE-Informatik-AG_Organisator.jpg\",\"contentUrl\":\"https:\\\/\\\/www.organisator.ch\\\/wp-content\\\/uploads\\\/2022\\\/08\\\/Oliver-Lyoth-wird-neuer-CEO-der-FIVE-Informatik-AG_Organisator.jpg\",\"width\":680,\"height\":350,\"caption\":\"Oliver Lyoth (links) tritt bei FIVE Informatik AG die Nachfolge von Ulrich Tschanz an. (Bild: zVg)\"},{\"@type\":\"BreadcrumbList\",\"@id\":\"https:\\\/\\\/www.organisator.ch\\\/management\\\/2022-08-08\\\/oliver-lyoth-wird-neuer-ceo-der-five-informatik-ag\\\/#breadcrumb\",\"itemListElement\":[{\"@type\":\"ListItem\",\"position\":1,\"name\":\"Home\",\"item\":\"https:\\\/\\\/www.organisator.ch\\\/\"},{\"@type\":\"ListItem\",\"position\":2,\"name\":\"Oliver Lyoth wird neuer CEO der FIVE Informatik AG\"}]},{\"@type\":\"WebSite\",\"@id\":\"https:\\\/\\\/www.organisator.ch\\\/#website\",\"url\":\"https:\\\/\\\/www.organisator.ch\\\/\",\"name\":\"Organisator\",\"description\":\"Kompetent. Praxisnah. Der ORGANISATOR bereitet in 10 Ausgaben pro Jahr die wesentlichen Themen f\u00fcr F\u00fchrungskr\u00e4fte von KMU auf.\",\"publisher\":{\"@id\":\"https:\\\/\\\/www.organisator.ch\\\/#organization\"},\"potentialAction\":[{\"@type\":\"SearchAction\",\"target\":{\"@type\":\"EntryPoint\",\"urlTemplate\":\"https:\\\/\\\/www.organisator.ch\\\/?s={search_term_string}\"},\"query-input\":{\"@type\":\"PropertyValueSpecification\",\"valueRequired\":true,\"valueName\":\"search_term_string\"}}],\"inLanguage\":\"fr-FR\"},{\"@type\":\"Organization\",\"@id\":\"https:\\\/\\\/www.organisator.ch\\\/#organization\",\"name\":\"Organisator\",\"url\":\"https:\\\/\\\/www.organisator.ch\\\/\",\"logo\":{\"@type\":\"ImageObject\",\"inLanguage\":\"fr-FR\",\"@id\":\"https:\\\/\\\/www.organisator.ch\\\/#\\\/schema\\\/logo\\\/image\\\/\",\"url\":\"https:\\\/\\\/www.organisator.ch\\\/wp-content\\\/uploads\\\/2022\\\/01\\\/Logo_Organisator_Website.png\",\"contentUrl\":\"https:\\\/\\\/www.organisator.ch\\\/wp-content\\\/uploads\\\/2022\\\/01\\\/Logo_Organisator_Website.png\",\"width\":800,\"height\":77,\"caption\":\"Organisator\"},\"image\":{\"@id\":\"https:\\\/\\\/www.organisator.ch\\\/#\\\/schema\\\/logo\\\/image\\\/\"},\"sameAs\":[\"https:\\\/\\\/www.facebook.com\\\/OrganisatorFachmagazin\",\"https:\\\/\\\/www.linkedin.com\\\/showcase\\\/organisator-das-magazin-fr-kmu\",\"https:\\\/\\\/www.xing.com\\\/news\\\/pages\\\/organisator-ch-695\",\"https:\\\/\\\/www.youtube.com\\\/channel\\\/UCGP2Sq0iWaZwT3BdIAQFYpw\"]},{\"@type\":\"Person\",\"@id\":\"https:\\\/\\\/www.organisator.ch\\\/#\\\/schema\\\/person\\\/6f650f90b2842cd4c0cc334b4e36f67e\",\"name\":\"thomas.berner\",\"image\":{\"@type\":\"ImageObject\",\"inLanguage\":\"fr-FR\",\"@id\":\"https:\\\/\\\/secure.gravatar.com\\\/avatar\\\/ac5001d2a36cb6c6cd3e50789007ffca834b477b74a2144564522e944eabff61?s=96&d=mm&r=g\",\"url\":\"https:\\\/\\\/secure.gravatar.com\\\/avatar\\\/ac5001d2a36cb6c6cd3e50789007ffca834b477b74a2144564522e944eabff61?s=96&d=mm&r=g\",\"contentUrl\":\"https:\\\/\\\/secure.gravatar.com\\\/avatar\\\/ac5001d2a36cb6c6cd3e50789007ffca834b477b74a2144564522e944eabff61?s=96&d=mm&r=g\",\"caption\":\"thomas.berner\"},\"url\":\"https:\\\/\\\/www.organisator.ch\\\/fr\\\/author\\\/thomas-berner\\\/\"}]}<\/script>\n<!-- \/ Yoast SEO plugin. -->","yoast_head_json":{"title":"Oliver Lyoth devient le nouveau CEO de FIVE Informatik AG - Organisateur","description":"Oliver Lyoth rejoindra FIVE Informatik AG le 1er septembre 2022 et reprendra l'ensemble de la direction \u00e0 partir du 1er janvier 2023.","robots":{"index":"index","follow":"follow","max-snippet":"max-snippet:-1","max-image-preview":"max-image-preview:large","max-video-preview":"max-video-preview:-1"},"canonical":"https:\/\/www.organisator.ch\/fr\/gestion-2\/2022-08-08\/oliver-lyoth-wird-neuer-ceo-der-five-informatik-ag\/","og_locale":"fr_FR","og_type":"article","og_title":"Oliver Lyoth wird neuer CEO der FIVE Informatik AG","og_description":"Oliver Lyoth tritt am 1. September 2022 in die FIVE Informatik AG ein und \u00fcbernimmt ab 1. Januar 2023 die gesamte Gesch\u00e4ftsf\u00fchrung.","og_url":"https:\/\/www.organisator.ch\/fr\/gestion-2\/2022-08-08\/oliver-lyoth-wird-neuer-ceo-der-five-informatik-ag\/","og_site_name":"Organisator","article_publisher":"https:\/\/www.facebook.com\/OrganisatorFachmagazin","article_published_time":"2022-08-08T03:12:53+00:00","og_image":[{"width":680,"height":350,"url":"https:\/\/www.organisator.ch\/wp-content\/uploads\/2022\/08\/Oliver-Lyoth-wird-neuer-CEO-der-FIVE-Informatik-AG_Organisator.jpg","type":"image\/jpeg"}],"author":"thomas.berner","twitter_card":"summary_large_image","twitter_title":"Oliver #Lyoth wird neuer CEO der #FIVE Informatik AG","twitter_description":"Oliver #Lyoth tritt am 1. September 2022 in die #FIVE Informatik AG ein und \u00fcbernimmt ab 1. Januar 2023 die gesamte #Gesch\u00e4ftsf\u00fchrung.","twitter_image":"https:\/\/www.organisator.ch\/wp-content\/uploads\/2022\/08\/Oliver-Lyoth-wird-neuer-CEO-der-FIVE-Informatik-AG_Organisator.jpg","schema":{"@context":"https:\/\/schema.org","@graph":[{"@type":"Article","@id":"https:\/\/www.organisator.ch\/management\/2022-08-08\/oliver-lyoth-wird-neuer-ceo-der-five-informatik-ag\/#article","isPartOf":{"@id":"https:\/\/www.organisator.ch\/management\/2022-08-08\/oliver-lyoth-wird-neuer-ceo-der-five-informatik-ag\/"},"author":{"name":"thomas.berner","@id":"https:\/\/www.organisator.ch\/#\/schema\/person\/6f650f90b2842cd4c0cc334b4e36f67e"},"headline":"Oliver Lyoth wird neuer CEO der FIVE Informatik AG","datePublished":"2022-08-08T03:12:53+00:00","mainEntityOfPage":{"@id":"https:\/\/www.organisator.ch\/management\/2022-08-08\/oliver-lyoth-wird-neuer-ceo-der-five-informatik-ag\/"},"wordCount":276,"publisher":{"@id":"https:\/\/www.organisator.ch\/#organization"},"image":{"@id":"https:\/\/www.organisator.ch\/management\/2022-08-08\/oliver-lyoth-wird-neuer-ceo-der-five-informatik-ag\/#primaryimage"},"thumbnailUrl":"https:\/\/www.organisator.ch\/wp-content\/uploads\/2022\/08\/Oliver-Lyoth-wird-neuer-CEO-der-FIVE-Informatik-AG_Organisator.jpg","keywords":["IT","Nachfolgeregelung","Personalia","Unternehmen"],"articleSection":["MANAGEMENT"],"inLanguage":"fr-FR"},{"@type":"WebPage","@id":"https:\/\/www.organisator.ch\/management\/2022-08-08\/oliver-lyoth-wird-neuer-ceo-der-five-informatik-ag\/","url":"https:\/\/www.organisator.ch\/management\/2022-08-08\/oliver-lyoth-wird-neuer-ceo-der-five-informatik-ag\/","name":"Oliver Lyoth devient le nouveau CEO de FIVE Informatik AG - Organisateur","isPartOf":{"@id":"https:\/\/www.organisator.ch\/#website"},"primaryImageOfPage":{"@id":"https:\/\/www.organisator.ch\/management\/2022-08-08\/oliver-lyoth-wird-neuer-ceo-der-five-informatik-ag\/#primaryimage"},"image":{"@id":"https:\/\/www.organisator.ch\/management\/2022-08-08\/oliver-lyoth-wird-neuer-ceo-der-five-informatik-ag\/#primaryimage"},"thumbnailUrl":"https:\/\/www.organisator.ch\/wp-content\/uploads\/2022\/08\/Oliver-Lyoth-wird-neuer-CEO-der-FIVE-Informatik-AG_Organisator.jpg","datePublished":"2022-08-08T03:12:53+00:00","description":"Oliver Lyoth rejoindra FIVE Informatik AG le 1er septembre 2022 et reprendra l'ensemble de la direction \u00e0 partir du 1er janvier 2023.","breadcrumb":{"@id":"https:\/\/www.organisator.ch\/management\/2022-08-08\/oliver-lyoth-wird-neuer-ceo-der-five-informatik-ag\/#breadcrumb"},"inLanguage":"fr-FR","potentialAction":[{"@type":"ReadAction","target":["https:\/\/www.organisator.ch\/management\/2022-08-08\/oliver-lyoth-wird-neuer-ceo-der-five-informatik-ag\/"]}]},{"@type":"ImageObject","inLanguage":"fr-FR","@id":"https:\/\/www.organisator.ch\/management\/2022-08-08\/oliver-lyoth-wird-neuer-ceo-der-five-informatik-ag\/#primaryimage","url":"https:\/\/www.organisator.ch\/wp-content\/uploads\/2022\/08\/Oliver-Lyoth-wird-neuer-CEO-der-FIVE-Informatik-AG_Organisator.jpg","contentUrl":"https:\/\/www.organisator.ch\/wp-content\/uploads\/2022\/08\/Oliver-Lyoth-wird-neuer-CEO-der-FIVE-Informatik-AG_Organisator.jpg","width":680,"height":350,"caption":"Oliver Lyoth (links) tritt bei FIVE Informatik AG die Nachfolge von Ulrich Tschanz an. (Bild: zVg)"},{"@type":"BreadcrumbList","@id":"https:\/\/www.organisator.ch\/management\/2022-08-08\/oliver-lyoth-wird-neuer-ceo-der-five-informatik-ag\/#breadcrumb","itemListElement":[{"@type":"ListItem","position":1,"name":"Home","item":"https:\/\/www.organisator.ch\/"},{"@type":"ListItem","position":2,"name":"Oliver Lyoth wird neuer CEO der FIVE Informatik AG"}]},{"@type":"WebSite","@id":"https:\/\/www.organisator.ch\/#website","url":"https:\/\/www.organisator.ch\/","name":"Organisateur","description":"Comp\u00e9tence et comp\u00e9tence. Proches de la pratique. L'ORGANISATEUR pr\u00e9pare 10 num\u00e9ros par an sur les th\u00e8mes essentiels pour les dirigeants de PME.","publisher":{"@id":"https:\/\/www.organisator.ch\/#organization"},"potentialAction":[{"@type":"SearchAction","target":{"@type":"EntryPoint","urlTemplate":"https:\/\/www.organisator.ch\/?s={search_term_string}"},"query-input":{"@type":"PropertyValueSpecification","valueRequired":true,"valueName":"search_term_string"}}],"inLanguage":"fr-FR"},{"@type":"Organization","@id":"https:\/\/www.organisator.ch\/#organization","name":"Organisateur","url":"https:\/\/www.organisator.ch\/","logo":{"@type":"ImageObject","inLanguage":"fr-FR","@id":"https:\/\/www.organisator.ch\/#\/schema\/logo\/image\/","url":"https:\/\/www.organisator.ch\/wp-content\/uploads\/2022\/01\/Logo_Organisator_Website.png","contentUrl":"https:\/\/www.organisator.ch\/wp-content\/uploads\/2022\/01\/Logo_Organisator_Website.png","width":800,"height":77,"caption":"Organisator"},"image":{"@id":"https:\/\/www.organisator.ch\/#\/schema\/logo\/image\/"},"sameAs":["https:\/\/www.facebook.com\/OrganisatorFachmagazin","https:\/\/www.linkedin.com\/showcase\/organisator-das-magazin-fr-kmu","https:\/\/www.xing.com\/news\/pages\/organisator-ch-695","https:\/\/www.youtube.com\/channel\/UCGP2Sq0iWaZwT3BdIAQFYpw"]},{"@type":"Person","@id":"https:\/\/www.organisator.ch\/#\/schema\/person\/6f650f90b2842cd4c0cc334b4e36f67e","name":"thomas.berner","image":{"@type":"ImageObject","inLanguage":"fr-FR","@id":"https:\/\/secure.gravatar.com\/avatar\/ac5001d2a36cb6c6cd3e50789007ffca834b477b74a2144564522e944eabff61?s=96&d=mm&r=g","url":"https:\/\/secure.gravatar.com\/avatar\/ac5001d2a36cb6c6cd3e50789007ffca834b477b74a2144564522e944eabff61?s=96&d=mm&r=g","contentUrl":"https:\/\/secure.gravatar.com\/avatar\/ac5001d2a36cb6c6cd3e50789007ffca834b477b74a2144564522e944eabff61?s=96&d=mm&r=g","caption":"thomas.berner"},"url":"https:\/\/www.organisator.ch\/fr\/author\/thomas-berner\/"}]}},"_links":{"self":[{"href":"https:\/\/www.organisator.ch\/fr\/wp-json\/wp\/v2\/posts\/16362","targetHints":{"allow":["GET"]}}],"collection":[{"href":"https:\/\/www.organisator.ch\/fr\/wp-json\/wp\/v2\/posts"}],"about":[{"href":"https:\/\/www.organisator.ch\/fr\/wp-json\/wp\/v2\/types\/post"}],"author":[{"embeddable":true,"href":"https:\/\/www.organisator.ch\/fr\/wp-json\/wp\/v2\/users\/4"}],"replies":[{"embeddable":true,"href":"https:\/\/www.organisator.ch\/fr\/wp-json\/wp\/v2\/comments?post=16362"}],"version-history":[{"count":1,"href":"https:\/\/www.organisator.ch\/fr\/wp-json\/wp\/v2\/posts\/16362\/revisions"}],"predecessor-version":[{"id":16364,"href":"https:\/\/www.organisator.ch\/fr\/wp-json\/wp\/v2\/posts\/16362\/revisions\/16364"}],"wp:featuredmedia":[{"embeddable":true,"href":"https:\/\/www.organisator.ch\/fr\/wp-json\/wp\/v2\/media\/16363"}],"wp:attachment":[{"href":"https:\/\/www.organisator.ch\/fr\/wp-json\/wp\/v2\/media?parent=16362"}],"wp:term":[{"taxonomy":"category","embeddable":true,"href":"https:\/\/www.organisator.ch\/fr\/wp-json\/wp\/v2\/categories?post=16362"},{"taxonomy":"post_tag","embeddable":true,"href":"https:\/\/www.organisator.ch\/fr\/wp-json\/wp\/v2\/tags?post=16362"}],"curies":[{"name":"wp","href":"https:\/\/api.w.org\/{rel}","templated":true}]}}