{"id":16372,"date":"2022-08-08T08:32:39","date_gmt":"2022-08-08T06:32:39","guid":{"rendered":"https:\/\/www.m-q.ch\/?p=16753"},"modified":"2024-11-19T13:57:39","modified_gmt":"2024-11-19T12:57:39","slug":"graubuendner-kantonalbank-in-sachen-nachhaltigkeit-mit-aa-bewertet","status":"publish","type":"post","link":"https:\/\/www.organisator.ch\/fr\/operational-excellence\/2022-08-08\/graubuendner-kantonalbank-in-sachen-nachhaltigkeit-mit-aa-bewertet\/","title":{"rendered":"La Banque Cantonale des Grisons not\u00e9e \"AA\" en mati\u00e8re de durabilit\u00e9"},"content":{"rendered":"<figure id=\"attachment_16754\" class=\"wp-caption alignnone\" style=\"width: 680px;\" aria-describedby=\"caption-attachment-16754\"><img class=\"alignnone wp-image-16754 size-full\" src=\"https:\/\/www.m-q.ch\/wp-content\/uploads\/2022\/08\/Graubuendner-Kantonalbank-in-Sachen-Nachhaltigkeit-mit-AA-bewertet_MQ.jpg\" sizes=\"(max-width: 680px) 100vw, 680px\" srcset=\"https:\/\/www.m-q.ch\/wp-content\/uploads\/2022\/08\/Graubuendner-Kantonalbank-in-Sachen-Nachhaltigkeit-mit-AA-bewertet_MQ.jpg 680w, https:\/\/www.m-q.ch\/wp-content\/uploads\/2022\/08\/Graubuendner-Kantonalbank-in-Sachen-Nachhaltigkeit-mit-AA-bewertet_MQ-18x8.jpg 18w, https:\/\/www.m-q.ch\/wp-content\/uploads\/2022\/08\/Graubuendner-Kantonalbank-in-Sachen-Nachhaltigkeit-mit-AA-bewertet_MQ-375x166.jpg 375w, https:\/\/www.m-q.ch\/wp-content\/uploads\/2022\/08\/Graubuendner-Kantonalbank-in-Sachen-Nachhaltigkeit-mit-AA-bewertet_MQ-300x133.jpg 300w\" alt=\"GKB rating de durabilit\u00e9\" width=\"680\" height=\"301\" \/>\r\n<figcaption id=\"caption-attachment-16754\" class=\"wp-caption-text\">L'engagement de la GKB est d\u00e9sormais not\u00e9 \"AA\" par l'agence de notation MSCI. (Image : GKB)<\/figcaption>\r\n<\/figure>\r\n<p>Avec la note \"AA\", la Banque Cantonale des Grisons BCG obtient la deuxi\u00e8me meilleure notation de durabilit\u00e9 de MSCI. Les notations de durabilit\u00e9 d'agences comme MSCI visent \u00e0 mesurer la mani\u00e8re dont une entreprise g\u00e8re les risques et les opportunit\u00e9s ESG importants sur le plan financier. La notation prend en compte des crit\u00e8res sociaux et soci\u00e9taux (Social), des crit\u00e8res de bonne gouvernance (Governance) et des aspects li\u00e9s \u00e0 l'impact environnemental (Environmental).<\/p>\r\n<h3><strong>Durabilit\u00e9 : engagement et transparence<\/strong><\/h3>\r\n<p>La durabilit\u00e9 est solidement ancr\u00e9e dans la strat\u00e9gie de la BCG, communique la banque. \"Je suis d'autant plus heureux que notre engagement et nos prestations soient d\u00e9sormais not\u00e9s AA\", d\u00e9clare son CEO Daniel Fust. \"Nous nous engageons depuis des ann\u00e9es pour un d\u00e9veloppement durable dans le canton ainsi que dans les activit\u00e9s de placement et de financement. Avec notre nouveau rapport GRI sur le d\u00e9veloppement durable, nous communiquons nos activit\u00e9s de mani\u00e8re transparente et compr\u00e9hensible\". L'agence de notation MSCI confirme \u00e9galement que la Banque Cantonale des Grisons remplit les exigences les plus \u00e9lev\u00e9es dans les domaines du blanchiment d'argent, de la corruption et de la protection des donn\u00e9es. De m\u00eame, MSCI souligne les activit\u00e9s de la BCG en mati\u00e8re de promotion des talents et de formation continue des collaboratrices et collaborateurs, comme le pr\u00e9cise le communiqu\u00e9 de presse de la Banque Cantonale des Grisons.<\/p>\r\n<h3><strong>La Banque Cantonale des Grisons s'engage dans la Fondation Suisse pour le Climat<\/strong><\/h3>\r\n<p>La Banque cantonale des Grisons soutient d\u00e9sormais la Fondation Suisse pour le Climat. \"Pour une protection efficace du climat, nous devons regrouper nos ressources et nous engager pour l'innovation au-del\u00e0 des fronti\u00e8res cantonales. C'est exactement ce que nous r\u00e9alisons en tant que partenaire de la Fondation Suisse pour le Climat\", explique Daniel Fust. Les fonds de soutien de la fondation vont au d\u00e9veloppement de technologies innovantes pour la protection du climat, entre autres dans le domaine du b\u00e2timent et de l'agriculture, ou \u00e0 des projets dans le domaine de l'\u00e9conomie circulaire.<\/p>\r\n<p>La Banque cantonale des Grisons et 27 autres entreprises du secteur des services soutiennent les investissements de la Fondation Suisse pour le Climat. \"En adh\u00e9rant \u00e0 la Fondation Suisse pour le Climat, la Banque Cantonale des Grisons montre clairement que la protection du climat ne s'arr\u00eate pas aux fronti\u00e8res cantonales. Le changement climatique est un immense d\u00e9fi que nous ne pourrons relever qu'en unissant nos forces et en adoptant des solutions et des technologies d'avenir\", d\u00e9clare Vincent Eckert, directeur de la Fondation Suisse pour le Climat. Depuis sa cr\u00e9ation en 2009, la fondation a soutenu quelque 2100 PME en Suisse et au Liechtenstein avec plus de 33 millions de francs.<\/p>\r\n<p><em>Source : <a href=\"https:\/\/www.gkb.ch\/de\">GKB<\/a><\/em><\/p>\n<p class=\"syndicated-attribution\">Cet article est paru initialement sur m-q.ch - <a href=\"https:\/\/www.m-q.ch\/de\/graubuendner-kantonalbank-in-sachen-nachhaltigkeit-mit-aa-bewertet\/\" target=\"_blank\">https:\/\/www.m-q.ch\/de\/graubuendner-kantonalbank-in-sachen-nachhaltigkeit-mit-aa-bewertet\/<\/a><\/p>","protected":false},"excerpt":{"rendered":"<p>Mit der \u00abAA\u00bb Bewertung erh\u00e4lt die Graub\u00fcndner Kantonalbank GKB das zweith\u00f6chste Nachhaltigkeitsrating von MSCI. Die Nachhaltigkeits-Ratings von Agenturen wie MSCI zielen darauf ab, den Umgang eines Unternehmens mit finanziell relevanten ESG-Risiken und -Chancen zu messen. In das Rating fliessen sozial-gesellschaftliche Kriterien (Social), solche der guten Unternehmensf\u00fchrung (Governance) und Aspekte von Umweltauswirkungen (Environmental) mit ein. Nachhaltigkeit: [\u2026]<\/p>\n","protected":false},"author":8,"featured_media":0,"comment_status":"closed","ping_status":"closed","sticky":false,"template":"","format":"standard","meta":{"_acf_changed":false,"_yoast_wpseo_focuskw":"GKB Nachhaltigkeitsrating","_yoast_wpseo_metadesc":"Die GKB erh\u00e4lt ein AA-Nachhaltigkeitsrating von MSCI. Erfahren Sie mehr \u00fcber ihr Engagement und ihre Transparenz.","articlekey":"","footnotes":""},"categories":[582],"tags":[4769,300,4770,1787,3318],"class_list":["post-16372","post","type-post","status-publish","format-standard","hentry","category-operational-excellence","tag-gkb","tag-klimaschutz","tag-msci","tag-nachhaltigkeit","tag-rating"],"acf":[],"yoast_head":"<!-- This site is optimized with the Yoast SEO plugin v27.4 - https:\/\/yoast.com\/product\/yoast-seo-wordpress\/ -->\n<title>Graub\u00fcndner Kantonalbank in Sachen Nachhaltigkeit mit \u00abAA\u00bb bewertet - Organisator<\/title>\n<meta name=\"description\" content=\"Die GKB erh\u00e4lt ein AA-Nachhaltigkeitsrating von MSCI. Erfahren Sie mehr \u00fcber ihr Engagement und ihre Transparenz.\" \/>\n<meta name=\"robots\" content=\"index, follow, max-snippet:-1, max-image-preview:large, max-video-preview:-1\" \/>\n<link rel=\"canonical\" href=\"https:\/\/www.organisator.ch\/fr\/excellence-operationnelle\/2022-08-08\/graubuendner-kantonalbank-in-sachen-nachhaltigkeit-mit-aa-bewertet\/\" \/>\n<meta property=\"og:locale\" content=\"fr_FR\" \/>\n<meta property=\"og:type\" content=\"article\" \/>\n<meta property=\"og:title\" content=\"Graub\u00fcndner Kantonalbank in Sachen Nachhaltigkeit mit \u00abAA\u00bb bewertet - Organisator\" \/>\n<meta property=\"og:description\" content=\"Die GKB erh\u00e4lt ein AA-Nachhaltigkeitsrating von MSCI. Erfahren Sie mehr \u00fcber ihr Engagement und ihre Transparenz.\" \/>\n<meta property=\"og:url\" content=\"https:\/\/www.organisator.ch\/fr\/excellence-operationnelle\/2022-08-08\/graubuendner-kantonalbank-in-sachen-nachhaltigkeit-mit-aa-bewertet\/\" \/>\n<meta property=\"og:site_name\" content=\"Organisator\" \/>\n<meta property=\"article:publisher\" content=\"https:\/\/www.facebook.com\/OrganisatorFachmagazin\" \/>\n<meta property=\"article:published_time\" content=\"2022-08-08T06:32:39+00:00\" \/>\n<meta property=\"article:modified_time\" content=\"2024-11-19T12:57:39+00:00\" \/>\n<meta name=\"author\" content=\"galledia\" \/>\n<meta name=\"twitter:card\" content=\"summary_large_image\" \/>\n<meta name=\"twitter:creator\" content=\"@admin\" \/>\n<script type=\"application\/ld+json\" class=\"yoast-schema-graph\">{\"@context\":\"https:\\\/\\\/schema.org\",\"@graph\":[{\"@type\":\"Article\",\"@id\":\"https:\\\/\\\/www.organisator.ch\\\/operational-excellence\\\/2022-08-08\\\/graubuendner-kantonalbank-in-sachen-nachhaltigkeit-mit-aa-bewertet\\\/#article\",\"isPartOf\":{\"@id\":\"https:\\\/\\\/www.organisator.ch\\\/operational-excellence\\\/2022-08-08\\\/graubuendner-kantonalbank-in-sachen-nachhaltigkeit-mit-aa-bewertet\\\/\"},\"author\":{\"name\":\"galledia\",\"@id\":\"https:\\\/\\\/www.organisator.ch\\\/#\\\/schema\\\/person\\\/4e51799071cd2dd1232ac003643ef5f0\"},\"headline\":\"Graub\u00fcndner Kantonalbank in Sachen Nachhaltigkeit mit \u00abAA\u00bb bewertet\",\"datePublished\":\"2022-08-08T06:32:39+00:00\",\"dateModified\":\"2024-11-19T12:57:39+00:00\",\"mainEntityOfPage\":{\"@id\":\"https:\\\/\\\/www.organisator.ch\\\/operational-excellence\\\/2022-08-08\\\/graubuendner-kantonalbank-in-sachen-nachhaltigkeit-mit-aa-bewertet\\\/\"},\"wordCount\":388,\"publisher\":{\"@id\":\"https:\\\/\\\/www.organisator.ch\\\/#organization\"},\"image\":{\"@id\":\"https:\\\/\\\/www.organisator.ch\\\/operational-excellence\\\/2022-08-08\\\/graubuendner-kantonalbank-in-sachen-nachhaltigkeit-mit-aa-bewertet\\\/#primaryimage\"},\"thumbnailUrl\":\"https:\\\/\\\/www.m-q.ch\\\/wp-content\\\/uploads\\\/2022\\\/08\\\/Graubuendner-Kantonalbank-in-Sachen-Nachhaltigkeit-mit-AA-bewertet_MQ.jpg\",\"keywords\":[\"GKB\",\"Klimaschutz\",\"MSCI\",\"Nachhaltigkeit\",\"Rating\"],\"articleSection\":[\"OPERATIONAL EXCELLENCE\"],\"inLanguage\":\"fr-FR\"},{\"@type\":\"WebPage\",\"@id\":\"https:\\\/\\\/www.organisator.ch\\\/operational-excellence\\\/2022-08-08\\\/graubuendner-kantonalbank-in-sachen-nachhaltigkeit-mit-aa-bewertet\\\/\",\"url\":\"https:\\\/\\\/www.organisator.ch\\\/operational-excellence\\\/2022-08-08\\\/graubuendner-kantonalbank-in-sachen-nachhaltigkeit-mit-aa-bewertet\\\/\",\"name\":\"Graub\u00fcndner Kantonalbank in Sachen Nachhaltigkeit mit \u00abAA\u00bb bewertet - Organisator\",\"isPartOf\":{\"@id\":\"https:\\\/\\\/www.organisator.ch\\\/#website\"},\"primaryImageOfPage\":{\"@id\":\"https:\\\/\\\/www.organisator.ch\\\/operational-excellence\\\/2022-08-08\\\/graubuendner-kantonalbank-in-sachen-nachhaltigkeit-mit-aa-bewertet\\\/#primaryimage\"},\"image\":{\"@id\":\"https:\\\/\\\/www.organisator.ch\\\/operational-excellence\\\/2022-08-08\\\/graubuendner-kantonalbank-in-sachen-nachhaltigkeit-mit-aa-bewertet\\\/#primaryimage\"},\"thumbnailUrl\":\"https:\\\/\\\/www.m-q.ch\\\/wp-content\\\/uploads\\\/2022\\\/08\\\/Graubuendner-Kantonalbank-in-Sachen-Nachhaltigkeit-mit-AA-bewertet_MQ.jpg\",\"datePublished\":\"2022-08-08T06:32:39+00:00\",\"dateModified\":\"2024-11-19T12:57:39+00:00\",\"description\":\"Die GKB erh\u00e4lt ein AA-Nachhaltigkeitsrating von MSCI. Erfahren Sie mehr \u00fcber ihr Engagement und ihre Transparenz.\",\"breadcrumb\":{\"@id\":\"https:\\\/\\\/www.organisator.ch\\\/operational-excellence\\\/2022-08-08\\\/graubuendner-kantonalbank-in-sachen-nachhaltigkeit-mit-aa-bewertet\\\/#breadcrumb\"},\"inLanguage\":\"fr-FR\",\"potentialAction\":[{\"@type\":\"ReadAction\",\"target\":[\"https:\\\/\\\/www.organisator.ch\\\/operational-excellence\\\/2022-08-08\\\/graubuendner-kantonalbank-in-sachen-nachhaltigkeit-mit-aa-bewertet\\\/\"]}]},{\"@type\":\"ImageObject\",\"inLanguage\":\"fr-FR\",\"@id\":\"https:\\\/\\\/www.organisator.ch\\\/operational-excellence\\\/2022-08-08\\\/graubuendner-kantonalbank-in-sachen-nachhaltigkeit-mit-aa-bewertet\\\/#primaryimage\",\"url\":\"https:\\\/\\\/www.m-q.ch\\\/wp-content\\\/uploads\\\/2022\\\/08\\\/Graubuendner-Kantonalbank-in-Sachen-Nachhaltigkeit-mit-AA-bewertet_MQ.jpg\",\"contentUrl\":\"https:\\\/\\\/www.m-q.ch\\\/wp-content\\\/uploads\\\/2022\\\/08\\\/Graubuendner-Kantonalbank-in-Sachen-Nachhaltigkeit-mit-AA-bewertet_MQ.jpg\"},{\"@type\":\"BreadcrumbList\",\"@id\":\"https:\\\/\\\/www.organisator.ch\\\/operational-excellence\\\/2022-08-08\\\/graubuendner-kantonalbank-in-sachen-nachhaltigkeit-mit-aa-bewertet\\\/#breadcrumb\",\"itemListElement\":[{\"@type\":\"ListItem\",\"position\":1,\"name\":\"Home\",\"item\":\"https:\\\/\\\/www.organisator.ch\\\/\"},{\"@type\":\"ListItem\",\"position\":2,\"name\":\"Graub\u00fcndner Kantonalbank in Sachen Nachhaltigkeit mit \u00abAA\u00bb bewertet\"}]},{\"@type\":\"WebSite\",\"@id\":\"https:\\\/\\\/www.organisator.ch\\\/#website\",\"url\":\"https:\\\/\\\/www.organisator.ch\\\/\",\"name\":\"Organisator\",\"description\":\"Kompetent. Praxisnah. Der ORGANISATOR bereitet in 10 Ausgaben pro Jahr die wesentlichen Themen f\u00fcr F\u00fchrungskr\u00e4fte von KMU auf.\",\"publisher\":{\"@id\":\"https:\\\/\\\/www.organisator.ch\\\/#organization\"},\"potentialAction\":[{\"@type\":\"SearchAction\",\"target\":{\"@type\":\"EntryPoint\",\"urlTemplate\":\"https:\\\/\\\/www.organisator.ch\\\/?s={search_term_string}\"},\"query-input\":{\"@type\":\"PropertyValueSpecification\",\"valueRequired\":true,\"valueName\":\"search_term_string\"}}],\"inLanguage\":\"fr-FR\"},{\"@type\":\"Organization\",\"@id\":\"https:\\\/\\\/www.organisator.ch\\\/#organization\",\"name\":\"Organisator\",\"url\":\"https:\\\/\\\/www.organisator.ch\\\/\",\"logo\":{\"@type\":\"ImageObject\",\"inLanguage\":\"fr-FR\",\"@id\":\"https:\\\/\\\/www.organisator.ch\\\/#\\\/schema\\\/logo\\\/image\\\/\",\"url\":\"https:\\\/\\\/www.organisator.ch\\\/wp-content\\\/uploads\\\/2022\\\/01\\\/Logo_Organisator_Website.png\",\"contentUrl\":\"https:\\\/\\\/www.organisator.ch\\\/wp-content\\\/uploads\\\/2022\\\/01\\\/Logo_Organisator_Website.png\",\"width\":800,\"height\":77,\"caption\":\"Organisator\"},\"image\":{\"@id\":\"https:\\\/\\\/www.organisator.ch\\\/#\\\/schema\\\/logo\\\/image\\\/\"},\"sameAs\":[\"https:\\\/\\\/www.facebook.com\\\/OrganisatorFachmagazin\",\"https:\\\/\\\/www.linkedin.com\\\/showcase\\\/organisator-das-magazin-fr-kmu\",\"https:\\\/\\\/www.xing.com\\\/news\\\/pages\\\/organisator-ch-695\",\"https:\\\/\\\/www.youtube.com\\\/channel\\\/UCGP2Sq0iWaZwT3BdIAQFYpw\"]},{\"@type\":\"Person\",\"@id\":\"https:\\\/\\\/www.organisator.ch\\\/#\\\/schema\\\/person\\\/4e51799071cd2dd1232ac003643ef5f0\",\"name\":\"galledia\",\"image\":{\"@type\":\"ImageObject\",\"inLanguage\":\"fr-FR\",\"@id\":\"https:\\\/\\\/secure.gravatar.com\\\/avatar\\\/78a7f90c01fc2bfc875782a0d4922b37cde2cf184ce347b91316d23cd7f69a36?s=96&d=mm&r=g\",\"url\":\"https:\\\/\\\/secure.gravatar.com\\\/avatar\\\/78a7f90c01fc2bfc875782a0d4922b37cde2cf184ce347b91316d23cd7f69a36?s=96&d=mm&r=g\",\"contentUrl\":\"https:\\\/\\\/secure.gravatar.com\\\/avatar\\\/78a7f90c01fc2bfc875782a0d4922b37cde2cf184ce347b91316d23cd7f69a36?s=96&d=mm&r=g\",\"caption\":\"galledia\"},\"sameAs\":[\"https:\\\/\\\/x.com\\\/admin\"],\"url\":\"https:\\\/\\\/www.organisator.ch\\\/fr\\\/author\\\/galledia\\\/\"}]}<\/script>\n<!-- \/ Yoast SEO plugin. -->","yoast_head_json":{"title":"La Banque cantonale des Grisons not\u00e9e \"AA\" en mati\u00e8re de durabilit\u00e9 - Organisateur","description":"La GKB obtient une notation de durabilit\u00e9 AA de MSCI. Apprenez-en plus sur son engagement et sa transparence.","robots":{"index":"index","follow":"follow","max-snippet":"max-snippet:-1","max-image-preview":"max-image-preview:large","max-video-preview":"max-video-preview:-1"},"canonical":"https:\/\/www.organisator.ch\/fr\/excellence-operationnelle\/2022-08-08\/graubuendner-kantonalbank-in-sachen-nachhaltigkeit-mit-aa-bewertet\/","og_locale":"fr_FR","og_type":"article","og_title":"Graub\u00fcndner Kantonalbank in Sachen Nachhaltigkeit mit \u00abAA\u00bb bewertet - Organisator","og_description":"Die GKB erh\u00e4lt ein AA-Nachhaltigkeitsrating von MSCI. Erfahren Sie mehr \u00fcber ihr Engagement und ihre Transparenz.","og_url":"https:\/\/www.organisator.ch\/fr\/excellence-operationnelle\/2022-08-08\/graubuendner-kantonalbank-in-sachen-nachhaltigkeit-mit-aa-bewertet\/","og_site_name":"Organisator","article_publisher":"https:\/\/www.facebook.com\/OrganisatorFachmagazin","article_published_time":"2022-08-08T06:32:39+00:00","article_modified_time":"2024-11-19T12:57:39+00:00","author":"galledia","twitter_card":"summary_large_image","twitter_creator":"@admin","schema":{"@context":"https:\/\/schema.org","@graph":[{"@type":"Article","@id":"https:\/\/www.organisator.ch\/operational-excellence\/2022-08-08\/graubuendner-kantonalbank-in-sachen-nachhaltigkeit-mit-aa-bewertet\/#article","isPartOf":{"@id":"https:\/\/www.organisator.ch\/operational-excellence\/2022-08-08\/graubuendner-kantonalbank-in-sachen-nachhaltigkeit-mit-aa-bewertet\/"},"author":{"name":"galledia","@id":"https:\/\/www.organisator.ch\/#\/schema\/person\/4e51799071cd2dd1232ac003643ef5f0"},"headline":"Graub\u00fcndner Kantonalbank in Sachen Nachhaltigkeit mit \u00abAA\u00bb bewertet","datePublished":"2022-08-08T06:32:39+00:00","dateModified":"2024-11-19T12:57:39+00:00","mainEntityOfPage":{"@id":"https:\/\/www.organisator.ch\/operational-excellence\/2022-08-08\/graubuendner-kantonalbank-in-sachen-nachhaltigkeit-mit-aa-bewertet\/"},"wordCount":388,"publisher":{"@id":"https:\/\/www.organisator.ch\/#organization"},"image":{"@id":"https:\/\/www.organisator.ch\/operational-excellence\/2022-08-08\/graubuendner-kantonalbank-in-sachen-nachhaltigkeit-mit-aa-bewertet\/#primaryimage"},"thumbnailUrl":"https:\/\/www.m-q.ch\/wp-content\/uploads\/2022\/08\/Graubuendner-Kantonalbank-in-Sachen-Nachhaltigkeit-mit-AA-bewertet_MQ.jpg","keywords":["GKB","Klimaschutz","MSCI","Nachhaltigkeit","Rating"],"articleSection":["OPERATIONAL EXCELLENCE"],"inLanguage":"fr-FR"},{"@type":"WebPage","@id":"https:\/\/www.organisator.ch\/operational-excellence\/2022-08-08\/graubuendner-kantonalbank-in-sachen-nachhaltigkeit-mit-aa-bewertet\/","url":"https:\/\/www.organisator.ch\/operational-excellence\/2022-08-08\/graubuendner-kantonalbank-in-sachen-nachhaltigkeit-mit-aa-bewertet\/","name":"La Banque cantonale des Grisons not\u00e9e \"AA\" en mati\u00e8re de durabilit\u00e9 - Organisateur","isPartOf":{"@id":"https:\/\/www.organisator.ch\/#website"},"primaryImageOfPage":{"@id":"https:\/\/www.organisator.ch\/operational-excellence\/2022-08-08\/graubuendner-kantonalbank-in-sachen-nachhaltigkeit-mit-aa-bewertet\/#primaryimage"},"image":{"@id":"https:\/\/www.organisator.ch\/operational-excellence\/2022-08-08\/graubuendner-kantonalbank-in-sachen-nachhaltigkeit-mit-aa-bewertet\/#primaryimage"},"thumbnailUrl":"https:\/\/www.m-q.ch\/wp-content\/uploads\/2022\/08\/Graubuendner-Kantonalbank-in-Sachen-Nachhaltigkeit-mit-AA-bewertet_MQ.jpg","datePublished":"2022-08-08T06:32:39+00:00","dateModified":"2024-11-19T12:57:39+00:00","description":"La GKB obtient une notation de durabilit\u00e9 AA de MSCI. Apprenez-en plus sur son engagement et sa transparence.","breadcrumb":{"@id":"https:\/\/www.organisator.ch\/operational-excellence\/2022-08-08\/graubuendner-kantonalbank-in-sachen-nachhaltigkeit-mit-aa-bewertet\/#breadcrumb"},"inLanguage":"fr-FR","potentialAction":[{"@type":"ReadAction","target":["https:\/\/www.organisator.ch\/operational-excellence\/2022-08-08\/graubuendner-kantonalbank-in-sachen-nachhaltigkeit-mit-aa-bewertet\/"]}]},{"@type":"ImageObject","inLanguage":"fr-FR","@id":"https:\/\/www.organisator.ch\/operational-excellence\/2022-08-08\/graubuendner-kantonalbank-in-sachen-nachhaltigkeit-mit-aa-bewertet\/#primaryimage","url":"https:\/\/www.m-q.ch\/wp-content\/uploads\/2022\/08\/Graubuendner-Kantonalbank-in-Sachen-Nachhaltigkeit-mit-AA-bewertet_MQ.jpg","contentUrl":"https:\/\/www.m-q.ch\/wp-content\/uploads\/2022\/08\/Graubuendner-Kantonalbank-in-Sachen-Nachhaltigkeit-mit-AA-bewertet_MQ.jpg"},{"@type":"BreadcrumbList","@id":"https:\/\/www.organisator.ch\/operational-excellence\/2022-08-08\/graubuendner-kantonalbank-in-sachen-nachhaltigkeit-mit-aa-bewertet\/#breadcrumb","itemListElement":[{"@type":"ListItem","position":1,"name":"Home","item":"https:\/\/www.organisator.ch\/"},{"@type":"ListItem","position":2,"name":"Graub\u00fcndner Kantonalbank in Sachen Nachhaltigkeit mit \u00abAA\u00bb bewertet"}]},{"@type":"WebSite","@id":"https:\/\/www.organisator.ch\/#website","url":"https:\/\/www.organisator.ch\/","name":"Organisateur","description":"Comp\u00e9tence et comp\u00e9tence. Proches de la pratique. L'ORGANISATEUR pr\u00e9pare 10 num\u00e9ros par an sur les th\u00e8mes essentiels pour les dirigeants de PME.","publisher":{"@id":"https:\/\/www.organisator.ch\/#organization"},"potentialAction":[{"@type":"SearchAction","target":{"@type":"EntryPoint","urlTemplate":"https:\/\/www.organisator.ch\/?s={search_term_string}"},"query-input":{"@type":"PropertyValueSpecification","valueRequired":true,"valueName":"search_term_string"}}],"inLanguage":"fr-FR"},{"@type":"Organization","@id":"https:\/\/www.organisator.ch\/#organization","name":"Organisateur","url":"https:\/\/www.organisator.ch\/","logo":{"@type":"ImageObject","inLanguage":"fr-FR","@id":"https:\/\/www.organisator.ch\/#\/schema\/logo\/image\/","url":"https:\/\/www.organisator.ch\/wp-content\/uploads\/2022\/01\/Logo_Organisator_Website.png","contentUrl":"https:\/\/www.organisator.ch\/wp-content\/uploads\/2022\/01\/Logo_Organisator_Website.png","width":800,"height":77,"caption":"Organisator"},"image":{"@id":"https:\/\/www.organisator.ch\/#\/schema\/logo\/image\/"},"sameAs":["https:\/\/www.facebook.com\/OrganisatorFachmagazin","https:\/\/www.linkedin.com\/showcase\/organisator-das-magazin-fr-kmu","https:\/\/www.xing.com\/news\/pages\/organisator-ch-695","https:\/\/www.youtube.com\/channel\/UCGP2Sq0iWaZwT3BdIAQFYpw"]},{"@type":"Person","@id":"https:\/\/www.organisator.ch\/#\/schema\/person\/4e51799071cd2dd1232ac003643ef5f0","name":"galledia","image":{"@type":"ImageObject","inLanguage":"fr-FR","@id":"https:\/\/secure.gravatar.com\/avatar\/78a7f90c01fc2bfc875782a0d4922b37cde2cf184ce347b91316d23cd7f69a36?s=96&d=mm&r=g","url":"https:\/\/secure.gravatar.com\/avatar\/78a7f90c01fc2bfc875782a0d4922b37cde2cf184ce347b91316d23cd7f69a36?s=96&d=mm&r=g","contentUrl":"https:\/\/secure.gravatar.com\/avatar\/78a7f90c01fc2bfc875782a0d4922b37cde2cf184ce347b91316d23cd7f69a36?s=96&d=mm&r=g","caption":"galledia"},"sameAs":["https:\/\/x.com\/admin"],"url":"https:\/\/www.organisator.ch\/fr\/author\/galledia\/"}]}},"_links":{"self":[{"href":"https:\/\/www.organisator.ch\/fr\/wp-json\/wp\/v2\/posts\/16372","targetHints":{"allow":["GET"]}}],"collection":[{"href":"https:\/\/www.organisator.ch\/fr\/wp-json\/wp\/v2\/posts"}],"about":[{"href":"https:\/\/www.organisator.ch\/fr\/wp-json\/wp\/v2\/types\/post"}],"author":[{"embeddable":true,"href":"https:\/\/www.organisator.ch\/fr\/wp-json\/wp\/v2\/users\/8"}],"replies":[{"embeddable":true,"href":"https:\/\/www.organisator.ch\/fr\/wp-json\/wp\/v2\/comments?post=16372"}],"version-history":[{"count":3,"href":"https:\/\/www.organisator.ch\/fr\/wp-json\/wp\/v2\/posts\/16372\/revisions"}],"predecessor-version":[{"id":33530,"href":"https:\/\/www.organisator.ch\/fr\/wp-json\/wp\/v2\/posts\/16372\/revisions\/33530"}],"wp:attachment":[{"href":"https:\/\/www.organisator.ch\/fr\/wp-json\/wp\/v2\/media?parent=16372"}],"wp:term":[{"taxonomy":"category","embeddable":true,"href":"https:\/\/www.organisator.ch\/fr\/wp-json\/wp\/v2\/categories?post=16372"},{"taxonomy":"post_tag","embeddable":true,"href":"https:\/\/www.organisator.ch\/fr\/wp-json\/wp\/v2\/tags?post=16372"}],"curies":[{"name":"wp","href":"https:\/\/api.w.org\/{rel}","templated":true}]}}