{"id":16379,"date":"2022-08-08T16:08:17","date_gmt":"2022-08-08T14:08:17","guid":{"rendered":"https:\/\/www.werbewoche.ch\/?p=184022"},"modified":"2024-11-19T13:58:46","modified_gmt":"2024-11-19T12:58:46","slug":"link-erneuert-logo-und-erweitert-angebot","status":"publish","type":"post","link":"https:\/\/www.organisator.ch\/fr\/marketing\/2022-08-08\/link-erneuert-logo-und-erweitert-angebot\/","title":{"rendered":"Link renouvelle son logo et \u00e9largit son offre"},"content":{"rendered":"<p><img class=\"alignnone wp-image-184027 size-full\" src=\"https:\/\/www.werbewoche.ch\/wp-content\/uploads\/2022\/08\/Header-Logo-uai-1116x628-1.png\" sizes=\"(max-width: 1116px) 100vw, 1116px\" srcset=\"https:\/\/www.werbewoche.ch\/wp-content\/uploads\/2022\/08\/Header-Logo-uai-1116x628-1.png 1116w, https:\/\/www.werbewoche.ch\/wp-content\/uploads\/2022\/08\/Header-Logo-uai-1116x628-1-600x338.png 600w, https:\/\/www.werbewoche.ch\/wp-content\/uploads\/2022\/08\/Header-Logo-uai-1116x628-1-1024x576.png 1024w, https:\/\/www.werbewoche.ch\/wp-content\/uploads\/2022\/08\/Header-Logo-uai-1116x628-1-768x432.png 768w, https:\/\/www.werbewoche.ch\/wp-content\/uploads\/2022\/08\/Header-Logo-uai-1116x628-1-18x10.png 18w, https:\/\/www.werbewoche.ch\/wp-content\/uploads\/2022\/08\/Header-Logo-uai-1116x628-1-311x175.png 311w, https:\/\/www.werbewoche.ch\/wp-content\/uploads\/2022\/08\/Header-Logo-uai-1116x628-1-622x350.png 622w, https:\/\/www.werbewoche.ch\/wp-content\/uploads\/2022\/08\/Header-Logo-uai-1116x628-1-920x518.png 920w, https:\/\/www.werbewoche.ch\/wp-content\/uploads\/2022\/08\/Header-Logo-uai-1116x628-1-300x169.png 300w\" alt=\"Produits de donn\u00e9es YouGov LINK\" width=\"1116\" height=\"628\" \/><\/p>\r\n<p>En tant que membre de YouGov, LINK offre depuis peu \u00e0 ses clients l'acc\u00e8s \u00e0 des produits de donn\u00e9es leaders dans le monde ainsi qu'\u00e0 des pools d'enqu\u00eates repr\u00e9sentatifs au niveau international. En plus de la connexion directe aux produits \"YouGov Profiles\", \"BrandIndex\" ainsi que \"Global Profiles\", elle permet ainsi un acc\u00e8s direct au panel YouGov avec plus de 20 millions de membres de panel dans le monde entier.<\/p>\r\n<p>Link souhaite ainsi conseiller sa client\u00e8le de mani\u00e8re encore plus cibl\u00e9e. En plus de ces nouvelles options, Link propose toujours une large palette de services - par exemple, le panel Link continue d'\u00eatre g\u00e9r\u00e9 ind\u00e9pendamment du panel YouGov en tant que seul panel en ligne de Suisse recrut\u00e9 activement par t\u00e9l\u00e9phone et continue de fournir le pool d'enqu\u00eates le plus important et le plus qualitatif du pays.<\/p>\r\n<p>Malgr\u00e9 la num\u00e9risation continue, il existe, selon le communiqu\u00e9 de Link, des questions auxquelles il n'est possible de r\u00e9pondre de mani\u00e8re fiable que par une communication verbale entre personnes. C'est pourquoi d'autres possibilit\u00e9s d'enqu\u00eate telles que les entretiens t\u00e9l\u00e9phoniques, les entretiens qualitatifs, les discussions de groupe ou les enqu\u00eates en face \u00e0 face continueront bien entendu \u00e0 \u00eatre men\u00e9es.<\/p>\r\n<figure id=\"attachment_184026\" class=\"wp-caption alignnone\" style=\"width: 617px;\" aria-describedby=\"caption-attachment-184026\"><img class=\"wp-image-184026 size-full\" src=\"https:\/\/www.werbewoche.ch\/wp-content\/uploads\/2022\/08\/Benedikt-Lthi-361268-detailnp-1.jpg\" sizes=\"(max-width: 617px) 100vw, 617px\" srcset=\"https:\/\/www.werbewoche.ch\/wp-content\/uploads\/2022\/08\/Benedikt-Lthi-361268-detailnp-1.jpg 617w, https:\/\/www.werbewoche.ch\/wp-content\/uploads\/2022\/08\/Benedikt-Lthi-361268-detailnp-1-600x337.jpg 600w, https:\/\/www.werbewoche.ch\/wp-content\/uploads\/2022\/08\/Benedikt-Lthi-361268-detailnp-1-18x10.jpg 18w, https:\/\/www.werbewoche.ch\/wp-content\/uploads\/2022\/08\/Benedikt-Lthi-361268-detailnp-1-311x175.jpg 311w, https:\/\/www.werbewoche.ch\/wp-content\/uploads\/2022\/08\/Benedikt-Lthi-361268-detailnp-1-300x169.jpg 300w\" alt=\"\" width=\"617\" height=\"347\" \/>\r\n<figcaption id=\"caption-attachment-184026\" class=\"wp-caption-text\">Le CEO de Link, Benedikt L\u00fcthi<\/figcaption>\r\n<\/figure>\r\n<p>Le logo adapt\u00e9 de Link, utilis\u00e9 d\u00e8s \u00e0 pr\u00e9sent dans le cadre de la pr\u00e9sentation de la marque, doit exprimer de mani\u00e8re appropri\u00e9e ce positionnement et l'offre \u00e9largie. Benedikt L\u00fcthi, CEO Link et General Manager YouGov DACH, explique : \"Notre nouvelle image souligne non seulement notre appartenance \u00e0 YouGov ainsi que la qualit\u00e9 reconnue de Link, mais aussi la r\u00e9alit\u00e9 selon laquelle les \u00e9quipes YouGov et Link travaillent d\u00e9j\u00e0 ensemble pour nos clientes et clients\".<\/p>","protected":false},"excerpt":{"rendered":"<p>Als Teil von YouGov bietet die LINK ihren Kundinnen und Kunden seit kurzem Zugriff auf weltweit f\u00fchrende Datenprodukte sowie international repr\u00e4sentative Befragungspools. Nebst direktem Anschluss an die Produkte \u00abYouGov Profiles\u00bb, \u00abBrandIndex\u00bb sowie \u00abGlobal Profiles\u00bb erm\u00f6glicht sie so direkten Zugang zum YouGov Panel mit mehr als 20 Millionen Panelmitgliedern weltweit. Damit will Link die Kundschaft noch [\u2026]<\/p>\n","protected":false},"author":8,"featured_media":0,"comment_status":"closed","ping_status":"closed","sticky":false,"template":"","format":"standard","meta":{"_acf_changed":false,"_yoast_wpseo_focuskw":"YouGov LINK Datenprodukte","_yoast_wpseo_metadesc":"LINK bietet Zugang zu YouGov-Datenprodukten und repr\u00e4sentativen Befragungspools. Erfahren Sie mehr \u00fcber die erweiterten Dienstleistungen.","articlekey":"","footnotes":""},"categories":[29],"tags":[795,4771,150,2623,3319],"class_list":["post-16379","post","type-post","status-publish","format-standard","hentry","category-marketing","tag-befragung","tag-datenprodukte","tag-dienstleistungen","tag-link","tag-yougov"],"acf":[],"yoast_head":"<!-- This site is optimized with the Yoast SEO plugin v27.4 - https:\/\/yoast.com\/product\/yoast-seo-wordpress\/ -->\n<title>Link erneuert Logo und erweitert Angebot - Organisator<\/title>\n<meta name=\"description\" content=\"LINK bietet Zugang zu YouGov-Datenprodukten und repr\u00e4sentativen Befragungspools. Erfahren Sie mehr \u00fcber die erweiterten Dienstleistungen.\" \/>\n<meta name=\"robots\" content=\"index, follow, max-snippet:-1, max-image-preview:large, max-video-preview:-1\" \/>\n<link rel=\"canonical\" href=\"https:\/\/www.organisator.ch\/fr\/marketing\/2022-08-08\/link-erneuert-logo-und-erweitert-angebot\/\" \/>\n<meta property=\"og:locale\" content=\"fr_FR\" \/>\n<meta property=\"og:type\" content=\"article\" \/>\n<meta property=\"og:title\" content=\"Link erneuert Logo und erweitert Angebot - Organisator\" \/>\n<meta property=\"og:description\" content=\"LINK bietet Zugang zu YouGov-Datenprodukten und repr\u00e4sentativen Befragungspools. Erfahren Sie mehr \u00fcber die erweiterten Dienstleistungen.\" \/>\n<meta property=\"og:url\" content=\"https:\/\/www.organisator.ch\/fr\/marketing\/2022-08-08\/link-erneuert-logo-und-erweitert-angebot\/\" \/>\n<meta property=\"og:site_name\" content=\"Organisator\" \/>\n<meta property=\"article:publisher\" content=\"https:\/\/www.facebook.com\/OrganisatorFachmagazin\" \/>\n<meta property=\"article:published_time\" content=\"2022-08-08T14:08:17+00:00\" \/>\n<meta property=\"article:modified_time\" content=\"2024-11-19T12:58:46+00:00\" \/>\n<meta name=\"author\" content=\"galledia\" \/>\n<meta name=\"twitter:card\" content=\"summary_large_image\" \/>\n<meta name=\"twitter:creator\" content=\"@admin\" \/>\n<script type=\"application\/ld+json\" class=\"yoast-schema-graph\">{\"@context\":\"https:\\\/\\\/schema.org\",\"@graph\":[{\"@type\":\"Article\",\"@id\":\"https:\\\/\\\/www.organisator.ch\\\/marketing\\\/2022-08-08\\\/link-erneuert-logo-und-erweitert-angebot\\\/#article\",\"isPartOf\":{\"@id\":\"https:\\\/\\\/www.organisator.ch\\\/marketing\\\/2022-08-08\\\/link-erneuert-logo-und-erweitert-angebot\\\/\"},\"author\":{\"name\":\"galledia\",\"@id\":\"https:\\\/\\\/www.organisator.ch\\\/#\\\/schema\\\/person\\\/4e51799071cd2dd1232ac003643ef5f0\"},\"headline\":\"Link erneuert Logo und erweitert Angebot\",\"datePublished\":\"2022-08-08T14:08:17+00:00\",\"dateModified\":\"2024-11-19T12:58:46+00:00\",\"mainEntityOfPage\":{\"@id\":\"https:\\\/\\\/www.organisator.ch\\\/marketing\\\/2022-08-08\\\/link-erneuert-logo-und-erweitert-angebot\\\/\"},\"wordCount\":239,\"publisher\":{\"@id\":\"https:\\\/\\\/www.organisator.ch\\\/#organization\"},\"image\":{\"@id\":\"https:\\\/\\\/www.organisator.ch\\\/marketing\\\/2022-08-08\\\/link-erneuert-logo-und-erweitert-angebot\\\/#primaryimage\"},\"thumbnailUrl\":\"https:\\\/\\\/www.werbewoche.ch\\\/wp-content\\\/uploads\\\/2022\\\/08\\\/Header-Logo-uai-1116x628-1.png\",\"keywords\":[\"Befragung\",\"Datenprodukte\",\"Dienstleistungen\",\"Link\",\"Yougov\"],\"articleSection\":[\"MARKETING\"],\"inLanguage\":\"fr-FR\"},{\"@type\":\"WebPage\",\"@id\":\"https:\\\/\\\/www.organisator.ch\\\/marketing\\\/2022-08-08\\\/link-erneuert-logo-und-erweitert-angebot\\\/\",\"url\":\"https:\\\/\\\/www.organisator.ch\\\/marketing\\\/2022-08-08\\\/link-erneuert-logo-und-erweitert-angebot\\\/\",\"name\":\"Link erneuert Logo und erweitert Angebot - Organisator\",\"isPartOf\":{\"@id\":\"https:\\\/\\\/www.organisator.ch\\\/#website\"},\"primaryImageOfPage\":{\"@id\":\"https:\\\/\\\/www.organisator.ch\\\/marketing\\\/2022-08-08\\\/link-erneuert-logo-und-erweitert-angebot\\\/#primaryimage\"},\"image\":{\"@id\":\"https:\\\/\\\/www.organisator.ch\\\/marketing\\\/2022-08-08\\\/link-erneuert-logo-und-erweitert-angebot\\\/#primaryimage\"},\"thumbnailUrl\":\"https:\\\/\\\/www.werbewoche.ch\\\/wp-content\\\/uploads\\\/2022\\\/08\\\/Header-Logo-uai-1116x628-1.png\",\"datePublished\":\"2022-08-08T14:08:17+00:00\",\"dateModified\":\"2024-11-19T12:58:46+00:00\",\"description\":\"LINK bietet Zugang zu YouGov-Datenprodukten und repr\u00e4sentativen Befragungspools. Erfahren Sie mehr \u00fcber die erweiterten Dienstleistungen.\",\"breadcrumb\":{\"@id\":\"https:\\\/\\\/www.organisator.ch\\\/marketing\\\/2022-08-08\\\/link-erneuert-logo-und-erweitert-angebot\\\/#breadcrumb\"},\"inLanguage\":\"fr-FR\",\"potentialAction\":[{\"@type\":\"ReadAction\",\"target\":[\"https:\\\/\\\/www.organisator.ch\\\/marketing\\\/2022-08-08\\\/link-erneuert-logo-und-erweitert-angebot\\\/\"]}]},{\"@type\":\"ImageObject\",\"inLanguage\":\"fr-FR\",\"@id\":\"https:\\\/\\\/www.organisator.ch\\\/marketing\\\/2022-08-08\\\/link-erneuert-logo-und-erweitert-angebot\\\/#primaryimage\",\"url\":\"https:\\\/\\\/www.werbewoche.ch\\\/wp-content\\\/uploads\\\/2022\\\/08\\\/Header-Logo-uai-1116x628-1.png\",\"contentUrl\":\"https:\\\/\\\/www.werbewoche.ch\\\/wp-content\\\/uploads\\\/2022\\\/08\\\/Header-Logo-uai-1116x628-1.png\"},{\"@type\":\"BreadcrumbList\",\"@id\":\"https:\\\/\\\/www.organisator.ch\\\/marketing\\\/2022-08-08\\\/link-erneuert-logo-und-erweitert-angebot\\\/#breadcrumb\",\"itemListElement\":[{\"@type\":\"ListItem\",\"position\":1,\"name\":\"Home\",\"item\":\"https:\\\/\\\/www.organisator.ch\\\/\"},{\"@type\":\"ListItem\",\"position\":2,\"name\":\"Link erneuert Logo und erweitert Angebot\"}]},{\"@type\":\"WebSite\",\"@id\":\"https:\\\/\\\/www.organisator.ch\\\/#website\",\"url\":\"https:\\\/\\\/www.organisator.ch\\\/\",\"name\":\"Organisator\",\"description\":\"Kompetent. Praxisnah. Der ORGANISATOR bereitet in 10 Ausgaben pro Jahr die wesentlichen Themen f\u00fcr F\u00fchrungskr\u00e4fte von KMU auf.\",\"publisher\":{\"@id\":\"https:\\\/\\\/www.organisator.ch\\\/#organization\"},\"potentialAction\":[{\"@type\":\"SearchAction\",\"target\":{\"@type\":\"EntryPoint\",\"urlTemplate\":\"https:\\\/\\\/www.organisator.ch\\\/?s={search_term_string}\"},\"query-input\":{\"@type\":\"PropertyValueSpecification\",\"valueRequired\":true,\"valueName\":\"search_term_string\"}}],\"inLanguage\":\"fr-FR\"},{\"@type\":\"Organization\",\"@id\":\"https:\\\/\\\/www.organisator.ch\\\/#organization\",\"name\":\"Organisator\",\"url\":\"https:\\\/\\\/www.organisator.ch\\\/\",\"logo\":{\"@type\":\"ImageObject\",\"inLanguage\":\"fr-FR\",\"@id\":\"https:\\\/\\\/www.organisator.ch\\\/#\\\/schema\\\/logo\\\/image\\\/\",\"url\":\"https:\\\/\\\/www.organisator.ch\\\/wp-content\\\/uploads\\\/2022\\\/01\\\/Logo_Organisator_Website.png\",\"contentUrl\":\"https:\\\/\\\/www.organisator.ch\\\/wp-content\\\/uploads\\\/2022\\\/01\\\/Logo_Organisator_Website.png\",\"width\":800,\"height\":77,\"caption\":\"Organisator\"},\"image\":{\"@id\":\"https:\\\/\\\/www.organisator.ch\\\/#\\\/schema\\\/logo\\\/image\\\/\"},\"sameAs\":[\"https:\\\/\\\/www.facebook.com\\\/OrganisatorFachmagazin\",\"https:\\\/\\\/www.linkedin.com\\\/showcase\\\/organisator-das-magazin-fr-kmu\",\"https:\\\/\\\/www.xing.com\\\/news\\\/pages\\\/organisator-ch-695\",\"https:\\\/\\\/www.youtube.com\\\/channel\\\/UCGP2Sq0iWaZwT3BdIAQFYpw\"]},{\"@type\":\"Person\",\"@id\":\"https:\\\/\\\/www.organisator.ch\\\/#\\\/schema\\\/person\\\/4e51799071cd2dd1232ac003643ef5f0\",\"name\":\"galledia\",\"image\":{\"@type\":\"ImageObject\",\"inLanguage\":\"fr-FR\",\"@id\":\"https:\\\/\\\/secure.gravatar.com\\\/avatar\\\/78a7f90c01fc2bfc875782a0d4922b37cde2cf184ce347b91316d23cd7f69a36?s=96&d=mm&r=g\",\"url\":\"https:\\\/\\\/secure.gravatar.com\\\/avatar\\\/78a7f90c01fc2bfc875782a0d4922b37cde2cf184ce347b91316d23cd7f69a36?s=96&d=mm&r=g\",\"contentUrl\":\"https:\\\/\\\/secure.gravatar.com\\\/avatar\\\/78a7f90c01fc2bfc875782a0d4922b37cde2cf184ce347b91316d23cd7f69a36?s=96&d=mm&r=g\",\"caption\":\"galledia\"},\"sameAs\":[\"https:\\\/\\\/x.com\\\/admin\"],\"url\":\"https:\\\/\\\/www.organisator.ch\\\/fr\\\/author\\\/galledia\\\/\"}]}<\/script>\n<!-- \/ Yoast SEO plugin. -->","yoast_head_json":{"title":"Link renouvelle son logo et \u00e9largit son offre - Organisateur","description":"LINK donne acc\u00e8s aux produits de donn\u00e9es YouGov et aux pools d'enqu\u00eates repr\u00e9sentatifs. En savoir plus sur les services avanc\u00e9s.","robots":{"index":"index","follow":"follow","max-snippet":"max-snippet:-1","max-image-preview":"max-image-preview:large","max-video-preview":"max-video-preview:-1"},"canonical":"https:\/\/www.organisator.ch\/fr\/marketing\/2022-08-08\/link-erneuert-logo-und-erweitert-angebot\/","og_locale":"fr_FR","og_type":"article","og_title":"Link erneuert Logo und erweitert Angebot - Organisator","og_description":"LINK bietet Zugang zu YouGov-Datenprodukten und repr\u00e4sentativen Befragungspools. Erfahren Sie mehr \u00fcber die erweiterten Dienstleistungen.","og_url":"https:\/\/www.organisator.ch\/fr\/marketing\/2022-08-08\/link-erneuert-logo-und-erweitert-angebot\/","og_site_name":"Organisator","article_publisher":"https:\/\/www.facebook.com\/OrganisatorFachmagazin","article_published_time":"2022-08-08T14:08:17+00:00","article_modified_time":"2024-11-19T12:58:46+00:00","author":"galledia","twitter_card":"summary_large_image","twitter_creator":"@admin","schema":{"@context":"https:\/\/schema.org","@graph":[{"@type":"Article","@id":"https:\/\/www.organisator.ch\/marketing\/2022-08-08\/link-erneuert-logo-und-erweitert-angebot\/#article","isPartOf":{"@id":"https:\/\/www.organisator.ch\/marketing\/2022-08-08\/link-erneuert-logo-und-erweitert-angebot\/"},"author":{"name":"galledia","@id":"https:\/\/www.organisator.ch\/#\/schema\/person\/4e51799071cd2dd1232ac003643ef5f0"},"headline":"Link erneuert Logo und erweitert Angebot","datePublished":"2022-08-08T14:08:17+00:00","dateModified":"2024-11-19T12:58:46+00:00","mainEntityOfPage":{"@id":"https:\/\/www.organisator.ch\/marketing\/2022-08-08\/link-erneuert-logo-und-erweitert-angebot\/"},"wordCount":239,"publisher":{"@id":"https:\/\/www.organisator.ch\/#organization"},"image":{"@id":"https:\/\/www.organisator.ch\/marketing\/2022-08-08\/link-erneuert-logo-und-erweitert-angebot\/#primaryimage"},"thumbnailUrl":"https:\/\/www.werbewoche.ch\/wp-content\/uploads\/2022\/08\/Header-Logo-uai-1116x628-1.png","keywords":["Befragung","Datenprodukte","Dienstleistungen","Link","Yougov"],"articleSection":["MARKETING"],"inLanguage":"fr-FR"},{"@type":"WebPage","@id":"https:\/\/www.organisator.ch\/marketing\/2022-08-08\/link-erneuert-logo-und-erweitert-angebot\/","url":"https:\/\/www.organisator.ch\/marketing\/2022-08-08\/link-erneuert-logo-und-erweitert-angebot\/","name":"Link renouvelle son logo et \u00e9largit son offre - Organisateur","isPartOf":{"@id":"https:\/\/www.organisator.ch\/#website"},"primaryImageOfPage":{"@id":"https:\/\/www.organisator.ch\/marketing\/2022-08-08\/link-erneuert-logo-und-erweitert-angebot\/#primaryimage"},"image":{"@id":"https:\/\/www.organisator.ch\/marketing\/2022-08-08\/link-erneuert-logo-und-erweitert-angebot\/#primaryimage"},"thumbnailUrl":"https:\/\/www.werbewoche.ch\/wp-content\/uploads\/2022\/08\/Header-Logo-uai-1116x628-1.png","datePublished":"2022-08-08T14:08:17+00:00","dateModified":"2024-11-19T12:58:46+00:00","description":"LINK donne acc\u00e8s aux produits de donn\u00e9es YouGov et aux pools d'enqu\u00eates repr\u00e9sentatifs. En savoir plus sur les services avanc\u00e9s.","breadcrumb":{"@id":"https:\/\/www.organisator.ch\/marketing\/2022-08-08\/link-erneuert-logo-und-erweitert-angebot\/#breadcrumb"},"inLanguage":"fr-FR","potentialAction":[{"@type":"ReadAction","target":["https:\/\/www.organisator.ch\/marketing\/2022-08-08\/link-erneuert-logo-und-erweitert-angebot\/"]}]},{"@type":"ImageObject","inLanguage":"fr-FR","@id":"https:\/\/www.organisator.ch\/marketing\/2022-08-08\/link-erneuert-logo-und-erweitert-angebot\/#primaryimage","url":"https:\/\/www.werbewoche.ch\/wp-content\/uploads\/2022\/08\/Header-Logo-uai-1116x628-1.png","contentUrl":"https:\/\/www.werbewoche.ch\/wp-content\/uploads\/2022\/08\/Header-Logo-uai-1116x628-1.png"},{"@type":"BreadcrumbList","@id":"https:\/\/www.organisator.ch\/marketing\/2022-08-08\/link-erneuert-logo-und-erweitert-angebot\/#breadcrumb","itemListElement":[{"@type":"ListItem","position":1,"name":"Home","item":"https:\/\/www.organisator.ch\/"},{"@type":"ListItem","position":2,"name":"Link erneuert Logo und erweitert Angebot"}]},{"@type":"WebSite","@id":"https:\/\/www.organisator.ch\/#website","url":"https:\/\/www.organisator.ch\/","name":"Organisateur","description":"Comp\u00e9tence et comp\u00e9tence. Proches de la pratique. L'ORGANISATEUR pr\u00e9pare 10 num\u00e9ros par an sur les th\u00e8mes essentiels pour les dirigeants de PME.","publisher":{"@id":"https:\/\/www.organisator.ch\/#organization"},"potentialAction":[{"@type":"SearchAction","target":{"@type":"EntryPoint","urlTemplate":"https:\/\/www.organisator.ch\/?s={search_term_string}"},"query-input":{"@type":"PropertyValueSpecification","valueRequired":true,"valueName":"search_term_string"}}],"inLanguage":"fr-FR"},{"@type":"Organization","@id":"https:\/\/www.organisator.ch\/#organization","name":"Organisateur","url":"https:\/\/www.organisator.ch\/","logo":{"@type":"ImageObject","inLanguage":"fr-FR","@id":"https:\/\/www.organisator.ch\/#\/schema\/logo\/image\/","url":"https:\/\/www.organisator.ch\/wp-content\/uploads\/2022\/01\/Logo_Organisator_Website.png","contentUrl":"https:\/\/www.organisator.ch\/wp-content\/uploads\/2022\/01\/Logo_Organisator_Website.png","width":800,"height":77,"caption":"Organisator"},"image":{"@id":"https:\/\/www.organisator.ch\/#\/schema\/logo\/image\/"},"sameAs":["https:\/\/www.facebook.com\/OrganisatorFachmagazin","https:\/\/www.linkedin.com\/showcase\/organisator-das-magazin-fr-kmu","https:\/\/www.xing.com\/news\/pages\/organisator-ch-695","https:\/\/www.youtube.com\/channel\/UCGP2Sq0iWaZwT3BdIAQFYpw"]},{"@type":"Person","@id":"https:\/\/www.organisator.ch\/#\/schema\/person\/4e51799071cd2dd1232ac003643ef5f0","name":"galledia","image":{"@type":"ImageObject","inLanguage":"fr-FR","@id":"https:\/\/secure.gravatar.com\/avatar\/78a7f90c01fc2bfc875782a0d4922b37cde2cf184ce347b91316d23cd7f69a36?s=96&d=mm&r=g","url":"https:\/\/secure.gravatar.com\/avatar\/78a7f90c01fc2bfc875782a0d4922b37cde2cf184ce347b91316d23cd7f69a36?s=96&d=mm&r=g","contentUrl":"https:\/\/secure.gravatar.com\/avatar\/78a7f90c01fc2bfc875782a0d4922b37cde2cf184ce347b91316d23cd7f69a36?s=96&d=mm&r=g","caption":"galledia"},"sameAs":["https:\/\/x.com\/admin"],"url":"https:\/\/www.organisator.ch\/fr\/author\/galledia\/"}]}},"_links":{"self":[{"href":"https:\/\/www.organisator.ch\/fr\/wp-json\/wp\/v2\/posts\/16379","targetHints":{"allow":["GET"]}}],"collection":[{"href":"https:\/\/www.organisator.ch\/fr\/wp-json\/wp\/v2\/posts"}],"about":[{"href":"https:\/\/www.organisator.ch\/fr\/wp-json\/wp\/v2\/types\/post"}],"author":[{"embeddable":true,"href":"https:\/\/www.organisator.ch\/fr\/wp-json\/wp\/v2\/users\/8"}],"replies":[{"embeddable":true,"href":"https:\/\/www.organisator.ch\/fr\/wp-json\/wp\/v2\/comments?post=16379"}],"version-history":[{"count":3,"href":"https:\/\/www.organisator.ch\/fr\/wp-json\/wp\/v2\/posts\/16379\/revisions"}],"predecessor-version":[{"id":33532,"href":"https:\/\/www.organisator.ch\/fr\/wp-json\/wp\/v2\/posts\/16379\/revisions\/33532"}],"wp:attachment":[{"href":"https:\/\/www.organisator.ch\/fr\/wp-json\/wp\/v2\/media?parent=16379"}],"wp:term":[{"taxonomy":"category","embeddable":true,"href":"https:\/\/www.organisator.ch\/fr\/wp-json\/wp\/v2\/categories?post=16379"},{"taxonomy":"post_tag","embeddable":true,"href":"https:\/\/www.organisator.ch\/fr\/wp-json\/wp\/v2\/tags?post=16379"}],"curies":[{"name":"wp","href":"https:\/\/api.w.org\/{rel}","templated":true}]}}