{"id":16384,"date":"2022-08-09T11:38:19","date_gmt":"2022-08-09T09:38:19","guid":{"rendered":"https:\/\/www.organisator.ch\/?p=16384"},"modified":"2022-08-09T11:38:19","modified_gmt":"2022-08-09T09:38:19","slug":"schweizerischer-baumeisterverband-zwei-neue-geschaeftsleitungsmitglieder","status":"publish","type":"post","link":"https:\/\/www.organisator.ch\/fr\/management\/2022-08-09\/schweizerischer-baumeisterverband-zwei-neue-geschaeftsleitungsmitglieder\/","title":{"rendered":"Soci\u00e9t\u00e9 Suisse des Entrepreneurs : Deux nouveaux membres \u00e0 la direction"},"content":{"rendered":"<figure id=\"attachment_16385\" aria-describedby=\"caption-attachment-16385\" style=\"width: 680px\" class=\"wp-caption alignnone\"><img loading=\"lazy\" decoding=\"async\" class=\"size-full wp-image-16385\" src=\"https:\/\/www.organisator.ch\/wp-content\/uploads\/2022\/08\/Schweizerischer-Baumeisterverband-Zwei-neue-Geschaftsleitungsmitglieder_Organisator.jpg\" alt=\"\" width=\"680\" height=\"408\" srcset=\"https:\/\/www.organisator.ch\/wp-content\/uploads\/2022\/08\/Schweizerischer-Baumeisterverband-Zwei-neue-Geschaftsleitungsmitglieder_Organisator.jpg 680w, https:\/\/www.organisator.ch\/wp-content\/uploads\/2022\/08\/Schweizerischer-Baumeisterverband-Zwei-neue-Geschaftsleitungsmitglieder_Organisator-18x12.jpg 18w, https:\/\/www.organisator.ch\/wp-content\/uploads\/2022\/08\/Schweizerischer-Baumeisterverband-Zwei-neue-Geschaftsleitungsmitglieder_Organisator-292x175.jpg 292w, https:\/\/www.organisator.ch\/wp-content\/uploads\/2022\/08\/Schweizerischer-Baumeisterverband-Zwei-neue-Geschaftsleitungsmitglieder_Organisator-583x350.jpg 583w, https:\/\/www.organisator.ch\/wp-content\/uploads\/2022\/08\/Schweizerischer-Baumeisterverband-Zwei-neue-Geschaftsleitungsmitglieder_Organisator-300x180.jpg 300w\" sizes=\"auto, (max-width: 680px) 100vw, 680px\" \/><figcaption id=\"caption-attachment-16385\" class=\"wp-caption-text\">Marcel Sennhauser, responsable politique et communication de la Soci\u00e9t\u00e9 Suisse des Entrepreneurs, et Marisa Lienberger, responsable des finances et de l'informatique. (Images : obs\/SBV Soci\u00e9t\u00e9 Suisse des Entrepreneurs)<\/figcaption><\/figure>\n<p>Marcel Sennhauser prend la direction du d\u00e9partement Politique et communication de la Soci\u00e9t\u00e9 Suisse des Entrepreneurs. L'ing\u00e9nieur ETS de 53 ans, qui a suivi des formations continues \u00e0 la HSG de Saint-Gall et \u00e0 l'Universit\u00e9 Columbia de New York, a pris pleinement ses fonctions de membre de la direction le 1er ao\u00fbt 2022, la phase d'initiation intensive ayant eu lieu d\u00e8s la fin juin. En dernier lieu, Marcel Sennhauser a occup\u00e9 pendant douze ans le poste de responsable du secteur Communication et affaires publiques ainsi que celui de directeur adjoint de l'association chimique et pharmaceutique scienceindustries ; \u00e0 partir de 2018, il a \u00e9galement exerc\u00e9 la fonction de responsable du secteur Formation, recherche et innovation. Parmi ses pr\u00e9c\u00e9dentes exp\u00e9riences professionnelles, on peut citer l'entreprise de m\u00e9dias Tamedia AG, au sein de laquelle il a largement contribu\u00e9 \u00e0 fa\u00e7onner le journalisme en ligne dans sa phase pionni\u00e8re et a \u00e9galement donn\u00e9 des impulsions d\u00e9cisives lors de l'introduction de la publicit\u00e9 en ligne en Suisse, ainsi que la maison de vente aux ench\u00e8res sur Internet Ricardo, dont il \u00e9tait responsable de la communication et des activit\u00e9s de marketing.<\/p>\n<p>D\u00e8s le 1er juillet 2022, Marisa Lienberger a pris la direction du d\u00e9partement Finances et IT. Lienberger est titulaire d'un dipl\u00f4me f\u00e9d\u00e9ral d'experte en comptabilit\u00e9 et en controlling et a suivi des formations continues en Corporate Finance (MAS) et en Real Estate Management (CAS). Elle apporte une longue exp\u00e9rience en tant que Chief Financial Officer (CFO) ainsi que dans des fonctions de direction dans le domaine financier des entreprises. Au cours des neuf derni\u00e8res ann\u00e9es, Marisa Lienberger a \u00e9t\u00e9 directrice des finances et du contr\u00f4le de gestion et membre de la direction du distributeur de mat\u00e9riaux de construction Sto AG \u00e0 Niederglatt, une filiale du groupe allemand Sto. Marisa Lienberger a \u00e9galement occup\u00e9 auparavant le poste de Chief Finance &amp; Administration dans une division du fournisseur automobile Autoneum \u00e0 Winterthour, ainsi que des fonctions de direction dans le contr\u00f4le de gestion, la planification et le d\u00e9veloppement d'entreprise au sein du groupe Belimo \u00e0 Hinwil.<\/p>\n<p>La Soci\u00e9t\u00e9 Suisse des Entrepreneurs a son si\u00e8ge \u00e0 la Weinbergstrasse \u00e0 Zurich. Sa direction se compose de Bernhard Salzmann, directeur, Martin Graf, sous-directeur et responsable de la gestion d'entreprise, Marc Aurel Hunziker, sous-directeur et responsable de la formation professionnelle, Michael Kehrli, sous-directeur et responsable du service juridique, Marcel Sennhauser, sous-directeur et responsable de la politique et de la communication, et Marisa Lienberger, responsable des finances et de l'informatique.<\/p>\n<p><em><a href=\"http:\/\/www.baumeister.ch\">Source et informations compl\u00e9mentaires<\/a><\/em><\/p>","protected":false},"excerpt":{"rendered":"<p>Marcel Sennhauser \u00fcbernimmt im Schweizerischen Baumeisterverband die Leitung des Bereichs Politik und Kommunikation. Der 53-j\u00e4hrige Ingenieur HTL mit Weiterbildungen an der HSG in St.Gallen und der Columbia University in New York trat die Stelle in der Funktion eines Gesch\u00e4ftsleitungsmitglieds am 1. August 2022 in vollem Umfang an, wobei die intensive Einarbeitungsphase bereits ab Ende Juni [&hellip;]<\/p>\n","protected":false},"author":4,"featured_media":16385,"comment_status":"closed","ping_status":"closed","sticky":false,"template":"","format":"standard","meta":{"_acf_changed":false,"_yoast_wpseo_focuskw":"Baumeisterverband","_yoast_wpseo_metadesc":"Der Schweizerische Baumeisterverband SBV hat zwei neue Mitglieder in der Gesch\u00e4ftsleitung: Marcel Sennhauser und Marisa Lienberger.","articlekey":"","footnotes":""},"categories":[28],"tags":[334,381,503],"class_list":["post-16384","post","type-post","status-publish","format-standard","has-post-thumbnail","hentry","category-management","tag-management","tag-personalia","tag-verbaende"],"acf":[],"yoast_head":"<!-- This site is optimized with the Yoast SEO plugin v27.5 - https:\/\/yoast.com\/product\/yoast-seo-wordpress\/ -->\n<title>Schweizerischer Baumeisterverband: Zwei neue Gesch\u00e4ftsleitungsmitglieder - Organisator<\/title>\n<meta name=\"description\" content=\"Der Schweizerische Baumeisterverband SBV hat zwei neue Mitglieder in der Gesch\u00e4ftsleitung: Marcel Sennhauser und Marisa Lienberger.\" \/>\n<meta name=\"robots\" content=\"index, follow, max-snippet:-1, max-image-preview:large, max-video-preview:-1\" \/>\n<link rel=\"canonical\" href=\"https:\/\/www.organisator.ch\/fr\/gestion-2\/2022-08-09\/schweizerischer-baumeisterverband-zwei-neue-geschaeftsleitungsmitglieder\/\" \/>\n<meta property=\"og:locale\" content=\"fr_FR\" \/>\n<meta property=\"og:type\" content=\"article\" \/>\n<meta property=\"og:title\" content=\"Schweizerischer Baumeisterverband: Zwei neue Gesch\u00e4ftsleitungsmitglieder\" \/>\n<meta property=\"og:description\" content=\"Der Schweizerische Baumeisterverband SBV hat zwei neue Mitglieder in der Gesch\u00e4ftsleitung: Marcel Sennhauser und Marisa Lienberger.\" \/>\n<meta property=\"og:url\" content=\"https:\/\/www.organisator.ch\/fr\/gestion-2\/2022-08-09\/schweizerischer-baumeisterverband-zwei-neue-geschaeftsleitungsmitglieder\/\" \/>\n<meta property=\"og:site_name\" content=\"Organisator\" \/>\n<meta property=\"article:publisher\" content=\"https:\/\/www.facebook.com\/OrganisatorFachmagazin\" \/>\n<meta property=\"article:published_time\" content=\"2022-08-09T09:38:19+00:00\" \/>\n<meta property=\"og:image\" content=\"https:\/\/www.organisator.ch\/wp-content\/uploads\/2022\/08\/Schweizerischer-Baumeisterverband-Zwei-neue-Geschaftsleitungsmitglieder_Organisator.jpg\" \/>\n\t<meta property=\"og:image:width\" content=\"680\" \/>\n\t<meta property=\"og:image:height\" content=\"408\" \/>\n\t<meta property=\"og:image:type\" content=\"image\/jpeg\" \/>\n<meta name=\"author\" content=\"thomas.berner\" \/>\n<meta name=\"twitter:card\" content=\"summary_large_image\" \/>\n<meta name=\"twitter:title\" content=\"Schweizerischer #Baumeisterverband: Zwei neue #Gesch\u00e4ftsleitungsmitglieder\" \/>\n<meta name=\"twitter:description\" content=\"Der Schweizerische #Baumeisterverband #SBV hat zwei neue Mitglieder in der Gesch\u00e4ftsleitung: Marcel #Sennhauser und Marisa #Lienberger.\" \/>\n<meta name=\"twitter:image\" content=\"https:\/\/www.organisator.ch\/wp-content\/uploads\/2022\/08\/Schweizerischer-Baumeisterverband-Zwei-neue-Geschaftsleitungsmitglieder_Organisator.jpg\" \/>\n<script type=\"application\/ld+json\" class=\"yoast-schema-graph\">{\"@context\":\"https:\\\/\\\/schema.org\",\"@graph\":[{\"@type\":\"Article\",\"@id\":\"https:\\\/\\\/www.organisator.ch\\\/management\\\/2022-08-09\\\/schweizerischer-baumeisterverband-zwei-neue-geschaeftsleitungsmitglieder\\\/#article\",\"isPartOf\":{\"@id\":\"https:\\\/\\\/www.organisator.ch\\\/management\\\/2022-08-09\\\/schweizerischer-baumeisterverband-zwei-neue-geschaeftsleitungsmitglieder\\\/\"},\"author\":{\"name\":\"thomas.berner\",\"@id\":\"https:\\\/\\\/www.organisator.ch\\\/#\\\/schema\\\/person\\\/6f650f90b2842cd4c0cc334b4e36f67e\"},\"headline\":\"Schweizerischer Baumeisterverband: Zwei neue Gesch\u00e4ftsleitungsmitglieder\",\"datePublished\":\"2022-08-09T09:38:19+00:00\",\"mainEntityOfPage\":{\"@id\":\"https:\\\/\\\/www.organisator.ch\\\/management\\\/2022-08-09\\\/schweizerischer-baumeisterverband-zwei-neue-geschaeftsleitungsmitglieder\\\/\"},\"wordCount\":362,\"publisher\":{\"@id\":\"https:\\\/\\\/www.organisator.ch\\\/#organization\"},\"image\":{\"@id\":\"https:\\\/\\\/www.organisator.ch\\\/management\\\/2022-08-09\\\/schweizerischer-baumeisterverband-zwei-neue-geschaeftsleitungsmitglieder\\\/#primaryimage\"},\"thumbnailUrl\":\"https:\\\/\\\/www.organisator.ch\\\/wp-content\\\/uploads\\\/2022\\\/08\\\/Schweizerischer-Baumeisterverband-Zwei-neue-Geschaftsleitungsmitglieder_Organisator.jpg\",\"keywords\":[\"Management\",\"Personalia\",\"Verb\u00e4nde\"],\"articleSection\":[\"MANAGEMENT\"],\"inLanguage\":\"fr-FR\"},{\"@type\":\"WebPage\",\"@id\":\"https:\\\/\\\/www.organisator.ch\\\/management\\\/2022-08-09\\\/schweizerischer-baumeisterverband-zwei-neue-geschaeftsleitungsmitglieder\\\/\",\"url\":\"https:\\\/\\\/www.organisator.ch\\\/management\\\/2022-08-09\\\/schweizerischer-baumeisterverband-zwei-neue-geschaeftsleitungsmitglieder\\\/\",\"name\":\"Schweizerischer Baumeisterverband: Zwei neue Gesch\u00e4ftsleitungsmitglieder - Organisator\",\"isPartOf\":{\"@id\":\"https:\\\/\\\/www.organisator.ch\\\/#website\"},\"primaryImageOfPage\":{\"@id\":\"https:\\\/\\\/www.organisator.ch\\\/management\\\/2022-08-09\\\/schweizerischer-baumeisterverband-zwei-neue-geschaeftsleitungsmitglieder\\\/#primaryimage\"},\"image\":{\"@id\":\"https:\\\/\\\/www.organisator.ch\\\/management\\\/2022-08-09\\\/schweizerischer-baumeisterverband-zwei-neue-geschaeftsleitungsmitglieder\\\/#primaryimage\"},\"thumbnailUrl\":\"https:\\\/\\\/www.organisator.ch\\\/wp-content\\\/uploads\\\/2022\\\/08\\\/Schweizerischer-Baumeisterverband-Zwei-neue-Geschaftsleitungsmitglieder_Organisator.jpg\",\"datePublished\":\"2022-08-09T09:38:19+00:00\",\"description\":\"Der Schweizerische Baumeisterverband SBV hat zwei neue Mitglieder in der Gesch\u00e4ftsleitung: Marcel Sennhauser und Marisa Lienberger.\",\"breadcrumb\":{\"@id\":\"https:\\\/\\\/www.organisator.ch\\\/management\\\/2022-08-09\\\/schweizerischer-baumeisterverband-zwei-neue-geschaeftsleitungsmitglieder\\\/#breadcrumb\"},\"inLanguage\":\"fr-FR\",\"potentialAction\":[{\"@type\":\"ReadAction\",\"target\":[\"https:\\\/\\\/www.organisator.ch\\\/management\\\/2022-08-09\\\/schweizerischer-baumeisterverband-zwei-neue-geschaeftsleitungsmitglieder\\\/\"]}]},{\"@type\":\"ImageObject\",\"inLanguage\":\"fr-FR\",\"@id\":\"https:\\\/\\\/www.organisator.ch\\\/management\\\/2022-08-09\\\/schweizerischer-baumeisterverband-zwei-neue-geschaeftsleitungsmitglieder\\\/#primaryimage\",\"url\":\"https:\\\/\\\/www.organisator.ch\\\/wp-content\\\/uploads\\\/2022\\\/08\\\/Schweizerischer-Baumeisterverband-Zwei-neue-Geschaftsleitungsmitglieder_Organisator.jpg\",\"contentUrl\":\"https:\\\/\\\/www.organisator.ch\\\/wp-content\\\/uploads\\\/2022\\\/08\\\/Schweizerischer-Baumeisterverband-Zwei-neue-Geschaftsleitungsmitglieder_Organisator.jpg\",\"width\":680,\"height\":408,\"caption\":\"Marcel Sennhauser, Leiter Politik und Kommunikation des Schweizerischen Baumeisterverbands, und Marisa Lienberger, Leiterin Finanzen und IT. (Bilder: obs\\\/SBV Schweiz. Baumeisterverband)\"},{\"@type\":\"BreadcrumbList\",\"@id\":\"https:\\\/\\\/www.organisator.ch\\\/management\\\/2022-08-09\\\/schweizerischer-baumeisterverband-zwei-neue-geschaeftsleitungsmitglieder\\\/#breadcrumb\",\"itemListElement\":[{\"@type\":\"ListItem\",\"position\":1,\"name\":\"Home\",\"item\":\"https:\\\/\\\/www.organisator.ch\\\/\"},{\"@type\":\"ListItem\",\"position\":2,\"name\":\"Schweizerischer Baumeisterverband: Zwei neue Gesch\u00e4ftsleitungsmitglieder\"}]},{\"@type\":\"WebSite\",\"@id\":\"https:\\\/\\\/www.organisator.ch\\\/#website\",\"url\":\"https:\\\/\\\/www.organisator.ch\\\/\",\"name\":\"Organisator\",\"description\":\"Kompetent. Praxisnah. Der ORGANISATOR bereitet in 10 Ausgaben pro Jahr die wesentlichen Themen f\u00fcr F\u00fchrungskr\u00e4fte von KMU auf.\",\"publisher\":{\"@id\":\"https:\\\/\\\/www.organisator.ch\\\/#organization\"},\"potentialAction\":[{\"@type\":\"SearchAction\",\"target\":{\"@type\":\"EntryPoint\",\"urlTemplate\":\"https:\\\/\\\/www.organisator.ch\\\/?s={search_term_string}\"},\"query-input\":{\"@type\":\"PropertyValueSpecification\",\"valueRequired\":true,\"valueName\":\"search_term_string\"}}],\"inLanguage\":\"fr-FR\"},{\"@type\":\"Organization\",\"@id\":\"https:\\\/\\\/www.organisator.ch\\\/#organization\",\"name\":\"Organisator\",\"url\":\"https:\\\/\\\/www.organisator.ch\\\/\",\"logo\":{\"@type\":\"ImageObject\",\"inLanguage\":\"fr-FR\",\"@id\":\"https:\\\/\\\/www.organisator.ch\\\/#\\\/schema\\\/logo\\\/image\\\/\",\"url\":\"https:\\\/\\\/www.organisator.ch\\\/wp-content\\\/uploads\\\/2022\\\/01\\\/Logo_Organisator_Website.png\",\"contentUrl\":\"https:\\\/\\\/www.organisator.ch\\\/wp-content\\\/uploads\\\/2022\\\/01\\\/Logo_Organisator_Website.png\",\"width\":800,\"height\":77,\"caption\":\"Organisator\"},\"image\":{\"@id\":\"https:\\\/\\\/www.organisator.ch\\\/#\\\/schema\\\/logo\\\/image\\\/\"},\"sameAs\":[\"https:\\\/\\\/www.facebook.com\\\/OrganisatorFachmagazin\",\"https:\\\/\\\/www.linkedin.com\\\/showcase\\\/organisator-das-magazin-fr-kmu\",\"https:\\\/\\\/www.xing.com\\\/news\\\/pages\\\/organisator-ch-695\",\"https:\\\/\\\/www.youtube.com\\\/channel\\\/UCGP2Sq0iWaZwT3BdIAQFYpw\"]},{\"@type\":\"Person\",\"@id\":\"https:\\\/\\\/www.organisator.ch\\\/#\\\/schema\\\/person\\\/6f650f90b2842cd4c0cc334b4e36f67e\",\"name\":\"thomas.berner\",\"image\":{\"@type\":\"ImageObject\",\"inLanguage\":\"fr-FR\",\"@id\":\"https:\\\/\\\/secure.gravatar.com\\\/avatar\\\/ac5001d2a36cb6c6cd3e50789007ffca834b477b74a2144564522e944eabff61?s=96&d=mm&r=g\",\"url\":\"https:\\\/\\\/secure.gravatar.com\\\/avatar\\\/ac5001d2a36cb6c6cd3e50789007ffca834b477b74a2144564522e944eabff61?s=96&d=mm&r=g\",\"contentUrl\":\"https:\\\/\\\/secure.gravatar.com\\\/avatar\\\/ac5001d2a36cb6c6cd3e50789007ffca834b477b74a2144564522e944eabff61?s=96&d=mm&r=g\",\"caption\":\"thomas.berner\"},\"url\":\"https:\\\/\\\/www.organisator.ch\\\/fr\\\/author\\\/thomas-berner\\\/\"}]}<\/script>\n<!-- \/ Yoast SEO plugin. -->","yoast_head_json":{"title":"Soci\u00e9t\u00e9 Suisse des Entrepreneurs : Deux nouveaux membres de la direction - Organisateur","description":"La Soci\u00e9t\u00e9 Suisse des Entrepreneurs (SSE) compte deux nouveaux membres \u00e0 sa direction : Marcel Sennhauser et Marisa Lienberger.","robots":{"index":"index","follow":"follow","max-snippet":"max-snippet:-1","max-image-preview":"max-image-preview:large","max-video-preview":"max-video-preview:-1"},"canonical":"https:\/\/www.organisator.ch\/fr\/gestion-2\/2022-08-09\/schweizerischer-baumeisterverband-zwei-neue-geschaeftsleitungsmitglieder\/","og_locale":"fr_FR","og_type":"article","og_title":"Schweizerischer Baumeisterverband: Zwei neue Gesch\u00e4ftsleitungsmitglieder","og_description":"Der Schweizerische Baumeisterverband SBV hat zwei neue Mitglieder in der Gesch\u00e4ftsleitung: Marcel Sennhauser und Marisa Lienberger.","og_url":"https:\/\/www.organisator.ch\/fr\/gestion-2\/2022-08-09\/schweizerischer-baumeisterverband-zwei-neue-geschaeftsleitungsmitglieder\/","og_site_name":"Organisator","article_publisher":"https:\/\/www.facebook.com\/OrganisatorFachmagazin","article_published_time":"2022-08-09T09:38:19+00:00","og_image":[{"width":680,"height":408,"url":"https:\/\/www.organisator.ch\/wp-content\/uploads\/2022\/08\/Schweizerischer-Baumeisterverband-Zwei-neue-Geschaftsleitungsmitglieder_Organisator.jpg","type":"image\/jpeg"}],"author":"thomas.berner","twitter_card":"summary_large_image","twitter_title":"Schweizerischer #Baumeisterverband: Zwei neue #Gesch\u00e4ftsleitungsmitglieder","twitter_description":"Der Schweizerische #Baumeisterverband #SBV hat zwei neue Mitglieder in der Gesch\u00e4ftsleitung: Marcel #Sennhauser und Marisa #Lienberger.","twitter_image":"https:\/\/www.organisator.ch\/wp-content\/uploads\/2022\/08\/Schweizerischer-Baumeisterverband-Zwei-neue-Geschaftsleitungsmitglieder_Organisator.jpg","schema":{"@context":"https:\/\/schema.org","@graph":[{"@type":"Article","@id":"https:\/\/www.organisator.ch\/management\/2022-08-09\/schweizerischer-baumeisterverband-zwei-neue-geschaeftsleitungsmitglieder\/#article","isPartOf":{"@id":"https:\/\/www.organisator.ch\/management\/2022-08-09\/schweizerischer-baumeisterverband-zwei-neue-geschaeftsleitungsmitglieder\/"},"author":{"name":"thomas.berner","@id":"https:\/\/www.organisator.ch\/#\/schema\/person\/6f650f90b2842cd4c0cc334b4e36f67e"},"headline":"Schweizerischer Baumeisterverband: Zwei neue Gesch\u00e4ftsleitungsmitglieder","datePublished":"2022-08-09T09:38:19+00:00","mainEntityOfPage":{"@id":"https:\/\/www.organisator.ch\/management\/2022-08-09\/schweizerischer-baumeisterverband-zwei-neue-geschaeftsleitungsmitglieder\/"},"wordCount":362,"publisher":{"@id":"https:\/\/www.organisator.ch\/#organization"},"image":{"@id":"https:\/\/www.organisator.ch\/management\/2022-08-09\/schweizerischer-baumeisterverband-zwei-neue-geschaeftsleitungsmitglieder\/#primaryimage"},"thumbnailUrl":"https:\/\/www.organisator.ch\/wp-content\/uploads\/2022\/08\/Schweizerischer-Baumeisterverband-Zwei-neue-Geschaftsleitungsmitglieder_Organisator.jpg","keywords":["Management","Personalia","Verb\u00e4nde"],"articleSection":["MANAGEMENT"],"inLanguage":"fr-FR"},{"@type":"WebPage","@id":"https:\/\/www.organisator.ch\/management\/2022-08-09\/schweizerischer-baumeisterverband-zwei-neue-geschaeftsleitungsmitglieder\/","url":"https:\/\/www.organisator.ch\/management\/2022-08-09\/schweizerischer-baumeisterverband-zwei-neue-geschaeftsleitungsmitglieder\/","name":"Soci\u00e9t\u00e9 Suisse des Entrepreneurs : Deux nouveaux membres de la direction - Organisateur","isPartOf":{"@id":"https:\/\/www.organisator.ch\/#website"},"primaryImageOfPage":{"@id":"https:\/\/www.organisator.ch\/management\/2022-08-09\/schweizerischer-baumeisterverband-zwei-neue-geschaeftsleitungsmitglieder\/#primaryimage"},"image":{"@id":"https:\/\/www.organisator.ch\/management\/2022-08-09\/schweizerischer-baumeisterverband-zwei-neue-geschaeftsleitungsmitglieder\/#primaryimage"},"thumbnailUrl":"https:\/\/www.organisator.ch\/wp-content\/uploads\/2022\/08\/Schweizerischer-Baumeisterverband-Zwei-neue-Geschaftsleitungsmitglieder_Organisator.jpg","datePublished":"2022-08-09T09:38:19+00:00","description":"La Soci\u00e9t\u00e9 Suisse des Entrepreneurs (SSE) compte deux nouveaux membres \u00e0 sa direction : Marcel Sennhauser et Marisa Lienberger.","breadcrumb":{"@id":"https:\/\/www.organisator.ch\/management\/2022-08-09\/schweizerischer-baumeisterverband-zwei-neue-geschaeftsleitungsmitglieder\/#breadcrumb"},"inLanguage":"fr-FR","potentialAction":[{"@type":"ReadAction","target":["https:\/\/www.organisator.ch\/management\/2022-08-09\/schweizerischer-baumeisterverband-zwei-neue-geschaeftsleitungsmitglieder\/"]}]},{"@type":"ImageObject","inLanguage":"fr-FR","@id":"https:\/\/www.organisator.ch\/management\/2022-08-09\/schweizerischer-baumeisterverband-zwei-neue-geschaeftsleitungsmitglieder\/#primaryimage","url":"https:\/\/www.organisator.ch\/wp-content\/uploads\/2022\/08\/Schweizerischer-Baumeisterverband-Zwei-neue-Geschaftsleitungsmitglieder_Organisator.jpg","contentUrl":"https:\/\/www.organisator.ch\/wp-content\/uploads\/2022\/08\/Schweizerischer-Baumeisterverband-Zwei-neue-Geschaftsleitungsmitglieder_Organisator.jpg","width":680,"height":408,"caption":"Marcel Sennhauser, Leiter Politik und Kommunikation des Schweizerischen Baumeisterverbands, und Marisa Lienberger, Leiterin Finanzen und IT. (Bilder: obs\/SBV Schweiz. Baumeisterverband)"},{"@type":"BreadcrumbList","@id":"https:\/\/www.organisator.ch\/management\/2022-08-09\/schweizerischer-baumeisterverband-zwei-neue-geschaeftsleitungsmitglieder\/#breadcrumb","itemListElement":[{"@type":"ListItem","position":1,"name":"Home","item":"https:\/\/www.organisator.ch\/"},{"@type":"ListItem","position":2,"name":"Schweizerischer Baumeisterverband: Zwei neue Gesch\u00e4ftsleitungsmitglieder"}]},{"@type":"WebSite","@id":"https:\/\/www.organisator.ch\/#website","url":"https:\/\/www.organisator.ch\/","name":"Organisateur","description":"Comp\u00e9tence et comp\u00e9tence. Proches de la pratique. L'ORGANISATEUR pr\u00e9pare 10 num\u00e9ros par an sur les th\u00e8mes essentiels pour les dirigeants de PME.","publisher":{"@id":"https:\/\/www.organisator.ch\/#organization"},"potentialAction":[{"@type":"SearchAction","target":{"@type":"EntryPoint","urlTemplate":"https:\/\/www.organisator.ch\/?s={search_term_string}"},"query-input":{"@type":"PropertyValueSpecification","valueRequired":true,"valueName":"search_term_string"}}],"inLanguage":"fr-FR"},{"@type":"Organization","@id":"https:\/\/www.organisator.ch\/#organization","name":"Organisateur","url":"https:\/\/www.organisator.ch\/","logo":{"@type":"ImageObject","inLanguage":"fr-FR","@id":"https:\/\/www.organisator.ch\/#\/schema\/logo\/image\/","url":"https:\/\/www.organisator.ch\/wp-content\/uploads\/2022\/01\/Logo_Organisator_Website.png","contentUrl":"https:\/\/www.organisator.ch\/wp-content\/uploads\/2022\/01\/Logo_Organisator_Website.png","width":800,"height":77,"caption":"Organisator"},"image":{"@id":"https:\/\/www.organisator.ch\/#\/schema\/logo\/image\/"},"sameAs":["https:\/\/www.facebook.com\/OrganisatorFachmagazin","https:\/\/www.linkedin.com\/showcase\/organisator-das-magazin-fr-kmu","https:\/\/www.xing.com\/news\/pages\/organisator-ch-695","https:\/\/www.youtube.com\/channel\/UCGP2Sq0iWaZwT3BdIAQFYpw"]},{"@type":"Person","@id":"https:\/\/www.organisator.ch\/#\/schema\/person\/6f650f90b2842cd4c0cc334b4e36f67e","name":"thomas.berner","image":{"@type":"ImageObject","inLanguage":"fr-FR","@id":"https:\/\/secure.gravatar.com\/avatar\/ac5001d2a36cb6c6cd3e50789007ffca834b477b74a2144564522e944eabff61?s=96&d=mm&r=g","url":"https:\/\/secure.gravatar.com\/avatar\/ac5001d2a36cb6c6cd3e50789007ffca834b477b74a2144564522e944eabff61?s=96&d=mm&r=g","contentUrl":"https:\/\/secure.gravatar.com\/avatar\/ac5001d2a36cb6c6cd3e50789007ffca834b477b74a2144564522e944eabff61?s=96&d=mm&r=g","caption":"thomas.berner"},"url":"https:\/\/www.organisator.ch\/fr\/author\/thomas-berner\/"}]}},"_links":{"self":[{"href":"https:\/\/www.organisator.ch\/fr\/wp-json\/wp\/v2\/posts\/16384","targetHints":{"allow":["GET"]}}],"collection":[{"href":"https:\/\/www.organisator.ch\/fr\/wp-json\/wp\/v2\/posts"}],"about":[{"href":"https:\/\/www.organisator.ch\/fr\/wp-json\/wp\/v2\/types\/post"}],"author":[{"embeddable":true,"href":"https:\/\/www.organisator.ch\/fr\/wp-json\/wp\/v2\/users\/4"}],"replies":[{"embeddable":true,"href":"https:\/\/www.organisator.ch\/fr\/wp-json\/wp\/v2\/comments?post=16384"}],"version-history":[{"count":1,"href":"https:\/\/www.organisator.ch\/fr\/wp-json\/wp\/v2\/posts\/16384\/revisions"}],"predecessor-version":[{"id":16386,"href":"https:\/\/www.organisator.ch\/fr\/wp-json\/wp\/v2\/posts\/16384\/revisions\/16386"}],"wp:featuredmedia":[{"embeddable":true,"href":"https:\/\/www.organisator.ch\/fr\/wp-json\/wp\/v2\/media\/16385"}],"wp:attachment":[{"href":"https:\/\/www.organisator.ch\/fr\/wp-json\/wp\/v2\/media?parent=16384"}],"wp:term":[{"taxonomy":"category","embeddable":true,"href":"https:\/\/www.organisator.ch\/fr\/wp-json\/wp\/v2\/categories?post=16384"},{"taxonomy":"post_tag","embeddable":true,"href":"https:\/\/www.organisator.ch\/fr\/wp-json\/wp\/v2\/tags?post=16384"}],"curies":[{"name":"wp","href":"https:\/\/api.w.org\/{rel}","templated":true}]}}