{"id":1639,"date":"2017-03-14T08:17:40","date_gmt":"2017-03-14T07:17:40","guid":{"rendered":"https:\/\/www.organisator.ch\/?p=1639"},"modified":"2017-03-14T08:17:40","modified_gmt":"2017-03-14T07:17:40","slug":"schweizer-trauen-versicherungen-mehr-als-google-oder-facebook","status":"publish","type":"post","link":"https:\/\/www.organisator.ch\/fr\/management\/finanzen_recht\/2017-03-14\/schweizer-trauen-versicherungen-mehr-als-google-oder-facebook\/","title":{"rendered":"Les Suisses font plus confiance aux assurances qu'\u00e0 Google ou Facebook"},"content":{"rendered":"<figure id=\"attachment_1641\" aria-describedby=\"caption-attachment-1641\" style=\"width: 640px\" class=\"wp-caption alignnone\"><img loading=\"lazy\" decoding=\"async\" class=\"size-full wp-image-1641\" src=\"https:\/\/www.organisator.ch\/wp-content\/uploads\/2017\/03\/Schweizer-trauen-Versicherungen-mehr-als-Google-oder-Facebook_Organisator.png\" alt=\"\" width=\"640\" height=\"427\" srcset=\"https:\/\/www.organisator.ch\/wp-content\/uploads\/2017\/03\/Schweizer-trauen-Versicherungen-mehr-als-Google-oder-Facebook_Organisator.png 640w, https:\/\/www.organisator.ch\/wp-content\/uploads\/2017\/03\/Schweizer-trauen-Versicherungen-mehr-als-Google-oder-Facebook_Organisator-16x12.png 16w, https:\/\/www.organisator.ch\/wp-content\/uploads\/2017\/03\/Schweizer-trauen-Versicherungen-mehr-als-Google-oder-Facebook_Organisator-262x175.png 262w, https:\/\/www.organisator.ch\/wp-content\/uploads\/2017\/03\/Schweizer-trauen-Versicherungen-mehr-als-Google-oder-Facebook_Organisator-525x350.png 525w, https:\/\/www.organisator.ch\/wp-content\/uploads\/2017\/03\/Schweizer-trauen-Versicherungen-mehr-als-Google-oder-Facebook_Organisator-300x200.png 300w\" sizes=\"auto, (max-width: 640px) 100vw, 640px\" \/><figcaption id=\"caption-attachment-1641\" class=\"wp-caption-text\">Les Suisses font plus confiance aux assurances qu'\u00e0 Google ou Facebook (Image : PD)<\/figcaption><\/figure>\n<p>De plus en plus de personnes sont pr\u00eates \u00e0 mettre \u00e0 disposition de leur assurance des donn\u00e9es de comportement sp\u00e9cifiques et personnalis\u00e9es si cela leur permet de b\u00e9n\u00e9ficier de tarifs plus avantageux en tant que client. Ainsi, 66 % des Suisses pensent qu'ils donneraient \u00e0 leur assurance automobile l'acc\u00e8s \u00e0 leurs donn\u00e9es personnelles de conduite si cela permettait de r\u00e9compenser financi\u00e8rement une conduite responsable. Et 85 % des personnes interrog\u00e9es estiment qu'elles font davantage confiance aux assurances qu'\u00e0 Google ou Facebook pour traiter ces donn\u00e9es personnelles de mani\u00e8re responsable.  Ce sont l\u00e0 les principaux r\u00e9sultats d'un sondage en ligne r\u00e9alis\u00e9 par Prophet, soci\u00e9t\u00e9 de conseil en marques active dans le monde entier, sur le th\u00e8me \"Quelle importance accordez-vous \u00e0 la transparence de vos contrats d'assurance ?\", pour lequel 250 adultes ont \u00e9t\u00e9 interrog\u00e9s en Suisse en f\u00e9vrier de cette ann\u00e9e.<\/p>\n<p><strong>Les assureurs ont du mal \u00e0 se num\u00e9riser<\/strong><\/p>\n<p>Les assureurs ont toutefois encore beaucoup de mal \u00e0 prendre le virage num\u00e9rique. Ainsi, de l'avis de nombreux clients, les assurances n'ont pas encore r\u00e9ussi \u00e0 mettre en \u0153uvre de mani\u00e8re cons\u00e9quente la num\u00e9risation des activit\u00e9s d'assurance. 73 % des personnes interrog\u00e9es d\u00e9plorent la mauvaise qualit\u00e9 des sites en ligne des compagnies d'assurance. Les consommateurs pr\u00e9f\u00e8rent donc s'informer sur les tarifs et les prix du secteur sur des sites de comparaison. 55 % des Suisses se plaignent en outre de ne pas avoir une vue d'ensemble suffisante de leur couverture d'assurance personnelle.<\/p>\n<p><strong>Une grande confiance dans les assurances<\/strong><\/p>\n<p>Outre les aspects techniques, il s'agit \u00e9galement d'une transformation organisationnelle et culturelle profonde du secteur. \"Celui qui veut survivre dans le futur environnement concurrentiel doit utiliser la num\u00e9risation progressive dans l'interaction avec le client, l'int\u00e9gration des processus et l'offre de produits afin de cr\u00e9er une exp\u00e9rience client moderne et coh\u00e9rente\", \u00e9value le nouveau partenaire de Prophet, Wolfgang Jacob, \u00e0 propos des r\u00e9sultats de l'enqu\u00eate. Jacob, qui dirigera \u00e0 l'avenir le secteur \"Financial Services\" pour Prophet en Suisse et en Allemagne, a occup\u00e9 auparavant des postes de direction au Cr\u00e9dit Suisse, \u00e0 la Commerzbank et au groupe Gerling (aujourd'hui HDI).<\/p>\n<p>Les assureurs qui r\u00e9ussissent profitent du fait que les gens leur font nettement plus confiance qu'\u00e0 Google ou Facebook en mati\u00e8re de s\u00e9curit\u00e9 des donn\u00e9es, estime l'expert en assurance Jacob : \"Les jeunes en particulier sont habitu\u00e9s \u00e0 ce que leurs donn\u00e9es soient constamment collect\u00e9es\". Selon lui, les possibilit\u00e9s techniques et juridiques pour des tarifs personnalis\u00e9s existent g\u00e9n\u00e9ralement. \"La seule question qui reste ouverte est de savoir quelle entreprise sera la premi\u00e8re \u00e0 mettre ces \u00e9l\u00e9ments en r\u00e9seau de mani\u00e8re vraiment intelligente et orient\u00e9e vers le client, afin de g\u00e9n\u00e9rer un avantage concurrentiel\", conclut Jacob.<\/p>\n<p><em>Source : <a href=\"http:\/\/www.prophet.com\">www.prophet.com<\/a><\/em><\/p>","protected":false},"excerpt":{"rendered":"<p>Immer mehr Menschen sind bereit, ihren Versicherungen spezifische, personalisierte Verhaltensdaten zur Verf\u00fcgung zu stellen, wenn sie dadurch als Kunde von g\u00fcnstigeren Tarifen profitieren k\u00f6nnen. So meinen immerhin 66 Prozent der Schweizer, dass sie ihrer Autoversicherung Zugang \u00a0zu ihren pers\u00f6nlichen Fahrdaten geben w\u00fcrden, falls dadurch eine verantwortungsvolle Fahrweise finanziell entlohnt werde. Und deutliche 85 Prozent der [&hellip;]<\/p>\n","protected":false},"author":4,"featured_media":1641,"comment_status":"open","ping_status":"open","sticky":false,"template":"","format":"standard","meta":{"_acf_changed":false,"_yoast_wpseo_focuskw":"Versicherungen","_yoast_wpseo_metadesc":"Zwei Drittel der Schweizer w\u00fcrden den Versicherungen Daten \u00fcber ihr pers\u00f6nliches Verhalten zur Verf\u00fcgung stellen - gegen g\u00fcnstigere Pr\u00e4mien.","articlekey":"","footnotes":""},"categories":[24],"tags":[156,393,434,511],"class_list":["post-1639","post","type-post","status-publish","format-standard","has-post-thumbnail","hentry","category-finanzen_recht","tag-digitalisierung","tag-produkte","tag-sicherheit","tag-versicherungen"],"acf":[],"yoast_head":"<!-- This site is optimized with the Yoast SEO plugin v27.4 - https:\/\/yoast.com\/product\/yoast-seo-wordpress\/ -->\n<title>Schweizer trauen Versicherungen mehr als Google oder Facebook - Organisator<\/title>\n<meta name=\"description\" content=\"Zwei Drittel der Schweizer w\u00fcrden den Versicherungen Daten \u00fcber ihr pers\u00f6nliches Verhalten zur Verf\u00fcgung stellen - gegen g\u00fcnstigere Pr\u00e4mien.\" \/>\n<meta name=\"robots\" content=\"index, follow, max-snippet:-1, max-image-preview:large, max-video-preview:-1\" \/>\n<link rel=\"canonical\" href=\"https:\/\/www.organisator.ch\/fr\/gestion-2\/finanzen_recht\/2017-03-14\/schweizer-trauen-versicherungen-mehr-als-google-oder-facebook\/\" \/>\n<meta property=\"og:locale\" content=\"fr_FR\" \/>\n<meta property=\"og:type\" content=\"article\" \/>\n<meta property=\"og:title\" content=\"Schweizer trauen Versicherungen mehr als Google oder Facebook\" \/>\n<meta property=\"og:description\" content=\"Zwei Drittel der Schweizer w\u00fcrden den #Versicherungen Daten \u00fcber ihr pers\u00f6nliches Verhalten zur Verf\u00fcgung stellen, wenn sie daf\u00fcr in Genuss von g\u00fcnstigeren #Pr\u00e4mien kommen. Andererseits hinken Versicherer der Digitalisierung noch hinterher.\" \/>\n<meta property=\"og:url\" content=\"https:\/\/www.organisator.ch\/fr\/gestion-2\/finanzen_recht\/2017-03-14\/schweizer-trauen-versicherungen-mehr-als-google-oder-facebook\/\" \/>\n<meta property=\"og:site_name\" content=\"Organisator\" \/>\n<meta property=\"article:publisher\" content=\"https:\/\/www.facebook.com\/OrganisatorFachmagazin\" \/>\n<meta property=\"article:published_time\" content=\"2017-03-14T07:17:40+00:00\" \/>\n<meta property=\"og:image\" content=\"https:\/\/www.organisator.ch\/wp-content\/uploads\/2017\/03\/Schweizer-trauen-Versicherungen-mehr-als-Google-oder-Facebook_Organisator.png\" \/>\n\t<meta property=\"og:image:width\" content=\"640\" \/>\n\t<meta property=\"og:image:height\" content=\"427\" \/>\n\t<meta property=\"og:image:type\" content=\"image\/png\" \/>\n<meta name=\"author\" content=\"thomas.berner\" \/>\n<meta name=\"twitter:card\" content=\"summary_large_image\" \/>\n<meta name=\"twitter:title\" content=\"#Schweizer trauen #Versicherungen mehr als #Google oder #Facebook\" \/>\n<meta name=\"twitter:description\" content=\"Zwei Drittel der Schweizer w\u00fcrden den #Versicherungen Daten \u00fcber ihr pers\u00f6nliches Verhalten zur Verf\u00fcgung stellen, wenn sie daf\u00fcr in Genuss von g\u00fcnstigeren #Pr\u00e4mien kommen. Andererseits hinken Versicherer der Digitalisierung noch hinterher.\" \/>\n<meta name=\"twitter:image\" content=\"https:\/\/www.organisator.ch\/wp-content\/uploads\/2017\/03\/Schweizer-trauen-Versicherungen-mehr-als-Google-oder-Facebook_Organisator.png\" \/>\n<script type=\"application\/ld+json\" class=\"yoast-schema-graph\">{\"@context\":\"https:\\\/\\\/schema.org\",\"@graph\":[{\"@type\":\"Article\",\"@id\":\"https:\\\/\\\/www.organisator.ch\\\/management\\\/finanzen_recht\\\/2017-03-14\\\/schweizer-trauen-versicherungen-mehr-als-google-oder-facebook\\\/#article\",\"isPartOf\":{\"@id\":\"https:\\\/\\\/www.organisator.ch\\\/management\\\/finanzen_recht\\\/2017-03-14\\\/schweizer-trauen-versicherungen-mehr-als-google-oder-facebook\\\/\"},\"author\":{\"name\":\"thomas.berner\",\"@id\":\"https:\\\/\\\/www.organisator.ch\\\/#\\\/schema\\\/person\\\/6f650f90b2842cd4c0cc334b4e36f67e\"},\"headline\":\"Schweizer trauen Versicherungen mehr als Google oder Facebook\",\"datePublished\":\"2017-03-14T07:17:40+00:00\",\"mainEntityOfPage\":{\"@id\":\"https:\\\/\\\/www.organisator.ch\\\/management\\\/finanzen_recht\\\/2017-03-14\\\/schweizer-trauen-versicherungen-mehr-als-google-oder-facebook\\\/\"},\"wordCount\":385,\"commentCount\":0,\"publisher\":{\"@id\":\"https:\\\/\\\/www.organisator.ch\\\/#organization\"},\"image\":{\"@id\":\"https:\\\/\\\/www.organisator.ch\\\/management\\\/finanzen_recht\\\/2017-03-14\\\/schweizer-trauen-versicherungen-mehr-als-google-oder-facebook\\\/#primaryimage\"},\"thumbnailUrl\":\"https:\\\/\\\/www.organisator.ch\\\/wp-content\\\/uploads\\\/2017\\\/03\\\/Schweizer-trauen-Versicherungen-mehr-als-Google-oder-Facebook_Organisator.png\",\"keywords\":[\"Digitalisierung\",\"Produkte\",\"Sicherheit\",\"Versicherungen\"],\"articleSection\":[\"FINANZEN\\\/RECHT\"],\"inLanguage\":\"fr-FR\"},{\"@type\":\"WebPage\",\"@id\":\"https:\\\/\\\/www.organisator.ch\\\/management\\\/finanzen_recht\\\/2017-03-14\\\/schweizer-trauen-versicherungen-mehr-als-google-oder-facebook\\\/\",\"url\":\"https:\\\/\\\/www.organisator.ch\\\/management\\\/finanzen_recht\\\/2017-03-14\\\/schweizer-trauen-versicherungen-mehr-als-google-oder-facebook\\\/\",\"name\":\"Schweizer trauen Versicherungen mehr als Google oder Facebook - Organisator\",\"isPartOf\":{\"@id\":\"https:\\\/\\\/www.organisator.ch\\\/#website\"},\"primaryImageOfPage\":{\"@id\":\"https:\\\/\\\/www.organisator.ch\\\/management\\\/finanzen_recht\\\/2017-03-14\\\/schweizer-trauen-versicherungen-mehr-als-google-oder-facebook\\\/#primaryimage\"},\"image\":{\"@id\":\"https:\\\/\\\/www.organisator.ch\\\/management\\\/finanzen_recht\\\/2017-03-14\\\/schweizer-trauen-versicherungen-mehr-als-google-oder-facebook\\\/#primaryimage\"},\"thumbnailUrl\":\"https:\\\/\\\/www.organisator.ch\\\/wp-content\\\/uploads\\\/2017\\\/03\\\/Schweizer-trauen-Versicherungen-mehr-als-Google-oder-Facebook_Organisator.png\",\"datePublished\":\"2017-03-14T07:17:40+00:00\",\"description\":\"Zwei Drittel der Schweizer w\u00fcrden den Versicherungen Daten \u00fcber ihr pers\u00f6nliches Verhalten zur Verf\u00fcgung stellen - gegen g\u00fcnstigere Pr\u00e4mien.\",\"breadcrumb\":{\"@id\":\"https:\\\/\\\/www.organisator.ch\\\/management\\\/finanzen_recht\\\/2017-03-14\\\/schweizer-trauen-versicherungen-mehr-als-google-oder-facebook\\\/#breadcrumb\"},\"inLanguage\":\"fr-FR\",\"potentialAction\":[{\"@type\":\"ReadAction\",\"target\":[\"https:\\\/\\\/www.organisator.ch\\\/management\\\/finanzen_recht\\\/2017-03-14\\\/schweizer-trauen-versicherungen-mehr-als-google-oder-facebook\\\/\"]}]},{\"@type\":\"ImageObject\",\"inLanguage\":\"fr-FR\",\"@id\":\"https:\\\/\\\/www.organisator.ch\\\/management\\\/finanzen_recht\\\/2017-03-14\\\/schweizer-trauen-versicherungen-mehr-als-google-oder-facebook\\\/#primaryimage\",\"url\":\"https:\\\/\\\/www.organisator.ch\\\/wp-content\\\/uploads\\\/2017\\\/03\\\/Schweizer-trauen-Versicherungen-mehr-als-Google-oder-Facebook_Organisator.png\",\"contentUrl\":\"https:\\\/\\\/www.organisator.ch\\\/wp-content\\\/uploads\\\/2017\\\/03\\\/Schweizer-trauen-Versicherungen-mehr-als-Google-oder-Facebook_Organisator.png\",\"width\":640,\"height\":427,\"caption\":\"Schweizer trauen Versicherungen mehr als Google oder Facebook (Bild: PD)\"},{\"@type\":\"BreadcrumbList\",\"@id\":\"https:\\\/\\\/www.organisator.ch\\\/management\\\/finanzen_recht\\\/2017-03-14\\\/schweizer-trauen-versicherungen-mehr-als-google-oder-facebook\\\/#breadcrumb\",\"itemListElement\":[{\"@type\":\"ListItem\",\"position\":1,\"name\":\"Home\",\"item\":\"https:\\\/\\\/www.organisator.ch\\\/\"},{\"@type\":\"ListItem\",\"position\":2,\"name\":\"Schweizer trauen Versicherungen mehr als Google oder Facebook\"}]},{\"@type\":\"WebSite\",\"@id\":\"https:\\\/\\\/www.organisator.ch\\\/#website\",\"url\":\"https:\\\/\\\/www.organisator.ch\\\/\",\"name\":\"Organisator\",\"description\":\"Kompetent. Praxisnah. Der ORGANISATOR bereitet in 10 Ausgaben pro Jahr die wesentlichen Themen f\u00fcr F\u00fchrungskr\u00e4fte von KMU auf.\",\"publisher\":{\"@id\":\"https:\\\/\\\/www.organisator.ch\\\/#organization\"},\"potentialAction\":[{\"@type\":\"SearchAction\",\"target\":{\"@type\":\"EntryPoint\",\"urlTemplate\":\"https:\\\/\\\/www.organisator.ch\\\/?s={search_term_string}\"},\"query-input\":{\"@type\":\"PropertyValueSpecification\",\"valueRequired\":true,\"valueName\":\"search_term_string\"}}],\"inLanguage\":\"fr-FR\"},{\"@type\":\"Organization\",\"@id\":\"https:\\\/\\\/www.organisator.ch\\\/#organization\",\"name\":\"Organisator\",\"url\":\"https:\\\/\\\/www.organisator.ch\\\/\",\"logo\":{\"@type\":\"ImageObject\",\"inLanguage\":\"fr-FR\",\"@id\":\"https:\\\/\\\/www.organisator.ch\\\/#\\\/schema\\\/logo\\\/image\\\/\",\"url\":\"https:\\\/\\\/www.organisator.ch\\\/wp-content\\\/uploads\\\/2022\\\/01\\\/Logo_Organisator_Website.png\",\"contentUrl\":\"https:\\\/\\\/www.organisator.ch\\\/wp-content\\\/uploads\\\/2022\\\/01\\\/Logo_Organisator_Website.png\",\"width\":800,\"height\":77,\"caption\":\"Organisator\"},\"image\":{\"@id\":\"https:\\\/\\\/www.organisator.ch\\\/#\\\/schema\\\/logo\\\/image\\\/\"},\"sameAs\":[\"https:\\\/\\\/www.facebook.com\\\/OrganisatorFachmagazin\",\"https:\\\/\\\/www.linkedin.com\\\/showcase\\\/organisator-das-magazin-fr-kmu\",\"https:\\\/\\\/www.xing.com\\\/news\\\/pages\\\/organisator-ch-695\",\"https:\\\/\\\/www.youtube.com\\\/channel\\\/UCGP2Sq0iWaZwT3BdIAQFYpw\"]},{\"@type\":\"Person\",\"@id\":\"https:\\\/\\\/www.organisator.ch\\\/#\\\/schema\\\/person\\\/6f650f90b2842cd4c0cc334b4e36f67e\",\"name\":\"thomas.berner\",\"image\":{\"@type\":\"ImageObject\",\"inLanguage\":\"fr-FR\",\"@id\":\"https:\\\/\\\/secure.gravatar.com\\\/avatar\\\/ac5001d2a36cb6c6cd3e50789007ffca834b477b74a2144564522e944eabff61?s=96&d=mm&r=g\",\"url\":\"https:\\\/\\\/secure.gravatar.com\\\/avatar\\\/ac5001d2a36cb6c6cd3e50789007ffca834b477b74a2144564522e944eabff61?s=96&d=mm&r=g\",\"contentUrl\":\"https:\\\/\\\/secure.gravatar.com\\\/avatar\\\/ac5001d2a36cb6c6cd3e50789007ffca834b477b74a2144564522e944eabff61?s=96&d=mm&r=g\",\"caption\":\"thomas.berner\"},\"url\":\"https:\\\/\\\/www.organisator.ch\\\/fr\\\/author\\\/thomas-berner\\\/\"}]}<\/script>\n<!-- \/ Yoast SEO plugin. -->","yoast_head_json":{"title":"Les Suisses font plus confiance aux assurances qu'\u00e0 Google ou Facebook - Organisateur","description":"Deux tiers des Suisses mettraient \u00e0 disposition des assurances des donn\u00e9es sur leur comportement personnel - en \u00e9change de primes plus avantageuses.","robots":{"index":"index","follow":"follow","max-snippet":"max-snippet:-1","max-image-preview":"max-image-preview:large","max-video-preview":"max-video-preview:-1"},"canonical":"https:\/\/www.organisator.ch\/fr\/gestion-2\/finanzen_recht\/2017-03-14\/schweizer-trauen-versicherungen-mehr-als-google-oder-facebook\/","og_locale":"fr_FR","og_type":"article","og_title":"Schweizer trauen Versicherungen mehr als Google oder Facebook","og_description":"Zwei Drittel der Schweizer w\u00fcrden den #Versicherungen Daten \u00fcber ihr pers\u00f6nliches Verhalten zur Verf\u00fcgung stellen, wenn sie daf\u00fcr in Genuss von g\u00fcnstigeren #Pr\u00e4mien kommen. Andererseits hinken Versicherer der Digitalisierung noch hinterher.","og_url":"https:\/\/www.organisator.ch\/fr\/gestion-2\/finanzen_recht\/2017-03-14\/schweizer-trauen-versicherungen-mehr-als-google-oder-facebook\/","og_site_name":"Organisator","article_publisher":"https:\/\/www.facebook.com\/OrganisatorFachmagazin","article_published_time":"2017-03-14T07:17:40+00:00","og_image":[{"width":640,"height":427,"url":"https:\/\/www.organisator.ch\/wp-content\/uploads\/2017\/03\/Schweizer-trauen-Versicherungen-mehr-als-Google-oder-Facebook_Organisator.png","type":"image\/png"}],"author":"thomas.berner","twitter_card":"summary_large_image","twitter_title":"#Schweizer trauen #Versicherungen mehr als #Google oder #Facebook","twitter_description":"Zwei Drittel der Schweizer w\u00fcrden den #Versicherungen Daten \u00fcber ihr pers\u00f6nliches Verhalten zur Verf\u00fcgung stellen, wenn sie daf\u00fcr in Genuss von g\u00fcnstigeren #Pr\u00e4mien kommen. Andererseits hinken Versicherer der Digitalisierung noch hinterher.","twitter_image":"https:\/\/www.organisator.ch\/wp-content\/uploads\/2017\/03\/Schweizer-trauen-Versicherungen-mehr-als-Google-oder-Facebook_Organisator.png","schema":{"@context":"https:\/\/schema.org","@graph":[{"@type":"Article","@id":"https:\/\/www.organisator.ch\/management\/finanzen_recht\/2017-03-14\/schweizer-trauen-versicherungen-mehr-als-google-oder-facebook\/#article","isPartOf":{"@id":"https:\/\/www.organisator.ch\/management\/finanzen_recht\/2017-03-14\/schweizer-trauen-versicherungen-mehr-als-google-oder-facebook\/"},"author":{"name":"thomas.berner","@id":"https:\/\/www.organisator.ch\/#\/schema\/person\/6f650f90b2842cd4c0cc334b4e36f67e"},"headline":"Schweizer trauen Versicherungen mehr als Google oder Facebook","datePublished":"2017-03-14T07:17:40+00:00","mainEntityOfPage":{"@id":"https:\/\/www.organisator.ch\/management\/finanzen_recht\/2017-03-14\/schweizer-trauen-versicherungen-mehr-als-google-oder-facebook\/"},"wordCount":385,"commentCount":0,"publisher":{"@id":"https:\/\/www.organisator.ch\/#organization"},"image":{"@id":"https:\/\/www.organisator.ch\/management\/finanzen_recht\/2017-03-14\/schweizer-trauen-versicherungen-mehr-als-google-oder-facebook\/#primaryimage"},"thumbnailUrl":"https:\/\/www.organisator.ch\/wp-content\/uploads\/2017\/03\/Schweizer-trauen-Versicherungen-mehr-als-Google-oder-Facebook_Organisator.png","keywords":["Digitalisierung","Produkte","Sicherheit","Versicherungen"],"articleSection":["FINANZEN\/RECHT"],"inLanguage":"fr-FR"},{"@type":"WebPage","@id":"https:\/\/www.organisator.ch\/management\/finanzen_recht\/2017-03-14\/schweizer-trauen-versicherungen-mehr-als-google-oder-facebook\/","url":"https:\/\/www.organisator.ch\/management\/finanzen_recht\/2017-03-14\/schweizer-trauen-versicherungen-mehr-als-google-oder-facebook\/","name":"Les Suisses font plus confiance aux assurances qu'\u00e0 Google ou Facebook - Organisateur","isPartOf":{"@id":"https:\/\/www.organisator.ch\/#website"},"primaryImageOfPage":{"@id":"https:\/\/www.organisator.ch\/management\/finanzen_recht\/2017-03-14\/schweizer-trauen-versicherungen-mehr-als-google-oder-facebook\/#primaryimage"},"image":{"@id":"https:\/\/www.organisator.ch\/management\/finanzen_recht\/2017-03-14\/schweizer-trauen-versicherungen-mehr-als-google-oder-facebook\/#primaryimage"},"thumbnailUrl":"https:\/\/www.organisator.ch\/wp-content\/uploads\/2017\/03\/Schweizer-trauen-Versicherungen-mehr-als-Google-oder-Facebook_Organisator.png","datePublished":"2017-03-14T07:17:40+00:00","description":"Deux tiers des Suisses mettraient \u00e0 disposition des assurances des donn\u00e9es sur leur comportement personnel - en \u00e9change de primes plus avantageuses.","breadcrumb":{"@id":"https:\/\/www.organisator.ch\/management\/finanzen_recht\/2017-03-14\/schweizer-trauen-versicherungen-mehr-als-google-oder-facebook\/#breadcrumb"},"inLanguage":"fr-FR","potentialAction":[{"@type":"ReadAction","target":["https:\/\/www.organisator.ch\/management\/finanzen_recht\/2017-03-14\/schweizer-trauen-versicherungen-mehr-als-google-oder-facebook\/"]}]},{"@type":"ImageObject","inLanguage":"fr-FR","@id":"https:\/\/www.organisator.ch\/management\/finanzen_recht\/2017-03-14\/schweizer-trauen-versicherungen-mehr-als-google-oder-facebook\/#primaryimage","url":"https:\/\/www.organisator.ch\/wp-content\/uploads\/2017\/03\/Schweizer-trauen-Versicherungen-mehr-als-Google-oder-Facebook_Organisator.png","contentUrl":"https:\/\/www.organisator.ch\/wp-content\/uploads\/2017\/03\/Schweizer-trauen-Versicherungen-mehr-als-Google-oder-Facebook_Organisator.png","width":640,"height":427,"caption":"Schweizer trauen Versicherungen mehr als Google oder Facebook (Bild: PD)"},{"@type":"BreadcrumbList","@id":"https:\/\/www.organisator.ch\/management\/finanzen_recht\/2017-03-14\/schweizer-trauen-versicherungen-mehr-als-google-oder-facebook\/#breadcrumb","itemListElement":[{"@type":"ListItem","position":1,"name":"Home","item":"https:\/\/www.organisator.ch\/"},{"@type":"ListItem","position":2,"name":"Schweizer trauen Versicherungen mehr als Google oder Facebook"}]},{"@type":"WebSite","@id":"https:\/\/www.organisator.ch\/#website","url":"https:\/\/www.organisator.ch\/","name":"Organisateur","description":"Comp\u00e9tence et comp\u00e9tence. Proches de la pratique. L'ORGANISATEUR pr\u00e9pare 10 num\u00e9ros par an sur les th\u00e8mes essentiels pour les dirigeants de PME.","publisher":{"@id":"https:\/\/www.organisator.ch\/#organization"},"potentialAction":[{"@type":"SearchAction","target":{"@type":"EntryPoint","urlTemplate":"https:\/\/www.organisator.ch\/?s={search_term_string}"},"query-input":{"@type":"PropertyValueSpecification","valueRequired":true,"valueName":"search_term_string"}}],"inLanguage":"fr-FR"},{"@type":"Organization","@id":"https:\/\/www.organisator.ch\/#organization","name":"Organisateur","url":"https:\/\/www.organisator.ch\/","logo":{"@type":"ImageObject","inLanguage":"fr-FR","@id":"https:\/\/www.organisator.ch\/#\/schema\/logo\/image\/","url":"https:\/\/www.organisator.ch\/wp-content\/uploads\/2022\/01\/Logo_Organisator_Website.png","contentUrl":"https:\/\/www.organisator.ch\/wp-content\/uploads\/2022\/01\/Logo_Organisator_Website.png","width":800,"height":77,"caption":"Organisator"},"image":{"@id":"https:\/\/www.organisator.ch\/#\/schema\/logo\/image\/"},"sameAs":["https:\/\/www.facebook.com\/OrganisatorFachmagazin","https:\/\/www.linkedin.com\/showcase\/organisator-das-magazin-fr-kmu","https:\/\/www.xing.com\/news\/pages\/organisator-ch-695","https:\/\/www.youtube.com\/channel\/UCGP2Sq0iWaZwT3BdIAQFYpw"]},{"@type":"Person","@id":"https:\/\/www.organisator.ch\/#\/schema\/person\/6f650f90b2842cd4c0cc334b4e36f67e","name":"thomas.berner","image":{"@type":"ImageObject","inLanguage":"fr-FR","@id":"https:\/\/secure.gravatar.com\/avatar\/ac5001d2a36cb6c6cd3e50789007ffca834b477b74a2144564522e944eabff61?s=96&d=mm&r=g","url":"https:\/\/secure.gravatar.com\/avatar\/ac5001d2a36cb6c6cd3e50789007ffca834b477b74a2144564522e944eabff61?s=96&d=mm&r=g","contentUrl":"https:\/\/secure.gravatar.com\/avatar\/ac5001d2a36cb6c6cd3e50789007ffca834b477b74a2144564522e944eabff61?s=96&d=mm&r=g","caption":"thomas.berner"},"url":"https:\/\/www.organisator.ch\/fr\/author\/thomas-berner\/"}]}},"_links":{"self":[{"href":"https:\/\/www.organisator.ch\/fr\/wp-json\/wp\/v2\/posts\/1639","targetHints":{"allow":["GET"]}}],"collection":[{"href":"https:\/\/www.organisator.ch\/fr\/wp-json\/wp\/v2\/posts"}],"about":[{"href":"https:\/\/www.organisator.ch\/fr\/wp-json\/wp\/v2\/types\/post"}],"author":[{"embeddable":true,"href":"https:\/\/www.organisator.ch\/fr\/wp-json\/wp\/v2\/users\/4"}],"replies":[{"embeddable":true,"href":"https:\/\/www.organisator.ch\/fr\/wp-json\/wp\/v2\/comments?post=1639"}],"version-history":[{"count":0,"href":"https:\/\/www.organisator.ch\/fr\/wp-json\/wp\/v2\/posts\/1639\/revisions"}],"wp:featuredmedia":[{"embeddable":true,"href":"https:\/\/www.organisator.ch\/fr\/wp-json\/wp\/v2\/media\/1641"}],"wp:attachment":[{"href":"https:\/\/www.organisator.ch\/fr\/wp-json\/wp\/v2\/media?parent=1639"}],"wp:term":[{"taxonomy":"category","embeddable":true,"href":"https:\/\/www.organisator.ch\/fr\/wp-json\/wp\/v2\/categories?post=1639"},{"taxonomy":"post_tag","embeddable":true,"href":"https:\/\/www.organisator.ch\/fr\/wp-json\/wp\/v2\/tags?post=1639"}],"curies":[{"name":"wp","href":"https:\/\/api.w.org\/{rel}","templated":true}]}}