{"id":16393,"date":"2022-08-09T13:34:04","date_gmt":"2022-08-09T11:34:04","guid":{"rendered":"https:\/\/www.m-q.ch\/?p=16766"},"modified":"2024-11-19T13:59:59","modified_gmt":"2024-11-19T12:59:59","slug":"green-it-it-durable-comme-cle-de-la-competitivite","status":"publish","type":"post","link":"https:\/\/www.organisator.ch\/fr\/operational-excellence\/2022-08-09\/green-it-nachhaltige-it-als-schluessel-zur-wettbewerbsfaehigkeit\/","title":{"rendered":"Green IT : l'informatique durable, cl\u00e9 de la comp\u00e9titivit\u00e9"},"content":{"rendered":"<figure id=\"attachment_16767\" class=\"wp-caption alignnone\" style=\"width: 680px;\" aria-describedby=\"caption-attachment-16767\"><img class=\"alignnone wp-image-16767 size-full\" src=\"https:\/\/www.m-q.ch\/wp-content\/uploads\/2022\/08\/Green-IT-Nachhaltige-IT-als-Schluessel-zur-Wettbewerbsfaehigkeit_MQ.jpg\" sizes=\"(max-width: 680px) 100vw, 680px\" srcset=\"https:\/\/www.m-q.ch\/wp-content\/uploads\/2022\/08\/Green-IT-Nachhaltige-IT-als-Schluessel-zur-Wettbewerbsfaehigkeit_MQ.jpg 680w, https:\/\/www.m-q.ch\/wp-content\/uploads\/2022\/08\/Green-IT-Nachhaltige-IT-als-Schluessel-zur-Wettbewerbsfaehigkeit_MQ-18x12.jpg 18w, https:\/\/www.m-q.ch\/wp-content\/uploads\/2022\/08\/Green-IT-Nachhaltige-IT-als-Schluessel-zur-Wettbewerbsfaehigkeit_MQ-263x175.jpg 263w, https:\/\/www.m-q.ch\/wp-content\/uploads\/2022\/08\/Green-IT-Nachhaltige-IT-als-Schluessel-zur-Wettbewerbsfaehigkeit_MQ-525x350.jpg 525w, https:\/\/www.m-q.ch\/wp-content\/uploads\/2022\/08\/Green-IT-Nachhaltige-IT-als-Schluessel-zur-Wettbewerbsfaehigkeit_MQ-300x200.jpg 300w\" alt=\"D\u00e9veloppement durable Green IT\" width=\"680\" height=\"453\" \/>\r\n<figcaption id=\"caption-attachment-16767\" class=\"wp-caption-text\">Philippe Picalek de Cloudera estime qu'en plus de la culture d'entreprise, l'informatique est au centre du th\u00e8me de la durabilit\u00e9. (Image : pixabay, geralt)<\/figcaption>\r\n<\/figure>\r\n<p>Alors que la num\u00e9risation des processus dans les entreprises individuelles permet d'\u00e9conomiser des ressources, la transformation num\u00e9rique globale conduit \u00e0 une <a href=\"https:\/\/www.m-q.ch\/de\/2019-bringt-mehr-daten-mehr-clouds-und-mehr-anforderungen-an-die-it\/\">l'utilisation exponentielle des ressources \u00e0 l'\u00e9chelle mondiale<\/a>. La raison en est simple : l'augmentation des flux de travail virtuels g\u00e9n\u00e8re des quantit\u00e9s de plus en plus importantes de donn\u00e9es, qui sont stock\u00e9es dans des centres de donn\u00e9es - lesquels produisent plus ou moins d'\u00e9missions de CO2 selon leur taille et leur constitution. <a href=\"https:\/\/www.climateneutralgroup.com\/en\/news\/carbon-emissions-of-data-centers\/\">Des \u00e9tudes montrent qu'actuellement, 2 % de l'\u00e9nergie mondiale est d\u00e9j\u00e0 utilis\u00e9e par les centres de donn\u00e9es.<\/a>.\u00a0<\/p>\r\n<p>Il est d'autant plus tragique que les donn\u00e9es soient stock\u00e9es sans \u00eatre analys\u00e9es ni utilis\u00e9es pour le succ\u00e8s de l'entreprise. Il en r\u00e9sulte une situation \"en vrac\". Le choix de l'emplacement des donn\u00e9es, de leur forme et de la bonne plate-forme de donn\u00e9es est donc une \u00e9tape cruciale, tant pour la r\u00e9ussite de l'entreprise que pour la pr\u00e9servation de l'environnement. Cela conf\u00e8re une immense importance \u00e0 l'informatique verte, c'est-\u00e0-dire aux services et produits des technologies de l'information et de la communication (TIC) respectueux de l'environnement et \u00e0 leur utilisation durable.<\/p>\r\n<h3><strong>Initiatives, mesures et certifications<\/strong><\/h3>\r\n<p>Gr\u00e2ce \u00e0 des mesures telles que l'initiative Green IT du gouvernement allemand ou la directive europ\u00e9enne sur l'\u00e9coconception, la consommation d'\u00e9lectricit\u00e9 due \u00e0 l'informatique en Allemagne est parvenue \u00e0 rester au moins relativement constante depuis 2017 - environ deux pour cent de la consommation \u00e9lectrique du pays. Mais la technologie blockchain ou l'intelligence artificielle (IA) font grimper les besoins \u00e9nerg\u00e9tiques des centres de donn\u00e9es. Selon une <a href=\"https:\/\/theshiftproject.org\/wp-content\/uploads\/2019\/03\/Lean-ICT-Report_The-Shift-Project_2019.pdf\">\u00c9tude de The Shift Project<\/a> de 2019, les \u00e9missions de l'\u00e9conomie num\u00e9rique pourraient toutefois d\u00e9j\u00e0 repr\u00e9senter 8 % des \u00e9missions totales de CO2 au cours des cinq prochaines ann\u00e9es.\u00a0<\/p>\r\n<p>Pour contrer de tels sc\u00e9narios, il faut que les entreprises fassent attention \u00e0 leur empreinte carbone, notamment dans les centres de donn\u00e9es. Il est par exemple possible d'\u00e9conomiser beaucoup d'\u00e9nergie lors du refroidissement des serveurs, car l'\u00e9clairage et le refroidissement ext\u00e9rieur peuvent \u00eatre automatis\u00e9s et l'emplacement des serveurs joue \u00e9galement un r\u00f4le - le plus \u00e9loign\u00e9 possible les uns des autres et dans un endroit frais. <a href=\"https:\/\/www.nrel.gov\/computational-science\/measuring-efficiency-pue.html\">Globalement, il convient de viser une efficacit\u00e9 de la consommation d'\u00e9lectricit\u00e9 de 1,2 ou moins.<\/a> De plus, de nombreux processus et applications peuvent d\u00e9sormais \u00eatre transf\u00e9r\u00e9s vers le cloud. La tendance est \u00e0 la r\u00e9duction de l'alimentation en \u00e9nergie pour les syst\u00e8mes en nuage en raison de l'\u00e9chelle de taille. En principe, les entreprises peuvent \u00e9galement tenir compte des certifications d'efficacit\u00e9 \u00e9nerg\u00e9tique lors de l'achat. Des organisations telles que TCO Certified ou Energy Star contr\u00f4lent et certifient les usines et les appareils en termes d'efficacit\u00e9 et de pratiques durables.\u00a0<\/p>\r\n<h3><strong>Quel est le r\u00f4le de l'informatique verte dans les entreprises ?<\/strong><\/h3>\r\n<p>Selon une\u00a0<a href=\"https:\/\/www.capgemini.com\/de-de\/news\/sustainable-it-nachhaltigkeit-studie-2021\/\">\u00c9tude de Capgemini<\/a> l'informatique verte ne joue actuellement qu'un r\u00f4le mineur dans la plupart des entreprises - seule une entreprise sur cinq ayant une strat\u00e9gie de durabilit\u00e9 tient compte de la contribution de l'informatique au climat. Cela s'explique notamment par un manque de connaissances sp\u00e9cialis\u00e9es, indiquent 53 % des personnes interrog\u00e9es. Et seuls 43 % des dirigeants connaissent le montant des \u00e9missions de CO2 g\u00e9n\u00e9r\u00e9es par leur informatique. Seuls 18 % ont une strat\u00e9gie globale avec des d\u00e9lais et des objectifs concr\u00e8tement d\u00e9finis ; seuls 6 % mettent d\u00e9j\u00e0 en \u0153uvre une informatique durable. Et cela ne changera pas dans les prochaines ann\u00e9es : seules 22% des entreprises pr\u00e9voient de r\u00e9duire leur empreinte carbone de plus d'un quart gr\u00e2ce \u00e0 une informatique durable. Et ce, bien que\u00a0<a href=\"https:\/\/www.climateneutralgroup.com\/en\/news\/carbon-emissions-of-data-centers\/\">On estime que les centres de donn\u00e9es consomment environ 3 % de l'\u00e9lectricit\u00e9 mondiale<\/a> et sont responsables d'environ 2 % du total des \u00e9missions de gaz \u00e0 effet de serre.<\/p>\r\n<h3><strong>L'utilisation durable des donn\u00e9es d\u00e9termine la comp\u00e9titivit\u00e9 et le d\u00e9part du personnel<\/strong><\/h3>\r\n<p>Les entreprises ont pourtant reconnu la pertinence des d\u00e9cisions commerciales durables bas\u00e9es sur des donn\u00e9es. Selon une \u00e9tude\u00a0<a href=\"https:\/\/www.cloudera.com\/content\/dam\/www\/marketing\/resources\/whitepapers\/cloudera-global-ai-report.pdf?daqp=true\">\u00c9tude de Cloudera<\/a> plus d'un cinqui\u00e8me (21%) des d\u00e9cideurs d'entreprises allemandes font d\u00e9j\u00e0 passer des investissements plus importants dans les domaines environnementaux, sociaux et de gouvernance (ESG) avant le d\u00e9veloppement de nouveaux produits et services (18%) ou le maintien ou l'augmentation de leurs b\u00e9n\u00e9fices (19%). Cette d\u00e9marche n'est toutefois pas totalement d\u00e9sint\u00e9ress\u00e9e, car outre la n\u00e9cessit\u00e9 \u00e9cologique, les avantages \u00e9conomiques de l'informatique durable ne sont pas \u00e0 n\u00e9gliger, que ce soit en termes de r\u00e9sultats commerciaux, de r\u00e9putation sociale, d'image de marque ou de fid\u00e9lisation de la client\u00e8le.\u00a0<\/p>\r\n<p>L'\u00e9tude de Cloudera le montre en d\u00e9tail : \u00e0 la question de savoir quel serait l'impact si leur entreprise ne commen\u00e7ait pas \u00e0 utiliser les donn\u00e9es pour prendre des d\u00e9cisions commerciales plus durables au cours des trois prochaines ann\u00e9es, pr\u00e8s de la moiti\u00e9 des d\u00e9cideurs d'entreprise (47%) ont r\u00e9pondu qu'ils s'attendaient \u00e0 une baisse de la croissance. Les autres cons\u00e9quences sont l'augmentation de la pression sur le conseil d'administration et la perte d'activit\u00e9. Mais le plus int\u00e9ressant est que 27 pour cent des d\u00e9cideurs pensent que les collaborateurs quitteront l'entreprise - un crit\u00e8re d\u00e9cisif en ces temps de p\u00e9nurie de personnel qualifi\u00e9.<\/p>\r\n<p><em><strong>Vers l'auteur :<\/strong><br \/>\r\nPhilippe Picalek, vice-pr\u00e9sident r\u00e9gional pour la Suisse chez Cloudera, un fournisseur de services cloud. Le Cloudera Enterprise Data Cloud traite toutes les donn\u00e9es, quel que soit leur lieu de stockage, de la p\u00e9riph\u00e9rie aux applications d'intelligence artificielle.\u00a0<\/em><\/p>\n<p class=\"syndicated-attribution\">Cet article est paru initialement sur m-q.ch - <a href=\"https:\/\/www.m-q.ch\/de\/green-it-nachhaltige-it-als-schluessel-zur-wettbewerbsfaehigkeit\/\" target=\"_blank\">https:\/\/www.m-q.ch\/de\/green-it-nachhaltige-it-als-schluessel-zur-wettbewerbsfaehigkeit\/<\/a><\/p>","protected":false},"excerpt":{"rendered":"<p>W\u00e4hrend die Digitalisierung von Prozessen in einzelnen Unternehmen Ressourcen einspart, so f\u00fchrt die globale digitale Transformation zu einer weltweiten exponentiellen Ressourcennutzung. Das hat einen einfachen Grund: Durch steigende virtuelle Arbeitsabl\u00e4ufe entstehen immer gr\u00f6ssere Mengen an Daten, die in Rechenzentren gespeichert werden \u2013 die je nach Gr\u00f6sse und Konstitution mehr oder weniger CO2-Emissionen produzieren. Studien zeigen, [\u2026]<\/p>\n","protected":false},"author":8,"featured_media":0,"comment_status":"closed","ping_status":"closed","sticky":false,"template":"","format":"standard","meta":{"_acf_changed":false,"_yoast_wpseo_focuskw":"Green IT Nachhaltigkeit","_yoast_wpseo_metadesc":"Green IT reduziert CO2-Emissionen in Rechenzentren. Erfahren Sie, wie nachhaltige IT zur Umweltfreundlichkeit beitr\u00e4gt.","articlekey":"","footnotes":""},"categories":[582],"tags":[928,156,2927,1787,2660],"class_list":["post-16393","post","type-post","status-publish","format-standard","hentry","category-operational-excellence","tag-co2","tag-digitalisierung","tag-green-it","tag-nachhaltigkeit","tag-rechenzentren"],"acf":[],"yoast_head":"<!-- This site is optimized with the Yoast SEO plugin v27.5 - https:\/\/yoast.com\/product\/yoast-seo-wordpress\/ -->\n<title>Green IT: Nachhaltige IT als Schl\u00fcssel zur Wettbewerbsf\u00e4higkeit - Organisator<\/title>\n<meta name=\"description\" content=\"Green IT reduziert CO2-Emissionen in Rechenzentren. Erfahren Sie, wie nachhaltige IT zur Umweltfreundlichkeit beitr\u00e4gt.\" \/>\n<meta name=\"robots\" content=\"index, follow, max-snippet:-1, max-image-preview:large, max-video-preview:-1\" \/>\n<link rel=\"canonical\" href=\"https:\/\/www.organisator.ch\/fr\/excellence-operationnelle\/2022-08-09\/green-it-it-durable-comme-cle-de-la-competitivite\/\" \/>\n<meta property=\"og:locale\" content=\"fr_FR\" \/>\n<meta property=\"og:type\" content=\"article\" \/>\n<meta property=\"og:title\" content=\"Green IT: Nachhaltige IT als Schl\u00fcssel zur Wettbewerbsf\u00e4higkeit - Organisator\" \/>\n<meta property=\"og:description\" content=\"Green IT reduziert CO2-Emissionen in Rechenzentren. Erfahren Sie, wie nachhaltige IT zur Umweltfreundlichkeit beitr\u00e4gt.\" \/>\n<meta property=\"og:url\" content=\"https:\/\/www.organisator.ch\/fr\/excellence-operationnelle\/2022-08-09\/green-it-it-durable-comme-cle-de-la-competitivite\/\" \/>\n<meta property=\"og:site_name\" content=\"Organisator\" \/>\n<meta property=\"article:publisher\" content=\"https:\/\/www.facebook.com\/OrganisatorFachmagazin\" \/>\n<meta property=\"article:published_time\" content=\"2022-08-09T11:34:04+00:00\" \/>\n<meta property=\"article:modified_time\" content=\"2024-11-19T12:59:59+00:00\" \/>\n<meta name=\"author\" content=\"galledia\" \/>\n<meta name=\"twitter:card\" content=\"summary_large_image\" \/>\n<meta name=\"twitter:creator\" content=\"@admin\" \/>\n<script type=\"application\/ld+json\" class=\"yoast-schema-graph\">{\"@context\":\"https:\\\/\\\/schema.org\",\"@graph\":[{\"@type\":\"Article\",\"@id\":\"https:\\\/\\\/www.organisator.ch\\\/operational-excellence\\\/2022-08-09\\\/green-it-nachhaltige-it-als-schluessel-zur-wettbewerbsfaehigkeit\\\/#article\",\"isPartOf\":{\"@id\":\"https:\\\/\\\/www.organisator.ch\\\/operational-excellence\\\/2022-08-09\\\/green-it-nachhaltige-it-als-schluessel-zur-wettbewerbsfaehigkeit\\\/\"},\"author\":{\"name\":\"galledia\",\"@id\":\"https:\\\/\\\/www.organisator.ch\\\/#\\\/schema\\\/person\\\/4e51799071cd2dd1232ac003643ef5f0\"},\"headline\":\"Green IT: Nachhaltige IT als Schl\u00fcssel zur Wettbewerbsf\u00e4higkeit\",\"datePublished\":\"2022-08-09T11:34:04+00:00\",\"dateModified\":\"2024-11-19T12:59:59+00:00\",\"mainEntityOfPage\":{\"@id\":\"https:\\\/\\\/www.organisator.ch\\\/operational-excellence\\\/2022-08-09\\\/green-it-nachhaltige-it-als-schluessel-zur-wettbewerbsfaehigkeit\\\/\"},\"wordCount\":755,\"publisher\":{\"@id\":\"https:\\\/\\\/www.organisator.ch\\\/#organization\"},\"image\":{\"@id\":\"https:\\\/\\\/www.organisator.ch\\\/operational-excellence\\\/2022-08-09\\\/green-it-nachhaltige-it-als-schluessel-zur-wettbewerbsfaehigkeit\\\/#primaryimage\"},\"thumbnailUrl\":\"https:\\\/\\\/www.m-q.ch\\\/wp-content\\\/uploads\\\/2022\\\/08\\\/Green-IT-Nachhaltige-IT-als-Schluessel-zur-Wettbewerbsfaehigkeit_MQ.jpg\",\"keywords\":[\"CO2\",\"Digitalisierung\",\"Green IT\",\"Nachhaltigkeit\",\"Rechenzentren\"],\"articleSection\":[\"OPERATIONAL EXCELLENCE\"],\"inLanguage\":\"fr-FR\"},{\"@type\":\"WebPage\",\"@id\":\"https:\\\/\\\/www.organisator.ch\\\/operational-excellence\\\/2022-08-09\\\/green-it-nachhaltige-it-als-schluessel-zur-wettbewerbsfaehigkeit\\\/\",\"url\":\"https:\\\/\\\/www.organisator.ch\\\/operational-excellence\\\/2022-08-09\\\/green-it-nachhaltige-it-als-schluessel-zur-wettbewerbsfaehigkeit\\\/\",\"name\":\"Green IT: Nachhaltige IT als Schl\u00fcssel zur Wettbewerbsf\u00e4higkeit - Organisator\",\"isPartOf\":{\"@id\":\"https:\\\/\\\/www.organisator.ch\\\/#website\"},\"primaryImageOfPage\":{\"@id\":\"https:\\\/\\\/www.organisator.ch\\\/operational-excellence\\\/2022-08-09\\\/green-it-nachhaltige-it-als-schluessel-zur-wettbewerbsfaehigkeit\\\/#primaryimage\"},\"image\":{\"@id\":\"https:\\\/\\\/www.organisator.ch\\\/operational-excellence\\\/2022-08-09\\\/green-it-nachhaltige-it-als-schluessel-zur-wettbewerbsfaehigkeit\\\/#primaryimage\"},\"thumbnailUrl\":\"https:\\\/\\\/www.m-q.ch\\\/wp-content\\\/uploads\\\/2022\\\/08\\\/Green-IT-Nachhaltige-IT-als-Schluessel-zur-Wettbewerbsfaehigkeit_MQ.jpg\",\"datePublished\":\"2022-08-09T11:34:04+00:00\",\"dateModified\":\"2024-11-19T12:59:59+00:00\",\"description\":\"Green IT reduziert CO2-Emissionen in Rechenzentren. Erfahren Sie, wie nachhaltige IT zur Umweltfreundlichkeit beitr\u00e4gt.\",\"breadcrumb\":{\"@id\":\"https:\\\/\\\/www.organisator.ch\\\/operational-excellence\\\/2022-08-09\\\/green-it-nachhaltige-it-als-schluessel-zur-wettbewerbsfaehigkeit\\\/#breadcrumb\"},\"inLanguage\":\"fr-FR\",\"potentialAction\":[{\"@type\":\"ReadAction\",\"target\":[\"https:\\\/\\\/www.organisator.ch\\\/operational-excellence\\\/2022-08-09\\\/green-it-nachhaltige-it-als-schluessel-zur-wettbewerbsfaehigkeit\\\/\"]}]},{\"@type\":\"ImageObject\",\"inLanguage\":\"fr-FR\",\"@id\":\"https:\\\/\\\/www.organisator.ch\\\/operational-excellence\\\/2022-08-09\\\/green-it-nachhaltige-it-als-schluessel-zur-wettbewerbsfaehigkeit\\\/#primaryimage\",\"url\":\"https:\\\/\\\/www.m-q.ch\\\/wp-content\\\/uploads\\\/2022\\\/08\\\/Green-IT-Nachhaltige-IT-als-Schluessel-zur-Wettbewerbsfaehigkeit_MQ.jpg\",\"contentUrl\":\"https:\\\/\\\/www.m-q.ch\\\/wp-content\\\/uploads\\\/2022\\\/08\\\/Green-IT-Nachhaltige-IT-als-Schluessel-zur-Wettbewerbsfaehigkeit_MQ.jpg\"},{\"@type\":\"BreadcrumbList\",\"@id\":\"https:\\\/\\\/www.organisator.ch\\\/operational-excellence\\\/2022-08-09\\\/green-it-nachhaltige-it-als-schluessel-zur-wettbewerbsfaehigkeit\\\/#breadcrumb\",\"itemListElement\":[{\"@type\":\"ListItem\",\"position\":1,\"name\":\"Home\",\"item\":\"https:\\\/\\\/www.organisator.ch\\\/\"},{\"@type\":\"ListItem\",\"position\":2,\"name\":\"Green IT: Nachhaltige IT als Schl\u00fcssel zur Wettbewerbsf\u00e4higkeit\"}]},{\"@type\":\"WebSite\",\"@id\":\"https:\\\/\\\/www.organisator.ch\\\/#website\",\"url\":\"https:\\\/\\\/www.organisator.ch\\\/\",\"name\":\"Organisator\",\"description\":\"Kompetent. Praxisnah. Der ORGANISATOR bereitet in 10 Ausgaben pro Jahr die wesentlichen Themen f\u00fcr F\u00fchrungskr\u00e4fte von KMU auf.\",\"publisher\":{\"@id\":\"https:\\\/\\\/www.organisator.ch\\\/#organization\"},\"potentialAction\":[{\"@type\":\"SearchAction\",\"target\":{\"@type\":\"EntryPoint\",\"urlTemplate\":\"https:\\\/\\\/www.organisator.ch\\\/?s={search_term_string}\"},\"query-input\":{\"@type\":\"PropertyValueSpecification\",\"valueRequired\":true,\"valueName\":\"search_term_string\"}}],\"inLanguage\":\"fr-FR\"},{\"@type\":\"Organization\",\"@id\":\"https:\\\/\\\/www.organisator.ch\\\/#organization\",\"name\":\"Organisator\",\"url\":\"https:\\\/\\\/www.organisator.ch\\\/\",\"logo\":{\"@type\":\"ImageObject\",\"inLanguage\":\"fr-FR\",\"@id\":\"https:\\\/\\\/www.organisator.ch\\\/#\\\/schema\\\/logo\\\/image\\\/\",\"url\":\"https:\\\/\\\/www.organisator.ch\\\/wp-content\\\/uploads\\\/2022\\\/01\\\/Logo_Organisator_Website.png\",\"contentUrl\":\"https:\\\/\\\/www.organisator.ch\\\/wp-content\\\/uploads\\\/2022\\\/01\\\/Logo_Organisator_Website.png\",\"width\":800,\"height\":77,\"caption\":\"Organisator\"},\"image\":{\"@id\":\"https:\\\/\\\/www.organisator.ch\\\/#\\\/schema\\\/logo\\\/image\\\/\"},\"sameAs\":[\"https:\\\/\\\/www.facebook.com\\\/OrganisatorFachmagazin\",\"https:\\\/\\\/www.linkedin.com\\\/showcase\\\/organisator-das-magazin-fr-kmu\",\"https:\\\/\\\/www.xing.com\\\/news\\\/pages\\\/organisator-ch-695\",\"https:\\\/\\\/www.youtube.com\\\/channel\\\/UCGP2Sq0iWaZwT3BdIAQFYpw\"]},{\"@type\":\"Person\",\"@id\":\"https:\\\/\\\/www.organisator.ch\\\/#\\\/schema\\\/person\\\/4e51799071cd2dd1232ac003643ef5f0\",\"name\":\"galledia\",\"image\":{\"@type\":\"ImageObject\",\"inLanguage\":\"fr-FR\",\"@id\":\"https:\\\/\\\/secure.gravatar.com\\\/avatar\\\/78a7f90c01fc2bfc875782a0d4922b37cde2cf184ce347b91316d23cd7f69a36?s=96&d=mm&r=g\",\"url\":\"https:\\\/\\\/secure.gravatar.com\\\/avatar\\\/78a7f90c01fc2bfc875782a0d4922b37cde2cf184ce347b91316d23cd7f69a36?s=96&d=mm&r=g\",\"contentUrl\":\"https:\\\/\\\/secure.gravatar.com\\\/avatar\\\/78a7f90c01fc2bfc875782a0d4922b37cde2cf184ce347b91316d23cd7f69a36?s=96&d=mm&r=g\",\"caption\":\"galledia\"},\"sameAs\":[\"https:\\\/\\\/x.com\\\/admin\"],\"url\":\"https:\\\/\\\/www.organisator.ch\\\/fr\\\/author\\\/galledia\\\/\"}]}<\/script>\n<!-- \/ Yoast SEO plugin. -->","yoast_head_json":{"title":"Green IT : l'informatique durable, cl\u00e9 de la comp\u00e9titivit\u00e9 - Organisateur","description":"Green IT r\u00e9duit les \u00e9missions de CO2 dans les centres de donn\u00e9es. D\u00e9couvrez comment l'informatique durable contribue au respect de l'environnement.","robots":{"index":"index","follow":"follow","max-snippet":"max-snippet:-1","max-image-preview":"max-image-preview:large","max-video-preview":"max-video-preview:-1"},"canonical":"https:\/\/www.organisator.ch\/fr\/excellence-operationnelle\/2022-08-09\/green-it-it-durable-comme-cle-de-la-competitivite\/","og_locale":"fr_FR","og_type":"article","og_title":"Green IT: Nachhaltige IT als Schl\u00fcssel zur Wettbewerbsf\u00e4higkeit - Organisator","og_description":"Green IT reduziert CO2-Emissionen in Rechenzentren. Erfahren Sie, wie nachhaltige IT zur Umweltfreundlichkeit beitr\u00e4gt.","og_url":"https:\/\/www.organisator.ch\/fr\/excellence-operationnelle\/2022-08-09\/green-it-it-durable-comme-cle-de-la-competitivite\/","og_site_name":"Organisator","article_publisher":"https:\/\/www.facebook.com\/OrganisatorFachmagazin","article_published_time":"2022-08-09T11:34:04+00:00","article_modified_time":"2024-11-19T12:59:59+00:00","author":"galledia","twitter_card":"summary_large_image","twitter_creator":"@admin","schema":{"@context":"https:\/\/schema.org","@graph":[{"@type":"Article","@id":"https:\/\/www.organisator.ch\/operational-excellence\/2022-08-09\/green-it-nachhaltige-it-als-schluessel-zur-wettbewerbsfaehigkeit\/#article","isPartOf":{"@id":"https:\/\/www.organisator.ch\/operational-excellence\/2022-08-09\/green-it-nachhaltige-it-als-schluessel-zur-wettbewerbsfaehigkeit\/"},"author":{"name":"galledia","@id":"https:\/\/www.organisator.ch\/#\/schema\/person\/4e51799071cd2dd1232ac003643ef5f0"},"headline":"Green IT: Nachhaltige IT als Schl\u00fcssel zur Wettbewerbsf\u00e4higkeit","datePublished":"2022-08-09T11:34:04+00:00","dateModified":"2024-11-19T12:59:59+00:00","mainEntityOfPage":{"@id":"https:\/\/www.organisator.ch\/operational-excellence\/2022-08-09\/green-it-nachhaltige-it-als-schluessel-zur-wettbewerbsfaehigkeit\/"},"wordCount":755,"publisher":{"@id":"https:\/\/www.organisator.ch\/#organization"},"image":{"@id":"https:\/\/www.organisator.ch\/operational-excellence\/2022-08-09\/green-it-nachhaltige-it-als-schluessel-zur-wettbewerbsfaehigkeit\/#primaryimage"},"thumbnailUrl":"https:\/\/www.m-q.ch\/wp-content\/uploads\/2022\/08\/Green-IT-Nachhaltige-IT-als-Schluessel-zur-Wettbewerbsfaehigkeit_MQ.jpg","keywords":["CO2","Digitalisierung","Green IT","Nachhaltigkeit","Rechenzentren"],"articleSection":["OPERATIONAL EXCELLENCE"],"inLanguage":"fr-FR"},{"@type":"WebPage","@id":"https:\/\/www.organisator.ch\/operational-excellence\/2022-08-09\/green-it-nachhaltige-it-als-schluessel-zur-wettbewerbsfaehigkeit\/","url":"https:\/\/www.organisator.ch\/operational-excellence\/2022-08-09\/green-it-nachhaltige-it-als-schluessel-zur-wettbewerbsfaehigkeit\/","name":"Green IT : l'informatique durable, cl\u00e9 de la comp\u00e9titivit\u00e9 - Organisateur","isPartOf":{"@id":"https:\/\/www.organisator.ch\/#website"},"primaryImageOfPage":{"@id":"https:\/\/www.organisator.ch\/operational-excellence\/2022-08-09\/green-it-nachhaltige-it-als-schluessel-zur-wettbewerbsfaehigkeit\/#primaryimage"},"image":{"@id":"https:\/\/www.organisator.ch\/operational-excellence\/2022-08-09\/green-it-nachhaltige-it-als-schluessel-zur-wettbewerbsfaehigkeit\/#primaryimage"},"thumbnailUrl":"https:\/\/www.m-q.ch\/wp-content\/uploads\/2022\/08\/Green-IT-Nachhaltige-IT-als-Schluessel-zur-Wettbewerbsfaehigkeit_MQ.jpg","datePublished":"2022-08-09T11:34:04+00:00","dateModified":"2024-11-19T12:59:59+00:00","description":"Green IT r\u00e9duit les \u00e9missions de CO2 dans les centres de donn\u00e9es. D\u00e9couvrez comment l'informatique durable contribue au respect de l'environnement.","breadcrumb":{"@id":"https:\/\/www.organisator.ch\/operational-excellence\/2022-08-09\/green-it-nachhaltige-it-als-schluessel-zur-wettbewerbsfaehigkeit\/#breadcrumb"},"inLanguage":"fr-FR","potentialAction":[{"@type":"ReadAction","target":["https:\/\/www.organisator.ch\/operational-excellence\/2022-08-09\/green-it-nachhaltige-it-als-schluessel-zur-wettbewerbsfaehigkeit\/"]}]},{"@type":"ImageObject","inLanguage":"fr-FR","@id":"https:\/\/www.organisator.ch\/operational-excellence\/2022-08-09\/green-it-nachhaltige-it-als-schluessel-zur-wettbewerbsfaehigkeit\/#primaryimage","url":"https:\/\/www.m-q.ch\/wp-content\/uploads\/2022\/08\/Green-IT-Nachhaltige-IT-als-Schluessel-zur-Wettbewerbsfaehigkeit_MQ.jpg","contentUrl":"https:\/\/www.m-q.ch\/wp-content\/uploads\/2022\/08\/Green-IT-Nachhaltige-IT-als-Schluessel-zur-Wettbewerbsfaehigkeit_MQ.jpg"},{"@type":"BreadcrumbList","@id":"https:\/\/www.organisator.ch\/operational-excellence\/2022-08-09\/green-it-nachhaltige-it-als-schluessel-zur-wettbewerbsfaehigkeit\/#breadcrumb","itemListElement":[{"@type":"ListItem","position":1,"name":"Home","item":"https:\/\/www.organisator.ch\/"},{"@type":"ListItem","position":2,"name":"Green IT: Nachhaltige IT als Schl\u00fcssel zur Wettbewerbsf\u00e4higkeit"}]},{"@type":"WebSite","@id":"https:\/\/www.organisator.ch\/#website","url":"https:\/\/www.organisator.ch\/","name":"Organisateur","description":"Comp\u00e9tence et comp\u00e9tence. Proches de la pratique. L'ORGANISATEUR pr\u00e9pare 10 num\u00e9ros par an sur les th\u00e8mes essentiels pour les dirigeants de PME.","publisher":{"@id":"https:\/\/www.organisator.ch\/#organization"},"potentialAction":[{"@type":"SearchAction","target":{"@type":"EntryPoint","urlTemplate":"https:\/\/www.organisator.ch\/?s={search_term_string}"},"query-input":{"@type":"PropertyValueSpecification","valueRequired":true,"valueName":"search_term_string"}}],"inLanguage":"fr-FR"},{"@type":"Organization","@id":"https:\/\/www.organisator.ch\/#organization","name":"Organisateur","url":"https:\/\/www.organisator.ch\/","logo":{"@type":"ImageObject","inLanguage":"fr-FR","@id":"https:\/\/www.organisator.ch\/#\/schema\/logo\/image\/","url":"https:\/\/www.organisator.ch\/wp-content\/uploads\/2022\/01\/Logo_Organisator_Website.png","contentUrl":"https:\/\/www.organisator.ch\/wp-content\/uploads\/2022\/01\/Logo_Organisator_Website.png","width":800,"height":77,"caption":"Organisator"},"image":{"@id":"https:\/\/www.organisator.ch\/#\/schema\/logo\/image\/"},"sameAs":["https:\/\/www.facebook.com\/OrganisatorFachmagazin","https:\/\/www.linkedin.com\/showcase\/organisator-das-magazin-fr-kmu","https:\/\/www.xing.com\/news\/pages\/organisator-ch-695","https:\/\/www.youtube.com\/channel\/UCGP2Sq0iWaZwT3BdIAQFYpw"]},{"@type":"Person","@id":"https:\/\/www.organisator.ch\/#\/schema\/person\/4e51799071cd2dd1232ac003643ef5f0","name":"galledia","image":{"@type":"ImageObject","inLanguage":"fr-FR","@id":"https:\/\/secure.gravatar.com\/avatar\/78a7f90c01fc2bfc875782a0d4922b37cde2cf184ce347b91316d23cd7f69a36?s=96&d=mm&r=g","url":"https:\/\/secure.gravatar.com\/avatar\/78a7f90c01fc2bfc875782a0d4922b37cde2cf184ce347b91316d23cd7f69a36?s=96&d=mm&r=g","contentUrl":"https:\/\/secure.gravatar.com\/avatar\/78a7f90c01fc2bfc875782a0d4922b37cde2cf184ce347b91316d23cd7f69a36?s=96&d=mm&r=g","caption":"galledia"},"sameAs":["https:\/\/x.com\/admin"],"url":"https:\/\/www.organisator.ch\/fr\/author\/galledia\/"}]}},"_links":{"self":[{"href":"https:\/\/www.organisator.ch\/fr\/wp-json\/wp\/v2\/posts\/16393","targetHints":{"allow":["GET"]}}],"collection":[{"href":"https:\/\/www.organisator.ch\/fr\/wp-json\/wp\/v2\/posts"}],"about":[{"href":"https:\/\/www.organisator.ch\/fr\/wp-json\/wp\/v2\/types\/post"}],"author":[{"embeddable":true,"href":"https:\/\/www.organisator.ch\/fr\/wp-json\/wp\/v2\/users\/8"}],"replies":[{"embeddable":true,"href":"https:\/\/www.organisator.ch\/fr\/wp-json\/wp\/v2\/comments?post=16393"}],"version-history":[{"count":3,"href":"https:\/\/www.organisator.ch\/fr\/wp-json\/wp\/v2\/posts\/16393\/revisions"}],"predecessor-version":[{"id":33534,"href":"https:\/\/www.organisator.ch\/fr\/wp-json\/wp\/v2\/posts\/16393\/revisions\/33534"}],"wp:attachment":[{"href":"https:\/\/www.organisator.ch\/fr\/wp-json\/wp\/v2\/media?parent=16393"}],"wp:term":[{"taxonomy":"category","embeddable":true,"href":"https:\/\/www.organisator.ch\/fr\/wp-json\/wp\/v2\/categories?post=16393"},{"taxonomy":"post_tag","embeddable":true,"href":"https:\/\/www.organisator.ch\/fr\/wp-json\/wp\/v2\/tags?post=16393"}],"curies":[{"name":"wp","href":"https:\/\/api.w.org\/{rel}","templated":true}]}}