{"id":16399,"date":"2022-08-10T09:08:24","date_gmt":"2022-08-10T07:08:24","guid":{"rendered":"https:\/\/www.organisator.ch\/?p=16399"},"modified":"2022-08-10T09:08:24","modified_gmt":"2022-08-10T07:08:24","slug":"les-voyages-daffaires-deviennent-nettement-plus-chers-en-2023","status":"publish","type":"post","link":"https:\/\/www.organisator.ch\/fr\/allgemein\/2022-08-10\/dienstreisen-werden-2023-deutlich-teurer\/","title":{"rendered":"Les missions co\u00fbteront beaucoup plus cher en 2023"},"content":{"rendered":"<figure id=\"attachment_16400\" aria-describedby=\"caption-attachment-16400\" style=\"width: 680px\" class=\"wp-caption alignnone\"><img loading=\"lazy\" decoding=\"async\" class=\"size-full wp-image-16400\" src=\"https:\/\/www.organisator.ch\/wp-content\/uploads\/2022\/08\/Dienstreisen-werden-2023-deutlich-teurer-1_Organisator.jpg\" alt=\"\" width=\"680\" height=\"374\" srcset=\"https:\/\/www.organisator.ch\/wp-content\/uploads\/2022\/08\/Dienstreisen-werden-2023-deutlich-teurer-1_Organisator.jpg 680w, https:\/\/www.organisator.ch\/wp-content\/uploads\/2022\/08\/Dienstreisen-werden-2023-deutlich-teurer-1_Organisator-18x10.jpg 18w, https:\/\/www.organisator.ch\/wp-content\/uploads\/2022\/08\/Dienstreisen-werden-2023-deutlich-teurer-1_Organisator-318x175.jpg 318w, https:\/\/www.organisator.ch\/wp-content\/uploads\/2022\/08\/Dienstreisen-werden-2023-deutlich-teurer-1_Organisator-636x350.jpg 636w, https:\/\/www.organisator.ch\/wp-content\/uploads\/2022\/08\/Dienstreisen-werden-2023-deutlich-teurer-1_Organisator-300x165.jpg 300w\" sizes=\"auto, (max-width: 680px) 100vw, 680px\" \/><figcaption id=\"caption-attachment-16400\" class=\"wp-caption-text\">Il n'y a pas que les avions qui d\u00e9collent \u00e0 nouveau : les d\u00e9penses li\u00e9es aux voyages d'affaires vont \u00e9galement continuer \u00e0 augmenter. (Image : Unsplash.com)<\/figcaption><\/figure>\n<p>Les prix des voyages dans le monde entier devraient continuer \u00e0 augmenter au cours des mois restants de l'ann\u00e9e 2022 et tout au long de l'ann\u00e9e 2023. C'est ce que r\u00e9v\u00e8le le Global Business Travel Forecast 2023, publi\u00e9 par le prestataire de services de voyages d'affaires CWT en collaboration avec la Global Business Travel Association (<a href=\"https:\/\/www.gbta.org\/\">GBTA<\/a>), le porte-parole de l'industrie mondiale du voyage d'affaires, a \u00e9t\u00e9 publi\u00e9. La hausse des prix du carburant, les p\u00e9nuries de main-d'\u0153uvre et les pressions inflationnistes sur les co\u00fbts des mati\u00e8res premi\u00e8res sont les principaux facteurs de l'augmentation attendue des prix des voyages d'affaires, selon le rapport qui utilise des donn\u00e9es anonymes de CWT et GBTA avec des informations publiques sur le secteur, ainsi que des mod\u00e9lisations \u00e9conom\u00e9triques et statistiques de l'institut Avrio.<\/p>\n<p>\"La demande de voyages d'affaires et de r\u00e9unions est de retour, cela ne fait aucun doute\", constate Patrick Andersen, Chief Executive Officer de CWT. \"La p\u00e9nurie de main-d'\u0153uvre dans l'ensemble du secteur des voyages et de l'h\u00f4tellerie, la hausse des prix des mati\u00e8res premi\u00e8res et une plus grande sensibilisation aux voyages responsables ont un impact sur les services, mais les prix pr\u00e9vus sont globalement au niveau de 2019\". Et Suzanne Neufang, CEO de la GBTA, d'ajouter : \"Ce que nous voyons maintenant, ce sont plusieurs facteurs qui entrent en jeu lorsque les acheteurs de voyages d'affaires et les responsables de l'approvisionnement mod\u00e9lisent leurs programmes de voyage. Cette huiti\u00e8me pr\u00e9vision annuelle commune combine les donn\u00e9es statistiques sur les voyages et l'analyse des tendances avec les influences macro\u00e9conomiques afin de fournir un point de r\u00e9f\u00e9rence important pour la planification des voyages d'affaires\".<\/p>\n<h3>Influences macro\u00e9conomiques<\/h3>\n<p>L'\u00e9conomie mondiale s'est contract\u00e9e de 3,4 % en 2020, subissant ainsi l'un des plus forts reculs depuis la Seconde Guerre mondiale. Les secteurs des services, y compris celui des voyages et de l'h\u00f4tellerie, ont \u00e9t\u00e9 particuli\u00e8rement touch\u00e9s, mais l'\u00e9conomie mondiale s'est rapidement redress\u00e9e apr\u00e8s avoir touch\u00e9 le fond en 2020 et a enregistr\u00e9 une croissance de 5,8 % en 2021. La croissance \u00e9conomique s'affaiblit au fur et \u00e0 mesure de la reprise, bien que l'on s'inqui\u00e8te de plus en plus d'une nouvelle r\u00e9cession. Le sc\u00e9nario de base actuel pour 2022 pr\u00e9voit une croissance de 3 %, suivie d'une croissance de 2,8 % en 2023. Les pr\u00e9visions mondiales pour les voyages d'affaires en 2023 mettent \u00e9galement en \u00e9vidence les trois principales forces qui exercent une pression sur l'\u00e9conomie et le secteur des voyages d'affaires. Il s'agit notamment de l'invasion de l'Ukraine par la Russie, associ\u00e9e \u00e0 d'autres incertitudes g\u00e9opolitiques, des pressions inflationnistes qui font grimper les co\u00fbts et du risque de nouvelles \u00e9pid\u00e9mies de COVID, qui pourraient limiter les voyages d'affaires ou de service.<\/p>\n<p>Inversement, le rapport souligne que les entreprises placent la durabilit\u00e9 au premier rang de leurs priorit\u00e9s et que la lutte contre le changement climatique est de plus en plus importante. Le rapport souligne qu'une plus grande visibilit\u00e9 des options de voyage plus respectueuses de l'environnement sur les lieux de vente, ainsi que la r\u00e9alisation d'empreintes carbone et d'\u00e9tudes d'impact sur l'environnement, sont autant d'opportunit\u00e9s pour le secteur du voyage de contribuer activement \u00e0 une prise de d\u00e9cision responsable.<\/p>\n<h3>R\u00e9unions et \u00e9v\u00e9nements<\/h3>\n<p>Les prix ont augment\u00e9 dans toutes les r\u00e9gions dans la plupart des cat\u00e9gories de d\u00e9penses, aliment\u00e9s par le besoin de rattrapage, le d\u00e9sir de renforcer la culture d'entreprise et les perspectives \u00e9conomiques incertaines. On s'attend \u00e0 ce que les co\u00fbts par participant pour les r\u00e9unions et les \u00e9v\u00e9nements soient sup\u00e9rieurs d'environ 25 % en 2022 par rapport \u00e0 2019, et on pr\u00e9voit une nouvelle augmentation de 7 % en 2023. Outre le rattrapage, les \u00e9v\u00e9nements d'entreprise sont d\u00e9sormais en concurrence avec de nombreux autres types d'\u00e9v\u00e9nements qui ont \u00e9t\u00e9 annul\u00e9s en 2020. Et comme de nombreuses entreprises ont abandonn\u00e9 leurs bureaux pendant la pand\u00e9mie au profit du travail \u00e0 distance, elles r\u00e9servent maintenant des salles de r\u00e9union pour que les employ\u00e9s puissent se rencontrer en personne, ce qui ne fait qu'alimenter la demande.<\/p>\n<p>Des d\u00e9lais plus courts pour les \u00e9v\u00e9nements, qui varient de six \u00e0 douze mois \u00e0 un \u00e0 trois mois, contribuent \u00e9galement \u00e0 cette \"temp\u00eate parfaite\", peut-\u00eatre soulign\u00e9e par l'inqui\u00e9tude des entreprises quant au fait que la situation actuelle pourrait \u00e9voluer tr\u00e8s rapidement. Cela se ressent particuli\u00e8rement dans la r\u00e9gion Asie-Pacifique, o\u00f9 la r\u00e9ouverture apr\u00e8s la pand\u00e9mie a \u00e9t\u00e9 plus lente que dans d'autres r\u00e9gions, les restrictions persistantes en Chine incitant les clients \u00e0 s'assurer que leurs \u00e9v\u00e9nements pourront avoir lieu, et ce le plus rapidement possible.<\/p>\n<h3>Vols pour les missions<\/h3>\n<p>Les prix des billets d'avion pour les missions ont diminu\u00e9 de plus de 12 % en 2020 par rapport \u00e0 2019, suivis d'une nouvelle baisse de 26 % en 2021. Les prix des billets \u00e9conomiques ont diminu\u00e9 de plus de 24 % entre 2019 et 2021, tandis que les prix des billets haut de gamme ont baiss\u00e9 de 33 %. Une hausse des prix de 48,5 % est pr\u00e9vue pour 2022, mais m\u00eame avec cette forte augmentation, les prix devraient rester inf\u00e9rieurs aux niveaux d'avant la pand\u00e9mie jusqu'en 2023. Apr\u00e8s une hausse de 48,5 % en 2022, les prix devraient augmenter de 8,4 % en 2023.<br \/>\nL'augmentation de la demande et la hausse continue du prix du k\u00e9ros\u00e8ne, qui a entra\u00een\u00e9 un doublement des prix sur certains march\u00e9s \u00e0 plus de 160 $\/baril selon S&amp;P Global, exercent une pression \u00e0 la hausse sur les prix des billets. Les billets de premi\u00e8re classe ont repr\u00e9sent\u00e9 plus de 7 % de tous les billets achet\u00e9s en 2019. La part de ces billets haut de gamme a chut\u00e9 \u00e0 6,5 % en 2020 et \u00e0 4,5 % en 2021, mais elle augmente \u00e0 nouveau depuis 2022. Au premier semestre, les billets premium repr\u00e9sentaient 6,2 % de tous les billets achet\u00e9s. Une augmentation de la part des billets premium entra\u00eenera une hausse du prix moyen des billets, \u00e9tant donn\u00e9 que le prix moyen des billets se compose de la classe \u00e9conomique et de la classe premium.<\/p>\n<figure id=\"attachment_16401\" aria-describedby=\"caption-attachment-16401\" style=\"width: 680px\" class=\"wp-caption alignnone\"><img loading=\"lazy\" decoding=\"async\" class=\"size-full wp-image-16401\" src=\"https:\/\/www.organisator.ch\/wp-content\/uploads\/2022\/08\/Dienstreisen-werden-2023-deutlich-teurer-2_Organisator.jpg\" alt=\"\" width=\"680\" height=\"334\" srcset=\"https:\/\/www.organisator.ch\/wp-content\/uploads\/2022\/08\/Dienstreisen-werden-2023-deutlich-teurer-2_Organisator.jpg 680w, https:\/\/www.organisator.ch\/wp-content\/uploads\/2022\/08\/Dienstreisen-werden-2023-deutlich-teurer-2_Organisator-18x9.jpg 18w, https:\/\/www.organisator.ch\/wp-content\/uploads\/2022\/08\/Dienstreisen-werden-2023-deutlich-teurer-2_Organisator-356x175.jpg 356w, https:\/\/www.organisator.ch\/wp-content\/uploads\/2022\/08\/Dienstreisen-werden-2023-deutlich-teurer-2_Organisator-300x147.jpg 300w\" sizes=\"auto, (max-width: 680px) 100vw, 680px\" \/><figcaption id=\"caption-attachment-16401\" class=\"wp-caption-text\">\u00c9volution des prix des vols. (Source : CWT \/ GBTA)<\/figcaption><\/figure>\n<p>Les r\u00e9servations internationales et transfrontali\u00e8res se redressent dans la plupart des r\u00e9gions, ce qui entra\u00eenera une augmentation de la part des r\u00e9servations de billets internationaux et une hausse correspondante du prix moyen des billets, malgr\u00e9 les incertitudes li\u00e9es \u00e0 la guerre en Ukraine. Apr\u00e8s deux ann\u00e9es de d\u00e9penses minimales ou nulles, les voyageurs d'affaires seront probablement pr\u00eats \u00e0 d\u00e9penser davantage en billets, d'autant plus que la disponibilit\u00e9 diminue en raison de la p\u00e9nurie de main-d'\u0153uvre. Cette tendance \u00e0 la hausse s'explique en grande partie par l'introduction de vaccins et la r\u00e9ouverture des fronti\u00e8res.<\/p>\n<h3>H\u00f4tels et location de voiture<\/h3>\n<p>Les prix des h\u00f4tels ont baiss\u00e9 de 13,3 % en 2020 par rapport \u00e0 2019 et de 9,5 % suppl\u00e9mentaires en 2021, mais le rapport pr\u00e9voit qu'ils augmenteront de 18,5 % en 2022, suivis d'une hausse de 8,2 % en 2023. Dans certaines r\u00e9gions, telles que l'Europe, le Moyen-Orient et l'Afrique, ainsi que l'Am\u00e9rique du Nord, les prix des h\u00f4tels ont d\u00e9j\u00e0 d\u00e9pass\u00e9 les niveaux de 2019, et l'on s'attend \u00e0 ce que ce soit le cas dans le monde entier d'ici 2023. Les prix des h\u00f4tels ont d\u00e9j\u00e0 fortement augment\u00e9 dans certaines parties du monde, notamment de 22 % en Am\u00e9rique du Nord et, selon les pr\u00e9visions, de 31,8 % en Europe, au Moyen-Orient et en Afrique, en raison d'une reprise acc\u00e9l\u00e9r\u00e9e associ\u00e9e \u00e0 des contraintes de capacit\u00e9 persistantes. La hausse des tarifs h\u00f4teliers a d'abord \u00e9t\u00e9 aliment\u00e9e par le fort trafic de loisirs en 2021, mais le trafic de groupes pour les r\u00e9unions et \u00e9v\u00e9nements d'entreprise est en hausse, et le trafic d'affaires temporaire prend \u00e9galement un essor consid\u00e9rable, ce qui accro\u00eet encore la pression sur les tarifs h\u00f4teliers moyens par jour.<\/p>\n<figure id=\"attachment_16402\" aria-describedby=\"caption-attachment-16402\" style=\"width: 680px\" class=\"wp-caption alignnone\"><img loading=\"lazy\" decoding=\"async\" class=\"size-full wp-image-16402\" src=\"https:\/\/www.organisator.ch\/wp-content\/uploads\/2022\/08\/Dienstreisen-werden-2023-deutlich-teurer-4_Organisator.jpg\" alt=\"\" width=\"680\" height=\"329\" srcset=\"https:\/\/www.organisator.ch\/wp-content\/uploads\/2022\/08\/Dienstreisen-werden-2023-deutlich-teurer-4_Organisator.jpg 680w, https:\/\/www.organisator.ch\/wp-content\/uploads\/2022\/08\/Dienstreisen-werden-2023-deutlich-teurer-4_Organisator-18x9.jpg 18w, https:\/\/www.organisator.ch\/wp-content\/uploads\/2022\/08\/Dienstreisen-werden-2023-deutlich-teurer-4_Organisator-362x175.jpg 362w, https:\/\/www.organisator.ch\/wp-content\/uploads\/2022\/08\/Dienstreisen-werden-2023-deutlich-teurer-4_Organisator-300x145.jpg 300w\" sizes=\"auto, (max-width: 680px) 100vw, 680px\" \/><figcaption id=\"caption-attachment-16402\" class=\"wp-caption-text\">Voici comment les prix des h\u00f4tels ont \u00e9volu\u00e9. (Source : CWT\/GBTA)<\/figcaption><\/figure>\n<p>Les prix mondiaux de la location de voitures ont diminu\u00e9 de 2,5 % en 2020 par rapport \u00e0 2019, avant d'augmenter de 5,1 % en 2021. On s'attend \u00e0 ce que les prix augmentent de 7,3 % en 2022, atteignant ainsi un nouveau sommet, et \u00e0 ce qu'ils augmentent encore de 6,8 % en 2023. Les raisons de cette hausse sont multiples : l'industrie automobile conna\u00eet toujours des probl\u00e8mes de capacit\u00e9 et les loueurs de voitures, qui ont r\u00e9duit leur parc apr\u00e8s la pand\u00e9mie, ne se sont pas encore compl\u00e8tement r\u00e9tablis. Les loueurs de voitures ont commenc\u00e9 \u00e0 acheter des v\u00e9hicules d'occasion pour augmenter la taille de leur flotte et conservent leurs v\u00e9hicules plus longtemps. Certains loueurs ach\u00e8tent \u00e9galement des v\u00e9hicules de constructeurs qui ne font pas partie des marques qu'ils soutiennent traditionnellement.<\/p>\n<figure id=\"attachment_16403\" aria-describedby=\"caption-attachment-16403\" style=\"width: 680px\" class=\"wp-caption alignnone\"><img loading=\"lazy\" decoding=\"async\" class=\"size-full wp-image-16403\" src=\"https:\/\/www.organisator.ch\/wp-content\/uploads\/2022\/08\/Dienstreisen-werden-2023-deutlich-teurer-3_Organisator.jpg\" alt=\"\" width=\"680\" height=\"302\" srcset=\"https:\/\/www.organisator.ch\/wp-content\/uploads\/2022\/08\/Dienstreisen-werden-2023-deutlich-teurer-3_Organisator.jpg 680w, https:\/\/www.organisator.ch\/wp-content\/uploads\/2022\/08\/Dienstreisen-werden-2023-deutlich-teurer-3_Organisator-18x8.jpg 18w, https:\/\/www.organisator.ch\/wp-content\/uploads\/2022\/08\/Dienstreisen-werden-2023-deutlich-teurer-3_Organisator-375x167.jpg 375w, https:\/\/www.organisator.ch\/wp-content\/uploads\/2022\/08\/Dienstreisen-werden-2023-deutlich-teurer-3_Organisator-300x133.jpg 300w\" sizes=\"auto, (max-width: 680px) 100vw, 680px\" \/><figcaption id=\"caption-attachment-16403\" class=\"wp-caption-text\">Les voyages en train ou en bus sont \u00e9galement plus co\u00fbteux que r\u00e9cemment. (Source : CWT\/GBTA)<\/figcaption><\/figure>\n<p>L'envol\u00e9e des prix, la p\u00e9nurie de v\u00e9hicules et la n\u00e9cessit\u00e9 de surveiller les \u00e9missions de dioxyde de carbone de porte \u00e0 porte incitent les responsables des voyages d'affaires \u00e0 int\u00e9grer le transport terrestre d\u00e8s le d\u00e9part dans l'ensemble de la planification des d\u00e9placements. Ceci est particuli\u00e8rement vrai si l'on consid\u00e8re l'inclusion des v\u00e9hicules \u00e9lectriques. M\u00eame s'il faudra attendre encore quelques ann\u00e9es avant qu'ils soient largement adopt\u00e9s, il ne faut pas sous-estimer la pr\u00e9f\u00e9rence personnelle.<\/p>\n<p><em>Source : <a href=\"https:\/\/www.mycwt.com\/\">CWT<\/a><\/em><\/p>","protected":false},"excerpt":{"rendered":"<p>Die weltweiten Reisepreise werden in den verbleibenden Monaten des Jahres 2022 und im gesamten Jahr 2023 voraussichtlich weiter steigen. Dies geht aus dem Global Business Travel Forecast 2023 hervor, der vom Gesch\u00e4ftsreisen-Dienstleister CWT gemeinsam mit der Global Business Travel Association (GBTA), dem Sprachrohr der weltweiten Gesch\u00e4ftsreisebranche, ver\u00f6ffentlicht wurde. Steigende Treibstoffpreise, Arbeitskr\u00e4ftemangel und Inflationsdruck bei den [&hellip;]<\/p>\n","protected":false},"author":4,"featured_media":16400,"comment_status":"closed","ping_status":"closed","sticky":false,"template":"","format":"standard","meta":{"_acf_changed":false,"_yoast_wpseo_focuskw":"Dienstreisen","_yoast_wpseo_metadesc":"Gem\u00e4ss dem Gesch\u00e4ftsreise-Dienstleister CWT wird man f\u00fcr Dienstreisen im Jahr 2023 mehr Geld f\u00fcr Flug, Hotel und Mietwagen brauchen.","articlekey":"","footnotes":""},"categories":[1],"tags":[202,239,310],"class_list":["post-16399","post","type-post","status-publish","format-standard","has-post-thumbnail","hentry","category-allgemein","tag-finanzenrecht","tag-geschaeftsreisen","tag-konjunktur"],"acf":[],"yoast_head":"<!-- This site is optimized with the Yoast SEO plugin v27.5 - https:\/\/yoast.com\/product\/yoast-seo-wordpress\/ -->\n<title>Dienstreisen werden 2023 deutlich teurer - Organisator<\/title>\n<meta name=\"description\" content=\"Gem\u00e4ss dem Gesch\u00e4ftsreise-Dienstleister CWT wird man f\u00fcr Dienstreisen im Jahr 2023 mehr Geld f\u00fcr Flug, Hotel und Mietwagen brauchen.\" \/>\n<meta name=\"robots\" content=\"index, follow, max-snippet:-1, max-image-preview:large, max-video-preview:-1\" \/>\n<link rel=\"canonical\" href=\"https:\/\/www.organisator.ch\/fr\/general\/2022-08-10\/les-voyages-daffaires-deviennent-nettement-plus-chers-en-2023\/\" \/>\n<meta property=\"og:locale\" content=\"fr_FR\" \/>\n<meta property=\"og:type\" content=\"article\" \/>\n<meta property=\"og:title\" content=\"Dienstreisen werden 2023 deutlich teurer\" \/>\n<meta property=\"og:description\" content=\"Gem\u00e4ss dem Gesch\u00e4ftsreise-Dienstleister CWT wird man f\u00fcr Dienstreisen im Jahr 2023 mehr Geld f\u00fcr Flug, Hotel und Mietwagen brauchen.\" \/>\n<meta property=\"og:url\" content=\"https:\/\/www.organisator.ch\/fr\/general\/2022-08-10\/les-voyages-daffaires-deviennent-nettement-plus-chers-en-2023\/\" \/>\n<meta property=\"og:site_name\" content=\"Organisator\" \/>\n<meta property=\"article:publisher\" content=\"https:\/\/www.facebook.com\/OrganisatorFachmagazin\" \/>\n<meta property=\"article:published_time\" content=\"2022-08-10T07:08:24+00:00\" \/>\n<meta property=\"og:image\" content=\"https:\/\/www.organisator.ch\/wp-content\/uploads\/2022\/08\/Dienstreisen-werden-2023-deutlich-teurer-1_Organisator.jpg\" \/>\n\t<meta property=\"og:image:width\" content=\"680\" \/>\n\t<meta property=\"og:image:height\" content=\"374\" \/>\n\t<meta property=\"og:image:type\" content=\"image\/jpeg\" \/>\n<meta name=\"author\" content=\"thomas.berner\" \/>\n<meta name=\"twitter:card\" content=\"summary_large_image\" \/>\n<meta name=\"twitter:title\" content=\"#Dienstreisen werden 2023 deutlich teurer\" \/>\n<meta name=\"twitter:description\" content=\"Gem\u00e4ss dem #Gesch\u00e4ftsreise-Dienstleister #CWT wird man f\u00fcr #Dienstreisen im Jahr 2023 mehr Geld f\u00fcr Flug, Hotel und Mietwagen brauchen.\" \/>\n<meta name=\"twitter:image\" content=\"https:\/\/www.organisator.ch\/wp-content\/uploads\/2022\/08\/Dienstreisen-werden-2023-deutlich-teurer-1_Organisator.jpg\" \/>\n<script type=\"application\/ld+json\" class=\"yoast-schema-graph\">{\"@context\":\"https:\\\/\\\/schema.org\",\"@graph\":[{\"@type\":\"Article\",\"@id\":\"https:\\\/\\\/www.organisator.ch\\\/it\\\/generale\\\/2022-08-10\\\/i-viaggi-daffari-diventano-2023-significativamente-piu-costosi\\\/#article\",\"isPartOf\":{\"@id\":\"https:\\\/\\\/www.organisator.ch\\\/it\\\/generale\\\/2022-08-10\\\/i-viaggi-daffari-diventano-2023-significativamente-piu-costosi\\\/\"},\"author\":{\"name\":\"thomas.berner\",\"@id\":\"https:\\\/\\\/www.organisator.ch\\\/#\\\/schema\\\/person\\\/6f650f90b2842cd4c0cc334b4e36f67e\"},\"headline\":\"Dienstreisen werden 2023 deutlich teurer\",\"datePublished\":\"2022-08-10T07:08:24+00:00\",\"mainEntityOfPage\":{\"@id\":\"https:\\\/\\\/www.organisator.ch\\\/it\\\/generale\\\/2022-08-10\\\/i-viaggi-daffari-diventano-2023-significativamente-piu-costosi\\\/\"},\"wordCount\":1314,\"publisher\":{\"@id\":\"https:\\\/\\\/www.organisator.ch\\\/#organization\"},\"image\":{\"@id\":\"https:\\\/\\\/www.organisator.ch\\\/it\\\/generale\\\/2022-08-10\\\/i-viaggi-daffari-diventano-2023-significativamente-piu-costosi\\\/#primaryimage\"},\"thumbnailUrl\":\"https:\\\/\\\/www.organisator.ch\\\/wp-content\\\/uploads\\\/2022\\\/08\\\/Dienstreisen-werden-2023-deutlich-teurer-1_Organisator.jpg\",\"keywords\":[\"Finanzen\\\/Recht\",\"Gesch\u00e4ftsreisen\",\"Konjunktur\"],\"articleSection\":[\"Allgemein\"],\"inLanguage\":\"fr-FR\"},{\"@type\":\"WebPage\",\"@id\":\"https:\\\/\\\/www.organisator.ch\\\/it\\\/generale\\\/2022-08-10\\\/i-viaggi-daffari-diventano-2023-significativamente-piu-costosi\\\/\",\"url\":\"https:\\\/\\\/www.organisator.ch\\\/it\\\/generale\\\/2022-08-10\\\/i-viaggi-daffari-diventano-2023-significativamente-piu-costosi\\\/\",\"name\":\"Dienstreisen werden 2023 deutlich teurer - Organisator\",\"isPartOf\":{\"@id\":\"https:\\\/\\\/www.organisator.ch\\\/#website\"},\"primaryImageOfPage\":{\"@id\":\"https:\\\/\\\/www.organisator.ch\\\/it\\\/generale\\\/2022-08-10\\\/i-viaggi-daffari-diventano-2023-significativamente-piu-costosi\\\/#primaryimage\"},\"image\":{\"@id\":\"https:\\\/\\\/www.organisator.ch\\\/it\\\/generale\\\/2022-08-10\\\/i-viaggi-daffari-diventano-2023-significativamente-piu-costosi\\\/#primaryimage\"},\"thumbnailUrl\":\"https:\\\/\\\/www.organisator.ch\\\/wp-content\\\/uploads\\\/2022\\\/08\\\/Dienstreisen-werden-2023-deutlich-teurer-1_Organisator.jpg\",\"datePublished\":\"2022-08-10T07:08:24+00:00\",\"description\":\"Gem\u00e4ss dem Gesch\u00e4ftsreise-Dienstleister CWT wird man f\u00fcr Dienstreisen im Jahr 2023 mehr Geld f\u00fcr Flug, Hotel und Mietwagen brauchen.\",\"breadcrumb\":{\"@id\":\"https:\\\/\\\/www.organisator.ch\\\/it\\\/generale\\\/2022-08-10\\\/i-viaggi-daffari-diventano-2023-significativamente-piu-costosi\\\/#breadcrumb\"},\"inLanguage\":\"fr-FR\",\"potentialAction\":[{\"@type\":\"ReadAction\",\"target\":[\"https:\\\/\\\/www.organisator.ch\\\/it\\\/generale\\\/2022-08-10\\\/i-viaggi-daffari-diventano-2023-significativamente-piu-costosi\\\/\"]}]},{\"@type\":\"ImageObject\",\"inLanguage\":\"fr-FR\",\"@id\":\"https:\\\/\\\/www.organisator.ch\\\/it\\\/generale\\\/2022-08-10\\\/i-viaggi-daffari-diventano-2023-significativamente-piu-costosi\\\/#primaryimage\",\"url\":\"https:\\\/\\\/www.organisator.ch\\\/wp-content\\\/uploads\\\/2022\\\/08\\\/Dienstreisen-werden-2023-deutlich-teurer-1_Organisator.jpg\",\"contentUrl\":\"https:\\\/\\\/www.organisator.ch\\\/wp-content\\\/uploads\\\/2022\\\/08\\\/Dienstreisen-werden-2023-deutlich-teurer-1_Organisator.jpg\",\"width\":680,\"height\":374,\"caption\":\"Nicht nur die Flieger heben wieder ab: Auch die Preise f\u00fcr Dienstreisen werden weiter steigen. (Bild: Unsplash.com)\"},{\"@type\":\"BreadcrumbList\",\"@id\":\"https:\\\/\\\/www.organisator.ch\\\/it\\\/generale\\\/2022-08-10\\\/i-viaggi-daffari-diventano-2023-significativamente-piu-costosi\\\/#breadcrumb\",\"itemListElement\":[{\"@type\":\"ListItem\",\"position\":1,\"name\":\"Home\",\"item\":\"https:\\\/\\\/www.organisator.ch\\\/\"},{\"@type\":\"ListItem\",\"position\":2,\"name\":\"Dienstreisen werden 2023 deutlich teurer\"}]},{\"@type\":\"WebSite\",\"@id\":\"https:\\\/\\\/www.organisator.ch\\\/#website\",\"url\":\"https:\\\/\\\/www.organisator.ch\\\/\",\"name\":\"Organisator\",\"description\":\"Kompetent. Praxisnah. Der ORGANISATOR bereitet in 10 Ausgaben pro Jahr die wesentlichen Themen f\u00fcr F\u00fchrungskr\u00e4fte von KMU auf.\",\"publisher\":{\"@id\":\"https:\\\/\\\/www.organisator.ch\\\/#organization\"},\"potentialAction\":[{\"@type\":\"SearchAction\",\"target\":{\"@type\":\"EntryPoint\",\"urlTemplate\":\"https:\\\/\\\/www.organisator.ch\\\/?s={search_term_string}\"},\"query-input\":{\"@type\":\"PropertyValueSpecification\",\"valueRequired\":true,\"valueName\":\"search_term_string\"}}],\"inLanguage\":\"fr-FR\"},{\"@type\":\"Organization\",\"@id\":\"https:\\\/\\\/www.organisator.ch\\\/#organization\",\"name\":\"Organisator\",\"url\":\"https:\\\/\\\/www.organisator.ch\\\/\",\"logo\":{\"@type\":\"ImageObject\",\"inLanguage\":\"fr-FR\",\"@id\":\"https:\\\/\\\/www.organisator.ch\\\/#\\\/schema\\\/logo\\\/image\\\/\",\"url\":\"https:\\\/\\\/www.organisator.ch\\\/wp-content\\\/uploads\\\/2022\\\/01\\\/Logo_Organisator_Website.png\",\"contentUrl\":\"https:\\\/\\\/www.organisator.ch\\\/wp-content\\\/uploads\\\/2022\\\/01\\\/Logo_Organisator_Website.png\",\"width\":800,\"height\":77,\"caption\":\"Organisator\"},\"image\":{\"@id\":\"https:\\\/\\\/www.organisator.ch\\\/#\\\/schema\\\/logo\\\/image\\\/\"},\"sameAs\":[\"https:\\\/\\\/www.facebook.com\\\/OrganisatorFachmagazin\",\"https:\\\/\\\/www.linkedin.com\\\/showcase\\\/organisator-das-magazin-fr-kmu\",\"https:\\\/\\\/www.xing.com\\\/news\\\/pages\\\/organisator-ch-695\",\"https:\\\/\\\/www.youtube.com\\\/channel\\\/UCGP2Sq0iWaZwT3BdIAQFYpw\"]},{\"@type\":\"Person\",\"@id\":\"https:\\\/\\\/www.organisator.ch\\\/#\\\/schema\\\/person\\\/6f650f90b2842cd4c0cc334b4e36f67e\",\"name\":\"thomas.berner\",\"image\":{\"@type\":\"ImageObject\",\"inLanguage\":\"fr-FR\",\"@id\":\"https:\\\/\\\/secure.gravatar.com\\\/avatar\\\/ac5001d2a36cb6c6cd3e50789007ffca834b477b74a2144564522e944eabff61?s=96&d=mm&r=g\",\"url\":\"https:\\\/\\\/secure.gravatar.com\\\/avatar\\\/ac5001d2a36cb6c6cd3e50789007ffca834b477b74a2144564522e944eabff61?s=96&d=mm&r=g\",\"contentUrl\":\"https:\\\/\\\/secure.gravatar.com\\\/avatar\\\/ac5001d2a36cb6c6cd3e50789007ffca834b477b74a2144564522e944eabff61?s=96&d=mm&r=g\",\"caption\":\"thomas.berner\"},\"url\":\"https:\\\/\\\/www.organisator.ch\\\/fr\\\/author\\\/thomas-berner\\\/\"}]}<\/script>\n<!-- \/ Yoast SEO plugin. -->","yoast_head_json":{"title":"Les missions co\u00fbteront beaucoup plus cher en 2023 - Organisateur","description":"Selon le prestataire de services de voyages d'affaires CWT, les d\u00e9placements professionnels en 2023 n\u00e9cessiteront davantage d'argent pour les vols, les h\u00f4tels et les locations de voitures.","robots":{"index":"index","follow":"follow","max-snippet":"max-snippet:-1","max-image-preview":"max-image-preview:large","max-video-preview":"max-video-preview:-1"},"canonical":"https:\/\/www.organisator.ch\/fr\/general\/2022-08-10\/les-voyages-daffaires-deviennent-nettement-plus-chers-en-2023\/","og_locale":"fr_FR","og_type":"article","og_title":"Dienstreisen werden 2023 deutlich teurer","og_description":"Gem\u00e4ss dem Gesch\u00e4ftsreise-Dienstleister CWT wird man f\u00fcr Dienstreisen im Jahr 2023 mehr Geld f\u00fcr Flug, Hotel und Mietwagen brauchen.","og_url":"https:\/\/www.organisator.ch\/fr\/general\/2022-08-10\/les-voyages-daffaires-deviennent-nettement-plus-chers-en-2023\/","og_site_name":"Organisator","article_publisher":"https:\/\/www.facebook.com\/OrganisatorFachmagazin","article_published_time":"2022-08-10T07:08:24+00:00","og_image":[{"width":680,"height":374,"url":"https:\/\/www.organisator.ch\/wp-content\/uploads\/2022\/08\/Dienstreisen-werden-2023-deutlich-teurer-1_Organisator.jpg","type":"image\/jpeg"}],"author":"thomas.berner","twitter_card":"summary_large_image","twitter_title":"#Dienstreisen werden 2023 deutlich teurer","twitter_description":"Gem\u00e4ss dem #Gesch\u00e4ftsreise-Dienstleister #CWT wird man f\u00fcr #Dienstreisen im Jahr 2023 mehr Geld f\u00fcr Flug, Hotel und Mietwagen brauchen.","twitter_image":"https:\/\/www.organisator.ch\/wp-content\/uploads\/2022\/08\/Dienstreisen-werden-2023-deutlich-teurer-1_Organisator.jpg","schema":{"@context":"https:\/\/schema.org","@graph":[{"@type":"Article","@id":"https:\/\/www.organisator.ch\/it\/generale\/2022-08-10\/i-viaggi-daffari-diventano-2023-significativamente-piu-costosi\/#article","isPartOf":{"@id":"https:\/\/www.organisator.ch\/it\/generale\/2022-08-10\/i-viaggi-daffari-diventano-2023-significativamente-piu-costosi\/"},"author":{"name":"thomas.berner","@id":"https:\/\/www.organisator.ch\/#\/schema\/person\/6f650f90b2842cd4c0cc334b4e36f67e"},"headline":"Dienstreisen werden 2023 deutlich teurer","datePublished":"2022-08-10T07:08:24+00:00","mainEntityOfPage":{"@id":"https:\/\/www.organisator.ch\/it\/generale\/2022-08-10\/i-viaggi-daffari-diventano-2023-significativamente-piu-costosi\/"},"wordCount":1314,"publisher":{"@id":"https:\/\/www.organisator.ch\/#organization"},"image":{"@id":"https:\/\/www.organisator.ch\/it\/generale\/2022-08-10\/i-viaggi-daffari-diventano-2023-significativamente-piu-costosi\/#primaryimage"},"thumbnailUrl":"https:\/\/www.organisator.ch\/wp-content\/uploads\/2022\/08\/Dienstreisen-werden-2023-deutlich-teurer-1_Organisator.jpg","keywords":["Finanzen\/Recht","Gesch\u00e4ftsreisen","Konjunktur"],"articleSection":["Allgemein"],"inLanguage":"fr-FR"},{"@type":"WebPage","@id":"https:\/\/www.organisator.ch\/it\/generale\/2022-08-10\/i-viaggi-daffari-diventano-2023-significativamente-piu-costosi\/","url":"https:\/\/www.organisator.ch\/it\/generale\/2022-08-10\/i-viaggi-daffari-diventano-2023-significativamente-piu-costosi\/","name":"Les missions co\u00fbteront beaucoup plus cher en 2023 - Organisateur","isPartOf":{"@id":"https:\/\/www.organisator.ch\/#website"},"primaryImageOfPage":{"@id":"https:\/\/www.organisator.ch\/it\/generale\/2022-08-10\/i-viaggi-daffari-diventano-2023-significativamente-piu-costosi\/#primaryimage"},"image":{"@id":"https:\/\/www.organisator.ch\/it\/generale\/2022-08-10\/i-viaggi-daffari-diventano-2023-significativamente-piu-costosi\/#primaryimage"},"thumbnailUrl":"https:\/\/www.organisator.ch\/wp-content\/uploads\/2022\/08\/Dienstreisen-werden-2023-deutlich-teurer-1_Organisator.jpg","datePublished":"2022-08-10T07:08:24+00:00","description":"Selon le prestataire de services de voyages d'affaires CWT, les d\u00e9placements professionnels en 2023 n\u00e9cessiteront davantage d'argent pour les vols, les h\u00f4tels et les locations de voitures.","breadcrumb":{"@id":"https:\/\/www.organisator.ch\/it\/generale\/2022-08-10\/i-viaggi-daffari-diventano-2023-significativamente-piu-costosi\/#breadcrumb"},"inLanguage":"fr-FR","potentialAction":[{"@type":"ReadAction","target":["https:\/\/www.organisator.ch\/it\/generale\/2022-08-10\/i-viaggi-daffari-diventano-2023-significativamente-piu-costosi\/"]}]},{"@type":"ImageObject","inLanguage":"fr-FR","@id":"https:\/\/www.organisator.ch\/it\/generale\/2022-08-10\/i-viaggi-daffari-diventano-2023-significativamente-piu-costosi\/#primaryimage","url":"https:\/\/www.organisator.ch\/wp-content\/uploads\/2022\/08\/Dienstreisen-werden-2023-deutlich-teurer-1_Organisator.jpg","contentUrl":"https:\/\/www.organisator.ch\/wp-content\/uploads\/2022\/08\/Dienstreisen-werden-2023-deutlich-teurer-1_Organisator.jpg","width":680,"height":374,"caption":"Nicht nur die Flieger heben wieder ab: Auch die Preise f\u00fcr Dienstreisen werden weiter steigen. (Bild: Unsplash.com)"},{"@type":"BreadcrumbList","@id":"https:\/\/www.organisator.ch\/it\/generale\/2022-08-10\/i-viaggi-daffari-diventano-2023-significativamente-piu-costosi\/#breadcrumb","itemListElement":[{"@type":"ListItem","position":1,"name":"Home","item":"https:\/\/www.organisator.ch\/"},{"@type":"ListItem","position":2,"name":"Dienstreisen werden 2023 deutlich teurer"}]},{"@type":"WebSite","@id":"https:\/\/www.organisator.ch\/#website","url":"https:\/\/www.organisator.ch\/","name":"Organisateur","description":"Comp\u00e9tence et comp\u00e9tence. Proches de la pratique. L'ORGANISATEUR pr\u00e9pare 10 num\u00e9ros par an sur les th\u00e8mes essentiels pour les dirigeants de PME.","publisher":{"@id":"https:\/\/www.organisator.ch\/#organization"},"potentialAction":[{"@type":"SearchAction","target":{"@type":"EntryPoint","urlTemplate":"https:\/\/www.organisator.ch\/?s={search_term_string}"},"query-input":{"@type":"PropertyValueSpecification","valueRequired":true,"valueName":"search_term_string"}}],"inLanguage":"fr-FR"},{"@type":"Organization","@id":"https:\/\/www.organisator.ch\/#organization","name":"Organisateur","url":"https:\/\/www.organisator.ch\/","logo":{"@type":"ImageObject","inLanguage":"fr-FR","@id":"https:\/\/www.organisator.ch\/#\/schema\/logo\/image\/","url":"https:\/\/www.organisator.ch\/wp-content\/uploads\/2022\/01\/Logo_Organisator_Website.png","contentUrl":"https:\/\/www.organisator.ch\/wp-content\/uploads\/2022\/01\/Logo_Organisator_Website.png","width":800,"height":77,"caption":"Organisator"},"image":{"@id":"https:\/\/www.organisator.ch\/#\/schema\/logo\/image\/"},"sameAs":["https:\/\/www.facebook.com\/OrganisatorFachmagazin","https:\/\/www.linkedin.com\/showcase\/organisator-das-magazin-fr-kmu","https:\/\/www.xing.com\/news\/pages\/organisator-ch-695","https:\/\/www.youtube.com\/channel\/UCGP2Sq0iWaZwT3BdIAQFYpw"]},{"@type":"Person","@id":"https:\/\/www.organisator.ch\/#\/schema\/person\/6f650f90b2842cd4c0cc334b4e36f67e","name":"thomas.berner","image":{"@type":"ImageObject","inLanguage":"fr-FR","@id":"https:\/\/secure.gravatar.com\/avatar\/ac5001d2a36cb6c6cd3e50789007ffca834b477b74a2144564522e944eabff61?s=96&d=mm&r=g","url":"https:\/\/secure.gravatar.com\/avatar\/ac5001d2a36cb6c6cd3e50789007ffca834b477b74a2144564522e944eabff61?s=96&d=mm&r=g","contentUrl":"https:\/\/secure.gravatar.com\/avatar\/ac5001d2a36cb6c6cd3e50789007ffca834b477b74a2144564522e944eabff61?s=96&d=mm&r=g","caption":"thomas.berner"},"url":"https:\/\/www.organisator.ch\/fr\/author\/thomas-berner\/"}]}},"_links":{"self":[{"href":"https:\/\/www.organisator.ch\/fr\/wp-json\/wp\/v2\/posts\/16399","targetHints":{"allow":["GET"]}}],"collection":[{"href":"https:\/\/www.organisator.ch\/fr\/wp-json\/wp\/v2\/posts"}],"about":[{"href":"https:\/\/www.organisator.ch\/fr\/wp-json\/wp\/v2\/types\/post"}],"author":[{"embeddable":true,"href":"https:\/\/www.organisator.ch\/fr\/wp-json\/wp\/v2\/users\/4"}],"replies":[{"embeddable":true,"href":"https:\/\/www.organisator.ch\/fr\/wp-json\/wp\/v2\/comments?post=16399"}],"version-history":[{"count":2,"href":"https:\/\/www.organisator.ch\/fr\/wp-json\/wp\/v2\/posts\/16399\/revisions"}],"predecessor-version":[{"id":16405,"href":"https:\/\/www.organisator.ch\/fr\/wp-json\/wp\/v2\/posts\/16399\/revisions\/16405"}],"wp:featuredmedia":[{"embeddable":true,"href":"https:\/\/www.organisator.ch\/fr\/wp-json\/wp\/v2\/media\/16400"}],"wp:attachment":[{"href":"https:\/\/www.organisator.ch\/fr\/wp-json\/wp\/v2\/media?parent=16399"}],"wp:term":[{"taxonomy":"category","embeddable":true,"href":"https:\/\/www.organisator.ch\/fr\/wp-json\/wp\/v2\/categories?post=16399"},{"taxonomy":"post_tag","embeddable":true,"href":"https:\/\/www.organisator.ch\/fr\/wp-json\/wp\/v2\/tags?post=16399"}],"curies":[{"name":"wp","href":"https:\/\/api.w.org\/{rel}","templated":true}]}}