{"id":16412,"date":"2022-08-11T04:17:48","date_gmt":"2022-08-11T02:17:48","guid":{"rendered":"https:\/\/www.m-q.ch\/?p=16775"},"modified":"2024-11-19T14:01:48","modified_gmt":"2024-11-19T13:01:48","slug":"smarte-maintenance","status":"publish","type":"post","link":"https:\/\/www.organisator.ch\/fr\/operational-excellence\/2022-08-11\/smarte-instandhaltung\/","title":{"rendered":"Une maintenance intelligente"},"content":{"rendered":"<div class=\"fhg-content-article fhg-grid section\" data-emptytext=\"linklist_add_items\">\r\n<article>\r\n<div class=\"row\">\r\n<div class=\"fhg-grid-item fhg-grid-3-2-1\">\r\n<div class=\"fhg-content fhg-richtext\">\r\n<figure id=\"attachment_16776\" class=\"wp-caption alignnone\" style=\"width: 680px;\" aria-describedby=\"caption-attachment-16776\"><img class=\"alignnone wp-image-16776 size-full\" src=\"https:\/\/www.m-q.ch\/wp-content\/uploads\/2022\/08\/Smarte-Instandhaltung_MQ.jpg\" sizes=\"(max-width: 680px) 100vw, 680px\" srcset=\"https:\/\/www.m-q.ch\/wp-content\/uploads\/2022\/08\/Smarte-Instandhaltung_MQ.jpg 680w, https:\/\/www.m-q.ch\/wp-content\/uploads\/2022\/08\/Smarte-Instandhaltung_MQ-18x9.jpg 18w, https:\/\/www.m-q.ch\/wp-content\/uploads\/2022\/08\/Smarte-Instandhaltung_MQ-342x175.jpg 342w, https:\/\/www.m-q.ch\/wp-content\/uploads\/2022\/08\/Smarte-Instandhaltung_MQ-300x154.jpg 300w\" alt=\"Maintenance intelligente R\u00e9silience\" width=\"680\" height=\"348\" \/>\r\n<figcaption id=\"caption-attachment-16776\" class=\"wp-caption-text\">Une br\u00e8ve \u00e9tude montre comment la maintenance intelligente augmente la capacit\u00e9 de r\u00e9silience. (Image : Fraunhofer IPA)<\/figcaption>\r\n<\/figure>\r\n<p>Les interruptions de production pendant la crise de Corona, le blocage du canal de Suez pendant plusieurs jours par le porte-conteneurs \"Ever Given\", la guerre en Ukraine et la p\u00e9nurie mondiale de puces ont tous montr\u00e9 que l'\u00e9conomie doit se pr\u00e9parer \u00e0 des facteurs de perturbation toujours nouveaux. Cela signifie qu'elle doit devenir r\u00e9siliente. Les entreprises doivent \u00eatre en mesure de retrouver leur \u00e9tat initial le plus rapidement possible apr\u00e8s le d\u00e9clenchement d'une crise ou, mieux encore, d'en sortir renforc\u00e9es.<\/p>\r\n<h3>Comment la maintenance intelligente contribue \u00e0 la r\u00e9silience<\/h3>\r\n<p>Un domaine important dans lequel les entreprises de production doivent r\u00e9agir aux perturbations <a href=\"https:\/\/www.m-q.ch\/de\/instandhaltung-als-managementprozess\/\">Maintenance<\/a>. Sa mission est de garantir la capacit\u00e9 de production des machines et des installations et de la r\u00e9tablir le plus rapidement possible. Des chercheurs du d\u00e9partement Production durable et qualit\u00e9 du Fraunhofer IPA ont donc fait le point sur la situation actuelle de la maintenance en mati\u00e8re de r\u00e9silience et ont \u00e9labor\u00e9 une \u00e9tude sur la mani\u00e8re dont la maintenance intelligente peut contribuer \u00e0 la r\u00e9silience \u00e0 l'avenir \u00e9galement.<\/p>\r\n<\/div>\r\n<\/div>\r\n<\/div>\r\n<\/article>\r\n<\/div>\r\n<div class=\"fhg-content-article fhg-grid section\" data-emptytext=\"linklist_add_items\">\r\n<article>\r\n<div class=\"row\">\r\n<div class=\"fhg-grid-item fhg-grid-1-2-1\">\u00a0<\/div>\r\n<div class=\"fhg-grid-item fhg-grid-2-2-1\">\r\n<div class=\"fhg-content fhg-richtext\">\r\n<h3>Grande ouverture aux services num\u00e9riques<\/h3>\r\n<p>Pour ce faire, les scientifiques ont men\u00e9 une enqu\u00eate en ligne l'ann\u00e9e derni\u00e8re. Des repr\u00e9sentants de 34 entreprises de diff\u00e9rentes tailles et de diff\u00e9rents secteurs ont rempli int\u00e9gralement le questionnaire. Il ressort de leurs r\u00e9ponses, par exemple, que la majorit\u00e9 des personnes interrog\u00e9es consid\u00e8rent la capacit\u00e9 de r\u00e9silience comme un facteur important pour que les entreprises de production continuent \u00e0 travailler avec succ\u00e8s \u00e0 l'avenir.<\/p>\r\n<p>97 % des personnes interrog\u00e9es consid\u00e8rent le personnel comme le principal facteur de r\u00e9ussite de la maintenance. Presque tous les professionnels qui ont particip\u00e9 \u00e0 l'enqu\u00eate en ligne peuvent s'imaginer travailler \u00e0 l'avenir avec des syst\u00e8mes d'assistance tels que le \"service \u00e0 distance\". Beaucoup ne voient pas leur emploi menac\u00e9 par l'utilisation future de techniques de maintenance bas\u00e9es sur des capteurs et l'auto-apprentissage. Ils partent plut\u00f4t du principe que les services num\u00e9riques compl\u00e8tent les comp\u00e9tences du personnel, mais ne les remplacent pas.<\/p>\r\n<p><em>L'\u00e9tude succincte \"La maintenance intelligente en tant que facteur de r\u00e9silience\" est disponible gratuitement au t\u00e9l\u00e9chargement.\u00a0<a class=\"external\" href=\"https:\/\/www.ipa.fraunhofer.de\/de\/Publikationen\/studien\/Bestell-Formulare\/Bestellung-der-studie-smarte-instandhaltung-als-resilienzfaktor.html\" rel=\"noopener\">T\u00e9l\u00e9chargement<\/a> sont disponibles. Source : <a href=\"https:\/\/www.ipa.fraunhofer.de\/\">Fraunhofer IPA<\/a><\/em><\/p>\r\n<\/div>\r\n<\/div>\r\n<\/div>\r\n<\/article>\r\n<\/div>\n<p class=\"syndicated-attribution\">Cet article est paru initialement sur m-q.ch - <a href=\"https:\/\/www.m-q.ch\/de\/smarte-instandhaltung\/\" target=\"_blank\">https:\/\/www.m-q.ch\/de\/smarte-instandhaltung\/<\/a><\/p>","protected":false},"excerpt":{"rendered":"<p>Die Produktionsunterbrechungen w\u00e4hrend der Coronakrise, die tagelange Blockade des Suezkanals durch das Containerschiff \u00bbEver Given\u00ab, der Krieg in der Ukraine und der weltweite Chipmangel haben allesamt gezeigt, dass sich die Wirtschaft auf immer neue St\u00f6rfaktoren vorbereiten muss. Das bedeutet: Sie muss resilient werden. Unternehmen m\u00fcssen in der Lage sein, nach Ausbruch einer Krise m\u00f6glichst schnell [\u2026]<\/p>\n","protected":false},"author":8,"featured_media":0,"comment_status":"closed","ping_status":"closed","sticky":false,"template":"","format":"standard","meta":{"_acf_changed":false,"_yoast_wpseo_focuskw":"Smarte Instandhaltung Resilienz","_yoast_wpseo_metadesc":"Smarte Instandhaltung steigert die Resilienzf\u00e4higkeit von Unternehmen. Erfahren Sie, wie digitale Dienste die Produktionsf\u00e4higkeit sichern.","articlekey":"","footnotes":""},"categories":[582],"tags":[4774,156,3321,4773,416,3322],"class_list":["post-16412","post","type-post","status-publish","format-standard","hentry","category-operational-excellence","tag-assistenzsysteme","tag-digitalisierung","tag-instandhaltung","tag-produktion","tag-resilienz","tag-selbstlernende-systeme"],"acf":[],"yoast_head":"<!-- This site is optimized with the Yoast SEO plugin v27.5 - https:\/\/yoast.com\/product\/yoast-seo-wordpress\/ -->\n<title>Smarte Instandhaltung - Organisator<\/title>\n<meta name=\"description\" content=\"Smarte Instandhaltung steigert die Resilienzf\u00e4higkeit von Unternehmen. Erfahren Sie, wie digitale Dienste die Produktionsf\u00e4higkeit sichern.\" \/>\n<meta name=\"robots\" content=\"index, follow, max-snippet:-1, max-image-preview:large, max-video-preview:-1\" \/>\n<link rel=\"canonical\" href=\"https:\/\/www.organisator.ch\/fr\/excellence-operationnelle\/2022-08-11\/smarte-maintenance\/\" \/>\n<meta property=\"og:locale\" content=\"fr_FR\" \/>\n<meta property=\"og:type\" content=\"article\" \/>\n<meta property=\"og:title\" content=\"Smarte Instandhaltung - Organisator\" \/>\n<meta property=\"og:description\" content=\"Smarte Instandhaltung steigert die Resilienzf\u00e4higkeit von Unternehmen. Erfahren Sie, wie digitale Dienste die Produktionsf\u00e4higkeit sichern.\" \/>\n<meta property=\"og:url\" content=\"https:\/\/www.organisator.ch\/fr\/excellence-operationnelle\/2022-08-11\/smarte-maintenance\/\" \/>\n<meta property=\"og:site_name\" content=\"Organisator\" \/>\n<meta property=\"article:publisher\" content=\"https:\/\/www.facebook.com\/OrganisatorFachmagazin\" \/>\n<meta property=\"article:published_time\" content=\"2022-08-11T02:17:48+00:00\" \/>\n<meta property=\"article:modified_time\" content=\"2024-11-19T13:01:48+00:00\" \/>\n<meta name=\"author\" content=\"galledia\" \/>\n<meta name=\"twitter:card\" content=\"summary_large_image\" \/>\n<meta name=\"twitter:creator\" content=\"@admin\" \/>\n<script type=\"application\/ld+json\" class=\"yoast-schema-graph\">{\"@context\":\"https:\\\/\\\/schema.org\",\"@graph\":[{\"@type\":\"Article\",\"@id\":\"https:\\\/\\\/www.organisator.ch\\\/operational-excellence\\\/2022-08-11\\\/smarte-instandhaltung\\\/#article\",\"isPartOf\":{\"@id\":\"https:\\\/\\\/www.organisator.ch\\\/operational-excellence\\\/2022-08-11\\\/smarte-instandhaltung\\\/\"},\"author\":{\"name\":\"galledia\",\"@id\":\"https:\\\/\\\/www.organisator.ch\\\/#\\\/schema\\\/person\\\/4e51799071cd2dd1232ac003643ef5f0\"},\"headline\":\"Smarte Instandhaltung\",\"datePublished\":\"2022-08-11T02:17:48+00:00\",\"dateModified\":\"2024-11-19T13:01:48+00:00\",\"mainEntityOfPage\":{\"@id\":\"https:\\\/\\\/www.organisator.ch\\\/operational-excellence\\\/2022-08-11\\\/smarte-instandhaltung\\\/\"},\"wordCount\":320,\"publisher\":{\"@id\":\"https:\\\/\\\/www.organisator.ch\\\/#organization\"},\"image\":{\"@id\":\"https:\\\/\\\/www.organisator.ch\\\/operational-excellence\\\/2022-08-11\\\/smarte-instandhaltung\\\/#primaryimage\"},\"thumbnailUrl\":\"https:\\\/\\\/www.m-q.ch\\\/wp-content\\\/uploads\\\/2022\\\/08\\\/Smarte-Instandhaltung_MQ.jpg\",\"keywords\":[\"Assistenzsysteme\",\"Digitalisierung\",\"Instandhaltung\",\"Produktion\",\"Resilienz\",\"selbstlernende Systeme\"],\"articleSection\":[\"OPERATIONAL EXCELLENCE\"],\"inLanguage\":\"fr-FR\"},{\"@type\":\"WebPage\",\"@id\":\"https:\\\/\\\/www.organisator.ch\\\/operational-excellence\\\/2022-08-11\\\/smarte-instandhaltung\\\/\",\"url\":\"https:\\\/\\\/www.organisator.ch\\\/operational-excellence\\\/2022-08-11\\\/smarte-instandhaltung\\\/\",\"name\":\"Smarte Instandhaltung - Organisator\",\"isPartOf\":{\"@id\":\"https:\\\/\\\/www.organisator.ch\\\/#website\"},\"primaryImageOfPage\":{\"@id\":\"https:\\\/\\\/www.organisator.ch\\\/operational-excellence\\\/2022-08-11\\\/smarte-instandhaltung\\\/#primaryimage\"},\"image\":{\"@id\":\"https:\\\/\\\/www.organisator.ch\\\/operational-excellence\\\/2022-08-11\\\/smarte-instandhaltung\\\/#primaryimage\"},\"thumbnailUrl\":\"https:\\\/\\\/www.m-q.ch\\\/wp-content\\\/uploads\\\/2022\\\/08\\\/Smarte-Instandhaltung_MQ.jpg\",\"datePublished\":\"2022-08-11T02:17:48+00:00\",\"dateModified\":\"2024-11-19T13:01:48+00:00\",\"description\":\"Smarte Instandhaltung steigert die Resilienzf\u00e4higkeit von Unternehmen. Erfahren Sie, wie digitale Dienste die Produktionsf\u00e4higkeit sichern.\",\"breadcrumb\":{\"@id\":\"https:\\\/\\\/www.organisator.ch\\\/operational-excellence\\\/2022-08-11\\\/smarte-instandhaltung\\\/#breadcrumb\"},\"inLanguage\":\"fr-FR\",\"potentialAction\":[{\"@type\":\"ReadAction\",\"target\":[\"https:\\\/\\\/www.organisator.ch\\\/operational-excellence\\\/2022-08-11\\\/smarte-instandhaltung\\\/\"]}]},{\"@type\":\"ImageObject\",\"inLanguage\":\"fr-FR\",\"@id\":\"https:\\\/\\\/www.organisator.ch\\\/operational-excellence\\\/2022-08-11\\\/smarte-instandhaltung\\\/#primaryimage\",\"url\":\"https:\\\/\\\/www.m-q.ch\\\/wp-content\\\/uploads\\\/2022\\\/08\\\/Smarte-Instandhaltung_MQ.jpg\",\"contentUrl\":\"https:\\\/\\\/www.m-q.ch\\\/wp-content\\\/uploads\\\/2022\\\/08\\\/Smarte-Instandhaltung_MQ.jpg\"},{\"@type\":\"BreadcrumbList\",\"@id\":\"https:\\\/\\\/www.organisator.ch\\\/operational-excellence\\\/2022-08-11\\\/smarte-instandhaltung\\\/#breadcrumb\",\"itemListElement\":[{\"@type\":\"ListItem\",\"position\":1,\"name\":\"Home\",\"item\":\"https:\\\/\\\/www.organisator.ch\\\/\"},{\"@type\":\"ListItem\",\"position\":2,\"name\":\"Smarte Instandhaltung\"}]},{\"@type\":\"WebSite\",\"@id\":\"https:\\\/\\\/www.organisator.ch\\\/#website\",\"url\":\"https:\\\/\\\/www.organisator.ch\\\/\",\"name\":\"Organisator\",\"description\":\"Kompetent. Praxisnah. Der ORGANISATOR bereitet in 10 Ausgaben pro Jahr die wesentlichen Themen f\u00fcr F\u00fchrungskr\u00e4fte von KMU auf.\",\"publisher\":{\"@id\":\"https:\\\/\\\/www.organisator.ch\\\/#organization\"},\"potentialAction\":[{\"@type\":\"SearchAction\",\"target\":{\"@type\":\"EntryPoint\",\"urlTemplate\":\"https:\\\/\\\/www.organisator.ch\\\/?s={search_term_string}\"},\"query-input\":{\"@type\":\"PropertyValueSpecification\",\"valueRequired\":true,\"valueName\":\"search_term_string\"}}],\"inLanguage\":\"fr-FR\"},{\"@type\":\"Organization\",\"@id\":\"https:\\\/\\\/www.organisator.ch\\\/#organization\",\"name\":\"Organisator\",\"url\":\"https:\\\/\\\/www.organisator.ch\\\/\",\"logo\":{\"@type\":\"ImageObject\",\"inLanguage\":\"fr-FR\",\"@id\":\"https:\\\/\\\/www.organisator.ch\\\/#\\\/schema\\\/logo\\\/image\\\/\",\"url\":\"https:\\\/\\\/www.organisator.ch\\\/wp-content\\\/uploads\\\/2022\\\/01\\\/Logo_Organisator_Website.png\",\"contentUrl\":\"https:\\\/\\\/www.organisator.ch\\\/wp-content\\\/uploads\\\/2022\\\/01\\\/Logo_Organisator_Website.png\",\"width\":800,\"height\":77,\"caption\":\"Organisator\"},\"image\":{\"@id\":\"https:\\\/\\\/www.organisator.ch\\\/#\\\/schema\\\/logo\\\/image\\\/\"},\"sameAs\":[\"https:\\\/\\\/www.facebook.com\\\/OrganisatorFachmagazin\",\"https:\\\/\\\/www.linkedin.com\\\/showcase\\\/organisator-das-magazin-fr-kmu\",\"https:\\\/\\\/www.xing.com\\\/news\\\/pages\\\/organisator-ch-695\",\"https:\\\/\\\/www.youtube.com\\\/channel\\\/UCGP2Sq0iWaZwT3BdIAQFYpw\"]},{\"@type\":\"Person\",\"@id\":\"https:\\\/\\\/www.organisator.ch\\\/#\\\/schema\\\/person\\\/4e51799071cd2dd1232ac003643ef5f0\",\"name\":\"galledia\",\"image\":{\"@type\":\"ImageObject\",\"inLanguage\":\"fr-FR\",\"@id\":\"https:\\\/\\\/secure.gravatar.com\\\/avatar\\\/78a7f90c01fc2bfc875782a0d4922b37cde2cf184ce347b91316d23cd7f69a36?s=96&d=mm&r=g\",\"url\":\"https:\\\/\\\/secure.gravatar.com\\\/avatar\\\/78a7f90c01fc2bfc875782a0d4922b37cde2cf184ce347b91316d23cd7f69a36?s=96&d=mm&r=g\",\"contentUrl\":\"https:\\\/\\\/secure.gravatar.com\\\/avatar\\\/78a7f90c01fc2bfc875782a0d4922b37cde2cf184ce347b91316d23cd7f69a36?s=96&d=mm&r=g\",\"caption\":\"galledia\"},\"sameAs\":[\"https:\\\/\\\/x.com\\\/admin\"],\"url\":\"https:\\\/\\\/www.organisator.ch\\\/fr\\\/author\\\/galledia\\\/\"}]}<\/script>\n<!-- \/ Yoast SEO plugin. -->","yoast_head_json":{"title":"Maintenance intelligente - Organisateur","description":"La maintenance intelligente augmente la capacit\u00e9 de r\u00e9silience des entreprises. D\u00e9couvrez comment les services num\u00e9riques garantissent la capacit\u00e9 de production.","robots":{"index":"index","follow":"follow","max-snippet":"max-snippet:-1","max-image-preview":"max-image-preview:large","max-video-preview":"max-video-preview:-1"},"canonical":"https:\/\/www.organisator.ch\/fr\/excellence-operationnelle\/2022-08-11\/smarte-maintenance\/","og_locale":"fr_FR","og_type":"article","og_title":"Smarte Instandhaltung - Organisator","og_description":"Smarte Instandhaltung steigert die Resilienzf\u00e4higkeit von Unternehmen. Erfahren Sie, wie digitale Dienste die Produktionsf\u00e4higkeit sichern.","og_url":"https:\/\/www.organisator.ch\/fr\/excellence-operationnelle\/2022-08-11\/smarte-maintenance\/","og_site_name":"Organisator","article_publisher":"https:\/\/www.facebook.com\/OrganisatorFachmagazin","article_published_time":"2022-08-11T02:17:48+00:00","article_modified_time":"2024-11-19T13:01:48+00:00","author":"galledia","twitter_card":"summary_large_image","twitter_creator":"@admin","schema":{"@context":"https:\/\/schema.org","@graph":[{"@type":"Article","@id":"https:\/\/www.organisator.ch\/operational-excellence\/2022-08-11\/smarte-instandhaltung\/#article","isPartOf":{"@id":"https:\/\/www.organisator.ch\/operational-excellence\/2022-08-11\/smarte-instandhaltung\/"},"author":{"name":"galledia","@id":"https:\/\/www.organisator.ch\/#\/schema\/person\/4e51799071cd2dd1232ac003643ef5f0"},"headline":"Smarte Instandhaltung","datePublished":"2022-08-11T02:17:48+00:00","dateModified":"2024-11-19T13:01:48+00:00","mainEntityOfPage":{"@id":"https:\/\/www.organisator.ch\/operational-excellence\/2022-08-11\/smarte-instandhaltung\/"},"wordCount":320,"publisher":{"@id":"https:\/\/www.organisator.ch\/#organization"},"image":{"@id":"https:\/\/www.organisator.ch\/operational-excellence\/2022-08-11\/smarte-instandhaltung\/#primaryimage"},"thumbnailUrl":"https:\/\/www.m-q.ch\/wp-content\/uploads\/2022\/08\/Smarte-Instandhaltung_MQ.jpg","keywords":["Assistenzsysteme","Digitalisierung","Instandhaltung","Produktion","Resilienz","selbstlernende Systeme"],"articleSection":["OPERATIONAL EXCELLENCE"],"inLanguage":"fr-FR"},{"@type":"WebPage","@id":"https:\/\/www.organisator.ch\/operational-excellence\/2022-08-11\/smarte-instandhaltung\/","url":"https:\/\/www.organisator.ch\/operational-excellence\/2022-08-11\/smarte-instandhaltung\/","name":"Maintenance intelligente - Organisateur","isPartOf":{"@id":"https:\/\/www.organisator.ch\/#website"},"primaryImageOfPage":{"@id":"https:\/\/www.organisator.ch\/operational-excellence\/2022-08-11\/smarte-instandhaltung\/#primaryimage"},"image":{"@id":"https:\/\/www.organisator.ch\/operational-excellence\/2022-08-11\/smarte-instandhaltung\/#primaryimage"},"thumbnailUrl":"https:\/\/www.m-q.ch\/wp-content\/uploads\/2022\/08\/Smarte-Instandhaltung_MQ.jpg","datePublished":"2022-08-11T02:17:48+00:00","dateModified":"2024-11-19T13:01:48+00:00","description":"La maintenance intelligente augmente la capacit\u00e9 de r\u00e9silience des entreprises. D\u00e9couvrez comment les services num\u00e9riques garantissent la capacit\u00e9 de production.","breadcrumb":{"@id":"https:\/\/www.organisator.ch\/operational-excellence\/2022-08-11\/smarte-instandhaltung\/#breadcrumb"},"inLanguage":"fr-FR","potentialAction":[{"@type":"ReadAction","target":["https:\/\/www.organisator.ch\/operational-excellence\/2022-08-11\/smarte-instandhaltung\/"]}]},{"@type":"ImageObject","inLanguage":"fr-FR","@id":"https:\/\/www.organisator.ch\/operational-excellence\/2022-08-11\/smarte-instandhaltung\/#primaryimage","url":"https:\/\/www.m-q.ch\/wp-content\/uploads\/2022\/08\/Smarte-Instandhaltung_MQ.jpg","contentUrl":"https:\/\/www.m-q.ch\/wp-content\/uploads\/2022\/08\/Smarte-Instandhaltung_MQ.jpg"},{"@type":"BreadcrumbList","@id":"https:\/\/www.organisator.ch\/operational-excellence\/2022-08-11\/smarte-instandhaltung\/#breadcrumb","itemListElement":[{"@type":"ListItem","position":1,"name":"Home","item":"https:\/\/www.organisator.ch\/"},{"@type":"ListItem","position":2,"name":"Smarte Instandhaltung"}]},{"@type":"WebSite","@id":"https:\/\/www.organisator.ch\/#website","url":"https:\/\/www.organisator.ch\/","name":"Organisateur","description":"Comp\u00e9tence et comp\u00e9tence. Proches de la pratique. L'ORGANISATEUR pr\u00e9pare 10 num\u00e9ros par an sur les th\u00e8mes essentiels pour les dirigeants de PME.","publisher":{"@id":"https:\/\/www.organisator.ch\/#organization"},"potentialAction":[{"@type":"SearchAction","target":{"@type":"EntryPoint","urlTemplate":"https:\/\/www.organisator.ch\/?s={search_term_string}"},"query-input":{"@type":"PropertyValueSpecification","valueRequired":true,"valueName":"search_term_string"}}],"inLanguage":"fr-FR"},{"@type":"Organization","@id":"https:\/\/www.organisator.ch\/#organization","name":"Organisateur","url":"https:\/\/www.organisator.ch\/","logo":{"@type":"ImageObject","inLanguage":"fr-FR","@id":"https:\/\/www.organisator.ch\/#\/schema\/logo\/image\/","url":"https:\/\/www.organisator.ch\/wp-content\/uploads\/2022\/01\/Logo_Organisator_Website.png","contentUrl":"https:\/\/www.organisator.ch\/wp-content\/uploads\/2022\/01\/Logo_Organisator_Website.png","width":800,"height":77,"caption":"Organisator"},"image":{"@id":"https:\/\/www.organisator.ch\/#\/schema\/logo\/image\/"},"sameAs":["https:\/\/www.facebook.com\/OrganisatorFachmagazin","https:\/\/www.linkedin.com\/showcase\/organisator-das-magazin-fr-kmu","https:\/\/www.xing.com\/news\/pages\/organisator-ch-695","https:\/\/www.youtube.com\/channel\/UCGP2Sq0iWaZwT3BdIAQFYpw"]},{"@type":"Person","@id":"https:\/\/www.organisator.ch\/#\/schema\/person\/4e51799071cd2dd1232ac003643ef5f0","name":"galledia","image":{"@type":"ImageObject","inLanguage":"fr-FR","@id":"https:\/\/secure.gravatar.com\/avatar\/78a7f90c01fc2bfc875782a0d4922b37cde2cf184ce347b91316d23cd7f69a36?s=96&d=mm&r=g","url":"https:\/\/secure.gravatar.com\/avatar\/78a7f90c01fc2bfc875782a0d4922b37cde2cf184ce347b91316d23cd7f69a36?s=96&d=mm&r=g","contentUrl":"https:\/\/secure.gravatar.com\/avatar\/78a7f90c01fc2bfc875782a0d4922b37cde2cf184ce347b91316d23cd7f69a36?s=96&d=mm&r=g","caption":"galledia"},"sameAs":["https:\/\/x.com\/admin"],"url":"https:\/\/www.organisator.ch\/fr\/author\/galledia\/"}]}},"_links":{"self":[{"href":"https:\/\/www.organisator.ch\/fr\/wp-json\/wp\/v2\/posts\/16412","targetHints":{"allow":["GET"]}}],"collection":[{"href":"https:\/\/www.organisator.ch\/fr\/wp-json\/wp\/v2\/posts"}],"about":[{"href":"https:\/\/www.organisator.ch\/fr\/wp-json\/wp\/v2\/types\/post"}],"author":[{"embeddable":true,"href":"https:\/\/www.organisator.ch\/fr\/wp-json\/wp\/v2\/users\/8"}],"replies":[{"embeddable":true,"href":"https:\/\/www.organisator.ch\/fr\/wp-json\/wp\/v2\/comments?post=16412"}],"version-history":[{"count":4,"href":"https:\/\/www.organisator.ch\/fr\/wp-json\/wp\/v2\/posts\/16412\/revisions"}],"predecessor-version":[{"id":33538,"href":"https:\/\/www.organisator.ch\/fr\/wp-json\/wp\/v2\/posts\/16412\/revisions\/33538"}],"wp:attachment":[{"href":"https:\/\/www.organisator.ch\/fr\/wp-json\/wp\/v2\/media?parent=16412"}],"wp:term":[{"taxonomy":"category","embeddable":true,"href":"https:\/\/www.organisator.ch\/fr\/wp-json\/wp\/v2\/categories?post=16412"},{"taxonomy":"post_tag","embeddable":true,"href":"https:\/\/www.organisator.ch\/fr\/wp-json\/wp\/v2\/tags?post=16412"}],"curies":[{"name":"wp","href":"https:\/\/api.w.org\/{rel}","templated":true}]}}