{"id":16415,"date":"2022-08-11T10:19:38","date_gmt":"2022-08-11T08:19:38","guid":{"rendered":"https:\/\/www.organisator.ch\/?p=16415"},"modified":"2022-08-11T10:19:38","modified_gmt":"2022-08-11T08:19:38","slug":"sges-2022-swiss-green-economy-symposium","status":"publish","type":"post","link":"https:\/\/www.organisator.ch\/fr\/sustainability\/2022-08-11\/sges-2022-swiss-green-economy-symposium\/","title":{"rendered":"SGES 2022 : Symposium suisse sur l'\u00e9conomie verte"},"content":{"rendered":"<figure id=\"attachment_16419\" aria-describedby=\"caption-attachment-16419\" style=\"width: 680px\" class=\"wp-caption alignnone\"><img loading=\"lazy\" decoding=\"async\" class=\"size-full wp-image-16419\" src=\"https:\/\/www.organisator.ch\/wp-content\/uploads\/2022\/08\/SGES-2022-Swiss-Green-Economy-Symposium_Organisator.jpg\" alt=\"\" width=\"680\" height=\"451\" srcset=\"https:\/\/www.organisator.ch\/wp-content\/uploads\/2022\/08\/SGES-2022-Swiss-Green-Economy-Symposium_Organisator.jpg 680w, https:\/\/www.organisator.ch\/wp-content\/uploads\/2022\/08\/SGES-2022-Swiss-Green-Economy-Symposium_Organisator-18x12.jpg 18w, https:\/\/www.organisator.ch\/wp-content\/uploads\/2022\/08\/SGES-2022-Swiss-Green-Economy-Symposium_Organisator-264x175.jpg 264w, https:\/\/www.organisator.ch\/wp-content\/uploads\/2022\/08\/SGES-2022-Swiss-Green-Economy-Symposium_Organisator-528x350.jpg 528w, https:\/\/www.organisator.ch\/wp-content\/uploads\/2022\/08\/SGES-2022-Swiss-Green-Economy-Symposium_Organisator-300x199.jpg 300w\" sizes=\"auto, (max-width: 680px) 100vw, 680px\" \/><figcaption id=\"caption-attachment-16419\" class=\"wp-caption-text\">Environ 1400 participants sont attendus au SGES 2022, les 7 et 8 septembre. Voici une impression de l'\u00e9dition de l'ann\u00e9e derni\u00e8re. (Image : SGES)<\/figcaption><\/figure>\n<p>Le SGES 2022 est probablement le sommet \u00e9conomique le plus complet de Suisse sur le th\u00e8me de la durabilit\u00e9. Il apporte inspiration, savoir et r\u00e9seautage aux repr\u00e9sentants de l'\u00e9conomie, de la politique, de la science et de la soci\u00e9t\u00e9 civile qui d\u00e9cident, mettent en \u0153uvre et font avancer les innovations. Le congr\u00e8s de cette ann\u00e9e, qui aura lieu les 7 et 8 septembre \u00e0 Winterthour, propose une exposition et 270 intervenants (dont huit keynotes) dans 16 forums d'innovation. Quelque 1400 participants sont attendus.<\/p>\n<h3>16 forums d'innovation sur diff\u00e9rents th\u00e8mes<\/h3>\n<p>Les forums de l'innovation sont des conf\u00e9rences sp\u00e9cialis\u00e9es approfondies. Des d\u00e9cideurs, des r\u00e9alisateurs et des innovateurs de haut niveau issus de l'\u00e9conomie, de la politique, de la science et des ONG montrent comment ils transforment les d\u00e9fis en solutions (commerciales) r\u00e9ussies avec une valeur ajout\u00e9e pour l'\u00e9conomie, la soci\u00e9t\u00e9 et l'environnement. Les participants y trouveront des recettes concr\u00e8tes pour r\u00e9ussir dans des domaines tels que la sant\u00e9 et l'\u00e9conomie circulaire, l'alimentation, la logistique urbaine coop\u00e9rative, l'exploitation \u00e9nerg\u00e9tiquement efficace des b\u00e2timents ou encore les possibilit\u00e9s de financement et d'investissement durables.<\/p>\n<h3>Expos\u00e9s et panels<\/h3>\n<p>Sous la mod\u00e9ration de Sonja Hasler, r\u00e9dactrice \u00e0 la SRF, et de Dominique Reber, partenaire chez Hirzel. Neef. Schmid. Konsulenten et membre du conseil consultatif de la SGES, diff\u00e9rents th\u00e8mes seront discut\u00e9s en s\u00e9ance pl\u00e9ni\u00e8re. Il s'agit par exemple de la question de l'\u00e9conomie circulaire : comment pouvons-nous passer \u00e0 l'\u00e9chelle ? Katrin Schneeberger, directrice de l'OFEV, Office f\u00e9d\u00e9ral de l'environnement, ou encore Torsten Wintergerste, pr\u00e9sident de la division Chemtech de Sulzer Chemtech AG, s'exprimeront \u00e0 ce sujet. La protection concr\u00e8te du climat dans les entreprises sera abord\u00e9e par le conseiller national J\u00fcrg Grossen, lui-m\u00eame entrepreneur et pr\u00e9sident de Swissolar, l'association suisse des professionnels de l'\u00e9nergie solaire. Andreas Kuhlmann, pr\u00e9sident de la direction de l'Agence allemande de l'\u00e9nergie, et Alexander Keberle, membre de la direction d'economiesuisse, interviendront dans le bloc th\u00e9matique consacr\u00e9 aux \u00e9nergies s\u00fbres et durables. La remise du SGES SDG-Award pour les entreprises constituera \u00e9galement un point final.<\/p>\n<h3>Exposition au SGES 2022<\/h3>\n<p>Cette ann\u00e9e encore, une exposition sera plac\u00e9e au c\u0153ur du symposium. Le contenu de celle-ci est \u00e9troitement li\u00e9 aux autres th\u00e8mes du SGES 2022 et aux forums d'innovation. Les th\u00e8mes de l'exposition sont par exemple l'\u00e9ducation et la durabilit\u00e9, les bioplastiques, l'impression et la conception, les PME et l'innovation, la promotion de la culture et, bien s\u00fbr, l'\u00e9conomie circulaire. <span class=\"testimonial\">\"Aujourd'hui, aucune entreprise ne peut faire l'impasse sur le th\u00e8me de la durabilit\u00e9. Nous sommes convaincus que la durabilit\u00e9 n'est pas un exercice obligatoire, mais un facteur de succ\u00e8s \u00e9l\u00e9mentaire\", d\u00e9clare par exemple Mario Weiss de Creaholic, un partenaire de d\u00e9veloppement pour l'am\u00e9lioration de la compatibilit\u00e9 \u00e9cologique des entreprises des secteurs les plus divers.<\/span><span class=\"expo-contact-info\"><br \/>\n<\/span><\/p>\n<p><em><a href=\"https:\/\/sges.ch\/\">Plus d'informations<\/a> et <a href=\"https:\/\/sges.ch\/anmeldung\/\">Inscription<\/a><\/em><\/p>","protected":false},"excerpt":{"rendered":"<p>Das SGES 2022 ist der wohl umfassendste Wirtschaftsgipfel der Schweiz zum Thema Nachhaltigkeit. Er bringt Inspiration, Wissen und Networking f\u00fcr Vertreterinnen und Vertreter aus Wirtschaft, Politik, Wissenschaft und Zivilgesellschaft, die entscheiden, umsetzen und Innovationen vorantreiben. Die diesj\u00e4hrige Tagung, die am 7. und 8. September in Winterthur stattfindet, wartet mit einer Ausstellung und 270 Referierenden (davon [&hellip;]<\/p>\n","protected":false},"author":4,"featured_media":16419,"comment_status":"closed","ping_status":"closed","sticky":false,"template":"","format":"standard","meta":{"_acf_changed":false,"_yoast_wpseo_focuskw":"SGES 2022","_yoast_wpseo_metadesc":"Unter dem Motto \"Verantwortungsvoll und mutig zusammenarbeiten\" findet am 7.\/8. September das Swiss Green Economy Symposium SGES 2022 statt.","articlekey":"","footnotes":""},"categories":[580],"tags":[193,358],"class_list":["post-16415","post","type-post","status-publish","format-standard","has-post-thumbnail","hentry","category-sustainability","tag-fachkongressfachmesse","tag-nachhaltige-wirtschaft"],"acf":[],"yoast_head":"<!-- This site is optimized with the Yoast SEO plugin v27.5 - https:\/\/yoast.com\/product\/yoast-seo-wordpress\/ -->\n<title>SGES 2022: Swiss Green Economy Symposium - Organisator<\/title>\n<meta name=\"description\" content=\"Unter dem Motto &quot;Verantwortungsvoll und mutig zusammenarbeiten&quot; findet am 7.\/8. September das Swiss Green Economy Symposium SGES 2022 statt.\" \/>\n<meta name=\"robots\" content=\"index, follow, max-snippet:-1, max-image-preview:large, max-video-preview:-1\" \/>\n<link rel=\"canonical\" href=\"https:\/\/www.organisator.ch\/fr\/sustainability\/2022-08-11\/sges-2022-swiss-green-economy-symposium\/\" \/>\n<meta property=\"og:locale\" content=\"fr_FR\" \/>\n<meta property=\"og:type\" content=\"article\" \/>\n<meta property=\"og:title\" content=\"SGES 2022: Swiss Green Economy Symposium\" \/>\n<meta property=\"og:description\" content=\"Unter dem Motto &quot;Verantwortungsvoll und mutig zusammenarbeiten&quot; findet am 7.\/8. September das Swiss Green Economy Symposium SGES 2022 statt.\" \/>\n<meta property=\"og:url\" content=\"https:\/\/www.organisator.ch\/fr\/sustainability\/2022-08-11\/sges-2022-swiss-green-economy-symposium\/\" \/>\n<meta property=\"og:site_name\" content=\"Organisator\" \/>\n<meta property=\"article:publisher\" content=\"https:\/\/www.facebook.com\/OrganisatorFachmagazin\" \/>\n<meta property=\"article:published_time\" content=\"2022-08-11T08:19:38+00:00\" \/>\n<meta property=\"og:image\" content=\"https:\/\/www.organisator.ch\/wp-content\/uploads\/2022\/08\/SGES-2022-Swiss-Green-Economy-Symposium_Organisator.jpg\" \/>\n\t<meta property=\"og:image:width\" content=\"680\" \/>\n\t<meta property=\"og:image:height\" content=\"451\" \/>\n\t<meta property=\"og:image:type\" content=\"image\/jpeg\" \/>\n<meta name=\"author\" content=\"thomas.berner\" \/>\n<meta name=\"twitter:card\" content=\"summary_large_image\" \/>\n<meta name=\"twitter:title\" content=\"#SGES 2022: Swiss Green Economy Symposium\" \/>\n<meta name=\"twitter:description\" content=\"Unter dem Motto &quot;Verantwortungsvoll und mutig zusammenarbeiten&quot; findet am 7.\/8. September das Swiss Green Economy Symposium #SGES 2022 statt.\" \/>\n<meta name=\"twitter:image\" content=\"https:\/\/www.organisator.ch\/wp-content\/uploads\/2022\/08\/SGES-2022-Swiss-Green-Economy-Symposium_Organisator.jpg\" \/>\n<script type=\"application\/ld+json\" class=\"yoast-schema-graph\">{\"@context\":\"https:\\\/\\\/schema.org\",\"@graph\":[{\"@type\":\"Article\",\"@id\":\"https:\\\/\\\/www.organisator.ch\\\/sustainability\\\/2022-08-11\\\/sges-2022-swiss-green-economy-symposium\\\/#article\",\"isPartOf\":{\"@id\":\"https:\\\/\\\/www.organisator.ch\\\/sustainability\\\/2022-08-11\\\/sges-2022-swiss-green-economy-symposium\\\/\"},\"author\":{\"name\":\"thomas.berner\",\"@id\":\"https:\\\/\\\/www.organisator.ch\\\/#\\\/schema\\\/person\\\/6f650f90b2842cd4c0cc334b4e36f67e\"},\"headline\":\"SGES 2022: Swiss Green Economy Symposium\",\"datePublished\":\"2022-08-11T08:19:38+00:00\",\"mainEntityOfPage\":{\"@id\":\"https:\\\/\\\/www.organisator.ch\\\/sustainability\\\/2022-08-11\\\/sges-2022-swiss-green-economy-symposium\\\/\"},\"wordCount\":402,\"publisher\":{\"@id\":\"https:\\\/\\\/www.organisator.ch\\\/#organization\"},\"image\":{\"@id\":\"https:\\\/\\\/www.organisator.ch\\\/sustainability\\\/2022-08-11\\\/sges-2022-swiss-green-economy-symposium\\\/#primaryimage\"},\"thumbnailUrl\":\"https:\\\/\\\/www.organisator.ch\\\/wp-content\\\/uploads\\\/2022\\\/08\\\/SGES-2022-Swiss-Green-Economy-Symposium_Organisator.jpg\",\"keywords\":[\"Fachkongress\\\/Fachmesse\",\"Nachhaltige Wirtschaft\"],\"articleSection\":[\"SUSTAINABILITY\"],\"inLanguage\":\"fr-FR\"},{\"@type\":\"WebPage\",\"@id\":\"https:\\\/\\\/www.organisator.ch\\\/sustainability\\\/2022-08-11\\\/sges-2022-swiss-green-economy-symposium\\\/\",\"url\":\"https:\\\/\\\/www.organisator.ch\\\/sustainability\\\/2022-08-11\\\/sges-2022-swiss-green-economy-symposium\\\/\",\"name\":\"SGES 2022: Swiss Green Economy Symposium - Organisator\",\"isPartOf\":{\"@id\":\"https:\\\/\\\/www.organisator.ch\\\/#website\"},\"primaryImageOfPage\":{\"@id\":\"https:\\\/\\\/www.organisator.ch\\\/sustainability\\\/2022-08-11\\\/sges-2022-swiss-green-economy-symposium\\\/#primaryimage\"},\"image\":{\"@id\":\"https:\\\/\\\/www.organisator.ch\\\/sustainability\\\/2022-08-11\\\/sges-2022-swiss-green-economy-symposium\\\/#primaryimage\"},\"thumbnailUrl\":\"https:\\\/\\\/www.organisator.ch\\\/wp-content\\\/uploads\\\/2022\\\/08\\\/SGES-2022-Swiss-Green-Economy-Symposium_Organisator.jpg\",\"datePublished\":\"2022-08-11T08:19:38+00:00\",\"description\":\"Unter dem Motto \\\"Verantwortungsvoll und mutig zusammenarbeiten\\\" findet am 7.\\\/8. September das Swiss Green Economy Symposium SGES 2022 statt.\",\"breadcrumb\":{\"@id\":\"https:\\\/\\\/www.organisator.ch\\\/sustainability\\\/2022-08-11\\\/sges-2022-swiss-green-economy-symposium\\\/#breadcrumb\"},\"inLanguage\":\"fr-FR\",\"potentialAction\":[{\"@type\":\"ReadAction\",\"target\":[\"https:\\\/\\\/www.organisator.ch\\\/sustainability\\\/2022-08-11\\\/sges-2022-swiss-green-economy-symposium\\\/\"]}]},{\"@type\":\"ImageObject\",\"inLanguage\":\"fr-FR\",\"@id\":\"https:\\\/\\\/www.organisator.ch\\\/sustainability\\\/2022-08-11\\\/sges-2022-swiss-green-economy-symposium\\\/#primaryimage\",\"url\":\"https:\\\/\\\/www.organisator.ch\\\/wp-content\\\/uploads\\\/2022\\\/08\\\/SGES-2022-Swiss-Green-Economy-Symposium_Organisator.jpg\",\"contentUrl\":\"https:\\\/\\\/www.organisator.ch\\\/wp-content\\\/uploads\\\/2022\\\/08\\\/SGES-2022-Swiss-Green-Economy-Symposium_Organisator.jpg\",\"width\":680,\"height\":451,\"caption\":\"Am SGES 2022 vom 7. und 8. September werden rund 1400 Teilnehmende erwartet. Hier im Bild eine Impression von der letztj\u00e4hrigen Durchf\u00fchrung. (Bild: SGES)\"},{\"@type\":\"BreadcrumbList\",\"@id\":\"https:\\\/\\\/www.organisator.ch\\\/sustainability\\\/2022-08-11\\\/sges-2022-swiss-green-economy-symposium\\\/#breadcrumb\",\"itemListElement\":[{\"@type\":\"ListItem\",\"position\":1,\"name\":\"Home\",\"item\":\"https:\\\/\\\/www.organisator.ch\\\/\"},{\"@type\":\"ListItem\",\"position\":2,\"name\":\"SGES 2022: Swiss Green Economy Symposium\"}]},{\"@type\":\"WebSite\",\"@id\":\"https:\\\/\\\/www.organisator.ch\\\/#website\",\"url\":\"https:\\\/\\\/www.organisator.ch\\\/\",\"name\":\"Organisator\",\"description\":\"Kompetent. Praxisnah. Der ORGANISATOR bereitet in 10 Ausgaben pro Jahr die wesentlichen Themen f\u00fcr F\u00fchrungskr\u00e4fte von KMU auf.\",\"publisher\":{\"@id\":\"https:\\\/\\\/www.organisator.ch\\\/#organization\"},\"potentialAction\":[{\"@type\":\"SearchAction\",\"target\":{\"@type\":\"EntryPoint\",\"urlTemplate\":\"https:\\\/\\\/www.organisator.ch\\\/?s={search_term_string}\"},\"query-input\":{\"@type\":\"PropertyValueSpecification\",\"valueRequired\":true,\"valueName\":\"search_term_string\"}}],\"inLanguage\":\"fr-FR\"},{\"@type\":\"Organization\",\"@id\":\"https:\\\/\\\/www.organisator.ch\\\/#organization\",\"name\":\"Organisator\",\"url\":\"https:\\\/\\\/www.organisator.ch\\\/\",\"logo\":{\"@type\":\"ImageObject\",\"inLanguage\":\"fr-FR\",\"@id\":\"https:\\\/\\\/www.organisator.ch\\\/#\\\/schema\\\/logo\\\/image\\\/\",\"url\":\"https:\\\/\\\/www.organisator.ch\\\/wp-content\\\/uploads\\\/2022\\\/01\\\/Logo_Organisator_Website.png\",\"contentUrl\":\"https:\\\/\\\/www.organisator.ch\\\/wp-content\\\/uploads\\\/2022\\\/01\\\/Logo_Organisator_Website.png\",\"width\":800,\"height\":77,\"caption\":\"Organisator\"},\"image\":{\"@id\":\"https:\\\/\\\/www.organisator.ch\\\/#\\\/schema\\\/logo\\\/image\\\/\"},\"sameAs\":[\"https:\\\/\\\/www.facebook.com\\\/OrganisatorFachmagazin\",\"https:\\\/\\\/www.linkedin.com\\\/showcase\\\/organisator-das-magazin-fr-kmu\",\"https:\\\/\\\/www.xing.com\\\/news\\\/pages\\\/organisator-ch-695\",\"https:\\\/\\\/www.youtube.com\\\/channel\\\/UCGP2Sq0iWaZwT3BdIAQFYpw\"]},{\"@type\":\"Person\",\"@id\":\"https:\\\/\\\/www.organisator.ch\\\/#\\\/schema\\\/person\\\/6f650f90b2842cd4c0cc334b4e36f67e\",\"name\":\"thomas.berner\",\"image\":{\"@type\":\"ImageObject\",\"inLanguage\":\"fr-FR\",\"@id\":\"https:\\\/\\\/secure.gravatar.com\\\/avatar\\\/ac5001d2a36cb6c6cd3e50789007ffca834b477b74a2144564522e944eabff61?s=96&d=mm&r=g\",\"url\":\"https:\\\/\\\/secure.gravatar.com\\\/avatar\\\/ac5001d2a36cb6c6cd3e50789007ffca834b477b74a2144564522e944eabff61?s=96&d=mm&r=g\",\"contentUrl\":\"https:\\\/\\\/secure.gravatar.com\\\/avatar\\\/ac5001d2a36cb6c6cd3e50789007ffca834b477b74a2144564522e944eabff61?s=96&d=mm&r=g\",\"caption\":\"thomas.berner\"},\"url\":\"https:\\\/\\\/www.organisator.ch\\\/fr\\\/author\\\/thomas-berner\\\/\"}]}<\/script>\n<!-- \/ Yoast SEO plugin. -->","yoast_head_json":{"title":"SGES 2022 : Swiss Green Economy Symposium - Organisateur","description":"Le Swiss Green Economy Symposium SGES 2022 aura lieu les 7 et 8 septembre sous la devise \"Collaborer de mani\u00e8re responsable et courageuse\".","robots":{"index":"index","follow":"follow","max-snippet":"max-snippet:-1","max-image-preview":"max-image-preview:large","max-video-preview":"max-video-preview:-1"},"canonical":"https:\/\/www.organisator.ch\/fr\/sustainability\/2022-08-11\/sges-2022-swiss-green-economy-symposium\/","og_locale":"fr_FR","og_type":"article","og_title":"SGES 2022: Swiss Green Economy Symposium","og_description":"Unter dem Motto \"Verantwortungsvoll und mutig zusammenarbeiten\" findet am 7.\/8. September das Swiss Green Economy Symposium SGES 2022 statt.","og_url":"https:\/\/www.organisator.ch\/fr\/sustainability\/2022-08-11\/sges-2022-swiss-green-economy-symposium\/","og_site_name":"Organisator","article_publisher":"https:\/\/www.facebook.com\/OrganisatorFachmagazin","article_published_time":"2022-08-11T08:19:38+00:00","og_image":[{"width":680,"height":451,"url":"https:\/\/www.organisator.ch\/wp-content\/uploads\/2022\/08\/SGES-2022-Swiss-Green-Economy-Symposium_Organisator.jpg","type":"image\/jpeg"}],"author":"thomas.berner","twitter_card":"summary_large_image","twitter_title":"#SGES 2022: Swiss Green Economy Symposium","twitter_description":"Unter dem Motto \"Verantwortungsvoll und mutig zusammenarbeiten\" findet am 7.\/8. September das Swiss Green Economy Symposium #SGES 2022 statt.","twitter_image":"https:\/\/www.organisator.ch\/wp-content\/uploads\/2022\/08\/SGES-2022-Swiss-Green-Economy-Symposium_Organisator.jpg","schema":{"@context":"https:\/\/schema.org","@graph":[{"@type":"Article","@id":"https:\/\/www.organisator.ch\/sustainability\/2022-08-11\/sges-2022-swiss-green-economy-symposium\/#article","isPartOf":{"@id":"https:\/\/www.organisator.ch\/sustainability\/2022-08-11\/sges-2022-swiss-green-economy-symposium\/"},"author":{"name":"thomas.berner","@id":"https:\/\/www.organisator.ch\/#\/schema\/person\/6f650f90b2842cd4c0cc334b4e36f67e"},"headline":"SGES 2022: Swiss Green Economy Symposium","datePublished":"2022-08-11T08:19:38+00:00","mainEntityOfPage":{"@id":"https:\/\/www.organisator.ch\/sustainability\/2022-08-11\/sges-2022-swiss-green-economy-symposium\/"},"wordCount":402,"publisher":{"@id":"https:\/\/www.organisator.ch\/#organization"},"image":{"@id":"https:\/\/www.organisator.ch\/sustainability\/2022-08-11\/sges-2022-swiss-green-economy-symposium\/#primaryimage"},"thumbnailUrl":"https:\/\/www.organisator.ch\/wp-content\/uploads\/2022\/08\/SGES-2022-Swiss-Green-Economy-Symposium_Organisator.jpg","keywords":["Fachkongress\/Fachmesse","Nachhaltige Wirtschaft"],"articleSection":["SUSTAINABILITY"],"inLanguage":"fr-FR"},{"@type":"WebPage","@id":"https:\/\/www.organisator.ch\/sustainability\/2022-08-11\/sges-2022-swiss-green-economy-symposium\/","url":"https:\/\/www.organisator.ch\/sustainability\/2022-08-11\/sges-2022-swiss-green-economy-symposium\/","name":"SGES 2022 : Swiss Green Economy Symposium - Organisateur","isPartOf":{"@id":"https:\/\/www.organisator.ch\/#website"},"primaryImageOfPage":{"@id":"https:\/\/www.organisator.ch\/sustainability\/2022-08-11\/sges-2022-swiss-green-economy-symposium\/#primaryimage"},"image":{"@id":"https:\/\/www.organisator.ch\/sustainability\/2022-08-11\/sges-2022-swiss-green-economy-symposium\/#primaryimage"},"thumbnailUrl":"https:\/\/www.organisator.ch\/wp-content\/uploads\/2022\/08\/SGES-2022-Swiss-Green-Economy-Symposium_Organisator.jpg","datePublished":"2022-08-11T08:19:38+00:00","description":"Le Swiss Green Economy Symposium SGES 2022 aura lieu les 7 et 8 septembre sous la devise \"Collaborer de mani\u00e8re responsable et courageuse\".","breadcrumb":{"@id":"https:\/\/www.organisator.ch\/sustainability\/2022-08-11\/sges-2022-swiss-green-economy-symposium\/#breadcrumb"},"inLanguage":"fr-FR","potentialAction":[{"@type":"ReadAction","target":["https:\/\/www.organisator.ch\/sustainability\/2022-08-11\/sges-2022-swiss-green-economy-symposium\/"]}]},{"@type":"ImageObject","inLanguage":"fr-FR","@id":"https:\/\/www.organisator.ch\/sustainability\/2022-08-11\/sges-2022-swiss-green-economy-symposium\/#primaryimage","url":"https:\/\/www.organisator.ch\/wp-content\/uploads\/2022\/08\/SGES-2022-Swiss-Green-Economy-Symposium_Organisator.jpg","contentUrl":"https:\/\/www.organisator.ch\/wp-content\/uploads\/2022\/08\/SGES-2022-Swiss-Green-Economy-Symposium_Organisator.jpg","width":680,"height":451,"caption":"Am SGES 2022 vom 7. und 8. September werden rund 1400 Teilnehmende erwartet. Hier im Bild eine Impression von der letztj\u00e4hrigen Durchf\u00fchrung. (Bild: SGES)"},{"@type":"BreadcrumbList","@id":"https:\/\/www.organisator.ch\/sustainability\/2022-08-11\/sges-2022-swiss-green-economy-symposium\/#breadcrumb","itemListElement":[{"@type":"ListItem","position":1,"name":"Home","item":"https:\/\/www.organisator.ch\/"},{"@type":"ListItem","position":2,"name":"SGES 2022: Swiss Green Economy Symposium"}]},{"@type":"WebSite","@id":"https:\/\/www.organisator.ch\/#website","url":"https:\/\/www.organisator.ch\/","name":"Organisateur","description":"Comp\u00e9tence et comp\u00e9tence. Proches de la pratique. L'ORGANISATEUR pr\u00e9pare 10 num\u00e9ros par an sur les th\u00e8mes essentiels pour les dirigeants de PME.","publisher":{"@id":"https:\/\/www.organisator.ch\/#organization"},"potentialAction":[{"@type":"SearchAction","target":{"@type":"EntryPoint","urlTemplate":"https:\/\/www.organisator.ch\/?s={search_term_string}"},"query-input":{"@type":"PropertyValueSpecification","valueRequired":true,"valueName":"search_term_string"}}],"inLanguage":"fr-FR"},{"@type":"Organization","@id":"https:\/\/www.organisator.ch\/#organization","name":"Organisateur","url":"https:\/\/www.organisator.ch\/","logo":{"@type":"ImageObject","inLanguage":"fr-FR","@id":"https:\/\/www.organisator.ch\/#\/schema\/logo\/image\/","url":"https:\/\/www.organisator.ch\/wp-content\/uploads\/2022\/01\/Logo_Organisator_Website.png","contentUrl":"https:\/\/www.organisator.ch\/wp-content\/uploads\/2022\/01\/Logo_Organisator_Website.png","width":800,"height":77,"caption":"Organisator"},"image":{"@id":"https:\/\/www.organisator.ch\/#\/schema\/logo\/image\/"},"sameAs":["https:\/\/www.facebook.com\/OrganisatorFachmagazin","https:\/\/www.linkedin.com\/showcase\/organisator-das-magazin-fr-kmu","https:\/\/www.xing.com\/news\/pages\/organisator-ch-695","https:\/\/www.youtube.com\/channel\/UCGP2Sq0iWaZwT3BdIAQFYpw"]},{"@type":"Person","@id":"https:\/\/www.organisator.ch\/#\/schema\/person\/6f650f90b2842cd4c0cc334b4e36f67e","name":"thomas.berner","image":{"@type":"ImageObject","inLanguage":"fr-FR","@id":"https:\/\/secure.gravatar.com\/avatar\/ac5001d2a36cb6c6cd3e50789007ffca834b477b74a2144564522e944eabff61?s=96&d=mm&r=g","url":"https:\/\/secure.gravatar.com\/avatar\/ac5001d2a36cb6c6cd3e50789007ffca834b477b74a2144564522e944eabff61?s=96&d=mm&r=g","contentUrl":"https:\/\/secure.gravatar.com\/avatar\/ac5001d2a36cb6c6cd3e50789007ffca834b477b74a2144564522e944eabff61?s=96&d=mm&r=g","caption":"thomas.berner"},"url":"https:\/\/www.organisator.ch\/fr\/author\/thomas-berner\/"}]}},"_links":{"self":[{"href":"https:\/\/www.organisator.ch\/fr\/wp-json\/wp\/v2\/posts\/16415","targetHints":{"allow":["GET"]}}],"collection":[{"href":"https:\/\/www.organisator.ch\/fr\/wp-json\/wp\/v2\/posts"}],"about":[{"href":"https:\/\/www.organisator.ch\/fr\/wp-json\/wp\/v2\/types\/post"}],"author":[{"embeddable":true,"href":"https:\/\/www.organisator.ch\/fr\/wp-json\/wp\/v2\/users\/4"}],"replies":[{"embeddable":true,"href":"https:\/\/www.organisator.ch\/fr\/wp-json\/wp\/v2\/comments?post=16415"}],"version-history":[{"count":3,"href":"https:\/\/www.organisator.ch\/fr\/wp-json\/wp\/v2\/posts\/16415\/revisions"}],"predecessor-version":[{"id":16628,"href":"https:\/\/www.organisator.ch\/fr\/wp-json\/wp\/v2\/posts\/16415\/revisions\/16628"}],"wp:featuredmedia":[{"embeddable":true,"href":"https:\/\/www.organisator.ch\/fr\/wp-json\/wp\/v2\/media\/16419"}],"wp:attachment":[{"href":"https:\/\/www.organisator.ch\/fr\/wp-json\/wp\/v2\/media?parent=16415"}],"wp:term":[{"taxonomy":"category","embeddable":true,"href":"https:\/\/www.organisator.ch\/fr\/wp-json\/wp\/v2\/categories?post=16415"},{"taxonomy":"post_tag","embeddable":true,"href":"https:\/\/www.organisator.ch\/fr\/wp-json\/wp\/v2\/tags?post=16415"}],"curies":[{"name":"wp","href":"https:\/\/api.w.org\/{rel}","templated":true}]}}