{"id":16446,"date":"2022-08-23T01:32:42","date_gmt":"2022-08-22T23:32:42","guid":{"rendered":"https:\/\/www.organisator.ch\/?p=16446"},"modified":"2022-08-16T16:35:28","modified_gmt":"2022-08-16T14:35:28","slug":"frank-m-rinderknecht-aujourdhui-je-ne-cours-plus-simplement","status":"publish","type":"post","link":"https:\/\/www.organisator.ch\/fr\/abo\/2022-08-23\/frank-m-rinderknecht-heute-renne-ich-nicht-mehr-einfach-los\/","title":{"rendered":"Frank M. Rinderknecht : \"Aujourd'hui, je ne me pr\u00e9cipite plus ...\"."},"content":{"rendered":"<div class=\"swpm-post-not-logged-in-msg\">Vous devez \u00eatre connect\u00e9 pour voir ce contenu. Veuillez <a class=\"swpm-login-link\" href=\"https:\/\/www.organisator.ch\/login\/\">Se connecter<\/a>. Pas un membre ? <a href=\"https:\/\/www.organisator.ch\/shop\/\">Nous Rejoindre<\/a><\/div>","protected":false},"excerpt":{"rendered":"<p>Vous devez \u00eatre connect\u00e9 pour voir ce contenu. Veuillez vous connecter. Vous n'\u00eates pas membre ? Nous Rejoindre<\/p>","protected":false},"author":1,"featured_media":16447,"comment_status":"closed","ping_status":"closed","sticky":false,"template":"","format":"standard","meta":{"_acf_changed":false,"_yoast_wpseo_focuskw":"Frank M. Rinderknecht","_yoast_wpseo_metadesc":"Frank M. Rinderknecht: Pionier, Vision\u00e4r, Entwickler \u2013 und schon bald Pension\u00e4r? Letzteres mitnichten, wie er im Gespr\u00e4ch verr\u00e4t.","articlekey":"","footnotes":""},"categories":[578,28],"tags":[3105,335,381],"class_list":["post-16446","post","type-post","status-publish","format-standard","has-post-thumbnail","hentry","category-abo","category-management","tag-ausgabe-7-8-2022","tag-management-und-unternehmensfuehrung","tag-personalia"],"acf":[],"yoast_head":"<!-- This site is optimized with the Yoast SEO plugin v27.5 - https:\/\/yoast.com\/product\/yoast-seo-wordpress\/ -->\n<title>Frank M. Rinderknecht: &quot;Heute renne ich nicht mehr einfach los \u2026&quot; - Organisator<\/title>\n<meta name=\"description\" content=\"Frank M. Rinderknecht: Pionier, Vision\u00e4r, Entwickler \u2013 und schon bald Pension\u00e4r? Letzteres mitnichten, wie er im Gespr\u00e4ch verr\u00e4t.\" \/>\n<meta name=\"robots\" content=\"index, follow, max-snippet:-1, max-image-preview:large, max-video-preview:-1\" \/>\n<link rel=\"canonical\" href=\"https:\/\/www.organisator.ch\/fr\/gestion-2\/2022-08-23\/frank-m-rinderknecht-aujourdhui-je-ne-cours-plus-simplement\/\" \/>\n<meta property=\"og:locale\" content=\"fr_FR\" \/>\n<meta property=\"og:type\" content=\"article\" \/>\n<meta property=\"og:title\" content=\"Frank M. Rinderknecht: &quot;Heute renne ich nicht mehr einfach los \u2026&quot; - Organisator\" \/>\n<meta property=\"og:description\" content=\"Frank M. Rinderknecht: Pionier, Vision\u00e4r, Entwickler \u2013 und schon bald Pension\u00e4r? Letzteres mitnichten, wie er im Gespr\u00e4ch verr\u00e4t.\" \/>\n<meta property=\"og:url\" content=\"https:\/\/www.organisator.ch\/fr\/gestion-2\/2022-08-23\/frank-m-rinderknecht-aujourdhui-je-ne-cours-plus-simplement\/\" \/>\n<meta property=\"og:site_name\" content=\"Organisator\" \/>\n<meta property=\"article:publisher\" content=\"https:\/\/www.facebook.com\/OrganisatorFachmagazin\" \/>\n<meta property=\"article:published_time\" content=\"2022-08-22T23:32:42+00:00\" \/>\n<meta property=\"og:image\" content=\"https:\/\/www.organisator.ch\/wp-content\/uploads\/2022\/08\/Organisator-Heute-renne-ich-nicht-mehr-einfach-los.jpg\" \/>\n\t<meta property=\"og:image:width\" content=\"1100\" \/>\n\t<meta property=\"og:image:height\" content=\"630\" \/>\n\t<meta property=\"og:image:type\" content=\"image\/jpeg\" \/>\n<meta name=\"author\" content=\"admin\" \/>\n<meta name=\"twitter:card\" content=\"summary_large_image\" \/>\n<script type=\"application\/ld+json\" class=\"yoast-schema-graph\">{\"@context\":\"https:\\\/\\\/schema.org\",\"@graph\":[{\"@type\":\"Article\",\"@id\":\"https:\\\/\\\/www.organisator.ch\\\/management\\\/2022-08-23\\\/frank-m-rinderknecht-heute-renne-ich-nicht-mehr-einfach-los\\\/#article\",\"isPartOf\":{\"@id\":\"https:\\\/\\\/www.organisator.ch\\\/management\\\/2022-08-23\\\/frank-m-rinderknecht-heute-renne-ich-nicht-mehr-einfach-los\\\/\"},\"author\":{\"name\":\"admin\",\"@id\":\"https:\\\/\\\/www.organisator.ch\\\/#\\\/schema\\\/person\\\/aa2bace6c5c5aad60102004a50c4eb1c\"},\"headline\":\"Frank M. Rinderknecht: &#8222;Heute renne ich nicht mehr einfach los \u2026&#8220;\",\"datePublished\":\"2022-08-22T23:32:42+00:00\",\"mainEntityOfPage\":{\"@id\":\"https:\\\/\\\/www.organisator.ch\\\/management\\\/2022-08-23\\\/frank-m-rinderknecht-heute-renne-ich-nicht-mehr-einfach-los\\\/\"},\"wordCount\":2149,\"publisher\":{\"@id\":\"https:\\\/\\\/www.organisator.ch\\\/#organization\"},\"image\":{\"@id\":\"https:\\\/\\\/www.organisator.ch\\\/management\\\/2022-08-23\\\/frank-m-rinderknecht-heute-renne-ich-nicht-mehr-einfach-los\\\/#primaryimage\"},\"thumbnailUrl\":\"https:\\\/\\\/www.organisator.ch\\\/wp-content\\\/uploads\\\/2022\\\/08\\\/Organisator-Heute-renne-ich-nicht-mehr-einfach-los.jpg\",\"keywords\":[\"Ausgabe 7-8\\\/2022\",\"Management und Unternehmensf\u00fchrung\",\"Personalia\"],\"articleSection\":[\"ABO+\",\"MANAGEMENT\"],\"inLanguage\":\"fr-FR\"},{\"@type\":\"WebPage\",\"@id\":\"https:\\\/\\\/www.organisator.ch\\\/management\\\/2022-08-23\\\/frank-m-rinderknecht-heute-renne-ich-nicht-mehr-einfach-los\\\/\",\"url\":\"https:\\\/\\\/www.organisator.ch\\\/management\\\/2022-08-23\\\/frank-m-rinderknecht-heute-renne-ich-nicht-mehr-einfach-los\\\/\",\"name\":\"Frank M. Rinderknecht: \\\"Heute renne ich nicht mehr einfach los \u2026\\\" - Organisator\",\"isPartOf\":{\"@id\":\"https:\\\/\\\/www.organisator.ch\\\/#website\"},\"primaryImageOfPage\":{\"@id\":\"https:\\\/\\\/www.organisator.ch\\\/management\\\/2022-08-23\\\/frank-m-rinderknecht-heute-renne-ich-nicht-mehr-einfach-los\\\/#primaryimage\"},\"image\":{\"@id\":\"https:\\\/\\\/www.organisator.ch\\\/management\\\/2022-08-23\\\/frank-m-rinderknecht-heute-renne-ich-nicht-mehr-einfach-los\\\/#primaryimage\"},\"thumbnailUrl\":\"https:\\\/\\\/www.organisator.ch\\\/wp-content\\\/uploads\\\/2022\\\/08\\\/Organisator-Heute-renne-ich-nicht-mehr-einfach-los.jpg\",\"datePublished\":\"2022-08-22T23:32:42+00:00\",\"description\":\"Frank M. Rinderknecht: Pionier, Vision\u00e4r, Entwickler \u2013 und schon bald Pension\u00e4r? Letzteres mitnichten, wie er im Gespr\u00e4ch verr\u00e4t.\",\"breadcrumb\":{\"@id\":\"https:\\\/\\\/www.organisator.ch\\\/management\\\/2022-08-23\\\/frank-m-rinderknecht-heute-renne-ich-nicht-mehr-einfach-los\\\/#breadcrumb\"},\"inLanguage\":\"fr-FR\",\"potentialAction\":[{\"@type\":\"ReadAction\",\"target\":[\"https:\\\/\\\/www.organisator.ch\\\/management\\\/2022-08-23\\\/frank-m-rinderknecht-heute-renne-ich-nicht-mehr-einfach-los\\\/\"]}]},{\"@type\":\"ImageObject\",\"inLanguage\":\"fr-FR\",\"@id\":\"https:\\\/\\\/www.organisator.ch\\\/management\\\/2022-08-23\\\/frank-m-rinderknecht-heute-renne-ich-nicht-mehr-einfach-los\\\/#primaryimage\",\"url\":\"https:\\\/\\\/www.organisator.ch\\\/wp-content\\\/uploads\\\/2022\\\/08\\\/Organisator-Heute-renne-ich-nicht-mehr-einfach-los.jpg\",\"contentUrl\":\"https:\\\/\\\/www.organisator.ch\\\/wp-content\\\/uploads\\\/2022\\\/08\\\/Organisator-Heute-renne-ich-nicht-mehr-einfach-los.jpg\",\"width\":1100,\"height\":630,\"caption\":\"Frank M. Rinderknecht, Vision\u00e4r f\u00fcr die Mobilit\u00e4t der Zukunft. Bild: RINSPEED\"},{\"@type\":\"BreadcrumbList\",\"@id\":\"https:\\\/\\\/www.organisator.ch\\\/management\\\/2022-08-23\\\/frank-m-rinderknecht-heute-renne-ich-nicht-mehr-einfach-los\\\/#breadcrumb\",\"itemListElement\":[{\"@type\":\"ListItem\",\"position\":1,\"name\":\"Home\",\"item\":\"https:\\\/\\\/www.organisator.ch\\\/\"},{\"@type\":\"ListItem\",\"position\":2,\"name\":\"Frank M. Rinderknecht: &#8222;Heute renne ich nicht mehr einfach los \u2026&#8220;\"}]},{\"@type\":\"WebSite\",\"@id\":\"https:\\\/\\\/www.organisator.ch\\\/#website\",\"url\":\"https:\\\/\\\/www.organisator.ch\\\/\",\"name\":\"Organisator\",\"description\":\"Kompetent. Praxisnah. Der ORGANISATOR bereitet in 10 Ausgaben pro Jahr die wesentlichen Themen f\u00fcr F\u00fchrungskr\u00e4fte von KMU auf.\",\"publisher\":{\"@id\":\"https:\\\/\\\/www.organisator.ch\\\/#organization\"},\"potentialAction\":[{\"@type\":\"SearchAction\",\"target\":{\"@type\":\"EntryPoint\",\"urlTemplate\":\"https:\\\/\\\/www.organisator.ch\\\/?s={search_term_string}\"},\"query-input\":{\"@type\":\"PropertyValueSpecification\",\"valueRequired\":true,\"valueName\":\"search_term_string\"}}],\"inLanguage\":\"fr-FR\"},{\"@type\":\"Organization\",\"@id\":\"https:\\\/\\\/www.organisator.ch\\\/#organization\",\"name\":\"Organisator\",\"url\":\"https:\\\/\\\/www.organisator.ch\\\/\",\"logo\":{\"@type\":\"ImageObject\",\"inLanguage\":\"fr-FR\",\"@id\":\"https:\\\/\\\/www.organisator.ch\\\/#\\\/schema\\\/logo\\\/image\\\/\",\"url\":\"https:\\\/\\\/www.organisator.ch\\\/wp-content\\\/uploads\\\/2022\\\/01\\\/Logo_Organisator_Website.png\",\"contentUrl\":\"https:\\\/\\\/www.organisator.ch\\\/wp-content\\\/uploads\\\/2022\\\/01\\\/Logo_Organisator_Website.png\",\"width\":800,\"height\":77,\"caption\":\"Organisator\"},\"image\":{\"@id\":\"https:\\\/\\\/www.organisator.ch\\\/#\\\/schema\\\/logo\\\/image\\\/\"},\"sameAs\":[\"https:\\\/\\\/www.facebook.com\\\/OrganisatorFachmagazin\",\"https:\\\/\\\/www.linkedin.com\\\/showcase\\\/organisator-das-magazin-fr-kmu\",\"https:\\\/\\\/www.xing.com\\\/news\\\/pages\\\/organisator-ch-695\",\"https:\\\/\\\/www.youtube.com\\\/channel\\\/UCGP2Sq0iWaZwT3BdIAQFYpw\"]},{\"@type\":\"Person\",\"@id\":\"https:\\\/\\\/www.organisator.ch\\\/#\\\/schema\\\/person\\\/aa2bace6c5c5aad60102004a50c4eb1c\",\"name\":\"admin\",\"image\":{\"@type\":\"ImageObject\",\"inLanguage\":\"fr-FR\",\"@id\":\"https:\\\/\\\/secure.gravatar.com\\\/avatar\\\/ae2f4d718e6c49043e314ce431e7e645d646302a24a5ef5a8bc8e3f5a032e319?s=96&d=mm&r=g\",\"url\":\"https:\\\/\\\/secure.gravatar.com\\\/avatar\\\/ae2f4d718e6c49043e314ce431e7e645d646302a24a5ef5a8bc8e3f5a032e319?s=96&d=mm&r=g\",\"contentUrl\":\"https:\\\/\\\/secure.gravatar.com\\\/avatar\\\/ae2f4d718e6c49043e314ce431e7e645d646302a24a5ef5a8bc8e3f5a032e319?s=96&d=mm&r=g\",\"caption\":\"admin\"},\"sameAs\":[\"https:\\\/\\\/www.organisator.ch\"],\"url\":\"https:\\\/\\\/www.organisator.ch\\\/fr\\\/author\\\/admin\\\/\"}]}<\/script>\n<!-- \/ Yoast SEO plugin. -->","yoast_head_json":{"title":"Frank M. Rinderknecht : \"Aujourd'hui, je ne me pr\u00e9cipite plus ...\" - Organisateur","description":"Frank M. Rinderknecht : pionnier, visionnaire, d\u00e9veloppeur - et bient\u00f4t retrait\u00e9 ? Pas du tout, comme il le r\u00e9v\u00e8le dans l'entretien.","robots":{"index":"index","follow":"follow","max-snippet":"max-snippet:-1","max-image-preview":"max-image-preview:large","max-video-preview":"max-video-preview:-1"},"canonical":"https:\/\/www.organisator.ch\/fr\/gestion-2\/2022-08-23\/frank-m-rinderknecht-aujourdhui-je-ne-cours-plus-simplement\/","og_locale":"fr_FR","og_type":"article","og_title":"Frank M. Rinderknecht: \"Heute renne ich nicht mehr einfach los \u2026\" - Organisator","og_description":"Frank M. Rinderknecht: Pionier, Vision\u00e4r, Entwickler \u2013 und schon bald Pension\u00e4r? Letzteres mitnichten, wie er im Gespr\u00e4ch verr\u00e4t.","og_url":"https:\/\/www.organisator.ch\/fr\/gestion-2\/2022-08-23\/frank-m-rinderknecht-aujourdhui-je-ne-cours-plus-simplement\/","og_site_name":"Organisator","article_publisher":"https:\/\/www.facebook.com\/OrganisatorFachmagazin","article_published_time":"2022-08-22T23:32:42+00:00","og_image":[{"width":1100,"height":630,"url":"https:\/\/www.organisator.ch\/wp-content\/uploads\/2022\/08\/Organisator-Heute-renne-ich-nicht-mehr-einfach-los.jpg","type":"image\/jpeg"}],"author":"admin","twitter_card":"summary_large_image","schema":{"@context":"https:\/\/schema.org","@graph":[{"@type":"Article","@id":"https:\/\/www.organisator.ch\/management\/2022-08-23\/frank-m-rinderknecht-heute-renne-ich-nicht-mehr-einfach-los\/#article","isPartOf":{"@id":"https:\/\/www.organisator.ch\/management\/2022-08-23\/frank-m-rinderknecht-heute-renne-ich-nicht-mehr-einfach-los\/"},"author":{"name":"admin","@id":"https:\/\/www.organisator.ch\/#\/schema\/person\/aa2bace6c5c5aad60102004a50c4eb1c"},"headline":"Frank M. Rinderknecht: &#8222;Heute renne ich nicht mehr einfach los \u2026&#8220;","datePublished":"2022-08-22T23:32:42+00:00","mainEntityOfPage":{"@id":"https:\/\/www.organisator.ch\/management\/2022-08-23\/frank-m-rinderknecht-heute-renne-ich-nicht-mehr-einfach-los\/"},"wordCount":2149,"publisher":{"@id":"https:\/\/www.organisator.ch\/#organization"},"image":{"@id":"https:\/\/www.organisator.ch\/management\/2022-08-23\/frank-m-rinderknecht-heute-renne-ich-nicht-mehr-einfach-los\/#primaryimage"},"thumbnailUrl":"https:\/\/www.organisator.ch\/wp-content\/uploads\/2022\/08\/Organisator-Heute-renne-ich-nicht-mehr-einfach-los.jpg","keywords":["Ausgabe 7-8\/2022","Management und Unternehmensf\u00fchrung","Personalia"],"articleSection":["ABO+","MANAGEMENT"],"inLanguage":"fr-FR"},{"@type":"WebPage","@id":"https:\/\/www.organisator.ch\/management\/2022-08-23\/frank-m-rinderknecht-heute-renne-ich-nicht-mehr-einfach-los\/","url":"https:\/\/www.organisator.ch\/management\/2022-08-23\/frank-m-rinderknecht-heute-renne-ich-nicht-mehr-einfach-los\/","name":"Frank M. Rinderknecht : \"Aujourd'hui, je ne me pr\u00e9cipite plus ...\" - Organisateur","isPartOf":{"@id":"https:\/\/www.organisator.ch\/#website"},"primaryImageOfPage":{"@id":"https:\/\/www.organisator.ch\/management\/2022-08-23\/frank-m-rinderknecht-heute-renne-ich-nicht-mehr-einfach-los\/#primaryimage"},"image":{"@id":"https:\/\/www.organisator.ch\/management\/2022-08-23\/frank-m-rinderknecht-heute-renne-ich-nicht-mehr-einfach-los\/#primaryimage"},"thumbnailUrl":"https:\/\/www.organisator.ch\/wp-content\/uploads\/2022\/08\/Organisator-Heute-renne-ich-nicht-mehr-einfach-los.jpg","datePublished":"2022-08-22T23:32:42+00:00","description":"Frank M. Rinderknecht : pionnier, visionnaire, d\u00e9veloppeur - et bient\u00f4t retrait\u00e9 ? Pas du tout, comme il le r\u00e9v\u00e8le dans l'entretien.","breadcrumb":{"@id":"https:\/\/www.organisator.ch\/management\/2022-08-23\/frank-m-rinderknecht-heute-renne-ich-nicht-mehr-einfach-los\/#breadcrumb"},"inLanguage":"fr-FR","potentialAction":[{"@type":"ReadAction","target":["https:\/\/www.organisator.ch\/management\/2022-08-23\/frank-m-rinderknecht-heute-renne-ich-nicht-mehr-einfach-los\/"]}]},{"@type":"ImageObject","inLanguage":"fr-FR","@id":"https:\/\/www.organisator.ch\/management\/2022-08-23\/frank-m-rinderknecht-heute-renne-ich-nicht-mehr-einfach-los\/#primaryimage","url":"https:\/\/www.organisator.ch\/wp-content\/uploads\/2022\/08\/Organisator-Heute-renne-ich-nicht-mehr-einfach-los.jpg","contentUrl":"https:\/\/www.organisator.ch\/wp-content\/uploads\/2022\/08\/Organisator-Heute-renne-ich-nicht-mehr-einfach-los.jpg","width":1100,"height":630,"caption":"Frank M. Rinderknecht, Vision\u00e4r f\u00fcr die Mobilit\u00e4t der Zukunft. Bild: RINSPEED"},{"@type":"BreadcrumbList","@id":"https:\/\/www.organisator.ch\/management\/2022-08-23\/frank-m-rinderknecht-heute-renne-ich-nicht-mehr-einfach-los\/#breadcrumb","itemListElement":[{"@type":"ListItem","position":1,"name":"Home","item":"https:\/\/www.organisator.ch\/"},{"@type":"ListItem","position":2,"name":"Frank M. Rinderknecht: &#8222;Heute renne ich nicht mehr einfach los \u2026&#8220;"}]},{"@type":"WebSite","@id":"https:\/\/www.organisator.ch\/#website","url":"https:\/\/www.organisator.ch\/","name":"Organisateur","description":"Comp\u00e9tence et comp\u00e9tence. Proches de la pratique. L'ORGANISATEUR pr\u00e9pare 10 num\u00e9ros par an sur les th\u00e8mes essentiels pour les dirigeants de PME.","publisher":{"@id":"https:\/\/www.organisator.ch\/#organization"},"potentialAction":[{"@type":"SearchAction","target":{"@type":"EntryPoint","urlTemplate":"https:\/\/www.organisator.ch\/?s={search_term_string}"},"query-input":{"@type":"PropertyValueSpecification","valueRequired":true,"valueName":"search_term_string"}}],"inLanguage":"fr-FR"},{"@type":"Organization","@id":"https:\/\/www.organisator.ch\/#organization","name":"Organisateur","url":"https:\/\/www.organisator.ch\/","logo":{"@type":"ImageObject","inLanguage":"fr-FR","@id":"https:\/\/www.organisator.ch\/#\/schema\/logo\/image\/","url":"https:\/\/www.organisator.ch\/wp-content\/uploads\/2022\/01\/Logo_Organisator_Website.png","contentUrl":"https:\/\/www.organisator.ch\/wp-content\/uploads\/2022\/01\/Logo_Organisator_Website.png","width":800,"height":77,"caption":"Organisator"},"image":{"@id":"https:\/\/www.organisator.ch\/#\/schema\/logo\/image\/"},"sameAs":["https:\/\/www.facebook.com\/OrganisatorFachmagazin","https:\/\/www.linkedin.com\/showcase\/organisator-das-magazin-fr-kmu","https:\/\/www.xing.com\/news\/pages\/organisator-ch-695","https:\/\/www.youtube.com\/channel\/UCGP2Sq0iWaZwT3BdIAQFYpw"]},{"@type":"Person","@id":"https:\/\/www.organisator.ch\/#\/schema\/person\/aa2bace6c5c5aad60102004a50c4eb1c","name":"admin","image":{"@type":"ImageObject","inLanguage":"fr-FR","@id":"https:\/\/secure.gravatar.com\/avatar\/ae2f4d718e6c49043e314ce431e7e645d646302a24a5ef5a8bc8e3f5a032e319?s=96&d=mm&r=g","url":"https:\/\/secure.gravatar.com\/avatar\/ae2f4d718e6c49043e314ce431e7e645d646302a24a5ef5a8bc8e3f5a032e319?s=96&d=mm&r=g","contentUrl":"https:\/\/secure.gravatar.com\/avatar\/ae2f4d718e6c49043e314ce431e7e645d646302a24a5ef5a8bc8e3f5a032e319?s=96&d=mm&r=g","caption":"admin"},"sameAs":["https:\/\/www.organisator.ch"],"url":"https:\/\/www.organisator.ch\/fr\/author\/admin\/"}]}},"_links":{"self":[{"href":"https:\/\/www.organisator.ch\/fr\/wp-json\/wp\/v2\/posts\/16446","targetHints":{"allow":["GET"]}}],"collection":[{"href":"https:\/\/www.organisator.ch\/fr\/wp-json\/wp\/v2\/posts"}],"about":[{"href":"https:\/\/www.organisator.ch\/fr\/wp-json\/wp\/v2\/types\/post"}],"author":[{"embeddable":true,"href":"https:\/\/www.organisator.ch\/fr\/wp-json\/wp\/v2\/users\/1"}],"replies":[{"embeddable":true,"href":"https:\/\/www.organisator.ch\/fr\/wp-json\/wp\/v2\/comments?post=16446"}],"version-history":[{"count":3,"href":"https:\/\/www.organisator.ch\/fr\/wp-json\/wp\/v2\/posts\/16446\/revisions"}],"predecessor-version":[{"id":16565,"href":"https:\/\/www.organisator.ch\/fr\/wp-json\/wp\/v2\/posts\/16446\/revisions\/16565"}],"wp:featuredmedia":[{"embeddable":true,"href":"https:\/\/www.organisator.ch\/fr\/wp-json\/wp\/v2\/media\/16447"}],"wp:attachment":[{"href":"https:\/\/www.organisator.ch\/fr\/wp-json\/wp\/v2\/media?parent=16446"}],"wp:term":[{"taxonomy":"category","embeddable":true,"href":"https:\/\/www.organisator.ch\/fr\/wp-json\/wp\/v2\/categories?post=16446"},{"taxonomy":"post_tag","embeddable":true,"href":"https:\/\/www.organisator.ch\/fr\/wp-json\/wp\/v2\/tags?post=16446"}],"curies":[{"name":"wp","href":"https:\/\/api.w.org\/{rel}","templated":true}]}}