{"id":16466,"date":"2022-08-12T11:31:21","date_gmt":"2022-08-12T09:31:21","guid":{"rendered":"https:\/\/www.werbewoche.ch\/?p=184261"},"modified":"2024-11-22T08:40:52","modified_gmt":"2024-11-22T07:40:52","slug":"emotionales-marketinginstrument-hotel-mamma-setzt-auf-video","status":"publish","type":"post","link":"https:\/\/www.organisator.ch\/fr\/marketing\/2022-08-12\/emotionales-marketinginstrument-hotel-mamma-setzt-auf-video\/","title":{"rendered":"Un instrument de marketing \u00e9motionnel : l'Hotel Mamma mise sur la vid\u00e9o"},"content":{"rendered":"<p><img class=\"alignnone wp-image-184262 size-full\" src=\"https:\/\/www.werbewoche.ch\/wp-content\/uploads\/2022\/08\/Hotel-Mamma-Motionfood.jpg\" sizes=\"(max-width: 956px) 100vw, 956px\" srcset=\"https:\/\/www.werbewoche.ch\/wp-content\/uploads\/2022\/08\/Hotel-Mamma-Motionfood.jpg 956w, https:\/\/www.werbewoche.ch\/wp-content\/uploads\/2022\/08\/Hotel-Mamma-Motionfood-600x336.jpg 600w, https:\/\/www.werbewoche.ch\/wp-content\/uploads\/2022\/08\/Hotel-Mamma-Motionfood-768x431.jpg 768w, https:\/\/www.werbewoche.ch\/wp-content\/uploads\/2022\/08\/Hotel-Mamma-Motionfood-18x10.jpg 18w, https:\/\/www.werbewoche.ch\/wp-content\/uploads\/2022\/08\/Hotel-Mamma-Motionfood-312x175.jpg 312w, https:\/\/www.werbewoche.ch\/wp-content\/uploads\/2022\/08\/Hotel-Mamma-Motionfood-624x350.jpg 624w, https:\/\/www.werbewoche.ch\/wp-content\/uploads\/2022\/08\/Hotel-Mamma-Motionfood-920x516.jpg 920w, https:\/\/www.werbewoche.ch\/wp-content\/uploads\/2022\/08\/Hotel-Mamma-Motionfood-300x168.jpg 300w\" alt=\"H\u00f4tel Mamma\" width=\"956\" height=\"536\" \/><\/p>\r\n<p>L'Italianit\u00e0 est c\u00e9l\u00e9br\u00e9e \u00e0 l'h\u00f4tel Mamma et son Osteria. Au lieu d'une carte, l'h\u00f4tel propose un menu \u00e0 cinq plats qui change tous les jours et qui est \u00e9labor\u00e9 \u00e0 partir d'anciennes recettes et d'ingr\u00e9dients frais. L'objectif est d'attirer les gourmets qui aiment prendre leur temps pour un long repas italien dans une ambiance chaleureuse.<\/p>\r\n<p>Le nouveau film arrive sur le site web en guise d'introduction et a pour but de pr\u00e9senter l'\u00e9tablissement et notamment le concept sp\u00e9cial de restaurant - pour les clients qui ne connaissent pas encore l'\u00e9tablissement. En outre, l'h\u00f4tel Mamma mise sur diff\u00e9rentes vid\u00e9os courtes et th\u00e9matiques sur Facebook et Instagram.<\/p>\r\n<p>\"Nous avons d\u00e9j\u00e0 utilis\u00e9 avec succ\u00e8s le film tourn\u00e9 en 2016 comme introduction \u00e0 notre site web. Il transmettait de mani\u00e8re \u00e9motionnelle ce que le client peut attendre de nous\", d\u00e9clare le propri\u00e9taire Charles Brun. \"Nous voulions faire mieux - avec une production vid\u00e9o fra\u00eeche - qui soit encore plus parlante et qui explique notre concept unique. Comme pour le premier film, nous avons contact\u00e9 Motionfood \u00e0 Zurich-Schlieren. La nouvelle vid\u00e9o pour le site web et les m\u00e9dias sociaux a \u00e9t\u00e9 r\u00e9alis\u00e9e rapidement et sans complication. Nous sommes tr\u00e8s satisfaits du r\u00e9sultat et allons maintenant l'utiliser pour nos canaux de marketing\".<\/p>\r\n<p><iframe title=\"H\u00f4tel Mamma Osteria - Tradizione, Stile e Passione\" src=\"https:\/\/player.vimeo.com\/video\/738362049?h=f1f860b5c7&amp;dnt=1&amp;app_id=122963\" width=\"768\" height=\"432\" frameborder=\"0\" allowfullscreen=\"allowfullscreen\"><\/iframe><\/p>\r\n<p><iframe title=\"Hotel Mamma | Sneak Peak Teaser\" src=\"https:\/\/player.vimeo.com\/video\/720665995?h=abbab383be&amp;dnt=1&amp;app_id=122963\" width=\"768\" height=\"432\" frameborder=\"0\" allowfullscreen=\"allowfullscreen\"><\/iframe><\/p>\r\n<hr \/>\r\n<h2>Motionfood : pourquoi un h\u00f4tel a besoin d'une vid\u00e9o<\/h2>\r\n<ul>\r\n\t<li><strong>De grands sentiments<\/strong>L'ambiance et l'atmosph\u00e8re peuvent \u00eatre bien mieux transmises dans un film que par des photos et des textes.<\/li>\r\n\t<li><strong>Plus d'informations<\/strong>Quelques secondes de film v\u00e9hiculent plus d'informations que dix images ou plus.<\/li>\r\n\t<li><strong>Une diff\u00e9renciation claire<\/strong>Une vid\u00e9o bien faite montre la diff\u00e9rence par rapport aux concurrents plus rapidement et mieux que des textes et des photos.<\/li>\r\n\t<li><strong>Une grande attention<\/strong>Vid\u00e9os : elles atteignent une grande port\u00e9e sur le web et les m\u00e9dias sociaux.<\/li>\r\n\t<li><strong>Dur\u00e9e de s\u00e9jour plus longue<\/strong>Les utilisateurs restent plus longtemps sur les vid\u00e9os que sur les images. Cela prolonge la dur\u00e9e d'utilisation du site web, ce qui est important pour les moteurs de recherche et le classement sur Google.<\/li>\r\n\t<li><strong>Taux de clics plus \u00e9lev\u00e9s<\/strong>: les vid\u00e9os influencent les d\u00e9cisions d'achat et augmentent les r\u00e9servations.<\/li>\r\n\t<li><strong>Avantages multiples<\/strong>: Un film peut \u00eatre utilis\u00e9 de mani\u00e8re polyvalente et divis\u00e9 en diff\u00e9rentes s\u00e9quences, par exemple pour une utilisation sur le site web et les m\u00e9dias sociaux ou dans la newsletter.<\/li>\r\n\t<li><strong>Des co\u00fbts g\u00e9rables<\/strong>: Une production vid\u00e9o n'est pas n\u00e9cessairement plus ch\u00e8re qu'une s\u00e9ance photo classique.<\/li>\r\n<\/ul>","protected":false},"excerpt":{"rendered":"<p>Im Hotel Mamma mit seiner Osteria wird Italianit\u00e0 zelebriert. Statt einer Speisekarte gibt es ein t\u00e4glich wechselndes 5-Gang Menu nach alten Rezepten und mit frischen Zutaten. Damit sollen Geniesser:innen angesprochen werden, die sich gern Zeit nehmen f\u00fcr ein ausgedehntes, echt italienisches Essen in gem\u00fctlichem Ambiente. Der neue Film kommt als Einstieg auf die Website und [\u2026]<\/p>\n","protected":false},"author":8,"featured_media":0,"comment_status":"closed","ping_status":"closed","sticky":false,"template":"","format":"standard","meta":{"_acf_changed":false,"_yoast_wpseo_focuskw":"Hotel Mamma Video Marketing","_yoast_wpseo_metadesc":"Hotel Mamma zelebriert Italianit\u00e0 mit einem neuen Video, das das einzigartige Restaurantkonzept vorstellt. Erleben Sie es selbst!","articlekey":"","footnotes":""},"categories":[29],"tags":[4782,4783,339,4784,515],"class_list":["post-16466","post","type-post","status-publish","format-standard","hentry","category-marketing","tag-hotel","tag-italianita","tag-marketing","tag-restaurant","tag-video"],"acf":[],"yoast_head":"<!-- This site is optimized with the Yoast SEO plugin v27.4 - https:\/\/yoast.com\/product\/yoast-seo-wordpress\/ -->\n<title>Emotionales Marketinginstrument: Hotel Mamma setzt auf Video - Organisator<\/title>\n<meta name=\"description\" content=\"Hotel Mamma zelebriert Italianit\u00e0 mit einem neuen Video, das das einzigartige Restaurantkonzept vorstellt. Erleben Sie es selbst!\" \/>\n<meta name=\"robots\" content=\"index, follow, max-snippet:-1, max-image-preview:large, max-video-preview:-1\" \/>\n<link rel=\"canonical\" href=\"https:\/\/www.organisator.ch\/fr\/marketing\/2022-08-12\/emotionales-marketinginstrument-hotel-mamma-setzt-auf-video\/\" \/>\n<meta property=\"og:locale\" content=\"fr_FR\" \/>\n<meta property=\"og:type\" content=\"article\" \/>\n<meta property=\"og:title\" content=\"Emotionales Marketinginstrument: Hotel Mamma setzt auf Video - Organisator\" \/>\n<meta property=\"og:description\" content=\"Hotel Mamma zelebriert Italianit\u00e0 mit einem neuen Video, das das einzigartige Restaurantkonzept vorstellt. Erleben Sie es selbst!\" \/>\n<meta property=\"og:url\" content=\"https:\/\/www.organisator.ch\/fr\/marketing\/2022-08-12\/emotionales-marketinginstrument-hotel-mamma-setzt-auf-video\/\" \/>\n<meta property=\"og:site_name\" content=\"Organisator\" \/>\n<meta property=\"article:publisher\" content=\"https:\/\/www.facebook.com\/OrganisatorFachmagazin\" \/>\n<meta property=\"article:published_time\" content=\"2022-08-12T09:31:21+00:00\" \/>\n<meta property=\"article:modified_time\" content=\"2024-11-22T07:40:52+00:00\" \/>\n<meta name=\"author\" content=\"galledia\" \/>\n<meta name=\"twitter:card\" content=\"summary_large_image\" \/>\n<meta name=\"twitter:creator\" content=\"@admin\" \/>\n<script type=\"application\/ld+json\" class=\"yoast-schema-graph\">{\"@context\":\"https:\\\/\\\/schema.org\",\"@graph\":[{\"@type\":\"Article\",\"@id\":\"https:\\\/\\\/www.organisator.ch\\\/marketing\\\/2022-08-12\\\/emotionales-marketinginstrument-hotel-mamma-setzt-auf-video\\\/#article\",\"isPartOf\":{\"@id\":\"https:\\\/\\\/www.organisator.ch\\\/marketing\\\/2022-08-12\\\/emotionales-marketinginstrument-hotel-mamma-setzt-auf-video\\\/\"},\"author\":{\"name\":\"galledia\",\"@id\":\"https:\\\/\\\/www.organisator.ch\\\/#\\\/schema\\\/person\\\/4e51799071cd2dd1232ac003643ef5f0\"},\"headline\":\"Emotionales Marketinginstrument: Hotel Mamma setzt auf Video\",\"datePublished\":\"2022-08-12T09:31:21+00:00\",\"dateModified\":\"2024-11-22T07:40:52+00:00\",\"mainEntityOfPage\":{\"@id\":\"https:\\\/\\\/www.organisator.ch\\\/marketing\\\/2022-08-12\\\/emotionales-marketinginstrument-hotel-mamma-setzt-auf-video\\\/\"},\"wordCount\":339,\"publisher\":{\"@id\":\"https:\\\/\\\/www.organisator.ch\\\/#organization\"},\"image\":{\"@id\":\"https:\\\/\\\/www.organisator.ch\\\/marketing\\\/2022-08-12\\\/emotionales-marketinginstrument-hotel-mamma-setzt-auf-video\\\/#primaryimage\"},\"thumbnailUrl\":\"https:\\\/\\\/www.werbewoche.ch\\\/wp-content\\\/uploads\\\/2022\\\/08\\\/Hotel-Mamma-Motionfood.jpg\",\"keywords\":[\"Hotel\",\"Italianit\u00e0\",\"Marketing\",\"Restaurant\",\"Video\"],\"articleSection\":[\"MARKETING\"],\"inLanguage\":\"fr-FR\"},{\"@type\":\"WebPage\",\"@id\":\"https:\\\/\\\/www.organisator.ch\\\/marketing\\\/2022-08-12\\\/emotionales-marketinginstrument-hotel-mamma-setzt-auf-video\\\/\",\"url\":\"https:\\\/\\\/www.organisator.ch\\\/marketing\\\/2022-08-12\\\/emotionales-marketinginstrument-hotel-mamma-setzt-auf-video\\\/\",\"name\":\"Emotionales Marketinginstrument: Hotel Mamma setzt auf Video - Organisator\",\"isPartOf\":{\"@id\":\"https:\\\/\\\/www.organisator.ch\\\/#website\"},\"primaryImageOfPage\":{\"@id\":\"https:\\\/\\\/www.organisator.ch\\\/marketing\\\/2022-08-12\\\/emotionales-marketinginstrument-hotel-mamma-setzt-auf-video\\\/#primaryimage\"},\"image\":{\"@id\":\"https:\\\/\\\/www.organisator.ch\\\/marketing\\\/2022-08-12\\\/emotionales-marketinginstrument-hotel-mamma-setzt-auf-video\\\/#primaryimage\"},\"thumbnailUrl\":\"https:\\\/\\\/www.werbewoche.ch\\\/wp-content\\\/uploads\\\/2022\\\/08\\\/Hotel-Mamma-Motionfood.jpg\",\"datePublished\":\"2022-08-12T09:31:21+00:00\",\"dateModified\":\"2024-11-22T07:40:52+00:00\",\"description\":\"Hotel Mamma zelebriert Italianit\u00e0 mit einem neuen Video, das das einzigartige Restaurantkonzept vorstellt. Erleben Sie es selbst!\",\"breadcrumb\":{\"@id\":\"https:\\\/\\\/www.organisator.ch\\\/marketing\\\/2022-08-12\\\/emotionales-marketinginstrument-hotel-mamma-setzt-auf-video\\\/#breadcrumb\"},\"inLanguage\":\"fr-FR\",\"potentialAction\":[{\"@type\":\"ReadAction\",\"target\":[\"https:\\\/\\\/www.organisator.ch\\\/marketing\\\/2022-08-12\\\/emotionales-marketinginstrument-hotel-mamma-setzt-auf-video\\\/\"]}]},{\"@type\":\"ImageObject\",\"inLanguage\":\"fr-FR\",\"@id\":\"https:\\\/\\\/www.organisator.ch\\\/marketing\\\/2022-08-12\\\/emotionales-marketinginstrument-hotel-mamma-setzt-auf-video\\\/#primaryimage\",\"url\":\"https:\\\/\\\/www.werbewoche.ch\\\/wp-content\\\/uploads\\\/2022\\\/08\\\/Hotel-Mamma-Motionfood.jpg\",\"contentUrl\":\"https:\\\/\\\/www.werbewoche.ch\\\/wp-content\\\/uploads\\\/2022\\\/08\\\/Hotel-Mamma-Motionfood.jpg\"},{\"@type\":\"BreadcrumbList\",\"@id\":\"https:\\\/\\\/www.organisator.ch\\\/marketing\\\/2022-08-12\\\/emotionales-marketinginstrument-hotel-mamma-setzt-auf-video\\\/#breadcrumb\",\"itemListElement\":[{\"@type\":\"ListItem\",\"position\":1,\"name\":\"Home\",\"item\":\"https:\\\/\\\/www.organisator.ch\\\/\"},{\"@type\":\"ListItem\",\"position\":2,\"name\":\"Emotionales Marketinginstrument: Hotel Mamma setzt auf Video\"}]},{\"@type\":\"WebSite\",\"@id\":\"https:\\\/\\\/www.organisator.ch\\\/#website\",\"url\":\"https:\\\/\\\/www.organisator.ch\\\/\",\"name\":\"Organisator\",\"description\":\"Kompetent. Praxisnah. Der ORGANISATOR bereitet in 10 Ausgaben pro Jahr die wesentlichen Themen f\u00fcr F\u00fchrungskr\u00e4fte von KMU auf.\",\"publisher\":{\"@id\":\"https:\\\/\\\/www.organisator.ch\\\/#organization\"},\"potentialAction\":[{\"@type\":\"SearchAction\",\"target\":{\"@type\":\"EntryPoint\",\"urlTemplate\":\"https:\\\/\\\/www.organisator.ch\\\/?s={search_term_string}\"},\"query-input\":{\"@type\":\"PropertyValueSpecification\",\"valueRequired\":true,\"valueName\":\"search_term_string\"}}],\"inLanguage\":\"fr-FR\"},{\"@type\":\"Organization\",\"@id\":\"https:\\\/\\\/www.organisator.ch\\\/#organization\",\"name\":\"Organisator\",\"url\":\"https:\\\/\\\/www.organisator.ch\\\/\",\"logo\":{\"@type\":\"ImageObject\",\"inLanguage\":\"fr-FR\",\"@id\":\"https:\\\/\\\/www.organisator.ch\\\/#\\\/schema\\\/logo\\\/image\\\/\",\"url\":\"https:\\\/\\\/www.organisator.ch\\\/wp-content\\\/uploads\\\/2022\\\/01\\\/Logo_Organisator_Website.png\",\"contentUrl\":\"https:\\\/\\\/www.organisator.ch\\\/wp-content\\\/uploads\\\/2022\\\/01\\\/Logo_Organisator_Website.png\",\"width\":800,\"height\":77,\"caption\":\"Organisator\"},\"image\":{\"@id\":\"https:\\\/\\\/www.organisator.ch\\\/#\\\/schema\\\/logo\\\/image\\\/\"},\"sameAs\":[\"https:\\\/\\\/www.facebook.com\\\/OrganisatorFachmagazin\",\"https:\\\/\\\/www.linkedin.com\\\/showcase\\\/organisator-das-magazin-fr-kmu\",\"https:\\\/\\\/www.xing.com\\\/news\\\/pages\\\/organisator-ch-695\",\"https:\\\/\\\/www.youtube.com\\\/channel\\\/UCGP2Sq0iWaZwT3BdIAQFYpw\"]},{\"@type\":\"Person\",\"@id\":\"https:\\\/\\\/www.organisator.ch\\\/#\\\/schema\\\/person\\\/4e51799071cd2dd1232ac003643ef5f0\",\"name\":\"galledia\",\"image\":{\"@type\":\"ImageObject\",\"inLanguage\":\"fr-FR\",\"@id\":\"https:\\\/\\\/secure.gravatar.com\\\/avatar\\\/78a7f90c01fc2bfc875782a0d4922b37cde2cf184ce347b91316d23cd7f69a36?s=96&d=mm&r=g\",\"url\":\"https:\\\/\\\/secure.gravatar.com\\\/avatar\\\/78a7f90c01fc2bfc875782a0d4922b37cde2cf184ce347b91316d23cd7f69a36?s=96&d=mm&r=g\",\"contentUrl\":\"https:\\\/\\\/secure.gravatar.com\\\/avatar\\\/78a7f90c01fc2bfc875782a0d4922b37cde2cf184ce347b91316d23cd7f69a36?s=96&d=mm&r=g\",\"caption\":\"galledia\"},\"sameAs\":[\"https:\\\/\\\/x.com\\\/admin\"],\"url\":\"https:\\\/\\\/www.organisator.ch\\\/fr\\\/author\\\/galledia\\\/\"}]}<\/script>\n<!-- \/ Yoast SEO plugin. -->","yoast_head_json":{"title":"Un outil de marketing \u00e9motionnel : l'H\u00f4tel Mamma mise sur la vid\u00e9o - Organisateur","description":"L'H\u00f4tel Mamma c\u00e9l\u00e8bre l'italianit\u00e0 avec une nouvelle vid\u00e9o qui pr\u00e9sente le concept unique du restaurant. D\u00e9couvrez-le par vous-m\u00eame !","robots":{"index":"index","follow":"follow","max-snippet":"max-snippet:-1","max-image-preview":"max-image-preview:large","max-video-preview":"max-video-preview:-1"},"canonical":"https:\/\/www.organisator.ch\/fr\/marketing\/2022-08-12\/emotionales-marketinginstrument-hotel-mamma-setzt-auf-video\/","og_locale":"fr_FR","og_type":"article","og_title":"Emotionales Marketinginstrument: Hotel Mamma setzt auf Video - Organisator","og_description":"Hotel Mamma zelebriert Italianit\u00e0 mit einem neuen Video, das das einzigartige Restaurantkonzept vorstellt. Erleben Sie es selbst!","og_url":"https:\/\/www.organisator.ch\/fr\/marketing\/2022-08-12\/emotionales-marketinginstrument-hotel-mamma-setzt-auf-video\/","og_site_name":"Organisator","article_publisher":"https:\/\/www.facebook.com\/OrganisatorFachmagazin","article_published_time":"2022-08-12T09:31:21+00:00","article_modified_time":"2024-11-22T07:40:52+00:00","author":"galledia","twitter_card":"summary_large_image","twitter_creator":"@admin","schema":{"@context":"https:\/\/schema.org","@graph":[{"@type":"Article","@id":"https:\/\/www.organisator.ch\/marketing\/2022-08-12\/emotionales-marketinginstrument-hotel-mamma-setzt-auf-video\/#article","isPartOf":{"@id":"https:\/\/www.organisator.ch\/marketing\/2022-08-12\/emotionales-marketinginstrument-hotel-mamma-setzt-auf-video\/"},"author":{"name":"galledia","@id":"https:\/\/www.organisator.ch\/#\/schema\/person\/4e51799071cd2dd1232ac003643ef5f0"},"headline":"Emotionales Marketinginstrument: Hotel Mamma setzt auf Video","datePublished":"2022-08-12T09:31:21+00:00","dateModified":"2024-11-22T07:40:52+00:00","mainEntityOfPage":{"@id":"https:\/\/www.organisator.ch\/marketing\/2022-08-12\/emotionales-marketinginstrument-hotel-mamma-setzt-auf-video\/"},"wordCount":339,"publisher":{"@id":"https:\/\/www.organisator.ch\/#organization"},"image":{"@id":"https:\/\/www.organisator.ch\/marketing\/2022-08-12\/emotionales-marketinginstrument-hotel-mamma-setzt-auf-video\/#primaryimage"},"thumbnailUrl":"https:\/\/www.werbewoche.ch\/wp-content\/uploads\/2022\/08\/Hotel-Mamma-Motionfood.jpg","keywords":["Hotel","Italianit\u00e0","Marketing","Restaurant","Video"],"articleSection":["MARKETING"],"inLanguage":"fr-FR"},{"@type":"WebPage","@id":"https:\/\/www.organisator.ch\/marketing\/2022-08-12\/emotionales-marketinginstrument-hotel-mamma-setzt-auf-video\/","url":"https:\/\/www.organisator.ch\/marketing\/2022-08-12\/emotionales-marketinginstrument-hotel-mamma-setzt-auf-video\/","name":"Un outil de marketing \u00e9motionnel : l'H\u00f4tel Mamma mise sur la vid\u00e9o - Organisateur","isPartOf":{"@id":"https:\/\/www.organisator.ch\/#website"},"primaryImageOfPage":{"@id":"https:\/\/www.organisator.ch\/marketing\/2022-08-12\/emotionales-marketinginstrument-hotel-mamma-setzt-auf-video\/#primaryimage"},"image":{"@id":"https:\/\/www.organisator.ch\/marketing\/2022-08-12\/emotionales-marketinginstrument-hotel-mamma-setzt-auf-video\/#primaryimage"},"thumbnailUrl":"https:\/\/www.werbewoche.ch\/wp-content\/uploads\/2022\/08\/Hotel-Mamma-Motionfood.jpg","datePublished":"2022-08-12T09:31:21+00:00","dateModified":"2024-11-22T07:40:52+00:00","description":"L'H\u00f4tel Mamma c\u00e9l\u00e8bre l'italianit\u00e0 avec une nouvelle vid\u00e9o qui pr\u00e9sente le concept unique du restaurant. D\u00e9couvrez-le par vous-m\u00eame !","breadcrumb":{"@id":"https:\/\/www.organisator.ch\/marketing\/2022-08-12\/emotionales-marketinginstrument-hotel-mamma-setzt-auf-video\/#breadcrumb"},"inLanguage":"fr-FR","potentialAction":[{"@type":"ReadAction","target":["https:\/\/www.organisator.ch\/marketing\/2022-08-12\/emotionales-marketinginstrument-hotel-mamma-setzt-auf-video\/"]}]},{"@type":"ImageObject","inLanguage":"fr-FR","@id":"https:\/\/www.organisator.ch\/marketing\/2022-08-12\/emotionales-marketinginstrument-hotel-mamma-setzt-auf-video\/#primaryimage","url":"https:\/\/www.werbewoche.ch\/wp-content\/uploads\/2022\/08\/Hotel-Mamma-Motionfood.jpg","contentUrl":"https:\/\/www.werbewoche.ch\/wp-content\/uploads\/2022\/08\/Hotel-Mamma-Motionfood.jpg"},{"@type":"BreadcrumbList","@id":"https:\/\/www.organisator.ch\/marketing\/2022-08-12\/emotionales-marketinginstrument-hotel-mamma-setzt-auf-video\/#breadcrumb","itemListElement":[{"@type":"ListItem","position":1,"name":"Home","item":"https:\/\/www.organisator.ch\/"},{"@type":"ListItem","position":2,"name":"Emotionales Marketinginstrument: Hotel Mamma setzt auf Video"}]},{"@type":"WebSite","@id":"https:\/\/www.organisator.ch\/#website","url":"https:\/\/www.organisator.ch\/","name":"Organisateur","description":"Comp\u00e9tence et comp\u00e9tence. Proches de la pratique. L'ORGANISATEUR pr\u00e9pare 10 num\u00e9ros par an sur les th\u00e8mes essentiels pour les dirigeants de PME.","publisher":{"@id":"https:\/\/www.organisator.ch\/#organization"},"potentialAction":[{"@type":"SearchAction","target":{"@type":"EntryPoint","urlTemplate":"https:\/\/www.organisator.ch\/?s={search_term_string}"},"query-input":{"@type":"PropertyValueSpecification","valueRequired":true,"valueName":"search_term_string"}}],"inLanguage":"fr-FR"},{"@type":"Organization","@id":"https:\/\/www.organisator.ch\/#organization","name":"Organisateur","url":"https:\/\/www.organisator.ch\/","logo":{"@type":"ImageObject","inLanguage":"fr-FR","@id":"https:\/\/www.organisator.ch\/#\/schema\/logo\/image\/","url":"https:\/\/www.organisator.ch\/wp-content\/uploads\/2022\/01\/Logo_Organisator_Website.png","contentUrl":"https:\/\/www.organisator.ch\/wp-content\/uploads\/2022\/01\/Logo_Organisator_Website.png","width":800,"height":77,"caption":"Organisator"},"image":{"@id":"https:\/\/www.organisator.ch\/#\/schema\/logo\/image\/"},"sameAs":["https:\/\/www.facebook.com\/OrganisatorFachmagazin","https:\/\/www.linkedin.com\/showcase\/organisator-das-magazin-fr-kmu","https:\/\/www.xing.com\/news\/pages\/organisator-ch-695","https:\/\/www.youtube.com\/channel\/UCGP2Sq0iWaZwT3BdIAQFYpw"]},{"@type":"Person","@id":"https:\/\/www.organisator.ch\/#\/schema\/person\/4e51799071cd2dd1232ac003643ef5f0","name":"galledia","image":{"@type":"ImageObject","inLanguage":"fr-FR","@id":"https:\/\/secure.gravatar.com\/avatar\/78a7f90c01fc2bfc875782a0d4922b37cde2cf184ce347b91316d23cd7f69a36?s=96&d=mm&r=g","url":"https:\/\/secure.gravatar.com\/avatar\/78a7f90c01fc2bfc875782a0d4922b37cde2cf184ce347b91316d23cd7f69a36?s=96&d=mm&r=g","contentUrl":"https:\/\/secure.gravatar.com\/avatar\/78a7f90c01fc2bfc875782a0d4922b37cde2cf184ce347b91316d23cd7f69a36?s=96&d=mm&r=g","caption":"galledia"},"sameAs":["https:\/\/x.com\/admin"],"url":"https:\/\/www.organisator.ch\/fr\/author\/galledia\/"}]}},"_links":{"self":[{"href":"https:\/\/www.organisator.ch\/fr\/wp-json\/wp\/v2\/posts\/16466","targetHints":{"allow":["GET"]}}],"collection":[{"href":"https:\/\/www.organisator.ch\/fr\/wp-json\/wp\/v2\/posts"}],"about":[{"href":"https:\/\/www.organisator.ch\/fr\/wp-json\/wp\/v2\/types\/post"}],"author":[{"embeddable":true,"href":"https:\/\/www.organisator.ch\/fr\/wp-json\/wp\/v2\/users\/8"}],"replies":[{"embeddable":true,"href":"https:\/\/www.organisator.ch\/fr\/wp-json\/wp\/v2\/comments?post=16466"}],"version-history":[{"count":2,"href":"https:\/\/www.organisator.ch\/fr\/wp-json\/wp\/v2\/posts\/16466\/revisions"}],"predecessor-version":[{"id":33857,"href":"https:\/\/www.organisator.ch\/fr\/wp-json\/wp\/v2\/posts\/16466\/revisions\/33857"}],"wp:attachment":[{"href":"https:\/\/www.organisator.ch\/fr\/wp-json\/wp\/v2\/media?parent=16466"}],"wp:term":[{"taxonomy":"category","embeddable":true,"href":"https:\/\/www.organisator.ch\/fr\/wp-json\/wp\/v2\/categories?post=16466"},{"taxonomy":"post_tag","embeddable":true,"href":"https:\/\/www.organisator.ch\/fr\/wp-json\/wp\/v2\/tags?post=16466"}],"curies":[{"name":"wp","href":"https:\/\/api.w.org\/{rel}","templated":true}]}}