{"id":165,"date":"2016-01-11T14:06:49","date_gmt":"2016-01-11T13:06:49","guid":{"rendered":"https:\/\/dev.umweltperspektiven.ch\/?p=165"},"modified":"2016-01-11T14:06:49","modified_gmt":"2016-01-11T13:06:49","slug":"klimawandel-belastet-mittelschicht","status":"publish","type":"post","link":"https:\/\/www.organisator.ch\/fr\/allgemein\/2016-01-11\/klimawandel-belastet-mittelschicht\/","title":{"rendered":"Le changement climatique p\u00e8se sur la classe moyenne"},"content":{"rendered":"<figure id=\"attachment_166\" aria-describedby=\"caption-attachment-166\" style=\"width: 680px\" class=\"wp-caption alignnone\"><a href=\"\/\/dev.umweltperspektiven.ch\/wp-content\/uploads\/2016\/12\/Klimawandel-belastet-Mittelschicht-umweltperspektiven.jpg\"><img loading=\"lazy\" decoding=\"async\" class=\"size-medium wp-image-166\" src=\"\/\/dev.umweltperspektiven.ch\/wp-content\/uploads\/2016\/12\/Klimawandel-belastet-Mittelschicht-umweltperspektiven.jpg\" alt=\"De plus en plus de personnes vivent dans des villes touch\u00e9es par le changement climatique.\" width=\"680\" height=\"454\" srcset=\"https:\/\/www.organisator.ch\/wp-content\/uploads\/2016\/12\/Klimawandel-belastet-Mittelschicht-umweltperspektiven.jpg 1000w, https:\/\/www.organisator.ch\/wp-content\/uploads\/2016\/12\/Klimawandel-belastet-Mittelschicht-umweltperspektiven-680x454.jpg 680w, https:\/\/www.organisator.ch\/wp-content\/uploads\/2016\/12\/Klimawandel-belastet-Mittelschicht-umweltperspektiven-768x512.jpg 768w, https:\/\/www.organisator.ch\/wp-content\/uploads\/2016\/12\/Klimawandel-belastet-Mittelschicht-umweltperspektiven-18x12.jpg 18w, https:\/\/www.organisator.ch\/wp-content\/uploads\/2016\/12\/Klimawandel-belastet-Mittelschicht-umweltperspektiven-262x175.jpg 262w, https:\/\/www.organisator.ch\/wp-content\/uploads\/2016\/12\/Klimawandel-belastet-Mittelschicht-umweltperspektiven-525x350.jpg 525w, https:\/\/www.organisator.ch\/wp-content\/uploads\/2016\/12\/Klimawandel-belastet-Mittelschicht-umweltperspektiven-920x614.jpg 920w, https:\/\/www.organisator.ch\/wp-content\/uploads\/2016\/12\/Klimawandel-belastet-Mittelschicht-umweltperspektiven-300x200.jpg 300w\" sizes=\"auto, (max-width: 680px) 100vw, 680px\" \/><\/a><figcaption id=\"caption-attachment-166\" class=\"wp-caption-text\">De plus en plus de personnes vivent dans des villes touch\u00e9es par le changement climatique.<\/figcaption><\/figure>\n<p>L'UBS a analys\u00e9 dans une \u00e9tude l'impact financier du changement climatique et les cons\u00e9quences que cela entra\u00eene pour la classe moyenne mondiale. Pour ce faire, l'\u00e9tude a examin\u00e9 les habitudes de consommation de la classe moyenne dans 215 villes du monde entier. Les habitudes de consommation ont ainsi \u00e9t\u00e9 compar\u00e9es aux risques du changement climatique pour les villes concern\u00e9es. L'\u00e9tude conclut que les personnes vivant dans les villes les plus menac\u00e9es par le changement climatique, comme Los Angeles, Tokyo et Shanghai, ont des priorit\u00e9s de d\u00e9penses tr\u00e8s diff\u00e9rentes. Dans ces villes, la classe moyenne d\u00e9pense entre 0,6% et 0,8% de plus pour se loger. Dans les villes am\u00e9ricaines les plus touch\u00e9es par le changement climatique, les d\u00e9penses suppl\u00e9mentaires des habitants de la classe moyenne se situent entre 800 et 1600 dollars par an. Ils compensent en d\u00e9pensant proportionnellement moins pour les produits de luxe, les divertissements et les biens m\u00e9nagers durables.<\/p>\n<p>Pr\u00e8s d'un quart de la population mondiale vit dans les grandes m\u00e9tropoles de notre monde, qui g\u00e9n\u00e8rent environ la moiti\u00e9 du PIB mondial. Cette concentration de personnes et de richesses dans les centres urbains est d'une grande importance non seulement pour l'\u00e9conomie locale, mais aussi pour les entreprises et les investisseurs op\u00e9rant \u00e0 l'\u00e9chelle mondiale. La majeure partie de la classe moyenne mondiale vit en Asie du Sud-Est, la r\u00e9gion o\u00f9 la population urbaine a connu la croissance la plus rapide au cours des derni\u00e8res ann\u00e9es.<\/p>\n<p><strong>Le co\u00fbt du changement climatique<\/strong><br \/>\nLe co\u00fbt financier pour l'\u00c9tat et les contribuables des \u00e9v\u00e9nements li\u00e9s au changement climatique se fait d\u00e9j\u00e0 sentir, car malgr\u00e9 l'augmentation des risques de catastrophes naturelles, la classe moyenne mondiale n'est pas suffisamment assur\u00e9e. Aux \u00c9tats-Unis, o\u00f9 la couverture d'assurance est la plus \u00e9lev\u00e9e dans les zones couvertes par l'\u00e9tude, 32% de tous les dommages li\u00e9s aux conditions m\u00e9t\u00e9orologiques ne sont toujours pas assur\u00e9s. Les personnes qui n'ont pas acc\u00e8s \u00e0 une couverture d'assurance d\u00e9pendent donc du filet de s\u00e9curit\u00e9 mis en place par le gouvernement am\u00e9ricain, ce qui a des cons\u00e9quences \u00e9conomiques pour les contribuables : Entre 2011 et 2013, le co\u00fbt de l'aide publique en cas de catastrophe pour les dommages caus\u00e9s par les ouragans, les inondations et les s\u00e9cheresses s'est \u00e9lev\u00e9 \u00e0 136 milliards de dollars aux \u00c9tats-Unis, ce qui correspond \u00e0 pr\u00e8s de 400 dollars par m\u00e9nage et par an.<\/p>\n<p>Dans les pays moins d\u00e9velopp\u00e9s comme dans les pays \u00e9mergents, la classe moyenne est g\u00e9n\u00e9ralement sous-assur\u00e9e. Ainsi, le taux de p\u00e9n\u00e9tration de l'assurance dans les pays \u00e9mergents est extr\u00eamement faible par rapport aux biens mat\u00e9riels et immobiliers (par exemple, 0,12% en Chine et 0,07% en Inde).<\/p>\n<p><strong>Des mesures radicales sont n\u00e9cessaires<\/strong><br \/>\nEn 2000, pr\u00e8s de la moiti\u00e9 des 6 milliards d'habitants de la Terre vivaient dans des villes, et les Nations unies pr\u00e9voient que ce chiffre atteindra 60% d'ici 2025. Ce mouvement migratoire provoqu\u00e9 par l'\u00e9volution du climat rec\u00e8le un \u00e9norme potentiel de conflit.<\/p>\n<p>Le minist\u00e8re am\u00e9ricain de la D\u00e9fense estime que la situation de risque d\u00e9j\u00e0 volatile sera encore \"attis\u00e9e\" par le changement climatique et que les hostilit\u00e9s et tensions existantes pourraient s'intensifier. Un exemple : Alors que les m\u00e9dias racontent en d\u00e9tail comment les Syriens fuient la guerre et l'effondrement \u00e9conomique vers l'Europe, la p\u00e9riode de s\u00e9cheresse extr\u00eame de 2006 \u00e0 2011 vaut au mieux une mention marginale. En seulement cinq ans, la Syrie a perdu 85% de son cheptel et a vu ses r\u00e9coltes chuter en fl\u00e8che. En cons\u00e9quence, la situation alimentaire des enfants s'est d\u00e9t\u00e9rior\u00e9e et 1,5 million de ruraux ont cherch\u00e9 leur salut en ville. Ces conditions de vie ont entra\u00een\u00e9 des protestations qui ont culmin\u00e9 dans la guerre civile actuelle.<\/p>\n<p><strong>Augmentation de la temp\u00e9rature et mortalit\u00e9<\/strong><br \/>\nDes \u00e9tudes ont montr\u00e9 que lorsque les temp\u00e9ratures d\u00e9passent 30 \u00b0C, l'homme a du mal \u00e0 s'adapter et les taux de mortalit\u00e9 augmentent. En 2015, pr\u00e8s de 25% des villes analys\u00e9es dans le cadre de l'\u00e9tude ont connu une temp\u00e9rature moyenne annuelle sup\u00e9rieure \u00e0 20 \u00b0C. Selon une \u00e9tude men\u00e9e sur une p\u00e9riode de dix ans dans 15 villes europ\u00e9ennes, il suffit d'une augmentation de 1 \u00b0C par rapport \u00e0 la temp\u00e9rature moyenne en \u00e9t\u00e9 pour entra\u00eener une hausse de la mortalit\u00e9 estim\u00e9e \u00e0 2-3%.<\/p>\n<p>long terme, les temp\u00e9ratures devraient atteindre des niveaux qui ne seront pas seulement probl\u00e9matiques pour la sant\u00e9 des personnes, mais qui mettront \u00e9galement \u00e0 rude \u00e9preuve les infrastructures physiques - et entra\u00eeneront peut-\u00eatre des dommages. Compte tenu de l'interconnexion mondiale, m\u00eame les incidents locaux li\u00e9s au climat ont un impact potentiel sur l'\u00e9conomie mondiale.<\/p>\n<p><strong>De la connaissance \u00e0 la mesure<\/strong><br \/>\nMais l'\u00e9tude conclut \u00e9galement que la classe moyenne mondiale est de plus en plus consciente de ce probl\u00e8me et commence \u00e0 s'adapter au changement climatique, m\u00eame si ce processus d'adaptation est encore assez h\u00e9sitant et sporadique. En raison de l'importance politique et sociale de la classe moyenne, la vuln\u00e9rabilit\u00e9 \u00e9conomique croissante pourrait forcer les d\u00e9cideurs \u00e0 adopter des politiques plus innovantes. Mais il reste \u00e0 voir si les investissements et les innovations suffiront \u00e0 pr\u00e9server la prosp\u00e9rit\u00e9 et le statut de la classe moyenne.<\/p>\n<p>L'\u00e9tude est disponible dans son int\u00e9gralit\u00e9 sur <a href=\"https:\/\/www.ubs.com\/microsites\/climatechange\/en\/home.html\" target=\"_blank\" data-cke-saved-href=\"\/\/www.ubs.com\/microsites\/climatechange\/en\/home.html\" rel=\"noopener\">www.ubs.com\/climatechange<\/a>.<\/p>","protected":false},"excerpt":{"rendered":"<p>Die UBS hat in einer Studie untersucht, wie sich der Klimawandel finanziell auswirkt und welche Folgen dies f\u00fcr die globale Mittelschicht nach sich zieht. Dazu untersuchte die Studie das Konsumverhalten der Mittelklasse in 215 St\u00e4dten weltweit.\u00a0Dabei wurden die Konsumgewohnheiten den Risiken des Klimawandels f\u00fcr die betreffenden St\u00e4dte gegen\u00fcbergestellt. Die Studie kommt zum Schluss, dass die [&hellip;]<\/p>\n","protected":false},"author":1,"featured_media":166,"comment_status":"open","ping_status":"open","sticky":false,"template":"","format":"standard","meta":{"_acf_changed":false,"_yoast_wpseo_focuskw":"Klimawandel","_yoast_wpseo_metadesc":"Eine neue Studie untersucht, welche Auswirkung der Klimawandel auf die Mittelschicht weltweit hat.","articlekey":"","footnotes":""},"categories":[1],"tags":[1110,1532,1725,459,2345],"class_list":["post-165","post","type-post","status-publish","format-standard","has-post-thumbnail","hentry","category-allgemein","tag-erderwaermung","tag-klimawandel","tag-mittelschicht","tag-studie","tag-ubs"],"acf":[],"yoast_head":"<!-- This site is optimized with the Yoast SEO plugin v27.4 - https:\/\/yoast.com\/product\/yoast-seo-wordpress\/ -->\n<title>Klimawandel belastet Mittelschicht - Organisator<\/title>\n<meta name=\"description\" content=\"Eine neue Studie untersucht, welche Auswirkung der Klimawandel auf die Mittelschicht weltweit hat.\" \/>\n<meta name=\"robots\" content=\"index, follow, max-snippet:-1, max-image-preview:large, max-video-preview:-1\" \/>\n<link rel=\"canonical\" href=\"https:\/\/www.organisator.ch\/fr\/general\/2016-01-11\/klimawandel-belastet-mittelschicht\/\" \/>\n<meta property=\"og:locale\" content=\"fr_FR\" \/>\n<meta property=\"og:type\" content=\"article\" \/>\n<meta property=\"og:title\" content=\"Klimawandel belastet Mittelschicht - Organisator\" \/>\n<meta property=\"og:description\" content=\"Eine neue Studie untersucht, welche Auswirkung der Klimawandel auf die Mittelschicht weltweit hat.\" \/>\n<meta property=\"og:url\" content=\"https:\/\/www.organisator.ch\/fr\/general\/2016-01-11\/klimawandel-belastet-mittelschicht\/\" \/>\n<meta property=\"og:site_name\" content=\"Organisator\" \/>\n<meta property=\"article:publisher\" content=\"https:\/\/www.facebook.com\/OrganisatorFachmagazin\" \/>\n<meta property=\"article:published_time\" content=\"2016-01-11T13:06:49+00:00\" \/>\n<meta property=\"og:image\" content=\"https:\/\/www.organisator.ch\/wp-content\/uploads\/2016\/12\/Klimawandel-belastet-Mittelschicht-umweltperspektiven.jpg\" \/>\n\t<meta property=\"og:image:width\" content=\"1000\" \/>\n\t<meta property=\"og:image:height\" content=\"667\" \/>\n\t<meta property=\"og:image:type\" content=\"image\/jpeg\" \/>\n<meta name=\"author\" content=\"admin\" \/>\n<meta name=\"twitter:card\" content=\"summary_large_image\" \/>\n<script type=\"application\/ld+json\" class=\"yoast-schema-graph\">{\"@context\":\"https:\\\/\\\/schema.org\",\"@graph\":[{\"@type\":\"Article\",\"@id\":\"https:\\\/\\\/www.organisator.ch\\\/en\\\/general\\\/2016-01-11\\\/klimawandel-belastet-mittelschicht\\\/#article\",\"isPartOf\":{\"@id\":\"https:\\\/\\\/www.organisator.ch\\\/en\\\/general\\\/2016-01-11\\\/klimawandel-belastet-mittelschicht\\\/\"},\"author\":{\"name\":\"admin\",\"@id\":\"https:\\\/\\\/www.organisator.ch\\\/#\\\/schema\\\/person\\\/aa2bace6c5c5aad60102004a50c4eb1c\"},\"headline\":\"Klimawandel belastet Mittelschicht\",\"datePublished\":\"2016-01-11T13:06:49+00:00\",\"mainEntityOfPage\":{\"@id\":\"https:\\\/\\\/www.organisator.ch\\\/en\\\/general\\\/2016-01-11\\\/klimawandel-belastet-mittelschicht\\\/\"},\"wordCount\":788,\"commentCount\":0,\"publisher\":{\"@id\":\"https:\\\/\\\/www.organisator.ch\\\/#organization\"},\"image\":{\"@id\":\"https:\\\/\\\/www.organisator.ch\\\/en\\\/general\\\/2016-01-11\\\/klimawandel-belastet-mittelschicht\\\/#primaryimage\"},\"thumbnailUrl\":\"https:\\\/\\\/www.organisator.ch\\\/wp-content\\\/uploads\\\/2016\\\/12\\\/Klimawandel-belastet-Mittelschicht-umweltperspektiven.jpg\",\"keywords\":[\"Erderw\u00e4rmung\",\"Klimawandel\",\"Mittelschicht\",\"Studie\",\"UBS\"],\"articleSection\":[\"Allgemein\"],\"inLanguage\":\"fr-FR\"},{\"@type\":\"WebPage\",\"@id\":\"https:\\\/\\\/www.organisator.ch\\\/en\\\/general\\\/2016-01-11\\\/klimawandel-belastet-mittelschicht\\\/\",\"url\":\"https:\\\/\\\/www.organisator.ch\\\/en\\\/general\\\/2016-01-11\\\/klimawandel-belastet-mittelschicht\\\/\",\"name\":\"Klimawandel belastet Mittelschicht - Organisator\",\"isPartOf\":{\"@id\":\"https:\\\/\\\/www.organisator.ch\\\/#website\"},\"primaryImageOfPage\":{\"@id\":\"https:\\\/\\\/www.organisator.ch\\\/en\\\/general\\\/2016-01-11\\\/klimawandel-belastet-mittelschicht\\\/#primaryimage\"},\"image\":{\"@id\":\"https:\\\/\\\/www.organisator.ch\\\/en\\\/general\\\/2016-01-11\\\/klimawandel-belastet-mittelschicht\\\/#primaryimage\"},\"thumbnailUrl\":\"https:\\\/\\\/www.organisator.ch\\\/wp-content\\\/uploads\\\/2016\\\/12\\\/Klimawandel-belastet-Mittelschicht-umweltperspektiven.jpg\",\"datePublished\":\"2016-01-11T13:06:49+00:00\",\"description\":\"Eine neue Studie untersucht, welche Auswirkung der Klimawandel auf die Mittelschicht weltweit hat.\",\"breadcrumb\":{\"@id\":\"https:\\\/\\\/www.organisator.ch\\\/en\\\/general\\\/2016-01-11\\\/klimawandel-belastet-mittelschicht\\\/#breadcrumb\"},\"inLanguage\":\"fr-FR\",\"potentialAction\":[{\"@type\":\"ReadAction\",\"target\":[\"https:\\\/\\\/www.organisator.ch\\\/en\\\/general\\\/2016-01-11\\\/klimawandel-belastet-mittelschicht\\\/\"]}]},{\"@type\":\"ImageObject\",\"inLanguage\":\"fr-FR\",\"@id\":\"https:\\\/\\\/www.organisator.ch\\\/en\\\/general\\\/2016-01-11\\\/klimawandel-belastet-mittelschicht\\\/#primaryimage\",\"url\":\"https:\\\/\\\/www.organisator.ch\\\/wp-content\\\/uploads\\\/2016\\\/12\\\/Klimawandel-belastet-Mittelschicht-umweltperspektiven.jpg\",\"contentUrl\":\"https:\\\/\\\/www.organisator.ch\\\/wp-content\\\/uploads\\\/2016\\\/12\\\/Klimawandel-belastet-Mittelschicht-umweltperspektiven.jpg\",\"width\":1000,\"height\":667,\"caption\":\"Immer mehr Personen leben in vom Klimawandel betroffenen St\u00e4dten.\"},{\"@type\":\"BreadcrumbList\",\"@id\":\"https:\\\/\\\/www.organisator.ch\\\/en\\\/general\\\/2016-01-11\\\/klimawandel-belastet-mittelschicht\\\/#breadcrumb\",\"itemListElement\":[{\"@type\":\"ListItem\",\"position\":1,\"name\":\"Home\",\"item\":\"https:\\\/\\\/www.organisator.ch\\\/\"},{\"@type\":\"ListItem\",\"position\":2,\"name\":\"Klimawandel belastet Mittelschicht\"}]},{\"@type\":\"WebSite\",\"@id\":\"https:\\\/\\\/www.organisator.ch\\\/#website\",\"url\":\"https:\\\/\\\/www.organisator.ch\\\/\",\"name\":\"Organisator\",\"description\":\"Kompetent. Praxisnah. Der ORGANISATOR bereitet in 10 Ausgaben pro Jahr die wesentlichen Themen f\u00fcr F\u00fchrungskr\u00e4fte von KMU auf.\",\"publisher\":{\"@id\":\"https:\\\/\\\/www.organisator.ch\\\/#organization\"},\"potentialAction\":[{\"@type\":\"SearchAction\",\"target\":{\"@type\":\"EntryPoint\",\"urlTemplate\":\"https:\\\/\\\/www.organisator.ch\\\/?s={search_term_string}\"},\"query-input\":{\"@type\":\"PropertyValueSpecification\",\"valueRequired\":true,\"valueName\":\"search_term_string\"}}],\"inLanguage\":\"fr-FR\"},{\"@type\":\"Organization\",\"@id\":\"https:\\\/\\\/www.organisator.ch\\\/#organization\",\"name\":\"Organisator\",\"url\":\"https:\\\/\\\/www.organisator.ch\\\/\",\"logo\":{\"@type\":\"ImageObject\",\"inLanguage\":\"fr-FR\",\"@id\":\"https:\\\/\\\/www.organisator.ch\\\/#\\\/schema\\\/logo\\\/image\\\/\",\"url\":\"https:\\\/\\\/www.organisator.ch\\\/wp-content\\\/uploads\\\/2022\\\/01\\\/Logo_Organisator_Website.png\",\"contentUrl\":\"https:\\\/\\\/www.organisator.ch\\\/wp-content\\\/uploads\\\/2022\\\/01\\\/Logo_Organisator_Website.png\",\"width\":800,\"height\":77,\"caption\":\"Organisator\"},\"image\":{\"@id\":\"https:\\\/\\\/www.organisator.ch\\\/#\\\/schema\\\/logo\\\/image\\\/\"},\"sameAs\":[\"https:\\\/\\\/www.facebook.com\\\/OrganisatorFachmagazin\",\"https:\\\/\\\/www.linkedin.com\\\/showcase\\\/organisator-das-magazin-fr-kmu\",\"https:\\\/\\\/www.xing.com\\\/news\\\/pages\\\/organisator-ch-695\",\"https:\\\/\\\/www.youtube.com\\\/channel\\\/UCGP2Sq0iWaZwT3BdIAQFYpw\"]},{\"@type\":\"Person\",\"@id\":\"https:\\\/\\\/www.organisator.ch\\\/#\\\/schema\\\/person\\\/aa2bace6c5c5aad60102004a50c4eb1c\",\"name\":\"admin\",\"image\":{\"@type\":\"ImageObject\",\"inLanguage\":\"fr-FR\",\"@id\":\"https:\\\/\\\/secure.gravatar.com\\\/avatar\\\/ae2f4d718e6c49043e314ce431e7e645d646302a24a5ef5a8bc8e3f5a032e319?s=96&d=mm&r=g\",\"url\":\"https:\\\/\\\/secure.gravatar.com\\\/avatar\\\/ae2f4d718e6c49043e314ce431e7e645d646302a24a5ef5a8bc8e3f5a032e319?s=96&d=mm&r=g\",\"contentUrl\":\"https:\\\/\\\/secure.gravatar.com\\\/avatar\\\/ae2f4d718e6c49043e314ce431e7e645d646302a24a5ef5a8bc8e3f5a032e319?s=96&d=mm&r=g\",\"caption\":\"admin\"},\"sameAs\":[\"https:\\\/\\\/www.organisator.ch\"],\"url\":\"https:\\\/\\\/www.organisator.ch\\\/fr\\\/author\\\/admin\\\/\"}]}<\/script>\n<!-- \/ Yoast SEO plugin. -->","yoast_head_json":{"title":"Le changement climatique p\u00e8se sur la classe moyenne - Organisateur","description":"Une nouvelle \u00e9tude examine l'impact du changement climatique sur la classe moyenne dans le monde.","robots":{"index":"index","follow":"follow","max-snippet":"max-snippet:-1","max-image-preview":"max-image-preview:large","max-video-preview":"max-video-preview:-1"},"canonical":"https:\/\/www.organisator.ch\/fr\/general\/2016-01-11\/klimawandel-belastet-mittelschicht\/","og_locale":"fr_FR","og_type":"article","og_title":"Klimawandel belastet Mittelschicht - Organisator","og_description":"Eine neue Studie untersucht, welche Auswirkung der Klimawandel auf die Mittelschicht weltweit hat.","og_url":"https:\/\/www.organisator.ch\/fr\/general\/2016-01-11\/klimawandel-belastet-mittelschicht\/","og_site_name":"Organisator","article_publisher":"https:\/\/www.facebook.com\/OrganisatorFachmagazin","article_published_time":"2016-01-11T13:06:49+00:00","og_image":[{"width":1000,"height":667,"url":"https:\/\/www.organisator.ch\/wp-content\/uploads\/2016\/12\/Klimawandel-belastet-Mittelschicht-umweltperspektiven.jpg","type":"image\/jpeg"}],"author":"admin","twitter_card":"summary_large_image","schema":{"@context":"https:\/\/schema.org","@graph":[{"@type":"Article","@id":"https:\/\/www.organisator.ch\/en\/general\/2016-01-11\/klimawandel-belastet-mittelschicht\/#article","isPartOf":{"@id":"https:\/\/www.organisator.ch\/en\/general\/2016-01-11\/klimawandel-belastet-mittelschicht\/"},"author":{"name":"admin","@id":"https:\/\/www.organisator.ch\/#\/schema\/person\/aa2bace6c5c5aad60102004a50c4eb1c"},"headline":"Klimawandel belastet Mittelschicht","datePublished":"2016-01-11T13:06:49+00:00","mainEntityOfPage":{"@id":"https:\/\/www.organisator.ch\/en\/general\/2016-01-11\/klimawandel-belastet-mittelschicht\/"},"wordCount":788,"commentCount":0,"publisher":{"@id":"https:\/\/www.organisator.ch\/#organization"},"image":{"@id":"https:\/\/www.organisator.ch\/en\/general\/2016-01-11\/klimawandel-belastet-mittelschicht\/#primaryimage"},"thumbnailUrl":"https:\/\/www.organisator.ch\/wp-content\/uploads\/2016\/12\/Klimawandel-belastet-Mittelschicht-umweltperspektiven.jpg","keywords":["Erderw\u00e4rmung","Klimawandel","Mittelschicht","Studie","UBS"],"articleSection":["Allgemein"],"inLanguage":"fr-FR"},{"@type":"WebPage","@id":"https:\/\/www.organisator.ch\/en\/general\/2016-01-11\/klimawandel-belastet-mittelschicht\/","url":"https:\/\/www.organisator.ch\/en\/general\/2016-01-11\/klimawandel-belastet-mittelschicht\/","name":"Le changement climatique p\u00e8se sur la classe moyenne - Organisateur","isPartOf":{"@id":"https:\/\/www.organisator.ch\/#website"},"primaryImageOfPage":{"@id":"https:\/\/www.organisator.ch\/en\/general\/2016-01-11\/klimawandel-belastet-mittelschicht\/#primaryimage"},"image":{"@id":"https:\/\/www.organisator.ch\/en\/general\/2016-01-11\/klimawandel-belastet-mittelschicht\/#primaryimage"},"thumbnailUrl":"https:\/\/www.organisator.ch\/wp-content\/uploads\/2016\/12\/Klimawandel-belastet-Mittelschicht-umweltperspektiven.jpg","datePublished":"2016-01-11T13:06:49+00:00","description":"Une nouvelle \u00e9tude examine l'impact du changement climatique sur la classe moyenne dans le monde.","breadcrumb":{"@id":"https:\/\/www.organisator.ch\/en\/general\/2016-01-11\/klimawandel-belastet-mittelschicht\/#breadcrumb"},"inLanguage":"fr-FR","potentialAction":[{"@type":"ReadAction","target":["https:\/\/www.organisator.ch\/en\/general\/2016-01-11\/klimawandel-belastet-mittelschicht\/"]}]},{"@type":"ImageObject","inLanguage":"fr-FR","@id":"https:\/\/www.organisator.ch\/en\/general\/2016-01-11\/klimawandel-belastet-mittelschicht\/#primaryimage","url":"https:\/\/www.organisator.ch\/wp-content\/uploads\/2016\/12\/Klimawandel-belastet-Mittelschicht-umweltperspektiven.jpg","contentUrl":"https:\/\/www.organisator.ch\/wp-content\/uploads\/2016\/12\/Klimawandel-belastet-Mittelschicht-umweltperspektiven.jpg","width":1000,"height":667,"caption":"Immer mehr Personen leben in vom Klimawandel betroffenen St\u00e4dten."},{"@type":"BreadcrumbList","@id":"https:\/\/www.organisator.ch\/en\/general\/2016-01-11\/klimawandel-belastet-mittelschicht\/#breadcrumb","itemListElement":[{"@type":"ListItem","position":1,"name":"Home","item":"https:\/\/www.organisator.ch\/"},{"@type":"ListItem","position":2,"name":"Klimawandel belastet Mittelschicht"}]},{"@type":"WebSite","@id":"https:\/\/www.organisator.ch\/#website","url":"https:\/\/www.organisator.ch\/","name":"Organisateur","description":"Comp\u00e9tence et comp\u00e9tence. Proches de la pratique. L'ORGANISATEUR pr\u00e9pare 10 num\u00e9ros par an sur les th\u00e8mes essentiels pour les dirigeants de PME.","publisher":{"@id":"https:\/\/www.organisator.ch\/#organization"},"potentialAction":[{"@type":"SearchAction","target":{"@type":"EntryPoint","urlTemplate":"https:\/\/www.organisator.ch\/?s={search_term_string}"},"query-input":{"@type":"PropertyValueSpecification","valueRequired":true,"valueName":"search_term_string"}}],"inLanguage":"fr-FR"},{"@type":"Organization","@id":"https:\/\/www.organisator.ch\/#organization","name":"Organisateur","url":"https:\/\/www.organisator.ch\/","logo":{"@type":"ImageObject","inLanguage":"fr-FR","@id":"https:\/\/www.organisator.ch\/#\/schema\/logo\/image\/","url":"https:\/\/www.organisator.ch\/wp-content\/uploads\/2022\/01\/Logo_Organisator_Website.png","contentUrl":"https:\/\/www.organisator.ch\/wp-content\/uploads\/2022\/01\/Logo_Organisator_Website.png","width":800,"height":77,"caption":"Organisator"},"image":{"@id":"https:\/\/www.organisator.ch\/#\/schema\/logo\/image\/"},"sameAs":["https:\/\/www.facebook.com\/OrganisatorFachmagazin","https:\/\/www.linkedin.com\/showcase\/organisator-das-magazin-fr-kmu","https:\/\/www.xing.com\/news\/pages\/organisator-ch-695","https:\/\/www.youtube.com\/channel\/UCGP2Sq0iWaZwT3BdIAQFYpw"]},{"@type":"Person","@id":"https:\/\/www.organisator.ch\/#\/schema\/person\/aa2bace6c5c5aad60102004a50c4eb1c","name":"admin","image":{"@type":"ImageObject","inLanguage":"fr-FR","@id":"https:\/\/secure.gravatar.com\/avatar\/ae2f4d718e6c49043e314ce431e7e645d646302a24a5ef5a8bc8e3f5a032e319?s=96&d=mm&r=g","url":"https:\/\/secure.gravatar.com\/avatar\/ae2f4d718e6c49043e314ce431e7e645d646302a24a5ef5a8bc8e3f5a032e319?s=96&d=mm&r=g","contentUrl":"https:\/\/secure.gravatar.com\/avatar\/ae2f4d718e6c49043e314ce431e7e645d646302a24a5ef5a8bc8e3f5a032e319?s=96&d=mm&r=g","caption":"admin"},"sameAs":["https:\/\/www.organisator.ch"],"url":"https:\/\/www.organisator.ch\/fr\/author\/admin\/"}]}},"_links":{"self":[{"href":"https:\/\/www.organisator.ch\/fr\/wp-json\/wp\/v2\/posts\/165","targetHints":{"allow":["GET"]}}],"collection":[{"href":"https:\/\/www.organisator.ch\/fr\/wp-json\/wp\/v2\/posts"}],"about":[{"href":"https:\/\/www.organisator.ch\/fr\/wp-json\/wp\/v2\/types\/post"}],"author":[{"embeddable":true,"href":"https:\/\/www.organisator.ch\/fr\/wp-json\/wp\/v2\/users\/1"}],"replies":[{"embeddable":true,"href":"https:\/\/www.organisator.ch\/fr\/wp-json\/wp\/v2\/comments?post=165"}],"version-history":[{"count":0,"href":"https:\/\/www.organisator.ch\/fr\/wp-json\/wp\/v2\/posts\/165\/revisions"}],"wp:featuredmedia":[{"embeddable":true,"href":"https:\/\/www.organisator.ch\/fr\/wp-json\/wp\/v2\/media\/166"}],"wp:attachment":[{"href":"https:\/\/www.organisator.ch\/fr\/wp-json\/wp\/v2\/media?parent=165"}],"wp:term":[{"taxonomy":"category","embeddable":true,"href":"https:\/\/www.organisator.ch\/fr\/wp-json\/wp\/v2\/categories?post=165"},{"taxonomy":"post_tag","embeddable":true,"href":"https:\/\/www.organisator.ch\/fr\/wp-json\/wp\/v2\/tags?post=165"}],"curies":[{"name":"wp","href":"https:\/\/api.w.org\/{rel}","templated":true}]}}