{"id":1651,"date":"2017-03-15T11:43:12","date_gmt":"2017-03-15T10:43:12","guid":{"rendered":"https:\/\/www.organisator.ch\/?p=1651"},"modified":"2017-03-15T11:43:12","modified_gmt":"2017-03-15T10:43:12","slug":"randstad-arbeitsbarometer-laesst-wahrnehmung-der-digitalisierung-zutage-treten","status":"publish","type":"post","link":"https:\/\/www.organisator.ch\/fr\/human-resources\/hrm\/2017-03-15\/randstad-arbeitsbarometer-laesst-wahrnehmung-der-digitalisierung-zutage-treten\/","title":{"rendered":"Le Barom\u00e8tre de l'emploi Randstad r\u00e9v\u00e8le la perception de la num\u00e9risation"},"content":{"rendered":"<figure id=\"attachment_1652\" aria-describedby=\"caption-attachment-1652\" style=\"width: 640px\" class=\"wp-caption alignnone\"><img loading=\"lazy\" decoding=\"async\" class=\"wp-image-1652 size-full\" src=\"https:\/\/www.organisator.ch\/wp-content\/uploads\/2017\/03\/Randstand-Arbeitsbarometer-2017-org-organisator.jpg\" alt=\"\" width=\"640\" height=\"399\" srcset=\"https:\/\/www.organisator.ch\/wp-content\/uploads\/2017\/03\/Randstand-Arbeitsbarometer-2017-org-organisator.jpg 640w, https:\/\/www.organisator.ch\/wp-content\/uploads\/2017\/03\/Randstand-Arbeitsbarometer-2017-org-organisator-16x10.jpg 16w, https:\/\/www.organisator.ch\/wp-content\/uploads\/2017\/03\/Randstand-Arbeitsbarometer-2017-org-organisator-281x175.jpg 281w, https:\/\/www.organisator.ch\/wp-content\/uploads\/2017\/03\/Randstand-Arbeitsbarometer-2017-org-organisator-561x350.jpg 561w, https:\/\/www.organisator.ch\/wp-content\/uploads\/2017\/03\/Randstand-Arbeitsbarometer-2017-org-organisator-300x187.jpg 300w\" sizes=\"auto, (max-width: 640px) 100vw, 640px\" \/><figcaption id=\"caption-attachment-1652\" class=\"wp-caption-text\">O\u00f9 nous m\u00e8ne la num\u00e9risation ? Le barom\u00e8tre du travail Randstand pr\u00e9sente des indices actuels. (Image : Apple Smart Watch)<\/figcaption><\/figure>\n<p>Le Barom\u00e8tre de l'emploi Randstad r\u00e9v\u00e8le une chose \u00e9tonnante : la Suisse se situe en dessous de la moyenne mondiale en ce qui concerne le niveau de num\u00e9risation. Dans de nombreux autres pays, la num\u00e9risation a d\u00e9j\u00e0 un poids plus important. Au niveau mondial, 84 % des participants sont en effet convaincus que chaque entreprise devrait avoir une strat\u00e9gie num\u00e9rique et 59 % confirment que leur employeur en a une.<\/p>\n<p>Les employeurs suisses ont donc clairement besoin d'agir - soit en \u00e9laborant une strat\u00e9gie num\u00e9rique, soit en informant leurs collaborateurs de la strat\u00e9gie existante.<\/p>\n<p><strong>Opportunit\u00e9s non exploit\u00e9es<\/strong><\/p>\n<p>Jonathan Isenring, cofondateur du Digital Festival en Suisse, voit plusieurs facteurs d'influence possibles pour les r\u00e9sultats de l'\u00e9tude en Suisse : \"En Suisse, il y a encore quelques branches et entreprises qui ont tendance \u00e0 se trouver dans une zone de confort en ce qui concerne la num\u00e9risation. Elles n'ont peut-\u00eatre pas assez de pression pour d\u00e9velopper une strat\u00e9gie num\u00e9rique. Un autre facteur est probablement aussi l'attitude plut\u00f4t r\u00e9serv\u00e9e et understatement des Suisses, qui s'estiment plus bas et moins optimistes que d'autres pays et cultures\".<\/p>\n<p><strong>Travailleurs suisses <\/strong><\/p>\n<p>Le monde du travail num\u00e9rique exige d'autres comp\u00e9tences que celles dont on dispose actuellement - 63 % de tous les participants suisses \u00e0 l'enqu\u00eate sont d'accord avec cette affirmation. En revanche, seule la moiti\u00e9 des personnes interrog\u00e9es en Suisse pensent qu'elles doivent acqu\u00e9rir davantage de comp\u00e9tences num\u00e9riques pour assurer leur future employabilit\u00e9.<\/p>\n<p>Cette appr\u00e9ciation est-elle due au paysage \u00e9ducatif progressiste de la Suisse ? Toni Schmid, \u00e9conomiste d'entreprise HES et directeur de FH SUISSE, l'association fa\u00eeti\u00e8re nationale des dipl\u00f4m\u00e9s des hautes \u00e9coles sp\u00e9cialis\u00e9es suisses, \u00e9value les r\u00e9sultats des \u00e9tudes de la mani\u00e8re suivante : \"Dans les hautes \u00e9coles sp\u00e9cialis\u00e9es, o\u00f9 l'application pratique est tr\u00e8s importante, les th\u00e8mes de la num\u00e9risation ont toujours \u00e9t\u00e9 pr\u00e9sents et ils sont constamment approfondis. Cela se fait au sein des domaines d'\u00e9tudes ou entre-temps avec des d\u00e9partements sp\u00e9cialis\u00e9s ou des coop\u00e9rations. Les dipl\u00f4m\u00e9-e-s sont donc bien pr\u00e9par\u00e9-e-s au march\u00e9 du travail. Les taux de ch\u00f4mage tr\u00e8s bas lors de l'entr\u00e9e des \u00e9tudiants sur le march\u00e9 du travail le confirment \u00e9galement. En ce sens, ce classement dans les derniers rangs doit \u00eatre consid\u00e9r\u00e9 comme la plus haute distinction\".<\/p>\n<p><strong>Natifs num\u00e9riques masculins <\/strong><\/p>\n<p>Les hommes suisses ont tendance \u00e0 avoir davantage le sentiment de devoir acqu\u00e9rir des comp\u00e9tences num\u00e9riques que les femmes suisses. Dans la tranche d'\u00e2ge 18-24 ans, la diff\u00e9rence est extr\u00eamement forte. Les natifs num\u00e9riques masculins sont convaincus, avec 77 %, qu'ils ont besoin de plus de comp\u00e9tences num\u00e9riques pour trouver encore un emploi \u00e0 l'avenir. Chez les Digital Natives f\u00e9minins, ce chiffre n'est que de 47 %.<\/p>\n<p><em>Pour plus d'actualit\u00e9s sur les \u00e9tudes Randstad (comme l'indice de mobilit\u00e9), voir <a href=\"http:\/\/www.randstad.com\">www.randstad.com<\/a><\/em><\/p>\n<p>&nbsp;<\/p>","protected":false},"excerpt":{"rendered":"<p>Der Randstad Arbeitsbarometer zeigt Erstaunliches: Die Schweiz liegt in Sachen Digitalisierungslevel unter dem globalen Durchschnitt. In vielen anderen L\u00e4ndern hat die Digitalisierung bereits eine gr\u00f6ssere Gewichtung. Global sind n\u00e4mlich 84 % der Teilnehmenden \u00fcberzeugt, dass jedes Unternehmen eine digitale Strategie haben sollte und 59 % best\u00e4tigen, dass ihr Arbeitgeber auch eine hat. F\u00fcr die Schweizer [&hellip;]<\/p>\n","protected":false},"author":5,"featured_media":1652,"comment_status":"open","ping_status":"open","sticky":false,"template":"","format":"standard","meta":{"_acf_changed":false,"_yoast_wpseo_focuskw":"Randstad Arbeitsbarometer","_yoast_wpseo_metadesc":"Der Randstad Arbeitsbarometer zeigt, dass die Schweizer Unternehmen bez\u00fcglich der Digital-Strategie gegen\u00fcber anderen L\u00e4ndern Aufholbedarf haben.","articlekey":"","footnotes":""},"categories":[26,27],"tags":[44,48,154,156],"class_list":["post-1651","post","type-post","status-publish","format-standard","has-post-thumbnail","hentry","category-hrm","category-it","tag-arbeitsbarometer","tag-arbeitsnehmende","tag-digital-natives","tag-digitalisierung"],"acf":[],"yoast_head":"<!-- This site is optimized with the Yoast SEO plugin v27.5 - https:\/\/yoast.com\/product\/yoast-seo-wordpress\/ -->\n<title>Randstad Arbeitsbarometer l\u00e4sst Wahrnehmung der Digitalisierung zutage treten - Organisator<\/title>\n<meta name=\"description\" content=\"Der Randstad Arbeitsbarometer zeigt, dass die Schweizer Unternehmen bez\u00fcglich der Digital-Strategie gegen\u00fcber anderen L\u00e4ndern Aufholbedarf haben.\" \/>\n<meta name=\"robots\" content=\"index, follow, max-snippet:-1, max-image-preview:large, max-video-preview:-1\" \/>\n<link rel=\"canonical\" href=\"https:\/\/www.organisator.ch\/fr\/ressources-humaines\/hrm\/2017-03-15\/randstad-arbeitsbarometer-laesst-wahrnehmung-der-digitalisierung-zutage-treten\/\" \/>\n<meta property=\"og:locale\" content=\"fr_FR\" \/>\n<meta property=\"og:type\" content=\"article\" \/>\n<meta property=\"og:title\" content=\"Randstad Arbeitsbarometer l\u00e4sst Wahrnehmung der Digitalisierung zutage treten\" \/>\n<meta property=\"og:description\" content=\"Der #Randstad Arbeitsbarometer zeigt, dass die Schweizer Unternehmen bez\u00fcglich der #Digital-Strategie gegen\u00fcber anderen L\u00e4ndern Nachholbedarf haben.\" \/>\n<meta property=\"og:url\" content=\"https:\/\/www.organisator.ch\/fr\/ressources-humaines\/hrm\/2017-03-15\/randstad-arbeitsbarometer-laesst-wahrnehmung-der-digitalisierung-zutage-treten\/\" \/>\n<meta property=\"og:site_name\" content=\"Organisator\" \/>\n<meta property=\"article:publisher\" content=\"https:\/\/www.facebook.com\/OrganisatorFachmagazin\" \/>\n<meta property=\"article:published_time\" content=\"2017-03-15T10:43:12+00:00\" \/>\n<meta property=\"og:image\" content=\"https:\/\/www.organisator.ch\/wp-content\/uploads\/2017\/03\/Randstand-Arbeitsbarometer-2017-org-organisator.jpg\" \/>\n\t<meta property=\"og:image:width\" content=\"640\" \/>\n\t<meta property=\"og:image:height\" content=\"399\" \/>\n\t<meta property=\"og:image:type\" content=\"image\/jpeg\" \/>\n<meta name=\"author\" content=\"michael.merz\" \/>\n<meta name=\"twitter:card\" content=\"summary_large_image\" \/>\n<script type=\"application\/ld+json\" class=\"yoast-schema-graph\">{\"@context\":\"https:\\\/\\\/schema.org\",\"@graph\":[{\"@type\":\"Article\",\"@id\":\"https:\\\/\\\/www.organisator.ch\\\/human-resources\\\/hrm\\\/2017-03-15\\\/randstad-arbeitsbarometer-laesst-wahrnehmung-der-digitalisierung-zutage-treten\\\/#article\",\"isPartOf\":{\"@id\":\"https:\\\/\\\/www.organisator.ch\\\/human-resources\\\/hrm\\\/2017-03-15\\\/randstad-arbeitsbarometer-laesst-wahrnehmung-der-digitalisierung-zutage-treten\\\/\"},\"author\":{\"name\":\"michael.merz\",\"@id\":\"https:\\\/\\\/www.organisator.ch\\\/#\\\/schema\\\/person\\\/134708ca9321c57b0362cceb7948ffbd\"},\"headline\":\"Randstad Arbeitsbarometer l\u00e4sst Wahrnehmung der Digitalisierung zutage treten\",\"datePublished\":\"2017-03-15T10:43:12+00:00\",\"mainEntityOfPage\":{\"@id\":\"https:\\\/\\\/www.organisator.ch\\\/human-resources\\\/hrm\\\/2017-03-15\\\/randstad-arbeitsbarometer-laesst-wahrnehmung-der-digitalisierung-zutage-treten\\\/\"},\"wordCount\":442,\"commentCount\":0,\"publisher\":{\"@id\":\"https:\\\/\\\/www.organisator.ch\\\/#organization\"},\"image\":{\"@id\":\"https:\\\/\\\/www.organisator.ch\\\/human-resources\\\/hrm\\\/2017-03-15\\\/randstad-arbeitsbarometer-laesst-wahrnehmung-der-digitalisierung-zutage-treten\\\/#primaryimage\"},\"thumbnailUrl\":\"https:\\\/\\\/www.organisator.ch\\\/wp-content\\\/uploads\\\/2017\\\/03\\\/Randstand-Arbeitsbarometer-2017-org-organisator.jpg\",\"keywords\":[\"Arbeitsbarometer\",\"Arbeitsnehmende\",\"Digital Natives\",\"Digitalisierung\"],\"articleSection\":[\"HRM\",\"IT\"],\"inLanguage\":\"fr-FR\"},{\"@type\":\"WebPage\",\"@id\":\"https:\\\/\\\/www.organisator.ch\\\/human-resources\\\/hrm\\\/2017-03-15\\\/randstad-arbeitsbarometer-laesst-wahrnehmung-der-digitalisierung-zutage-treten\\\/\",\"url\":\"https:\\\/\\\/www.organisator.ch\\\/human-resources\\\/hrm\\\/2017-03-15\\\/randstad-arbeitsbarometer-laesst-wahrnehmung-der-digitalisierung-zutage-treten\\\/\",\"name\":\"Randstad Arbeitsbarometer l\u00e4sst Wahrnehmung der Digitalisierung zutage treten - Organisator\",\"isPartOf\":{\"@id\":\"https:\\\/\\\/www.organisator.ch\\\/#website\"},\"primaryImageOfPage\":{\"@id\":\"https:\\\/\\\/www.organisator.ch\\\/human-resources\\\/hrm\\\/2017-03-15\\\/randstad-arbeitsbarometer-laesst-wahrnehmung-der-digitalisierung-zutage-treten\\\/#primaryimage\"},\"image\":{\"@id\":\"https:\\\/\\\/www.organisator.ch\\\/human-resources\\\/hrm\\\/2017-03-15\\\/randstad-arbeitsbarometer-laesst-wahrnehmung-der-digitalisierung-zutage-treten\\\/#primaryimage\"},\"thumbnailUrl\":\"https:\\\/\\\/www.organisator.ch\\\/wp-content\\\/uploads\\\/2017\\\/03\\\/Randstand-Arbeitsbarometer-2017-org-organisator.jpg\",\"datePublished\":\"2017-03-15T10:43:12+00:00\",\"description\":\"Der Randstad Arbeitsbarometer zeigt, dass die Schweizer Unternehmen bez\u00fcglich der Digital-Strategie gegen\u00fcber anderen L\u00e4ndern Aufholbedarf haben.\",\"breadcrumb\":{\"@id\":\"https:\\\/\\\/www.organisator.ch\\\/human-resources\\\/hrm\\\/2017-03-15\\\/randstad-arbeitsbarometer-laesst-wahrnehmung-der-digitalisierung-zutage-treten\\\/#breadcrumb\"},\"inLanguage\":\"fr-FR\",\"potentialAction\":[{\"@type\":\"ReadAction\",\"target\":[\"https:\\\/\\\/www.organisator.ch\\\/human-resources\\\/hrm\\\/2017-03-15\\\/randstad-arbeitsbarometer-laesst-wahrnehmung-der-digitalisierung-zutage-treten\\\/\"]}]},{\"@type\":\"ImageObject\",\"inLanguage\":\"fr-FR\",\"@id\":\"https:\\\/\\\/www.organisator.ch\\\/human-resources\\\/hrm\\\/2017-03-15\\\/randstad-arbeitsbarometer-laesst-wahrnehmung-der-digitalisierung-zutage-treten\\\/#primaryimage\",\"url\":\"https:\\\/\\\/www.organisator.ch\\\/wp-content\\\/uploads\\\/2017\\\/03\\\/Randstand-Arbeitsbarometer-2017-org-organisator.jpg\",\"contentUrl\":\"https:\\\/\\\/www.organisator.ch\\\/wp-content\\\/uploads\\\/2017\\\/03\\\/Randstand-Arbeitsbarometer-2017-org-organisator.jpg\",\"width\":640,\"height\":399,\"caption\":\"Wohin f\u00fchrt uns die Digitalit\u00e4t? Der Randstand Arbeitsbarometer zeigt aktuelle Indices. (Bild: Apple Smart Watch)\"},{\"@type\":\"BreadcrumbList\",\"@id\":\"https:\\\/\\\/www.organisator.ch\\\/human-resources\\\/hrm\\\/2017-03-15\\\/randstad-arbeitsbarometer-laesst-wahrnehmung-der-digitalisierung-zutage-treten\\\/#breadcrumb\",\"itemListElement\":[{\"@type\":\"ListItem\",\"position\":1,\"name\":\"Home\",\"item\":\"https:\\\/\\\/www.organisator.ch\\\/\"},{\"@type\":\"ListItem\",\"position\":2,\"name\":\"Randstad Arbeitsbarometer l\u00e4sst Wahrnehmung der Digitalisierung zutage treten\"}]},{\"@type\":\"WebSite\",\"@id\":\"https:\\\/\\\/www.organisator.ch\\\/#website\",\"url\":\"https:\\\/\\\/www.organisator.ch\\\/\",\"name\":\"Organisator\",\"description\":\"Kompetent. Praxisnah. Der ORGANISATOR bereitet in 10 Ausgaben pro Jahr die wesentlichen Themen f\u00fcr F\u00fchrungskr\u00e4fte von KMU auf.\",\"publisher\":{\"@id\":\"https:\\\/\\\/www.organisator.ch\\\/#organization\"},\"potentialAction\":[{\"@type\":\"SearchAction\",\"target\":{\"@type\":\"EntryPoint\",\"urlTemplate\":\"https:\\\/\\\/www.organisator.ch\\\/?s={search_term_string}\"},\"query-input\":{\"@type\":\"PropertyValueSpecification\",\"valueRequired\":true,\"valueName\":\"search_term_string\"}}],\"inLanguage\":\"fr-FR\"},{\"@type\":\"Organization\",\"@id\":\"https:\\\/\\\/www.organisator.ch\\\/#organization\",\"name\":\"Organisator\",\"url\":\"https:\\\/\\\/www.organisator.ch\\\/\",\"logo\":{\"@type\":\"ImageObject\",\"inLanguage\":\"fr-FR\",\"@id\":\"https:\\\/\\\/www.organisator.ch\\\/#\\\/schema\\\/logo\\\/image\\\/\",\"url\":\"https:\\\/\\\/www.organisator.ch\\\/wp-content\\\/uploads\\\/2022\\\/01\\\/Logo_Organisator_Website.png\",\"contentUrl\":\"https:\\\/\\\/www.organisator.ch\\\/wp-content\\\/uploads\\\/2022\\\/01\\\/Logo_Organisator_Website.png\",\"width\":800,\"height\":77,\"caption\":\"Organisator\"},\"image\":{\"@id\":\"https:\\\/\\\/www.organisator.ch\\\/#\\\/schema\\\/logo\\\/image\\\/\"},\"sameAs\":[\"https:\\\/\\\/www.facebook.com\\\/OrganisatorFachmagazin\",\"https:\\\/\\\/www.linkedin.com\\\/showcase\\\/organisator-das-magazin-fr-kmu\",\"https:\\\/\\\/www.xing.com\\\/news\\\/pages\\\/organisator-ch-695\",\"https:\\\/\\\/www.youtube.com\\\/channel\\\/UCGP2Sq0iWaZwT3BdIAQFYpw\"]},{\"@type\":\"Person\",\"@id\":\"https:\\\/\\\/www.organisator.ch\\\/#\\\/schema\\\/person\\\/134708ca9321c57b0362cceb7948ffbd\",\"name\":\"michael.merz\",\"image\":{\"@type\":\"ImageObject\",\"inLanguage\":\"fr-FR\",\"@id\":\"https:\\\/\\\/secure.gravatar.com\\\/avatar\\\/?s=96&d=mm&r=g\",\"url\":\"https:\\\/\\\/secure.gravatar.com\\\/avatar\\\/?s=96&d=mm&r=g\",\"contentUrl\":\"https:\\\/\\\/secure.gravatar.com\\\/avatar\\\/?s=96&d=mm&r=g\",\"caption\":\"michael.merz\"},\"url\":\"https:\\\/\\\/www.organisator.ch\\\/fr\\\/author\\\/michael-merz\\\/\"}]}<\/script>\n<!-- \/ Yoast SEO plugin. -->","yoast_head_json":{"title":"Le Barom\u00e8tre de l'emploi Randstad r\u00e9v\u00e8le la perception de la num\u00e9risation - Organisateur","description":"Le Barom\u00e8tre de l'emploi Randstad montre que les entreprises suisses ont un retard \u00e0 rattraper par rapport aux autres pays en ce qui concerne leur strat\u00e9gie num\u00e9rique.","robots":{"index":"index","follow":"follow","max-snippet":"max-snippet:-1","max-image-preview":"max-image-preview:large","max-video-preview":"max-video-preview:-1"},"canonical":"https:\/\/www.organisator.ch\/fr\/ressources-humaines\/hrm\/2017-03-15\/randstad-arbeitsbarometer-laesst-wahrnehmung-der-digitalisierung-zutage-treten\/","og_locale":"fr_FR","og_type":"article","og_title":"Randstad Arbeitsbarometer l\u00e4sst Wahrnehmung der Digitalisierung zutage treten","og_description":"Der #Randstad Arbeitsbarometer zeigt, dass die Schweizer Unternehmen bez\u00fcglich der #Digital-Strategie gegen\u00fcber anderen L\u00e4ndern Nachholbedarf haben.","og_url":"https:\/\/www.organisator.ch\/fr\/ressources-humaines\/hrm\/2017-03-15\/randstad-arbeitsbarometer-laesst-wahrnehmung-der-digitalisierung-zutage-treten\/","og_site_name":"Organisator","article_publisher":"https:\/\/www.facebook.com\/OrganisatorFachmagazin","article_published_time":"2017-03-15T10:43:12+00:00","og_image":[{"width":640,"height":399,"url":"https:\/\/www.organisator.ch\/wp-content\/uploads\/2017\/03\/Randstand-Arbeitsbarometer-2017-org-organisator.jpg","type":"image\/jpeg"}],"author":"michael.merz","twitter_card":"summary_large_image","schema":{"@context":"https:\/\/schema.org","@graph":[{"@type":"Article","@id":"https:\/\/www.organisator.ch\/human-resources\/hrm\/2017-03-15\/randstad-arbeitsbarometer-laesst-wahrnehmung-der-digitalisierung-zutage-treten\/#article","isPartOf":{"@id":"https:\/\/www.organisator.ch\/human-resources\/hrm\/2017-03-15\/randstad-arbeitsbarometer-laesst-wahrnehmung-der-digitalisierung-zutage-treten\/"},"author":{"name":"michael.merz","@id":"https:\/\/www.organisator.ch\/#\/schema\/person\/134708ca9321c57b0362cceb7948ffbd"},"headline":"Randstad Arbeitsbarometer l\u00e4sst Wahrnehmung der Digitalisierung zutage treten","datePublished":"2017-03-15T10:43:12+00:00","mainEntityOfPage":{"@id":"https:\/\/www.organisator.ch\/human-resources\/hrm\/2017-03-15\/randstad-arbeitsbarometer-laesst-wahrnehmung-der-digitalisierung-zutage-treten\/"},"wordCount":442,"commentCount":0,"publisher":{"@id":"https:\/\/www.organisator.ch\/#organization"},"image":{"@id":"https:\/\/www.organisator.ch\/human-resources\/hrm\/2017-03-15\/randstad-arbeitsbarometer-laesst-wahrnehmung-der-digitalisierung-zutage-treten\/#primaryimage"},"thumbnailUrl":"https:\/\/www.organisator.ch\/wp-content\/uploads\/2017\/03\/Randstand-Arbeitsbarometer-2017-org-organisator.jpg","keywords":["Arbeitsbarometer","Arbeitsnehmende","Digital Natives","Digitalisierung"],"articleSection":["HRM","IT"],"inLanguage":"fr-FR"},{"@type":"WebPage","@id":"https:\/\/www.organisator.ch\/human-resources\/hrm\/2017-03-15\/randstad-arbeitsbarometer-laesst-wahrnehmung-der-digitalisierung-zutage-treten\/","url":"https:\/\/www.organisator.ch\/human-resources\/hrm\/2017-03-15\/randstad-arbeitsbarometer-laesst-wahrnehmung-der-digitalisierung-zutage-treten\/","name":"Le Barom\u00e8tre de l'emploi Randstad r\u00e9v\u00e8le la perception de la num\u00e9risation - Organisateur","isPartOf":{"@id":"https:\/\/www.organisator.ch\/#website"},"primaryImageOfPage":{"@id":"https:\/\/www.organisator.ch\/human-resources\/hrm\/2017-03-15\/randstad-arbeitsbarometer-laesst-wahrnehmung-der-digitalisierung-zutage-treten\/#primaryimage"},"image":{"@id":"https:\/\/www.organisator.ch\/human-resources\/hrm\/2017-03-15\/randstad-arbeitsbarometer-laesst-wahrnehmung-der-digitalisierung-zutage-treten\/#primaryimage"},"thumbnailUrl":"https:\/\/www.organisator.ch\/wp-content\/uploads\/2017\/03\/Randstand-Arbeitsbarometer-2017-org-organisator.jpg","datePublished":"2017-03-15T10:43:12+00:00","description":"Le Barom\u00e8tre de l'emploi Randstad montre que les entreprises suisses ont un retard \u00e0 rattraper par rapport aux autres pays en ce qui concerne leur strat\u00e9gie num\u00e9rique.","breadcrumb":{"@id":"https:\/\/www.organisator.ch\/human-resources\/hrm\/2017-03-15\/randstad-arbeitsbarometer-laesst-wahrnehmung-der-digitalisierung-zutage-treten\/#breadcrumb"},"inLanguage":"fr-FR","potentialAction":[{"@type":"ReadAction","target":["https:\/\/www.organisator.ch\/human-resources\/hrm\/2017-03-15\/randstad-arbeitsbarometer-laesst-wahrnehmung-der-digitalisierung-zutage-treten\/"]}]},{"@type":"ImageObject","inLanguage":"fr-FR","@id":"https:\/\/www.organisator.ch\/human-resources\/hrm\/2017-03-15\/randstad-arbeitsbarometer-laesst-wahrnehmung-der-digitalisierung-zutage-treten\/#primaryimage","url":"https:\/\/www.organisator.ch\/wp-content\/uploads\/2017\/03\/Randstand-Arbeitsbarometer-2017-org-organisator.jpg","contentUrl":"https:\/\/www.organisator.ch\/wp-content\/uploads\/2017\/03\/Randstand-Arbeitsbarometer-2017-org-organisator.jpg","width":640,"height":399,"caption":"Wohin f\u00fchrt uns die Digitalit\u00e4t? Der Randstand Arbeitsbarometer zeigt aktuelle Indices. (Bild: Apple Smart Watch)"},{"@type":"BreadcrumbList","@id":"https:\/\/www.organisator.ch\/human-resources\/hrm\/2017-03-15\/randstad-arbeitsbarometer-laesst-wahrnehmung-der-digitalisierung-zutage-treten\/#breadcrumb","itemListElement":[{"@type":"ListItem","position":1,"name":"Home","item":"https:\/\/www.organisator.ch\/"},{"@type":"ListItem","position":2,"name":"Randstad Arbeitsbarometer l\u00e4sst Wahrnehmung der Digitalisierung zutage treten"}]},{"@type":"WebSite","@id":"https:\/\/www.organisator.ch\/#website","url":"https:\/\/www.organisator.ch\/","name":"Organisateur","description":"Comp\u00e9tence et comp\u00e9tence. Proches de la pratique. L'ORGANISATEUR pr\u00e9pare 10 num\u00e9ros par an sur les th\u00e8mes essentiels pour les dirigeants de PME.","publisher":{"@id":"https:\/\/www.organisator.ch\/#organization"},"potentialAction":[{"@type":"SearchAction","target":{"@type":"EntryPoint","urlTemplate":"https:\/\/www.organisator.ch\/?s={search_term_string}"},"query-input":{"@type":"PropertyValueSpecification","valueRequired":true,"valueName":"search_term_string"}}],"inLanguage":"fr-FR"},{"@type":"Organization","@id":"https:\/\/www.organisator.ch\/#organization","name":"Organisateur","url":"https:\/\/www.organisator.ch\/","logo":{"@type":"ImageObject","inLanguage":"fr-FR","@id":"https:\/\/www.organisator.ch\/#\/schema\/logo\/image\/","url":"https:\/\/www.organisator.ch\/wp-content\/uploads\/2022\/01\/Logo_Organisator_Website.png","contentUrl":"https:\/\/www.organisator.ch\/wp-content\/uploads\/2022\/01\/Logo_Organisator_Website.png","width":800,"height":77,"caption":"Organisator"},"image":{"@id":"https:\/\/www.organisator.ch\/#\/schema\/logo\/image\/"},"sameAs":["https:\/\/www.facebook.com\/OrganisatorFachmagazin","https:\/\/www.linkedin.com\/showcase\/organisator-das-magazin-fr-kmu","https:\/\/www.xing.com\/news\/pages\/organisator-ch-695","https:\/\/www.youtube.com\/channel\/UCGP2Sq0iWaZwT3BdIAQFYpw"]},{"@type":"Person","@id":"https:\/\/www.organisator.ch\/#\/schema\/person\/134708ca9321c57b0362cceb7948ffbd","name":"michael.merz","image":{"@type":"ImageObject","inLanguage":"fr-FR","@id":"https:\/\/secure.gravatar.com\/avatar\/?s=96&d=mm&r=g","url":"https:\/\/secure.gravatar.com\/avatar\/?s=96&d=mm&r=g","contentUrl":"https:\/\/secure.gravatar.com\/avatar\/?s=96&d=mm&r=g","caption":"michael.merz"},"url":"https:\/\/www.organisator.ch\/fr\/author\/michael-merz\/"}]}},"_links":{"self":[{"href":"https:\/\/www.organisator.ch\/fr\/wp-json\/wp\/v2\/posts\/1651","targetHints":{"allow":["GET"]}}],"collection":[{"href":"https:\/\/www.organisator.ch\/fr\/wp-json\/wp\/v2\/posts"}],"about":[{"href":"https:\/\/www.organisator.ch\/fr\/wp-json\/wp\/v2\/types\/post"}],"author":[{"embeddable":true,"href":"https:\/\/www.organisator.ch\/fr\/wp-json\/wp\/v2\/users\/5"}],"replies":[{"embeddable":true,"href":"https:\/\/www.organisator.ch\/fr\/wp-json\/wp\/v2\/comments?post=1651"}],"version-history":[{"count":0,"href":"https:\/\/www.organisator.ch\/fr\/wp-json\/wp\/v2\/posts\/1651\/revisions"}],"wp:featuredmedia":[{"embeddable":true,"href":"https:\/\/www.organisator.ch\/fr\/wp-json\/wp\/v2\/media\/1652"}],"wp:attachment":[{"href":"https:\/\/www.organisator.ch\/fr\/wp-json\/wp\/v2\/media?parent=1651"}],"wp:term":[{"taxonomy":"category","embeddable":true,"href":"https:\/\/www.organisator.ch\/fr\/wp-json\/wp\/v2\/categories?post=1651"},{"taxonomy":"post_tag","embeddable":true,"href":"https:\/\/www.organisator.ch\/fr\/wp-json\/wp\/v2\/tags?post=1651"}],"curies":[{"name":"wp","href":"https:\/\/api.w.org\/{rel}","templated":true}]}}