{"id":16570,"date":"2022-08-17T08:30:54","date_gmt":"2022-08-17T06:30:54","guid":{"rendered":"https:\/\/www.organisator.ch\/?p=16570"},"modified":"2022-08-17T08:30:54","modified_gmt":"2022-08-17T06:30:54","slug":"record-des-transactions-dentreprises-du-kmu-au-premier-semestre-2022","status":"publish","type":"post","link":"https:\/\/www.organisator.ch\/fr\/management\/finanzen_recht\/2022-08-17\/rekord-bei-kmu-firmentransaktionen-im-ersten-halbjahr-2022\/","title":{"rendered":"Record de transactions d'entreprises PME au premier semestre 2022"},"content":{"rendered":"<figure id=\"attachment_16571\" aria-describedby=\"caption-attachment-16571\" style=\"width: 680px\" class=\"wp-caption alignnone\"><img loading=\"lazy\" decoding=\"async\" class=\"size-full wp-image-16571\" src=\"https:\/\/www.organisator.ch\/wp-content\/uploads\/2022\/08\/Rekord-bei-KMU-Firmentransaktionen-im-ersten-Halbjahr-2022-1_Organisator.jpg\" alt=\"\" width=\"680\" height=\"454\" srcset=\"https:\/\/www.organisator.ch\/wp-content\/uploads\/2022\/08\/Rekord-bei-KMU-Firmentransaktionen-im-ersten-Halbjahr-2022-1_Organisator.jpg 680w, https:\/\/www.organisator.ch\/wp-content\/uploads\/2022\/08\/Rekord-bei-KMU-Firmentransaktionen-im-ersten-Halbjahr-2022-1_Organisator-18x12.jpg 18w, https:\/\/www.organisator.ch\/wp-content\/uploads\/2022\/08\/Rekord-bei-KMU-Firmentransaktionen-im-ersten-Halbjahr-2022-1_Organisator-262x175.jpg 262w, https:\/\/www.organisator.ch\/wp-content\/uploads\/2022\/08\/Rekord-bei-KMU-Firmentransaktionen-im-ersten-Halbjahr-2022-1_Organisator-524x350.jpg 524w, https:\/\/www.organisator.ch\/wp-content\/uploads\/2022\/08\/Rekord-bei-KMU-Firmentransaktionen-im-ersten-Halbjahr-2022-1_Organisator-300x200.jpg 300w\" sizes=\"auto, (max-width: 680px) 100vw, 680px\" \/><figcaption id=\"caption-attachment-16571\" class=\"wp-caption-text\">Les transactions des PME ont atteint de nouveaux sommets au premier semestre 2022. (Image : Depositphotos.com)<\/figcaption><\/figure>\n<p>La Suisse a connu une hausse historique des transactions de PME au premier semestre 2022. Au total, 133 transactions ont \u00e9t\u00e9 r\u00e9alis\u00e9es - le chiffre semestriel clairement le plus \u00e9lev\u00e9 depuis la premi\u00e8re publication de l'\u00e9tude Deloitte MidCap M&amp;A en 2013, qui est r\u00e9alis\u00e9e chaque semestre. Les activit\u00e9s de M&amp;A dirig\u00e9es vers la Suisse ont progress\u00e9 d'un quart pour atteindre un nouveau record de 59 transactions. Et le nombre de toutes les activit\u00e9s transfrontali\u00e8res (99 transactions) correspond \u00e9galement \u00e0 la valeur la plus \u00e9lev\u00e9e depuis le d\u00e9but des \u00e9tudes. <a href=\"https:\/\/www.organisator.ch\/de\/management\/finanzen_recht\/2021-07-28\/ma-aktivitaeten-von-kmu-rekordzahl-an-transaktionen\/\">Il y a un an d\u00e9j\u00e0<\/a> un pic de transactions de PME a \u00e9t\u00e9 annonc\u00e9.<\/p>\n<p>Il y a plusieurs raisons \u00e0 cette activit\u00e9 M&amp;A intense : \"Des \u00e9valuations boursi\u00e8res plus basses pour les candidats \u00e0 l'acquisition, des co\u00fbts de financement toujours avantageux en Suisse et le franc fort ont rendu la reprise d'entreprises \u00e9trang\u00e8res attrayante et ont attis\u00e9 la fi\u00e8vre des transactions chez les PME suisses\", explique Anthony West, partenaire et responsable Corporate Finance Suisse chez Deloitte. En revanche, les transactions purement nationales ont \u00e0 nouveau l\u00e9g\u00e8rement diminu\u00e9, avec une baisse de pr\u00e8s de 11 pour cent.<\/p>\n<h3>Les acheteurs de PME suisses viennent surtout d'Europe<\/h3>\n<p>Au total, 93 PME ont \u00e9t\u00e9 achet\u00e9es en Suisse au cours du premier semestre. La majorit\u00e9 des acheteurs \u00e9trangers \u00e9taient des entreprises europ\u00e9ennes (61%) et nord-am\u00e9ricaines (29%). Les Etats-Unis et l'Allemagne sont depuis longtemps les principaux pays investisseurs en Suisse ; 34 pour cent des investissements proviennent des pays voisins. Anthony West, expert en fusions et acquisitions chez Deloitte, estime que la robustesse de l'\u00e9conomie suisse et la forte sp\u00e9cialisation des PME suisses sont les principales raisons de cette \u00e9volution.<\/p>\n<figure id=\"attachment_16572\" aria-describedby=\"caption-attachment-16572\" style=\"width: 680px\" class=\"wp-caption alignnone\"><img loading=\"lazy\" decoding=\"async\" class=\"size-full wp-image-16572\" src=\"https:\/\/www.organisator.ch\/wp-content\/uploads\/2022\/08\/Rekord-bei-KMU-Firmentransaktionen-im-ersten-Halbjahr-2022-2_Organisator.jpg\" alt=\"\" width=\"680\" height=\"183\" srcset=\"https:\/\/www.organisator.ch\/wp-content\/uploads\/2022\/08\/Rekord-bei-KMU-Firmentransaktionen-im-ersten-Halbjahr-2022-2_Organisator.jpg 680w, https:\/\/www.organisator.ch\/wp-content\/uploads\/2022\/08\/Rekord-bei-KMU-Firmentransaktionen-im-ersten-Halbjahr-2022-2_Organisator-18x5.jpg 18w, https:\/\/www.organisator.ch\/wp-content\/uploads\/2022\/08\/Rekord-bei-KMU-Firmentransaktionen-im-ersten-Halbjahr-2022-2_Organisator-375x101.jpg 375w, https:\/\/www.organisator.ch\/wp-content\/uploads\/2022\/08\/Rekord-bei-KMU-Firmentransaktionen-im-ersten-Halbjahr-2022-2_Organisator-300x81.jpg 300w\" sizes=\"auto, (max-width: 680px) 100vw, 680px\" \/><figcaption id=\"caption-attachment-16572\" class=\"wp-caption-text\">(Graphique : Deloitte)<\/figcaption><\/figure>\n<p>Parall\u00e8lement, les PME suisses ont le plus souvent rachet\u00e9 des entreprises en Europe (85%). Les autres transactions concernent principalement des entreprises nord-am\u00e9ricaines. Environ 40% des acquisitions concernent des entreprises dans les pays voisins, l'Allemagne repr\u00e9sentant \u00e0 elle seule 27% des transactions. De nombreuses PME suisses pr\u00e9f\u00e8rent les entreprises \u00e9trang\u00e8res dans le secteur industriel. Les entreprises du secteur de la sant\u00e9 et des TMT, qui ont toutes deux profit\u00e9 de la crise COVID-19, restent \u00e9galement tr\u00e8s pris\u00e9es.<\/p>\n<h3>L'activit\u00e9 M&amp;A se maintient malgr\u00e9 les vents contraires<\/h3>\n<p>Les activit\u00e9s mondiales de fusions et d'acquisitions ont d\u00e9j\u00e0 fortement ralenti cette ann\u00e9e en raison de l'inflation galopante et de la hausse des taux d'int\u00e9r\u00eat, de l'augmentation des co\u00fbts de financement, de la guerre en Ukraine et de la crainte croissante d'une r\u00e9cession. Au niveau mondial, le grand optimisme s'est donc envol\u00e9, comme le pr\u00e9cise Anthony West.<\/p>\n<p>Pour la Suisse, il estime que les perspectives g\u00e9n\u00e9rales sont toujours plus positives, m\u00eame si elles sont moins optimistes qu'au d\u00e9but de l'ann\u00e9e. Depuis, de nombreux risques li\u00e9s \u00e0 la guerre en Ukraine et \u00e0 ses nombreuses r\u00e9percussions sur l'\u00e9conomie mondiale sont venus s'ajouter. \"L'incertitude est un poison pour les transactions des entreprises : L'effondrement des march\u00e9s boursiers, les goulets d'\u00e9tranglement dans la cha\u00eene d'approvisionnement et l'augmentation des co\u00fbts des mati\u00e8res premi\u00e8res, des biens primaires et des services p\u00e8sent sur de nombreuses entreprises - dans le monde entier encore plus qu'en Suisse. Ce sont autant de raisons qui expliquent la baisse de l'activit\u00e9 globale de fusions et acquisitions et un app\u00e9tit \u00e9galement un peu plus faible des PME suisses pour les acquisitions au cours du second semestre\", explique Anthony West.<\/p>\n<h3>Des \u00e9valuations d'entreprise plus basses, une condition favorable aux transactions des PME<\/h3>\n<p>Apr\u00e8s que de nombreuses banques centrales ont augment\u00e9 les taux d'int\u00e9r\u00eat pour lutter contre l'inflation, le financement des acquisitions est devenu fondamentalement plus cher et plus risqu\u00e9. Mais l'augmentation du co\u00fbt du capital a \u00e9galement fait baisser la valorisation de nombreuses entreprises : il s'agit l\u00e0 d'opportunit\u00e9s d'acquisition passionnantes, tant pour les fonds d'investissement disposant d'importantes r\u00e9serves de liquidit\u00e9s que pour les entreprises financi\u00e8rement solides qui ont un objectif strat\u00e9gique. La chute de la valeur de nombreuses monnaies comme l'euro ou la livre sterling par rapport au franc suisse rend les entreprises \u00e9trang\u00e8res encore plus attractives pour les entreprises suisses.<\/p>\n<p><em>Source et informations compl\u00e9mentaires : <a href=\"https:\/\/www2.deloitte.com\/ch\/de\/pages\/about-deloitte\/articles\/about-deloitte.html\">Deloitte<\/a><\/em><\/p>","protected":false},"excerpt":{"rendered":"<p>Die Schweiz hat im ersten Halbjahr 2022 einen historischen Anstieg bei KMU-Firmentransaktionen erlebt. Es wurden insgesamt 133 Transaktionen durchgef\u00fchrt \u2013 die klar h\u00f6chste Halbjahreszahl seit Erstpublikation der Deloitte MidCap-M&amp;A-Studie 2013, die jeweils halbj\u00e4hrlich durchgef\u00fchrt wird. Die in die Schweiz gerichteten M&amp;A-Aktivit\u00e4ten legten um einen Viertel zu auf einen neuen H\u00f6chstwert von 59 Transaktionen. Und die [&hellip;]<\/p>\n","protected":false},"author":4,"featured_media":0,"comment_status":"closed","ping_status":"closed","sticky":false,"template":"","format":"standard","meta":{"_acf_changed":false,"_yoast_wpseo_focuskw":"KMU-Firmentransaktionen","_yoast_wpseo_metadesc":"Die Zahl der KMU-Firmentransaktionen aus der Schweiz hat im ersten Halbjahr 2022 erneut einen Rekord erzielt.","articlekey":"","footnotes":""},"categories":[24],"tags":[335,2690,492],"class_list":["post-16570","post","type-post","status-publish","format-standard","hentry","category-finanzen_recht","tag-management-und-unternehmensfuehrung","tag-mergers-akquisitions","tag-unternehmen"],"acf":[],"yoast_head":"<!-- This site is optimized with the Yoast SEO plugin v27.5 - https:\/\/yoast.com\/product\/yoast-seo-wordpress\/ -->\n<title>Rekord bei KMU-Firmentransaktionen im ersten Halbjahr 2022 - Organisator<\/title>\n<meta name=\"description\" content=\"Die Zahl der KMU-Firmentransaktionen aus der Schweiz hat im ersten Halbjahr 2022 erneut einen Rekord erzielt.\" \/>\n<meta name=\"robots\" content=\"index, follow, max-snippet:-1, max-image-preview:large, max-video-preview:-1\" \/>\n<link rel=\"canonical\" href=\"https:\/\/www.organisator.ch\/fr\/gestion-2\/finanzen_recht\/2022-08-17\/record-des-transactions-dentreprises-du-kmu-au-premier-semestre-2022\/\" \/>\n<meta property=\"og:locale\" content=\"fr_FR\" \/>\n<meta property=\"og:type\" content=\"article\" \/>\n<meta property=\"og:title\" content=\"Rekord bei KMU-Firmentransaktionen im ersten Halbjahr 2022\" \/>\n<meta property=\"og:description\" content=\"Die Zahl der KMU-Firmentransaktionen aus der Schweiz hat im ersten Halbjahr 2022 erneut einen Rekord erzielt.\" \/>\n<meta property=\"og:url\" content=\"https:\/\/www.organisator.ch\/fr\/gestion-2\/finanzen_recht\/2022-08-17\/record-des-transactions-dentreprises-du-kmu-au-premier-semestre-2022\/\" \/>\n<meta property=\"og:site_name\" content=\"Organisator\" \/>\n<meta property=\"article:publisher\" content=\"https:\/\/www.facebook.com\/OrganisatorFachmagazin\" \/>\n<meta property=\"article:published_time\" content=\"2022-08-17T06:30:54+00:00\" \/>\n<meta property=\"og:image\" content=\"https:\/\/www.organisator.ch\/wp-content\/uploads\/2022\/08\/Rekord-bei-KMU-Firmentransaktionen-im-ersten-Halbjahr-2022-1_Organisator.jpg\" \/>\n\t<meta property=\"og:image:width\" content=\"680\" \/>\n\t<meta property=\"og:image:height\" content=\"454\" \/>\n\t<meta property=\"og:image:type\" content=\"image\/jpeg\" \/>\n<meta name=\"author\" content=\"thomas.berner\" \/>\n<meta name=\"twitter:card\" content=\"summary_large_image\" \/>\n<meta name=\"twitter:title\" content=\"Rekord bei #KMU-Firmentransaktionen im ersten Halbjahr 2022\" \/>\n<meta name=\"twitter:description\" content=\"Die Zahl der #KMU-Firmentransaktionen aus der Schweiz hat im ersten Halbjahr 2022 erneut einen #Rekord erzielt.\" \/>\n<meta name=\"twitter:image\" content=\"https:\/\/www.organisator.ch\/wp-content\/uploads\/2022\/08\/Rekord-bei-KMU-Firmentransaktionen-im-ersten-Halbjahr-2022-1_Organisator.jpg\" \/>\n<script type=\"application\/ld+json\" class=\"yoast-schema-graph\">{\"@context\":\"https:\\\/\\\/schema.org\",\"@graph\":[{\"@type\":\"Article\",\"@id\":\"https:\\\/\\\/www.organisator.ch\\\/management\\\/finanzen_recht\\\/2022-08-17\\\/rekord-bei-kmu-firmentransaktionen-im-ersten-halbjahr-2022\\\/#article\",\"isPartOf\":{\"@id\":\"https:\\\/\\\/www.organisator.ch\\\/management\\\/finanzen_recht\\\/2022-08-17\\\/rekord-bei-kmu-firmentransaktionen-im-ersten-halbjahr-2022\\\/\"},\"author\":{\"name\":\"thomas.berner\",\"@id\":\"https:\\\/\\\/www.organisator.ch\\\/#\\\/schema\\\/person\\\/6f650f90b2842cd4c0cc334b4e36f67e\"},\"headline\":\"Rekord bei KMU-Firmentransaktionen im ersten Halbjahr 2022\",\"datePublished\":\"2022-08-17T06:30:54+00:00\",\"mainEntityOfPage\":{\"@id\":\"https:\\\/\\\/www.organisator.ch\\\/management\\\/finanzen_recht\\\/2022-08-17\\\/rekord-bei-kmu-firmentransaktionen-im-ersten-halbjahr-2022\\\/\"},\"wordCount\":604,\"publisher\":{\"@id\":\"https:\\\/\\\/www.organisator.ch\\\/#organization\"},\"image\":{\"@id\":\"https:\\\/\\\/www.organisator.ch\\\/management\\\/finanzen_recht\\\/2022-08-17\\\/rekord-bei-kmu-firmentransaktionen-im-ersten-halbjahr-2022\\\/#primaryimage\"},\"thumbnailUrl\":\"https:\\\/\\\/www.organisator.ch\\\/wp-content\\\/uploads\\\/2022\\\/08\\\/Rekord-bei-KMU-Firmentransaktionen-im-ersten-Halbjahr-2022-1_Organisator.jpg\",\"keywords\":[\"Management und Unternehmensf\u00fchrung\",\"Mergers &amp; Akquisitions\",\"Unternehmen\"],\"articleSection\":[\"FINANZEN\\\/RECHT\"],\"inLanguage\":\"fr-FR\"},{\"@type\":\"WebPage\",\"@id\":\"https:\\\/\\\/www.organisator.ch\\\/management\\\/finanzen_recht\\\/2022-08-17\\\/rekord-bei-kmu-firmentransaktionen-im-ersten-halbjahr-2022\\\/\",\"url\":\"https:\\\/\\\/www.organisator.ch\\\/management\\\/finanzen_recht\\\/2022-08-17\\\/rekord-bei-kmu-firmentransaktionen-im-ersten-halbjahr-2022\\\/\",\"name\":\"Rekord bei KMU-Firmentransaktionen im ersten Halbjahr 2022 - Organisator\",\"isPartOf\":{\"@id\":\"https:\\\/\\\/www.organisator.ch\\\/#website\"},\"primaryImageOfPage\":{\"@id\":\"https:\\\/\\\/www.organisator.ch\\\/management\\\/finanzen_recht\\\/2022-08-17\\\/rekord-bei-kmu-firmentransaktionen-im-ersten-halbjahr-2022\\\/#primaryimage\"},\"image\":{\"@id\":\"https:\\\/\\\/www.organisator.ch\\\/management\\\/finanzen_recht\\\/2022-08-17\\\/rekord-bei-kmu-firmentransaktionen-im-ersten-halbjahr-2022\\\/#primaryimage\"},\"thumbnailUrl\":\"https:\\\/\\\/www.organisator.ch\\\/wp-content\\\/uploads\\\/2022\\\/08\\\/Rekord-bei-KMU-Firmentransaktionen-im-ersten-Halbjahr-2022-1_Organisator.jpg\",\"datePublished\":\"2022-08-17T06:30:54+00:00\",\"description\":\"Die Zahl der KMU-Firmentransaktionen aus der Schweiz hat im ersten Halbjahr 2022 erneut einen Rekord erzielt.\",\"breadcrumb\":{\"@id\":\"https:\\\/\\\/www.organisator.ch\\\/management\\\/finanzen_recht\\\/2022-08-17\\\/rekord-bei-kmu-firmentransaktionen-im-ersten-halbjahr-2022\\\/#breadcrumb\"},\"inLanguage\":\"fr-FR\",\"potentialAction\":[{\"@type\":\"ReadAction\",\"target\":[\"https:\\\/\\\/www.organisator.ch\\\/management\\\/finanzen_recht\\\/2022-08-17\\\/rekord-bei-kmu-firmentransaktionen-im-ersten-halbjahr-2022\\\/\"]}]},{\"@type\":\"ImageObject\",\"inLanguage\":\"fr-FR\",\"@id\":\"https:\\\/\\\/www.organisator.ch\\\/management\\\/finanzen_recht\\\/2022-08-17\\\/rekord-bei-kmu-firmentransaktionen-im-ersten-halbjahr-2022\\\/#primaryimage\",\"url\":\"https:\\\/\\\/www.organisator.ch\\\/wp-content\\\/uploads\\\/2022\\\/08\\\/Rekord-bei-KMU-Firmentransaktionen-im-ersten-Halbjahr-2022-1_Organisator.jpg\",\"contentUrl\":\"https:\\\/\\\/www.organisator.ch\\\/wp-content\\\/uploads\\\/2022\\\/08\\\/Rekord-bei-KMU-Firmentransaktionen-im-ersten-Halbjahr-2022-1_Organisator.jpg\"},{\"@type\":\"BreadcrumbList\",\"@id\":\"https:\\\/\\\/www.organisator.ch\\\/management\\\/finanzen_recht\\\/2022-08-17\\\/rekord-bei-kmu-firmentransaktionen-im-ersten-halbjahr-2022\\\/#breadcrumb\",\"itemListElement\":[{\"@type\":\"ListItem\",\"position\":1,\"name\":\"Home\",\"item\":\"https:\\\/\\\/www.organisator.ch\\\/\"},{\"@type\":\"ListItem\",\"position\":2,\"name\":\"Rekord bei KMU-Firmentransaktionen im ersten Halbjahr 2022\"}]},{\"@type\":\"WebSite\",\"@id\":\"https:\\\/\\\/www.organisator.ch\\\/#website\",\"url\":\"https:\\\/\\\/www.organisator.ch\\\/\",\"name\":\"Organisator\",\"description\":\"Kompetent. Praxisnah. Der ORGANISATOR bereitet in 10 Ausgaben pro Jahr die wesentlichen Themen f\u00fcr F\u00fchrungskr\u00e4fte von KMU auf.\",\"publisher\":{\"@id\":\"https:\\\/\\\/www.organisator.ch\\\/#organization\"},\"potentialAction\":[{\"@type\":\"SearchAction\",\"target\":{\"@type\":\"EntryPoint\",\"urlTemplate\":\"https:\\\/\\\/www.organisator.ch\\\/?s={search_term_string}\"},\"query-input\":{\"@type\":\"PropertyValueSpecification\",\"valueRequired\":true,\"valueName\":\"search_term_string\"}}],\"inLanguage\":\"fr-FR\"},{\"@type\":\"Organization\",\"@id\":\"https:\\\/\\\/www.organisator.ch\\\/#organization\",\"name\":\"Organisator\",\"url\":\"https:\\\/\\\/www.organisator.ch\\\/\",\"logo\":{\"@type\":\"ImageObject\",\"inLanguage\":\"fr-FR\",\"@id\":\"https:\\\/\\\/www.organisator.ch\\\/#\\\/schema\\\/logo\\\/image\\\/\",\"url\":\"https:\\\/\\\/www.organisator.ch\\\/wp-content\\\/uploads\\\/2022\\\/01\\\/Logo_Organisator_Website.png\",\"contentUrl\":\"https:\\\/\\\/www.organisator.ch\\\/wp-content\\\/uploads\\\/2022\\\/01\\\/Logo_Organisator_Website.png\",\"width\":800,\"height\":77,\"caption\":\"Organisator\"},\"image\":{\"@id\":\"https:\\\/\\\/www.organisator.ch\\\/#\\\/schema\\\/logo\\\/image\\\/\"},\"sameAs\":[\"https:\\\/\\\/www.facebook.com\\\/OrganisatorFachmagazin\",\"https:\\\/\\\/www.linkedin.com\\\/showcase\\\/organisator-das-magazin-fr-kmu\",\"https:\\\/\\\/www.xing.com\\\/news\\\/pages\\\/organisator-ch-695\",\"https:\\\/\\\/www.youtube.com\\\/channel\\\/UCGP2Sq0iWaZwT3BdIAQFYpw\"]},{\"@type\":\"Person\",\"@id\":\"https:\\\/\\\/www.organisator.ch\\\/#\\\/schema\\\/person\\\/6f650f90b2842cd4c0cc334b4e36f67e\",\"name\":\"thomas.berner\",\"image\":{\"@type\":\"ImageObject\",\"inLanguage\":\"fr-FR\",\"@id\":\"https:\\\/\\\/secure.gravatar.com\\\/avatar\\\/ac5001d2a36cb6c6cd3e50789007ffca834b477b74a2144564522e944eabff61?s=96&d=mm&r=g\",\"url\":\"https:\\\/\\\/secure.gravatar.com\\\/avatar\\\/ac5001d2a36cb6c6cd3e50789007ffca834b477b74a2144564522e944eabff61?s=96&d=mm&r=g\",\"contentUrl\":\"https:\\\/\\\/secure.gravatar.com\\\/avatar\\\/ac5001d2a36cb6c6cd3e50789007ffca834b477b74a2144564522e944eabff61?s=96&d=mm&r=g\",\"caption\":\"thomas.berner\"},\"url\":\"https:\\\/\\\/www.organisator.ch\\\/fr\\\/author\\\/thomas-berner\\\/\"}]}<\/script>\n<!-- \/ Yoast SEO plugin. -->","yoast_head_json":{"title":"Record de transactions d'entreprises PME au premier semestre 2022 - Organisateur","description":"Le nombre de transactions d'entreprises PME depuis la Suisse a de nouveau atteint un record au premier semestre 2022.","robots":{"index":"index","follow":"follow","max-snippet":"max-snippet:-1","max-image-preview":"max-image-preview:large","max-video-preview":"max-video-preview:-1"},"canonical":"https:\/\/www.organisator.ch\/fr\/gestion-2\/finanzen_recht\/2022-08-17\/record-des-transactions-dentreprises-du-kmu-au-premier-semestre-2022\/","og_locale":"fr_FR","og_type":"article","og_title":"Rekord bei KMU-Firmentransaktionen im ersten Halbjahr 2022","og_description":"Die Zahl der KMU-Firmentransaktionen aus der Schweiz hat im ersten Halbjahr 2022 erneut einen Rekord erzielt.","og_url":"https:\/\/www.organisator.ch\/fr\/gestion-2\/finanzen_recht\/2022-08-17\/record-des-transactions-dentreprises-du-kmu-au-premier-semestre-2022\/","og_site_name":"Organisator","article_publisher":"https:\/\/www.facebook.com\/OrganisatorFachmagazin","article_published_time":"2022-08-17T06:30:54+00:00","og_image":[{"width":680,"height":454,"url":"https:\/\/www.organisator.ch\/wp-content\/uploads\/2022\/08\/Rekord-bei-KMU-Firmentransaktionen-im-ersten-Halbjahr-2022-1_Organisator.jpg","type":"image\/jpeg"}],"author":"thomas.berner","twitter_card":"summary_large_image","twitter_title":"Rekord bei #KMU-Firmentransaktionen im ersten Halbjahr 2022","twitter_description":"Die Zahl der #KMU-Firmentransaktionen aus der Schweiz hat im ersten Halbjahr 2022 erneut einen #Rekord erzielt.","twitter_image":"https:\/\/www.organisator.ch\/wp-content\/uploads\/2022\/08\/Rekord-bei-KMU-Firmentransaktionen-im-ersten-Halbjahr-2022-1_Organisator.jpg","schema":{"@context":"https:\/\/schema.org","@graph":[{"@type":"Article","@id":"https:\/\/www.organisator.ch\/management\/finanzen_recht\/2022-08-17\/rekord-bei-kmu-firmentransaktionen-im-ersten-halbjahr-2022\/#article","isPartOf":{"@id":"https:\/\/www.organisator.ch\/management\/finanzen_recht\/2022-08-17\/rekord-bei-kmu-firmentransaktionen-im-ersten-halbjahr-2022\/"},"author":{"name":"thomas.berner","@id":"https:\/\/www.organisator.ch\/#\/schema\/person\/6f650f90b2842cd4c0cc334b4e36f67e"},"headline":"Rekord bei KMU-Firmentransaktionen im ersten Halbjahr 2022","datePublished":"2022-08-17T06:30:54+00:00","mainEntityOfPage":{"@id":"https:\/\/www.organisator.ch\/management\/finanzen_recht\/2022-08-17\/rekord-bei-kmu-firmentransaktionen-im-ersten-halbjahr-2022\/"},"wordCount":604,"publisher":{"@id":"https:\/\/www.organisator.ch\/#organization"},"image":{"@id":"https:\/\/www.organisator.ch\/management\/finanzen_recht\/2022-08-17\/rekord-bei-kmu-firmentransaktionen-im-ersten-halbjahr-2022\/#primaryimage"},"thumbnailUrl":"https:\/\/www.organisator.ch\/wp-content\/uploads\/2022\/08\/Rekord-bei-KMU-Firmentransaktionen-im-ersten-Halbjahr-2022-1_Organisator.jpg","keywords":["Management und Unternehmensf\u00fchrung","Mergers &amp; Akquisitions","Unternehmen"],"articleSection":["FINANZEN\/RECHT"],"inLanguage":"fr-FR"},{"@type":"WebPage","@id":"https:\/\/www.organisator.ch\/management\/finanzen_recht\/2022-08-17\/rekord-bei-kmu-firmentransaktionen-im-ersten-halbjahr-2022\/","url":"https:\/\/www.organisator.ch\/management\/finanzen_recht\/2022-08-17\/rekord-bei-kmu-firmentransaktionen-im-ersten-halbjahr-2022\/","name":"Record de transactions d'entreprises PME au premier semestre 2022 - Organisateur","isPartOf":{"@id":"https:\/\/www.organisator.ch\/#website"},"primaryImageOfPage":{"@id":"https:\/\/www.organisator.ch\/management\/finanzen_recht\/2022-08-17\/rekord-bei-kmu-firmentransaktionen-im-ersten-halbjahr-2022\/#primaryimage"},"image":{"@id":"https:\/\/www.organisator.ch\/management\/finanzen_recht\/2022-08-17\/rekord-bei-kmu-firmentransaktionen-im-ersten-halbjahr-2022\/#primaryimage"},"thumbnailUrl":"https:\/\/www.organisator.ch\/wp-content\/uploads\/2022\/08\/Rekord-bei-KMU-Firmentransaktionen-im-ersten-Halbjahr-2022-1_Organisator.jpg","datePublished":"2022-08-17T06:30:54+00:00","description":"Le nombre de transactions d'entreprises PME depuis la Suisse a de nouveau atteint un record au premier semestre 2022.","breadcrumb":{"@id":"https:\/\/www.organisator.ch\/management\/finanzen_recht\/2022-08-17\/rekord-bei-kmu-firmentransaktionen-im-ersten-halbjahr-2022\/#breadcrumb"},"inLanguage":"fr-FR","potentialAction":[{"@type":"ReadAction","target":["https:\/\/www.organisator.ch\/management\/finanzen_recht\/2022-08-17\/rekord-bei-kmu-firmentransaktionen-im-ersten-halbjahr-2022\/"]}]},{"@type":"ImageObject","inLanguage":"fr-FR","@id":"https:\/\/www.organisator.ch\/management\/finanzen_recht\/2022-08-17\/rekord-bei-kmu-firmentransaktionen-im-ersten-halbjahr-2022\/#primaryimage","url":"https:\/\/www.organisator.ch\/wp-content\/uploads\/2022\/08\/Rekord-bei-KMU-Firmentransaktionen-im-ersten-Halbjahr-2022-1_Organisator.jpg","contentUrl":"https:\/\/www.organisator.ch\/wp-content\/uploads\/2022\/08\/Rekord-bei-KMU-Firmentransaktionen-im-ersten-Halbjahr-2022-1_Organisator.jpg"},{"@type":"BreadcrumbList","@id":"https:\/\/www.organisator.ch\/management\/finanzen_recht\/2022-08-17\/rekord-bei-kmu-firmentransaktionen-im-ersten-halbjahr-2022\/#breadcrumb","itemListElement":[{"@type":"ListItem","position":1,"name":"Home","item":"https:\/\/www.organisator.ch\/"},{"@type":"ListItem","position":2,"name":"Rekord bei KMU-Firmentransaktionen im ersten Halbjahr 2022"}]},{"@type":"WebSite","@id":"https:\/\/www.organisator.ch\/#website","url":"https:\/\/www.organisator.ch\/","name":"Organisateur","description":"Comp\u00e9tence et comp\u00e9tence. Proches de la pratique. L'ORGANISATEUR pr\u00e9pare 10 num\u00e9ros par an sur les th\u00e8mes essentiels pour les dirigeants de PME.","publisher":{"@id":"https:\/\/www.organisator.ch\/#organization"},"potentialAction":[{"@type":"SearchAction","target":{"@type":"EntryPoint","urlTemplate":"https:\/\/www.organisator.ch\/?s={search_term_string}"},"query-input":{"@type":"PropertyValueSpecification","valueRequired":true,"valueName":"search_term_string"}}],"inLanguage":"fr-FR"},{"@type":"Organization","@id":"https:\/\/www.organisator.ch\/#organization","name":"Organisateur","url":"https:\/\/www.organisator.ch\/","logo":{"@type":"ImageObject","inLanguage":"fr-FR","@id":"https:\/\/www.organisator.ch\/#\/schema\/logo\/image\/","url":"https:\/\/www.organisator.ch\/wp-content\/uploads\/2022\/01\/Logo_Organisator_Website.png","contentUrl":"https:\/\/www.organisator.ch\/wp-content\/uploads\/2022\/01\/Logo_Organisator_Website.png","width":800,"height":77,"caption":"Organisator"},"image":{"@id":"https:\/\/www.organisator.ch\/#\/schema\/logo\/image\/"},"sameAs":["https:\/\/www.facebook.com\/OrganisatorFachmagazin","https:\/\/www.linkedin.com\/showcase\/organisator-das-magazin-fr-kmu","https:\/\/www.xing.com\/news\/pages\/organisator-ch-695","https:\/\/www.youtube.com\/channel\/UCGP2Sq0iWaZwT3BdIAQFYpw"]},{"@type":"Person","@id":"https:\/\/www.organisator.ch\/#\/schema\/person\/6f650f90b2842cd4c0cc334b4e36f67e","name":"thomas.berner","image":{"@type":"ImageObject","inLanguage":"fr-FR","@id":"https:\/\/secure.gravatar.com\/avatar\/ac5001d2a36cb6c6cd3e50789007ffca834b477b74a2144564522e944eabff61?s=96&d=mm&r=g","url":"https:\/\/secure.gravatar.com\/avatar\/ac5001d2a36cb6c6cd3e50789007ffca834b477b74a2144564522e944eabff61?s=96&d=mm&r=g","contentUrl":"https:\/\/secure.gravatar.com\/avatar\/ac5001d2a36cb6c6cd3e50789007ffca834b477b74a2144564522e944eabff61?s=96&d=mm&r=g","caption":"thomas.berner"},"url":"https:\/\/www.organisator.ch\/fr\/author\/thomas-berner\/"}]}},"_links":{"self":[{"href":"https:\/\/www.organisator.ch\/fr\/wp-json\/wp\/v2\/posts\/16570","targetHints":{"allow":["GET"]}}],"collection":[{"href":"https:\/\/www.organisator.ch\/fr\/wp-json\/wp\/v2\/posts"}],"about":[{"href":"https:\/\/www.organisator.ch\/fr\/wp-json\/wp\/v2\/types\/post"}],"author":[{"embeddable":true,"href":"https:\/\/www.organisator.ch\/fr\/wp-json\/wp\/v2\/users\/4"}],"replies":[{"embeddable":true,"href":"https:\/\/www.organisator.ch\/fr\/wp-json\/wp\/v2\/comments?post=16570"}],"version-history":[{"count":1,"href":"https:\/\/www.organisator.ch\/fr\/wp-json\/wp\/v2\/posts\/16570\/revisions"}],"predecessor-version":[{"id":16573,"href":"https:\/\/www.organisator.ch\/fr\/wp-json\/wp\/v2\/posts\/16570\/revisions\/16573"}],"wp:attachment":[{"href":"https:\/\/www.organisator.ch\/fr\/wp-json\/wp\/v2\/media?parent=16570"}],"wp:term":[{"taxonomy":"category","embeddable":true,"href":"https:\/\/www.organisator.ch\/fr\/wp-json\/wp\/v2\/categories?post=16570"},{"taxonomy":"post_tag","embeddable":true,"href":"https:\/\/www.organisator.ch\/fr\/wp-json\/wp\/v2\/tags?post=16570"}],"curies":[{"name":"wp","href":"https:\/\/api.w.org\/{rel}","templated":true}]}}