{"id":16588,"date":"2022-08-18T09:07:26","date_gmt":"2022-08-18T07:07:26","guid":{"rendered":"https:\/\/www.organisator.ch\/?p=16588"},"modified":"2022-08-18T09:07:26","modified_gmt":"2022-08-18T07:07:26","slug":"kunststoffwerk-silac-feiert-80-jaehriges-jubilaeum","status":"publish","type":"post","link":"https:\/\/www.organisator.ch\/fr\/management\/2022-08-18\/kunststoffwerk-silac-feiert-80-jaehriges-jubilaeum\/","title":{"rendered":"L'usine de plastique Silac f\u00eate son 80e anniversaire"},"content":{"rendered":"<figure id=\"attachment_16589\" aria-describedby=\"caption-attachment-16589\" style=\"width: 680px\" class=\"wp-caption alignnone\"><img loading=\"lazy\" decoding=\"async\" class=\"size-full wp-image-16589\" src=\"https:\/\/www.organisator.ch\/wp-content\/uploads\/2022\/08\/Kunststoffwerk-Silac-feiert-80-jahriges-Jubilaum-1_Organisator.jpg\" alt=\"\" width=\"680\" height=\"453\" srcset=\"https:\/\/www.organisator.ch\/wp-content\/uploads\/2022\/08\/Kunststoffwerk-Silac-feiert-80-jahriges-Jubilaum-1_Organisator.jpg 680w, https:\/\/www.organisator.ch\/wp-content\/uploads\/2022\/08\/Kunststoffwerk-Silac-feiert-80-jahriges-Jubilaum-1_Organisator-18x12.jpg 18w, https:\/\/www.organisator.ch\/wp-content\/uploads\/2022\/08\/Kunststoffwerk-Silac-feiert-80-jahriges-Jubilaum-1_Organisator-263x175.jpg 263w, https:\/\/www.organisator.ch\/wp-content\/uploads\/2022\/08\/Kunststoffwerk-Silac-feiert-80-jahriges-Jubilaum-1_Organisator-525x350.jpg 525w, https:\/\/www.organisator.ch\/wp-content\/uploads\/2022\/08\/Kunststoffwerk-Silac-feiert-80-jahriges-Jubilaum-1_Organisator-300x200.jpg 300w\" sizes=\"auto, (max-width: 680px) 100vw, 680px\" \/><figcaption id=\"caption-attachment-16589\" class=\"wp-caption-text\">Une bonne rel\u00e8ve professionnelle et des collaborateurs motiv\u00e9s et hautement qualifi\u00e9s constituent le fondement du succ\u00e8s \u00e0 long terme de Silac AG, qui f\u00eate cette ann\u00e9e son 80e anniversaire. (Photo : zVg \/ Silac)<\/figcaption><\/figure>\n<p>Au printemps 1942, Silac a commenc\u00e9 \u00e0 produire des boutons en plastique dans une ancienne \u00e9cole \u00e0 Oberiberg. Deux ans seulement apr\u00e8s sa cr\u00e9ation, l'entreprise avait besoin de plus d'espace et a d\u00e9m\u00e9nag\u00e9 \u00e0 Euthal. Apr\u00e8s la fin de la guerre, l'entreprise a \u00e9largi son offre avec des presses hydrauliques, des presses automatiques et des machines d'injection thermoplastique performantes. D\u00e8s lors, l'entreprise a pu fabriquer des produits thermodurcissables et thermoplastiques tr\u00e8s demand\u00e9s, comme des bo\u00eetes, des couvercles, des bouchons \u00e0 vis, des bouchons de bouteilles et des poign\u00e9es de meubles. Silac est ainsi rapidement devenue un employeur r\u00e9gional important.<\/p>\n<h3>Du producteur de boutons en plastique \u00e0 l'entreprise de haute technologie<\/h3>\n<p>L'entreprise a reconnu tr\u00e8s t\u00f4t le potentiel de collaborateurs bien form\u00e9s et s'est efforc\u00e9e d\u00e8s le d\u00e9but de recruter \u00e9galement des jeunes. D\u00e8s 1960, l'entreprise a accueilli ses premiers apprentis m\u00e9caniciens. Il s'agissait d'une \u00e9tape importante et logique pour assurer durablement la qualit\u00e9. Aujourd'hui encore, la formation des apprentis est un principe important de la philosophie de l'entreprise. Beaucoup de temps et d'\u00e9nergie sont investis dans une formation exemplaire des apprentis. Aujourd'hui, Silac ne forme pas seulement des futurs m\u00e9caniciens de production, mais aussi des techniciens en mati\u00e8res plastiques, des polym\u00e9caniciens et des commerciaux.<\/p>\n<p>Sous la deuxi\u00e8me g\u00e9n\u00e9ration, l'entreprise familiale s'est d\u00e9velopp\u00e9e pour devenir une soci\u00e9t\u00e9 progressiste jouissant d'une excellente r\u00e9putation. Herbert Birchler a d\u00e9lib\u00e9r\u00e9ment mis l'accent sur la technologie de pointe. Il a investi en permanence dans le parc de machines afin de pouvoir rivaliser avec la concurrence. L'avanc\u00e9e de l'automatisation \u00e9tait n\u00e9cessaire pour garantir la p\u00e9rennit\u00e9 de l'entreprise et donc le maintien des emplois \u00e0 long terme. \u00c0 la fin des ann\u00e9es 1980, Silac a os\u00e9 faire un pas en avant et a entrepris la planification d'un nouveau b\u00e2timent complet. En 1990, l'entreprise a d\u00e9m\u00e9nag\u00e9 dans le nouveau b\u00e2timent de son si\u00e8ge actuel \u00e0 Euthal.<\/p>\n<figure id=\"attachment_16590\" aria-describedby=\"caption-attachment-16590\" style=\"width: 680px\" class=\"wp-caption alignnone\"><img loading=\"lazy\" decoding=\"async\" class=\"size-medium wp-image-16590\" src=\"https:\/\/www.organisator.ch\/wp-content\/uploads\/2022\/08\/Kunststoffwerk-Silac-feiert-80-jahriges-Jubilaum-2_Organisator-680x510.webp\" alt=\"\" width=\"680\" height=\"510\" srcset=\"https:\/\/www.organisator.ch\/wp-content\/uploads\/2022\/08\/Kunststoffwerk-Silac-feiert-80-jahriges-Jubilaum-2_Organisator-680x510.webp 680w, https:\/\/www.organisator.ch\/wp-content\/uploads\/2022\/08\/Kunststoffwerk-Silac-feiert-80-jahriges-Jubilaum-2_Organisator-768x576.webp 768w, https:\/\/www.organisator.ch\/wp-content\/uploads\/2022\/08\/Kunststoffwerk-Silac-feiert-80-jahriges-Jubilaum-2_Organisator-16x12.webp 16w, https:\/\/www.organisator.ch\/wp-content\/uploads\/2022\/08\/Kunststoffwerk-Silac-feiert-80-jahriges-Jubilaum-2_Organisator-233x175.webp 233w, https:\/\/www.organisator.ch\/wp-content\/uploads\/2022\/08\/Kunststoffwerk-Silac-feiert-80-jahriges-Jubilaum-2_Organisator-467x350.webp 467w, https:\/\/www.organisator.ch\/wp-content\/uploads\/2022\/08\/Kunststoffwerk-Silac-feiert-80-jahriges-Jubilaum-2_Organisator-300x225.webp 300w, https:\/\/www.organisator.ch\/wp-content\/uploads\/2022\/08\/Kunststoffwerk-Silac-feiert-80-jahriges-Jubilaum-2_Organisator.webp 800w\" sizes=\"auto, (max-width: 680px) 100vw, 680px\" \/><figcaption id=\"caption-attachment-16590\" class=\"wp-caption-text\">Trois g\u00e9n\u00e9rations de l'entreprise familiale : Peter Birchler, Luca Birchler, Herbert Birchler et Olivier Birchler (de g. \u00e0 dr.). (Image : zVg \/ Silac AG)<\/figcaption><\/figure>\n<h3>Extension du b\u00e2timent de l'entreprise en 2020<\/h3>\n<p>En 1998, Peter Birchler a \u00e9t\u00e9 attir\u00e9 par l'entreprise familiale. Le directeur, alors \u00e2g\u00e9 de 27 ans, a habilement pos\u00e9 les jalons et a transform\u00e9 Silac en une entreprise moderne de haute technologie qui, malgr\u00e9 la pression internationale sur les prix, continue de miser d\u00e9lib\u00e9r\u00e9ment sur la qualit\u00e9 suisse. Peter Birchler \u00e9tait et reste convaincu que Silac marque des points aupr\u00e8s de ses clients gr\u00e2ce \u00e0 sa rapidit\u00e9, sa flexibilit\u00e9 et sa qualit\u00e9. Avec l'objectif de toujours garantir la meilleure qualit\u00e9 \u00e0 ses clients, Silac, contrairement \u00e0 de nombreuses autres entreprises de moulage par injection, exploite encore aujourd'hui son propre atelier d'outillage. Des polym\u00e9caniciens sp\u00e9cialement form\u00e9s construisent ici des moules d'injection fid\u00e8les au plan et pr\u00e9cis. Car comme ses pr\u00e9d\u00e9cesseurs, Peter Birchler sait que derri\u00e8re le succ\u00e8s de Silac se cache l'homme. Une bonne rel\u00e8ve professionnelle et des collaborateurs motiv\u00e9s et hautement qualifi\u00e9s constituent le fondement du succ\u00e8s \u00e0 long terme.<\/p>\n<p>Un autre moment fort de l'histoire de Silac a eu lieu en 2020 avec l'ouverture du nouveau hall de production. Avec un total de 3'000 m\u00e8tres carr\u00e9s de surface de production, l'entreprise est d\u00e9sormais pr\u00eate pour l'avenir. Le nouveau hall est \u00e9quip\u00e9 des installations de production les plus modernes et enti\u00e8rement automatis\u00e9es. Des solutions plastiques de haute qualit\u00e9 y sont fabriqu\u00e9es dans le respect des normes d'hygi\u00e8ne les plus strictes pour le secteur alimentaire. De plus, les capacit\u00e9s de stockage ont \u00e9t\u00e9 augment\u00e9es afin que Silac puisse continuer \u00e0 r\u00e9pondre aux besoins croissants de ses clients.<\/p>\n<h3>Silac relie deux mondes de plastique<\/h3>\n<p>Silac combine de mani\u00e8re unique le monde de l'emballage et le monde de la technique. Des moules stables et de haute qualit\u00e9, r\u00e9alis\u00e9s dans notre propre atelier d'outillage, permettent de produire de gros volumes pour des solutions d'emballage exigeantes. L'un des produits phares est la charni\u00e8re Flex-Spring pour fermetures \u00e0 rabat, qui offre une r\u00e9sistance sup\u00e9rieure \u00e0 la moyenne pour le plus grand angle d'ouverture. L'entreprise est leader dans la production de fermetures plastiques raffin\u00e9es. Des pi\u00e8ces complexes pour le secteur \u00e9lectrique ou la construction de machines et d'appareils sont \u00e9galement produites rapidement, en petits ou grands volumes, selon les souhaits des clients, gr\u00e2ce \u00e0 une technique de pointe et \u00e0 un savoir-faire de longue date. Gr\u00e2ce \u00e0 une technique innovante \u00e0 deux composants, Silac peut en outre traiter des mat\u00e9riaux solides et souples en une seule \u00e9tape de travail. Il en r\u00e9sulte des emballages plus denses, de nouvelles possibilit\u00e9s de conception, des temps de production plus courts et des co\u00fbts de fabrication plus faibles. Autre atout de l'entreprise : les nombreuses possibilit\u00e9s d'impression des pi\u00e8ces en plastique, qui permettent aux clients de personnaliser leur pr\u00e9sentation.<\/p>\n<h3>Par\u00e9 pour l'avenir<\/h3>\n<p>L'entreprise s'engage \u00e9galement \u00e0 utiliser les mat\u00e9riaux de mani\u00e8re responsable. En tant qu'entreprise familiale notamment, Silac est consciente de sa responsabilit\u00e9 vis-\u00e0-vis de la g\u00e9n\u00e9ration suivante. Elle s'engage dans sa propre entreprise pour un circuit ferm\u00e9 et \u00e9cologique des mati\u00e8res plastiques et valorise ses propres d\u00e9chets plastiques. En outre, Silac dispose des certifications suivantes, qui renforcent l'exigence de qualit\u00e9 \u00e9lev\u00e9e de l'entreprise : FSSC 22000 (version 5.1), ISO 9001:2015 et ISO 14001:2015.<\/p>\n<p>\"La r\u00e9cente certification FSSC 22000, l'extension constante de l'offre technologique et d'impression ainsi que l'utilisation innovante de mati\u00e8res plastiques biosourc\u00e9es sont autant d'\u00e9tapes suppl\u00e9mentaires dans les 80 ans de succ\u00e8s de Silac AG. De plus, avec Luca et Olivier Birchler, c'est d\u00e9j\u00e0 la quatri\u00e8me g\u00e9n\u00e9ration qui travaille dans l'entreprise. Je suis tr\u00e8s heureux qu'avec eux, nous puissions poursuivre la tradition familiale et continuer \u00e0 proposer \u00e0 nos clients des solutions plastiques exceptionnelles\", ajoute le directeur Peter Birchler.<\/p>\n<p><em>Le samedi 10 septembre 2022, Silac invite les personnes int\u00e9ress\u00e9es \u00e0 une journ\u00e9e portes ouvertes. De 10 \u00e0 16 heures, les visiteurs pourront jeter un coup d'\u0153il derri\u00e8re les coulisses et se plonger dans le monde fascinant des mati\u00e8res plastiques lors d'une visite guid\u00e9e. Ce jour-l\u00e0, les invit\u00e9s seront \u00e9galement g\u00e2t\u00e9s sur le plan culinaire. <a href=\"http:\/\/www.silac.ch\">www.silac.ch<\/a><\/em><\/p>","protected":false},"excerpt":{"rendered":"<p>Im Fr\u00fchjahr 1942 startete die Silac mit der Produktion von Kunststoffkn\u00f6pfen in einem alten Schulhaus in Oberiberg. Nur zwei Jahre nach der Gr\u00fcndung ben\u00f6tigte das Unternehmen mehr Platz und zog nach Euthal um. Nach Kriegsende erweiterte das Unternehmen sein Angebot mit hydraulischen Pressen, Pressautomaten und leistungsstarken Thermoplast-Spritzmaschinen. Fortan konnten gefragte Duroplast- und Thermoplast-Erzeugnisse wie Dosen, [&hellip;]<\/p>\n","protected":false},"author":4,"featured_media":16589,"comment_status":"closed","ping_status":"closed","sticky":false,"template":"","format":"standard","meta":{"_acf_changed":false,"_yoast_wpseo_focuskw":"Silac","_yoast_wpseo_metadesc":"Die Silac AG, ein Kunststoffwerk mit Sitz in Euthal SZ und ein inhabergef\u00fchrtes Familienunternehmen, feiert das 80-j\u00e4hrige Jubil\u00e4um.","articlekey":"","footnotes":""},"categories":[28],"tags":[196,206,335,492],"class_list":["post-16588","post","type-post","status-publish","format-standard","has-post-thumbnail","hentry","category-management","tag-familienunternehmen","tag-firmenjubilaeum","tag-management-und-unternehmensfuehrung","tag-unternehmen"],"acf":[],"yoast_head":"<!-- This site is optimized with the Yoast SEO plugin v27.5 - https:\/\/yoast.com\/product\/yoast-seo-wordpress\/ -->\n<title>Kunststoffwerk Silac feiert 80-j\u00e4hriges Jubil\u00e4um - Organisator<\/title>\n<meta name=\"description\" content=\"Die Silac AG, ein Kunststoffwerk mit Sitz in Euthal SZ und ein inhabergef\u00fchrtes Familienunternehmen, feiert das 80-j\u00e4hrige Jubil\u00e4um.\" \/>\n<meta name=\"robots\" content=\"index, follow, max-snippet:-1, max-image-preview:large, max-video-preview:-1\" \/>\n<link rel=\"canonical\" href=\"https:\/\/www.organisator.ch\/fr\/gestion-2\/2022-08-18\/kunststoffwerk-silac-feiert-80-jaehriges-jubilaeum\/\" \/>\n<meta property=\"og:locale\" content=\"fr_FR\" \/>\n<meta property=\"og:type\" content=\"article\" \/>\n<meta property=\"og:title\" content=\"Kunststoffwerk Silac feiert 80-j\u00e4hriges Jubil\u00e4um\" \/>\n<meta property=\"og:description\" content=\"Die Silac AG, ein Kunststoffwerk mit Sitz in Euthal SZ und ein inhabergef\u00fchrtes Familienunternehmen, feiert das 80-j\u00e4hrige Jubil\u00e4um.\" \/>\n<meta property=\"og:url\" content=\"https:\/\/www.organisator.ch\/fr\/gestion-2\/2022-08-18\/kunststoffwerk-silac-feiert-80-jaehriges-jubilaeum\/\" \/>\n<meta property=\"og:site_name\" content=\"Organisator\" \/>\n<meta property=\"article:publisher\" content=\"https:\/\/www.facebook.com\/OrganisatorFachmagazin\" \/>\n<meta property=\"article:published_time\" content=\"2022-08-18T07:07:26+00:00\" \/>\n<meta property=\"og:image\" content=\"https:\/\/www.organisator.ch\/wp-content\/uploads\/2022\/08\/Kunststoffwerk-Silac-feiert-80-jahriges-Jubilaum-2_Organisator.webp\" \/>\n\t<meta property=\"og:image:width\" content=\"800\" \/>\n\t<meta property=\"og:image:height\" content=\"600\" \/>\n\t<meta property=\"og:image:type\" content=\"image\/webp\" \/>\n<meta name=\"author\" content=\"thomas.berner\" \/>\n<meta name=\"twitter:card\" content=\"summary_large_image\" \/>\n<meta name=\"twitter:title\" content=\"Kunststoffwerk #Silac feiert 80-j\u00e4hriges Jubil\u00e4um\" \/>\n<meta name=\"twitter:description\" content=\"Die #Silac AG, ein #Kunststoffwerk mit Sitz in #Euthal SZ und ein inhabergef\u00fchrtes #Familienunternehmen, feiert das 80-j\u00e4hrige #Jubil\u00e4um.\" \/>\n<meta name=\"twitter:image\" content=\"https:\/\/www.organisator.ch\/wp-content\/uploads\/2022\/08\/Kunststoffwerk-Silac-feiert-80-jahriges-Jubilaum-2_Organisator.webp\" \/>\n<script type=\"application\/ld+json\" class=\"yoast-schema-graph\">{\"@context\":\"https:\\\/\\\/schema.org\",\"@graph\":[{\"@type\":\"Article\",\"@id\":\"https:\\\/\\\/www.organisator.ch\\\/management\\\/2022-08-18\\\/kunststoffwerk-silac-feiert-80-jaehriges-jubilaeum\\\/#article\",\"isPartOf\":{\"@id\":\"https:\\\/\\\/www.organisator.ch\\\/management\\\/2022-08-18\\\/kunststoffwerk-silac-feiert-80-jaehriges-jubilaeum\\\/\"},\"author\":{\"name\":\"thomas.berner\",\"@id\":\"https:\\\/\\\/www.organisator.ch\\\/#\\\/schema\\\/person\\\/6f650f90b2842cd4c0cc334b4e36f67e\"},\"headline\":\"Kunststoffwerk Silac feiert 80-j\u00e4hriges Jubil\u00e4um\",\"datePublished\":\"2022-08-18T07:07:26+00:00\",\"mainEntityOfPage\":{\"@id\":\"https:\\\/\\\/www.organisator.ch\\\/management\\\/2022-08-18\\\/kunststoffwerk-silac-feiert-80-jaehriges-jubilaeum\\\/\"},\"wordCount\":875,\"publisher\":{\"@id\":\"https:\\\/\\\/www.organisator.ch\\\/#organization\"},\"image\":{\"@id\":\"https:\\\/\\\/www.organisator.ch\\\/management\\\/2022-08-18\\\/kunststoffwerk-silac-feiert-80-jaehriges-jubilaeum\\\/#primaryimage\"},\"thumbnailUrl\":\"https:\\\/\\\/www.organisator.ch\\\/wp-content\\\/uploads\\\/2022\\\/08\\\/Kunststoffwerk-Silac-feiert-80-jahriges-Jubilaum-1_Organisator.jpg\",\"keywords\":[\"Familienunternehmen\",\"Firmenjubil\u00e4um\",\"Management und Unternehmensf\u00fchrung\",\"Unternehmen\"],\"articleSection\":[\"MANAGEMENT\"],\"inLanguage\":\"fr-FR\"},{\"@type\":\"WebPage\",\"@id\":\"https:\\\/\\\/www.organisator.ch\\\/management\\\/2022-08-18\\\/kunststoffwerk-silac-feiert-80-jaehriges-jubilaeum\\\/\",\"url\":\"https:\\\/\\\/www.organisator.ch\\\/management\\\/2022-08-18\\\/kunststoffwerk-silac-feiert-80-jaehriges-jubilaeum\\\/\",\"name\":\"Kunststoffwerk Silac feiert 80-j\u00e4hriges Jubil\u00e4um - Organisator\",\"isPartOf\":{\"@id\":\"https:\\\/\\\/www.organisator.ch\\\/#website\"},\"primaryImageOfPage\":{\"@id\":\"https:\\\/\\\/www.organisator.ch\\\/management\\\/2022-08-18\\\/kunststoffwerk-silac-feiert-80-jaehriges-jubilaeum\\\/#primaryimage\"},\"image\":{\"@id\":\"https:\\\/\\\/www.organisator.ch\\\/management\\\/2022-08-18\\\/kunststoffwerk-silac-feiert-80-jaehriges-jubilaeum\\\/#primaryimage\"},\"thumbnailUrl\":\"https:\\\/\\\/www.organisator.ch\\\/wp-content\\\/uploads\\\/2022\\\/08\\\/Kunststoffwerk-Silac-feiert-80-jahriges-Jubilaum-1_Organisator.jpg\",\"datePublished\":\"2022-08-18T07:07:26+00:00\",\"description\":\"Die Silac AG, ein Kunststoffwerk mit Sitz in Euthal SZ und ein inhabergef\u00fchrtes Familienunternehmen, feiert das 80-j\u00e4hrige Jubil\u00e4um.\",\"breadcrumb\":{\"@id\":\"https:\\\/\\\/www.organisator.ch\\\/management\\\/2022-08-18\\\/kunststoffwerk-silac-feiert-80-jaehriges-jubilaeum\\\/#breadcrumb\"},\"inLanguage\":\"fr-FR\",\"potentialAction\":[{\"@type\":\"ReadAction\",\"target\":[\"https:\\\/\\\/www.organisator.ch\\\/management\\\/2022-08-18\\\/kunststoffwerk-silac-feiert-80-jaehriges-jubilaeum\\\/\"]}]},{\"@type\":\"ImageObject\",\"inLanguage\":\"fr-FR\",\"@id\":\"https:\\\/\\\/www.organisator.ch\\\/management\\\/2022-08-18\\\/kunststoffwerk-silac-feiert-80-jaehriges-jubilaeum\\\/#primaryimage\",\"url\":\"https:\\\/\\\/www.organisator.ch\\\/wp-content\\\/uploads\\\/2022\\\/08\\\/Kunststoffwerk-Silac-feiert-80-jahriges-Jubilaum-1_Organisator.jpg\",\"contentUrl\":\"https:\\\/\\\/www.organisator.ch\\\/wp-content\\\/uploads\\\/2022\\\/08\\\/Kunststoffwerk-Silac-feiert-80-jahriges-Jubilaum-1_Organisator.jpg\",\"width\":680,\"height\":453,\"caption\":\"Ein guter Berufsnachwuchs und motivierte, hochqualifizierte Mitarbeiter bilden das Fundament des langfristigen Erfolgs der Silac AG, die dieses Jahr das 80-Jahr-Jubil\u00e4um feiert. (Bild: zVg \\\/ Silac)\"},{\"@type\":\"BreadcrumbList\",\"@id\":\"https:\\\/\\\/www.organisator.ch\\\/management\\\/2022-08-18\\\/kunststoffwerk-silac-feiert-80-jaehriges-jubilaeum\\\/#breadcrumb\",\"itemListElement\":[{\"@type\":\"ListItem\",\"position\":1,\"name\":\"Home\",\"item\":\"https:\\\/\\\/www.organisator.ch\\\/\"},{\"@type\":\"ListItem\",\"position\":2,\"name\":\"Kunststoffwerk Silac feiert 80-j\u00e4hriges Jubil\u00e4um\"}]},{\"@type\":\"WebSite\",\"@id\":\"https:\\\/\\\/www.organisator.ch\\\/#website\",\"url\":\"https:\\\/\\\/www.organisator.ch\\\/\",\"name\":\"Organisator\",\"description\":\"Kompetent. Praxisnah. Der ORGANISATOR bereitet in 10 Ausgaben pro Jahr die wesentlichen Themen f\u00fcr F\u00fchrungskr\u00e4fte von KMU auf.\",\"publisher\":{\"@id\":\"https:\\\/\\\/www.organisator.ch\\\/#organization\"},\"potentialAction\":[{\"@type\":\"SearchAction\",\"target\":{\"@type\":\"EntryPoint\",\"urlTemplate\":\"https:\\\/\\\/www.organisator.ch\\\/?s={search_term_string}\"},\"query-input\":{\"@type\":\"PropertyValueSpecification\",\"valueRequired\":true,\"valueName\":\"search_term_string\"}}],\"inLanguage\":\"fr-FR\"},{\"@type\":\"Organization\",\"@id\":\"https:\\\/\\\/www.organisator.ch\\\/#organization\",\"name\":\"Organisator\",\"url\":\"https:\\\/\\\/www.organisator.ch\\\/\",\"logo\":{\"@type\":\"ImageObject\",\"inLanguage\":\"fr-FR\",\"@id\":\"https:\\\/\\\/www.organisator.ch\\\/#\\\/schema\\\/logo\\\/image\\\/\",\"url\":\"https:\\\/\\\/www.organisator.ch\\\/wp-content\\\/uploads\\\/2022\\\/01\\\/Logo_Organisator_Website.png\",\"contentUrl\":\"https:\\\/\\\/www.organisator.ch\\\/wp-content\\\/uploads\\\/2022\\\/01\\\/Logo_Organisator_Website.png\",\"width\":800,\"height\":77,\"caption\":\"Organisator\"},\"image\":{\"@id\":\"https:\\\/\\\/www.organisator.ch\\\/#\\\/schema\\\/logo\\\/image\\\/\"},\"sameAs\":[\"https:\\\/\\\/www.facebook.com\\\/OrganisatorFachmagazin\",\"https:\\\/\\\/www.linkedin.com\\\/showcase\\\/organisator-das-magazin-fr-kmu\",\"https:\\\/\\\/www.xing.com\\\/news\\\/pages\\\/organisator-ch-695\",\"https:\\\/\\\/www.youtube.com\\\/channel\\\/UCGP2Sq0iWaZwT3BdIAQFYpw\"]},{\"@type\":\"Person\",\"@id\":\"https:\\\/\\\/www.organisator.ch\\\/#\\\/schema\\\/person\\\/6f650f90b2842cd4c0cc334b4e36f67e\",\"name\":\"thomas.berner\",\"image\":{\"@type\":\"ImageObject\",\"inLanguage\":\"fr-FR\",\"@id\":\"https:\\\/\\\/secure.gravatar.com\\\/avatar\\\/ac5001d2a36cb6c6cd3e50789007ffca834b477b74a2144564522e944eabff61?s=96&d=mm&r=g\",\"url\":\"https:\\\/\\\/secure.gravatar.com\\\/avatar\\\/ac5001d2a36cb6c6cd3e50789007ffca834b477b74a2144564522e944eabff61?s=96&d=mm&r=g\",\"contentUrl\":\"https:\\\/\\\/secure.gravatar.com\\\/avatar\\\/ac5001d2a36cb6c6cd3e50789007ffca834b477b74a2144564522e944eabff61?s=96&d=mm&r=g\",\"caption\":\"thomas.berner\"},\"url\":\"https:\\\/\\\/www.organisator.ch\\\/fr\\\/author\\\/thomas-berner\\\/\"}]}<\/script>\n<!-- \/ Yoast SEO plugin. -->","yoast_head_json":{"title":"L'usine de plastique Silac f\u00eate son 80e anniversaire - Organisateur","description":"Silac AG, une usine de plastique bas\u00e9e \u00e0 Euthal SZ et une entreprise familiale g\u00e9r\u00e9e par ses propri\u00e9taires, f\u00eate ses 80 ans.","robots":{"index":"index","follow":"follow","max-snippet":"max-snippet:-1","max-image-preview":"max-image-preview:large","max-video-preview":"max-video-preview:-1"},"canonical":"https:\/\/www.organisator.ch\/fr\/gestion-2\/2022-08-18\/kunststoffwerk-silac-feiert-80-jaehriges-jubilaeum\/","og_locale":"fr_FR","og_type":"article","og_title":"Kunststoffwerk Silac feiert 80-j\u00e4hriges Jubil\u00e4um","og_description":"Die Silac AG, ein Kunststoffwerk mit Sitz in Euthal SZ und ein inhabergef\u00fchrtes Familienunternehmen, feiert das 80-j\u00e4hrige Jubil\u00e4um.","og_url":"https:\/\/www.organisator.ch\/fr\/gestion-2\/2022-08-18\/kunststoffwerk-silac-feiert-80-jaehriges-jubilaeum\/","og_site_name":"Organisator","article_publisher":"https:\/\/www.facebook.com\/OrganisatorFachmagazin","article_published_time":"2022-08-18T07:07:26+00:00","og_image":[{"width":800,"height":600,"url":"https:\/\/www.organisator.ch\/wp-content\/uploads\/2022\/08\/Kunststoffwerk-Silac-feiert-80-jahriges-Jubilaum-2_Organisator.webp","type":"image\/webp"}],"author":"thomas.berner","twitter_card":"summary_large_image","twitter_title":"Kunststoffwerk #Silac feiert 80-j\u00e4hriges Jubil\u00e4um","twitter_description":"Die #Silac AG, ein #Kunststoffwerk mit Sitz in #Euthal SZ und ein inhabergef\u00fchrtes #Familienunternehmen, feiert das 80-j\u00e4hrige #Jubil\u00e4um.","twitter_image":"https:\/\/www.organisator.ch\/wp-content\/uploads\/2022\/08\/Kunststoffwerk-Silac-feiert-80-jahriges-Jubilaum-2_Organisator.webp","schema":{"@context":"https:\/\/schema.org","@graph":[{"@type":"Article","@id":"https:\/\/www.organisator.ch\/management\/2022-08-18\/kunststoffwerk-silac-feiert-80-jaehriges-jubilaeum\/#article","isPartOf":{"@id":"https:\/\/www.organisator.ch\/management\/2022-08-18\/kunststoffwerk-silac-feiert-80-jaehriges-jubilaeum\/"},"author":{"name":"thomas.berner","@id":"https:\/\/www.organisator.ch\/#\/schema\/person\/6f650f90b2842cd4c0cc334b4e36f67e"},"headline":"Kunststoffwerk Silac feiert 80-j\u00e4hriges Jubil\u00e4um","datePublished":"2022-08-18T07:07:26+00:00","mainEntityOfPage":{"@id":"https:\/\/www.organisator.ch\/management\/2022-08-18\/kunststoffwerk-silac-feiert-80-jaehriges-jubilaeum\/"},"wordCount":875,"publisher":{"@id":"https:\/\/www.organisator.ch\/#organization"},"image":{"@id":"https:\/\/www.organisator.ch\/management\/2022-08-18\/kunststoffwerk-silac-feiert-80-jaehriges-jubilaeum\/#primaryimage"},"thumbnailUrl":"https:\/\/www.organisator.ch\/wp-content\/uploads\/2022\/08\/Kunststoffwerk-Silac-feiert-80-jahriges-Jubilaum-1_Organisator.jpg","keywords":["Familienunternehmen","Firmenjubil\u00e4um","Management und Unternehmensf\u00fchrung","Unternehmen"],"articleSection":["MANAGEMENT"],"inLanguage":"fr-FR"},{"@type":"WebPage","@id":"https:\/\/www.organisator.ch\/management\/2022-08-18\/kunststoffwerk-silac-feiert-80-jaehriges-jubilaeum\/","url":"https:\/\/www.organisator.ch\/management\/2022-08-18\/kunststoffwerk-silac-feiert-80-jaehriges-jubilaeum\/","name":"L'usine de plastique Silac f\u00eate son 80e anniversaire - Organisateur","isPartOf":{"@id":"https:\/\/www.organisator.ch\/#website"},"primaryImageOfPage":{"@id":"https:\/\/www.organisator.ch\/management\/2022-08-18\/kunststoffwerk-silac-feiert-80-jaehriges-jubilaeum\/#primaryimage"},"image":{"@id":"https:\/\/www.organisator.ch\/management\/2022-08-18\/kunststoffwerk-silac-feiert-80-jaehriges-jubilaeum\/#primaryimage"},"thumbnailUrl":"https:\/\/www.organisator.ch\/wp-content\/uploads\/2022\/08\/Kunststoffwerk-Silac-feiert-80-jahriges-Jubilaum-1_Organisator.jpg","datePublished":"2022-08-18T07:07:26+00:00","description":"Silac AG, une usine de plastique bas\u00e9e \u00e0 Euthal SZ et une entreprise familiale g\u00e9r\u00e9e par ses propri\u00e9taires, f\u00eate ses 80 ans.","breadcrumb":{"@id":"https:\/\/www.organisator.ch\/management\/2022-08-18\/kunststoffwerk-silac-feiert-80-jaehriges-jubilaeum\/#breadcrumb"},"inLanguage":"fr-FR","potentialAction":[{"@type":"ReadAction","target":["https:\/\/www.organisator.ch\/management\/2022-08-18\/kunststoffwerk-silac-feiert-80-jaehriges-jubilaeum\/"]}]},{"@type":"ImageObject","inLanguage":"fr-FR","@id":"https:\/\/www.organisator.ch\/management\/2022-08-18\/kunststoffwerk-silac-feiert-80-jaehriges-jubilaeum\/#primaryimage","url":"https:\/\/www.organisator.ch\/wp-content\/uploads\/2022\/08\/Kunststoffwerk-Silac-feiert-80-jahriges-Jubilaum-1_Organisator.jpg","contentUrl":"https:\/\/www.organisator.ch\/wp-content\/uploads\/2022\/08\/Kunststoffwerk-Silac-feiert-80-jahriges-Jubilaum-1_Organisator.jpg","width":680,"height":453,"caption":"Ein guter Berufsnachwuchs und motivierte, hochqualifizierte Mitarbeiter bilden das Fundament des langfristigen Erfolgs der Silac AG, die dieses Jahr das 80-Jahr-Jubil\u00e4um feiert. (Bild: zVg \/ Silac)"},{"@type":"BreadcrumbList","@id":"https:\/\/www.organisator.ch\/management\/2022-08-18\/kunststoffwerk-silac-feiert-80-jaehriges-jubilaeum\/#breadcrumb","itemListElement":[{"@type":"ListItem","position":1,"name":"Home","item":"https:\/\/www.organisator.ch\/"},{"@type":"ListItem","position":2,"name":"Kunststoffwerk Silac feiert 80-j\u00e4hriges Jubil\u00e4um"}]},{"@type":"WebSite","@id":"https:\/\/www.organisator.ch\/#website","url":"https:\/\/www.organisator.ch\/","name":"Organisateur","description":"Comp\u00e9tence et comp\u00e9tence. Proches de la pratique. L'ORGANISATEUR pr\u00e9pare 10 num\u00e9ros par an sur les th\u00e8mes essentiels pour les dirigeants de PME.","publisher":{"@id":"https:\/\/www.organisator.ch\/#organization"},"potentialAction":[{"@type":"SearchAction","target":{"@type":"EntryPoint","urlTemplate":"https:\/\/www.organisator.ch\/?s={search_term_string}"},"query-input":{"@type":"PropertyValueSpecification","valueRequired":true,"valueName":"search_term_string"}}],"inLanguage":"fr-FR"},{"@type":"Organization","@id":"https:\/\/www.organisator.ch\/#organization","name":"Organisateur","url":"https:\/\/www.organisator.ch\/","logo":{"@type":"ImageObject","inLanguage":"fr-FR","@id":"https:\/\/www.organisator.ch\/#\/schema\/logo\/image\/","url":"https:\/\/www.organisator.ch\/wp-content\/uploads\/2022\/01\/Logo_Organisator_Website.png","contentUrl":"https:\/\/www.organisator.ch\/wp-content\/uploads\/2022\/01\/Logo_Organisator_Website.png","width":800,"height":77,"caption":"Organisator"},"image":{"@id":"https:\/\/www.organisator.ch\/#\/schema\/logo\/image\/"},"sameAs":["https:\/\/www.facebook.com\/OrganisatorFachmagazin","https:\/\/www.linkedin.com\/showcase\/organisator-das-magazin-fr-kmu","https:\/\/www.xing.com\/news\/pages\/organisator-ch-695","https:\/\/www.youtube.com\/channel\/UCGP2Sq0iWaZwT3BdIAQFYpw"]},{"@type":"Person","@id":"https:\/\/www.organisator.ch\/#\/schema\/person\/6f650f90b2842cd4c0cc334b4e36f67e","name":"thomas.berner","image":{"@type":"ImageObject","inLanguage":"fr-FR","@id":"https:\/\/secure.gravatar.com\/avatar\/ac5001d2a36cb6c6cd3e50789007ffca834b477b74a2144564522e944eabff61?s=96&d=mm&r=g","url":"https:\/\/secure.gravatar.com\/avatar\/ac5001d2a36cb6c6cd3e50789007ffca834b477b74a2144564522e944eabff61?s=96&d=mm&r=g","contentUrl":"https:\/\/secure.gravatar.com\/avatar\/ac5001d2a36cb6c6cd3e50789007ffca834b477b74a2144564522e944eabff61?s=96&d=mm&r=g","caption":"thomas.berner"},"url":"https:\/\/www.organisator.ch\/fr\/author\/thomas-berner\/"}]}},"_links":{"self":[{"href":"https:\/\/www.organisator.ch\/fr\/wp-json\/wp\/v2\/posts\/16588","targetHints":{"allow":["GET"]}}],"collection":[{"href":"https:\/\/www.organisator.ch\/fr\/wp-json\/wp\/v2\/posts"}],"about":[{"href":"https:\/\/www.organisator.ch\/fr\/wp-json\/wp\/v2\/types\/post"}],"author":[{"embeddable":true,"href":"https:\/\/www.organisator.ch\/fr\/wp-json\/wp\/v2\/users\/4"}],"replies":[{"embeddable":true,"href":"https:\/\/www.organisator.ch\/fr\/wp-json\/wp\/v2\/comments?post=16588"}],"version-history":[{"count":2,"href":"https:\/\/www.organisator.ch\/fr\/wp-json\/wp\/v2\/posts\/16588\/revisions"}],"predecessor-version":[{"id":16592,"href":"https:\/\/www.organisator.ch\/fr\/wp-json\/wp\/v2\/posts\/16588\/revisions\/16592"}],"wp:featuredmedia":[{"embeddable":true,"href":"https:\/\/www.organisator.ch\/fr\/wp-json\/wp\/v2\/media\/16589"}],"wp:attachment":[{"href":"https:\/\/www.organisator.ch\/fr\/wp-json\/wp\/v2\/media?parent=16588"}],"wp:term":[{"taxonomy":"category","embeddable":true,"href":"https:\/\/www.organisator.ch\/fr\/wp-json\/wp\/v2\/categories?post=16588"},{"taxonomy":"post_tag","embeddable":true,"href":"https:\/\/www.organisator.ch\/fr\/wp-json\/wp\/v2\/tags?post=16588"}],"curies":[{"name":"wp","href":"https:\/\/api.w.org\/{rel}","templated":true}]}}