{"id":1660,"date":"2017-03-21T10:47:04","date_gmt":"2017-03-21T09:47:04","guid":{"rendered":"https:\/\/www.organisator.ch\/?p=1660"},"modified":"2017-03-21T10:47:04","modified_gmt":"2017-03-21T09:47:04","slug":"1660-2","status":"publish","type":"post","link":"https:\/\/www.organisator.ch\/fr\/management\/it\/2017-03-21\/1660-2\/","title":{"rendered":"Nouveau dipl\u00f4me : expert en s\u00e9curit\u00e9 des TIC"},"content":{"rendered":"<p>&nbsp;<\/p>\n<figure id=\"attachment_1661\" aria-describedby=\"caption-attachment-1661\" style=\"width: 562px\" class=\"wp-caption alignnone\"><img loading=\"lazy\" decoding=\"async\" class=\"wp-image-1661\" src=\"https:\/\/www.organisator.ch\/wp-content\/uploads\/2017\/03\/ICT-Security-Expert-Digicomp-org-organisator.jpg\" alt=\"\" width=\"562\" height=\"382\" srcset=\"https:\/\/www.organisator.ch\/wp-content\/uploads\/2017\/03\/ICT-Security-Expert-Digicomp-org-organisator.jpg 500w, https:\/\/www.organisator.ch\/wp-content\/uploads\/2017\/03\/ICT-Security-Expert-Digicomp-org-organisator-16x12.jpg 16w, https:\/\/www.organisator.ch\/wp-content\/uploads\/2017\/03\/ICT-Security-Expert-Digicomp-org-organisator-257x175.jpg 257w, https:\/\/www.organisator.ch\/wp-content\/uploads\/2017\/03\/ICT-Security-Expert-Digicomp-org-organisator-300x204.jpg 300w\" sizes=\"auto, (max-width: 562px) 100vw, 562px\" \/><figcaption id=\"caption-attachment-1661\" class=\"wp-caption-text\">Voici \u00e0 quoi ressemble un expert en s\u00e9curit\u00e9 des TIC titulaire d'un dipl\u00f4me f\u00e9d\u00e9ral. (Image : Depositphotos)<\/figcaption><\/figure>\n<p>Avec le dipl\u00f4me \"Expert en s\u00e9curit\u00e9 des TIC\", la Formation professionnelle TIC Suisse cr\u00e9e un dipl\u00f4me hautement positionn\u00e9 et reconnu. La protection contre les cyberattaques sur les r\u00e9seaux des entreprises et des administrations devient un facteur de succ\u00e8s de plus en plus d\u00e9cisif pour les entreprises et les administrations. Trouver le personnel qualifi\u00e9 ad\u00e9quat n'est pas chose ais\u00e9e.<\/p>\n<p>Les experts en s\u00e9curit\u00e9 des TIC r\u00e9duisent le risque de s\u00e9curit\u00e9 de l'information de l'organisation, identifient les \u00e9ventuelles lacunes dans la strat\u00e9gie de s\u00e9curit\u00e9 et \u00e9laborent des mesures permettant de combler ces lacunes.<\/p>\n<p><strong>Digicomp en tant que partenaire \u00e9ducatif <\/strong><\/p>\n<p>Dans sa nouvelle position de premier partenaire \u00e9ducatif de Formation professionnelle TIC Suisse, Digicomp met \u00e0 disposition une offre de formation modulaire pour les personnes int\u00e9ress\u00e9es qui souhaitent se pr\u00e9parer \u00e0 l'examen de dipl\u00f4me f\u00e9d\u00e9ral \"Expert en s\u00e9curit\u00e9 des TIC\". Dans le paquet de cours \"Pr\u00e9paration \u00e0 l'examen ICT Security Expert avec dipl\u00f4me f\u00e9d\u00e9ral\", les s\u00e9minaires qui couvrent une grande partie du guide officiel ont \u00e9t\u00e9 rassembl\u00e9s. Dans le cadre de ce paquet, les participants r\u00e9solvent des examens types et re\u00e7oivent de pr\u00e9cieux conseils pour l'examen. Les comp\u00e9tences op\u00e9rationnelles requises peuvent \u00e9galement \u00eatre r\u00e9serv\u00e9es de mani\u00e8re modulaire et individuelle.<\/p>\n<p>J\u00f6rg Aebischer, directeur de la Formation professionnelle TIC Suisse, s'exprime positivement sur le nouveau dipl\u00f4me : \"Je suis heureux qu'apr\u00e8s un long travail de pr\u00e9paration, les choses commencent \u00e0 bouger et que les premiers experts en s\u00e9curit\u00e9 TIC hautement qualifi\u00e9s et dipl\u00f4m\u00e9s au niveau f\u00e9d\u00e9ral soient disponibles en Suisse d\u00e8s 2018. C'est formidable d'avoir trouv\u00e9 en Digicomp un partenaire de formation \u00e9tabli qui pr\u00e9pare les personnes int\u00e9ress\u00e9es de mani\u00e8re comp\u00e9tente \u00e0 l'examen f\u00e9d\u00e9ral\".<\/p>\n<p><em>Pour en savoir plus sur le cours ICT et la soir\u00e9e d'information (17 mai \u00e0 Zurich), consultez ce <a href=\"http:\/\/www.digicomp.ch\/ICTSEC\">Lien<\/a><\/em><\/p>\n<p>&nbsp;<\/p>","protected":false},"excerpt":{"rendered":"<p>&nbsp; Die ICT-Berufsbildung Schweiz schafft mit dem &#8222;ICT Security Expert&#8220; einen hochpositionierten und anerkannten Diplomabschluss. Der Schutz vor Cyberattacken auf Firmen- und Verwaltungsnetze wird ein immer entscheidender Erfolgsfaktor f\u00fcr Unternehmen und Verwaltungen. Geeignetes Fachpersonal zu finden, ist nicht einfach. ICT Security Experts reduzieren das Informationssicherheitsrisiko der Organisation, erkennen allf\u00e4llige L\u00fccken in der Sicherheitsstrategie und erarbeiten [&hellip;]<\/p>\n","protected":false},"author":5,"featured_media":1661,"comment_status":"open","ping_status":"open","sticky":false,"template":"","format":"standard","meta":{"_acf_changed":false,"_yoast_wpseo_focuskw":"ICT Security Expert","_yoast_wpseo_metadesc":"\u00dcber Digicomp, ein Partner der ICT Schweiz, kann nun ein Lehrgang als ICT Security Expert mit anerkannten Abschluss absolviert werden.","articlekey":"","footnotes":""},"categories":[27],"tags":[142,426],"class_list":["post-1660","post","type-post","status-publish","format-standard","has-post-thumbnail","hentry","category-it","tag-cyber-crime","tag-security"],"acf":[],"yoast_head":"<!-- This site is optimized with the Yoast SEO plugin v27.5 - https:\/\/yoast.com\/product\/yoast-seo-wordpress\/ -->\n<title>Neues Diplom: ICT Security Expert - Organisator<\/title>\n<meta name=\"description\" content=\"\u00dcber Digicomp, ein Partner der ICT Schweiz, kann nun ein Lehrgang als ICT Security Expert mit anerkannten Abschluss absolviert werden.\" \/>\n<meta name=\"robots\" content=\"index, follow, max-snippet:-1, max-image-preview:large, max-video-preview:-1\" \/>\n<link rel=\"canonical\" href=\"https:\/\/www.m-q.ch\/wp-admin\/post.php?post=1276&action=edit\" \/>\n<meta property=\"og:locale\" content=\"fr_FR\" \/>\n<meta property=\"og:type\" content=\"article\" \/>\n<meta property=\"og:title\" content=\"Neues Diplom: ICT Security Expert - Organisator\" \/>\n<meta property=\"og:description\" content=\"\u00dcber Digicomp, ein Partner der ICT Schweiz, kann nun ein Lehrgang als ICT Security Expert mit anerkannten Abschluss absolviert werden.\" \/>\n<meta property=\"og:url\" content=\"https:\/\/www.m-q.ch\/wp-admin\/post.php?post=1276&amp;action=edit\" \/>\n<meta property=\"og:site_name\" content=\"Organisator\" \/>\n<meta property=\"article:publisher\" content=\"https:\/\/www.facebook.com\/OrganisatorFachmagazin\" \/>\n<meta property=\"article:published_time\" content=\"2017-03-21T09:47:04+00:00\" \/>\n<meta property=\"og:image\" content=\"https:\/\/www.organisator.ch\/wp-content\/uploads\/2017\/03\/ICT-Security-Expert-Digicomp-org-organisator.jpg\" \/>\n\t<meta property=\"og:image:width\" content=\"500\" \/>\n\t<meta property=\"og:image:height\" content=\"340\" \/>\n\t<meta property=\"og:image:type\" content=\"image\/jpeg\" \/>\n<meta name=\"author\" content=\"michael.merz\" \/>\n<meta name=\"twitter:card\" content=\"summary_large_image\" \/>\n<script type=\"application\/ld+json\" class=\"yoast-schema-graph\">{\"@context\":\"https:\\\/\\\/schema.org\",\"@graph\":[{\"@type\":\"Article\",\"@id\":\"https:\\\/\\\/www.m-q.ch\\\/wp-admin\\\/post.php?post=1276&action=edit#article\",\"isPartOf\":{\"@id\":\"https:\\\/\\\/www.organisator.ch\\\/management\\\/it\\\/2017-03-21\\\/1660-2\\\/\"},\"author\":{\"name\":\"michael.merz\",\"@id\":\"https:\\\/\\\/www.organisator.ch\\\/#\\\/schema\\\/person\\\/134708ca9321c57b0362cceb7948ffbd\"},\"headline\":\"Neues Diplom: ICT Security Expert\",\"datePublished\":\"2017-03-21T09:47:04+00:00\",\"mainEntityOfPage\":{\"@id\":\"https:\\\/\\\/www.organisator.ch\\\/management\\\/it\\\/2017-03-21\\\/1660-2\\\/\"},\"wordCount\":265,\"commentCount\":0,\"publisher\":{\"@id\":\"https:\\\/\\\/www.organisator.ch\\\/#organization\"},\"image\":{\"@id\":\"https:\\\/\\\/www.m-q.ch\\\/wp-admin\\\/post.php?post=1276&action=edit#primaryimage\"},\"thumbnailUrl\":\"https:\\\/\\\/www.organisator.ch\\\/wp-content\\\/uploads\\\/2017\\\/03\\\/ICT-Security-Expert-Digicomp-org-organisator.jpg\",\"keywords\":[\"Cyber-Crime\",\"Security\"],\"articleSection\":[\"IT\"],\"inLanguage\":\"fr-FR\"},{\"@type\":\"WebPage\",\"@id\":\"https:\\\/\\\/www.organisator.ch\\\/management\\\/it\\\/2017-03-21\\\/1660-2\\\/\",\"url\":\"https:\\\/\\\/www.m-q.ch\\\/wp-admin\\\/post.php?post=1276&action=edit\",\"name\":\"Neues Diplom: ICT Security Expert - Organisator\",\"isPartOf\":{\"@id\":\"https:\\\/\\\/www.organisator.ch\\\/#website\"},\"primaryImageOfPage\":{\"@id\":\"https:\\\/\\\/www.m-q.ch\\\/wp-admin\\\/post.php?post=1276&action=edit#primaryimage\"},\"image\":{\"@id\":\"https:\\\/\\\/www.m-q.ch\\\/wp-admin\\\/post.php?post=1276&action=edit#primaryimage\"},\"thumbnailUrl\":\"https:\\\/\\\/www.organisator.ch\\\/wp-content\\\/uploads\\\/2017\\\/03\\\/ICT-Security-Expert-Digicomp-org-organisator.jpg\",\"datePublished\":\"2017-03-21T09:47:04+00:00\",\"description\":\"\u00dcber Digicomp, ein Partner der ICT Schweiz, kann nun ein Lehrgang als ICT Security Expert mit anerkannten Abschluss absolviert werden.\",\"breadcrumb\":{\"@id\":\"https:\\\/\\\/www.m-q.ch\\\/wp-admin\\\/post.php?post=1276&action=edit#breadcrumb\"},\"inLanguage\":\"fr-FR\",\"potentialAction\":[{\"@type\":\"ReadAction\",\"target\":[\"https:\\\/\\\/www.m-q.ch\\\/wp-admin\\\/post.php?post=1276&action=edit\"]}]},{\"@type\":\"ImageObject\",\"inLanguage\":\"fr-FR\",\"@id\":\"https:\\\/\\\/www.m-q.ch\\\/wp-admin\\\/post.php?post=1276&action=edit#primaryimage\",\"url\":\"https:\\\/\\\/www.organisator.ch\\\/wp-content\\\/uploads\\\/2017\\\/03\\\/ICT-Security-Expert-Digicomp-org-organisator.jpg\",\"contentUrl\":\"https:\\\/\\\/www.organisator.ch\\\/wp-content\\\/uploads\\\/2017\\\/03\\\/ICT-Security-Expert-Digicomp-org-organisator.jpg\",\"width\":500,\"height\":340,\"caption\":\"So sieht ein Eidgen\u00f6ssisch Diplomierter ICT Security Manager aus. (Bild: Depositphotos)\"},{\"@type\":\"BreadcrumbList\",\"@id\":\"https:\\\/\\\/www.m-q.ch\\\/wp-admin\\\/post.php?post=1276&action=edit#breadcrumb\",\"itemListElement\":[{\"@type\":\"ListItem\",\"position\":1,\"name\":\"Home\",\"item\":\"https:\\\/\\\/www.organisator.ch\\\/\"},{\"@type\":\"ListItem\",\"position\":2,\"name\":\"Neues Diplom: ICT Security Expert\"}]},{\"@type\":\"WebSite\",\"@id\":\"https:\\\/\\\/www.organisator.ch\\\/#website\",\"url\":\"https:\\\/\\\/www.organisator.ch\\\/\",\"name\":\"Organisator\",\"description\":\"Kompetent. Praxisnah. Der ORGANISATOR bereitet in 10 Ausgaben pro Jahr die wesentlichen Themen f\u00fcr F\u00fchrungskr\u00e4fte von KMU auf.\",\"publisher\":{\"@id\":\"https:\\\/\\\/www.organisator.ch\\\/#organization\"},\"potentialAction\":[{\"@type\":\"SearchAction\",\"target\":{\"@type\":\"EntryPoint\",\"urlTemplate\":\"https:\\\/\\\/www.organisator.ch\\\/?s={search_term_string}\"},\"query-input\":{\"@type\":\"PropertyValueSpecification\",\"valueRequired\":true,\"valueName\":\"search_term_string\"}}],\"inLanguage\":\"fr-FR\"},{\"@type\":\"Organization\",\"@id\":\"https:\\\/\\\/www.organisator.ch\\\/#organization\",\"name\":\"Organisator\",\"url\":\"https:\\\/\\\/www.organisator.ch\\\/\",\"logo\":{\"@type\":\"ImageObject\",\"inLanguage\":\"fr-FR\",\"@id\":\"https:\\\/\\\/www.organisator.ch\\\/#\\\/schema\\\/logo\\\/image\\\/\",\"url\":\"https:\\\/\\\/www.organisator.ch\\\/wp-content\\\/uploads\\\/2022\\\/01\\\/Logo_Organisator_Website.png\",\"contentUrl\":\"https:\\\/\\\/www.organisator.ch\\\/wp-content\\\/uploads\\\/2022\\\/01\\\/Logo_Organisator_Website.png\",\"width\":800,\"height\":77,\"caption\":\"Organisator\"},\"image\":{\"@id\":\"https:\\\/\\\/www.organisator.ch\\\/#\\\/schema\\\/logo\\\/image\\\/\"},\"sameAs\":[\"https:\\\/\\\/www.facebook.com\\\/OrganisatorFachmagazin\",\"https:\\\/\\\/www.linkedin.com\\\/showcase\\\/organisator-das-magazin-fr-kmu\",\"https:\\\/\\\/www.xing.com\\\/news\\\/pages\\\/organisator-ch-695\",\"https:\\\/\\\/www.youtube.com\\\/channel\\\/UCGP2Sq0iWaZwT3BdIAQFYpw\"]},{\"@type\":\"Person\",\"@id\":\"https:\\\/\\\/www.organisator.ch\\\/#\\\/schema\\\/person\\\/134708ca9321c57b0362cceb7948ffbd\",\"name\":\"michael.merz\",\"image\":{\"@type\":\"ImageObject\",\"inLanguage\":\"fr-FR\",\"@id\":\"https:\\\/\\\/secure.gravatar.com\\\/avatar\\\/?s=96&d=mm&r=g\",\"url\":\"https:\\\/\\\/secure.gravatar.com\\\/avatar\\\/?s=96&d=mm&r=g\",\"contentUrl\":\"https:\\\/\\\/secure.gravatar.com\\\/avatar\\\/?s=96&d=mm&r=g\",\"caption\":\"michael.merz\"},\"url\":\"https:\\\/\\\/www.organisator.ch\\\/fr\\\/author\\\/michael-merz\\\/\"}]}<\/script>\n<!-- \/ Yoast SEO plugin. -->","yoast_head_json":{"title":"Nouveau dipl\u00f4me : Expert en s\u00e9curit\u00e9 des TIC - Organisateur","description":"Par l'interm\u00e9diaire de Digicomp, un partenaire d'ICT Suisse, il est d\u00e9sormais possible de suivre une formation d'expert en s\u00e9curit\u00e9 des TIC avec un dipl\u00f4me reconnu.","robots":{"index":"index","follow":"follow","max-snippet":"max-snippet:-1","max-image-preview":"max-image-preview:large","max-video-preview":"max-video-preview:-1"},"canonical":"https:\/\/www.m-q.ch\/wp-admin\/post.php?post=1276&action=edit","og_locale":"fr_FR","og_type":"article","og_title":"Neues Diplom: ICT Security Expert - Organisator","og_description":"\u00dcber Digicomp, ein Partner der ICT Schweiz, kann nun ein Lehrgang als ICT Security Expert mit anerkannten Abschluss absolviert werden.","og_url":"https:\/\/www.m-q.ch\/wp-admin\/post.php?post=1276&action=edit","og_site_name":"Organisator","article_publisher":"https:\/\/www.facebook.com\/OrganisatorFachmagazin","article_published_time":"2017-03-21T09:47:04+00:00","og_image":[{"width":500,"height":340,"url":"https:\/\/www.organisator.ch\/wp-content\/uploads\/2017\/03\/ICT-Security-Expert-Digicomp-org-organisator.jpg","type":"image\/jpeg"}],"author":"michael.merz","twitter_card":"summary_large_image","schema":{"@context":"https:\/\/schema.org","@graph":[{"@type":"Article","@id":"https:\/\/www.m-q.ch\/wp-admin\/post.php?post=1276&action=edit#article","isPartOf":{"@id":"https:\/\/www.organisator.ch\/management\/it\/2017-03-21\/1660-2\/"},"author":{"name":"michael.merz","@id":"https:\/\/www.organisator.ch\/#\/schema\/person\/134708ca9321c57b0362cceb7948ffbd"},"headline":"Neues Diplom: ICT Security Expert","datePublished":"2017-03-21T09:47:04+00:00","mainEntityOfPage":{"@id":"https:\/\/www.organisator.ch\/management\/it\/2017-03-21\/1660-2\/"},"wordCount":265,"commentCount":0,"publisher":{"@id":"https:\/\/www.organisator.ch\/#organization"},"image":{"@id":"https:\/\/www.m-q.ch\/wp-admin\/post.php?post=1276&action=edit#primaryimage"},"thumbnailUrl":"https:\/\/www.organisator.ch\/wp-content\/uploads\/2017\/03\/ICT-Security-Expert-Digicomp-org-organisator.jpg","keywords":["Cyber-Crime","Security"],"articleSection":["IT"],"inLanguage":"fr-FR"},{"@type":"WebPage","@id":"https:\/\/www.organisator.ch\/management\/it\/2017-03-21\/1660-2\/","url":"https:\/\/www.m-q.ch\/wp-admin\/post.php?post=1276&action=edit","name":"Nouveau dipl\u00f4me : Expert en s\u00e9curit\u00e9 des TIC - Organisateur","isPartOf":{"@id":"https:\/\/www.organisator.ch\/#website"},"primaryImageOfPage":{"@id":"https:\/\/www.m-q.ch\/wp-admin\/post.php?post=1276&action=edit#primaryimage"},"image":{"@id":"https:\/\/www.m-q.ch\/wp-admin\/post.php?post=1276&action=edit#primaryimage"},"thumbnailUrl":"https:\/\/www.organisator.ch\/wp-content\/uploads\/2017\/03\/ICT-Security-Expert-Digicomp-org-organisator.jpg","datePublished":"2017-03-21T09:47:04+00:00","description":"Par l'interm\u00e9diaire de Digicomp, un partenaire d'ICT Suisse, il est d\u00e9sormais possible de suivre une formation d'expert en s\u00e9curit\u00e9 des TIC avec un dipl\u00f4me reconnu.","breadcrumb":{"@id":"https:\/\/www.m-q.ch\/wp-admin\/post.php?post=1276&action=edit#breadcrumb"},"inLanguage":"fr-FR","potentialAction":[{"@type":"ReadAction","target":["https:\/\/www.m-q.ch\/wp-admin\/post.php?post=1276&action=edit"]}]},{"@type":"ImageObject","inLanguage":"fr-FR","@id":"https:\/\/www.m-q.ch\/wp-admin\/post.php?post=1276&action=edit#primaryimage","url":"https:\/\/www.organisator.ch\/wp-content\/uploads\/2017\/03\/ICT-Security-Expert-Digicomp-org-organisator.jpg","contentUrl":"https:\/\/www.organisator.ch\/wp-content\/uploads\/2017\/03\/ICT-Security-Expert-Digicomp-org-organisator.jpg","width":500,"height":340,"caption":"So sieht ein Eidgen\u00f6ssisch Diplomierter ICT Security Manager aus. (Bild: Depositphotos)"},{"@type":"BreadcrumbList","@id":"https:\/\/www.m-q.ch\/wp-admin\/post.php?post=1276&action=edit#breadcrumb","itemListElement":[{"@type":"ListItem","position":1,"name":"Home","item":"https:\/\/www.organisator.ch\/"},{"@type":"ListItem","position":2,"name":"Neues Diplom: ICT Security Expert"}]},{"@type":"WebSite","@id":"https:\/\/www.organisator.ch\/#website","url":"https:\/\/www.organisator.ch\/","name":"Organisateur","description":"Comp\u00e9tence et comp\u00e9tence. Proches de la pratique. L'ORGANISATEUR pr\u00e9pare 10 num\u00e9ros par an sur les th\u00e8mes essentiels pour les dirigeants de PME.","publisher":{"@id":"https:\/\/www.organisator.ch\/#organization"},"potentialAction":[{"@type":"SearchAction","target":{"@type":"EntryPoint","urlTemplate":"https:\/\/www.organisator.ch\/?s={search_term_string}"},"query-input":{"@type":"PropertyValueSpecification","valueRequired":true,"valueName":"search_term_string"}}],"inLanguage":"fr-FR"},{"@type":"Organization","@id":"https:\/\/www.organisator.ch\/#organization","name":"Organisateur","url":"https:\/\/www.organisator.ch\/","logo":{"@type":"ImageObject","inLanguage":"fr-FR","@id":"https:\/\/www.organisator.ch\/#\/schema\/logo\/image\/","url":"https:\/\/www.organisator.ch\/wp-content\/uploads\/2022\/01\/Logo_Organisator_Website.png","contentUrl":"https:\/\/www.organisator.ch\/wp-content\/uploads\/2022\/01\/Logo_Organisator_Website.png","width":800,"height":77,"caption":"Organisator"},"image":{"@id":"https:\/\/www.organisator.ch\/#\/schema\/logo\/image\/"},"sameAs":["https:\/\/www.facebook.com\/OrganisatorFachmagazin","https:\/\/www.linkedin.com\/showcase\/organisator-das-magazin-fr-kmu","https:\/\/www.xing.com\/news\/pages\/organisator-ch-695","https:\/\/www.youtube.com\/channel\/UCGP2Sq0iWaZwT3BdIAQFYpw"]},{"@type":"Person","@id":"https:\/\/www.organisator.ch\/#\/schema\/person\/134708ca9321c57b0362cceb7948ffbd","name":"michael.merz","image":{"@type":"ImageObject","inLanguage":"fr-FR","@id":"https:\/\/secure.gravatar.com\/avatar\/?s=96&d=mm&r=g","url":"https:\/\/secure.gravatar.com\/avatar\/?s=96&d=mm&r=g","contentUrl":"https:\/\/secure.gravatar.com\/avatar\/?s=96&d=mm&r=g","caption":"michael.merz"},"url":"https:\/\/www.organisator.ch\/fr\/author\/michael-merz\/"}]}},"_links":{"self":[{"href":"https:\/\/www.organisator.ch\/fr\/wp-json\/wp\/v2\/posts\/1660","targetHints":{"allow":["GET"]}}],"collection":[{"href":"https:\/\/www.organisator.ch\/fr\/wp-json\/wp\/v2\/posts"}],"about":[{"href":"https:\/\/www.organisator.ch\/fr\/wp-json\/wp\/v2\/types\/post"}],"author":[{"embeddable":true,"href":"https:\/\/www.organisator.ch\/fr\/wp-json\/wp\/v2\/users\/5"}],"replies":[{"embeddable":true,"href":"https:\/\/www.organisator.ch\/fr\/wp-json\/wp\/v2\/comments?post=1660"}],"version-history":[{"count":0,"href":"https:\/\/www.organisator.ch\/fr\/wp-json\/wp\/v2\/posts\/1660\/revisions"}],"wp:featuredmedia":[{"embeddable":true,"href":"https:\/\/www.organisator.ch\/fr\/wp-json\/wp\/v2\/media\/1661"}],"wp:attachment":[{"href":"https:\/\/www.organisator.ch\/fr\/wp-json\/wp\/v2\/media?parent=1660"}],"wp:term":[{"taxonomy":"category","embeddable":true,"href":"https:\/\/www.organisator.ch\/fr\/wp-json\/wp\/v2\/categories?post=1660"},{"taxonomy":"post_tag","embeddable":true,"href":"https:\/\/www.organisator.ch\/fr\/wp-json\/wp\/v2\/tags?post=1660"}],"curies":[{"name":"wp","href":"https:\/\/api.w.org\/{rel}","templated":true}]}}