{"id":16605,"date":"2022-08-18T14:55:31","date_gmt":"2022-08-18T12:55:31","guid":{"rendered":"https:\/\/www.organisator.ch\/?p=16605"},"modified":"2022-08-18T14:55:31","modified_gmt":"2022-08-18T12:55:31","slug":"ukraine-refugies-plus-de-securite-de-planification-demandee","status":"publish","type":"post","link":"https:\/\/www.organisator.ch\/fr\/human-resources\/2022-08-18\/ukraine-fluechtlinge-mehr-planungssicherheit-gefordert\/","title":{"rendered":"R\u00e9fugi\u00e9s ukrainiens : une planification plus s\u00fbre est n\u00e9cessaire"},"content":{"rendered":"<figure id=\"attachment_16608\" aria-describedby=\"caption-attachment-16608\" style=\"width: 680px\" class=\"wp-caption alignnone\"><img loading=\"lazy\" decoding=\"async\" class=\"size-full wp-image-16608\" src=\"https:\/\/www.organisator.ch\/wp-content\/uploads\/2022\/08\/Ukraine-Fluchtlinge-Mehr-Planungssicherheit-gefordert_Organisator.jpg\" alt=\"\" width=\"680\" height=\"455\" srcset=\"https:\/\/www.organisator.ch\/wp-content\/uploads\/2022\/08\/Ukraine-Fluchtlinge-Mehr-Planungssicherheit-gefordert_Organisator.jpg 680w, https:\/\/www.organisator.ch\/wp-content\/uploads\/2022\/08\/Ukraine-Fluchtlinge-Mehr-Planungssicherheit-gefordert_Organisator-18x12.jpg 18w, https:\/\/www.organisator.ch\/wp-content\/uploads\/2022\/08\/Ukraine-Fluchtlinge-Mehr-Planungssicherheit-gefordert_Organisator-262x175.jpg 262w, https:\/\/www.organisator.ch\/wp-content\/uploads\/2022\/08\/Ukraine-Fluchtlinge-Mehr-Planungssicherheit-gefordert_Organisator-523x350.jpg 523w, https:\/\/www.organisator.ch\/wp-content\/uploads\/2022\/08\/Ukraine-Fluchtlinge-Mehr-Planungssicherheit-gefordert_Organisator-300x201.jpg 300w\" sizes=\"auto, (max-width: 680px) 100vw, 680px\" \/><figcaption id=\"caption-attachment-16608\" class=\"wp-caption-text\">R\u00e9fugi\u00e9s d'Ukraine : une entreprise suisse sur dix offre sa main pour l'emploi. (Image : Unsplash.com)<\/figcaption><\/figure>\n<p>Peu apr\u00e8s le d\u00e9but des conflits arm\u00e9s en Ukraine, le Conseil f\u00e9d\u00e9ral a d\u00e9cid\u00e9 d'accorder le statut de protection S aux personnes ayant fui le pays. Cette d\u00e9cision a \u00e9t\u00e9 largement soutenue par les milieux \u00e9conomiques, y compris par l'Union patronale suisse (UPS). Entre-temps, quelque 60'000 r\u00e9fugi\u00e9s ukrainiens ont \u00e9t\u00e9 enregistr\u00e9s. Un peu plus de la moiti\u00e9 d'entre eux, environ 33 000, sont en \u00e2ge de travailler. Selon le Secr\u00e9tariat d'Etat aux migrations, environ 10 pour cent des personnes en \u00e2ge de travailler exercent d\u00e9sormais une activit\u00e9 professionnelle. Lors d'une conf\u00e9rence de presse du 18 ao\u00fbt 2022, l'Union patronale suisse s'est f\u00e9licit\u00e9e de la contribution importante des entreprises \u00e0 l'int\u00e9gration des personnes originaires d'Ukraine en Suisse. L'activit\u00e9 professionnelle permet de structurer le quotidien, d'\u00eatre ind\u00e9pendant financi\u00e8rement et de participer \u00e0 la vie sociale pendant le s\u00e9jour en Suisse. Afin d'en savoir plus sur l'int\u00e9r\u00eat, mais aussi sur les d\u00e9fis et les besoins des entreprises suisses en mati\u00e8re d'embauche de personnes ayant fui l'Ukraine, l'UPS a charg\u00e9 l'institut de recherche Sotomo de r\u00e9aliser une enqu\u00eate repr\u00e9sentative aupr\u00e8s des entreprises.<\/p>\n<h3>Plus de la moiti\u00e9 des entreprises veulent embaucher des r\u00e9fugi\u00e9s ukrainiens<\/h3>\n<p>L'enqu\u00eate montre que 56% des entreprises sont en principe int\u00e9ress\u00e9es par un engagement et que pr\u00e8s d'une entreprise sur dix a d\u00e9j\u00e0 embauch\u00e9 des personnes b\u00e9n\u00e9ficiant du statut de protection S. Les entreprises qui ont engag\u00e9 des r\u00e9fugi\u00e9s ukrainiens sont satisfaites de leurs prestations. Selon l'enqu\u00eate, en engageant des personnes originaires d'Ukraine, les entreprises manifestent leur intention de fournir une contribution solidaire. La qualit\u00e9 de la main-d'\u0153uvre ukrainienne et sa grande motivation sont \u00e9galement cit\u00e9es comme des facteurs importants.<\/p>\n<p>Parall\u00e8lement, il existe des facteurs qui rendent l'embauche plus difficile. Les connaissances linguistiques insuffisantes sont souvent cit\u00e9es, en particulier dans les entreprises de la restauration, de la sant\u00e9 et du social, o\u00f9 elles constituent un motif important de non-embauche. Ce sont \u00e9galement les branches qui reconnaissent le plus de potentiel dans l'embauche de r\u00e9fugi\u00e9s ukrainiens. 62% des entreprises demandent \u00e9galement un engagement plus important et des efforts accrus de la part de la Conf\u00e9d\u00e9ration et des cantons en ce qui concerne les offres de cours de langue.<\/p>\n<h3>Prolongation du droit de s\u00e9jour souhait\u00e9e<\/h3>\n<p>Le droit de s\u00e9jour des personnes b\u00e9n\u00e9ficiant du statut de protection S est actuellement limit\u00e9 \u00e0 un an - le permis de s\u00e9jour des premi\u00e8res personnes expire donc d\u00e9j\u00e0 dans environ six mois. Ce manque de clart\u00e9 quant \u00e0 la proc\u00e9dure \u00e0 suivre pour le statut de protection S inqui\u00e8te de nombreuses entreprises. Ainsi, 81% des entreprises interrog\u00e9es qui ont d\u00e9j\u00e0 proc\u00e9d\u00e9 \u00e0 des engagements seraient favorables \u00e0 une prolongation du droit de s\u00e9jour pour la dur\u00e9e de l'engagement. Lors de la conf\u00e9rence de presse, le pr\u00e9sident de la FSA Valentin Vogt a soulign\u00e9 l'importance de la s\u00e9curit\u00e9 de la planification : \"Une perspective concernant le s\u00e9jour des r\u00e9fugi\u00e9s ukrainiens en Suisse inciterait les entreprises \u00e0 poursuivre, voire \u00e0 intensifier leur int\u00e9gration par le biais de stages et de places d'apprentissage\".<\/p>\n<p>Les personnes interrog\u00e9es indiquent toutefois aussi en partie qu'elles manquent actuellement tout simplement de candidatures de personnes originaires d'Ukraine. Elles demandent donc que les ORP jouent un r\u00f4le plus actif dans l'enregistrement et le placement des personnes b\u00e9n\u00e9ficiant du statut de protection S. Judith Bellaiche, directrice de Swico, a \u00e9galement pu t\u00e9moigner des difficult\u00e9s de recrutement dans le secteur des TIC. Selon elle, il est extr\u00eamement difficile pour les entreprises d'acc\u00e9der directement aux r\u00e9fugi\u00e9s, une situation rendue encore plus difficile par des responsabilit\u00e9s d\u00e9centralis\u00e9es et \u00e0 petite \u00e9chelle. Certains r\u00e9fugi\u00e9s n'ont pas non plus une connaissance suffisante du march\u00e9 du travail suisse, ce qui les emp\u00eache de se positionner sur le march\u00e9. \"Un soutien de la part des offices r\u00e9gionaux de placement (ORP) serait ici le bienvenu. Gr\u00e2ce \u00e0 leurs structures et \u00e0 leurs connaissances du march\u00e9 du travail, ils pourraient offrir leur aide dans la recherche d'un emploi\", explique Bellaiche.<\/p>\n<h3>P\u00e9nurie de main-d'\u0153uvre : une goutte d'eau dans l'oc\u00e9an<\/h3>\n<p>Et les r\u00e9fugi\u00e9s ukrainiens parviennent-ils \u00e0 att\u00e9nuer quelque peu la p\u00e9nurie de main-d'\u0153uvre qualifi\u00e9e ? Il semble que l'immigration de r\u00e9fugi\u00e9s d'Ukraine ne repr\u00e9sente qu'une goutte d'eau dans l'oc\u00e9an. Selon une bonne entreprise interrog\u00e9e sur deux, les personnes originaires d'Ukraine b\u00e9n\u00e9ficiant du statut de protection S peuvent toutefois rem\u00e9dier, au moins partiellement, \u00e0 la p\u00e9nurie de main-d'\u0153uvre. Les entreprises qui ont eu besoin de main-d'\u0153uvre depuis mars de cette ann\u00e9e ou qui en ont encore besoin voient plus souvent dans les personnes b\u00e9n\u00e9ficiant du statut de protection S une possibilit\u00e9 d'att\u00e9nuer la p\u00e9nurie actuelle de main-d'\u0153uvre dans leur branche respective. En revanche, les entreprises de l'industrie voient un peu moins de potentiel pour lutter contre la p\u00e9nurie de main-d'\u0153uvre que, par exemple, dans le secteur de l'h\u00f4tellerie et de la sant\u00e9.<\/p>\n<p><em>Source : <a href=\"http:\/\/www.arbeitgeber.ch\">Union patronale suisse<\/a><\/em><\/p>","protected":false},"excerpt":{"rendered":"<p>Kurz nach dem Beginn der kriegerischen Auseinandersetzungen in der Ukraine hat der Bundesrat entschieden, den Gefl\u00fcchteten den Schutzstatus S zu gew\u00e4hren. Dieser Entscheid fand breite Unterst\u00fctzung in der Wirtschaft, auch vom Schweizerischen Arbeitgeberverband (SAV). Inzwischen sind rund 60&#8217;000 Ukraine-Fl\u00fcchtlinge registriert. Etwas mehr als die H\u00e4lfte, etwa 33&#8217;000, befinden sich im erwerbsf\u00e4higen Alter. Gem\u00e4ss Staatssekretariat f\u00fcr [&hellip;]<\/p>\n","protected":false},"author":4,"featured_media":16608,"comment_status":"closed","ping_status":"closed","sticky":false,"template":"","format":"standard","meta":{"_acf_changed":false,"_yoast_wpseo_focuskw":"Ukraine-Fl\u00fcchtlinge","_yoast_wpseo_metadesc":"Eine Studie zeigt, dass bereits jedes zehnte Unternehmen in der Schweiz Ukraine-Fl\u00fcchtlinge angestellt hat und mit ihnen zufrieden ist.","articlekey":"","footnotes":""},"categories":[579],"tags":[254,459,2744,503],"class_list":["post-16605","post","type-post","status-publish","format-standard","has-post-thumbnail","hentry","category-human-resources","tag-hrm","tag-studie","tag-ukraine","tag-verbaende"],"acf":[],"yoast_head":"<!-- This site is optimized with the Yoast SEO plugin v27.4 - https:\/\/yoast.com\/product\/yoast-seo-wordpress\/ -->\n<title>Ukraine-Fl\u00fcchtlinge: Mehr Planungssicherheit gefordert - Organisator<\/title>\n<meta name=\"description\" content=\"Eine Studie zeigt, dass bereits jedes zehnte Unternehmen in der Schweiz Ukraine-Fl\u00fcchtlinge angestellt hat und mit ihnen zufrieden ist.\" \/>\n<meta name=\"robots\" content=\"index, follow, max-snippet:-1, max-image-preview:large, max-video-preview:-1\" \/>\n<link rel=\"canonical\" href=\"https:\/\/www.organisator.ch\/fr\/ressources-humaines\/2022-08-18\/ukraine-refugies-plus-de-securite-de-planification-demandee\/\" \/>\n<meta property=\"og:locale\" content=\"fr_FR\" \/>\n<meta property=\"og:type\" content=\"article\" \/>\n<meta property=\"og:title\" content=\"Ukraine-Fl\u00fcchtlinge: Mehr Planungssicherheit gefordert\" \/>\n<meta property=\"og:description\" content=\"Eine Studie zeigt, dass bereits jedes zehnte Unternehmen in der Schweiz Ukraine-Fl\u00fcchtlinge angestellt hat und mit ihnen zufrieden ist.\" \/>\n<meta property=\"og:url\" content=\"https:\/\/www.organisator.ch\/fr\/ressources-humaines\/2022-08-18\/ukraine-refugies-plus-de-securite-de-planification-demandee\/\" \/>\n<meta property=\"og:site_name\" content=\"Organisator\" \/>\n<meta property=\"article:publisher\" content=\"https:\/\/www.facebook.com\/OrganisatorFachmagazin\" \/>\n<meta property=\"article:published_time\" content=\"2022-08-18T12:55:31+00:00\" \/>\n<meta property=\"og:image\" content=\"https:\/\/www.organisator.ch\/wp-content\/uploads\/2022\/08\/Ukraine-Fluchtlinge-Mehr-Planungssicherheit-gefordert_Organisator.jpg\" \/>\n\t<meta property=\"og:image:width\" content=\"680\" \/>\n\t<meta property=\"og:image:height\" content=\"455\" \/>\n\t<meta property=\"og:image:type\" content=\"image\/jpeg\" \/>\n<meta name=\"author\" content=\"thomas.berner\" \/>\n<meta name=\"twitter:card\" content=\"summary_large_image\" \/>\n<meta name=\"twitter:title\" content=\"#Ukraine-Fl\u00fcchtlinge: Mehr #Planungssicherheit gefordert\" \/>\n<meta name=\"twitter:description\" content=\"Eine Studie zeigt, dass bereits jedes zehnte #Unternehmen in der Schweiz #Ukraine-Fl\u00fcchtlinge angestellt hat und mit ihnen zufrieden ist.\" \/>\n<meta name=\"twitter:image\" content=\"https:\/\/www.organisator.ch\/wp-content\/uploads\/2022\/08\/Ukraine-Fluchtlinge-Mehr-Planungssicherheit-gefordert_Organisator.jpg\" \/>\n<script type=\"application\/ld+json\" class=\"yoast-schema-graph\">{\"@context\":\"https:\\\/\\\/schema.org\",\"@graph\":[{\"@type\":\"Article\",\"@id\":\"https:\\\/\\\/www.organisator.ch\\\/human-resources\\\/2022-08-18\\\/ukraine-fluechtlinge-mehr-planungssicherheit-gefordert\\\/#article\",\"isPartOf\":{\"@id\":\"https:\\\/\\\/www.organisator.ch\\\/human-resources\\\/2022-08-18\\\/ukraine-fluechtlinge-mehr-planungssicherheit-gefordert\\\/\"},\"author\":{\"name\":\"thomas.berner\",\"@id\":\"https:\\\/\\\/www.organisator.ch\\\/#\\\/schema\\\/person\\\/6f650f90b2842cd4c0cc334b4e36f67e\"},\"headline\":\"Ukraine-Fl\u00fcchtlinge: Mehr Planungssicherheit gefordert\",\"datePublished\":\"2022-08-18T12:55:31+00:00\",\"mainEntityOfPage\":{\"@id\":\"https:\\\/\\\/www.organisator.ch\\\/human-resources\\\/2022-08-18\\\/ukraine-fluechtlinge-mehr-planungssicherheit-gefordert\\\/\"},\"wordCount\":737,\"publisher\":{\"@id\":\"https:\\\/\\\/www.organisator.ch\\\/#organization\"},\"image\":{\"@id\":\"https:\\\/\\\/www.organisator.ch\\\/human-resources\\\/2022-08-18\\\/ukraine-fluechtlinge-mehr-planungssicherheit-gefordert\\\/#primaryimage\"},\"thumbnailUrl\":\"https:\\\/\\\/www.organisator.ch\\\/wp-content\\\/uploads\\\/2022\\\/08\\\/Ukraine-Fluchtlinge-Mehr-Planungssicherheit-gefordert_Organisator.jpg\",\"keywords\":[\"HRM\",\"Studie\",\"Ukraine\",\"Verb\u00e4nde\"],\"articleSection\":[\"HUMAN RESOURCES\"],\"inLanguage\":\"fr-FR\"},{\"@type\":\"WebPage\",\"@id\":\"https:\\\/\\\/www.organisator.ch\\\/human-resources\\\/2022-08-18\\\/ukraine-fluechtlinge-mehr-planungssicherheit-gefordert\\\/\",\"url\":\"https:\\\/\\\/www.organisator.ch\\\/human-resources\\\/2022-08-18\\\/ukraine-fluechtlinge-mehr-planungssicherheit-gefordert\\\/\",\"name\":\"Ukraine-Fl\u00fcchtlinge: Mehr Planungssicherheit gefordert - Organisator\",\"isPartOf\":{\"@id\":\"https:\\\/\\\/www.organisator.ch\\\/#website\"},\"primaryImageOfPage\":{\"@id\":\"https:\\\/\\\/www.organisator.ch\\\/human-resources\\\/2022-08-18\\\/ukraine-fluechtlinge-mehr-planungssicherheit-gefordert\\\/#primaryimage\"},\"image\":{\"@id\":\"https:\\\/\\\/www.organisator.ch\\\/human-resources\\\/2022-08-18\\\/ukraine-fluechtlinge-mehr-planungssicherheit-gefordert\\\/#primaryimage\"},\"thumbnailUrl\":\"https:\\\/\\\/www.organisator.ch\\\/wp-content\\\/uploads\\\/2022\\\/08\\\/Ukraine-Fluchtlinge-Mehr-Planungssicherheit-gefordert_Organisator.jpg\",\"datePublished\":\"2022-08-18T12:55:31+00:00\",\"description\":\"Eine Studie zeigt, dass bereits jedes zehnte Unternehmen in der Schweiz Ukraine-Fl\u00fcchtlinge angestellt hat und mit ihnen zufrieden ist.\",\"breadcrumb\":{\"@id\":\"https:\\\/\\\/www.organisator.ch\\\/human-resources\\\/2022-08-18\\\/ukraine-fluechtlinge-mehr-planungssicherheit-gefordert\\\/#breadcrumb\"},\"inLanguage\":\"fr-FR\",\"potentialAction\":[{\"@type\":\"ReadAction\",\"target\":[\"https:\\\/\\\/www.organisator.ch\\\/human-resources\\\/2022-08-18\\\/ukraine-fluechtlinge-mehr-planungssicherheit-gefordert\\\/\"]}]},{\"@type\":\"ImageObject\",\"inLanguage\":\"fr-FR\",\"@id\":\"https:\\\/\\\/www.organisator.ch\\\/human-resources\\\/2022-08-18\\\/ukraine-fluechtlinge-mehr-planungssicherheit-gefordert\\\/#primaryimage\",\"url\":\"https:\\\/\\\/www.organisator.ch\\\/wp-content\\\/uploads\\\/2022\\\/08\\\/Ukraine-Fluchtlinge-Mehr-Planungssicherheit-gefordert_Organisator.jpg\",\"contentUrl\":\"https:\\\/\\\/www.organisator.ch\\\/wp-content\\\/uploads\\\/2022\\\/08\\\/Ukraine-Fluchtlinge-Mehr-Planungssicherheit-gefordert_Organisator.jpg\",\"width\":680,\"height\":455,\"caption\":\"Ukraine-Fl\u00fcchtlinge: Jedes zehnte Schweizer Unternehmen bietet Hand f\u00fcr Besch\u00e4ftigung. (Bild: Unsplash.com)\"},{\"@type\":\"BreadcrumbList\",\"@id\":\"https:\\\/\\\/www.organisator.ch\\\/human-resources\\\/2022-08-18\\\/ukraine-fluechtlinge-mehr-planungssicherheit-gefordert\\\/#breadcrumb\",\"itemListElement\":[{\"@type\":\"ListItem\",\"position\":1,\"name\":\"Home\",\"item\":\"https:\\\/\\\/www.organisator.ch\\\/\"},{\"@type\":\"ListItem\",\"position\":2,\"name\":\"Ukraine-Fl\u00fcchtlinge: Mehr Planungssicherheit gefordert\"}]},{\"@type\":\"WebSite\",\"@id\":\"https:\\\/\\\/www.organisator.ch\\\/#website\",\"url\":\"https:\\\/\\\/www.organisator.ch\\\/\",\"name\":\"Organisator\",\"description\":\"Kompetent. Praxisnah. Der ORGANISATOR bereitet in 10 Ausgaben pro Jahr die wesentlichen Themen f\u00fcr F\u00fchrungskr\u00e4fte von KMU auf.\",\"publisher\":{\"@id\":\"https:\\\/\\\/www.organisator.ch\\\/#organization\"},\"potentialAction\":[{\"@type\":\"SearchAction\",\"target\":{\"@type\":\"EntryPoint\",\"urlTemplate\":\"https:\\\/\\\/www.organisator.ch\\\/?s={search_term_string}\"},\"query-input\":{\"@type\":\"PropertyValueSpecification\",\"valueRequired\":true,\"valueName\":\"search_term_string\"}}],\"inLanguage\":\"fr-FR\"},{\"@type\":\"Organization\",\"@id\":\"https:\\\/\\\/www.organisator.ch\\\/#organization\",\"name\":\"Organisator\",\"url\":\"https:\\\/\\\/www.organisator.ch\\\/\",\"logo\":{\"@type\":\"ImageObject\",\"inLanguage\":\"fr-FR\",\"@id\":\"https:\\\/\\\/www.organisator.ch\\\/#\\\/schema\\\/logo\\\/image\\\/\",\"url\":\"https:\\\/\\\/www.organisator.ch\\\/wp-content\\\/uploads\\\/2022\\\/01\\\/Logo_Organisator_Website.png\",\"contentUrl\":\"https:\\\/\\\/www.organisator.ch\\\/wp-content\\\/uploads\\\/2022\\\/01\\\/Logo_Organisator_Website.png\",\"width\":800,\"height\":77,\"caption\":\"Organisator\"},\"image\":{\"@id\":\"https:\\\/\\\/www.organisator.ch\\\/#\\\/schema\\\/logo\\\/image\\\/\"},\"sameAs\":[\"https:\\\/\\\/www.facebook.com\\\/OrganisatorFachmagazin\",\"https:\\\/\\\/www.linkedin.com\\\/showcase\\\/organisator-das-magazin-fr-kmu\",\"https:\\\/\\\/www.xing.com\\\/news\\\/pages\\\/organisator-ch-695\",\"https:\\\/\\\/www.youtube.com\\\/channel\\\/UCGP2Sq0iWaZwT3BdIAQFYpw\"]},{\"@type\":\"Person\",\"@id\":\"https:\\\/\\\/www.organisator.ch\\\/#\\\/schema\\\/person\\\/6f650f90b2842cd4c0cc334b4e36f67e\",\"name\":\"thomas.berner\",\"image\":{\"@type\":\"ImageObject\",\"inLanguage\":\"fr-FR\",\"@id\":\"https:\\\/\\\/secure.gravatar.com\\\/avatar\\\/ac5001d2a36cb6c6cd3e50789007ffca834b477b74a2144564522e944eabff61?s=96&d=mm&r=g\",\"url\":\"https:\\\/\\\/secure.gravatar.com\\\/avatar\\\/ac5001d2a36cb6c6cd3e50789007ffca834b477b74a2144564522e944eabff61?s=96&d=mm&r=g\",\"contentUrl\":\"https:\\\/\\\/secure.gravatar.com\\\/avatar\\\/ac5001d2a36cb6c6cd3e50789007ffca834b477b74a2144564522e944eabff61?s=96&d=mm&r=g\",\"caption\":\"thomas.berner\"},\"url\":\"https:\\\/\\\/www.organisator.ch\\\/fr\\\/author\\\/thomas-berner\\\/\"}]}<\/script>\n<!-- \/ Yoast SEO plugin. -->","yoast_head_json":{"title":"R\u00e9fugi\u00e9s ukrainiens : il faut plus de s\u00e9curit\u00e9 dans la planification - Organisateur","description":"Une \u00e9tude montre qu'une entreprise sur dix en Suisse a d\u00e9j\u00e0 engag\u00e9 des r\u00e9fugi\u00e9s ukrainiens et qu'elle en est satisfaite.","robots":{"index":"index","follow":"follow","max-snippet":"max-snippet:-1","max-image-preview":"max-image-preview:large","max-video-preview":"max-video-preview:-1"},"canonical":"https:\/\/www.organisator.ch\/fr\/ressources-humaines\/2022-08-18\/ukraine-refugies-plus-de-securite-de-planification-demandee\/","og_locale":"fr_FR","og_type":"article","og_title":"Ukraine-Fl\u00fcchtlinge: Mehr Planungssicherheit gefordert","og_description":"Eine Studie zeigt, dass bereits jedes zehnte Unternehmen in der Schweiz Ukraine-Fl\u00fcchtlinge angestellt hat und mit ihnen zufrieden ist.","og_url":"https:\/\/www.organisator.ch\/fr\/ressources-humaines\/2022-08-18\/ukraine-refugies-plus-de-securite-de-planification-demandee\/","og_site_name":"Organisator","article_publisher":"https:\/\/www.facebook.com\/OrganisatorFachmagazin","article_published_time":"2022-08-18T12:55:31+00:00","og_image":[{"width":680,"height":455,"url":"https:\/\/www.organisator.ch\/wp-content\/uploads\/2022\/08\/Ukraine-Fluchtlinge-Mehr-Planungssicherheit-gefordert_Organisator.jpg","type":"image\/jpeg"}],"author":"thomas.berner","twitter_card":"summary_large_image","twitter_title":"#Ukraine-Fl\u00fcchtlinge: Mehr #Planungssicherheit gefordert","twitter_description":"Eine Studie zeigt, dass bereits jedes zehnte #Unternehmen in der Schweiz #Ukraine-Fl\u00fcchtlinge angestellt hat und mit ihnen zufrieden ist.","twitter_image":"https:\/\/www.organisator.ch\/wp-content\/uploads\/2022\/08\/Ukraine-Fluchtlinge-Mehr-Planungssicherheit-gefordert_Organisator.jpg","schema":{"@context":"https:\/\/schema.org","@graph":[{"@type":"Article","@id":"https:\/\/www.organisator.ch\/human-resources\/2022-08-18\/ukraine-fluechtlinge-mehr-planungssicherheit-gefordert\/#article","isPartOf":{"@id":"https:\/\/www.organisator.ch\/human-resources\/2022-08-18\/ukraine-fluechtlinge-mehr-planungssicherheit-gefordert\/"},"author":{"name":"thomas.berner","@id":"https:\/\/www.organisator.ch\/#\/schema\/person\/6f650f90b2842cd4c0cc334b4e36f67e"},"headline":"Ukraine-Fl\u00fcchtlinge: Mehr Planungssicherheit gefordert","datePublished":"2022-08-18T12:55:31+00:00","mainEntityOfPage":{"@id":"https:\/\/www.organisator.ch\/human-resources\/2022-08-18\/ukraine-fluechtlinge-mehr-planungssicherheit-gefordert\/"},"wordCount":737,"publisher":{"@id":"https:\/\/www.organisator.ch\/#organization"},"image":{"@id":"https:\/\/www.organisator.ch\/human-resources\/2022-08-18\/ukraine-fluechtlinge-mehr-planungssicherheit-gefordert\/#primaryimage"},"thumbnailUrl":"https:\/\/www.organisator.ch\/wp-content\/uploads\/2022\/08\/Ukraine-Fluchtlinge-Mehr-Planungssicherheit-gefordert_Organisator.jpg","keywords":["HRM","Studie","Ukraine","Verb\u00e4nde"],"articleSection":["HUMAN RESOURCES"],"inLanguage":"fr-FR"},{"@type":"WebPage","@id":"https:\/\/www.organisator.ch\/human-resources\/2022-08-18\/ukraine-fluechtlinge-mehr-planungssicherheit-gefordert\/","url":"https:\/\/www.organisator.ch\/human-resources\/2022-08-18\/ukraine-fluechtlinge-mehr-planungssicherheit-gefordert\/","name":"R\u00e9fugi\u00e9s ukrainiens : il faut plus de s\u00e9curit\u00e9 dans la planification - Organisateur","isPartOf":{"@id":"https:\/\/www.organisator.ch\/#website"},"primaryImageOfPage":{"@id":"https:\/\/www.organisator.ch\/human-resources\/2022-08-18\/ukraine-fluechtlinge-mehr-planungssicherheit-gefordert\/#primaryimage"},"image":{"@id":"https:\/\/www.organisator.ch\/human-resources\/2022-08-18\/ukraine-fluechtlinge-mehr-planungssicherheit-gefordert\/#primaryimage"},"thumbnailUrl":"https:\/\/www.organisator.ch\/wp-content\/uploads\/2022\/08\/Ukraine-Fluchtlinge-Mehr-Planungssicherheit-gefordert_Organisator.jpg","datePublished":"2022-08-18T12:55:31+00:00","description":"Une \u00e9tude montre qu'une entreprise sur dix en Suisse a d\u00e9j\u00e0 engag\u00e9 des r\u00e9fugi\u00e9s ukrainiens et qu'elle en est satisfaite.","breadcrumb":{"@id":"https:\/\/www.organisator.ch\/human-resources\/2022-08-18\/ukraine-fluechtlinge-mehr-planungssicherheit-gefordert\/#breadcrumb"},"inLanguage":"fr-FR","potentialAction":[{"@type":"ReadAction","target":["https:\/\/www.organisator.ch\/human-resources\/2022-08-18\/ukraine-fluechtlinge-mehr-planungssicherheit-gefordert\/"]}]},{"@type":"ImageObject","inLanguage":"fr-FR","@id":"https:\/\/www.organisator.ch\/human-resources\/2022-08-18\/ukraine-fluechtlinge-mehr-planungssicherheit-gefordert\/#primaryimage","url":"https:\/\/www.organisator.ch\/wp-content\/uploads\/2022\/08\/Ukraine-Fluchtlinge-Mehr-Planungssicherheit-gefordert_Organisator.jpg","contentUrl":"https:\/\/www.organisator.ch\/wp-content\/uploads\/2022\/08\/Ukraine-Fluchtlinge-Mehr-Planungssicherheit-gefordert_Organisator.jpg","width":680,"height":455,"caption":"Ukraine-Fl\u00fcchtlinge: Jedes zehnte Schweizer Unternehmen bietet Hand f\u00fcr Besch\u00e4ftigung. (Bild: Unsplash.com)"},{"@type":"BreadcrumbList","@id":"https:\/\/www.organisator.ch\/human-resources\/2022-08-18\/ukraine-fluechtlinge-mehr-planungssicherheit-gefordert\/#breadcrumb","itemListElement":[{"@type":"ListItem","position":1,"name":"Home","item":"https:\/\/www.organisator.ch\/"},{"@type":"ListItem","position":2,"name":"Ukraine-Fl\u00fcchtlinge: Mehr Planungssicherheit gefordert"}]},{"@type":"WebSite","@id":"https:\/\/www.organisator.ch\/#website","url":"https:\/\/www.organisator.ch\/","name":"Organisateur","description":"Comp\u00e9tence et comp\u00e9tence. Proches de la pratique. L'ORGANISATEUR pr\u00e9pare 10 num\u00e9ros par an sur les th\u00e8mes essentiels pour les dirigeants de PME.","publisher":{"@id":"https:\/\/www.organisator.ch\/#organization"},"potentialAction":[{"@type":"SearchAction","target":{"@type":"EntryPoint","urlTemplate":"https:\/\/www.organisator.ch\/?s={search_term_string}"},"query-input":{"@type":"PropertyValueSpecification","valueRequired":true,"valueName":"search_term_string"}}],"inLanguage":"fr-FR"},{"@type":"Organization","@id":"https:\/\/www.organisator.ch\/#organization","name":"Organisateur","url":"https:\/\/www.organisator.ch\/","logo":{"@type":"ImageObject","inLanguage":"fr-FR","@id":"https:\/\/www.organisator.ch\/#\/schema\/logo\/image\/","url":"https:\/\/www.organisator.ch\/wp-content\/uploads\/2022\/01\/Logo_Organisator_Website.png","contentUrl":"https:\/\/www.organisator.ch\/wp-content\/uploads\/2022\/01\/Logo_Organisator_Website.png","width":800,"height":77,"caption":"Organisator"},"image":{"@id":"https:\/\/www.organisator.ch\/#\/schema\/logo\/image\/"},"sameAs":["https:\/\/www.facebook.com\/OrganisatorFachmagazin","https:\/\/www.linkedin.com\/showcase\/organisator-das-magazin-fr-kmu","https:\/\/www.xing.com\/news\/pages\/organisator-ch-695","https:\/\/www.youtube.com\/channel\/UCGP2Sq0iWaZwT3BdIAQFYpw"]},{"@type":"Person","@id":"https:\/\/www.organisator.ch\/#\/schema\/person\/6f650f90b2842cd4c0cc334b4e36f67e","name":"thomas.berner","image":{"@type":"ImageObject","inLanguage":"fr-FR","@id":"https:\/\/secure.gravatar.com\/avatar\/ac5001d2a36cb6c6cd3e50789007ffca834b477b74a2144564522e944eabff61?s=96&d=mm&r=g","url":"https:\/\/secure.gravatar.com\/avatar\/ac5001d2a36cb6c6cd3e50789007ffca834b477b74a2144564522e944eabff61?s=96&d=mm&r=g","contentUrl":"https:\/\/secure.gravatar.com\/avatar\/ac5001d2a36cb6c6cd3e50789007ffca834b477b74a2144564522e944eabff61?s=96&d=mm&r=g","caption":"thomas.berner"},"url":"https:\/\/www.organisator.ch\/fr\/author\/thomas-berner\/"}]}},"_links":{"self":[{"href":"https:\/\/www.organisator.ch\/fr\/wp-json\/wp\/v2\/posts\/16605","targetHints":{"allow":["GET"]}}],"collection":[{"href":"https:\/\/www.organisator.ch\/fr\/wp-json\/wp\/v2\/posts"}],"about":[{"href":"https:\/\/www.organisator.ch\/fr\/wp-json\/wp\/v2\/types\/post"}],"author":[{"embeddable":true,"href":"https:\/\/www.organisator.ch\/fr\/wp-json\/wp\/v2\/users\/4"}],"replies":[{"embeddable":true,"href":"https:\/\/www.organisator.ch\/fr\/wp-json\/wp\/v2\/comments?post=16605"}],"version-history":[{"count":1,"href":"https:\/\/www.organisator.ch\/fr\/wp-json\/wp\/v2\/posts\/16605\/revisions"}],"predecessor-version":[{"id":16609,"href":"https:\/\/www.organisator.ch\/fr\/wp-json\/wp\/v2\/posts\/16605\/revisions\/16609"}],"wp:featuredmedia":[{"embeddable":true,"href":"https:\/\/www.organisator.ch\/fr\/wp-json\/wp\/v2\/media\/16608"}],"wp:attachment":[{"href":"https:\/\/www.organisator.ch\/fr\/wp-json\/wp\/v2\/media?parent=16605"}],"wp:term":[{"taxonomy":"category","embeddable":true,"href":"https:\/\/www.organisator.ch\/fr\/wp-json\/wp\/v2\/categories?post=16605"},{"taxonomy":"post_tag","embeddable":true,"href":"https:\/\/www.organisator.ch\/fr\/wp-json\/wp\/v2\/tags?post=16605"}],"curies":[{"name":"wp","href":"https:\/\/api.w.org\/{rel}","templated":true}]}}