{"id":16606,"date":"2022-08-18T13:11:19","date_gmt":"2022-08-18T11:11:19","guid":{"rendered":"https:\/\/www.werbewoche.ch\/?p=184573"},"modified":"2024-11-22T08:44:19","modified_gmt":"2024-11-22T07:44:19","slug":"tourisme-ville-continue-de-souffrir-fortement-des-effets-de-la-pandemie","status":"publish","type":"post","link":"https:\/\/www.organisator.ch\/fr\/marketing\/2022-08-18\/staedtetourismus-leidet-weiterhin-stark-unter-pandemie-nachwirkungen\/","title":{"rendered":"Le tourisme urbain continue de souffrir fortement des suites de la pand\u00e9mie"},"content":{"rendered":"<figure id=\"attachment_184574\" class=\"wp-caption alignnone\" style=\"width: 1200px;\" aria-describedby=\"caption-attachment-184574\"><img class=\"alignnone wp-image-184574 size-full\" src=\"https:\/\/www.werbewoche.ch\/wp-content\/uploads\/2022\/08\/Schweiz-Tourismus-%E2%80%93-Medienkonferenz-Zwischenbilanz-Sommersaison-2022-5-54-screenshot.jpg\" alt=\"Tourisme urbain en Suisse\" width=\"1200\" height=\"900\" \/>\r\n<figcaption id=\"caption-attachment-184574\" class=\"wp-caption-text\">Martin Nydegger lors de la conf\u00e9rence de presse de ST de jeudi. (Capture d'\u00e9cran : Youtube.com)<\/figcaption>\r\n<\/figure>\r\n<p>Le tourisme urbain est encore particuli\u00e8rement en lutte par rapport aux destinations rurales, a d\u00e9clar\u00e9 le directeur de Suisse Tourisme (ST) lors d'une conf\u00e9rence de presse jeudi \u00e0 Zurich. Il ne saurait trop souligner l'importance des march\u00e9s lointains : \"Les touristes \u00e9trangers aiment nos villes. Ils viennent aussi en dehors des vacances scolaires, ils r\u00e9servent longtemps \u00e0 l'avance, ils viennent m\u00eame si le temps n'est pas excellent et ils r\u00e9servent des cat\u00e9gories sup\u00e9rieures\".<\/p>\r\n<p>C'est pourquoi le tourisme urbain suisse d\u00e9pend fortement des visiteurs lointains. Les visiteurs d'outre-mer sont particuli\u00e8rement importants. Or, par rapport \u00e0 l'ann\u00e9e de r\u00e9f\u00e9rence 2019, 50 pour cent des nuit\u00e9es h\u00f4teli\u00e8res ont \u00e9t\u00e9 perdues. \"La Suisse est un pays exportateur, nous d\u00e9pendons de l'\u00e9tranger dans de nombreuses branches. Il n'en va pas autrement pour le tourisme\", a-t-il poursuivi.<\/p>\r\n<p>Certes, la performance du tourisme urbain est \"correcte\" si l'on consid\u00e8re l'impact de la pand\u00e9mie sur le secteur du tourisme. Et sur de nombreux march\u00e9s importants, comme la Chine, des blocages persistent. Mais en comparaison avec les destinations de montagne, les destinations maritimes et les destinations plus rurales en g\u00e9n\u00e9ral, l'\u00e9volution est actuellement inf\u00e9rieure \u00e0 la moyenne.<\/p>\r\n<h2>Une campagne de running pour stimuler le tourisme urbain<\/h2>\r\n<p>Le gouvernement f\u00e9d\u00e9ral a donc confi\u00e9 \u00e0 ST une mission sp\u00e9ciale avec un \"plan de relance\". Dans le cadre de ce mandat, ST devrait surtout s'occuper des visiteurs \u00e9trangers et renforcer \u00e0 nouveau le tourisme urbain et d'affaires. L'organisation doit mettre l'accent sur le th\u00e8me de la durabilit\u00e9. Diff\u00e9rentes activit\u00e9s ont d\u00e9j\u00e0 \u00e9t\u00e9 lanc\u00e9es \u00e0 cet effet, comme par exemple une campagne avec le fabricant de chaussures de course On Running, qui se d\u00e9roule d\u00e8s \u00e0 pr\u00e9sent pour les prochaines semaines et qui doit \"cr\u00e9er un impact\", comme l'a expliqu\u00e9 le directeur de ST.<\/p>\r\n<p>Les villes suisses sont repr\u00e9sent\u00e9es sous la devise \"Run the Swiss Cities\" du point de vue des joggeurs et des itin\u00e9raires de jogging sont pr\u00e9sent\u00e9s, en partie par des athl\u00e8tes c\u00e9l\u00e8bres. <a href=\"https:\/\/www.werbewoche.ch\/werbung\/kampagnen\/2022-08-18\/schweiz-tourismus-on-und-roger-federer-spannen-zusammen\/\" rel=\"noopener\"><em>(Werbewoche.ch a rapport\u00e9)<\/em><\/a>. Cela devrait attirer les voyageurs d'affaires et de loisirs dans les villes. <em>(SDA)<\/em><\/p>","protected":false},"excerpt":{"rendered":"<p>Der St\u00e4dtetourismus sei im Vergleich zu den l\u00e4ndlichen Destinationen noch besonders am K\u00e4mpfen, sagte der Direktor von Schweiz Tourismus (ST) an einer Medienkonferenz am Donnerstag in Z\u00fcrich. Er k\u00f6nne hierbei die Bedeutung der Fernm\u00e4rkte nicht genug unterstreichen: \u00abDie ausl\u00e4ndischen G\u00e4ste lieben unsere St\u00e4dte. Sie kommen auch ausserhalb der Schulferien, sie buchen lange im Voraus, sie [\u2026]<\/p>\n","protected":false},"author":8,"featured_media":0,"comment_status":"closed","ping_status":"closed","sticky":false,"template":"","format":"standard","meta":{"_acf_changed":false,"_yoast_wpseo_focuskw":"St\u00e4dtetourismus Schweiz","_yoast_wpseo_metadesc":"Der St\u00e4dtetourismus in der Schweiz k\u00e4mpft noch. Eine neue Kampagne soll ausl\u00e4ndische G\u00e4ste anlocken und die St\u00e4dte beleben.","articlekey":"","footnotes":""},"categories":[29],"tags":[4759,293,1787,424,4790],"class_list":["post-16606","post","type-post","status-publish","format-standard","hentry","category-marketing","tag-gaeste","tag-kampagne","tag-nachhaltigkeit","tag-schweiz","tag-staedtetourismus"],"acf":[],"yoast_head":"<!-- This site is optimized with the Yoast SEO plugin v27.5 - https:\/\/yoast.com\/product\/yoast-seo-wordpress\/ -->\n<title>St\u00e4dtetourismus leidet weiterhin stark unter Pandemie-Nachwirkungen - Organisator<\/title>\n<meta name=\"description\" content=\"Der St\u00e4dtetourismus in der Schweiz k\u00e4mpft noch. Eine neue Kampagne soll ausl\u00e4ndische G\u00e4ste anlocken und die St\u00e4dte beleben.\" \/>\n<meta name=\"robots\" content=\"index, follow, max-snippet:-1, max-image-preview:large, max-video-preview:-1\" \/>\n<link rel=\"canonical\" href=\"https:\/\/www.organisator.ch\/fr\/marketing\/2022-08-18\/tourisme-ville-continue-de-souffrir-fortement-des-effets-de-la-pandemie\/\" \/>\n<meta property=\"og:locale\" content=\"fr_FR\" \/>\n<meta property=\"og:type\" content=\"article\" \/>\n<meta property=\"og:title\" content=\"St\u00e4dtetourismus leidet weiterhin stark unter Pandemie-Nachwirkungen - Organisator\" \/>\n<meta property=\"og:description\" content=\"Der St\u00e4dtetourismus in der Schweiz k\u00e4mpft noch. Eine neue Kampagne soll ausl\u00e4ndische G\u00e4ste anlocken und die St\u00e4dte beleben.\" \/>\n<meta property=\"og:url\" content=\"https:\/\/www.organisator.ch\/fr\/marketing\/2022-08-18\/tourisme-ville-continue-de-souffrir-fortement-des-effets-de-la-pandemie\/\" \/>\n<meta property=\"og:site_name\" content=\"Organisator\" \/>\n<meta property=\"article:publisher\" content=\"https:\/\/www.facebook.com\/OrganisatorFachmagazin\" \/>\n<meta property=\"article:published_time\" content=\"2022-08-18T11:11:19+00:00\" \/>\n<meta property=\"article:modified_time\" content=\"2024-11-22T07:44:19+00:00\" \/>\n<meta name=\"author\" content=\"galledia\" \/>\n<meta name=\"twitter:card\" content=\"summary_large_image\" \/>\n<meta name=\"twitter:creator\" content=\"@admin\" \/>\n<script type=\"application\/ld+json\" class=\"yoast-schema-graph\">{\"@context\":\"https:\\\/\\\/schema.org\",\"@graph\":[{\"@type\":\"Article\",\"@id\":\"https:\\\/\\\/www.organisator.ch\\\/marketing\\\/2022-08-18\\\/staedtetourismus-leidet-weiterhin-stark-unter-pandemie-nachwirkungen\\\/#article\",\"isPartOf\":{\"@id\":\"https:\\\/\\\/www.organisator.ch\\\/marketing\\\/2022-08-18\\\/staedtetourismus-leidet-weiterhin-stark-unter-pandemie-nachwirkungen\\\/\"},\"author\":{\"name\":\"galledia\",\"@id\":\"https:\\\/\\\/www.organisator.ch\\\/#\\\/schema\\\/person\\\/4e51799071cd2dd1232ac003643ef5f0\"},\"headline\":\"St\u00e4dtetourismus leidet weiterhin stark unter Pandemie-Nachwirkungen\",\"datePublished\":\"2022-08-18T11:11:19+00:00\",\"dateModified\":\"2024-11-22T07:44:19+00:00\",\"mainEntityOfPage\":{\"@id\":\"https:\\\/\\\/www.organisator.ch\\\/marketing\\\/2022-08-18\\\/staedtetourismus-leidet-weiterhin-stark-unter-pandemie-nachwirkungen\\\/\"},\"wordCount\":336,\"publisher\":{\"@id\":\"https:\\\/\\\/www.organisator.ch\\\/#organization\"},\"image\":{\"@id\":\"https:\\\/\\\/www.organisator.ch\\\/marketing\\\/2022-08-18\\\/staedtetourismus-leidet-weiterhin-stark-unter-pandemie-nachwirkungen\\\/#primaryimage\"},\"thumbnailUrl\":\"https:\\\/\\\/www.werbewoche.ch\\\/wp-content\\\/uploads\\\/2022\\\/08\\\/Schweiz-Tourismus-%E2%80%93-Medienkonferenz-Zwischenbilanz-Sommersaison-2022-5-54-screenshot.jpg\",\"keywords\":[\"G\u00e4ste\",\"Kampagne\",\"Nachhaltigkeit\",\"Schweiz\",\"St\u00e4dtetourismus\"],\"articleSection\":[\"MARKETING\"],\"inLanguage\":\"fr-FR\"},{\"@type\":\"WebPage\",\"@id\":\"https:\\\/\\\/www.organisator.ch\\\/marketing\\\/2022-08-18\\\/staedtetourismus-leidet-weiterhin-stark-unter-pandemie-nachwirkungen\\\/\",\"url\":\"https:\\\/\\\/www.organisator.ch\\\/marketing\\\/2022-08-18\\\/staedtetourismus-leidet-weiterhin-stark-unter-pandemie-nachwirkungen\\\/\",\"name\":\"St\u00e4dtetourismus leidet weiterhin stark unter Pandemie-Nachwirkungen - Organisator\",\"isPartOf\":{\"@id\":\"https:\\\/\\\/www.organisator.ch\\\/#website\"},\"primaryImageOfPage\":{\"@id\":\"https:\\\/\\\/www.organisator.ch\\\/marketing\\\/2022-08-18\\\/staedtetourismus-leidet-weiterhin-stark-unter-pandemie-nachwirkungen\\\/#primaryimage\"},\"image\":{\"@id\":\"https:\\\/\\\/www.organisator.ch\\\/marketing\\\/2022-08-18\\\/staedtetourismus-leidet-weiterhin-stark-unter-pandemie-nachwirkungen\\\/#primaryimage\"},\"thumbnailUrl\":\"https:\\\/\\\/www.werbewoche.ch\\\/wp-content\\\/uploads\\\/2022\\\/08\\\/Schweiz-Tourismus-%E2%80%93-Medienkonferenz-Zwischenbilanz-Sommersaison-2022-5-54-screenshot.jpg\",\"datePublished\":\"2022-08-18T11:11:19+00:00\",\"dateModified\":\"2024-11-22T07:44:19+00:00\",\"description\":\"Der St\u00e4dtetourismus in der Schweiz k\u00e4mpft noch. Eine neue Kampagne soll ausl\u00e4ndische G\u00e4ste anlocken und die St\u00e4dte beleben.\",\"breadcrumb\":{\"@id\":\"https:\\\/\\\/www.organisator.ch\\\/marketing\\\/2022-08-18\\\/staedtetourismus-leidet-weiterhin-stark-unter-pandemie-nachwirkungen\\\/#breadcrumb\"},\"inLanguage\":\"fr-FR\",\"potentialAction\":[{\"@type\":\"ReadAction\",\"target\":[\"https:\\\/\\\/www.organisator.ch\\\/marketing\\\/2022-08-18\\\/staedtetourismus-leidet-weiterhin-stark-unter-pandemie-nachwirkungen\\\/\"]}]},{\"@type\":\"ImageObject\",\"inLanguage\":\"fr-FR\",\"@id\":\"https:\\\/\\\/www.organisator.ch\\\/marketing\\\/2022-08-18\\\/staedtetourismus-leidet-weiterhin-stark-unter-pandemie-nachwirkungen\\\/#primaryimage\",\"url\":\"https:\\\/\\\/www.werbewoche.ch\\\/wp-content\\\/uploads\\\/2022\\\/08\\\/Schweiz-Tourismus-%E2%80%93-Medienkonferenz-Zwischenbilanz-Sommersaison-2022-5-54-screenshot.jpg\",\"contentUrl\":\"https:\\\/\\\/www.werbewoche.ch\\\/wp-content\\\/uploads\\\/2022\\\/08\\\/Schweiz-Tourismus-%E2%80%93-Medienkonferenz-Zwischenbilanz-Sommersaison-2022-5-54-screenshot.jpg\"},{\"@type\":\"BreadcrumbList\",\"@id\":\"https:\\\/\\\/www.organisator.ch\\\/marketing\\\/2022-08-18\\\/staedtetourismus-leidet-weiterhin-stark-unter-pandemie-nachwirkungen\\\/#breadcrumb\",\"itemListElement\":[{\"@type\":\"ListItem\",\"position\":1,\"name\":\"Home\",\"item\":\"https:\\\/\\\/www.organisator.ch\\\/\"},{\"@type\":\"ListItem\",\"position\":2,\"name\":\"St\u00e4dtetourismus leidet weiterhin stark unter Pandemie-Nachwirkungen\"}]},{\"@type\":\"WebSite\",\"@id\":\"https:\\\/\\\/www.organisator.ch\\\/#website\",\"url\":\"https:\\\/\\\/www.organisator.ch\\\/\",\"name\":\"Organisator\",\"description\":\"Kompetent. Praxisnah. Der ORGANISATOR bereitet in 10 Ausgaben pro Jahr die wesentlichen Themen f\u00fcr F\u00fchrungskr\u00e4fte von KMU auf.\",\"publisher\":{\"@id\":\"https:\\\/\\\/www.organisator.ch\\\/#organization\"},\"potentialAction\":[{\"@type\":\"SearchAction\",\"target\":{\"@type\":\"EntryPoint\",\"urlTemplate\":\"https:\\\/\\\/www.organisator.ch\\\/?s={search_term_string}\"},\"query-input\":{\"@type\":\"PropertyValueSpecification\",\"valueRequired\":true,\"valueName\":\"search_term_string\"}}],\"inLanguage\":\"fr-FR\"},{\"@type\":\"Organization\",\"@id\":\"https:\\\/\\\/www.organisator.ch\\\/#organization\",\"name\":\"Organisator\",\"url\":\"https:\\\/\\\/www.organisator.ch\\\/\",\"logo\":{\"@type\":\"ImageObject\",\"inLanguage\":\"fr-FR\",\"@id\":\"https:\\\/\\\/www.organisator.ch\\\/#\\\/schema\\\/logo\\\/image\\\/\",\"url\":\"https:\\\/\\\/www.organisator.ch\\\/wp-content\\\/uploads\\\/2022\\\/01\\\/Logo_Organisator_Website.png\",\"contentUrl\":\"https:\\\/\\\/www.organisator.ch\\\/wp-content\\\/uploads\\\/2022\\\/01\\\/Logo_Organisator_Website.png\",\"width\":800,\"height\":77,\"caption\":\"Organisator\"},\"image\":{\"@id\":\"https:\\\/\\\/www.organisator.ch\\\/#\\\/schema\\\/logo\\\/image\\\/\"},\"sameAs\":[\"https:\\\/\\\/www.facebook.com\\\/OrganisatorFachmagazin\",\"https:\\\/\\\/www.linkedin.com\\\/showcase\\\/organisator-das-magazin-fr-kmu\",\"https:\\\/\\\/www.xing.com\\\/news\\\/pages\\\/organisator-ch-695\",\"https:\\\/\\\/www.youtube.com\\\/channel\\\/UCGP2Sq0iWaZwT3BdIAQFYpw\"]},{\"@type\":\"Person\",\"@id\":\"https:\\\/\\\/www.organisator.ch\\\/#\\\/schema\\\/person\\\/4e51799071cd2dd1232ac003643ef5f0\",\"name\":\"galledia\",\"image\":{\"@type\":\"ImageObject\",\"inLanguage\":\"fr-FR\",\"@id\":\"https:\\\/\\\/secure.gravatar.com\\\/avatar\\\/78a7f90c01fc2bfc875782a0d4922b37cde2cf184ce347b91316d23cd7f69a36?s=96&d=mm&r=g\",\"url\":\"https:\\\/\\\/secure.gravatar.com\\\/avatar\\\/78a7f90c01fc2bfc875782a0d4922b37cde2cf184ce347b91316d23cd7f69a36?s=96&d=mm&r=g\",\"contentUrl\":\"https:\\\/\\\/secure.gravatar.com\\\/avatar\\\/78a7f90c01fc2bfc875782a0d4922b37cde2cf184ce347b91316d23cd7f69a36?s=96&d=mm&r=g\",\"caption\":\"galledia\"},\"sameAs\":[\"https:\\\/\\\/x.com\\\/admin\"],\"url\":\"https:\\\/\\\/www.organisator.ch\\\/fr\\\/author\\\/galledia\\\/\"}]}<\/script>\n<!-- \/ Yoast SEO plugin. -->","yoast_head_json":{"title":"Le tourisme urbain continue de souffrir fortement des suites de la pand\u00e9mie - Organisateur","description":"Le tourisme urbain en Suisse se bat encore. Une nouvelle campagne vise \u00e0 attirer les visiteurs \u00e9trangers et \u00e0 revitaliser les villes.","robots":{"index":"index","follow":"follow","max-snippet":"max-snippet:-1","max-image-preview":"max-image-preview:large","max-video-preview":"max-video-preview:-1"},"canonical":"https:\/\/www.organisator.ch\/fr\/marketing\/2022-08-18\/tourisme-ville-continue-de-souffrir-fortement-des-effets-de-la-pandemie\/","og_locale":"fr_FR","og_type":"article","og_title":"St\u00e4dtetourismus leidet weiterhin stark unter Pandemie-Nachwirkungen - Organisator","og_description":"Der St\u00e4dtetourismus in der Schweiz k\u00e4mpft noch. Eine neue Kampagne soll ausl\u00e4ndische G\u00e4ste anlocken und die St\u00e4dte beleben.","og_url":"https:\/\/www.organisator.ch\/fr\/marketing\/2022-08-18\/tourisme-ville-continue-de-souffrir-fortement-des-effets-de-la-pandemie\/","og_site_name":"Organisator","article_publisher":"https:\/\/www.facebook.com\/OrganisatorFachmagazin","article_published_time":"2022-08-18T11:11:19+00:00","article_modified_time":"2024-11-22T07:44:19+00:00","author":"galledia","twitter_card":"summary_large_image","twitter_creator":"@admin","schema":{"@context":"https:\/\/schema.org","@graph":[{"@type":"Article","@id":"https:\/\/www.organisator.ch\/marketing\/2022-08-18\/staedtetourismus-leidet-weiterhin-stark-unter-pandemie-nachwirkungen\/#article","isPartOf":{"@id":"https:\/\/www.organisator.ch\/marketing\/2022-08-18\/staedtetourismus-leidet-weiterhin-stark-unter-pandemie-nachwirkungen\/"},"author":{"name":"galledia","@id":"https:\/\/www.organisator.ch\/#\/schema\/person\/4e51799071cd2dd1232ac003643ef5f0"},"headline":"St\u00e4dtetourismus leidet weiterhin stark unter Pandemie-Nachwirkungen","datePublished":"2022-08-18T11:11:19+00:00","dateModified":"2024-11-22T07:44:19+00:00","mainEntityOfPage":{"@id":"https:\/\/www.organisator.ch\/marketing\/2022-08-18\/staedtetourismus-leidet-weiterhin-stark-unter-pandemie-nachwirkungen\/"},"wordCount":336,"publisher":{"@id":"https:\/\/www.organisator.ch\/#organization"},"image":{"@id":"https:\/\/www.organisator.ch\/marketing\/2022-08-18\/staedtetourismus-leidet-weiterhin-stark-unter-pandemie-nachwirkungen\/#primaryimage"},"thumbnailUrl":"https:\/\/www.werbewoche.ch\/wp-content\/uploads\/2022\/08\/Schweiz-Tourismus-%E2%80%93-Medienkonferenz-Zwischenbilanz-Sommersaison-2022-5-54-screenshot.jpg","keywords":["G\u00e4ste","Kampagne","Nachhaltigkeit","Schweiz","St\u00e4dtetourismus"],"articleSection":["MARKETING"],"inLanguage":"fr-FR"},{"@type":"WebPage","@id":"https:\/\/www.organisator.ch\/marketing\/2022-08-18\/staedtetourismus-leidet-weiterhin-stark-unter-pandemie-nachwirkungen\/","url":"https:\/\/www.organisator.ch\/marketing\/2022-08-18\/staedtetourismus-leidet-weiterhin-stark-unter-pandemie-nachwirkungen\/","name":"Le tourisme urbain continue de souffrir fortement des suites de la pand\u00e9mie - Organisateur","isPartOf":{"@id":"https:\/\/www.organisator.ch\/#website"},"primaryImageOfPage":{"@id":"https:\/\/www.organisator.ch\/marketing\/2022-08-18\/staedtetourismus-leidet-weiterhin-stark-unter-pandemie-nachwirkungen\/#primaryimage"},"image":{"@id":"https:\/\/www.organisator.ch\/marketing\/2022-08-18\/staedtetourismus-leidet-weiterhin-stark-unter-pandemie-nachwirkungen\/#primaryimage"},"thumbnailUrl":"https:\/\/www.werbewoche.ch\/wp-content\/uploads\/2022\/08\/Schweiz-Tourismus-%E2%80%93-Medienkonferenz-Zwischenbilanz-Sommersaison-2022-5-54-screenshot.jpg","datePublished":"2022-08-18T11:11:19+00:00","dateModified":"2024-11-22T07:44:19+00:00","description":"Le tourisme urbain en Suisse se bat encore. Une nouvelle campagne vise \u00e0 attirer les visiteurs \u00e9trangers et \u00e0 revitaliser les villes.","breadcrumb":{"@id":"https:\/\/www.organisator.ch\/marketing\/2022-08-18\/staedtetourismus-leidet-weiterhin-stark-unter-pandemie-nachwirkungen\/#breadcrumb"},"inLanguage":"fr-FR","potentialAction":[{"@type":"ReadAction","target":["https:\/\/www.organisator.ch\/marketing\/2022-08-18\/staedtetourismus-leidet-weiterhin-stark-unter-pandemie-nachwirkungen\/"]}]},{"@type":"ImageObject","inLanguage":"fr-FR","@id":"https:\/\/www.organisator.ch\/marketing\/2022-08-18\/staedtetourismus-leidet-weiterhin-stark-unter-pandemie-nachwirkungen\/#primaryimage","url":"https:\/\/www.werbewoche.ch\/wp-content\/uploads\/2022\/08\/Schweiz-Tourismus-%E2%80%93-Medienkonferenz-Zwischenbilanz-Sommersaison-2022-5-54-screenshot.jpg","contentUrl":"https:\/\/www.werbewoche.ch\/wp-content\/uploads\/2022\/08\/Schweiz-Tourismus-%E2%80%93-Medienkonferenz-Zwischenbilanz-Sommersaison-2022-5-54-screenshot.jpg"},{"@type":"BreadcrumbList","@id":"https:\/\/www.organisator.ch\/marketing\/2022-08-18\/staedtetourismus-leidet-weiterhin-stark-unter-pandemie-nachwirkungen\/#breadcrumb","itemListElement":[{"@type":"ListItem","position":1,"name":"Home","item":"https:\/\/www.organisator.ch\/"},{"@type":"ListItem","position":2,"name":"St\u00e4dtetourismus leidet weiterhin stark unter Pandemie-Nachwirkungen"}]},{"@type":"WebSite","@id":"https:\/\/www.organisator.ch\/#website","url":"https:\/\/www.organisator.ch\/","name":"Organisateur","description":"Comp\u00e9tence et comp\u00e9tence. Proches de la pratique. L'ORGANISATEUR pr\u00e9pare 10 num\u00e9ros par an sur les th\u00e8mes essentiels pour les dirigeants de PME.","publisher":{"@id":"https:\/\/www.organisator.ch\/#organization"},"potentialAction":[{"@type":"SearchAction","target":{"@type":"EntryPoint","urlTemplate":"https:\/\/www.organisator.ch\/?s={search_term_string}"},"query-input":{"@type":"PropertyValueSpecification","valueRequired":true,"valueName":"search_term_string"}}],"inLanguage":"fr-FR"},{"@type":"Organization","@id":"https:\/\/www.organisator.ch\/#organization","name":"Organisateur","url":"https:\/\/www.organisator.ch\/","logo":{"@type":"ImageObject","inLanguage":"fr-FR","@id":"https:\/\/www.organisator.ch\/#\/schema\/logo\/image\/","url":"https:\/\/www.organisator.ch\/wp-content\/uploads\/2022\/01\/Logo_Organisator_Website.png","contentUrl":"https:\/\/www.organisator.ch\/wp-content\/uploads\/2022\/01\/Logo_Organisator_Website.png","width":800,"height":77,"caption":"Organisator"},"image":{"@id":"https:\/\/www.organisator.ch\/#\/schema\/logo\/image\/"},"sameAs":["https:\/\/www.facebook.com\/OrganisatorFachmagazin","https:\/\/www.linkedin.com\/showcase\/organisator-das-magazin-fr-kmu","https:\/\/www.xing.com\/news\/pages\/organisator-ch-695","https:\/\/www.youtube.com\/channel\/UCGP2Sq0iWaZwT3BdIAQFYpw"]},{"@type":"Person","@id":"https:\/\/www.organisator.ch\/#\/schema\/person\/4e51799071cd2dd1232ac003643ef5f0","name":"galledia","image":{"@type":"ImageObject","inLanguage":"fr-FR","@id":"https:\/\/secure.gravatar.com\/avatar\/78a7f90c01fc2bfc875782a0d4922b37cde2cf184ce347b91316d23cd7f69a36?s=96&d=mm&r=g","url":"https:\/\/secure.gravatar.com\/avatar\/78a7f90c01fc2bfc875782a0d4922b37cde2cf184ce347b91316d23cd7f69a36?s=96&d=mm&r=g","contentUrl":"https:\/\/secure.gravatar.com\/avatar\/78a7f90c01fc2bfc875782a0d4922b37cde2cf184ce347b91316d23cd7f69a36?s=96&d=mm&r=g","caption":"galledia"},"sameAs":["https:\/\/x.com\/admin"],"url":"https:\/\/www.organisator.ch\/fr\/author\/galledia\/"}]}},"_links":{"self":[{"href":"https:\/\/www.organisator.ch\/fr\/wp-json\/wp\/v2\/posts\/16606","targetHints":{"allow":["GET"]}}],"collection":[{"href":"https:\/\/www.organisator.ch\/fr\/wp-json\/wp\/v2\/posts"}],"about":[{"href":"https:\/\/www.organisator.ch\/fr\/wp-json\/wp\/v2\/types\/post"}],"author":[{"embeddable":true,"href":"https:\/\/www.organisator.ch\/fr\/wp-json\/wp\/v2\/users\/8"}],"replies":[{"embeddable":true,"href":"https:\/\/www.organisator.ch\/fr\/wp-json\/wp\/v2\/comments?post=16606"}],"version-history":[{"count":4,"href":"https:\/\/www.organisator.ch\/fr\/wp-json\/wp\/v2\/posts\/16606\/revisions"}],"predecessor-version":[{"id":33864,"href":"https:\/\/www.organisator.ch\/fr\/wp-json\/wp\/v2\/posts\/16606\/revisions\/33864"}],"wp:attachment":[{"href":"https:\/\/www.organisator.ch\/fr\/wp-json\/wp\/v2\/media?parent=16606"}],"wp:term":[{"taxonomy":"category","embeddable":true,"href":"https:\/\/www.organisator.ch\/fr\/wp-json\/wp\/v2\/categories?post=16606"},{"taxonomy":"post_tag","embeddable":true,"href":"https:\/\/www.organisator.ch\/fr\/wp-json\/wp\/v2\/tags?post=16606"}],"curies":[{"name":"wp","href":"https:\/\/api.w.org\/{rel}","templated":true}]}}