{"id":16624,"date":"2022-08-25T00:27:18","date_gmt":"2022-08-24T22:27:18","guid":{"rendered":"https:\/\/www.organisator.ch\/?p=16624"},"modified":"2022-08-19T15:28:16","modified_gmt":"2022-08-19T13:28:16","slug":"citoyennes-qui-ont-toujours-un-pied-dans-la-mort-2","status":"publish","type":"post","link":"https:\/\/www.organisator.ch\/fr\/marketing\/2022-08-25\/buergerinnen-muessen-immer-im-mittelpunkt-stehen-2\/","title":{"rendered":"Les citoyens doivent toujours \u00eatre au centre de l'attention"},"content":{"rendered":"<figure id=\"attachment_12294\" aria-describedby=\"caption-attachment-12294\" style=\"width: 680px\" class=\"wp-caption alignnone\"><img loading=\"lazy\" decoding=\"async\" class=\"size-full wp-image-12294\" src=\"https:\/\/www.organisator.ch\/wp-content\/uploads\/2022\/03\/BuergerInnen-muessen-immer-im-Mittelpunkt-stehen-1_Organisator.jpg\" alt=\"\" width=\"680\" height=\"453\" srcset=\"https:\/\/www.organisator.ch\/wp-content\/uploads\/2022\/03\/BuergerInnen-muessen-immer-im-Mittelpunkt-stehen-1_Organisator.jpg 680w, https:\/\/www.organisator.ch\/wp-content\/uploads\/2022\/03\/BuergerInnen-muessen-immer-im-Mittelpunkt-stehen-1_Organisator-18x12.jpg 18w, https:\/\/www.organisator.ch\/wp-content\/uploads\/2022\/03\/BuergerInnen-muessen-immer-im-Mittelpunkt-stehen-1_Organisator-263x175.jpg 263w, https:\/\/www.organisator.ch\/wp-content\/uploads\/2022\/03\/BuergerInnen-muessen-immer-im-Mittelpunkt-stehen-1_Organisator-525x350.jpg 525w, https:\/\/www.organisator.ch\/wp-content\/uploads\/2022\/03\/BuergerInnen-muessen-immer-im-Mittelpunkt-stehen-1_Organisator-300x200.jpg 300w\" sizes=\"auto, (max-width: 680px) 100vw, 680px\" \/><figcaption id=\"caption-attachment-12294\" class=\"wp-caption-text\">Avec le kiosque FORIS\u00ae Outdoor d'Inputech, une administration communale est pr\u00e9sente aupr\u00e8s de ses habitants 24 heures sur 24. (Image : Inputech)<\/figcaption><\/figure>\n<p>De nombreux domaines dans et autour de notre vie sont transform\u00e9s par la num\u00e9risation. Les pouvoirs publics, tels que l'\u00c9tat f\u00e9d\u00e9ral, les villes et les communes, en font \u00e9galement partie. Il n'est donc pas surprenant de voir appara\u00eetre de plus en plus de projets de villes intelligentes avec des solutions uniques. Quelques exemples : des lampadaires qui analysent la situation actuelle du trafic, des applications qui indiquent les places de parking disponibles et des kiosques num\u00e9riques en plein air qui fournissent des informations sur la ville en temps r\u00e9el.<\/p>\n<p>Mais ce qui doit TOUJOURS \u00eatre au c\u0153ur de ces projets, ce sont les personnes. L'objectif ultime d'une ville intelligente est d'am\u00e9liorer la vie des citoyens. Pour ce faire, il est important de se mettre \u00e0 la place des gens. Comment les citoyens veulent-ils \u00eatre divertis, inform\u00e9s et prot\u00e9g\u00e9s ? Comment VOUS voulez \u00eatre divertis, inform\u00e9s et prot\u00e9g\u00e9s ?<\/p>\n<p>Gr\u00e2ce \u00e0 notre kiosque FORIS\u00ae Outdoor, une administration communale est pr\u00e9sente aupr\u00e8s de ses habitants 24 heures sur 24. Les citoyens et citoyennes sont inform\u00e9s quotidiennement des informations importantes telles que les reports de dates, par exemple pour les collectes de vieux papiers, les manifestations, l'\u00e9ducation, les d\u00e9veloppements urbains, l'habitat et les loisirs.<\/p>\n<figure id=\"attachment_12295\" aria-describedby=\"caption-attachment-12295\" style=\"width: 680px\" class=\"wp-caption alignnone\"><img loading=\"lazy\" decoding=\"async\" class=\"size-full wp-image-12295\" src=\"https:\/\/www.organisator.ch\/wp-content\/uploads\/2022\/03\/BuergerInnen-muessen-immer-im-Mittelpunkt-stehen-2_Organisator.jpg\" alt=\"\" width=\"680\" height=\"454\" srcset=\"https:\/\/www.organisator.ch\/wp-content\/uploads\/2022\/03\/BuergerInnen-muessen-immer-im-Mittelpunkt-stehen-2_Organisator.jpg 680w, https:\/\/www.organisator.ch\/wp-content\/uploads\/2022\/03\/BuergerInnen-muessen-immer-im-Mittelpunkt-stehen-2_Organisator-18x12.jpg 18w, https:\/\/www.organisator.ch\/wp-content\/uploads\/2022\/03\/BuergerInnen-muessen-immer-im-Mittelpunkt-stehen-2_Organisator-262x175.jpg 262w, https:\/\/www.organisator.ch\/wp-content\/uploads\/2022\/03\/BuergerInnen-muessen-immer-im-Mittelpunkt-stehen-2_Organisator-524x350.jpg 524w, https:\/\/www.organisator.ch\/wp-content\/uploads\/2022\/03\/BuergerInnen-muessen-immer-im-Mittelpunkt-stehen-2_Organisator-300x200.jpg 300w\" sizes=\"auto, (max-width: 680px) 100vw, 680px\" \/><figcaption id=\"caption-attachment-12295\" class=\"wp-caption-text\">Exemple : \u00e9cole de musique de Zoug. (Image : Inputech)<\/figcaption><\/figure>\n<p>Vous vous dites probablement que de telles informations peuvent \u00eatre trouv\u00e9es sur le site web de la commune ; mais soyons honn\u00eates - les informations importantes doivent parvenir rapidement et facilement aux citoyens.<\/p>\n<p>Si votre commune utilise des annonces num\u00e9riques ext\u00e9rieures, elle peut atteindre un large public. Gr\u00e2ce \u00e0 l'utilisation d'affichages num\u00e9riques, les municipalit\u00e9s et les villes peuvent informer leurs habitants en temps r\u00e9el avec des notifications efficaces.<\/p>\n<p>En outre, des informations importantes telles que les heures d'ouverture, la marche \u00e0 suivre, les r\u00e8gles d'hygi\u00e8ne, etc. peuvent \u00eatre mises en \u00e9vidence. Et ce dans toutes les langues possibles. Cela permet de toucher un plus grand nombre de personnes.<\/p>\n<p>Connaissez-vous une commune qui utilise l'affichage dynamique pour communiquer avec ses habitants ?<\/p>\n<p><a href=\"https:\/\/www.inputech.ch\/buergerinnen-muessen-immer-im-mittelpunkt-stehen\/\">D\u00e9couvrez dans notre blog pourquoi les panneaux d'information num\u00e9riques de plein air sont utiles aux communes.<\/a><\/p>\n<figure id=\"attachment_12296\" aria-describedby=\"caption-attachment-12296\" style=\"width: 680px\" class=\"wp-caption alignnone\"><img loading=\"lazy\" decoding=\"async\" class=\"size-full wp-image-12296\" src=\"https:\/\/www.organisator.ch\/wp-content\/uploads\/2022\/03\/BuergerInnen-muessen-immer-im-Mittelpunkt-stehen-3_Organisator.jpg\" alt=\"\" width=\"680\" height=\"420\" srcset=\"https:\/\/www.organisator.ch\/wp-content\/uploads\/2022\/03\/BuergerInnen-muessen-immer-im-Mittelpunkt-stehen-3_Organisator.jpg 680w, https:\/\/www.organisator.ch\/wp-content\/uploads\/2022\/03\/BuergerInnen-muessen-immer-im-Mittelpunkt-stehen-3_Organisator-18x12.jpg 18w, https:\/\/www.organisator.ch\/wp-content\/uploads\/2022\/03\/BuergerInnen-muessen-immer-im-Mittelpunkt-stehen-3_Organisator-283x175.jpg 283w, https:\/\/www.organisator.ch\/wp-content\/uploads\/2022\/03\/BuergerInnen-muessen-immer-im-Mittelpunkt-stehen-3_Organisator-567x350.jpg 567w, https:\/\/www.organisator.ch\/wp-content\/uploads\/2022\/03\/BuergerInnen-muessen-immer-im-Mittelpunkt-stehen-3_Organisator-300x185.jpg 300w\" sizes=\"auto, (max-width: 680px) 100vw, 680px\" \/><figcaption id=\"caption-attachment-12296\" class=\"wp-caption-text\">Exemple : Schaffhouse. (Image : Inputech)<\/figcaption><\/figure>\n<p>En tant que leader du march\u00e9 suisse, nous avons r\u00e9alis\u00e9 avec succ\u00e8s d'innombrables projets num\u00e9riques au cours des 30 derni\u00e8res ann\u00e9es. Inputech SA accompagne ses clients sur la voie de l'exploitation des opportunit\u00e9s offertes par la num\u00e9risation au profit de la population, des entreprises et de l'administration municipale.<\/p>\n<p><em>Pour commander d'autres r\u00e9f\u00e9rences et informations ou pour convenir d'un entretien de pr\u00e9sentation sans engagement, appelez le : +41 44 879 20 24 ou <a href=\"mailto:vito.puntillo@inputech.ch\">info@inputech.ch<\/a>.<\/em><\/p>","protected":false},"excerpt":{"rendered":"<p>Viele Bereiche in und um unser Leben ver\u00e4ndern sich durch die Digitalisierung. Dazu geh\u00f6rt auch die \u00f6ffentliche Hand wie Bund, St\u00e4dte und Kommunen. Daher ist es wenig \u00fcberraschend, dass vermehrt Smart-City-Projekte mit einzigartigen L\u00f6sungen auftauchen. Einige Beispiele sind Strassenlaternen, die die aktuelle Verkehrssituation analysieren, Apps, die verf\u00fcgbare Parkpl\u00e4tze anzeigen und digitale Outdoor Kioske die Stadtinformationen [&hellip;]<\/p>\n","protected":false},"author":4,"featured_media":0,"comment_status":"closed","ping_status":"closed","sticky":false,"template":"","format":"standard","meta":{"_acf_changed":false,"_yoast_wpseo_focuskw":"Inputech","_yoast_wpseo_metadesc":"Mit digitalen Anzeigen von Inputech nutzen Gemeinden ihr grosses Potenzial. Hierzu ist es wichtig, sich in die Menschen hineinzudenken.","articlekey":"","footnotes":""},"categories":[29],"tags":[3333,2770,156,231,308],"class_list":["post-16624","post","type-post","status-publish","format-standard","hentry","category-marketing","tag-digital-out-of-home","tag-digital-signage","tag-digitalisierung","tag-gemeinden","tag-kommunikation"],"acf":[],"yoast_head":"<!-- This site is optimized with the Yoast SEO plugin v27.4 - https:\/\/yoast.com\/product\/yoast-seo-wordpress\/ -->\n<title>B\u00fcrgerInnen m\u00fcssen immer im Mittelpunkt stehen - Organisator<\/title>\n<meta name=\"description\" content=\"Mit digitalen Anzeigen von Inputech nutzen Gemeinden ihr grosses Potenzial. Hierzu ist es wichtig, sich in die Menschen hineinzudenken.\" \/>\n<meta name=\"robots\" content=\"index, follow, max-snippet:-1, max-image-preview:large, max-video-preview:-1\" \/>\n<link rel=\"canonical\" href=\"https:\/\/www.organisator.ch\/fr\/marketing\/2022-08-25\/citoyennes-qui-ont-toujours-un-pied-dans-la-mort-2\/\" \/>\n<meta property=\"og:locale\" content=\"fr_FR\" \/>\n<meta property=\"og:type\" content=\"article\" \/>\n<meta property=\"og:title\" content=\"B\u00fcrgerInnen m\u00fcssen immer im Mittelpunkt stehen - Organisator\" \/>\n<meta property=\"og:description\" content=\"Mit digitalen Anzeigen von Inputech nutzen Gemeinden ihr grosses Potenzial. Hierzu ist es wichtig, sich in die Menschen hineinzudenken.\" \/>\n<meta property=\"og:url\" content=\"https:\/\/www.organisator.ch\/fr\/marketing\/2022-08-25\/citoyennes-qui-ont-toujours-un-pied-dans-la-mort-2\/\" \/>\n<meta property=\"og:site_name\" content=\"Organisator\" \/>\n<meta property=\"article:publisher\" content=\"https:\/\/www.facebook.com\/OrganisatorFachmagazin\" \/>\n<meta property=\"article:published_time\" content=\"2022-08-24T22:27:18+00:00\" \/>\n<meta property=\"og:image\" content=\"https:\/\/www.organisator.ch\/wp-content\/uploads\/2022\/03\/BuergerInnen-muessen-immer-im-Mittelpunkt-stehen-1_Organisator.jpg\" \/>\n<meta name=\"author\" content=\"thomas.berner\" \/>\n<meta name=\"twitter:card\" content=\"summary_large_image\" \/>\n<script type=\"application\/ld+json\" class=\"yoast-schema-graph\">{\"@context\":\"https:\\\/\\\/schema.org\",\"@graph\":[{\"@type\":\"Article\",\"@id\":\"https:\\\/\\\/www.organisator.ch\\\/marketing\\\/2022-08-25\\\/buergerinnen-muessen-immer-im-mittelpunkt-stehen-2\\\/#article\",\"isPartOf\":{\"@id\":\"https:\\\/\\\/www.organisator.ch\\\/marketing\\\/2022-08-25\\\/buergerinnen-muessen-immer-im-mittelpunkt-stehen-2\\\/\"},\"author\":{\"name\":\"thomas.berner\",\"@id\":\"https:\\\/\\\/www.organisator.ch\\\/#\\\/schema\\\/person\\\/6f650f90b2842cd4c0cc334b4e36f67e\"},\"headline\":\"B\u00fcrgerInnen m\u00fcssen immer im Mittelpunkt stehen\",\"datePublished\":\"2022-08-24T22:27:18+00:00\",\"mainEntityOfPage\":{\"@id\":\"https:\\\/\\\/www.organisator.ch\\\/marketing\\\/2022-08-25\\\/buergerinnen-muessen-immer-im-mittelpunkt-stehen-2\\\/\"},\"wordCount\":405,\"publisher\":{\"@id\":\"https:\\\/\\\/www.organisator.ch\\\/#organization\"},\"image\":{\"@id\":\"https:\\\/\\\/www.organisator.ch\\\/marketing\\\/2022-08-25\\\/buergerinnen-muessen-immer-im-mittelpunkt-stehen-2\\\/#primaryimage\"},\"thumbnailUrl\":\"https:\\\/\\\/www.organisator.ch\\\/wp-content\\\/uploads\\\/2022\\\/03\\\/BuergerInnen-muessen-immer-im-Mittelpunkt-stehen-1_Organisator.jpg\",\"keywords\":[\"Digital Out Of Home\",\"Digital Signage\",\"Digitalisierung\",\"Gemeinden\",\"Kommunikation\"],\"articleSection\":[\"MARKETING\"],\"inLanguage\":\"fr-FR\"},{\"@type\":\"WebPage\",\"@id\":\"https:\\\/\\\/www.organisator.ch\\\/marketing\\\/2022-08-25\\\/buergerinnen-muessen-immer-im-mittelpunkt-stehen-2\\\/\",\"url\":\"https:\\\/\\\/www.organisator.ch\\\/marketing\\\/2022-08-25\\\/buergerinnen-muessen-immer-im-mittelpunkt-stehen-2\\\/\",\"name\":\"B\u00fcrgerInnen m\u00fcssen immer im Mittelpunkt stehen - Organisator\",\"isPartOf\":{\"@id\":\"https:\\\/\\\/www.organisator.ch\\\/#website\"},\"primaryImageOfPage\":{\"@id\":\"https:\\\/\\\/www.organisator.ch\\\/marketing\\\/2022-08-25\\\/buergerinnen-muessen-immer-im-mittelpunkt-stehen-2\\\/#primaryimage\"},\"image\":{\"@id\":\"https:\\\/\\\/www.organisator.ch\\\/marketing\\\/2022-08-25\\\/buergerinnen-muessen-immer-im-mittelpunkt-stehen-2\\\/#primaryimage\"},\"thumbnailUrl\":\"https:\\\/\\\/www.organisator.ch\\\/wp-content\\\/uploads\\\/2022\\\/03\\\/BuergerInnen-muessen-immer-im-Mittelpunkt-stehen-1_Organisator.jpg\",\"datePublished\":\"2022-08-24T22:27:18+00:00\",\"description\":\"Mit digitalen Anzeigen von Inputech nutzen Gemeinden ihr grosses Potenzial. Hierzu ist es wichtig, sich in die Menschen hineinzudenken.\",\"breadcrumb\":{\"@id\":\"https:\\\/\\\/www.organisator.ch\\\/marketing\\\/2022-08-25\\\/buergerinnen-muessen-immer-im-mittelpunkt-stehen-2\\\/#breadcrumb\"},\"inLanguage\":\"fr-FR\",\"potentialAction\":[{\"@type\":\"ReadAction\",\"target\":[\"https:\\\/\\\/www.organisator.ch\\\/marketing\\\/2022-08-25\\\/buergerinnen-muessen-immer-im-mittelpunkt-stehen-2\\\/\"]}]},{\"@type\":\"ImageObject\",\"inLanguage\":\"fr-FR\",\"@id\":\"https:\\\/\\\/www.organisator.ch\\\/marketing\\\/2022-08-25\\\/buergerinnen-muessen-immer-im-mittelpunkt-stehen-2\\\/#primaryimage\",\"url\":\"https:\\\/\\\/www.organisator.ch\\\/wp-content\\\/uploads\\\/2022\\\/03\\\/BuergerInnen-muessen-immer-im-Mittelpunkt-stehen-1_Organisator.jpg\",\"contentUrl\":\"https:\\\/\\\/www.organisator.ch\\\/wp-content\\\/uploads\\\/2022\\\/03\\\/BuergerInnen-muessen-immer-im-Mittelpunkt-stehen-1_Organisator.jpg\"},{\"@type\":\"BreadcrumbList\",\"@id\":\"https:\\\/\\\/www.organisator.ch\\\/marketing\\\/2022-08-25\\\/buergerinnen-muessen-immer-im-mittelpunkt-stehen-2\\\/#breadcrumb\",\"itemListElement\":[{\"@type\":\"ListItem\",\"position\":1,\"name\":\"Home\",\"item\":\"https:\\\/\\\/www.organisator.ch\\\/\"},{\"@type\":\"ListItem\",\"position\":2,\"name\":\"B\u00fcrgerInnen m\u00fcssen immer im Mittelpunkt stehen\"}]},{\"@type\":\"WebSite\",\"@id\":\"https:\\\/\\\/www.organisator.ch\\\/#website\",\"url\":\"https:\\\/\\\/www.organisator.ch\\\/\",\"name\":\"Organisator\",\"description\":\"Kompetent. Praxisnah. Der ORGANISATOR bereitet in 10 Ausgaben pro Jahr die wesentlichen Themen f\u00fcr F\u00fchrungskr\u00e4fte von KMU auf.\",\"publisher\":{\"@id\":\"https:\\\/\\\/www.organisator.ch\\\/#organization\"},\"potentialAction\":[{\"@type\":\"SearchAction\",\"target\":{\"@type\":\"EntryPoint\",\"urlTemplate\":\"https:\\\/\\\/www.organisator.ch\\\/?s={search_term_string}\"},\"query-input\":{\"@type\":\"PropertyValueSpecification\",\"valueRequired\":true,\"valueName\":\"search_term_string\"}}],\"inLanguage\":\"fr-FR\"},{\"@type\":\"Organization\",\"@id\":\"https:\\\/\\\/www.organisator.ch\\\/#organization\",\"name\":\"Organisator\",\"url\":\"https:\\\/\\\/www.organisator.ch\\\/\",\"logo\":{\"@type\":\"ImageObject\",\"inLanguage\":\"fr-FR\",\"@id\":\"https:\\\/\\\/www.organisator.ch\\\/#\\\/schema\\\/logo\\\/image\\\/\",\"url\":\"https:\\\/\\\/www.organisator.ch\\\/wp-content\\\/uploads\\\/2022\\\/01\\\/Logo_Organisator_Website.png\",\"contentUrl\":\"https:\\\/\\\/www.organisator.ch\\\/wp-content\\\/uploads\\\/2022\\\/01\\\/Logo_Organisator_Website.png\",\"width\":800,\"height\":77,\"caption\":\"Organisator\"},\"image\":{\"@id\":\"https:\\\/\\\/www.organisator.ch\\\/#\\\/schema\\\/logo\\\/image\\\/\"},\"sameAs\":[\"https:\\\/\\\/www.facebook.com\\\/OrganisatorFachmagazin\",\"https:\\\/\\\/www.linkedin.com\\\/showcase\\\/organisator-das-magazin-fr-kmu\",\"https:\\\/\\\/www.xing.com\\\/news\\\/pages\\\/organisator-ch-695\",\"https:\\\/\\\/www.youtube.com\\\/channel\\\/UCGP2Sq0iWaZwT3BdIAQFYpw\"]},{\"@type\":\"Person\",\"@id\":\"https:\\\/\\\/www.organisator.ch\\\/#\\\/schema\\\/person\\\/6f650f90b2842cd4c0cc334b4e36f67e\",\"name\":\"thomas.berner\",\"image\":{\"@type\":\"ImageObject\",\"inLanguage\":\"fr-FR\",\"@id\":\"https:\\\/\\\/secure.gravatar.com\\\/avatar\\\/ac5001d2a36cb6c6cd3e50789007ffca834b477b74a2144564522e944eabff61?s=96&d=mm&r=g\",\"url\":\"https:\\\/\\\/secure.gravatar.com\\\/avatar\\\/ac5001d2a36cb6c6cd3e50789007ffca834b477b74a2144564522e944eabff61?s=96&d=mm&r=g\",\"contentUrl\":\"https:\\\/\\\/secure.gravatar.com\\\/avatar\\\/ac5001d2a36cb6c6cd3e50789007ffca834b477b74a2144564522e944eabff61?s=96&d=mm&r=g\",\"caption\":\"thomas.berner\"},\"url\":\"https:\\\/\\\/www.organisator.ch\\\/fr\\\/author\\\/thomas-berner\\\/\"}]}<\/script>\n<!-- \/ Yoast SEO plugin. -->","yoast_head_json":{"title":"Les citoyens doivent toujours \u00eatre au centre de l'attention - Organisateur","description":"Avec les affichages num\u00e9riques d'Inputech, les communes exploitent leur grand potentiel. Pour ce faire, il est important de se mettre \u00e0 la place des gens.","robots":{"index":"index","follow":"follow","max-snippet":"max-snippet:-1","max-image-preview":"max-image-preview:large","max-video-preview":"max-video-preview:-1"},"canonical":"https:\/\/www.organisator.ch\/fr\/marketing\/2022-08-25\/citoyennes-qui-ont-toujours-un-pied-dans-la-mort-2\/","og_locale":"fr_FR","og_type":"article","og_title":"B\u00fcrgerInnen m\u00fcssen immer im Mittelpunkt stehen - Organisator","og_description":"Mit digitalen Anzeigen von Inputech nutzen Gemeinden ihr grosses Potenzial. Hierzu ist es wichtig, sich in die Menschen hineinzudenken.","og_url":"https:\/\/www.organisator.ch\/fr\/marketing\/2022-08-25\/citoyennes-qui-ont-toujours-un-pied-dans-la-mort-2\/","og_site_name":"Organisator","article_publisher":"https:\/\/www.facebook.com\/OrganisatorFachmagazin","article_published_time":"2022-08-24T22:27:18+00:00","og_image":[{"url":"https:\/\/www.organisator.ch\/wp-content\/uploads\/2022\/03\/BuergerInnen-muessen-immer-im-Mittelpunkt-stehen-1_Organisator.jpg","type":"","width":"","height":""}],"author":"thomas.berner","twitter_card":"summary_large_image","schema":{"@context":"https:\/\/schema.org","@graph":[{"@type":"Article","@id":"https:\/\/www.organisator.ch\/marketing\/2022-08-25\/buergerinnen-muessen-immer-im-mittelpunkt-stehen-2\/#article","isPartOf":{"@id":"https:\/\/www.organisator.ch\/marketing\/2022-08-25\/buergerinnen-muessen-immer-im-mittelpunkt-stehen-2\/"},"author":{"name":"thomas.berner","@id":"https:\/\/www.organisator.ch\/#\/schema\/person\/6f650f90b2842cd4c0cc334b4e36f67e"},"headline":"B\u00fcrgerInnen m\u00fcssen immer im Mittelpunkt stehen","datePublished":"2022-08-24T22:27:18+00:00","mainEntityOfPage":{"@id":"https:\/\/www.organisator.ch\/marketing\/2022-08-25\/buergerinnen-muessen-immer-im-mittelpunkt-stehen-2\/"},"wordCount":405,"publisher":{"@id":"https:\/\/www.organisator.ch\/#organization"},"image":{"@id":"https:\/\/www.organisator.ch\/marketing\/2022-08-25\/buergerinnen-muessen-immer-im-mittelpunkt-stehen-2\/#primaryimage"},"thumbnailUrl":"https:\/\/www.organisator.ch\/wp-content\/uploads\/2022\/03\/BuergerInnen-muessen-immer-im-Mittelpunkt-stehen-1_Organisator.jpg","keywords":["Digital Out Of Home","Digital Signage","Digitalisierung","Gemeinden","Kommunikation"],"articleSection":["MARKETING"],"inLanguage":"fr-FR"},{"@type":"WebPage","@id":"https:\/\/www.organisator.ch\/marketing\/2022-08-25\/buergerinnen-muessen-immer-im-mittelpunkt-stehen-2\/","url":"https:\/\/www.organisator.ch\/marketing\/2022-08-25\/buergerinnen-muessen-immer-im-mittelpunkt-stehen-2\/","name":"Les citoyens doivent toujours \u00eatre au centre de l'attention - Organisateur","isPartOf":{"@id":"https:\/\/www.organisator.ch\/#website"},"primaryImageOfPage":{"@id":"https:\/\/www.organisator.ch\/marketing\/2022-08-25\/buergerinnen-muessen-immer-im-mittelpunkt-stehen-2\/#primaryimage"},"image":{"@id":"https:\/\/www.organisator.ch\/marketing\/2022-08-25\/buergerinnen-muessen-immer-im-mittelpunkt-stehen-2\/#primaryimage"},"thumbnailUrl":"https:\/\/www.organisator.ch\/wp-content\/uploads\/2022\/03\/BuergerInnen-muessen-immer-im-Mittelpunkt-stehen-1_Organisator.jpg","datePublished":"2022-08-24T22:27:18+00:00","description":"Avec les affichages num\u00e9riques d'Inputech, les communes exploitent leur grand potentiel. Pour ce faire, il est important de se mettre \u00e0 la place des gens.","breadcrumb":{"@id":"https:\/\/www.organisator.ch\/marketing\/2022-08-25\/buergerinnen-muessen-immer-im-mittelpunkt-stehen-2\/#breadcrumb"},"inLanguage":"fr-FR","potentialAction":[{"@type":"ReadAction","target":["https:\/\/www.organisator.ch\/marketing\/2022-08-25\/buergerinnen-muessen-immer-im-mittelpunkt-stehen-2\/"]}]},{"@type":"ImageObject","inLanguage":"fr-FR","@id":"https:\/\/www.organisator.ch\/marketing\/2022-08-25\/buergerinnen-muessen-immer-im-mittelpunkt-stehen-2\/#primaryimage","url":"https:\/\/www.organisator.ch\/wp-content\/uploads\/2022\/03\/BuergerInnen-muessen-immer-im-Mittelpunkt-stehen-1_Organisator.jpg","contentUrl":"https:\/\/www.organisator.ch\/wp-content\/uploads\/2022\/03\/BuergerInnen-muessen-immer-im-Mittelpunkt-stehen-1_Organisator.jpg"},{"@type":"BreadcrumbList","@id":"https:\/\/www.organisator.ch\/marketing\/2022-08-25\/buergerinnen-muessen-immer-im-mittelpunkt-stehen-2\/#breadcrumb","itemListElement":[{"@type":"ListItem","position":1,"name":"Home","item":"https:\/\/www.organisator.ch\/"},{"@type":"ListItem","position":2,"name":"B\u00fcrgerInnen m\u00fcssen immer im Mittelpunkt stehen"}]},{"@type":"WebSite","@id":"https:\/\/www.organisator.ch\/#website","url":"https:\/\/www.organisator.ch\/","name":"Organisateur","description":"Comp\u00e9tence et comp\u00e9tence. Proches de la pratique. L'ORGANISATEUR pr\u00e9pare 10 num\u00e9ros par an sur les th\u00e8mes essentiels pour les dirigeants de PME.","publisher":{"@id":"https:\/\/www.organisator.ch\/#organization"},"potentialAction":[{"@type":"SearchAction","target":{"@type":"EntryPoint","urlTemplate":"https:\/\/www.organisator.ch\/?s={search_term_string}"},"query-input":{"@type":"PropertyValueSpecification","valueRequired":true,"valueName":"search_term_string"}}],"inLanguage":"fr-FR"},{"@type":"Organization","@id":"https:\/\/www.organisator.ch\/#organization","name":"Organisateur","url":"https:\/\/www.organisator.ch\/","logo":{"@type":"ImageObject","inLanguage":"fr-FR","@id":"https:\/\/www.organisator.ch\/#\/schema\/logo\/image\/","url":"https:\/\/www.organisator.ch\/wp-content\/uploads\/2022\/01\/Logo_Organisator_Website.png","contentUrl":"https:\/\/www.organisator.ch\/wp-content\/uploads\/2022\/01\/Logo_Organisator_Website.png","width":800,"height":77,"caption":"Organisator"},"image":{"@id":"https:\/\/www.organisator.ch\/#\/schema\/logo\/image\/"},"sameAs":["https:\/\/www.facebook.com\/OrganisatorFachmagazin","https:\/\/www.linkedin.com\/showcase\/organisator-das-magazin-fr-kmu","https:\/\/www.xing.com\/news\/pages\/organisator-ch-695","https:\/\/www.youtube.com\/channel\/UCGP2Sq0iWaZwT3BdIAQFYpw"]},{"@type":"Person","@id":"https:\/\/www.organisator.ch\/#\/schema\/person\/6f650f90b2842cd4c0cc334b4e36f67e","name":"thomas.berner","image":{"@type":"ImageObject","inLanguage":"fr-FR","@id":"https:\/\/secure.gravatar.com\/avatar\/ac5001d2a36cb6c6cd3e50789007ffca834b477b74a2144564522e944eabff61?s=96&d=mm&r=g","url":"https:\/\/secure.gravatar.com\/avatar\/ac5001d2a36cb6c6cd3e50789007ffca834b477b74a2144564522e944eabff61?s=96&d=mm&r=g","contentUrl":"https:\/\/secure.gravatar.com\/avatar\/ac5001d2a36cb6c6cd3e50789007ffca834b477b74a2144564522e944eabff61?s=96&d=mm&r=g","caption":"thomas.berner"},"url":"https:\/\/www.organisator.ch\/fr\/author\/thomas-berner\/"}]}},"_links":{"self":[{"href":"https:\/\/www.organisator.ch\/fr\/wp-json\/wp\/v2\/posts\/16624","targetHints":{"allow":["GET"]}}],"collection":[{"href":"https:\/\/www.organisator.ch\/fr\/wp-json\/wp\/v2\/posts"}],"about":[{"href":"https:\/\/www.organisator.ch\/fr\/wp-json\/wp\/v2\/types\/post"}],"author":[{"embeddable":true,"href":"https:\/\/www.organisator.ch\/fr\/wp-json\/wp\/v2\/users\/4"}],"replies":[{"embeddable":true,"href":"https:\/\/www.organisator.ch\/fr\/wp-json\/wp\/v2\/comments?post=16624"}],"version-history":[{"count":2,"href":"https:\/\/www.organisator.ch\/fr\/wp-json\/wp\/v2\/posts\/16624\/revisions"}],"predecessor-version":[{"id":16626,"href":"https:\/\/www.organisator.ch\/fr\/wp-json\/wp\/v2\/posts\/16624\/revisions\/16626"}],"wp:attachment":[{"href":"https:\/\/www.organisator.ch\/fr\/wp-json\/wp\/v2\/media?parent=16624"}],"wp:term":[{"taxonomy":"category","embeddable":true,"href":"https:\/\/www.organisator.ch\/fr\/wp-json\/wp\/v2\/categories?post=16624"},{"taxonomy":"post_tag","embeddable":true,"href":"https:\/\/www.organisator.ch\/fr\/wp-json\/wp\/v2\/tags?post=16624"}],"curies":[{"name":"wp","href":"https:\/\/api.w.org\/{rel}","templated":true}]}}