{"id":16638,"date":"2022-08-22T14:30:21","date_gmt":"2022-08-22T12:30:21","guid":{"rendered":"https:\/\/www.werbewoche.ch\/?p=184743"},"modified":"2024-11-22T08:45:35","modified_gmt":"2024-11-22T07:45:35","slug":"quatre-livres-qui-pourraient-linteresser-7","status":"publish","type":"post","link":"https:\/\/www.organisator.ch\/fr\/marketing\/2022-08-22\/vier-buecher-die-sie-interessieren-koennten-7\/","title":{"rendered":"Quatre livres qui pourraient vous int\u00e9resser"},"content":{"rendered":"<p><img class=\"alignnone wp-image-184748 size-full\" src=\"https:\/\/www.werbewoche.ch\/wp-content\/uploads\/2022\/08\/Lesetipps-GetAbstract-August22.jpg\" sizes=\"(max-width: 1200px) 100vw, 1200px\" srcset=\"https:\/\/www.werbewoche.ch\/wp-content\/uploads\/2022\/08\/Lesetipps-GetAbstract-August22.jpg 1200w, https:\/\/www.werbewoche.ch\/wp-content\/uploads\/2022\/08\/Lesetipps-GetAbstract-August22-600x450.jpg 600w, https:\/\/www.werbewoche.ch\/wp-content\/uploads\/2022\/08\/Lesetipps-GetAbstract-August22-1024x767.jpg 1024w, https:\/\/www.werbewoche.ch\/wp-content\/uploads\/2022\/08\/Lesetipps-GetAbstract-August22-768x575.jpg 768w, https:\/\/www.werbewoche.ch\/wp-content\/uploads\/2022\/08\/Lesetipps-GetAbstract-August22-16x12.jpg 16w, https:\/\/www.werbewoche.ch\/wp-content\/uploads\/2022\/08\/Lesetipps-GetAbstract-August22-234x175.jpg 234w, https:\/\/www.werbewoche.ch\/wp-content\/uploads\/2022\/08\/Lesetipps-GetAbstract-August22-467x350.jpg 467w, https:\/\/www.werbewoche.ch\/wp-content\/uploads\/2022\/08\/Lesetipps-GetAbstract-August22-1000x749.jpg 1000w\" alt=\"Digital Bootcamp Marketing\" width=\"1200\" height=\"899\" \/><\/p>\r\n<p><strong>Bootcamp num\u00e9rique<\/strong><\/p>\r\n<p><em>Le manuel puissant pour le marketing num\u00e9rique, les ventes et les m\u00e9dias. <\/em><\/p>\r\n<ul>\r\n\t<li>Auteur : Martin Andree et Niklas van Husen<\/li>\r\n\t<li>Maison d'\u00e9dition : Campus Verlag, 2022<\/li>\r\n\t<li>Pages : 272<\/li>\r\n\t<li>ISBN : 9783593515489<\/li>\r\n<\/ul>\r\n<p>\"Faire, c'est comme vouloir, mais en plus gros\". Jamais auparavant les possibilit\u00e9s de marketing pour les entreprises, les start-ups et les ind\u00e9pendants n'ont \u00e9t\u00e9 aussi vari\u00e9es qu'aujourd'hui. Toutefois, on court le risque de se disperser et de ne pas obtenir de gain de connaissances \u00e0 cause de tous les buzzwords. Le Digital Bootcamp - une bo\u00eete \u00e0 outils sous forme de livre - y rem\u00e9die. Les auteurs parlent manifestement d'exp\u00e9rience : ils donnent des instructions pr\u00e9cises sur la mani\u00e8re d'agir et montrent les pi\u00e8ges \u00e0 \u00e9viter. Cela rend leur compendium pr\u00e9cieux pour tous ceux qui font de la publicit\u00e9, vendent et communiquent.<\/p>\r\n<p><img class=\"alignnone wp-image-184747 size-full\" src=\"https:\/\/www.werbewoche.ch\/wp-content\/uploads\/2022\/08\/digital-bootcamp.jpg\" sizes=\"(max-width: 1200px) 100vw, 1200px\" srcset=\"https:\/\/www.werbewoche.ch\/wp-content\/uploads\/2022\/08\/digital-bootcamp.jpg 1200w, https:\/\/www.werbewoche.ch\/wp-content\/uploads\/2022\/08\/digital-bootcamp-600x425.jpg 600w, https:\/\/www.werbewoche.ch\/wp-content\/uploads\/2022\/08\/digital-bootcamp-1024x725.jpg 1024w, https:\/\/www.werbewoche.ch\/wp-content\/uploads\/2022\/08\/digital-bootcamp-768x544.jpg 768w, https:\/\/www.werbewoche.ch\/wp-content\/uploads\/2022\/08\/digital-bootcamp-18x12.jpg 18w, https:\/\/www.werbewoche.ch\/wp-content\/uploads\/2022\/08\/digital-bootcamp-247x175.jpg 247w, https:\/\/www.werbewoche.ch\/wp-content\/uploads\/2022\/08\/digital-bootcamp-494x350.jpg 494w, https:\/\/www.werbewoche.ch\/wp-content\/uploads\/2022\/08\/digital-bootcamp-1000x708.jpg 1000w\" alt=\"Digital Bootcamp Marketing\" width=\"1200\" height=\"850\" \/><\/p>\r\n<p><strong>Salle de presse d'entreprise<\/strong><\/p>\r\n<ul>\r\n\t<li>Auteur : Christoph Moss<\/li>\r\n\t<li>Maison d'\u00e9dition : GABAL, 2022<\/li>\r\n\t<li>Pages : 96<\/li>\r\n\t<li>ISBN : 9783967391077<\/li>\r\n<\/ul>\r\n<p>La mutation num\u00e9rique a fait perdre de l'importance \u00e0 la publicit\u00e9 imprim\u00e9e et t\u00e9l\u00e9vis\u00e9e. Les entreprises doivent veiller elles-m\u00eames \u00e0 attirer l'attention du public sur les m\u00e9dias sociaux et autres plateformes num\u00e9riques - par exemple en abandonnant la s\u00e9paration traditionnelle entre marketing et RP et en r\u00e9unissant les deux domaines dans ce que l'on appelle une Corporate Newsroom. L'auteur explique \u00e9tape par \u00e9tape comment en installer une dans votre entreprise - de l'am\u00e9nagement des locaux \u00e0 l'analyse des r\u00e9sultats en passant par le d\u00e9veloppement d'un outil de planification.<\/p>\r\n<p><img class=\"alignnone wp-image-184746 size-full\" src=\"https:\/\/www.werbewoche.ch\/wp-content\/uploads\/2022\/08\/corporate-newsroom.jpg\" sizes=\"(max-width: 1200px) 100vw, 1200px\" srcset=\"https:\/\/www.werbewoche.ch\/wp-content\/uploads\/2022\/08\/corporate-newsroom.jpg 1200w, https:\/\/www.werbewoche.ch\/wp-content\/uploads\/2022\/08\/corporate-newsroom-600x425.jpg 600w, https:\/\/www.werbewoche.ch\/wp-content\/uploads\/2022\/08\/corporate-newsroom-1024x725.jpg 1024w, https:\/\/www.werbewoche.ch\/wp-content\/uploads\/2022\/08\/corporate-newsroom-768x544.jpg 768w, https:\/\/www.werbewoche.ch\/wp-content\/uploads\/2022\/08\/corporate-newsroom-18x12.jpg 18w, https:\/\/www.werbewoche.ch\/wp-content\/uploads\/2022\/08\/corporate-newsroom-247x175.jpg 247w, https:\/\/www.werbewoche.ch\/wp-content\/uploads\/2022\/08\/corporate-newsroom-494x350.jpg 494w, https:\/\/www.werbewoche.ch\/wp-content\/uploads\/2022\/08\/corporate-newsroom-1000x708.jpg 1000w\" alt=\"Digital Bootcamp Marketing\" width=\"1200\" height=\"850\" \/><\/p>\r\n<p><strong>Parler ensemble 3 : L'\"\u00e9quipe interne\" et la communication adapt\u00e9e \u00e0 la situation<\/strong><\/p>\r\n<p><em>Communication, personne, situation. <\/em><\/p>\r\n<ul>\r\n\t<li>Auteur : Friedemann Schulz von Thun<\/li>\r\n\t<li>Maison d'\u00e9dition : Rowohlt Verlag, 2016<\/li>\r\n\t<li>Pages : 400<\/li>\r\n\t<li>ISBN : 9783499605451<\/li>\r\n<\/ul>\r\n<p>Apr\u00e8s Parler ensemble 1 avec le mod\u00e8le des quatre c\u00f4t\u00e9s et Parler ensemble 2 avec le carr\u00e9 des valeurs et du d\u00e9veloppement, le volume 3 sur l'\"\u00e9quipe int\u00e9rieure\" cl\u00f4t la trilogie pionni\u00e8re du psychologue de la communication Friedemann Schulz von Thun. Les trois volumes se compl\u00e8tent mutuellement. Ils sont extr\u00eamement utiles pour mieux communiquer et se d\u00e9velopper personnellement. Dans ce volume, il s'agit de comprendre les diff\u00e9rentes parties de notre personnalit\u00e9 comme une \u00e9quipe qui doit \u00eatre harmonis\u00e9e pour que nous puissions communiquer de mani\u00e8re coh\u00e9rente.<\/p>\r\n<p><img class=\"alignnone size-full wp-image-184745\" src=\"https:\/\/www.werbewoche.ch\/wp-content\/uploads\/2022\/08\/miteinander-reden-3.jpg\" sizes=\"(max-width: 1200px) 100vw, 1200px\" srcset=\"https:\/\/www.werbewoche.ch\/wp-content\/uploads\/2022\/08\/miteinander-reden-3.jpg 1200w, https:\/\/www.werbewoche.ch\/wp-content\/uploads\/2022\/08\/miteinander-reden-3-600x425.jpg 600w, https:\/\/www.werbewoche.ch\/wp-content\/uploads\/2022\/08\/miteinander-reden-3-1024x725.jpg 1024w, https:\/\/www.werbewoche.ch\/wp-content\/uploads\/2022\/08\/miteinander-reden-3-768x544.jpg 768w, https:\/\/www.werbewoche.ch\/wp-content\/uploads\/2022\/08\/miteinander-reden-3-18x12.jpg 18w, https:\/\/www.werbewoche.ch\/wp-content\/uploads\/2022\/08\/miteinander-reden-3-247x175.jpg 247w, https:\/\/www.werbewoche.ch\/wp-content\/uploads\/2022\/08\/miteinander-reden-3-494x350.jpg 494w, https:\/\/www.werbewoche.ch\/wp-content\/uploads\/2022\/08\/miteinander-reden-3-1000x708.jpg 1000w\" alt=\"\" width=\"1200\" height=\"850\" \/><\/p>\r\n<p><strong>Heureux sans raison<\/strong><\/p>\r\n<p><em>Comment trouver l'\u00e9panouissement au travail, m\u00eame sans but pr\u00e9cis. <\/em><\/p>\r\n<ul>\r\n\t<li>Auteur : Ingo Hamm<\/li>\r\n\t<li>Maison d'\u00e9dition : Vahlen Verlag, 2021<\/li>\r\n\t<li>Pages : 259<\/li>\r\n\t<li>ISBN : 9783800667598<\/li>\r\n<\/ul>\r\n<p>Un spectre hante les entreprises occidentales : la peur de perdre la bataille des talents. C'est pourquoi elles offrent \u00e0 leurs employ\u00e9s des Deskbikes, des Napping Rooms ou des marques de boissons et mettent la cerise sur le g\u00e2teau avec un \"Noble Purpose\". Les collaborateurs sont ainsi cens\u00e9s \u00eatre motiv\u00e9s, car ils contribuent un peu \u00e0 sauver le monde. Foutaises, estime Ingo Hamm, qui argumente de mani\u00e8re tr\u00e8s amusante et avec de nombreuses r\u00e9f\u00e9rences crois\u00e9es. Il explique surtout comment on peut se tailler son propre bonheur de vivre sans avoir recours \u00e0 des professionnels du sens.<\/p>\r\n<p><img class=\"alignnone size-full wp-image-184744\" src=\"https:\/\/www.werbewoche.ch\/wp-content\/uploads\/2022\/08\/sinnlos-gluecklich.jpg\" sizes=\"(max-width: 1020px) 100vw, 1020px\" srcset=\"https:\/\/www.werbewoche.ch\/wp-content\/uploads\/2022\/08\/sinnlos-gluecklich.jpg 1020w, https:\/\/www.werbewoche.ch\/wp-content\/uploads\/2022\/08\/sinnlos-gluecklich-600x425.jpg 600w, https:\/\/www.werbewoche.ch\/wp-content\/uploads\/2022\/08\/sinnlos-gluecklich-768x544.jpg 768w, https:\/\/www.werbewoche.ch\/wp-content\/uploads\/2022\/08\/sinnlos-gluecklich-18x12.jpg 18w, https:\/\/www.werbewoche.ch\/wp-content\/uploads\/2022\/08\/sinnlos-gluecklich-247x175.jpg 247w, https:\/\/www.werbewoche.ch\/wp-content\/uploads\/2022\/08\/sinnlos-gluecklich-494x350.jpg 494w, https:\/\/www.werbewoche.ch\/wp-content\/uploads\/2022\/08\/sinnlos-gluecklich-1000x708.jpg 1000w\" alt=\"\" width=\"1020\" height=\"722\" \/><\/p>","protected":false},"excerpt":{"rendered":"<p>Digital Bootcamp Das Power-Handbuch f\u00fcr digitales Marketing, Sales &amp; Media. Autor: Martin Andree und Niklas van Husen Verlag: Campus Verlag, 2022 Seiten: 272 ISBN: 9783593515489 \u00abMachen ist wie wollen, nur krasser.\u00bb Nie zuvor waren die Marketingm\u00f6glichkeiten f\u00fcr Unternehmen, Start-ups und Selbstst\u00e4ndige so vielf\u00e4ltig wie heute. Allerdings l\u00e4uft man Gefahr, sich zu verzetteln und vor lauter [\u2026]<\/p>\n","protected":false},"author":8,"featured_media":0,"comment_status":"closed","ping_status":"closed","sticky":false,"template":"","format":"standard","meta":{"_acf_changed":false,"_yoast_wpseo_focuskw":"Digital Bootcamp Marketing","_yoast_wpseo_metadesc":"Das Digital Bootcamp bietet praxisnahe Anleitungen f\u00fcr digitales Marketing, Sales und Media. Ein wertvoller Werkzeugkasten f\u00fcr alle Werbetreibenden.","articlekey":"","footnotes":""},"categories":[29],"tags":[151,4792,339,4791,4189],"class_list":["post-16638","post","type-post","status-publish","format-standard","hentry","category-marketing","tag-digital","tag-handbuch","tag-marketing","tag-media","tag-sales"],"acf":[],"yoast_head":"<!-- This site is optimized with the Yoast SEO plugin v27.4 - https:\/\/yoast.com\/product\/yoast-seo-wordpress\/ -->\n<title>Vier B\u00fccher, die Sie interessieren k\u00f6nnten - Organisator<\/title>\n<meta name=\"description\" content=\"Das Digital Bootcamp bietet praxisnahe Anleitungen f\u00fcr digitales Marketing, Sales und Media. Ein wertvoller Werkzeugkasten f\u00fcr alle Werbetreibenden.\" \/>\n<meta name=\"robots\" content=\"index, follow, max-snippet:-1, max-image-preview:large, max-video-preview:-1\" \/>\n<link rel=\"canonical\" href=\"https:\/\/www.organisator.ch\/fr\/marketing\/2022-08-22\/quatre-livres-qui-pourraient-linteresser-7\/\" \/>\n<meta property=\"og:locale\" content=\"fr_FR\" \/>\n<meta property=\"og:type\" content=\"article\" \/>\n<meta property=\"og:title\" content=\"Vier B\u00fccher, die Sie interessieren k\u00f6nnten - Organisator\" \/>\n<meta property=\"og:description\" content=\"Das Digital Bootcamp bietet praxisnahe Anleitungen f\u00fcr digitales Marketing, Sales und Media. Ein wertvoller Werkzeugkasten f\u00fcr alle Werbetreibenden.\" \/>\n<meta property=\"og:url\" content=\"https:\/\/www.organisator.ch\/fr\/marketing\/2022-08-22\/quatre-livres-qui-pourraient-linteresser-7\/\" \/>\n<meta property=\"og:site_name\" content=\"Organisator\" \/>\n<meta property=\"article:publisher\" content=\"https:\/\/www.facebook.com\/OrganisatorFachmagazin\" \/>\n<meta property=\"article:published_time\" content=\"2022-08-22T12:30:21+00:00\" \/>\n<meta property=\"article:modified_time\" content=\"2024-11-22T07:45:35+00:00\" \/>\n<meta name=\"author\" content=\"galledia\" \/>\n<meta name=\"twitter:card\" content=\"summary_large_image\" \/>\n<meta name=\"twitter:creator\" content=\"@admin\" \/>\n<script type=\"application\/ld+json\" class=\"yoast-schema-graph\">{\"@context\":\"https:\\\/\\\/schema.org\",\"@graph\":[{\"@type\":\"Article\",\"@id\":\"https:\\\/\\\/www.organisator.ch\\\/marketing\\\/2022-08-22\\\/vier-buecher-die-sie-interessieren-koennten-7\\\/#article\",\"isPartOf\":{\"@id\":\"https:\\\/\\\/www.organisator.ch\\\/marketing\\\/2022-08-22\\\/vier-buecher-die-sie-interessieren-koennten-7\\\/\"},\"author\":{\"name\":\"galledia\",\"@id\":\"https:\\\/\\\/www.organisator.ch\\\/#\\\/schema\\\/person\\\/4e51799071cd2dd1232ac003643ef5f0\"},\"headline\":\"Vier B\u00fccher, die Sie interessieren k\u00f6nnten\",\"datePublished\":\"2022-08-22T12:30:21+00:00\",\"dateModified\":\"2024-11-22T07:45:35+00:00\",\"mainEntityOfPage\":{\"@id\":\"https:\\\/\\\/www.organisator.ch\\\/marketing\\\/2022-08-22\\\/vier-buecher-die-sie-interessieren-koennten-7\\\/\"},\"wordCount\":412,\"publisher\":{\"@id\":\"https:\\\/\\\/www.organisator.ch\\\/#organization\"},\"image\":{\"@id\":\"https:\\\/\\\/www.organisator.ch\\\/marketing\\\/2022-08-22\\\/vier-buecher-die-sie-interessieren-koennten-7\\\/#primaryimage\"},\"thumbnailUrl\":\"https:\\\/\\\/www.werbewoche.ch\\\/wp-content\\\/uploads\\\/2022\\\/08\\\/Lesetipps-GetAbstract-August22.jpg\",\"keywords\":[\"Digital\",\"Handbuch\",\"Marketing\",\"Media\",\"Sales\"],\"articleSection\":[\"MARKETING\"],\"inLanguage\":\"fr-FR\"},{\"@type\":\"WebPage\",\"@id\":\"https:\\\/\\\/www.organisator.ch\\\/marketing\\\/2022-08-22\\\/vier-buecher-die-sie-interessieren-koennten-7\\\/\",\"url\":\"https:\\\/\\\/www.organisator.ch\\\/marketing\\\/2022-08-22\\\/vier-buecher-die-sie-interessieren-koennten-7\\\/\",\"name\":\"Vier B\u00fccher, die Sie interessieren k\u00f6nnten - Organisator\",\"isPartOf\":{\"@id\":\"https:\\\/\\\/www.organisator.ch\\\/#website\"},\"primaryImageOfPage\":{\"@id\":\"https:\\\/\\\/www.organisator.ch\\\/marketing\\\/2022-08-22\\\/vier-buecher-die-sie-interessieren-koennten-7\\\/#primaryimage\"},\"image\":{\"@id\":\"https:\\\/\\\/www.organisator.ch\\\/marketing\\\/2022-08-22\\\/vier-buecher-die-sie-interessieren-koennten-7\\\/#primaryimage\"},\"thumbnailUrl\":\"https:\\\/\\\/www.werbewoche.ch\\\/wp-content\\\/uploads\\\/2022\\\/08\\\/Lesetipps-GetAbstract-August22.jpg\",\"datePublished\":\"2022-08-22T12:30:21+00:00\",\"dateModified\":\"2024-11-22T07:45:35+00:00\",\"description\":\"Das Digital Bootcamp bietet praxisnahe Anleitungen f\u00fcr digitales Marketing, Sales und Media. Ein wertvoller Werkzeugkasten f\u00fcr alle Werbetreibenden.\",\"breadcrumb\":{\"@id\":\"https:\\\/\\\/www.organisator.ch\\\/marketing\\\/2022-08-22\\\/vier-buecher-die-sie-interessieren-koennten-7\\\/#breadcrumb\"},\"inLanguage\":\"fr-FR\",\"potentialAction\":[{\"@type\":\"ReadAction\",\"target\":[\"https:\\\/\\\/www.organisator.ch\\\/marketing\\\/2022-08-22\\\/vier-buecher-die-sie-interessieren-koennten-7\\\/\"]}]},{\"@type\":\"ImageObject\",\"inLanguage\":\"fr-FR\",\"@id\":\"https:\\\/\\\/www.organisator.ch\\\/marketing\\\/2022-08-22\\\/vier-buecher-die-sie-interessieren-koennten-7\\\/#primaryimage\",\"url\":\"https:\\\/\\\/www.werbewoche.ch\\\/wp-content\\\/uploads\\\/2022\\\/08\\\/Lesetipps-GetAbstract-August22.jpg\",\"contentUrl\":\"https:\\\/\\\/www.werbewoche.ch\\\/wp-content\\\/uploads\\\/2022\\\/08\\\/Lesetipps-GetAbstract-August22.jpg\"},{\"@type\":\"BreadcrumbList\",\"@id\":\"https:\\\/\\\/www.organisator.ch\\\/marketing\\\/2022-08-22\\\/vier-buecher-die-sie-interessieren-koennten-7\\\/#breadcrumb\",\"itemListElement\":[{\"@type\":\"ListItem\",\"position\":1,\"name\":\"Home\",\"item\":\"https:\\\/\\\/www.organisator.ch\\\/\"},{\"@type\":\"ListItem\",\"position\":2,\"name\":\"Vier B\u00fccher, die Sie interessieren k\u00f6nnten\"}]},{\"@type\":\"WebSite\",\"@id\":\"https:\\\/\\\/www.organisator.ch\\\/#website\",\"url\":\"https:\\\/\\\/www.organisator.ch\\\/\",\"name\":\"Organisator\",\"description\":\"Kompetent. Praxisnah. Der ORGANISATOR bereitet in 10 Ausgaben pro Jahr die wesentlichen Themen f\u00fcr F\u00fchrungskr\u00e4fte von KMU auf.\",\"publisher\":{\"@id\":\"https:\\\/\\\/www.organisator.ch\\\/#organization\"},\"potentialAction\":[{\"@type\":\"SearchAction\",\"target\":{\"@type\":\"EntryPoint\",\"urlTemplate\":\"https:\\\/\\\/www.organisator.ch\\\/?s={search_term_string}\"},\"query-input\":{\"@type\":\"PropertyValueSpecification\",\"valueRequired\":true,\"valueName\":\"search_term_string\"}}],\"inLanguage\":\"fr-FR\"},{\"@type\":\"Organization\",\"@id\":\"https:\\\/\\\/www.organisator.ch\\\/#organization\",\"name\":\"Organisator\",\"url\":\"https:\\\/\\\/www.organisator.ch\\\/\",\"logo\":{\"@type\":\"ImageObject\",\"inLanguage\":\"fr-FR\",\"@id\":\"https:\\\/\\\/www.organisator.ch\\\/#\\\/schema\\\/logo\\\/image\\\/\",\"url\":\"https:\\\/\\\/www.organisator.ch\\\/wp-content\\\/uploads\\\/2022\\\/01\\\/Logo_Organisator_Website.png\",\"contentUrl\":\"https:\\\/\\\/www.organisator.ch\\\/wp-content\\\/uploads\\\/2022\\\/01\\\/Logo_Organisator_Website.png\",\"width\":800,\"height\":77,\"caption\":\"Organisator\"},\"image\":{\"@id\":\"https:\\\/\\\/www.organisator.ch\\\/#\\\/schema\\\/logo\\\/image\\\/\"},\"sameAs\":[\"https:\\\/\\\/www.facebook.com\\\/OrganisatorFachmagazin\",\"https:\\\/\\\/www.linkedin.com\\\/showcase\\\/organisator-das-magazin-fr-kmu\",\"https:\\\/\\\/www.xing.com\\\/news\\\/pages\\\/organisator-ch-695\",\"https:\\\/\\\/www.youtube.com\\\/channel\\\/UCGP2Sq0iWaZwT3BdIAQFYpw\"]},{\"@type\":\"Person\",\"@id\":\"https:\\\/\\\/www.organisator.ch\\\/#\\\/schema\\\/person\\\/4e51799071cd2dd1232ac003643ef5f0\",\"name\":\"galledia\",\"image\":{\"@type\":\"ImageObject\",\"inLanguage\":\"fr-FR\",\"@id\":\"https:\\\/\\\/secure.gravatar.com\\\/avatar\\\/78a7f90c01fc2bfc875782a0d4922b37cde2cf184ce347b91316d23cd7f69a36?s=96&d=mm&r=g\",\"url\":\"https:\\\/\\\/secure.gravatar.com\\\/avatar\\\/78a7f90c01fc2bfc875782a0d4922b37cde2cf184ce347b91316d23cd7f69a36?s=96&d=mm&r=g\",\"contentUrl\":\"https:\\\/\\\/secure.gravatar.com\\\/avatar\\\/78a7f90c01fc2bfc875782a0d4922b37cde2cf184ce347b91316d23cd7f69a36?s=96&d=mm&r=g\",\"caption\":\"galledia\"},\"sameAs\":[\"https:\\\/\\\/x.com\\\/admin\"],\"url\":\"https:\\\/\\\/www.organisator.ch\\\/fr\\\/author\\\/galledia\\\/\"}]}<\/script>\n<!-- \/ Yoast SEO plugin. -->","yoast_head_json":{"title":"Quatre livres qui pourraient vous int\u00e9resser - Organisateur","description":"Le Digital Bootcamp propose des instructions pratiques pour le marketing num\u00e9rique, les ventes et les m\u00e9dias. Une bo\u00eete \u00e0 outils pr\u00e9cieuse pour tous les annonceurs.","robots":{"index":"index","follow":"follow","max-snippet":"max-snippet:-1","max-image-preview":"max-image-preview:large","max-video-preview":"max-video-preview:-1"},"canonical":"https:\/\/www.organisator.ch\/fr\/marketing\/2022-08-22\/quatre-livres-qui-pourraient-linteresser-7\/","og_locale":"fr_FR","og_type":"article","og_title":"Vier B\u00fccher, die Sie interessieren k\u00f6nnten - Organisator","og_description":"Das Digital Bootcamp bietet praxisnahe Anleitungen f\u00fcr digitales Marketing, Sales und Media. Ein wertvoller Werkzeugkasten f\u00fcr alle Werbetreibenden.","og_url":"https:\/\/www.organisator.ch\/fr\/marketing\/2022-08-22\/quatre-livres-qui-pourraient-linteresser-7\/","og_site_name":"Organisator","article_publisher":"https:\/\/www.facebook.com\/OrganisatorFachmagazin","article_published_time":"2022-08-22T12:30:21+00:00","article_modified_time":"2024-11-22T07:45:35+00:00","author":"galledia","twitter_card":"summary_large_image","twitter_creator":"@admin","schema":{"@context":"https:\/\/schema.org","@graph":[{"@type":"Article","@id":"https:\/\/www.organisator.ch\/marketing\/2022-08-22\/vier-buecher-die-sie-interessieren-koennten-7\/#article","isPartOf":{"@id":"https:\/\/www.organisator.ch\/marketing\/2022-08-22\/vier-buecher-die-sie-interessieren-koennten-7\/"},"author":{"name":"galledia","@id":"https:\/\/www.organisator.ch\/#\/schema\/person\/4e51799071cd2dd1232ac003643ef5f0"},"headline":"Vier B\u00fccher, die Sie interessieren k\u00f6nnten","datePublished":"2022-08-22T12:30:21+00:00","dateModified":"2024-11-22T07:45:35+00:00","mainEntityOfPage":{"@id":"https:\/\/www.organisator.ch\/marketing\/2022-08-22\/vier-buecher-die-sie-interessieren-koennten-7\/"},"wordCount":412,"publisher":{"@id":"https:\/\/www.organisator.ch\/#organization"},"image":{"@id":"https:\/\/www.organisator.ch\/marketing\/2022-08-22\/vier-buecher-die-sie-interessieren-koennten-7\/#primaryimage"},"thumbnailUrl":"https:\/\/www.werbewoche.ch\/wp-content\/uploads\/2022\/08\/Lesetipps-GetAbstract-August22.jpg","keywords":["Digital","Handbuch","Marketing","Media","Sales"],"articleSection":["MARKETING"],"inLanguage":"fr-FR"},{"@type":"WebPage","@id":"https:\/\/www.organisator.ch\/marketing\/2022-08-22\/vier-buecher-die-sie-interessieren-koennten-7\/","url":"https:\/\/www.organisator.ch\/marketing\/2022-08-22\/vier-buecher-die-sie-interessieren-koennten-7\/","name":"Quatre livres qui pourraient vous int\u00e9resser - Organisateur","isPartOf":{"@id":"https:\/\/www.organisator.ch\/#website"},"primaryImageOfPage":{"@id":"https:\/\/www.organisator.ch\/marketing\/2022-08-22\/vier-buecher-die-sie-interessieren-koennten-7\/#primaryimage"},"image":{"@id":"https:\/\/www.organisator.ch\/marketing\/2022-08-22\/vier-buecher-die-sie-interessieren-koennten-7\/#primaryimage"},"thumbnailUrl":"https:\/\/www.werbewoche.ch\/wp-content\/uploads\/2022\/08\/Lesetipps-GetAbstract-August22.jpg","datePublished":"2022-08-22T12:30:21+00:00","dateModified":"2024-11-22T07:45:35+00:00","description":"Le Digital Bootcamp propose des instructions pratiques pour le marketing num\u00e9rique, les ventes et les m\u00e9dias. Une bo\u00eete \u00e0 outils pr\u00e9cieuse pour tous les annonceurs.","breadcrumb":{"@id":"https:\/\/www.organisator.ch\/marketing\/2022-08-22\/vier-buecher-die-sie-interessieren-koennten-7\/#breadcrumb"},"inLanguage":"fr-FR","potentialAction":[{"@type":"ReadAction","target":["https:\/\/www.organisator.ch\/marketing\/2022-08-22\/vier-buecher-die-sie-interessieren-koennten-7\/"]}]},{"@type":"ImageObject","inLanguage":"fr-FR","@id":"https:\/\/www.organisator.ch\/marketing\/2022-08-22\/vier-buecher-die-sie-interessieren-koennten-7\/#primaryimage","url":"https:\/\/www.werbewoche.ch\/wp-content\/uploads\/2022\/08\/Lesetipps-GetAbstract-August22.jpg","contentUrl":"https:\/\/www.werbewoche.ch\/wp-content\/uploads\/2022\/08\/Lesetipps-GetAbstract-August22.jpg"},{"@type":"BreadcrumbList","@id":"https:\/\/www.organisator.ch\/marketing\/2022-08-22\/vier-buecher-die-sie-interessieren-koennten-7\/#breadcrumb","itemListElement":[{"@type":"ListItem","position":1,"name":"Home","item":"https:\/\/www.organisator.ch\/"},{"@type":"ListItem","position":2,"name":"Vier B\u00fccher, die Sie interessieren k\u00f6nnten"}]},{"@type":"WebSite","@id":"https:\/\/www.organisator.ch\/#website","url":"https:\/\/www.organisator.ch\/","name":"Organisateur","description":"Comp\u00e9tence et comp\u00e9tence. Proches de la pratique. L'ORGANISATEUR pr\u00e9pare 10 num\u00e9ros par an sur les th\u00e8mes essentiels pour les dirigeants de PME.","publisher":{"@id":"https:\/\/www.organisator.ch\/#organization"},"potentialAction":[{"@type":"SearchAction","target":{"@type":"EntryPoint","urlTemplate":"https:\/\/www.organisator.ch\/?s={search_term_string}"},"query-input":{"@type":"PropertyValueSpecification","valueRequired":true,"valueName":"search_term_string"}}],"inLanguage":"fr-FR"},{"@type":"Organization","@id":"https:\/\/www.organisator.ch\/#organization","name":"Organisateur","url":"https:\/\/www.organisator.ch\/","logo":{"@type":"ImageObject","inLanguage":"fr-FR","@id":"https:\/\/www.organisator.ch\/#\/schema\/logo\/image\/","url":"https:\/\/www.organisator.ch\/wp-content\/uploads\/2022\/01\/Logo_Organisator_Website.png","contentUrl":"https:\/\/www.organisator.ch\/wp-content\/uploads\/2022\/01\/Logo_Organisator_Website.png","width":800,"height":77,"caption":"Organisator"},"image":{"@id":"https:\/\/www.organisator.ch\/#\/schema\/logo\/image\/"},"sameAs":["https:\/\/www.facebook.com\/OrganisatorFachmagazin","https:\/\/www.linkedin.com\/showcase\/organisator-das-magazin-fr-kmu","https:\/\/www.xing.com\/news\/pages\/organisator-ch-695","https:\/\/www.youtube.com\/channel\/UCGP2Sq0iWaZwT3BdIAQFYpw"]},{"@type":"Person","@id":"https:\/\/www.organisator.ch\/#\/schema\/person\/4e51799071cd2dd1232ac003643ef5f0","name":"galledia","image":{"@type":"ImageObject","inLanguage":"fr-FR","@id":"https:\/\/secure.gravatar.com\/avatar\/78a7f90c01fc2bfc875782a0d4922b37cde2cf184ce347b91316d23cd7f69a36?s=96&d=mm&r=g","url":"https:\/\/secure.gravatar.com\/avatar\/78a7f90c01fc2bfc875782a0d4922b37cde2cf184ce347b91316d23cd7f69a36?s=96&d=mm&r=g","contentUrl":"https:\/\/secure.gravatar.com\/avatar\/78a7f90c01fc2bfc875782a0d4922b37cde2cf184ce347b91316d23cd7f69a36?s=96&d=mm&r=g","caption":"galledia"},"sameAs":["https:\/\/x.com\/admin"],"url":"https:\/\/www.organisator.ch\/fr\/author\/galledia\/"}]}},"_links":{"self":[{"href":"https:\/\/www.organisator.ch\/fr\/wp-json\/wp\/v2\/posts\/16638","targetHints":{"allow":["GET"]}}],"collection":[{"href":"https:\/\/www.organisator.ch\/fr\/wp-json\/wp\/v2\/posts"}],"about":[{"href":"https:\/\/www.organisator.ch\/fr\/wp-json\/wp\/v2\/types\/post"}],"author":[{"embeddable":true,"href":"https:\/\/www.organisator.ch\/fr\/wp-json\/wp\/v2\/users\/8"}],"replies":[{"embeddable":true,"href":"https:\/\/www.organisator.ch\/fr\/wp-json\/wp\/v2\/comments?post=16638"}],"version-history":[{"count":3,"href":"https:\/\/www.organisator.ch\/fr\/wp-json\/wp\/v2\/posts\/16638\/revisions"}],"predecessor-version":[{"id":33866,"href":"https:\/\/www.organisator.ch\/fr\/wp-json\/wp\/v2\/posts\/16638\/revisions\/33866"}],"wp:attachment":[{"href":"https:\/\/www.organisator.ch\/fr\/wp-json\/wp\/v2\/media?parent=16638"}],"wp:term":[{"taxonomy":"category","embeddable":true,"href":"https:\/\/www.organisator.ch\/fr\/wp-json\/wp\/v2\/categories?post=16638"},{"taxonomy":"post_tag","embeddable":true,"href":"https:\/\/www.organisator.ch\/fr\/wp-json\/wp\/v2\/tags?post=16638"}],"curies":[{"name":"wp","href":"https:\/\/api.w.org\/{rel}","templated":true}]}}