{"id":1664,"date":"2017-03-23T08:54:07","date_gmt":"2017-03-23T07:54:07","guid":{"rendered":"https:\/\/www.organisator.ch\/?p=1664"},"modified":"2017-03-23T08:54:07","modified_gmt":"2017-03-23T07:54:07","slug":"der-umgang-mit-der-generation-z","status":"publish","type":"post","link":"https:\/\/www.organisator.ch\/fr\/human-resources\/hrm\/2017-03-23\/der-umgang-mit-der-generation-z\/","title":{"rendered":"La gestion de la g\u00e9n\u00e9ration Z"},"content":{"rendered":"<figure id=\"attachment_1666\" aria-describedby=\"caption-attachment-1666\" style=\"width: 480px\" class=\"wp-caption alignnone\"><img loading=\"lazy\" decoding=\"async\" class=\"size-full wp-image-1666\" src=\"https:\/\/www.organisator.ch\/wp-content\/uploads\/2017\/03\/Der-Umgang-mit-der-Generation-Z-1_Organisator.jpg\" alt=\"\" width=\"480\" height=\"578\" srcset=\"https:\/\/www.organisator.ch\/wp-content\/uploads\/2017\/03\/Der-Umgang-mit-der-Generation-Z-1_Organisator.jpg 480w, https:\/\/www.organisator.ch\/wp-content\/uploads\/2017\/03\/Der-Umgang-mit-der-Generation-Z-1_Organisator-10x12.jpg 10w, https:\/\/www.organisator.ch\/wp-content\/uploads\/2017\/03\/Der-Umgang-mit-der-Generation-Z-1_Organisator-145x175.jpg 145w, https:\/\/www.organisator.ch\/wp-content\/uploads\/2017\/03\/Der-Umgang-mit-der-Generation-Z-1_Organisator-291x350.jpg 291w, https:\/\/www.organisator.ch\/wp-content\/uploads\/2017\/03\/Der-Umgang-mit-der-Generation-Z-1_Organisator-300x361.jpg 300w\" sizes=\"auto, (max-width: 480px) 100vw, 480px\" \/><figcaption id=\"caption-attachment-1666\" class=\"wp-caption-text\">Comment travaille la g\u00e9n\u00e9ration Z ? (Image : PD)<\/figcaption><\/figure>\n<p>Consid\u00e9r\u00e9 comme l'un des principaux \u00e9v\u00e9nements de recrutement et de rel\u00e8ve de l'industrie de l'accueil, l'International Recruitment Forum (IRF) se tient deux fois par an \u00e0 Montreux depuis 2009. R\u00e9serv\u00e9 aux \u00e9tudiants du Swiss Education Group, il accueille sur deux jours plus d'une centaine d'entreprises de renom du secteur. Lors de cet \u00e9v\u00e9nement, les \u00e9tudiants peuvent discuter avec des experts du secteur sur le th\u00e8me des carri\u00e8res et des besoins du march\u00e9. En mars 2017, 1'300 \u00e9tudiants des sept campus y ont particip\u00e9 et plus de 1'500 entretiens de candidature ont \u00e9t\u00e9 men\u00e9s pendant l'\u00e9v\u00e9nement. Environ 3'500 \u00e9tudiants ont \u00e9galement particip\u00e9 \u00e0 une \u00e9tude au cours des trois derniers mois, men\u00e9e par Alexandra Broennimann, experte en comportement des consommateurs. Plus d'une centaine d'entretiens personnels ont \u00e9t\u00e9 men\u00e9s \u00e0 cet effet.<\/p>\n<p><strong>Hyperconnect\u00e9 et d\u00e9fenseur de la valeur travail<\/strong><\/p>\n<p>La g\u00e9n\u00e9ration Z comprend les personnes n\u00e9es apr\u00e8s 1995, qui ont grandi dans un environnement ultra-connect\u00e9 et qui sont plut\u00f4t r\u00e9alistes. Ils savent qu'ils doivent travailler dur pour aller de l'avant. Parmi leurs handicaps, ils ont du mal \u00e0 se concentrer sur une seule chose pendant une longue p\u00e9riode.<\/p>\n<p>Un premier r\u00e9sultat de l'\u00e9tude : ces jeunes vivent la technologie et leurs appareils mobiles comme une partie \u00e9largie de leur corps. C'est pourquoi 2\/3 d'entre eux d\u00e9clarent qu'ils sont moins productifs et moins heureux sans leur t\u00e9l\u00e9phone portable. Et deuxi\u00e8mement, pour la g\u00e9n\u00e9ration Z, les choses qui existent en ligne sont r\u00e9elles. La Gen Z poste 60 % de sa vie sociale sur les r\u00e9seaux sociaux : repas avec des amis, \u00e9v\u00e9nements professionnels, f\u00eates. Alexandra Broennimann explique : \"C'est comme si un \u00e9v\u00e9nement r\u00e9el n'avait pas eu lieu tant qu'il n'a pas \u00e9t\u00e9 post\u00e9 sur le web et confirm\u00e9 par la communaut\u00e9 en ligne\". Il en va de m\u00eame pour le rapport aux labels : les 3\/4 de la Gen Z n'ont pas confiance en un nom de marque s'il n'existe pas sur les r\u00e9seaux sociaux. Autres r\u00e9sultats : Pour la Gen Z, la r\u00e9ussite professionnelle est tr\u00e8s importante. 70 % consid\u00e8rent que beaucoup d'argent est le meilleur indicateur de r\u00e9ussite, sachant que la r\u00e9ussite ne s'obtient qu'en travaillant dur. 80 % pr\u00e9f\u00e8rent un bon travail \u00e0 une bonne relation.<\/p>\n<figure id=\"attachment_1667\" aria-describedby=\"caption-attachment-1667\" style=\"width: 272px\" class=\"wp-caption alignnone\"><img loading=\"lazy\" decoding=\"async\" class=\"size-full wp-image-1667\" src=\"https:\/\/www.organisator.ch\/wp-content\/uploads\/2017\/03\/Der-Umgang-mit-der-Generation-Z-2_Organisator.jpg\" alt=\"\" width=\"272\" height=\"640\" srcset=\"https:\/\/www.organisator.ch\/wp-content\/uploads\/2017\/03\/Der-Umgang-mit-der-Generation-Z-2_Organisator.jpg 272w, https:\/\/www.organisator.ch\/wp-content\/uploads\/2017\/03\/Der-Umgang-mit-der-Generation-Z-2_Organisator-5x12.jpg 5w, https:\/\/www.organisator.ch\/wp-content\/uploads\/2017\/03\/Der-Umgang-mit-der-Generation-Z-2_Organisator-74x175.jpg 74w, https:\/\/www.organisator.ch\/wp-content\/uploads\/2017\/03\/Der-Umgang-mit-der-Generation-Z-2_Organisator-149x350.jpg 149w\" sizes=\"auto, (max-width: 272px) 100vw, 272px\" \/><figcaption id=\"caption-attachment-1667\" class=\"wp-caption-text\">Les principales conclusions de l'\u00e9tude G\u00e9n\u00e9ration Z du Swiss Education Group. (Graphique : PD)<\/figcaption><\/figure>\n<p><strong>Dans les projets, la Gen Z <\/strong><strong>puissant<\/strong><\/p>\n<p>Passivement, le g\u00e8ne Z dispose d'une dur\u00e9e d'attention d'environ 8 secondes. Lorsqu'une activit\u00e9 pla\u00eet \u00e0 ses repr\u00e9sentants, ils peuvent maintenir leur concentration jusqu'\u00e0 12 minutes maximum. Les futurs employeurs doivent donc proposer un bon \u00e9quilibre entre un cadre de travail adapt\u00e9 et des d\u00e9fis suffisamment stimulants. Alexandra Broennimann recommande donc aux employeurs d'offrir \u00e0 ces jeunes adultes l'opportunit\u00e9 de s'engager dans des projets et de relever des d\u00e9fis qui parlent concr\u00e8tement \u00e0 leur groupe d'\u00e2ge.<\/p>\n<p>En ce qui concerne la formation initiale et continue, Florent Rondez, CEO de Swiss Education Group, explique : \"Nous avons restructur\u00e9 nos programmes d'\u00e9tudes pour faire face \u00e0 l'ennui ressenti par la g\u00e9n\u00e9ration Z. Nous avons \u00e9galement mis en place un programme de formation continue pour les enseignants. Par exemple, nos enseignants changent de sujet toutes les 20 minutes pendant les cours. La nouvelle p\u00e9dagogie est \u00e9volutive et tr\u00e8s dynamique\".<\/p>\n<p><em>Source : <a href=\"http:\/\/www.swisseducation.com\">Groupe d'\u00e9ducation suisse<\/a><\/em><\/p>","protected":false},"excerpt":{"rendered":"<p>Als einer der wichtigsten Rekrutierungs- und Nachwuchs-Events der Hospitality-Industrie findet das International Recruitment Forum (IRF) seit 2009 zweimal j\u00e4hrlich in Montreux statt. Es ist den Studierenden der Swiss Education Group vorbehalten und empf\u00e4ngt an zwei Tagen \u00fcber einhundert namhafte Unternehmen der Branche. Auf dieser Veranstaltung k\u00f6nnen die Studierenden mit Branchenexperten zum Thema Karriere und Marktbed\u00fcrfnisse [&hellip;]<\/p>\n","protected":false},"author":4,"featured_media":1666,"comment_status":"open","ping_status":"open","sticky":false,"template":"","format":"standard","meta":{"_acf_changed":false,"_yoast_wpseo_focuskw":"Generation Z","_yoast_wpseo_metadesc":"Anl\u00e4sslich des 17. International Recruitment Forums in Montreux hat Swiss Education Group die Ergebnisse einer Studie zur Generation Z pr\u00e4sentiert.","articlekey":"","footnotes":""},"categories":[26],"tags":[62,254,294,335],"class_list":["post-1664","post","type-post","status-publish","format-standard","has-post-thumbnail","hentry","category-hrm","tag-aus-weiterbildung","tag-hrm","tag-karriere","tag-management-und-unternehmensfuehrung"],"acf":[],"yoast_head":"<!-- This site is optimized with the Yoast SEO plugin v27.4 - https:\/\/yoast.com\/product\/yoast-seo-wordpress\/ -->\n<title>Der Umgang mit der Generation Z - Organisator<\/title>\n<meta name=\"description\" content=\"Anl\u00e4sslich des 17. International Recruitment Forums in Montreux hat Swiss Education Group die Ergebnisse einer Studie zur Generation Z pr\u00e4sentiert.\" \/>\n<meta name=\"robots\" content=\"index, follow, max-snippet:-1, max-image-preview:large, max-video-preview:-1\" \/>\n<link rel=\"canonical\" href=\"https:\/\/www.organisator.ch\/fr\/ressources-humaines\/hrm\/2017-03-23\/der-umgang-mit-der-generation-z\/\" \/>\n<meta property=\"og:locale\" content=\"fr_FR\" \/>\n<meta property=\"og:type\" content=\"article\" \/>\n<meta property=\"og:title\" content=\"Der Umgang mit der Generation Z\" \/>\n<meta property=\"og:description\" content=\"Anl\u00e4sslich des 17. International Recruitment Forums letzte Woche in Montreux hat Swiss Education Group die Ergebnisse ihrer Studie zur #GenerationZ pr\u00e4sentiert.\" \/>\n<meta property=\"og:url\" content=\"https:\/\/www.organisator.ch\/fr\/ressources-humaines\/hrm\/2017-03-23\/der-umgang-mit-der-generation-z\/\" \/>\n<meta property=\"og:site_name\" content=\"Organisator\" \/>\n<meta property=\"article:publisher\" content=\"https:\/\/www.facebook.com\/OrganisatorFachmagazin\" \/>\n<meta property=\"article:published_time\" content=\"2017-03-23T07:54:07+00:00\" \/>\n<meta property=\"og:image\" content=\"https:\/\/www.organisator.ch\/wp-content\/uploads\/2017\/03\/Der-Umgang-mit-der-Generation-Z-1_Organisator.jpg\" \/>\n\t<meta property=\"og:image:width\" content=\"480\" \/>\n\t<meta property=\"og:image:height\" content=\"578\" \/>\n\t<meta property=\"og:image:type\" content=\"image\/jpeg\" \/>\n<meta name=\"author\" content=\"thomas.berner\" \/>\n<meta name=\"twitter:card\" content=\"summary_large_image\" \/>\n<meta name=\"twitter:title\" content=\"Der Umgang mit der Generation Z. #UmgangGenerationZ\" \/>\n<meta name=\"twitter:description\" content=\"Anl\u00e4sslich des 17. #InternationalRecruitmentForum letzte Woche in Montreux hat #SwissEducationGroup die Ergebnisse ihrer Studie zur #GenerationZ pr\u00e4sentiert.\" \/>\n<meta name=\"twitter:image\" content=\"https:\/\/www.organisator.ch\/wp-content\/uploads\/2017\/03\/Der-Umgang-mit-der-Generation-Z-1_Organisator.jpg\" \/>\n<script type=\"application\/ld+json\" class=\"yoast-schema-graph\">{\"@context\":\"https:\\\/\\\/schema.org\",\"@graph\":[{\"@type\":\"Article\",\"@id\":\"https:\\\/\\\/www.organisator.ch\\\/human-resources\\\/hrm\\\/2017-03-23\\\/der-umgang-mit-der-generation-z\\\/#article\",\"isPartOf\":{\"@id\":\"https:\\\/\\\/www.organisator.ch\\\/human-resources\\\/hrm\\\/2017-03-23\\\/der-umgang-mit-der-generation-z\\\/\"},\"author\":{\"name\":\"thomas.berner\",\"@id\":\"https:\\\/\\\/www.organisator.ch\\\/#\\\/schema\\\/person\\\/6f650f90b2842cd4c0cc334b4e36f67e\"},\"headline\":\"Der Umgang mit der Generation Z\",\"datePublished\":\"2017-03-23T07:54:07+00:00\",\"mainEntityOfPage\":{\"@id\":\"https:\\\/\\\/www.organisator.ch\\\/human-resources\\\/hrm\\\/2017-03-23\\\/der-umgang-mit-der-generation-z\\\/\"},\"wordCount\":501,\"commentCount\":0,\"publisher\":{\"@id\":\"https:\\\/\\\/www.organisator.ch\\\/#organization\"},\"image\":{\"@id\":\"https:\\\/\\\/www.organisator.ch\\\/human-resources\\\/hrm\\\/2017-03-23\\\/der-umgang-mit-der-generation-z\\\/#primaryimage\"},\"thumbnailUrl\":\"https:\\\/\\\/www.organisator.ch\\\/wp-content\\\/uploads\\\/2017\\\/03\\\/Der-Umgang-mit-der-Generation-Z-1_Organisator.jpg\",\"keywords\":[\"Aus-\\\/Weiterbildung\",\"HRM\",\"Karriere\",\"Management und Unternehmensf\u00fchrung\"],\"articleSection\":[\"HRM\"],\"inLanguage\":\"fr-FR\"},{\"@type\":\"WebPage\",\"@id\":\"https:\\\/\\\/www.organisator.ch\\\/human-resources\\\/hrm\\\/2017-03-23\\\/der-umgang-mit-der-generation-z\\\/\",\"url\":\"https:\\\/\\\/www.organisator.ch\\\/human-resources\\\/hrm\\\/2017-03-23\\\/der-umgang-mit-der-generation-z\\\/\",\"name\":\"Der Umgang mit der Generation Z - Organisator\",\"isPartOf\":{\"@id\":\"https:\\\/\\\/www.organisator.ch\\\/#website\"},\"primaryImageOfPage\":{\"@id\":\"https:\\\/\\\/www.organisator.ch\\\/human-resources\\\/hrm\\\/2017-03-23\\\/der-umgang-mit-der-generation-z\\\/#primaryimage\"},\"image\":{\"@id\":\"https:\\\/\\\/www.organisator.ch\\\/human-resources\\\/hrm\\\/2017-03-23\\\/der-umgang-mit-der-generation-z\\\/#primaryimage\"},\"thumbnailUrl\":\"https:\\\/\\\/www.organisator.ch\\\/wp-content\\\/uploads\\\/2017\\\/03\\\/Der-Umgang-mit-der-Generation-Z-1_Organisator.jpg\",\"datePublished\":\"2017-03-23T07:54:07+00:00\",\"description\":\"Anl\u00e4sslich des 17. International Recruitment Forums in Montreux hat Swiss Education Group die Ergebnisse einer Studie zur Generation Z pr\u00e4sentiert.\",\"breadcrumb\":{\"@id\":\"https:\\\/\\\/www.organisator.ch\\\/human-resources\\\/hrm\\\/2017-03-23\\\/der-umgang-mit-der-generation-z\\\/#breadcrumb\"},\"inLanguage\":\"fr-FR\",\"potentialAction\":[{\"@type\":\"ReadAction\",\"target\":[\"https:\\\/\\\/www.organisator.ch\\\/human-resources\\\/hrm\\\/2017-03-23\\\/der-umgang-mit-der-generation-z\\\/\"]}]},{\"@type\":\"ImageObject\",\"inLanguage\":\"fr-FR\",\"@id\":\"https:\\\/\\\/www.organisator.ch\\\/human-resources\\\/hrm\\\/2017-03-23\\\/der-umgang-mit-der-generation-z\\\/#primaryimage\",\"url\":\"https:\\\/\\\/www.organisator.ch\\\/wp-content\\\/uploads\\\/2017\\\/03\\\/Der-Umgang-mit-der-Generation-Z-1_Organisator.jpg\",\"contentUrl\":\"https:\\\/\\\/www.organisator.ch\\\/wp-content\\\/uploads\\\/2017\\\/03\\\/Der-Umgang-mit-der-Generation-Z-1_Organisator.jpg\",\"width\":480,\"height\":578,\"caption\":\"Wie arbeitet die Generation Z? (Bild: PD)\"},{\"@type\":\"BreadcrumbList\",\"@id\":\"https:\\\/\\\/www.organisator.ch\\\/human-resources\\\/hrm\\\/2017-03-23\\\/der-umgang-mit-der-generation-z\\\/#breadcrumb\",\"itemListElement\":[{\"@type\":\"ListItem\",\"position\":1,\"name\":\"Home\",\"item\":\"https:\\\/\\\/www.organisator.ch\\\/\"},{\"@type\":\"ListItem\",\"position\":2,\"name\":\"Der Umgang mit der Generation Z\"}]},{\"@type\":\"WebSite\",\"@id\":\"https:\\\/\\\/www.organisator.ch\\\/#website\",\"url\":\"https:\\\/\\\/www.organisator.ch\\\/\",\"name\":\"Organisator\",\"description\":\"Kompetent. Praxisnah. Der ORGANISATOR bereitet in 10 Ausgaben pro Jahr die wesentlichen Themen f\u00fcr F\u00fchrungskr\u00e4fte von KMU auf.\",\"publisher\":{\"@id\":\"https:\\\/\\\/www.organisator.ch\\\/#organization\"},\"potentialAction\":[{\"@type\":\"SearchAction\",\"target\":{\"@type\":\"EntryPoint\",\"urlTemplate\":\"https:\\\/\\\/www.organisator.ch\\\/?s={search_term_string}\"},\"query-input\":{\"@type\":\"PropertyValueSpecification\",\"valueRequired\":true,\"valueName\":\"search_term_string\"}}],\"inLanguage\":\"fr-FR\"},{\"@type\":\"Organization\",\"@id\":\"https:\\\/\\\/www.organisator.ch\\\/#organization\",\"name\":\"Organisator\",\"url\":\"https:\\\/\\\/www.organisator.ch\\\/\",\"logo\":{\"@type\":\"ImageObject\",\"inLanguage\":\"fr-FR\",\"@id\":\"https:\\\/\\\/www.organisator.ch\\\/#\\\/schema\\\/logo\\\/image\\\/\",\"url\":\"https:\\\/\\\/www.organisator.ch\\\/wp-content\\\/uploads\\\/2022\\\/01\\\/Logo_Organisator_Website.png\",\"contentUrl\":\"https:\\\/\\\/www.organisator.ch\\\/wp-content\\\/uploads\\\/2022\\\/01\\\/Logo_Organisator_Website.png\",\"width\":800,\"height\":77,\"caption\":\"Organisator\"},\"image\":{\"@id\":\"https:\\\/\\\/www.organisator.ch\\\/#\\\/schema\\\/logo\\\/image\\\/\"},\"sameAs\":[\"https:\\\/\\\/www.facebook.com\\\/OrganisatorFachmagazin\",\"https:\\\/\\\/www.linkedin.com\\\/showcase\\\/organisator-das-magazin-fr-kmu\",\"https:\\\/\\\/www.xing.com\\\/news\\\/pages\\\/organisator-ch-695\",\"https:\\\/\\\/www.youtube.com\\\/channel\\\/UCGP2Sq0iWaZwT3BdIAQFYpw\"]},{\"@type\":\"Person\",\"@id\":\"https:\\\/\\\/www.organisator.ch\\\/#\\\/schema\\\/person\\\/6f650f90b2842cd4c0cc334b4e36f67e\",\"name\":\"thomas.berner\",\"image\":{\"@type\":\"ImageObject\",\"inLanguage\":\"fr-FR\",\"@id\":\"https:\\\/\\\/secure.gravatar.com\\\/avatar\\\/ac5001d2a36cb6c6cd3e50789007ffca834b477b74a2144564522e944eabff61?s=96&d=mm&r=g\",\"url\":\"https:\\\/\\\/secure.gravatar.com\\\/avatar\\\/ac5001d2a36cb6c6cd3e50789007ffca834b477b74a2144564522e944eabff61?s=96&d=mm&r=g\",\"contentUrl\":\"https:\\\/\\\/secure.gravatar.com\\\/avatar\\\/ac5001d2a36cb6c6cd3e50789007ffca834b477b74a2144564522e944eabff61?s=96&d=mm&r=g\",\"caption\":\"thomas.berner\"},\"url\":\"https:\\\/\\\/www.organisator.ch\\\/fr\\\/author\\\/thomas-berner\\\/\"}]}<\/script>\n<!-- \/ Yoast SEO plugin. -->","yoast_head_json":{"title":"Comment g\u00e9rer la g\u00e9n\u00e9ration Z - Organisateur","description":"A l'occasion du 17e International Recruitment Forum \u00e0 Montreux, Swiss Education Group a pr\u00e9sent\u00e9 les r\u00e9sultats d'une \u00e9tude sur la g\u00e9n\u00e9ration Z. Cette \u00e9tude a montr\u00e9 que la g\u00e9n\u00e9ration Z est un groupe d'\u00e2ge qui a besoin d'une attention particuli\u00e8re.","robots":{"index":"index","follow":"follow","max-snippet":"max-snippet:-1","max-image-preview":"max-image-preview:large","max-video-preview":"max-video-preview:-1"},"canonical":"https:\/\/www.organisator.ch\/fr\/ressources-humaines\/hrm\/2017-03-23\/der-umgang-mit-der-generation-z\/","og_locale":"fr_FR","og_type":"article","og_title":"Der Umgang mit der Generation Z","og_description":"Anl\u00e4sslich des 17. International Recruitment Forums letzte Woche in Montreux hat Swiss Education Group die Ergebnisse ihrer Studie zur #GenerationZ pr\u00e4sentiert.","og_url":"https:\/\/www.organisator.ch\/fr\/ressources-humaines\/hrm\/2017-03-23\/der-umgang-mit-der-generation-z\/","og_site_name":"Organisator","article_publisher":"https:\/\/www.facebook.com\/OrganisatorFachmagazin","article_published_time":"2017-03-23T07:54:07+00:00","og_image":[{"width":480,"height":578,"url":"https:\/\/www.organisator.ch\/wp-content\/uploads\/2017\/03\/Der-Umgang-mit-der-Generation-Z-1_Organisator.jpg","type":"image\/jpeg"}],"author":"thomas.berner","twitter_card":"summary_large_image","twitter_title":"Der Umgang mit der Generation Z. #UmgangGenerationZ","twitter_description":"Anl\u00e4sslich des 17. #InternationalRecruitmentForum letzte Woche in Montreux hat #SwissEducationGroup die Ergebnisse ihrer Studie zur #GenerationZ pr\u00e4sentiert.","twitter_image":"https:\/\/www.organisator.ch\/wp-content\/uploads\/2017\/03\/Der-Umgang-mit-der-Generation-Z-1_Organisator.jpg","schema":{"@context":"https:\/\/schema.org","@graph":[{"@type":"Article","@id":"https:\/\/www.organisator.ch\/human-resources\/hrm\/2017-03-23\/der-umgang-mit-der-generation-z\/#article","isPartOf":{"@id":"https:\/\/www.organisator.ch\/human-resources\/hrm\/2017-03-23\/der-umgang-mit-der-generation-z\/"},"author":{"name":"thomas.berner","@id":"https:\/\/www.organisator.ch\/#\/schema\/person\/6f650f90b2842cd4c0cc334b4e36f67e"},"headline":"Der Umgang mit der Generation Z","datePublished":"2017-03-23T07:54:07+00:00","mainEntityOfPage":{"@id":"https:\/\/www.organisator.ch\/human-resources\/hrm\/2017-03-23\/der-umgang-mit-der-generation-z\/"},"wordCount":501,"commentCount":0,"publisher":{"@id":"https:\/\/www.organisator.ch\/#organization"},"image":{"@id":"https:\/\/www.organisator.ch\/human-resources\/hrm\/2017-03-23\/der-umgang-mit-der-generation-z\/#primaryimage"},"thumbnailUrl":"https:\/\/www.organisator.ch\/wp-content\/uploads\/2017\/03\/Der-Umgang-mit-der-Generation-Z-1_Organisator.jpg","keywords":["Aus-\/Weiterbildung","HRM","Karriere","Management und Unternehmensf\u00fchrung"],"articleSection":["HRM"],"inLanguage":"fr-FR"},{"@type":"WebPage","@id":"https:\/\/www.organisator.ch\/human-resources\/hrm\/2017-03-23\/der-umgang-mit-der-generation-z\/","url":"https:\/\/www.organisator.ch\/human-resources\/hrm\/2017-03-23\/der-umgang-mit-der-generation-z\/","name":"Comment g\u00e9rer la g\u00e9n\u00e9ration Z - Organisateur","isPartOf":{"@id":"https:\/\/www.organisator.ch\/#website"},"primaryImageOfPage":{"@id":"https:\/\/www.organisator.ch\/human-resources\/hrm\/2017-03-23\/der-umgang-mit-der-generation-z\/#primaryimage"},"image":{"@id":"https:\/\/www.organisator.ch\/human-resources\/hrm\/2017-03-23\/der-umgang-mit-der-generation-z\/#primaryimage"},"thumbnailUrl":"https:\/\/www.organisator.ch\/wp-content\/uploads\/2017\/03\/Der-Umgang-mit-der-Generation-Z-1_Organisator.jpg","datePublished":"2017-03-23T07:54:07+00:00","description":"A l'occasion du 17e International Recruitment Forum \u00e0 Montreux, Swiss Education Group a pr\u00e9sent\u00e9 les r\u00e9sultats d'une \u00e9tude sur la g\u00e9n\u00e9ration Z. Cette \u00e9tude a montr\u00e9 que la g\u00e9n\u00e9ration Z est un groupe d'\u00e2ge qui a besoin d'une attention particuli\u00e8re.","breadcrumb":{"@id":"https:\/\/www.organisator.ch\/human-resources\/hrm\/2017-03-23\/der-umgang-mit-der-generation-z\/#breadcrumb"},"inLanguage":"fr-FR","potentialAction":[{"@type":"ReadAction","target":["https:\/\/www.organisator.ch\/human-resources\/hrm\/2017-03-23\/der-umgang-mit-der-generation-z\/"]}]},{"@type":"ImageObject","inLanguage":"fr-FR","@id":"https:\/\/www.organisator.ch\/human-resources\/hrm\/2017-03-23\/der-umgang-mit-der-generation-z\/#primaryimage","url":"https:\/\/www.organisator.ch\/wp-content\/uploads\/2017\/03\/Der-Umgang-mit-der-Generation-Z-1_Organisator.jpg","contentUrl":"https:\/\/www.organisator.ch\/wp-content\/uploads\/2017\/03\/Der-Umgang-mit-der-Generation-Z-1_Organisator.jpg","width":480,"height":578,"caption":"Wie arbeitet die Generation Z? (Bild: PD)"},{"@type":"BreadcrumbList","@id":"https:\/\/www.organisator.ch\/human-resources\/hrm\/2017-03-23\/der-umgang-mit-der-generation-z\/#breadcrumb","itemListElement":[{"@type":"ListItem","position":1,"name":"Home","item":"https:\/\/www.organisator.ch\/"},{"@type":"ListItem","position":2,"name":"Der Umgang mit der Generation Z"}]},{"@type":"WebSite","@id":"https:\/\/www.organisator.ch\/#website","url":"https:\/\/www.organisator.ch\/","name":"Organisateur","description":"Comp\u00e9tence et comp\u00e9tence. Proches de la pratique. L'ORGANISATEUR pr\u00e9pare 10 num\u00e9ros par an sur les th\u00e8mes essentiels pour les dirigeants de PME.","publisher":{"@id":"https:\/\/www.organisator.ch\/#organization"},"potentialAction":[{"@type":"SearchAction","target":{"@type":"EntryPoint","urlTemplate":"https:\/\/www.organisator.ch\/?s={search_term_string}"},"query-input":{"@type":"PropertyValueSpecification","valueRequired":true,"valueName":"search_term_string"}}],"inLanguage":"fr-FR"},{"@type":"Organization","@id":"https:\/\/www.organisator.ch\/#organization","name":"Organisateur","url":"https:\/\/www.organisator.ch\/","logo":{"@type":"ImageObject","inLanguage":"fr-FR","@id":"https:\/\/www.organisator.ch\/#\/schema\/logo\/image\/","url":"https:\/\/www.organisator.ch\/wp-content\/uploads\/2022\/01\/Logo_Organisator_Website.png","contentUrl":"https:\/\/www.organisator.ch\/wp-content\/uploads\/2022\/01\/Logo_Organisator_Website.png","width":800,"height":77,"caption":"Organisator"},"image":{"@id":"https:\/\/www.organisator.ch\/#\/schema\/logo\/image\/"},"sameAs":["https:\/\/www.facebook.com\/OrganisatorFachmagazin","https:\/\/www.linkedin.com\/showcase\/organisator-das-magazin-fr-kmu","https:\/\/www.xing.com\/news\/pages\/organisator-ch-695","https:\/\/www.youtube.com\/channel\/UCGP2Sq0iWaZwT3BdIAQFYpw"]},{"@type":"Person","@id":"https:\/\/www.organisator.ch\/#\/schema\/person\/6f650f90b2842cd4c0cc334b4e36f67e","name":"thomas.berner","image":{"@type":"ImageObject","inLanguage":"fr-FR","@id":"https:\/\/secure.gravatar.com\/avatar\/ac5001d2a36cb6c6cd3e50789007ffca834b477b74a2144564522e944eabff61?s=96&d=mm&r=g","url":"https:\/\/secure.gravatar.com\/avatar\/ac5001d2a36cb6c6cd3e50789007ffca834b477b74a2144564522e944eabff61?s=96&d=mm&r=g","contentUrl":"https:\/\/secure.gravatar.com\/avatar\/ac5001d2a36cb6c6cd3e50789007ffca834b477b74a2144564522e944eabff61?s=96&d=mm&r=g","caption":"thomas.berner"},"url":"https:\/\/www.organisator.ch\/fr\/author\/thomas-berner\/"}]}},"_links":{"self":[{"href":"https:\/\/www.organisator.ch\/fr\/wp-json\/wp\/v2\/posts\/1664","targetHints":{"allow":["GET"]}}],"collection":[{"href":"https:\/\/www.organisator.ch\/fr\/wp-json\/wp\/v2\/posts"}],"about":[{"href":"https:\/\/www.organisator.ch\/fr\/wp-json\/wp\/v2\/types\/post"}],"author":[{"embeddable":true,"href":"https:\/\/www.organisator.ch\/fr\/wp-json\/wp\/v2\/users\/4"}],"replies":[{"embeddable":true,"href":"https:\/\/www.organisator.ch\/fr\/wp-json\/wp\/v2\/comments?post=1664"}],"version-history":[{"count":0,"href":"https:\/\/www.organisator.ch\/fr\/wp-json\/wp\/v2\/posts\/1664\/revisions"}],"wp:featuredmedia":[{"embeddable":true,"href":"https:\/\/www.organisator.ch\/fr\/wp-json\/wp\/v2\/media\/1666"}],"wp:attachment":[{"href":"https:\/\/www.organisator.ch\/fr\/wp-json\/wp\/v2\/media?parent=1664"}],"wp:term":[{"taxonomy":"category","embeddable":true,"href":"https:\/\/www.organisator.ch\/fr\/wp-json\/wp\/v2\/categories?post=1664"},{"taxonomy":"post_tag","embeddable":true,"href":"https:\/\/www.organisator.ch\/fr\/wp-json\/wp\/v2\/tags?post=1664"}],"curies":[{"name":"wp","href":"https:\/\/api.w.org\/{rel}","templated":true}]}}