{"id":16662,"date":"2022-08-23T10:58:52","date_gmt":"2022-08-23T08:58:52","guid":{"rendered":"https:\/\/www.werbewoche.ch\/?p=184758"},"modified":"2024-11-22T10:57:45","modified_gmt":"2024-11-22T09:57:45","slug":"fs-parker-rafraichit-la-marque-pro-juventute-sur","status":"publish","type":"post","link":"https:\/\/www.organisator.ch\/fr\/marketing\/2022-08-23\/fs-parker-frischt-die-marke-pro-juventute-auf\/","title":{"rendered":"FS Parker rafra\u00eechit la marque Pro Juventute"},"content":{"rendered":"<p><img class=\"alignnone wp-image-184763 size-full\" src=\"https:\/\/www.werbewoche.ch\/wp-content\/uploads\/2022\/08\/Pro_Juventute_1.jpg\" alt=\"Pro Juventute \" width=\"1200\" height=\"800\" \/><\/p>\r\n<p>Pour de nombreuses entreprises, la vente est l'\u00e9lixir de vie. Mais quelle est la cl\u00e9 pour d\u00e9crocher un lead ? L'effet est obtenu par la combinaison habile de divers \u00e9l\u00e9ments tels que le produit lui-m\u00eame et la pr\u00e9sentation devant des investisseurs ou des clients potentiels.<\/p>\r\n<p>FS Parker a conseill\u00e9 Pro Juventute dans l'\u00e9laboration de la nouvelle pr\u00e9sentation du partenariat et a donn\u00e9 un coup de jeune \u00e0 la marque dans le mat\u00e9riel de communication. Ces documents permettent \u00e0 la fondation de se pr\u00e9senter \u00e0 des partenaires potentiels. En raison de ses multiples possibilit\u00e9s d'utilisation, le pitch-deck doit fonctionner aussi bien comme support de pr\u00e9sentation lors d'un entretien personnel que comme document autonome pour l'envoi num\u00e9rique.<\/p>\r\n<p>\"Le pont pr\u00e9c\u00e9dent contenait toutes les informations importantes, mais il \u00e9tait tr\u00e8s neutre et factuel, une pr\u00e9sentation PowerPoint ordinaire remplie de points d'\u00e9num\u00e9ration et de textes peu \u00e9motionnels\", explique Hannes Sigrist-Thompson, directeur cr\u00e9atif ex\u00e9cutif chez FS Parker. \"Comme nous nous y \u00e9tions engag\u00e9s, nous avons remis en question la structure existante et avons ensuite r\u00e9organis\u00e9 le contenu afin de pouvoir raconter une histoire. La pr\u00e9sentation a ainsi un message clair et aide le destinataire \u00e0 assimiler les points les plus importants. En outre, nous avons ajout\u00e9 une organisation des chapitres bas\u00e9e sur la couleur et de nouvelles ic\u00f4nes qui facilitent la compr\u00e9hension\".<\/p>\r\n<p><\/p>\r\n<p><img class=\"alignnone size-full wp-image-184759\" src=\"https:\/\/www.werbewoche.ch\/wp-content\/uploads\/2022\/08\/Pro_Juventute_2.jpg\" alt=\"Pro Juventute\" width=\"1200\" height=\"744\" \/> <img class=\"alignnone size-full wp-image-184760\" src=\"https:\/\/www.werbewoche.ch\/wp-content\/uploads\/2022\/08\/Pro_Juventute_3.jpg\" alt=\"Pro Juventute\" width=\"1200\" height=\"803\" \/> <img class=\"alignnone size-full wp-image-184761\" src=\"https:\/\/www.werbewoche.ch\/wp-content\/uploads\/2022\/08\/Pro_Juventute_4.jpg\" alt=\"Pro Juventute\" width=\"1200\" height=\"854\" \/> <img class=\"alignnone size-full wp-image-184762\" src=\"https:\/\/www.werbewoche.ch\/wp-content\/uploads\/2022\/08\/Pro_Juventute_5.jpg\" alt=\"Pro Juventute\" width=\"1200\" height=\"953\" \/><\/p>\r\n<hr \/>\r\n<p><strong>V<\/strong><strong>e responsable<\/strong> <strong>chez<\/strong> <strong>FS Parker<\/strong>: Hannes Sigrist-Thompson (Executive Creative Director), Michaela Aerne (direction de projet et conseil), Marvin Osenda et Bettina Schlichter (design graphique), Mascha Schweizer (design graphique junior).<\/p>","protected":false},"excerpt":{"rendered":"<p>Sales ist f\u00fcr viele Unternehmen das Lebenselixier. Aber was ist der Schl\u00fcssel, um einen Lead ins Trockene zu bringen? Wirkung erzielt das gekonnte Zusammenspiel diverser Elemente wie das Produkt selbst und der Auftritt vor potenziellen Investoren oder Kunden. FS Parker stand Pro Juventute in der Erstellung des neuen Auftritts der Partnership-Pr\u00e4sentation beratend zur Seite und [\u2026]<\/p>\n","protected":false},"author":8,"featured_media":0,"comment_status":"closed","ping_status":"closed","sticky":false,"template":"","format":"standard","meta":{"_acf_changed":false,"_yoast_wpseo_focuskw":"Pro Juventute","_yoast_wpseo_metadesc":"Pro Juventute Pitch-Deck: Frischer Auftritt dank FS Parker. Effektive Kommunikationsmaterialien f\u00fcr Partnerpr\u00e4sentationen.","articlekey":"","footnotes":""},"categories":[29],"tags":[3338,3339],"class_list":["post-16662","post","type-post","status-publish","format-standard","hentry","category-marketing","tag-fs-parker","tag-pro-juventute"],"acf":[],"yoast_head":"<!-- This site is optimized with the Yoast SEO plugin v27.4 - https:\/\/yoast.com\/product\/yoast-seo-wordpress\/ -->\n<title>FS Parker frischt die Marke Pro Juventute auf - Organisator<\/title>\n<meta name=\"description\" content=\"Pro Juventute Pitch-Deck: Frischer Auftritt dank FS Parker. Effektive Kommunikationsmaterialien f\u00fcr Partnerpr\u00e4sentationen.\" \/>\n<meta name=\"robots\" content=\"index, follow, max-snippet:-1, max-image-preview:large, max-video-preview:-1\" \/>\n<link rel=\"canonical\" href=\"https:\/\/www.organisator.ch\/fr\/marketing\/2022-08-23\/fs-parker-rafraichit-la-marque-pro-juventute-sur\/\" \/>\n<meta property=\"og:locale\" content=\"fr_FR\" \/>\n<meta property=\"og:type\" content=\"article\" \/>\n<meta property=\"og:title\" content=\"FS Parker frischt die Marke Pro Juventute auf - Organisator\" \/>\n<meta property=\"og:description\" content=\"Pro Juventute Pitch-Deck: Frischer Auftritt dank FS Parker. Effektive Kommunikationsmaterialien f\u00fcr Partnerpr\u00e4sentationen.\" \/>\n<meta property=\"og:url\" content=\"https:\/\/www.organisator.ch\/fr\/marketing\/2022-08-23\/fs-parker-rafraichit-la-marque-pro-juventute-sur\/\" \/>\n<meta property=\"og:site_name\" content=\"Organisator\" \/>\n<meta property=\"article:publisher\" content=\"https:\/\/www.facebook.com\/OrganisatorFachmagazin\" \/>\n<meta property=\"article:published_time\" content=\"2022-08-23T08:58:52+00:00\" \/>\n<meta property=\"article:modified_time\" content=\"2024-11-22T09:57:45+00:00\" \/>\n<meta name=\"author\" content=\"galledia\" \/>\n<meta name=\"twitter:card\" content=\"summary_large_image\" \/>\n<meta name=\"twitter:creator\" content=\"@admin\" \/>\n<script type=\"application\/ld+json\" class=\"yoast-schema-graph\">{\"@context\":\"https:\\\/\\\/schema.org\",\"@graph\":[{\"@type\":\"Article\",\"@id\":\"https:\\\/\\\/www.organisator.ch\\\/marketing\\\/2022-08-23\\\/fs-parker-frischt-die-marke-pro-juventute-auf\\\/#article\",\"isPartOf\":{\"@id\":\"https:\\\/\\\/www.organisator.ch\\\/marketing\\\/2022-08-23\\\/fs-parker-frischt-die-marke-pro-juventute-auf\\\/\"},\"author\":{\"name\":\"galledia\",\"@id\":\"https:\\\/\\\/www.organisator.ch\\\/#\\\/schema\\\/person\\\/4e51799071cd2dd1232ac003643ef5f0\"},\"headline\":\"FS Parker frischt die Marke Pro Juventute auf\",\"datePublished\":\"2022-08-23T08:58:52+00:00\",\"dateModified\":\"2024-11-22T09:57:45+00:00\",\"mainEntityOfPage\":{\"@id\":\"https:\\\/\\\/www.organisator.ch\\\/marketing\\\/2022-08-23\\\/fs-parker-frischt-die-marke-pro-juventute-auf\\\/\"},\"wordCount\":243,\"publisher\":{\"@id\":\"https:\\\/\\\/www.organisator.ch\\\/#organization\"},\"image\":{\"@id\":\"https:\\\/\\\/www.organisator.ch\\\/marketing\\\/2022-08-23\\\/fs-parker-frischt-die-marke-pro-juventute-auf\\\/#primaryimage\"},\"thumbnailUrl\":\"https:\\\/\\\/www.werbewoche.ch\\\/wp-content\\\/uploads\\\/2022\\\/08\\\/Pro_Juventute_1.jpg\",\"keywords\":[\"FS Parker\",\"Pro Juventute\"],\"articleSection\":[\"MARKETING\"],\"inLanguage\":\"fr-FR\"},{\"@type\":\"WebPage\",\"@id\":\"https:\\\/\\\/www.organisator.ch\\\/marketing\\\/2022-08-23\\\/fs-parker-frischt-die-marke-pro-juventute-auf\\\/\",\"url\":\"https:\\\/\\\/www.organisator.ch\\\/marketing\\\/2022-08-23\\\/fs-parker-frischt-die-marke-pro-juventute-auf\\\/\",\"name\":\"FS Parker frischt die Marke Pro Juventute auf - Organisator\",\"isPartOf\":{\"@id\":\"https:\\\/\\\/www.organisator.ch\\\/#website\"},\"primaryImageOfPage\":{\"@id\":\"https:\\\/\\\/www.organisator.ch\\\/marketing\\\/2022-08-23\\\/fs-parker-frischt-die-marke-pro-juventute-auf\\\/#primaryimage\"},\"image\":{\"@id\":\"https:\\\/\\\/www.organisator.ch\\\/marketing\\\/2022-08-23\\\/fs-parker-frischt-die-marke-pro-juventute-auf\\\/#primaryimage\"},\"thumbnailUrl\":\"https:\\\/\\\/www.werbewoche.ch\\\/wp-content\\\/uploads\\\/2022\\\/08\\\/Pro_Juventute_1.jpg\",\"datePublished\":\"2022-08-23T08:58:52+00:00\",\"dateModified\":\"2024-11-22T09:57:45+00:00\",\"description\":\"Pro Juventute Pitch-Deck: Frischer Auftritt dank FS Parker. Effektive Kommunikationsmaterialien f\u00fcr Partnerpr\u00e4sentationen.\",\"breadcrumb\":{\"@id\":\"https:\\\/\\\/www.organisator.ch\\\/marketing\\\/2022-08-23\\\/fs-parker-frischt-die-marke-pro-juventute-auf\\\/#breadcrumb\"},\"inLanguage\":\"fr-FR\",\"potentialAction\":[{\"@type\":\"ReadAction\",\"target\":[\"https:\\\/\\\/www.organisator.ch\\\/marketing\\\/2022-08-23\\\/fs-parker-frischt-die-marke-pro-juventute-auf\\\/\"]}]},{\"@type\":\"ImageObject\",\"inLanguage\":\"fr-FR\",\"@id\":\"https:\\\/\\\/www.organisator.ch\\\/marketing\\\/2022-08-23\\\/fs-parker-frischt-die-marke-pro-juventute-auf\\\/#primaryimage\",\"url\":\"https:\\\/\\\/www.werbewoche.ch\\\/wp-content\\\/uploads\\\/2022\\\/08\\\/Pro_Juventute_1.jpg\",\"contentUrl\":\"https:\\\/\\\/www.werbewoche.ch\\\/wp-content\\\/uploads\\\/2022\\\/08\\\/Pro_Juventute_1.jpg\"},{\"@type\":\"BreadcrumbList\",\"@id\":\"https:\\\/\\\/www.organisator.ch\\\/marketing\\\/2022-08-23\\\/fs-parker-frischt-die-marke-pro-juventute-auf\\\/#breadcrumb\",\"itemListElement\":[{\"@type\":\"ListItem\",\"position\":1,\"name\":\"Home\",\"item\":\"https:\\\/\\\/www.organisator.ch\\\/\"},{\"@type\":\"ListItem\",\"position\":2,\"name\":\"FS Parker frischt die Marke Pro Juventute auf\"}]},{\"@type\":\"WebSite\",\"@id\":\"https:\\\/\\\/www.organisator.ch\\\/#website\",\"url\":\"https:\\\/\\\/www.organisator.ch\\\/\",\"name\":\"Organisator\",\"description\":\"Kompetent. Praxisnah. Der ORGANISATOR bereitet in 10 Ausgaben pro Jahr die wesentlichen Themen f\u00fcr F\u00fchrungskr\u00e4fte von KMU auf.\",\"publisher\":{\"@id\":\"https:\\\/\\\/www.organisator.ch\\\/#organization\"},\"potentialAction\":[{\"@type\":\"SearchAction\",\"target\":{\"@type\":\"EntryPoint\",\"urlTemplate\":\"https:\\\/\\\/www.organisator.ch\\\/?s={search_term_string}\"},\"query-input\":{\"@type\":\"PropertyValueSpecification\",\"valueRequired\":true,\"valueName\":\"search_term_string\"}}],\"inLanguage\":\"fr-FR\"},{\"@type\":\"Organization\",\"@id\":\"https:\\\/\\\/www.organisator.ch\\\/#organization\",\"name\":\"Organisator\",\"url\":\"https:\\\/\\\/www.organisator.ch\\\/\",\"logo\":{\"@type\":\"ImageObject\",\"inLanguage\":\"fr-FR\",\"@id\":\"https:\\\/\\\/www.organisator.ch\\\/#\\\/schema\\\/logo\\\/image\\\/\",\"url\":\"https:\\\/\\\/www.organisator.ch\\\/wp-content\\\/uploads\\\/2022\\\/01\\\/Logo_Organisator_Website.png\",\"contentUrl\":\"https:\\\/\\\/www.organisator.ch\\\/wp-content\\\/uploads\\\/2022\\\/01\\\/Logo_Organisator_Website.png\",\"width\":800,\"height\":77,\"caption\":\"Organisator\"},\"image\":{\"@id\":\"https:\\\/\\\/www.organisator.ch\\\/#\\\/schema\\\/logo\\\/image\\\/\"},\"sameAs\":[\"https:\\\/\\\/www.facebook.com\\\/OrganisatorFachmagazin\",\"https:\\\/\\\/www.linkedin.com\\\/showcase\\\/organisator-das-magazin-fr-kmu\",\"https:\\\/\\\/www.xing.com\\\/news\\\/pages\\\/organisator-ch-695\",\"https:\\\/\\\/www.youtube.com\\\/channel\\\/UCGP2Sq0iWaZwT3BdIAQFYpw\"]},{\"@type\":\"Person\",\"@id\":\"https:\\\/\\\/www.organisator.ch\\\/#\\\/schema\\\/person\\\/4e51799071cd2dd1232ac003643ef5f0\",\"name\":\"galledia\",\"image\":{\"@type\":\"ImageObject\",\"inLanguage\":\"fr-FR\",\"@id\":\"https:\\\/\\\/secure.gravatar.com\\\/avatar\\\/78a7f90c01fc2bfc875782a0d4922b37cde2cf184ce347b91316d23cd7f69a36?s=96&d=mm&r=g\",\"url\":\"https:\\\/\\\/secure.gravatar.com\\\/avatar\\\/78a7f90c01fc2bfc875782a0d4922b37cde2cf184ce347b91316d23cd7f69a36?s=96&d=mm&r=g\",\"contentUrl\":\"https:\\\/\\\/secure.gravatar.com\\\/avatar\\\/78a7f90c01fc2bfc875782a0d4922b37cde2cf184ce347b91316d23cd7f69a36?s=96&d=mm&r=g\",\"caption\":\"galledia\"},\"sameAs\":[\"https:\\\/\\\/x.com\\\/admin\"],\"url\":\"https:\\\/\\\/www.organisator.ch\\\/fr\\\/author\\\/galledia\\\/\"}]}<\/script>\n<!-- \/ Yoast SEO plugin. -->","yoast_head_json":{"title":"FS Parker rafra\u00eechit la marque Pro Juventute - Organisateur","description":"Pitch deck Pro Juventute : Une pr\u00e9sentation fra\u00eeche gr\u00e2ce \u00e0 FS Parker. Mat\u00e9riel de communication efficace pour les pr\u00e9sentations de partenaires.","robots":{"index":"index","follow":"follow","max-snippet":"max-snippet:-1","max-image-preview":"max-image-preview:large","max-video-preview":"max-video-preview:-1"},"canonical":"https:\/\/www.organisator.ch\/fr\/marketing\/2022-08-23\/fs-parker-rafraichit-la-marque-pro-juventute-sur\/","og_locale":"fr_FR","og_type":"article","og_title":"FS Parker frischt die Marke Pro Juventute auf - Organisator","og_description":"Pro Juventute Pitch-Deck: Frischer Auftritt dank FS Parker. Effektive Kommunikationsmaterialien f\u00fcr Partnerpr\u00e4sentationen.","og_url":"https:\/\/www.organisator.ch\/fr\/marketing\/2022-08-23\/fs-parker-rafraichit-la-marque-pro-juventute-sur\/","og_site_name":"Organisator","article_publisher":"https:\/\/www.facebook.com\/OrganisatorFachmagazin","article_published_time":"2022-08-23T08:58:52+00:00","article_modified_time":"2024-11-22T09:57:45+00:00","author":"galledia","twitter_card":"summary_large_image","twitter_creator":"@admin","schema":{"@context":"https:\/\/schema.org","@graph":[{"@type":"Article","@id":"https:\/\/www.organisator.ch\/marketing\/2022-08-23\/fs-parker-frischt-die-marke-pro-juventute-auf\/#article","isPartOf":{"@id":"https:\/\/www.organisator.ch\/marketing\/2022-08-23\/fs-parker-frischt-die-marke-pro-juventute-auf\/"},"author":{"name":"galledia","@id":"https:\/\/www.organisator.ch\/#\/schema\/person\/4e51799071cd2dd1232ac003643ef5f0"},"headline":"FS Parker frischt die Marke Pro Juventute auf","datePublished":"2022-08-23T08:58:52+00:00","dateModified":"2024-11-22T09:57:45+00:00","mainEntityOfPage":{"@id":"https:\/\/www.organisator.ch\/marketing\/2022-08-23\/fs-parker-frischt-die-marke-pro-juventute-auf\/"},"wordCount":243,"publisher":{"@id":"https:\/\/www.organisator.ch\/#organization"},"image":{"@id":"https:\/\/www.organisator.ch\/marketing\/2022-08-23\/fs-parker-frischt-die-marke-pro-juventute-auf\/#primaryimage"},"thumbnailUrl":"https:\/\/www.werbewoche.ch\/wp-content\/uploads\/2022\/08\/Pro_Juventute_1.jpg","keywords":["FS Parker","Pro Juventute"],"articleSection":["MARKETING"],"inLanguage":"fr-FR"},{"@type":"WebPage","@id":"https:\/\/www.organisator.ch\/marketing\/2022-08-23\/fs-parker-frischt-die-marke-pro-juventute-auf\/","url":"https:\/\/www.organisator.ch\/marketing\/2022-08-23\/fs-parker-frischt-die-marke-pro-juventute-auf\/","name":"FS Parker rafra\u00eechit la marque Pro Juventute - Organisateur","isPartOf":{"@id":"https:\/\/www.organisator.ch\/#website"},"primaryImageOfPage":{"@id":"https:\/\/www.organisator.ch\/marketing\/2022-08-23\/fs-parker-frischt-die-marke-pro-juventute-auf\/#primaryimage"},"image":{"@id":"https:\/\/www.organisator.ch\/marketing\/2022-08-23\/fs-parker-frischt-die-marke-pro-juventute-auf\/#primaryimage"},"thumbnailUrl":"https:\/\/www.werbewoche.ch\/wp-content\/uploads\/2022\/08\/Pro_Juventute_1.jpg","datePublished":"2022-08-23T08:58:52+00:00","dateModified":"2024-11-22T09:57:45+00:00","description":"Pitch deck Pro Juventute : Une pr\u00e9sentation fra\u00eeche gr\u00e2ce \u00e0 FS Parker. Mat\u00e9riel de communication efficace pour les pr\u00e9sentations de partenaires.","breadcrumb":{"@id":"https:\/\/www.organisator.ch\/marketing\/2022-08-23\/fs-parker-frischt-die-marke-pro-juventute-auf\/#breadcrumb"},"inLanguage":"fr-FR","potentialAction":[{"@type":"ReadAction","target":["https:\/\/www.organisator.ch\/marketing\/2022-08-23\/fs-parker-frischt-die-marke-pro-juventute-auf\/"]}]},{"@type":"ImageObject","inLanguage":"fr-FR","@id":"https:\/\/www.organisator.ch\/marketing\/2022-08-23\/fs-parker-frischt-die-marke-pro-juventute-auf\/#primaryimage","url":"https:\/\/www.werbewoche.ch\/wp-content\/uploads\/2022\/08\/Pro_Juventute_1.jpg","contentUrl":"https:\/\/www.werbewoche.ch\/wp-content\/uploads\/2022\/08\/Pro_Juventute_1.jpg"},{"@type":"BreadcrumbList","@id":"https:\/\/www.organisator.ch\/marketing\/2022-08-23\/fs-parker-frischt-die-marke-pro-juventute-auf\/#breadcrumb","itemListElement":[{"@type":"ListItem","position":1,"name":"Home","item":"https:\/\/www.organisator.ch\/"},{"@type":"ListItem","position":2,"name":"FS Parker frischt die Marke Pro Juventute auf"}]},{"@type":"WebSite","@id":"https:\/\/www.organisator.ch\/#website","url":"https:\/\/www.organisator.ch\/","name":"Organisateur","description":"Comp\u00e9tence et comp\u00e9tence. Proches de la pratique. L'ORGANISATEUR pr\u00e9pare 10 num\u00e9ros par an sur les th\u00e8mes essentiels pour les dirigeants de PME.","publisher":{"@id":"https:\/\/www.organisator.ch\/#organization"},"potentialAction":[{"@type":"SearchAction","target":{"@type":"EntryPoint","urlTemplate":"https:\/\/www.organisator.ch\/?s={search_term_string}"},"query-input":{"@type":"PropertyValueSpecification","valueRequired":true,"valueName":"search_term_string"}}],"inLanguage":"fr-FR"},{"@type":"Organization","@id":"https:\/\/www.organisator.ch\/#organization","name":"Organisateur","url":"https:\/\/www.organisator.ch\/","logo":{"@type":"ImageObject","inLanguage":"fr-FR","@id":"https:\/\/www.organisator.ch\/#\/schema\/logo\/image\/","url":"https:\/\/www.organisator.ch\/wp-content\/uploads\/2022\/01\/Logo_Organisator_Website.png","contentUrl":"https:\/\/www.organisator.ch\/wp-content\/uploads\/2022\/01\/Logo_Organisator_Website.png","width":800,"height":77,"caption":"Organisator"},"image":{"@id":"https:\/\/www.organisator.ch\/#\/schema\/logo\/image\/"},"sameAs":["https:\/\/www.facebook.com\/OrganisatorFachmagazin","https:\/\/www.linkedin.com\/showcase\/organisator-das-magazin-fr-kmu","https:\/\/www.xing.com\/news\/pages\/organisator-ch-695","https:\/\/www.youtube.com\/channel\/UCGP2Sq0iWaZwT3BdIAQFYpw"]},{"@type":"Person","@id":"https:\/\/www.organisator.ch\/#\/schema\/person\/4e51799071cd2dd1232ac003643ef5f0","name":"galledia","image":{"@type":"ImageObject","inLanguage":"fr-FR","@id":"https:\/\/secure.gravatar.com\/avatar\/78a7f90c01fc2bfc875782a0d4922b37cde2cf184ce347b91316d23cd7f69a36?s=96&d=mm&r=g","url":"https:\/\/secure.gravatar.com\/avatar\/78a7f90c01fc2bfc875782a0d4922b37cde2cf184ce347b91316d23cd7f69a36?s=96&d=mm&r=g","contentUrl":"https:\/\/secure.gravatar.com\/avatar\/78a7f90c01fc2bfc875782a0d4922b37cde2cf184ce347b91316d23cd7f69a36?s=96&d=mm&r=g","caption":"galledia"},"sameAs":["https:\/\/x.com\/admin"],"url":"https:\/\/www.organisator.ch\/fr\/author\/galledia\/"}]}},"_links":{"self":[{"href":"https:\/\/www.organisator.ch\/fr\/wp-json\/wp\/v2\/posts\/16662","targetHints":{"allow":["GET"]}}],"collection":[{"href":"https:\/\/www.organisator.ch\/fr\/wp-json\/wp\/v2\/posts"}],"about":[{"href":"https:\/\/www.organisator.ch\/fr\/wp-json\/wp\/v2\/types\/post"}],"author":[{"embeddable":true,"href":"https:\/\/www.organisator.ch\/fr\/wp-json\/wp\/v2\/users\/8"}],"replies":[{"embeddable":true,"href":"https:\/\/www.organisator.ch\/fr\/wp-json\/wp\/v2\/comments?post=16662"}],"version-history":[{"count":4,"href":"https:\/\/www.organisator.ch\/fr\/wp-json\/wp\/v2\/posts\/16662\/revisions"}],"predecessor-version":[{"id":33889,"href":"https:\/\/www.organisator.ch\/fr\/wp-json\/wp\/v2\/posts\/16662\/revisions\/33889"}],"wp:attachment":[{"href":"https:\/\/www.organisator.ch\/fr\/wp-json\/wp\/v2\/media?parent=16662"}],"wp:term":[{"taxonomy":"category","embeddable":true,"href":"https:\/\/www.organisator.ch\/fr\/wp-json\/wp\/v2\/categories?post=16662"},{"taxonomy":"post_tag","embeddable":true,"href":"https:\/\/www.organisator.ch\/fr\/wp-json\/wp\/v2\/tags?post=16662"}],"curies":[{"name":"wp","href":"https:\/\/api.w.org\/{rel}","templated":true}]}}