{"id":16691,"date":"2022-08-25T13:40:17","date_gmt":"2022-08-25T11:40:17","guid":{"rendered":"https:\/\/www.organisator.ch\/?p=16691"},"modified":"2022-08-25T13:40:17","modified_gmt":"2022-08-25T11:40:17","slug":"salaere-in-it-branche-rester-au-haut-niveau-stable","status":"publish","type":"post","link":"https:\/\/www.organisator.ch\/fr\/human-resources\/2022-08-25\/salaere-in-der-it-branche-bleiben-auf-hohem-niveau-stabil\/","title":{"rendered":"Les salaires dans le secteur IT restent stables \u00e0 un niveau \u00e9lev\u00e9"},"content":{"rendered":"<figure id=\"attachment_16698\" aria-describedby=\"caption-attachment-16698\" style=\"width: 680px\" class=\"wp-caption alignnone\"><img loading=\"lazy\" decoding=\"async\" class=\"size-full wp-image-16698\" src=\"https:\/\/www.organisator.ch\/wp-content\/uploads\/2022\/08\/Salare-in-der-IT-Branche-bleiben-auf-hohem-Niveau-stabil_Organisator.jpg\" alt=\"\" width=\"680\" height=\"349\" srcset=\"https:\/\/www.organisator.ch\/wp-content\/uploads\/2022\/08\/Salare-in-der-IT-Branche-bleiben-auf-hohem-Niveau-stabil_Organisator.jpg 680w, https:\/\/www.organisator.ch\/wp-content\/uploads\/2022\/08\/Salare-in-der-IT-Branche-bleiben-auf-hohem-Niveau-stabil_Organisator-18x9.jpg 18w, https:\/\/www.organisator.ch\/wp-content\/uploads\/2022\/08\/Salare-in-der-IT-Branche-bleiben-auf-hohem-Niveau-stabil_Organisator-341x175.jpg 341w, https:\/\/www.organisator.ch\/wp-content\/uploads\/2022\/08\/Salare-in-der-IT-Branche-bleiben-auf-hohem-Niveau-stabil_Organisator-300x154.jpg 300w\" sizes=\"auto, (max-width: 680px) 100vw, 680px\" \/><figcaption id=\"caption-attachment-16698\" class=\"wp-caption-text\">Salaires des ICT en 2022 : malgr\u00e9 la pouss\u00e9e de la num\u00e9risation, les salaires restent stables \u00e0 un niveau \u00e9lev\u00e9. (Graphique : Swiss ICT)<\/figcaption><\/figure>\n<p>Malgr\u00e9 une demande plus \u00e9lev\u00e9e, avec la num\u00e9risation croissante de ces derni\u00e8res ann\u00e9es, et contrairement aux attentes courantes, les salaires dans le secteur des TIC restent en grande partie stables pour 2022. C'est ce que d\u00e9montre l'\u00e9tude annuelle sur les salaires de SwissICT. Si l'on tient compte de l'inflation (au 1er mai 2012), les salaires sont m\u00eame l\u00e9g\u00e8rement en baisse, constate l'\u00e9tude. Les explications possibles de cette \u00e9volution sont, d'une part, la recherche de talents qui ont encore besoin d'\u00eatre encourag\u00e9s et, d'autre part, le d\u00e9placement des niveaux de comp\u00e9tence au sein des profils professionnels agiles. Pour les PME et les micro-entreprises, cela garantit un acc\u00e8s continu aux sp\u00e9cialistes TIC. Les salaires restent stables dans toutes les branches.<\/p>\n<p>Si l'on consid\u00e8re les choses de mani\u00e8re diff\u00e9renci\u00e9e, on constate que le nombre de mentions et le niveau de salaire ont augment\u00e9 pour les salaires les plus bas. Cela pourrait indiquer qu'en raison de la p\u00e9nurie de personnel qualifi\u00e9, davantage de d\u00e9butants ont \u00e9t\u00e9 engag\u00e9s, mais qu'ils ont pu profiter d'un salaire plus \u00e9lev\u00e9 qu'auparavant. Il reste \u00e0 voir ce que les chiffres de 2023 r\u00e9v\u00e8lent sur l'\u00e9volution future.<\/p>\n<h3>Croissance des profils professionnels agiles<\/h3>\n<p>Comme dans les enqu\u00eates pr\u00e9c\u00e9dentes, il y a eu cette ann\u00e9e une augmentation des profils professionnels agiles. Les profils Product Manager et Release Train Engineer ont \u00e9t\u00e9 ajout\u00e9s \u00e0 l'enqu\u00eate. Le profil Product Manager a fait l'objet de 97 mentions et le salaire du Release Train Engineer a m\u00eame \u00e9t\u00e9 cit\u00e9 136 fois. Ces chiffres sont tr\u00e8s prometteurs pour la premi\u00e8re enqu\u00eate sur ces profils professionnels et montrent que l'\u00e9tablissement des professions agiles se poursuit.<\/p>\n<p>D'autres nouveaut\u00e9s ont \u00e9t\u00e9 introduites cette ann\u00e9e en ce qui concerne la classification par \u00e2ge. L'ajout d'une classification par \u00e2ge \u00e9largie permet de mieux voir les changements sociaux et de tirer des conclusions plus claires sur l'\u00e9volution des salaires et des mentions. De m\u00eame, une adaptation des branches a \u00e9t\u00e9 effectu\u00e9e. La consolidation des branches a \u00e9t\u00e9 effectu\u00e9e sur la base des entr\u00e9es des cinq derni\u00e8res ann\u00e9es. Cette modification permet d'augmenter consid\u00e9rablement la pertinence et la robustesse des chiffres collect\u00e9s.<\/p>\n<h3>Salaires plus \u00e9lev\u00e9s que pr\u00e9vu chez les apprentis TIC<\/h3>\n<p>Pour la premi\u00e8re fois, une \u00e9tude salariale a \u00e9t\u00e9 r\u00e9alis\u00e9e sur les salaires des apprentis. L'enqu\u00eate a \u00e9t\u00e9 men\u00e9e dans les formations professionnelles initiales d'informaticien:ne CFC, de sp\u00e9cialiste ICT CFC et de m\u00e9diamaticien:ne CFC. 122 entreprises suisses ont saisi leurs donn\u00e9es sur les apprentis. Fait int\u00e9ressant : la m\u00e9diane se situe \u00e0 la limite sup\u00e9rieure des recommandations (parfois m\u00eame au-dessus) de l'association responsable de la formation professionnelle ICT Suisse. Les r\u00e9sultats de l'\u00e9tude sur les salaires montrent que les salaires des apprentis ICT sont les plus \u00e9lev\u00e9s dans les banques et les assurances. Ils sont suivis par les administrations publiques et les autres branches. Constatation passionnante : les salaires les plus bas se trouvent dans les entreprises d'informatique.<\/p>\n<p><em>Source : <a href=\"http:\/\/www.swissict.ch\">SwissICT<\/a><\/em><\/p>","protected":false},"excerpt":{"rendered":"<p>Trotz der h\u00f6heren Nachfrage, mit der zunehmenden Digitalisierung der letzten Jahre, und entgegen den g\u00e4ngigen Erwartungen bleiben die Sal\u00e4re in der ICT-Branche f\u00fcr 2022 weitgehend stabil. Dies belegt die j\u00e4hrlich erscheinende Sal\u00e4rstudie von SwissICT. Unter Betrachtung der Inflation (per 01.Mai \u201922) sind die L\u00f6hne sogar leicht r\u00fcckl\u00e4ufig, stellt die Studie fest. M\u00f6gliche Erkl\u00e4rungen zu dieser [&hellip;]<\/p>\n","protected":false},"author":4,"featured_media":16698,"comment_status":"closed","ping_status":"closed","sticky":false,"template":"","format":"standard","meta":{"_acf_changed":false,"_yoast_wpseo_focuskw":"Sal\u00e4re","_yoast_wpseo_metadesc":"Der Branchenverband SwissICT hat die Sal\u00e4rstudie 2022 ver\u00f6ffentlicht. Zum ersten Mal wurden auch die Sal\u00e4re von Lernenden erhoben.","articlekey":"","footnotes":""},"categories":[579,27],"tags":[254,286,329,3344],"class_list":["post-16691","post","type-post","status-publish","format-standard","has-post-thumbnail","hentry","category-human-resources","category-it","tag-hrm","tag-it","tag-loehne","tag-salaerstudie"],"acf":[],"yoast_head":"<!-- This site is optimized with the Yoast SEO plugin v27.5 - https:\/\/yoast.com\/product\/yoast-seo-wordpress\/ -->\n<title>Sal\u00e4re in der IT-Branche bleiben auf hohem Niveau stabil - Organisator<\/title>\n<meta name=\"description\" content=\"Der Branchenverband SwissICT hat die Sal\u00e4rstudie 2022 ver\u00f6ffentlicht. Zum ersten Mal wurden auch die Sal\u00e4re von Lernenden erhoben.\" \/>\n<meta name=\"robots\" content=\"index, follow, max-snippet:-1, max-image-preview:large, max-video-preview:-1\" \/>\n<link rel=\"canonical\" href=\"https:\/\/www.organisator.ch\/fr\/gestion-2\/it\/2022-08-25\/salaere-in-it-branche-rester-au-haut-niveau-stable\/\" \/>\n<meta property=\"og:locale\" content=\"fr_FR\" \/>\n<meta property=\"og:type\" content=\"article\" \/>\n<meta property=\"og:title\" content=\"Sal\u00e4re in der IT-Branche bleiben auf hohem Niveau stabil\" \/>\n<meta property=\"og:description\" content=\"Der Branchenverband SwissICT hat die Sal\u00e4rstudie 2022 ver\u00f6ffentlicht. Zum ersten Mal wurden auch die Sal\u00e4re von Lernenden erhoben.\" \/>\n<meta property=\"og:url\" content=\"https:\/\/www.organisator.ch\/fr\/gestion-2\/it\/2022-08-25\/salaere-in-it-branche-rester-au-haut-niveau-stable\/\" \/>\n<meta property=\"og:site_name\" content=\"Organisator\" \/>\n<meta property=\"article:publisher\" content=\"https:\/\/www.facebook.com\/OrganisatorFachmagazin\" \/>\n<meta property=\"article:published_time\" content=\"2022-08-25T11:40:17+00:00\" \/>\n<meta property=\"og:image\" content=\"https:\/\/www.organisator.ch\/wp-content\/uploads\/2022\/08\/Salare-in-der-IT-Branche-bleiben-auf-hohem-Niveau-stabil_Organisator.jpg\" \/>\n\t<meta property=\"og:image:width\" content=\"680\" \/>\n\t<meta property=\"og:image:height\" content=\"349\" \/>\n\t<meta property=\"og:image:type\" content=\"image\/jpeg\" \/>\n<meta name=\"author\" content=\"thomas.berner\" \/>\n<meta name=\"twitter:card\" content=\"summary_large_image\" \/>\n<meta name=\"twitter:title\" content=\"#Sal\u00e4re in der #IT-Branche bleiben auf hohem Niveau stabil\" \/>\n<meta name=\"twitter:description\" content=\"Der #Branchenverband #SwissICT hat die #Sal\u00e4rstudie 2022 ver\u00f6ffentlicht. Zum ersten Mal wurden auch die #Sal\u00e4re von Lernenden erhoben.\" \/>\n<meta name=\"twitter:image\" content=\"https:\/\/www.organisator.ch\/wp-content\/uploads\/2022\/08\/Salare-in-der-IT-Branche-bleiben-auf-hohem-Niveau-stabil_Organisator.jpg\" \/>\n<script type=\"application\/ld+json\" class=\"yoast-schema-graph\">{\"@context\":\"https:\\\/\\\/schema.org\",\"@graph\":[{\"@type\":\"Article\",\"@id\":\"https:\\\/\\\/www.organisator.ch\\\/management\\\/it\\\/2022-08-25\\\/salaere-in-der-it-branche-bleiben-auf-hohem-niveau-stabil\\\/#article\",\"isPartOf\":{\"@id\":\"https:\\\/\\\/www.organisator.ch\\\/management\\\/it\\\/2022-08-25\\\/salaere-in-der-it-branche-bleiben-auf-hohem-niveau-stabil\\\/\"},\"author\":{\"name\":\"thomas.berner\",\"@id\":\"https:\\\/\\\/www.organisator.ch\\\/#\\\/schema\\\/person\\\/6f650f90b2842cd4c0cc334b4e36f67e\"},\"headline\":\"Sal\u00e4re in der IT-Branche bleiben auf hohem Niveau stabil\",\"datePublished\":\"2022-08-25T11:40:17+00:00\",\"mainEntityOfPage\":{\"@id\":\"https:\\\/\\\/www.organisator.ch\\\/management\\\/it\\\/2022-08-25\\\/salaere-in-der-it-branche-bleiben-auf-hohem-niveau-stabil\\\/\"},\"wordCount\":463,\"publisher\":{\"@id\":\"https:\\\/\\\/www.organisator.ch\\\/#organization\"},\"image\":{\"@id\":\"https:\\\/\\\/www.organisator.ch\\\/management\\\/it\\\/2022-08-25\\\/salaere-in-der-it-branche-bleiben-auf-hohem-niveau-stabil\\\/#primaryimage\"},\"thumbnailUrl\":\"https:\\\/\\\/www.organisator.ch\\\/wp-content\\\/uploads\\\/2022\\\/08\\\/Salare-in-der-IT-Branche-bleiben-auf-hohem-Niveau-stabil_Organisator.jpg\",\"keywords\":[\"HRM\",\"IT\",\"L\u00f6hne\",\"Sal\u00e4rstudie\"],\"articleSection\":[\"HUMAN RESOURCES\",\"IT\"],\"inLanguage\":\"fr-FR\"},{\"@type\":\"WebPage\",\"@id\":\"https:\\\/\\\/www.organisator.ch\\\/management\\\/it\\\/2022-08-25\\\/salaere-in-der-it-branche-bleiben-auf-hohem-niveau-stabil\\\/\",\"url\":\"https:\\\/\\\/www.organisator.ch\\\/management\\\/it\\\/2022-08-25\\\/salaere-in-der-it-branche-bleiben-auf-hohem-niveau-stabil\\\/\",\"name\":\"Sal\u00e4re in der IT-Branche bleiben auf hohem Niveau stabil - Organisator\",\"isPartOf\":{\"@id\":\"https:\\\/\\\/www.organisator.ch\\\/#website\"},\"primaryImageOfPage\":{\"@id\":\"https:\\\/\\\/www.organisator.ch\\\/management\\\/it\\\/2022-08-25\\\/salaere-in-der-it-branche-bleiben-auf-hohem-niveau-stabil\\\/#primaryimage\"},\"image\":{\"@id\":\"https:\\\/\\\/www.organisator.ch\\\/management\\\/it\\\/2022-08-25\\\/salaere-in-der-it-branche-bleiben-auf-hohem-niveau-stabil\\\/#primaryimage\"},\"thumbnailUrl\":\"https:\\\/\\\/www.organisator.ch\\\/wp-content\\\/uploads\\\/2022\\\/08\\\/Salare-in-der-IT-Branche-bleiben-auf-hohem-Niveau-stabil_Organisator.jpg\",\"datePublished\":\"2022-08-25T11:40:17+00:00\",\"description\":\"Der Branchenverband SwissICT hat die Sal\u00e4rstudie 2022 ver\u00f6ffentlicht. Zum ersten Mal wurden auch die Sal\u00e4re von Lernenden erhoben.\",\"breadcrumb\":{\"@id\":\"https:\\\/\\\/www.organisator.ch\\\/management\\\/it\\\/2022-08-25\\\/salaere-in-der-it-branche-bleiben-auf-hohem-niveau-stabil\\\/#breadcrumb\"},\"inLanguage\":\"fr-FR\",\"potentialAction\":[{\"@type\":\"ReadAction\",\"target\":[\"https:\\\/\\\/www.organisator.ch\\\/management\\\/it\\\/2022-08-25\\\/salaere-in-der-it-branche-bleiben-auf-hohem-niveau-stabil\\\/\"]}]},{\"@type\":\"ImageObject\",\"inLanguage\":\"fr-FR\",\"@id\":\"https:\\\/\\\/www.organisator.ch\\\/management\\\/it\\\/2022-08-25\\\/salaere-in-der-it-branche-bleiben-auf-hohem-niveau-stabil\\\/#primaryimage\",\"url\":\"https:\\\/\\\/www.organisator.ch\\\/wp-content\\\/uploads\\\/2022\\\/08\\\/Salare-in-der-IT-Branche-bleiben-auf-hohem-Niveau-stabil_Organisator.jpg\",\"contentUrl\":\"https:\\\/\\\/www.organisator.ch\\\/wp-content\\\/uploads\\\/2022\\\/08\\\/Salare-in-der-IT-Branche-bleiben-auf-hohem-Niveau-stabil_Organisator.jpg\",\"width\":680,\"height\":349,\"caption\":\"Sal\u00e4re der ICT 2022: Trotz Digitalisierungsschub bleiben die L\u00f6hne auf hohem Niveau stabil. (Grafik: Swiss ICT)\"},{\"@type\":\"BreadcrumbList\",\"@id\":\"https:\\\/\\\/www.organisator.ch\\\/management\\\/it\\\/2022-08-25\\\/salaere-in-der-it-branche-bleiben-auf-hohem-niveau-stabil\\\/#breadcrumb\",\"itemListElement\":[{\"@type\":\"ListItem\",\"position\":1,\"name\":\"Home\",\"item\":\"https:\\\/\\\/www.organisator.ch\\\/\"},{\"@type\":\"ListItem\",\"position\":2,\"name\":\"Sal\u00e4re in der IT-Branche bleiben auf hohem Niveau stabil\"}]},{\"@type\":\"WebSite\",\"@id\":\"https:\\\/\\\/www.organisator.ch\\\/#website\",\"url\":\"https:\\\/\\\/www.organisator.ch\\\/\",\"name\":\"Organisator\",\"description\":\"Kompetent. Praxisnah. Der ORGANISATOR bereitet in 10 Ausgaben pro Jahr die wesentlichen Themen f\u00fcr F\u00fchrungskr\u00e4fte von KMU auf.\",\"publisher\":{\"@id\":\"https:\\\/\\\/www.organisator.ch\\\/#organization\"},\"potentialAction\":[{\"@type\":\"SearchAction\",\"target\":{\"@type\":\"EntryPoint\",\"urlTemplate\":\"https:\\\/\\\/www.organisator.ch\\\/?s={search_term_string}\"},\"query-input\":{\"@type\":\"PropertyValueSpecification\",\"valueRequired\":true,\"valueName\":\"search_term_string\"}}],\"inLanguage\":\"fr-FR\"},{\"@type\":\"Organization\",\"@id\":\"https:\\\/\\\/www.organisator.ch\\\/#organization\",\"name\":\"Organisator\",\"url\":\"https:\\\/\\\/www.organisator.ch\\\/\",\"logo\":{\"@type\":\"ImageObject\",\"inLanguage\":\"fr-FR\",\"@id\":\"https:\\\/\\\/www.organisator.ch\\\/#\\\/schema\\\/logo\\\/image\\\/\",\"url\":\"https:\\\/\\\/www.organisator.ch\\\/wp-content\\\/uploads\\\/2022\\\/01\\\/Logo_Organisator_Website.png\",\"contentUrl\":\"https:\\\/\\\/www.organisator.ch\\\/wp-content\\\/uploads\\\/2022\\\/01\\\/Logo_Organisator_Website.png\",\"width\":800,\"height\":77,\"caption\":\"Organisator\"},\"image\":{\"@id\":\"https:\\\/\\\/www.organisator.ch\\\/#\\\/schema\\\/logo\\\/image\\\/\"},\"sameAs\":[\"https:\\\/\\\/www.facebook.com\\\/OrganisatorFachmagazin\",\"https:\\\/\\\/www.linkedin.com\\\/showcase\\\/organisator-das-magazin-fr-kmu\",\"https:\\\/\\\/www.xing.com\\\/news\\\/pages\\\/organisator-ch-695\",\"https:\\\/\\\/www.youtube.com\\\/channel\\\/UCGP2Sq0iWaZwT3BdIAQFYpw\"]},{\"@type\":\"Person\",\"@id\":\"https:\\\/\\\/www.organisator.ch\\\/#\\\/schema\\\/person\\\/6f650f90b2842cd4c0cc334b4e36f67e\",\"name\":\"thomas.berner\",\"image\":{\"@type\":\"ImageObject\",\"inLanguage\":\"fr-FR\",\"@id\":\"https:\\\/\\\/secure.gravatar.com\\\/avatar\\\/ac5001d2a36cb6c6cd3e50789007ffca834b477b74a2144564522e944eabff61?s=96&d=mm&r=g\",\"url\":\"https:\\\/\\\/secure.gravatar.com\\\/avatar\\\/ac5001d2a36cb6c6cd3e50789007ffca834b477b74a2144564522e944eabff61?s=96&d=mm&r=g\",\"contentUrl\":\"https:\\\/\\\/secure.gravatar.com\\\/avatar\\\/ac5001d2a36cb6c6cd3e50789007ffca834b477b74a2144564522e944eabff61?s=96&d=mm&r=g\",\"caption\":\"thomas.berner\"},\"url\":\"https:\\\/\\\/www.organisator.ch\\\/fr\\\/author\\\/thomas-berner\\\/\"}]}<\/script>\n<!-- \/ Yoast SEO plugin. -->","yoast_head_json":{"title":"Les salaires dans le secteur IT restent stables \u00e0 un niveau \u00e9lev\u00e9 - Organisateur","description":"L'association professionnelle SwissICT a publi\u00e9 l'\u00e9tude sur les salaires 2022. Pour la premi\u00e8re fois, les salaires des apprentis ont \u00e9galement \u00e9t\u00e9 relev\u00e9s.","robots":{"index":"index","follow":"follow","max-snippet":"max-snippet:-1","max-image-preview":"max-image-preview:large","max-video-preview":"max-video-preview:-1"},"canonical":"https:\/\/www.organisator.ch\/fr\/gestion-2\/it\/2022-08-25\/salaere-in-it-branche-rester-au-haut-niveau-stable\/","og_locale":"fr_FR","og_type":"article","og_title":"Sal\u00e4re in der IT-Branche bleiben auf hohem Niveau stabil","og_description":"Der Branchenverband SwissICT hat die Sal\u00e4rstudie 2022 ver\u00f6ffentlicht. Zum ersten Mal wurden auch die Sal\u00e4re von Lernenden erhoben.","og_url":"https:\/\/www.organisator.ch\/fr\/gestion-2\/it\/2022-08-25\/salaere-in-it-branche-rester-au-haut-niveau-stable\/","og_site_name":"Organisator","article_publisher":"https:\/\/www.facebook.com\/OrganisatorFachmagazin","article_published_time":"2022-08-25T11:40:17+00:00","og_image":[{"width":680,"height":349,"url":"https:\/\/www.organisator.ch\/wp-content\/uploads\/2022\/08\/Salare-in-der-IT-Branche-bleiben-auf-hohem-Niveau-stabil_Organisator.jpg","type":"image\/jpeg"}],"author":"thomas.berner","twitter_card":"summary_large_image","twitter_title":"#Sal\u00e4re in der #IT-Branche bleiben auf hohem Niveau stabil","twitter_description":"Der #Branchenverband #SwissICT hat die #Sal\u00e4rstudie 2022 ver\u00f6ffentlicht. Zum ersten Mal wurden auch die #Sal\u00e4re von Lernenden erhoben.","twitter_image":"https:\/\/www.organisator.ch\/wp-content\/uploads\/2022\/08\/Salare-in-der-IT-Branche-bleiben-auf-hohem-Niveau-stabil_Organisator.jpg","schema":{"@context":"https:\/\/schema.org","@graph":[{"@type":"Article","@id":"https:\/\/www.organisator.ch\/management\/it\/2022-08-25\/salaere-in-der-it-branche-bleiben-auf-hohem-niveau-stabil\/#article","isPartOf":{"@id":"https:\/\/www.organisator.ch\/management\/it\/2022-08-25\/salaere-in-der-it-branche-bleiben-auf-hohem-niveau-stabil\/"},"author":{"name":"thomas.berner","@id":"https:\/\/www.organisator.ch\/#\/schema\/person\/6f650f90b2842cd4c0cc334b4e36f67e"},"headline":"Sal\u00e4re in der IT-Branche bleiben auf hohem Niveau stabil","datePublished":"2022-08-25T11:40:17+00:00","mainEntityOfPage":{"@id":"https:\/\/www.organisator.ch\/management\/it\/2022-08-25\/salaere-in-der-it-branche-bleiben-auf-hohem-niveau-stabil\/"},"wordCount":463,"publisher":{"@id":"https:\/\/www.organisator.ch\/#organization"},"image":{"@id":"https:\/\/www.organisator.ch\/management\/it\/2022-08-25\/salaere-in-der-it-branche-bleiben-auf-hohem-niveau-stabil\/#primaryimage"},"thumbnailUrl":"https:\/\/www.organisator.ch\/wp-content\/uploads\/2022\/08\/Salare-in-der-IT-Branche-bleiben-auf-hohem-Niveau-stabil_Organisator.jpg","keywords":["HRM","IT","L\u00f6hne","Sal\u00e4rstudie"],"articleSection":["HUMAN RESOURCES","IT"],"inLanguage":"fr-FR"},{"@type":"WebPage","@id":"https:\/\/www.organisator.ch\/management\/it\/2022-08-25\/salaere-in-der-it-branche-bleiben-auf-hohem-niveau-stabil\/","url":"https:\/\/www.organisator.ch\/management\/it\/2022-08-25\/salaere-in-der-it-branche-bleiben-auf-hohem-niveau-stabil\/","name":"Les salaires dans le secteur IT restent stables \u00e0 un niveau \u00e9lev\u00e9 - Organisateur","isPartOf":{"@id":"https:\/\/www.organisator.ch\/#website"},"primaryImageOfPage":{"@id":"https:\/\/www.organisator.ch\/management\/it\/2022-08-25\/salaere-in-der-it-branche-bleiben-auf-hohem-niveau-stabil\/#primaryimage"},"image":{"@id":"https:\/\/www.organisator.ch\/management\/it\/2022-08-25\/salaere-in-der-it-branche-bleiben-auf-hohem-niveau-stabil\/#primaryimage"},"thumbnailUrl":"https:\/\/www.organisator.ch\/wp-content\/uploads\/2022\/08\/Salare-in-der-IT-Branche-bleiben-auf-hohem-Niveau-stabil_Organisator.jpg","datePublished":"2022-08-25T11:40:17+00:00","description":"L'association professionnelle SwissICT a publi\u00e9 l'\u00e9tude sur les salaires 2022. Pour la premi\u00e8re fois, les salaires des apprentis ont \u00e9galement \u00e9t\u00e9 relev\u00e9s.","breadcrumb":{"@id":"https:\/\/www.organisator.ch\/management\/it\/2022-08-25\/salaere-in-der-it-branche-bleiben-auf-hohem-niveau-stabil\/#breadcrumb"},"inLanguage":"fr-FR","potentialAction":[{"@type":"ReadAction","target":["https:\/\/www.organisator.ch\/management\/it\/2022-08-25\/salaere-in-der-it-branche-bleiben-auf-hohem-niveau-stabil\/"]}]},{"@type":"ImageObject","inLanguage":"fr-FR","@id":"https:\/\/www.organisator.ch\/management\/it\/2022-08-25\/salaere-in-der-it-branche-bleiben-auf-hohem-niveau-stabil\/#primaryimage","url":"https:\/\/www.organisator.ch\/wp-content\/uploads\/2022\/08\/Salare-in-der-IT-Branche-bleiben-auf-hohem-Niveau-stabil_Organisator.jpg","contentUrl":"https:\/\/www.organisator.ch\/wp-content\/uploads\/2022\/08\/Salare-in-der-IT-Branche-bleiben-auf-hohem-Niveau-stabil_Organisator.jpg","width":680,"height":349,"caption":"Sal\u00e4re der ICT 2022: Trotz Digitalisierungsschub bleiben die L\u00f6hne auf hohem Niveau stabil. (Grafik: Swiss ICT)"},{"@type":"BreadcrumbList","@id":"https:\/\/www.organisator.ch\/management\/it\/2022-08-25\/salaere-in-der-it-branche-bleiben-auf-hohem-niveau-stabil\/#breadcrumb","itemListElement":[{"@type":"ListItem","position":1,"name":"Home","item":"https:\/\/www.organisator.ch\/"},{"@type":"ListItem","position":2,"name":"Sal\u00e4re in der IT-Branche bleiben auf hohem Niveau stabil"}]},{"@type":"WebSite","@id":"https:\/\/www.organisator.ch\/#website","url":"https:\/\/www.organisator.ch\/","name":"Organisateur","description":"Comp\u00e9tence et comp\u00e9tence. Proches de la pratique. L'ORGANISATEUR pr\u00e9pare 10 num\u00e9ros par an sur les th\u00e8mes essentiels pour les dirigeants de PME.","publisher":{"@id":"https:\/\/www.organisator.ch\/#organization"},"potentialAction":[{"@type":"SearchAction","target":{"@type":"EntryPoint","urlTemplate":"https:\/\/www.organisator.ch\/?s={search_term_string}"},"query-input":{"@type":"PropertyValueSpecification","valueRequired":true,"valueName":"search_term_string"}}],"inLanguage":"fr-FR"},{"@type":"Organization","@id":"https:\/\/www.organisator.ch\/#organization","name":"Organisateur","url":"https:\/\/www.organisator.ch\/","logo":{"@type":"ImageObject","inLanguage":"fr-FR","@id":"https:\/\/www.organisator.ch\/#\/schema\/logo\/image\/","url":"https:\/\/www.organisator.ch\/wp-content\/uploads\/2022\/01\/Logo_Organisator_Website.png","contentUrl":"https:\/\/www.organisator.ch\/wp-content\/uploads\/2022\/01\/Logo_Organisator_Website.png","width":800,"height":77,"caption":"Organisator"},"image":{"@id":"https:\/\/www.organisator.ch\/#\/schema\/logo\/image\/"},"sameAs":["https:\/\/www.facebook.com\/OrganisatorFachmagazin","https:\/\/www.linkedin.com\/showcase\/organisator-das-magazin-fr-kmu","https:\/\/www.xing.com\/news\/pages\/organisator-ch-695","https:\/\/www.youtube.com\/channel\/UCGP2Sq0iWaZwT3BdIAQFYpw"]},{"@type":"Person","@id":"https:\/\/www.organisator.ch\/#\/schema\/person\/6f650f90b2842cd4c0cc334b4e36f67e","name":"thomas.berner","image":{"@type":"ImageObject","inLanguage":"fr-FR","@id":"https:\/\/secure.gravatar.com\/avatar\/ac5001d2a36cb6c6cd3e50789007ffca834b477b74a2144564522e944eabff61?s=96&d=mm&r=g","url":"https:\/\/secure.gravatar.com\/avatar\/ac5001d2a36cb6c6cd3e50789007ffca834b477b74a2144564522e944eabff61?s=96&d=mm&r=g","contentUrl":"https:\/\/secure.gravatar.com\/avatar\/ac5001d2a36cb6c6cd3e50789007ffca834b477b74a2144564522e944eabff61?s=96&d=mm&r=g","caption":"thomas.berner"},"url":"https:\/\/www.organisator.ch\/fr\/author\/thomas-berner\/"}]}},"_links":{"self":[{"href":"https:\/\/www.organisator.ch\/fr\/wp-json\/wp\/v2\/posts\/16691","targetHints":{"allow":["GET"]}}],"collection":[{"href":"https:\/\/www.organisator.ch\/fr\/wp-json\/wp\/v2\/posts"}],"about":[{"href":"https:\/\/www.organisator.ch\/fr\/wp-json\/wp\/v2\/types\/post"}],"author":[{"embeddable":true,"href":"https:\/\/www.organisator.ch\/fr\/wp-json\/wp\/v2\/users\/4"}],"replies":[{"embeddable":true,"href":"https:\/\/www.organisator.ch\/fr\/wp-json\/wp\/v2\/comments?post=16691"}],"version-history":[{"count":2,"href":"https:\/\/www.organisator.ch\/fr\/wp-json\/wp\/v2\/posts\/16691\/revisions"}],"predecessor-version":[{"id":16699,"href":"https:\/\/www.organisator.ch\/fr\/wp-json\/wp\/v2\/posts\/16691\/revisions\/16699"}],"wp:featuredmedia":[{"embeddable":true,"href":"https:\/\/www.organisator.ch\/fr\/wp-json\/wp\/v2\/media\/16698"}],"wp:attachment":[{"href":"https:\/\/www.organisator.ch\/fr\/wp-json\/wp\/v2\/media?parent=16691"}],"wp:term":[{"taxonomy":"category","embeddable":true,"href":"https:\/\/www.organisator.ch\/fr\/wp-json\/wp\/v2\/categories?post=16691"},{"taxonomy":"post_tag","embeddable":true,"href":"https:\/\/www.organisator.ch\/fr\/wp-json\/wp\/v2\/tags?post=16691"}],"curies":[{"name":"wp","href":"https:\/\/api.w.org\/{rel}","templated":true}]}}