{"id":16700,"date":"2022-08-25T14:38:19","date_gmt":"2022-08-25T12:38:19","guid":{"rendered":"https:\/\/www.organisator.ch\/?p=16700"},"modified":"2022-08-25T14:38:19","modified_gmt":"2022-08-25T12:38:19","slug":"reglement-de-la-succession-chez-grass-partner","status":"publish","type":"post","link":"https:\/\/www.organisator.ch\/fr\/management\/2022-08-25\/nachfolgeregelung-bei-grass-partner\/","title":{"rendered":"R\u00e8glement de la succession chez Grass &amp; Partner"},"content":{"rendered":"<figure id=\"attachment_16701\" aria-describedby=\"caption-attachment-16701\" style=\"width: 680px\" class=\"wp-caption alignnone\"><img loading=\"lazy\" decoding=\"async\" class=\"size-full wp-image-16701\" src=\"https:\/\/www.organisator.ch\/wp-content\/uploads\/2022\/08\/Nachfolgeregelung-bei-Grass-Partner_Organisator.jpg\" alt=\"\" width=\"680\" height=\"269\" srcset=\"https:\/\/www.organisator.ch\/wp-content\/uploads\/2022\/08\/Nachfolgeregelung-bei-Grass-Partner_Organisator.jpg 680w, https:\/\/www.organisator.ch\/wp-content\/uploads\/2022\/08\/Nachfolgeregelung-bei-Grass-Partner_Organisator-18x7.jpg 18w, https:\/\/www.organisator.ch\/wp-content\/uploads\/2022\/08\/Nachfolgeregelung-bei-Grass-Partner_Organisator-375x148.jpg 375w, https:\/\/www.organisator.ch\/wp-content\/uploads\/2022\/08\/Nachfolgeregelung-bei-Grass-Partner_Organisator-300x119.jpg 300w\" sizes=\"auto, (max-width: 680px) 100vw, 680px\" \/><figcaption id=\"caption-attachment-16701\" class=\"wp-caption-text\">Les nouveaux propri\u00e9taires de Grass &amp; Partner : Stefan Hernandez, Jan B\u00f6ggering et Martin K\u00fcppers (de gauche \u00e0 droite). Image : grassgroup.ch<\/figcaption><\/figure>\n<p>L'entreprise Grass &amp; Partner, bien \u00e9tablie dans le domaine de l'outplacement, du conseil en carri\u00e8re et de l'attribution de mandats d'administrateurs, a r\u00e9gl\u00e9 sa succession : Jan B\u00f6ggering, Stefan Hernandez et Martin K\u00fcppers sont les nouveaux propri\u00e9taires. Les deux propri\u00e9taires de longue date, Paul Beerli et Andr\u00e9 Schl\u00e4ppi, restent toutefois li\u00e9s \u00e0 l'entreprise.<\/p>\n<p>Les trois personnalit\u00e9s entrepreneuriales apportent une grande exp\u00e9rience dans le d\u00e9veloppement strat\u00e9gique et la gestion d'entreprises et de personnes. Martin K\u00fcppers est ing\u00e9nieur en m\u00e9canique et dispose d'un EMBA IMD. Pendant plus de 20 ans, il a acquis une exp\u00e9rience op\u00e9rationnelle dans des groupes de construction m\u00e9canique de renom op\u00e9rant \u00e0 l'\u00e9chelle internationale et occupant des postes de CA sur des march\u00e9s internationaux. K\u00fcppers a ainsi \u00e9t\u00e9 directeur g\u00e9n\u00e9ral de Saurer AG de 2016 \u00e0 2020. Jan B\u00f6ggering, quant \u00e0 lui, dispose de 20 ans d'exp\u00e9rience dans le conseil en entreprise dans les domaines de l'excellence op\u00e9rationnelle et des strat\u00e9gies de cr\u00e9ation de valeur. Il a notamment \u00e9t\u00e9 responsable de l'unit\u00e9 d'am\u00e9lioration des performances chez Volkswagen Consulting. Enfin, Stefan Hernandez est directeur de Grass &amp; Partner depuis 2018 et a occup\u00e9 auparavant, entre autres, le poste de pr\u00e9sident du FC Saint-Gall.<\/p>\n<p>Les trois entrepreneurs reprennent cent pour cent des actions des propri\u00e9taires de longue date Paul Beerli et Andr\u00e9 Schl\u00e4ppi et forment d\u00e9sormais le conseil d'administration. Les anciens propri\u00e9taires restent li\u00e9s \u00e0 l'entreprise. Paul Beerli, ancien pr\u00e9sident du conseil d'administration, continuera \u00e0 mettre son expertise \u00e0 disposition en tant que conseiller ind\u00e9pendant, tandis qu'Andr\u00e9 Schl\u00e4ppi travaillera en tant que Senior Executive Coach pour les clients C-Level. Stefan Hernandez a d\u00e9clar\u00e9 : \"Nous sommes heureux de poursuivre et de d\u00e9velopper, avec nos collaborateurs, cette entreprise bien \u00e9tablie. La force de Grass &amp; Partner r\u00e9side dans le fait que nous r\u00e9pondons de mani\u00e8re cibl\u00e9e aux besoins sp\u00e9cifiques de nos clientes et clients. Nous allons continuer \u00e0 d\u00e9velopper cette approche sur mesure\". Paul Beerli : \"Nous sommes fiers de remettre Grass &amp; Partner entre des mains aussi exp\u00e9riment\u00e9es. Grass &amp; Partner b\u00e9n\u00e9ficie d'un excellent positionnement dans toute la Suisse. Le changement de propri\u00e9taire assure la continuit\u00e9 tout en ouvrant de nouvelles perspectives\".<\/p>\n<p><em>Source : <a href=\"http:\/\/www.grassgroup.ch\">www.grassgroup.ch<\/a><\/em><\/p>","protected":false},"excerpt":{"rendered":"<p>Das im Outplacement, der Karriereberatung und der Besetzung von Verwaltungsrats-Mandaten etablierte Unternehmen Grass &amp; Partner hat seine Nachfolge geregelt: Jan B\u00f6ggering, Stefan Hernandez und Martin K\u00fcppers sind die neuen Eigent\u00fcmer. Die beiden langj\u00e4hrigen Besitzer Paul Beerli und Andr\u00e9 Schl\u00e4ppi bleiben aber dem Unternehmen verbunden. Die drei Unternehmerpers\u00f6nlichkeiten bringen grosse Erfahrung in der strategischen Entwicklung und [&hellip;]<\/p>\n","protected":false},"author":4,"featured_media":16701,"comment_status":"closed","ping_status":"closed","sticky":false,"template":"","format":"standard","meta":{"_acf_changed":false,"_yoast_wpseo_focuskw":"Grass & Partner","_yoast_wpseo_metadesc":"Grass & Partner gehen in neue H\u00e4nde \u00fcber. Jan B\u00f6ggering, Stefan Hernandez und Martin K\u00fcppers \u00fcbernehmen das Beratungsunternehmen.","articlekey":"","footnotes":""},"categories":[28],"tags":[207,335,371,494],"class_list":["post-16700","post","type-post","status-publish","format-standard","has-post-thumbnail","hentry","category-management","tag-firmennachfolge","tag-management-und-unternehmensfuehrung","tag-outplacement","tag-unternehmensberatung"],"acf":[],"yoast_head":"<!-- This site is optimized with the Yoast SEO plugin v27.4 - https:\/\/yoast.com\/product\/yoast-seo-wordpress\/ -->\n<title>Nachfolgeregelung bei Grass &amp; Partner - Organisator<\/title>\n<meta name=\"description\" content=\"Grass &amp; Partner gehen in neue H\u00e4nde \u00fcber. Jan B\u00f6ggering, Stefan Hernandez und Martin K\u00fcppers \u00fcbernehmen das Beratungsunternehmen.\" \/>\n<meta name=\"robots\" content=\"index, follow, max-snippet:-1, max-image-preview:large, max-video-preview:-1\" \/>\n<link rel=\"canonical\" href=\"https:\/\/www.organisator.ch\/fr\/gestion-2\/2022-08-25\/reglement-de-la-succession-chez-grass-partner\/\" \/>\n<meta property=\"og:locale\" content=\"fr_FR\" \/>\n<meta property=\"og:type\" content=\"article\" \/>\n<meta property=\"og:title\" content=\"Nachfolgeregelung bei Grass &amp; Partner\" \/>\n<meta property=\"og:description\" content=\"Grass &amp; Partner gehen in neue H\u00e4nde \u00fcber. Jan B\u00f6ggering, Stefan Hernandez und Martin K\u00fcppers \u00fcbernehmen das Beratungsunternehmen.\" \/>\n<meta property=\"og:url\" content=\"https:\/\/www.organisator.ch\/fr\/gestion-2\/2022-08-25\/reglement-de-la-succession-chez-grass-partner\/\" \/>\n<meta property=\"og:site_name\" content=\"Organisator\" \/>\n<meta property=\"article:publisher\" content=\"https:\/\/www.facebook.com\/OrganisatorFachmagazin\" \/>\n<meta property=\"article:published_time\" content=\"2022-08-25T12:38:19+00:00\" \/>\n<meta property=\"og:image\" content=\"https:\/\/www.organisator.ch\/wp-content\/uploads\/2022\/08\/Nachfolgeregelung-bei-Grass-Partner_Organisator.jpg\" \/>\n\t<meta property=\"og:image:width\" content=\"680\" \/>\n\t<meta property=\"og:image:height\" content=\"269\" \/>\n\t<meta property=\"og:image:type\" content=\"image\/jpeg\" \/>\n<meta name=\"author\" content=\"thomas.berner\" \/>\n<meta name=\"twitter:card\" content=\"summary_large_image\" \/>\n<meta name=\"twitter:title\" content=\"#Nachfolgeregelung bei #Grass &amp; Partner\" \/>\n<meta name=\"twitter:description\" content=\"#Grass &amp; Partner gehen in neue H\u00e4nde \u00fcber. Jan B\u00f6ggering, Stefan Hernandez und Martin K\u00fcppers \u00fcbernehmen das #Beratungsunternehmen.\" \/>\n<meta name=\"twitter:image\" content=\"https:\/\/www.organisator.ch\/wp-content\/uploads\/2022\/08\/Nachfolgeregelung-bei-Grass-Partner_Organisator.jpg\" \/>\n<script type=\"application\/ld+json\" class=\"yoast-schema-graph\">{\"@context\":\"https:\\\/\\\/schema.org\",\"@graph\":[{\"@type\":\"Article\",\"@id\":\"https:\\\/\\\/www.organisator.ch\\\/management\\\/2022-08-25\\\/nachfolgeregelung-bei-grass-partner\\\/#article\",\"isPartOf\":{\"@id\":\"https:\\\/\\\/www.organisator.ch\\\/management\\\/2022-08-25\\\/nachfolgeregelung-bei-grass-partner\\\/\"},\"author\":{\"name\":\"thomas.berner\",\"@id\":\"https:\\\/\\\/www.organisator.ch\\\/#\\\/schema\\\/person\\\/6f650f90b2842cd4c0cc334b4e36f67e\"},\"headline\":\"Nachfolgeregelung bei Grass &#038; Partner\",\"datePublished\":\"2022-08-25T12:38:19+00:00\",\"mainEntityOfPage\":{\"@id\":\"https:\\\/\\\/www.organisator.ch\\\/management\\\/2022-08-25\\\/nachfolgeregelung-bei-grass-partner\\\/\"},\"wordCount\":356,\"publisher\":{\"@id\":\"https:\\\/\\\/www.organisator.ch\\\/#organization\"},\"image\":{\"@id\":\"https:\\\/\\\/www.organisator.ch\\\/management\\\/2022-08-25\\\/nachfolgeregelung-bei-grass-partner\\\/#primaryimage\"},\"thumbnailUrl\":\"https:\\\/\\\/www.organisator.ch\\\/wp-content\\\/uploads\\\/2022\\\/08\\\/Nachfolgeregelung-bei-Grass-Partner_Organisator.jpg\",\"keywords\":[\"Firmennachfolge\",\"Management und Unternehmensf\u00fchrung\",\"Outplacement\",\"Unternehmensberatung\"],\"articleSection\":[\"MANAGEMENT\"],\"inLanguage\":\"fr-FR\"},{\"@type\":\"WebPage\",\"@id\":\"https:\\\/\\\/www.organisator.ch\\\/management\\\/2022-08-25\\\/nachfolgeregelung-bei-grass-partner\\\/\",\"url\":\"https:\\\/\\\/www.organisator.ch\\\/management\\\/2022-08-25\\\/nachfolgeregelung-bei-grass-partner\\\/\",\"name\":\"Nachfolgeregelung bei Grass & Partner - Organisator\",\"isPartOf\":{\"@id\":\"https:\\\/\\\/www.organisator.ch\\\/#website\"},\"primaryImageOfPage\":{\"@id\":\"https:\\\/\\\/www.organisator.ch\\\/management\\\/2022-08-25\\\/nachfolgeregelung-bei-grass-partner\\\/#primaryimage\"},\"image\":{\"@id\":\"https:\\\/\\\/www.organisator.ch\\\/management\\\/2022-08-25\\\/nachfolgeregelung-bei-grass-partner\\\/#primaryimage\"},\"thumbnailUrl\":\"https:\\\/\\\/www.organisator.ch\\\/wp-content\\\/uploads\\\/2022\\\/08\\\/Nachfolgeregelung-bei-Grass-Partner_Organisator.jpg\",\"datePublished\":\"2022-08-25T12:38:19+00:00\",\"description\":\"Grass & Partner gehen in neue H\u00e4nde \u00fcber. Jan B\u00f6ggering, Stefan Hernandez und Martin K\u00fcppers \u00fcbernehmen das Beratungsunternehmen.\",\"breadcrumb\":{\"@id\":\"https:\\\/\\\/www.organisator.ch\\\/management\\\/2022-08-25\\\/nachfolgeregelung-bei-grass-partner\\\/#breadcrumb\"},\"inLanguage\":\"fr-FR\",\"potentialAction\":[{\"@type\":\"ReadAction\",\"target\":[\"https:\\\/\\\/www.organisator.ch\\\/management\\\/2022-08-25\\\/nachfolgeregelung-bei-grass-partner\\\/\"]}]},{\"@type\":\"ImageObject\",\"inLanguage\":\"fr-FR\",\"@id\":\"https:\\\/\\\/www.organisator.ch\\\/management\\\/2022-08-25\\\/nachfolgeregelung-bei-grass-partner\\\/#primaryimage\",\"url\":\"https:\\\/\\\/www.organisator.ch\\\/wp-content\\\/uploads\\\/2022\\\/08\\\/Nachfolgeregelung-bei-Grass-Partner_Organisator.jpg\",\"contentUrl\":\"https:\\\/\\\/www.organisator.ch\\\/wp-content\\\/uploads\\\/2022\\\/08\\\/Nachfolgeregelung-bei-Grass-Partner_Organisator.jpg\",\"width\":680,\"height\":269,\"caption\":\"Die neuen Eigent\u00fcmer von Grass & Partner: Stefan Hernandez, Jan B\u00f6ggering und Martin K\u00fcppers (v.l.n.r.). Bild: grassgroup.ch\"},{\"@type\":\"BreadcrumbList\",\"@id\":\"https:\\\/\\\/www.organisator.ch\\\/management\\\/2022-08-25\\\/nachfolgeregelung-bei-grass-partner\\\/#breadcrumb\",\"itemListElement\":[{\"@type\":\"ListItem\",\"position\":1,\"name\":\"Home\",\"item\":\"https:\\\/\\\/www.organisator.ch\\\/\"},{\"@type\":\"ListItem\",\"position\":2,\"name\":\"Nachfolgeregelung bei Grass &#038; Partner\"}]},{\"@type\":\"WebSite\",\"@id\":\"https:\\\/\\\/www.organisator.ch\\\/#website\",\"url\":\"https:\\\/\\\/www.organisator.ch\\\/\",\"name\":\"Organisator\",\"description\":\"Kompetent. Praxisnah. Der ORGANISATOR bereitet in 10 Ausgaben pro Jahr die wesentlichen Themen f\u00fcr F\u00fchrungskr\u00e4fte von KMU auf.\",\"publisher\":{\"@id\":\"https:\\\/\\\/www.organisator.ch\\\/#organization\"},\"potentialAction\":[{\"@type\":\"SearchAction\",\"target\":{\"@type\":\"EntryPoint\",\"urlTemplate\":\"https:\\\/\\\/www.organisator.ch\\\/?s={search_term_string}\"},\"query-input\":{\"@type\":\"PropertyValueSpecification\",\"valueRequired\":true,\"valueName\":\"search_term_string\"}}],\"inLanguage\":\"fr-FR\"},{\"@type\":\"Organization\",\"@id\":\"https:\\\/\\\/www.organisator.ch\\\/#organization\",\"name\":\"Organisator\",\"url\":\"https:\\\/\\\/www.organisator.ch\\\/\",\"logo\":{\"@type\":\"ImageObject\",\"inLanguage\":\"fr-FR\",\"@id\":\"https:\\\/\\\/www.organisator.ch\\\/#\\\/schema\\\/logo\\\/image\\\/\",\"url\":\"https:\\\/\\\/www.organisator.ch\\\/wp-content\\\/uploads\\\/2022\\\/01\\\/Logo_Organisator_Website.png\",\"contentUrl\":\"https:\\\/\\\/www.organisator.ch\\\/wp-content\\\/uploads\\\/2022\\\/01\\\/Logo_Organisator_Website.png\",\"width\":800,\"height\":77,\"caption\":\"Organisator\"},\"image\":{\"@id\":\"https:\\\/\\\/www.organisator.ch\\\/#\\\/schema\\\/logo\\\/image\\\/\"},\"sameAs\":[\"https:\\\/\\\/www.facebook.com\\\/OrganisatorFachmagazin\",\"https:\\\/\\\/www.linkedin.com\\\/showcase\\\/organisator-das-magazin-fr-kmu\",\"https:\\\/\\\/www.xing.com\\\/news\\\/pages\\\/organisator-ch-695\",\"https:\\\/\\\/www.youtube.com\\\/channel\\\/UCGP2Sq0iWaZwT3BdIAQFYpw\"]},{\"@type\":\"Person\",\"@id\":\"https:\\\/\\\/www.organisator.ch\\\/#\\\/schema\\\/person\\\/6f650f90b2842cd4c0cc334b4e36f67e\",\"name\":\"thomas.berner\",\"image\":{\"@type\":\"ImageObject\",\"inLanguage\":\"fr-FR\",\"@id\":\"https:\\\/\\\/secure.gravatar.com\\\/avatar\\\/ac5001d2a36cb6c6cd3e50789007ffca834b477b74a2144564522e944eabff61?s=96&d=mm&r=g\",\"url\":\"https:\\\/\\\/secure.gravatar.com\\\/avatar\\\/ac5001d2a36cb6c6cd3e50789007ffca834b477b74a2144564522e944eabff61?s=96&d=mm&r=g\",\"contentUrl\":\"https:\\\/\\\/secure.gravatar.com\\\/avatar\\\/ac5001d2a36cb6c6cd3e50789007ffca834b477b74a2144564522e944eabff61?s=96&d=mm&r=g\",\"caption\":\"thomas.berner\"},\"url\":\"https:\\\/\\\/www.organisator.ch\\\/fr\\\/author\\\/thomas-berner\\\/\"}]}<\/script>\n<!-- \/ Yoast SEO plugin. -->","yoast_head_json":{"title":"Succession chez Grass &amp; Partner - Organisateur","description":"Grass &amp; Partner passe en de nouvelles mains. Jan B\u00f6ggering, Stefan Hernandez et Martin K\u00fcppers reprennent l'entreprise de conseil.","robots":{"index":"index","follow":"follow","max-snippet":"max-snippet:-1","max-image-preview":"max-image-preview:large","max-video-preview":"max-video-preview:-1"},"canonical":"https:\/\/www.organisator.ch\/fr\/gestion-2\/2022-08-25\/reglement-de-la-succession-chez-grass-partner\/","og_locale":"fr_FR","og_type":"article","og_title":"Nachfolgeregelung bei Grass & Partner","og_description":"Grass & Partner gehen in neue H\u00e4nde \u00fcber. Jan B\u00f6ggering, Stefan Hernandez und Martin K\u00fcppers \u00fcbernehmen das Beratungsunternehmen.","og_url":"https:\/\/www.organisator.ch\/fr\/gestion-2\/2022-08-25\/reglement-de-la-succession-chez-grass-partner\/","og_site_name":"Organisator","article_publisher":"https:\/\/www.facebook.com\/OrganisatorFachmagazin","article_published_time":"2022-08-25T12:38:19+00:00","og_image":[{"width":680,"height":269,"url":"https:\/\/www.organisator.ch\/wp-content\/uploads\/2022\/08\/Nachfolgeregelung-bei-Grass-Partner_Organisator.jpg","type":"image\/jpeg"}],"author":"thomas.berner","twitter_card":"summary_large_image","twitter_title":"#Nachfolgeregelung bei #Grass & Partner","twitter_description":"#Grass & Partner gehen in neue H\u00e4nde \u00fcber. Jan B\u00f6ggering, Stefan Hernandez und Martin K\u00fcppers \u00fcbernehmen das #Beratungsunternehmen.","twitter_image":"https:\/\/www.organisator.ch\/wp-content\/uploads\/2022\/08\/Nachfolgeregelung-bei-Grass-Partner_Organisator.jpg","schema":{"@context":"https:\/\/schema.org","@graph":[{"@type":"Article","@id":"https:\/\/www.organisator.ch\/management\/2022-08-25\/nachfolgeregelung-bei-grass-partner\/#article","isPartOf":{"@id":"https:\/\/www.organisator.ch\/management\/2022-08-25\/nachfolgeregelung-bei-grass-partner\/"},"author":{"name":"thomas.berner","@id":"https:\/\/www.organisator.ch\/#\/schema\/person\/6f650f90b2842cd4c0cc334b4e36f67e"},"headline":"Nachfolgeregelung bei Grass &#038; Partner","datePublished":"2022-08-25T12:38:19+00:00","mainEntityOfPage":{"@id":"https:\/\/www.organisator.ch\/management\/2022-08-25\/nachfolgeregelung-bei-grass-partner\/"},"wordCount":356,"publisher":{"@id":"https:\/\/www.organisator.ch\/#organization"},"image":{"@id":"https:\/\/www.organisator.ch\/management\/2022-08-25\/nachfolgeregelung-bei-grass-partner\/#primaryimage"},"thumbnailUrl":"https:\/\/www.organisator.ch\/wp-content\/uploads\/2022\/08\/Nachfolgeregelung-bei-Grass-Partner_Organisator.jpg","keywords":["Firmennachfolge","Management und Unternehmensf\u00fchrung","Outplacement","Unternehmensberatung"],"articleSection":["MANAGEMENT"],"inLanguage":"fr-FR"},{"@type":"WebPage","@id":"https:\/\/www.organisator.ch\/management\/2022-08-25\/nachfolgeregelung-bei-grass-partner\/","url":"https:\/\/www.organisator.ch\/management\/2022-08-25\/nachfolgeregelung-bei-grass-partner\/","name":"Succession chez Grass &amp; Partner - Organisateur","isPartOf":{"@id":"https:\/\/www.organisator.ch\/#website"},"primaryImageOfPage":{"@id":"https:\/\/www.organisator.ch\/management\/2022-08-25\/nachfolgeregelung-bei-grass-partner\/#primaryimage"},"image":{"@id":"https:\/\/www.organisator.ch\/management\/2022-08-25\/nachfolgeregelung-bei-grass-partner\/#primaryimage"},"thumbnailUrl":"https:\/\/www.organisator.ch\/wp-content\/uploads\/2022\/08\/Nachfolgeregelung-bei-Grass-Partner_Organisator.jpg","datePublished":"2022-08-25T12:38:19+00:00","description":"Grass &amp; Partner passe en de nouvelles mains. Jan B\u00f6ggering, Stefan Hernandez et Martin K\u00fcppers reprennent l'entreprise de conseil.","breadcrumb":{"@id":"https:\/\/www.organisator.ch\/management\/2022-08-25\/nachfolgeregelung-bei-grass-partner\/#breadcrumb"},"inLanguage":"fr-FR","potentialAction":[{"@type":"ReadAction","target":["https:\/\/www.organisator.ch\/management\/2022-08-25\/nachfolgeregelung-bei-grass-partner\/"]}]},{"@type":"ImageObject","inLanguage":"fr-FR","@id":"https:\/\/www.organisator.ch\/management\/2022-08-25\/nachfolgeregelung-bei-grass-partner\/#primaryimage","url":"https:\/\/www.organisator.ch\/wp-content\/uploads\/2022\/08\/Nachfolgeregelung-bei-Grass-Partner_Organisator.jpg","contentUrl":"https:\/\/www.organisator.ch\/wp-content\/uploads\/2022\/08\/Nachfolgeregelung-bei-Grass-Partner_Organisator.jpg","width":680,"height":269,"caption":"Die neuen Eigent\u00fcmer von Grass & Partner: Stefan Hernandez, Jan B\u00f6ggering und Martin K\u00fcppers (v.l.n.r.). Bild: grassgroup.ch"},{"@type":"BreadcrumbList","@id":"https:\/\/www.organisator.ch\/management\/2022-08-25\/nachfolgeregelung-bei-grass-partner\/#breadcrumb","itemListElement":[{"@type":"ListItem","position":1,"name":"Home","item":"https:\/\/www.organisator.ch\/"},{"@type":"ListItem","position":2,"name":"Nachfolgeregelung bei Grass &#038; Partner"}]},{"@type":"WebSite","@id":"https:\/\/www.organisator.ch\/#website","url":"https:\/\/www.organisator.ch\/","name":"Organisateur","description":"Comp\u00e9tence et comp\u00e9tence. Proches de la pratique. L'ORGANISATEUR pr\u00e9pare 10 num\u00e9ros par an sur les th\u00e8mes essentiels pour les dirigeants de PME.","publisher":{"@id":"https:\/\/www.organisator.ch\/#organization"},"potentialAction":[{"@type":"SearchAction","target":{"@type":"EntryPoint","urlTemplate":"https:\/\/www.organisator.ch\/?s={search_term_string}"},"query-input":{"@type":"PropertyValueSpecification","valueRequired":true,"valueName":"search_term_string"}}],"inLanguage":"fr-FR"},{"@type":"Organization","@id":"https:\/\/www.organisator.ch\/#organization","name":"Organisateur","url":"https:\/\/www.organisator.ch\/","logo":{"@type":"ImageObject","inLanguage":"fr-FR","@id":"https:\/\/www.organisator.ch\/#\/schema\/logo\/image\/","url":"https:\/\/www.organisator.ch\/wp-content\/uploads\/2022\/01\/Logo_Organisator_Website.png","contentUrl":"https:\/\/www.organisator.ch\/wp-content\/uploads\/2022\/01\/Logo_Organisator_Website.png","width":800,"height":77,"caption":"Organisator"},"image":{"@id":"https:\/\/www.organisator.ch\/#\/schema\/logo\/image\/"},"sameAs":["https:\/\/www.facebook.com\/OrganisatorFachmagazin","https:\/\/www.linkedin.com\/showcase\/organisator-das-magazin-fr-kmu","https:\/\/www.xing.com\/news\/pages\/organisator-ch-695","https:\/\/www.youtube.com\/channel\/UCGP2Sq0iWaZwT3BdIAQFYpw"]},{"@type":"Person","@id":"https:\/\/www.organisator.ch\/#\/schema\/person\/6f650f90b2842cd4c0cc334b4e36f67e","name":"thomas.berner","image":{"@type":"ImageObject","inLanguage":"fr-FR","@id":"https:\/\/secure.gravatar.com\/avatar\/ac5001d2a36cb6c6cd3e50789007ffca834b477b74a2144564522e944eabff61?s=96&d=mm&r=g","url":"https:\/\/secure.gravatar.com\/avatar\/ac5001d2a36cb6c6cd3e50789007ffca834b477b74a2144564522e944eabff61?s=96&d=mm&r=g","contentUrl":"https:\/\/secure.gravatar.com\/avatar\/ac5001d2a36cb6c6cd3e50789007ffca834b477b74a2144564522e944eabff61?s=96&d=mm&r=g","caption":"thomas.berner"},"url":"https:\/\/www.organisator.ch\/fr\/author\/thomas-berner\/"}]}},"_links":{"self":[{"href":"https:\/\/www.organisator.ch\/fr\/wp-json\/wp\/v2\/posts\/16700","targetHints":{"allow":["GET"]}}],"collection":[{"href":"https:\/\/www.organisator.ch\/fr\/wp-json\/wp\/v2\/posts"}],"about":[{"href":"https:\/\/www.organisator.ch\/fr\/wp-json\/wp\/v2\/types\/post"}],"author":[{"embeddable":true,"href":"https:\/\/www.organisator.ch\/fr\/wp-json\/wp\/v2\/users\/4"}],"replies":[{"embeddable":true,"href":"https:\/\/www.organisator.ch\/fr\/wp-json\/wp\/v2\/comments?post=16700"}],"version-history":[{"count":1,"href":"https:\/\/www.organisator.ch\/fr\/wp-json\/wp\/v2\/posts\/16700\/revisions"}],"predecessor-version":[{"id":16702,"href":"https:\/\/www.organisator.ch\/fr\/wp-json\/wp\/v2\/posts\/16700\/revisions\/16702"}],"wp:featuredmedia":[{"embeddable":true,"href":"https:\/\/www.organisator.ch\/fr\/wp-json\/wp\/v2\/media\/16701"}],"wp:attachment":[{"href":"https:\/\/www.organisator.ch\/fr\/wp-json\/wp\/v2\/media?parent=16700"}],"wp:term":[{"taxonomy":"category","embeddable":true,"href":"https:\/\/www.organisator.ch\/fr\/wp-json\/wp\/v2\/categories?post=16700"},{"taxonomy":"post_tag","embeddable":true,"href":"https:\/\/www.organisator.ch\/fr\/wp-json\/wp\/v2\/tags?post=16700"}],"curies":[{"name":"wp","href":"https:\/\/api.w.org\/{rel}","templated":true}]}}