{"id":16707,"date":"2022-08-26T08:04:28","date_gmt":"2022-08-26T06:04:28","guid":{"rendered":"https:\/\/www.m-q.ch\/?p=16820"},"modified":"2024-11-22T10:52:40","modified_gmt":"2024-11-22T09:52:40","slug":"neuer-leiter-audit-bei-der-zuercher-kantonalbank","status":"publish","type":"post","link":"https:\/\/www.organisator.ch\/fr\/operational-excellence\/2022-08-26\/neuer-leiter-audit-bei-der-zuercher-kantonalbank\/","title":{"rendered":"Nouveau responsable de l'audit \u00e0 la Z\u00fcrcher Kantonalbank"},"content":{"rendered":"<figure id=\"attachment_16822\" class=\"wp-caption alignnone\" style=\"width: 680px\" aria-describedby=\"caption-attachment-16822\"><img class=\"alignnone wp-image-16822 size-full\" src=\"https:\/\/www.m-q.ch\/wp-content\/uploads\/2022\/08\/Neuer-Leiter-Audit-bei-der-Zuercher-Kantonalbank_MQ.jpg\" alt=\"Banque cantonale de Zurich\" width=\"680\" height=\"454\" \/>\r\n<figcaption id=\"caption-attachment-16822\" class=\"wp-caption-text\">Nouveau responsable d\u00e9sign\u00e9 de l'audit \u00e0 la Z\u00fcrcher Kantonalbank : Dr. J\u00f6rg Steinger. (Image : ZKB)<\/figcaption>\r\n<\/figure>\r\n<p>Dr J\u00f6rg Steinger est nomm\u00e9 \u00e0 la Z\u00fcrcher Kantonalbank ZKB pour succ\u00e9der \u00e0 Walter Seif, qui dirige l'audit interne depuis 2015 et quittera la banque le 30 juin 2023. Afin d'assurer une transition ordonn\u00e9e, le Dr J\u00f6rg Steinger rejoindra la banque d\u00e8s le 1er avril 2023 en tant que nouveau responsable de l'audit, indique la ZKB.<\/p>\r\n<h3>Pour une gouvernance d'entreprise forte<\/h3>\r\n<p>\"Nous sommes tr\u00e8s heureux d'avoir pu convaincre le Dr J\u00f6rg Steinger d'assumer cette t\u00e2che \u00e0 haute responsabilit\u00e9. C'est un expert reconnu dans le domaine de l'audit interne et une personnalit\u00e9 dirigeante confirm\u00e9e, qui dispose en outre d'une vaste exp\u00e9rience dans diff\u00e9rentes banques\", d\u00e9clare Dr J\u00f6rg M\u00fcller-Ganz, pr\u00e9sident du Conseil de banque de la Z\u00fcrcher Kantonalbank. \"Dans le cadre d'une proc\u00e9dure de s\u00e9lection en plusieurs \u00e9tapes, le Conseil de banque a soigneusement \u00e9valu\u00e9 les candidates et candidats internes et externes. Dr. J\u00f6rg Steinger poss\u00e8de toutes les qualit\u00e9s requises pour poursuivre la solide gouvernance d'entreprise de la Z\u00fcrcher Kantonalbank et relever les d\u00e9fis futurs. Sa grande exp\u00e9rience dans le secteur financier et dans le domaine de la num\u00e9risation lui sera utile\".<\/p>\r\n<h3>De Vontobel \u00e0 la ZKB<\/h3>\r\n<p>Dr. J\u00f6rg Steinger a plus de 30 ans d'exp\u00e9rience dans l'audit interne. Depuis 2013, il \u00e9tait responsable de l'audit interne chez Vontobel. Auparavant, il a travaill\u00e9 pendant une quinzaine d'ann\u00e9es \u00e0 la Banque cantonale de Lucerne, d'abord comme responsable de l'audit interne, puis comme responsable du Risk &amp; Process Management. De 1994 \u00e0 1999, il a travaill\u00e9 \u00e0 l'audit interne du Cr\u00e9dit Suisse, respectivement du Credit Suisse Group. Il a obtenu un doctorat sur la num\u00e9risation dans l'audit interne \u00e0 la Haute \u00e9cole de Saint-Gall et est titulaire d'un dipl\u00f4me f\u00e9d\u00e9ral d'expert-comptable. J\u00f6rg Steinger est de nationalit\u00e9 suisse.<\/p>\r\n<h3>Rattach\u00e9 au Conseil de banque en tant que responsable de l'audit<\/h3>\r\n<p>Avec plus de 50 sp\u00e9cialistes, l'Audit est responsable de la r\u00e9vision interne de la Z\u00fcrcher Kantonalbank. Il soutient le Conseil de banque dans l'exercice de ses obligations l\u00e9gales de surveillance et de contr\u00f4le et assume les t\u00e2ches de surveillance qui lui sont confi\u00e9es par le Conseil de banque. L'audit \u00e9value notamment de mani\u00e8re ind\u00e9pendante et objective l'ad\u00e9quation et l'efficacit\u00e9 des processus internes de contr\u00f4le et de gestion des risques et contribue \u00e0 leur am\u00e9lioration. L'Audit est subordonn\u00e9 \u00e0 la Pr\u00e9sidence du Conseil de banque.<\/p>\r\n<p><em>Source : <a href=\"https:\/\/www.zkb.ch\/\">Banque cantonale de Zurich<\/a><\/em><\/p>\n<p class=\"syndicated-attribution\">Cet article est paru initialement sur m-q.ch - <a href=\"https:\/\/www.m-q.ch\/de\/neuer-leiter-audit-bei-der-zuercher-kantonalbank\/\" target=\"_blank\">https:\/\/www.m-q.ch\/de\/neuer-leiter-audit-bei-der-zuercher-kantonalbank\/<\/a><\/p>","protected":false},"excerpt":{"rendered":"<p>Dr. J\u00f6rg Steinger wird bei der Z\u00fcrcher Kantonalbank ZKB zum Nachfolger von Walter Seif berufen, der die interne Revision seit 2015 leitet und die Bank am 30. Juni 2023 verlassen wird. Um einen geordneten \u00dcbergang sicherzustellen, wird Dr. J\u00f6rg Steinger bereits am 1. April 2023 als neuer Leiter Audit in die Bank eintreten, wie die [\u2026]<\/p>\n","protected":false},"author":8,"featured_media":0,"comment_status":"closed","ping_status":"closed","sticky":false,"template":"","format":"standard","meta":{"_acf_changed":false,"_yoast_wpseo_focuskw":"Z\u00fcrcher Kantonalbank","_yoast_wpseo_metadesc":"Dr. J\u00f6rg Steinger wird neuer Leiter Audit der Z\u00fcrcher Kantonalbank. Erfahrung und Expertise st\u00e4rken Corporate Governance.","articlekey":"","footnotes":""},"categories":[582],"tags":[3346],"class_list":["post-16707","post","type-post","status-publish","format-standard","hentry","category-operational-excellence","tag-kantonalbank"],"acf":[],"yoast_head":"<!-- This site is optimized with the Yoast SEO plugin v27.5 - https:\/\/yoast.com\/product\/yoast-seo-wordpress\/ -->\n<title>Neuer Leiter Audit bei der Z\u00fcrcher Kantonalbank - Organisator<\/title>\n<meta name=\"description\" content=\"Dr. J\u00f6rg Steinger wird neuer Leiter Audit der Z\u00fcrcher Kantonalbank. Erfahrung und Expertise st\u00e4rken Corporate Governance.\" \/>\n<meta name=\"robots\" content=\"index, follow, max-snippet:-1, max-image-preview:large, max-video-preview:-1\" \/>\n<link rel=\"canonical\" href=\"https:\/\/www.organisator.ch\/fr\/excellence-operationnelle\/2022-08-26\/neuer-leiter-audit-bei-der-zuercher-kantonalbank\/\" \/>\n<meta property=\"og:locale\" content=\"fr_FR\" \/>\n<meta property=\"og:type\" content=\"article\" \/>\n<meta property=\"og:title\" content=\"Neuer Leiter Audit bei der Z\u00fcrcher Kantonalbank - Organisator\" \/>\n<meta property=\"og:description\" content=\"Dr. J\u00f6rg Steinger wird neuer Leiter Audit der Z\u00fcrcher Kantonalbank. Erfahrung und Expertise st\u00e4rken Corporate Governance.\" \/>\n<meta property=\"og:url\" content=\"https:\/\/www.organisator.ch\/fr\/excellence-operationnelle\/2022-08-26\/neuer-leiter-audit-bei-der-zuercher-kantonalbank\/\" \/>\n<meta property=\"og:site_name\" content=\"Organisator\" \/>\n<meta property=\"article:publisher\" content=\"https:\/\/www.facebook.com\/OrganisatorFachmagazin\" \/>\n<meta property=\"article:published_time\" content=\"2022-08-26T06:04:28+00:00\" \/>\n<meta property=\"article:modified_time\" content=\"2024-11-22T09:52:40+00:00\" \/>\n<meta name=\"author\" content=\"galledia\" \/>\n<meta name=\"twitter:card\" content=\"summary_large_image\" \/>\n<meta name=\"twitter:creator\" content=\"@admin\" \/>\n<script type=\"application\/ld+json\" class=\"yoast-schema-graph\">{\"@context\":\"https:\\\/\\\/schema.org\",\"@graph\":[{\"@type\":\"Article\",\"@id\":\"https:\\\/\\\/www.organisator.ch\\\/operational-excellence\\\/2022-08-26\\\/neuer-leiter-audit-bei-der-zuercher-kantonalbank\\\/#article\",\"isPartOf\":{\"@id\":\"https:\\\/\\\/www.organisator.ch\\\/operational-excellence\\\/2022-08-26\\\/neuer-leiter-audit-bei-der-zuercher-kantonalbank\\\/\"},\"author\":{\"name\":\"galledia\",\"@id\":\"https:\\\/\\\/www.organisator.ch\\\/#\\\/schema\\\/person\\\/4e51799071cd2dd1232ac003643ef5f0\"},\"headline\":\"Neuer Leiter Audit bei der Z\u00fcrcher Kantonalbank\",\"datePublished\":\"2022-08-26T06:04:28+00:00\",\"dateModified\":\"2024-11-22T09:52:40+00:00\",\"mainEntityOfPage\":{\"@id\":\"https:\\\/\\\/www.organisator.ch\\\/operational-excellence\\\/2022-08-26\\\/neuer-leiter-audit-bei-der-zuercher-kantonalbank\\\/\"},\"wordCount\":377,\"publisher\":{\"@id\":\"https:\\\/\\\/www.organisator.ch\\\/#organization\"},\"image\":{\"@id\":\"https:\\\/\\\/www.organisator.ch\\\/operational-excellence\\\/2022-08-26\\\/neuer-leiter-audit-bei-der-zuercher-kantonalbank\\\/#primaryimage\"},\"thumbnailUrl\":\"https:\\\/\\\/www.m-q.ch\\\/wp-content\\\/uploads\\\/2022\\\/08\\\/Neuer-Leiter-Audit-bei-der-Zuercher-Kantonalbank_MQ.jpg\",\"keywords\":[\"Kantonalbank\"],\"articleSection\":[\"OPERATIONAL EXCELLENCE\"],\"inLanguage\":\"fr-FR\"},{\"@type\":\"WebPage\",\"@id\":\"https:\\\/\\\/www.organisator.ch\\\/operational-excellence\\\/2022-08-26\\\/neuer-leiter-audit-bei-der-zuercher-kantonalbank\\\/\",\"url\":\"https:\\\/\\\/www.organisator.ch\\\/operational-excellence\\\/2022-08-26\\\/neuer-leiter-audit-bei-der-zuercher-kantonalbank\\\/\",\"name\":\"Neuer Leiter Audit bei der Z\u00fcrcher Kantonalbank - Organisator\",\"isPartOf\":{\"@id\":\"https:\\\/\\\/www.organisator.ch\\\/#website\"},\"primaryImageOfPage\":{\"@id\":\"https:\\\/\\\/www.organisator.ch\\\/operational-excellence\\\/2022-08-26\\\/neuer-leiter-audit-bei-der-zuercher-kantonalbank\\\/#primaryimage\"},\"image\":{\"@id\":\"https:\\\/\\\/www.organisator.ch\\\/operational-excellence\\\/2022-08-26\\\/neuer-leiter-audit-bei-der-zuercher-kantonalbank\\\/#primaryimage\"},\"thumbnailUrl\":\"https:\\\/\\\/www.m-q.ch\\\/wp-content\\\/uploads\\\/2022\\\/08\\\/Neuer-Leiter-Audit-bei-der-Zuercher-Kantonalbank_MQ.jpg\",\"datePublished\":\"2022-08-26T06:04:28+00:00\",\"dateModified\":\"2024-11-22T09:52:40+00:00\",\"description\":\"Dr. J\u00f6rg Steinger wird neuer Leiter Audit der Z\u00fcrcher Kantonalbank. Erfahrung und Expertise st\u00e4rken Corporate Governance.\",\"breadcrumb\":{\"@id\":\"https:\\\/\\\/www.organisator.ch\\\/operational-excellence\\\/2022-08-26\\\/neuer-leiter-audit-bei-der-zuercher-kantonalbank\\\/#breadcrumb\"},\"inLanguage\":\"fr-FR\",\"potentialAction\":[{\"@type\":\"ReadAction\",\"target\":[\"https:\\\/\\\/www.organisator.ch\\\/operational-excellence\\\/2022-08-26\\\/neuer-leiter-audit-bei-der-zuercher-kantonalbank\\\/\"]}]},{\"@type\":\"ImageObject\",\"inLanguage\":\"fr-FR\",\"@id\":\"https:\\\/\\\/www.organisator.ch\\\/operational-excellence\\\/2022-08-26\\\/neuer-leiter-audit-bei-der-zuercher-kantonalbank\\\/#primaryimage\",\"url\":\"https:\\\/\\\/www.m-q.ch\\\/wp-content\\\/uploads\\\/2022\\\/08\\\/Neuer-Leiter-Audit-bei-der-Zuercher-Kantonalbank_MQ.jpg\",\"contentUrl\":\"https:\\\/\\\/www.m-q.ch\\\/wp-content\\\/uploads\\\/2022\\\/08\\\/Neuer-Leiter-Audit-bei-der-Zuercher-Kantonalbank_MQ.jpg\"},{\"@type\":\"BreadcrumbList\",\"@id\":\"https:\\\/\\\/www.organisator.ch\\\/operational-excellence\\\/2022-08-26\\\/neuer-leiter-audit-bei-der-zuercher-kantonalbank\\\/#breadcrumb\",\"itemListElement\":[{\"@type\":\"ListItem\",\"position\":1,\"name\":\"Home\",\"item\":\"https:\\\/\\\/www.organisator.ch\\\/\"},{\"@type\":\"ListItem\",\"position\":2,\"name\":\"Neuer Leiter Audit bei der Z\u00fcrcher Kantonalbank\"}]},{\"@type\":\"WebSite\",\"@id\":\"https:\\\/\\\/www.organisator.ch\\\/#website\",\"url\":\"https:\\\/\\\/www.organisator.ch\\\/\",\"name\":\"Organisator\",\"description\":\"Kompetent. Praxisnah. Der ORGANISATOR bereitet in 10 Ausgaben pro Jahr die wesentlichen Themen f\u00fcr F\u00fchrungskr\u00e4fte von KMU auf.\",\"publisher\":{\"@id\":\"https:\\\/\\\/www.organisator.ch\\\/#organization\"},\"potentialAction\":[{\"@type\":\"SearchAction\",\"target\":{\"@type\":\"EntryPoint\",\"urlTemplate\":\"https:\\\/\\\/www.organisator.ch\\\/?s={search_term_string}\"},\"query-input\":{\"@type\":\"PropertyValueSpecification\",\"valueRequired\":true,\"valueName\":\"search_term_string\"}}],\"inLanguage\":\"fr-FR\"},{\"@type\":\"Organization\",\"@id\":\"https:\\\/\\\/www.organisator.ch\\\/#organization\",\"name\":\"Organisator\",\"url\":\"https:\\\/\\\/www.organisator.ch\\\/\",\"logo\":{\"@type\":\"ImageObject\",\"inLanguage\":\"fr-FR\",\"@id\":\"https:\\\/\\\/www.organisator.ch\\\/#\\\/schema\\\/logo\\\/image\\\/\",\"url\":\"https:\\\/\\\/www.organisator.ch\\\/wp-content\\\/uploads\\\/2022\\\/01\\\/Logo_Organisator_Website.png\",\"contentUrl\":\"https:\\\/\\\/www.organisator.ch\\\/wp-content\\\/uploads\\\/2022\\\/01\\\/Logo_Organisator_Website.png\",\"width\":800,\"height\":77,\"caption\":\"Organisator\"},\"image\":{\"@id\":\"https:\\\/\\\/www.organisator.ch\\\/#\\\/schema\\\/logo\\\/image\\\/\"},\"sameAs\":[\"https:\\\/\\\/www.facebook.com\\\/OrganisatorFachmagazin\",\"https:\\\/\\\/www.linkedin.com\\\/showcase\\\/organisator-das-magazin-fr-kmu\",\"https:\\\/\\\/www.xing.com\\\/news\\\/pages\\\/organisator-ch-695\",\"https:\\\/\\\/www.youtube.com\\\/channel\\\/UCGP2Sq0iWaZwT3BdIAQFYpw\"]},{\"@type\":\"Person\",\"@id\":\"https:\\\/\\\/www.organisator.ch\\\/#\\\/schema\\\/person\\\/4e51799071cd2dd1232ac003643ef5f0\",\"name\":\"galledia\",\"image\":{\"@type\":\"ImageObject\",\"inLanguage\":\"fr-FR\",\"@id\":\"https:\\\/\\\/secure.gravatar.com\\\/avatar\\\/78a7f90c01fc2bfc875782a0d4922b37cde2cf184ce347b91316d23cd7f69a36?s=96&d=mm&r=g\",\"url\":\"https:\\\/\\\/secure.gravatar.com\\\/avatar\\\/78a7f90c01fc2bfc875782a0d4922b37cde2cf184ce347b91316d23cd7f69a36?s=96&d=mm&r=g\",\"contentUrl\":\"https:\\\/\\\/secure.gravatar.com\\\/avatar\\\/78a7f90c01fc2bfc875782a0d4922b37cde2cf184ce347b91316d23cd7f69a36?s=96&d=mm&r=g\",\"caption\":\"galledia\"},\"sameAs\":[\"https:\\\/\\\/x.com\\\/admin\"],\"url\":\"https:\\\/\\\/www.organisator.ch\\\/fr\\\/author\\\/galledia\\\/\"}]}<\/script>\n<!-- \/ Yoast SEO plugin. -->","yoast_head_json":{"title":"Nouveau responsable Audit \u00e0 la Z\u00fcrcher Kantonalbank - Organisateur","description":"Dr. J\u00f6rg Steinger sera le nouveau responsable de l'audit de la Z\u00fcrcher Kantonalbank. Son exp\u00e9rience et son expertise renforcent la gouvernance d'entreprise.","robots":{"index":"index","follow":"follow","max-snippet":"max-snippet:-1","max-image-preview":"max-image-preview:large","max-video-preview":"max-video-preview:-1"},"canonical":"https:\/\/www.organisator.ch\/fr\/excellence-operationnelle\/2022-08-26\/neuer-leiter-audit-bei-der-zuercher-kantonalbank\/","og_locale":"fr_FR","og_type":"article","og_title":"Neuer Leiter Audit bei der Z\u00fcrcher Kantonalbank - Organisator","og_description":"Dr. J\u00f6rg Steinger wird neuer Leiter Audit der Z\u00fcrcher Kantonalbank. Erfahrung und Expertise st\u00e4rken Corporate Governance.","og_url":"https:\/\/www.organisator.ch\/fr\/excellence-operationnelle\/2022-08-26\/neuer-leiter-audit-bei-der-zuercher-kantonalbank\/","og_site_name":"Organisator","article_publisher":"https:\/\/www.facebook.com\/OrganisatorFachmagazin","article_published_time":"2022-08-26T06:04:28+00:00","article_modified_time":"2024-11-22T09:52:40+00:00","author":"galledia","twitter_card":"summary_large_image","twitter_creator":"@admin","schema":{"@context":"https:\/\/schema.org","@graph":[{"@type":"Article","@id":"https:\/\/www.organisator.ch\/operational-excellence\/2022-08-26\/neuer-leiter-audit-bei-der-zuercher-kantonalbank\/#article","isPartOf":{"@id":"https:\/\/www.organisator.ch\/operational-excellence\/2022-08-26\/neuer-leiter-audit-bei-der-zuercher-kantonalbank\/"},"author":{"name":"galledia","@id":"https:\/\/www.organisator.ch\/#\/schema\/person\/4e51799071cd2dd1232ac003643ef5f0"},"headline":"Neuer Leiter Audit bei der Z\u00fcrcher Kantonalbank","datePublished":"2022-08-26T06:04:28+00:00","dateModified":"2024-11-22T09:52:40+00:00","mainEntityOfPage":{"@id":"https:\/\/www.organisator.ch\/operational-excellence\/2022-08-26\/neuer-leiter-audit-bei-der-zuercher-kantonalbank\/"},"wordCount":377,"publisher":{"@id":"https:\/\/www.organisator.ch\/#organization"},"image":{"@id":"https:\/\/www.organisator.ch\/operational-excellence\/2022-08-26\/neuer-leiter-audit-bei-der-zuercher-kantonalbank\/#primaryimage"},"thumbnailUrl":"https:\/\/www.m-q.ch\/wp-content\/uploads\/2022\/08\/Neuer-Leiter-Audit-bei-der-Zuercher-Kantonalbank_MQ.jpg","keywords":["Kantonalbank"],"articleSection":["OPERATIONAL EXCELLENCE"],"inLanguage":"fr-FR"},{"@type":"WebPage","@id":"https:\/\/www.organisator.ch\/operational-excellence\/2022-08-26\/neuer-leiter-audit-bei-der-zuercher-kantonalbank\/","url":"https:\/\/www.organisator.ch\/operational-excellence\/2022-08-26\/neuer-leiter-audit-bei-der-zuercher-kantonalbank\/","name":"Nouveau responsable Audit \u00e0 la Z\u00fcrcher Kantonalbank - Organisateur","isPartOf":{"@id":"https:\/\/www.organisator.ch\/#website"},"primaryImageOfPage":{"@id":"https:\/\/www.organisator.ch\/operational-excellence\/2022-08-26\/neuer-leiter-audit-bei-der-zuercher-kantonalbank\/#primaryimage"},"image":{"@id":"https:\/\/www.organisator.ch\/operational-excellence\/2022-08-26\/neuer-leiter-audit-bei-der-zuercher-kantonalbank\/#primaryimage"},"thumbnailUrl":"https:\/\/www.m-q.ch\/wp-content\/uploads\/2022\/08\/Neuer-Leiter-Audit-bei-der-Zuercher-Kantonalbank_MQ.jpg","datePublished":"2022-08-26T06:04:28+00:00","dateModified":"2024-11-22T09:52:40+00:00","description":"Dr. J\u00f6rg Steinger sera le nouveau responsable de l'audit de la Z\u00fcrcher Kantonalbank. Son exp\u00e9rience et son expertise renforcent la gouvernance d'entreprise.","breadcrumb":{"@id":"https:\/\/www.organisator.ch\/operational-excellence\/2022-08-26\/neuer-leiter-audit-bei-der-zuercher-kantonalbank\/#breadcrumb"},"inLanguage":"fr-FR","potentialAction":[{"@type":"ReadAction","target":["https:\/\/www.organisator.ch\/operational-excellence\/2022-08-26\/neuer-leiter-audit-bei-der-zuercher-kantonalbank\/"]}]},{"@type":"ImageObject","inLanguage":"fr-FR","@id":"https:\/\/www.organisator.ch\/operational-excellence\/2022-08-26\/neuer-leiter-audit-bei-der-zuercher-kantonalbank\/#primaryimage","url":"https:\/\/www.m-q.ch\/wp-content\/uploads\/2022\/08\/Neuer-Leiter-Audit-bei-der-Zuercher-Kantonalbank_MQ.jpg","contentUrl":"https:\/\/www.m-q.ch\/wp-content\/uploads\/2022\/08\/Neuer-Leiter-Audit-bei-der-Zuercher-Kantonalbank_MQ.jpg"},{"@type":"BreadcrumbList","@id":"https:\/\/www.organisator.ch\/operational-excellence\/2022-08-26\/neuer-leiter-audit-bei-der-zuercher-kantonalbank\/#breadcrumb","itemListElement":[{"@type":"ListItem","position":1,"name":"Home","item":"https:\/\/www.organisator.ch\/"},{"@type":"ListItem","position":2,"name":"Neuer Leiter Audit bei der Z\u00fcrcher Kantonalbank"}]},{"@type":"WebSite","@id":"https:\/\/www.organisator.ch\/#website","url":"https:\/\/www.organisator.ch\/","name":"Organisateur","description":"Comp\u00e9tence et comp\u00e9tence. Proches de la pratique. L'ORGANISATEUR pr\u00e9pare 10 num\u00e9ros par an sur les th\u00e8mes essentiels pour les dirigeants de PME.","publisher":{"@id":"https:\/\/www.organisator.ch\/#organization"},"potentialAction":[{"@type":"SearchAction","target":{"@type":"EntryPoint","urlTemplate":"https:\/\/www.organisator.ch\/?s={search_term_string}"},"query-input":{"@type":"PropertyValueSpecification","valueRequired":true,"valueName":"search_term_string"}}],"inLanguage":"fr-FR"},{"@type":"Organization","@id":"https:\/\/www.organisator.ch\/#organization","name":"Organisateur","url":"https:\/\/www.organisator.ch\/","logo":{"@type":"ImageObject","inLanguage":"fr-FR","@id":"https:\/\/www.organisator.ch\/#\/schema\/logo\/image\/","url":"https:\/\/www.organisator.ch\/wp-content\/uploads\/2022\/01\/Logo_Organisator_Website.png","contentUrl":"https:\/\/www.organisator.ch\/wp-content\/uploads\/2022\/01\/Logo_Organisator_Website.png","width":800,"height":77,"caption":"Organisator"},"image":{"@id":"https:\/\/www.organisator.ch\/#\/schema\/logo\/image\/"},"sameAs":["https:\/\/www.facebook.com\/OrganisatorFachmagazin","https:\/\/www.linkedin.com\/showcase\/organisator-das-magazin-fr-kmu","https:\/\/www.xing.com\/news\/pages\/organisator-ch-695","https:\/\/www.youtube.com\/channel\/UCGP2Sq0iWaZwT3BdIAQFYpw"]},{"@type":"Person","@id":"https:\/\/www.organisator.ch\/#\/schema\/person\/4e51799071cd2dd1232ac003643ef5f0","name":"galledia","image":{"@type":"ImageObject","inLanguage":"fr-FR","@id":"https:\/\/secure.gravatar.com\/avatar\/78a7f90c01fc2bfc875782a0d4922b37cde2cf184ce347b91316d23cd7f69a36?s=96&d=mm&r=g","url":"https:\/\/secure.gravatar.com\/avatar\/78a7f90c01fc2bfc875782a0d4922b37cde2cf184ce347b91316d23cd7f69a36?s=96&d=mm&r=g","contentUrl":"https:\/\/secure.gravatar.com\/avatar\/78a7f90c01fc2bfc875782a0d4922b37cde2cf184ce347b91316d23cd7f69a36?s=96&d=mm&r=g","caption":"galledia"},"sameAs":["https:\/\/x.com\/admin"],"url":"https:\/\/www.organisator.ch\/fr\/author\/galledia\/"}]}},"_links":{"self":[{"href":"https:\/\/www.organisator.ch\/fr\/wp-json\/wp\/v2\/posts\/16707","targetHints":{"allow":["GET"]}}],"collection":[{"href":"https:\/\/www.organisator.ch\/fr\/wp-json\/wp\/v2\/posts"}],"about":[{"href":"https:\/\/www.organisator.ch\/fr\/wp-json\/wp\/v2\/types\/post"}],"author":[{"embeddable":true,"href":"https:\/\/www.organisator.ch\/fr\/wp-json\/wp\/v2\/users\/8"}],"replies":[{"embeddable":true,"href":"https:\/\/www.organisator.ch\/fr\/wp-json\/wp\/v2\/comments?post=16707"}],"version-history":[{"count":3,"href":"https:\/\/www.organisator.ch\/fr\/wp-json\/wp\/v2\/posts\/16707\/revisions"}],"predecessor-version":[{"id":33884,"href":"https:\/\/www.organisator.ch\/fr\/wp-json\/wp\/v2\/posts\/16707\/revisions\/33884"}],"wp:attachment":[{"href":"https:\/\/www.organisator.ch\/fr\/wp-json\/wp\/v2\/media?parent=16707"}],"wp:term":[{"taxonomy":"category","embeddable":true,"href":"https:\/\/www.organisator.ch\/fr\/wp-json\/wp\/v2\/categories?post=16707"},{"taxonomy":"post_tag","embeddable":true,"href":"https:\/\/www.organisator.ch\/fr\/wp-json\/wp\/v2\/tags?post=16707"}],"curies":[{"name":"wp","href":"https:\/\/api.w.org\/{rel}","templated":true}]}}