{"id":1671,"date":"2018-05-03T16:45:58","date_gmt":"2018-05-03T14:45:58","guid":{"rendered":"https:\/\/www.umweltperspektiven.ch\/?p=1671"},"modified":"2022-02-09T11:05:37","modified_gmt":"2022-02-09T10:05:37","slug":"erste-europaweite-datenbank-fuer-sekundaerrohstoffe","status":"publish","type":"post","link":"https:\/\/www.organisator.ch\/fr\/sustainability\/2018-05-03\/erste-europaweite-datenbank-fuer-sekundaerrohstoffe\/","title":{"rendered":"Premi\u00e8re base de donn\u00e9es paneurop\u00e9enne sur les mati\u00e8res premi\u00e8res secondaires"},"content":{"rendered":"<div class=\"std-paragraph-block\">\n<div class=\"std-art-paragraph\">\n<figure id=\"attachment_1672\" aria-describedby=\"caption-attachment-1672\" style=\"width: 680px\" class=\"wp-caption alignnone\"><img loading=\"lazy\" decoding=\"async\" class=\"size-medium wp-image-1672\" src=\"\/\/www.umweltperspektiven.ch\/wp-content\/uploads\/2018\/05\/Erste-europaweite-Datenbank-f\u00fcr-Sekund\u00e4rrohstoffe-up-umweltperspektiven.jpeg\" alt=\"\" width=\"680\" height=\"383\" \/><figcaption id=\"caption-attachment-1672\" class=\"wp-caption-text\">Chaque Europ\u00e9en poss\u00e8de en moyenne 250 kg d'appareils \u00e9lectriques et \u00e9lectroniques, de cartes de circuits imprim\u00e9s, de piles, etc. (Image : EMPA)<\/figcaption><\/figure>\n<\/div>\n<div><\/div>\n<p class=\"std-art-paragraph\">O\u00f9 se trouvent les mati\u00e8res premi\u00e8res secondaires ? A cela s'ajoutent 15 kg de batteries au plomb et 2 kg de batteries d'autres types, dont 500 g d'accumulateurs au lithium-ion, ainsi qu'une partie de 60 kg d'une automobile. Tous ces biens finissent par tomber en panne ou devenir obsol\u00e8tes. Certains sont jet\u00e9s et recycl\u00e9s, d'autres sont revendus sur des plateformes comme Ebay et Ricardo. Des quantit\u00e9s consid\u00e9rables finissent dans les tiroirs, les armoires et les garages, o\u00f9 elles constituent de v\u00e9ritables stocks de mati\u00e8res premi\u00e8res.<\/p>\n<p class=\"std-art-paragraph\"><strong>Un tas de donn\u00e9es fragment\u00e9es<\/strong><\/p>\n<\/div>\n<div class=\"std-paragraph-block\">\n<div class=\"std-art-paragraph\">\n<p>Ces derni\u00e8res ann\u00e9es, des donn\u00e9es sur la pr\u00e9sence et la r\u00e9partition des mati\u00e8res premi\u00e8res critiques dans les produits, les composants et les d\u00e9chets ont \u00e9t\u00e9 g\u00e9n\u00e9r\u00e9es par des institutions de recherche, l'industrie, les services gouvernementaux et les organisations non gouvernementales, et stock\u00e9es dans des bases de donn\u00e9es, des formats et des rapports tr\u00e8s vari\u00e9s. Mais personne n'avait jusqu'\u00e0 pr\u00e9sent rassembl\u00e9 et trait\u00e9 ces donn\u00e9es de mani\u00e8re \u00e0 ce que l'industrie du recyclage, les autorit\u00e9s et les d\u00e9cideurs politiques soient en mesure d'int\u00e9grer toutes ces mati\u00e8res premi\u00e8res dans une planification d'avenir judicieuse sur le plan \u00e9conomique et \u00e9cologique.<\/p>\n<p>Le projet \"Pros-pecting Secondary Raw Materials in the Urban Mine and Mining Waste\" (ProSUM), financ\u00e9 par le programme de recherche de l'UE \"Horizon 2020\", a relev\u00e9 ce d\u00e9fi (<a href=\"\/\/www.prosumproject.eu\">www.prosumproject.eu<\/a>), auquel ont particip\u00e9, outre 17 instituts de recherche de 12 pays, pas moins de trois d\u00e9partements de l'Empa, \u00e0 commencer par le d\u00e9partement \"Technologie et soci\u00e9t\u00e9\", responsable du Work Package \"Product<br \/>\nCharacterization\".<\/p>\n<p>Le d\u00e9partement dirig\u00e9 par Patrick W\u00e4ger m\u00e8ne depuis de nombreuses ann\u00e9es des recherches en r\u00e9seau international sur les syst\u00e8mes de recyclage. L'un des points forts de la recherche est le traitement des d\u00e9chets \u00e9lectriques et \u00e9lectroniques - appel\u00e9s e-waste - en Suisse ainsi que dans les pays en d\u00e9veloppement et \u00e9mergents. Ces derni\u00e8res ann\u00e9es, les activit\u00e9s de recherche se sont concentr\u00e9es sur les mati\u00e8res premi\u00e8res critiques telles que l'indium, les \u00e9l\u00e9ments des terres rares et les m\u00e9taux du groupe platine.<\/p>\n<\/div>\n<\/div>\n<div class=\"std-paragraph-block\">\n<p><strong>Une science jeune<\/strong><\/p>\n<div class=\"std-art-paragraph\">\n<p>Heinz B\u00f6ni, chercheur \u00e0 l'Empa, se penche avec son \u00e9quipe sur le r\u00f4le des mati\u00e8res premi\u00e8res critiques dans le \"m\u00e9tabolisme social\". C'est ainsi que les chercheurs en environnement d\u00e9signent, par analogie au m\u00e9tabolisme corporel, les flux de mati\u00e8res et d'\u00e9nergie d\u00e9clench\u00e9s par les activit\u00e9s de la soci\u00e9t\u00e9. L'\u00e9tude de ce m\u00e9tabolisme social est une science relativement jeune, dont les fondements ont \u00e9t\u00e9 \u00e9labor\u00e9s \u00e0 la fin des ann\u00e9es 1980 par Peter Baccini et Paul Brunner \u00e0 l'Eawag, l'institut de recherche sur l'eau du domaine des EPF. Depuis 2007, c'est surtout un groupe de recherche de l'universit\u00e9 de Yale qui s'occupe syst\u00e9matiquement de l'\u00e9valuation des risques d'approvisionnement en mati\u00e8res premi\u00e8res ; les chercheurs de Yale ont notamment d\u00e9velopp\u00e9 une \"matrice de criticit\u00e9\", sur la base de laquelle l'UE a publi\u00e9 en 2010 une premi\u00e8re \u00e9tude sur la criticit\u00e9 des mati\u00e8res premi\u00e8res.<\/p>\n<p>L'\u00e9quipe de B\u00f6ni se concentre en particulier sur la fermeture des cycles de mat\u00e9riaux des m\u00e9taux rares et des mati\u00e8res premi\u00e8res critiques. Dans le cadre d'un projet financ\u00e9 par l'Office f\u00e9d\u00e9ral de l'environnement (OFEV), les chercheurs se sont par exemple pench\u00e9s sur la r\u00e9cup\u00e9ration du n\u00e9odyme, que l'on trouve par exemple dans les aimants des bobines mobiles des disques durs, et sur le recyclage de l'indium, que l'on trouve dans les \u00e9crans plats. Actuellement, les chercheurs de l'Empa travaillent sur les possibilit\u00e9s de r\u00e9cup\u00e9rer les m\u00e9taux rares dans les composants \u00e9lectriques et \u00e9lectroniques des v\u00e9hicules et de les maintenir ainsi dans le cycle des mati\u00e8res.<\/p>\n<div>\n<div class=\"std-art-embedded-image\">\n<div class=\"std-art-img-row\">\n<div class=\"std-art-img-cell\"><a href=\"\/\/www.urbanmineplatform.eu\/\"><img decoding=\"async\" src=\"\/\/www.empa.ch\/documents\/56164\/3787049\/screenshot-Prosumportal-web.jpg\/e8a5193a-6b8d-4ac7-b4b9-bc048b7b2329?t=1523539534690\" alt=\"\/documents\/56164\/3787049\/screenshot-Prosumportal-web.jpg\/e8a5193a-6b8d-4ac7-b4b9-bc048b7b2329?t=1523539534690\" \/><\/a><\/div>\n<\/div>\n<div><\/div>\n<div class=\"std-art-img-caption-embedded\">Capture d'\u00e9cran de<a href=\"\/\/www.urbanmineplatform.eu\"> www.urbanmineplatform.eu<\/a><\/div>\n<div><\/div>\n<div><\/div>\n<div class=\"std-art-img-caption-embedded\"><strong>Des chercheurs de toute l'Europe cr\u00e9ent la base de donn\u00e9es<\/strong><\/div>\n<\/div>\n<\/div>\n<\/div>\n<\/div>\n<div class=\"std-paragraph-block\">\n<div class=\"std-art-paragraph\">\n<p>Ce sont des chercheurs de l'universit\u00e9 technique de Delft qui ont finalement demand\u00e9 aux Suisses de participer au projet Pro-SUM. \"Nos coll\u00e8gues nous connaissaient bien pour avoir travaill\u00e9 ensemble sur d'autres projets\", explique Patrick W\u00e4ger, qui a dirig\u00e9 l'un des cinq work packages ProSUM. Le point de d\u00e9part \u00e9tait une base de donn\u00e9es sur les mati\u00e8res premi\u00e8res min\u00e9rales dans les pays de l'UE, d\u00e9velopp\u00e9e par le Bureau de recherche g\u00e9ologique et mini\u00e8re (BRGM) fran\u00e7ais dans le cadre d'un pr\u00e9c\u00e9dent projet de recherche de l'UE, \"Minerals4EU\". Amund Loevik, chercheur \u00e0 l'Empa, avait pour mission de rassembler les donn\u00e9es \u00e9parses provenant de diff\u00e9rentes sources et de les mettre en forme de mani\u00e8re coh\u00e9rente. Il s'agissait en premier lieu d'\u00e9valuer la qualit\u00e9 des donn\u00e9es et de les pond\u00e9rer en cons\u00e9quence.<\/p>\n<p>Pour mener \u00e0 bien cette t\u00e2che exigeante, W\u00e4ger et ses coll\u00e8gues ont fait appel \u00e0 d'autres coll\u00e8gues de l'Empa : Matthias R\u00f6sslein, du d\u00e9partement \"Particles-Biology Interactions\", a aid\u00e9 Loevik \u00e0 pr\u00e9parer et \u00e0 \u00e9valuer les donn\u00e9es \u00e0 l'aide de m\u00e9thodes statistiques. L'expert en analytique Renato Figi et son \u00e9quipe du d\u00e9partement \"Advanced Analytical Technologies\" ont d\u00e9velopp\u00e9 et valid\u00e9 de nouvelles m\u00e9thodes de pr\u00e9l\u00e8vement, de pr\u00e9paration des \u00e9chantillons et d'analyse chimique (voir page 16). La d\u00e9termination de la teneur en mati\u00e8res premi\u00e8res critiques dans des produits s\u00e9lectionn\u00e9s et dans des fractions issues du traitement des piles usag\u00e9es, des d\u00e9chets d'\u00e9quipements \u00e9lectriques et \u00e9lectroniques (DEEE) et de diverses fractions broy\u00e9es de v\u00e9hicules hors d'usage a jou\u00e9 un r\u00f4le central dans ce processus.<\/p>\n<p>En janvier 2018, la base de donn\u00e9es ProSUM a \u00e9t\u00e9 \u00e9largie \u00e0 <a href=\"\/\/www.urbanmineplatform.eu\">www.urbanmineplatform.eu<\/a> et enfin, elles ont \u00e9t\u00e9 mises \u00e0 la disposition du public. La \"Urban Mine Platform\" contient des jeux de donn\u00e9es sur les flux, les entrep\u00f4ts, la composition et les flux de d\u00e9chets de batteries, d'appareils \u00e9lectriques et \u00e9lectroniques et de v\u00e9hicules. Les chercheurs, l'industrie du recyclage et les d\u00e9cideurs politiques peuvent ainsi consulter des informations cibl\u00e9es sur les \u00e9volutions pass\u00e9es et futures, par exemple pour estimer le potentiel de mati\u00e8res premi\u00e8res de certains gisements de la mine urbaine ou pour d\u00e9velopper des strat\u00e9gies de r\u00e9cup\u00e9ration innovantes. (Source : EMPA)<\/p>\n<\/div>\n<\/div>","protected":false},"excerpt":{"rendered":"<p>Wo stecken eigentlich \u00fcberall Sekund\u00e4rrohstoffe? Dazu kommen 15 kg Blei-Batterien und 2 kg Batterien anderer Art, davon 500 g Lithium-Ionen-Akkus, sowie ein 60-kg-Anteil eines Automobils. All diese G\u00fcter gehen irgendwann kaputt oder veralten. Einiges davon wird weggeworfen und rezykliert, anderes auf Plattformen wie Ebay und Ricardo wieder ver\u00e4ussert. Betr\u00e4chtliche Mengen landen in Schubladen, Schr\u00e4nken und [&hellip;]<\/p>\n","protected":false},"author":5,"featured_media":9551,"comment_status":"open","ping_status":"open","sticky":false,"template":"","format":"standard","meta":{"_acf_changed":false,"_yoast_wpseo_focuskw":"Sekund\u00e4rrohstoffe","_yoast_wpseo_metadesc":"Im Januar 2018 ging die erste europaweite Datenbank f\u00fcr Sekund\u00e4rrohstoffe, darunter viele \u00abkritische\u00bb Rohstoffe, online, wie die EMPA berichtet.","articlekey":"","footnotes":""},"categories":[580],"tags":[654,1007,1033,2102],"class_list":["post-1671","post","type-post","status-publish","format-standard","has-post-thumbnail","hentry","category-sustainability","tag-abfall","tag-e-recycling","tag-elektro-schrott","tag-sekundaerrohstoffe"],"acf":[],"yoast_head":"<!-- This site is optimized with the Yoast SEO plugin v27.4 - https:\/\/yoast.com\/product\/yoast-seo-wordpress\/ -->\n<title>Erste europaweite Datenbank f\u00fcr Sekund\u00e4rrohstoffe - Organisator<\/title>\n<meta name=\"description\" content=\"Im Januar 2018 ging die erste europaweite Datenbank f\u00fcr Sekund\u00e4rrohstoffe, darunter viele \u00abkritische\u00bb Rohstoffe, online, wie die EMPA berichtet.\" \/>\n<meta name=\"robots\" content=\"index, follow, max-snippet:-1, max-image-preview:large, max-video-preview:-1\" \/>\n<link rel=\"canonical\" href=\"https:\/\/www.organisator.ch\/fr\/sustainability\/2018-05-03\/erste-europaweite-datenbank-fuer-sekundaerrohstoffe\/\" \/>\n<meta property=\"og:locale\" content=\"fr_FR\" \/>\n<meta property=\"og:type\" content=\"article\" \/>\n<meta property=\"og:title\" content=\"Erste europaweite Datenbank f\u00fcr Sekund\u00e4rrohstoffe - Organisator\" \/>\n<meta property=\"og:description\" content=\"Im Januar 2018 ging die erste europaweite Datenbank f\u00fcr Sekund\u00e4rrohstoffe, darunter viele \u00abkritische\u00bb Rohstoffe, online, wie die EMPA berichtet.\" \/>\n<meta property=\"og:url\" content=\"https:\/\/www.organisator.ch\/fr\/sustainability\/2018-05-03\/erste-europaweite-datenbank-fuer-sekundaerrohstoffe\/\" \/>\n<meta property=\"og:site_name\" content=\"Organisator\" \/>\n<meta property=\"article:publisher\" content=\"https:\/\/www.facebook.com\/OrganisatorFachmagazin\" \/>\n<meta property=\"article:published_time\" content=\"2018-05-03T14:45:58+00:00\" \/>\n<meta property=\"article:modified_time\" content=\"2022-02-09T10:05:37+00:00\" \/>\n<meta property=\"og:image\" content=\"https:\/\/www.organisator.ch\/wp-content\/uploads\/2018\/05\/Erste-europaweite-Datenbank-fuer-Sekundaerrohstoffe-up-umweltperspektiven.jpeg\" \/>\n\t<meta property=\"og:image:width\" content=\"870\" \/>\n\t<meta property=\"og:image:height\" content=\"490\" \/>\n\t<meta property=\"og:image:type\" content=\"image\/jpeg\" \/>\n<meta name=\"author\" content=\"michael.merz\" \/>\n<meta name=\"twitter:card\" content=\"summary_large_image\" \/>\n<script type=\"application\/ld+json\" class=\"yoast-schema-graph\">{\"@context\":\"https:\\\/\\\/schema.org\",\"@graph\":[{\"@type\":\"Article\",\"@id\":\"https:\\\/\\\/www.organisator.ch\\\/sustainability\\\/2018-05-03\\\/erste-europaweite-datenbank-fuer-sekundaerrohstoffe\\\/#article\",\"isPartOf\":{\"@id\":\"https:\\\/\\\/www.organisator.ch\\\/sustainability\\\/2018-05-03\\\/erste-europaweite-datenbank-fuer-sekundaerrohstoffe\\\/\"},\"author\":{\"name\":\"michael.merz\",\"@id\":\"https:\\\/\\\/www.organisator.ch\\\/#\\\/schema\\\/person\\\/134708ca9321c57b0362cceb7948ffbd\"},\"headline\":\"Erste europaweite Datenbank f\u00fcr Sekund\u00e4rrohstoffe\",\"datePublished\":\"2018-05-03T14:45:58+00:00\",\"dateModified\":\"2022-02-09T10:05:37+00:00\",\"mainEntityOfPage\":{\"@id\":\"https:\\\/\\\/www.organisator.ch\\\/sustainability\\\/2018-05-03\\\/erste-europaweite-datenbank-fuer-sekundaerrohstoffe\\\/\"},\"wordCount\":780,\"commentCount\":0,\"publisher\":{\"@id\":\"https:\\\/\\\/www.organisator.ch\\\/#organization\"},\"image\":{\"@id\":\"https:\\\/\\\/www.organisator.ch\\\/sustainability\\\/2018-05-03\\\/erste-europaweite-datenbank-fuer-sekundaerrohstoffe\\\/#primaryimage\"},\"thumbnailUrl\":\"https:\\\/\\\/www.organisator.ch\\\/wp-content\\\/uploads\\\/2018\\\/05\\\/Erste-europaweite-Datenbank-fuer-Sekundaerrohstoffe-up-umweltperspektiven.jpeg\",\"keywords\":[\"Abfall\",\"E-Recycling\",\"Elektro-Schrott\",\"Sekund\u00e4rrohstoffe\"],\"articleSection\":[\"SUSTAINABILITY\"],\"inLanguage\":\"fr-FR\"},{\"@type\":\"WebPage\",\"@id\":\"https:\\\/\\\/www.organisator.ch\\\/sustainability\\\/2018-05-03\\\/erste-europaweite-datenbank-fuer-sekundaerrohstoffe\\\/\",\"url\":\"https:\\\/\\\/www.organisator.ch\\\/sustainability\\\/2018-05-03\\\/erste-europaweite-datenbank-fuer-sekundaerrohstoffe\\\/\",\"name\":\"Erste europaweite Datenbank f\u00fcr Sekund\u00e4rrohstoffe - Organisator\",\"isPartOf\":{\"@id\":\"https:\\\/\\\/www.organisator.ch\\\/#website\"},\"primaryImageOfPage\":{\"@id\":\"https:\\\/\\\/www.organisator.ch\\\/sustainability\\\/2018-05-03\\\/erste-europaweite-datenbank-fuer-sekundaerrohstoffe\\\/#primaryimage\"},\"image\":{\"@id\":\"https:\\\/\\\/www.organisator.ch\\\/sustainability\\\/2018-05-03\\\/erste-europaweite-datenbank-fuer-sekundaerrohstoffe\\\/#primaryimage\"},\"thumbnailUrl\":\"https:\\\/\\\/www.organisator.ch\\\/wp-content\\\/uploads\\\/2018\\\/05\\\/Erste-europaweite-Datenbank-fuer-Sekundaerrohstoffe-up-umweltperspektiven.jpeg\",\"datePublished\":\"2018-05-03T14:45:58+00:00\",\"dateModified\":\"2022-02-09T10:05:37+00:00\",\"description\":\"Im Januar 2018 ging die erste europaweite Datenbank f\u00fcr Sekund\u00e4rrohstoffe, darunter viele \u00abkritische\u00bb Rohstoffe, online, wie die EMPA berichtet.\",\"breadcrumb\":{\"@id\":\"https:\\\/\\\/www.organisator.ch\\\/sustainability\\\/2018-05-03\\\/erste-europaweite-datenbank-fuer-sekundaerrohstoffe\\\/#breadcrumb\"},\"inLanguage\":\"fr-FR\",\"potentialAction\":[{\"@type\":\"ReadAction\",\"target\":[\"https:\\\/\\\/www.organisator.ch\\\/sustainability\\\/2018-05-03\\\/erste-europaweite-datenbank-fuer-sekundaerrohstoffe\\\/\"]}]},{\"@type\":\"ImageObject\",\"inLanguage\":\"fr-FR\",\"@id\":\"https:\\\/\\\/www.organisator.ch\\\/sustainability\\\/2018-05-03\\\/erste-europaweite-datenbank-fuer-sekundaerrohstoffe\\\/#primaryimage\",\"url\":\"https:\\\/\\\/www.organisator.ch\\\/wp-content\\\/uploads\\\/2018\\\/05\\\/Erste-europaweite-Datenbank-fuer-Sekundaerrohstoffe-up-umweltperspektiven.jpeg\",\"contentUrl\":\"https:\\\/\\\/www.organisator.ch\\\/wp-content\\\/uploads\\\/2018\\\/05\\\/Erste-europaweite-Datenbank-fuer-Sekundaerrohstoffe-up-umweltperspektiven.jpeg\",\"width\":870,\"height\":490,\"caption\":\"Jede Europ\u00e4erin, jeder Europ\u00e4er besitzt durchschnittlich 250 kg an elektrischen und elektronischen Ger\u00e4ten, Platinen, Batterien, etc.. (Bild: EMPA)\"},{\"@type\":\"BreadcrumbList\",\"@id\":\"https:\\\/\\\/www.organisator.ch\\\/sustainability\\\/2018-05-03\\\/erste-europaweite-datenbank-fuer-sekundaerrohstoffe\\\/#breadcrumb\",\"itemListElement\":[{\"@type\":\"ListItem\",\"position\":1,\"name\":\"Home\",\"item\":\"https:\\\/\\\/www.organisator.ch\\\/\"},{\"@type\":\"ListItem\",\"position\":2,\"name\":\"Erste europaweite Datenbank f\u00fcr Sekund\u00e4rrohstoffe\"}]},{\"@type\":\"WebSite\",\"@id\":\"https:\\\/\\\/www.organisator.ch\\\/#website\",\"url\":\"https:\\\/\\\/www.organisator.ch\\\/\",\"name\":\"Organisator\",\"description\":\"Kompetent. Praxisnah. Der ORGANISATOR bereitet in 10 Ausgaben pro Jahr die wesentlichen Themen f\u00fcr F\u00fchrungskr\u00e4fte von KMU auf.\",\"publisher\":{\"@id\":\"https:\\\/\\\/www.organisator.ch\\\/#organization\"},\"potentialAction\":[{\"@type\":\"SearchAction\",\"target\":{\"@type\":\"EntryPoint\",\"urlTemplate\":\"https:\\\/\\\/www.organisator.ch\\\/?s={search_term_string}\"},\"query-input\":{\"@type\":\"PropertyValueSpecification\",\"valueRequired\":true,\"valueName\":\"search_term_string\"}}],\"inLanguage\":\"fr-FR\"},{\"@type\":\"Organization\",\"@id\":\"https:\\\/\\\/www.organisator.ch\\\/#organization\",\"name\":\"Organisator\",\"url\":\"https:\\\/\\\/www.organisator.ch\\\/\",\"logo\":{\"@type\":\"ImageObject\",\"inLanguage\":\"fr-FR\",\"@id\":\"https:\\\/\\\/www.organisator.ch\\\/#\\\/schema\\\/logo\\\/image\\\/\",\"url\":\"https:\\\/\\\/www.organisator.ch\\\/wp-content\\\/uploads\\\/2022\\\/01\\\/Logo_Organisator_Website.png\",\"contentUrl\":\"https:\\\/\\\/www.organisator.ch\\\/wp-content\\\/uploads\\\/2022\\\/01\\\/Logo_Organisator_Website.png\",\"width\":800,\"height\":77,\"caption\":\"Organisator\"},\"image\":{\"@id\":\"https:\\\/\\\/www.organisator.ch\\\/#\\\/schema\\\/logo\\\/image\\\/\"},\"sameAs\":[\"https:\\\/\\\/www.facebook.com\\\/OrganisatorFachmagazin\",\"https:\\\/\\\/www.linkedin.com\\\/showcase\\\/organisator-das-magazin-fr-kmu\",\"https:\\\/\\\/www.xing.com\\\/news\\\/pages\\\/organisator-ch-695\",\"https:\\\/\\\/www.youtube.com\\\/channel\\\/UCGP2Sq0iWaZwT3BdIAQFYpw\"]},{\"@type\":\"Person\",\"@id\":\"https:\\\/\\\/www.organisator.ch\\\/#\\\/schema\\\/person\\\/134708ca9321c57b0362cceb7948ffbd\",\"name\":\"michael.merz\",\"image\":{\"@type\":\"ImageObject\",\"inLanguage\":\"fr-FR\",\"@id\":\"https:\\\/\\\/secure.gravatar.com\\\/avatar\\\/?s=96&d=mm&r=g\",\"url\":\"https:\\\/\\\/secure.gravatar.com\\\/avatar\\\/?s=96&d=mm&r=g\",\"contentUrl\":\"https:\\\/\\\/secure.gravatar.com\\\/avatar\\\/?s=96&d=mm&r=g\",\"caption\":\"michael.merz\"},\"url\":\"https:\\\/\\\/www.organisator.ch\\\/fr\\\/author\\\/michael-merz\\\/\"}]}<\/script>\n<!-- \/ Yoast SEO plugin. -->","yoast_head_json":{"title":"Premi\u00e8re base de donn\u00e9es paneurop\u00e9enne sur les mati\u00e8res premi\u00e8res secondaires - Organisateur","description":"En janvier 2018, la premi\u00e8re base de donn\u00e9es paneurop\u00e9enne sur les mati\u00e8res premi\u00e8res secondaires, dont de nombreuses mati\u00e8res premi\u00e8res \"critiques\", a \u00e9t\u00e9 mise en ligne, comme le rapporte l'EMPA.","robots":{"index":"index","follow":"follow","max-snippet":"max-snippet:-1","max-image-preview":"max-image-preview:large","max-video-preview":"max-video-preview:-1"},"canonical":"https:\/\/www.organisator.ch\/fr\/sustainability\/2018-05-03\/erste-europaweite-datenbank-fuer-sekundaerrohstoffe\/","og_locale":"fr_FR","og_type":"article","og_title":"Erste europaweite Datenbank f\u00fcr Sekund\u00e4rrohstoffe - Organisator","og_description":"Im Januar 2018 ging die erste europaweite Datenbank f\u00fcr Sekund\u00e4rrohstoffe, darunter viele \u00abkritische\u00bb Rohstoffe, online, wie die EMPA berichtet.","og_url":"https:\/\/www.organisator.ch\/fr\/sustainability\/2018-05-03\/erste-europaweite-datenbank-fuer-sekundaerrohstoffe\/","og_site_name":"Organisator","article_publisher":"https:\/\/www.facebook.com\/OrganisatorFachmagazin","article_published_time":"2018-05-03T14:45:58+00:00","article_modified_time":"2022-02-09T10:05:37+00:00","og_image":[{"width":870,"height":490,"url":"https:\/\/www.organisator.ch\/wp-content\/uploads\/2018\/05\/Erste-europaweite-Datenbank-fuer-Sekundaerrohstoffe-up-umweltperspektiven.jpeg","type":"image\/jpeg"}],"author":"michael.merz","twitter_card":"summary_large_image","schema":{"@context":"https:\/\/schema.org","@graph":[{"@type":"Article","@id":"https:\/\/www.organisator.ch\/sustainability\/2018-05-03\/erste-europaweite-datenbank-fuer-sekundaerrohstoffe\/#article","isPartOf":{"@id":"https:\/\/www.organisator.ch\/sustainability\/2018-05-03\/erste-europaweite-datenbank-fuer-sekundaerrohstoffe\/"},"author":{"name":"michael.merz","@id":"https:\/\/www.organisator.ch\/#\/schema\/person\/134708ca9321c57b0362cceb7948ffbd"},"headline":"Erste europaweite Datenbank f\u00fcr Sekund\u00e4rrohstoffe","datePublished":"2018-05-03T14:45:58+00:00","dateModified":"2022-02-09T10:05:37+00:00","mainEntityOfPage":{"@id":"https:\/\/www.organisator.ch\/sustainability\/2018-05-03\/erste-europaweite-datenbank-fuer-sekundaerrohstoffe\/"},"wordCount":780,"commentCount":0,"publisher":{"@id":"https:\/\/www.organisator.ch\/#organization"},"image":{"@id":"https:\/\/www.organisator.ch\/sustainability\/2018-05-03\/erste-europaweite-datenbank-fuer-sekundaerrohstoffe\/#primaryimage"},"thumbnailUrl":"https:\/\/www.organisator.ch\/wp-content\/uploads\/2018\/05\/Erste-europaweite-Datenbank-fuer-Sekundaerrohstoffe-up-umweltperspektiven.jpeg","keywords":["Abfall","E-Recycling","Elektro-Schrott","Sekund\u00e4rrohstoffe"],"articleSection":["SUSTAINABILITY"],"inLanguage":"fr-FR"},{"@type":"WebPage","@id":"https:\/\/www.organisator.ch\/sustainability\/2018-05-03\/erste-europaweite-datenbank-fuer-sekundaerrohstoffe\/","url":"https:\/\/www.organisator.ch\/sustainability\/2018-05-03\/erste-europaweite-datenbank-fuer-sekundaerrohstoffe\/","name":"Premi\u00e8re base de donn\u00e9es paneurop\u00e9enne sur les mati\u00e8res premi\u00e8res secondaires - Organisateur","isPartOf":{"@id":"https:\/\/www.organisator.ch\/#website"},"primaryImageOfPage":{"@id":"https:\/\/www.organisator.ch\/sustainability\/2018-05-03\/erste-europaweite-datenbank-fuer-sekundaerrohstoffe\/#primaryimage"},"image":{"@id":"https:\/\/www.organisator.ch\/sustainability\/2018-05-03\/erste-europaweite-datenbank-fuer-sekundaerrohstoffe\/#primaryimage"},"thumbnailUrl":"https:\/\/www.organisator.ch\/wp-content\/uploads\/2018\/05\/Erste-europaweite-Datenbank-fuer-Sekundaerrohstoffe-up-umweltperspektiven.jpeg","datePublished":"2018-05-03T14:45:58+00:00","dateModified":"2022-02-09T10:05:37+00:00","description":"En janvier 2018, la premi\u00e8re base de donn\u00e9es paneurop\u00e9enne sur les mati\u00e8res premi\u00e8res secondaires, dont de nombreuses mati\u00e8res premi\u00e8res \"critiques\", a \u00e9t\u00e9 mise en ligne, comme le rapporte l'EMPA.","breadcrumb":{"@id":"https:\/\/www.organisator.ch\/sustainability\/2018-05-03\/erste-europaweite-datenbank-fuer-sekundaerrohstoffe\/#breadcrumb"},"inLanguage":"fr-FR","potentialAction":[{"@type":"ReadAction","target":["https:\/\/www.organisator.ch\/sustainability\/2018-05-03\/erste-europaweite-datenbank-fuer-sekundaerrohstoffe\/"]}]},{"@type":"ImageObject","inLanguage":"fr-FR","@id":"https:\/\/www.organisator.ch\/sustainability\/2018-05-03\/erste-europaweite-datenbank-fuer-sekundaerrohstoffe\/#primaryimage","url":"https:\/\/www.organisator.ch\/wp-content\/uploads\/2018\/05\/Erste-europaweite-Datenbank-fuer-Sekundaerrohstoffe-up-umweltperspektiven.jpeg","contentUrl":"https:\/\/www.organisator.ch\/wp-content\/uploads\/2018\/05\/Erste-europaweite-Datenbank-fuer-Sekundaerrohstoffe-up-umweltperspektiven.jpeg","width":870,"height":490,"caption":"Jede Europ\u00e4erin, jeder Europ\u00e4er besitzt durchschnittlich 250 kg an elektrischen und elektronischen Ger\u00e4ten, Platinen, Batterien, etc.. (Bild: EMPA)"},{"@type":"BreadcrumbList","@id":"https:\/\/www.organisator.ch\/sustainability\/2018-05-03\/erste-europaweite-datenbank-fuer-sekundaerrohstoffe\/#breadcrumb","itemListElement":[{"@type":"ListItem","position":1,"name":"Home","item":"https:\/\/www.organisator.ch\/"},{"@type":"ListItem","position":2,"name":"Erste europaweite Datenbank f\u00fcr Sekund\u00e4rrohstoffe"}]},{"@type":"WebSite","@id":"https:\/\/www.organisator.ch\/#website","url":"https:\/\/www.organisator.ch\/","name":"Organisateur","description":"Comp\u00e9tence et comp\u00e9tence. Proches de la pratique. L'ORGANISATEUR pr\u00e9pare 10 num\u00e9ros par an sur les th\u00e8mes essentiels pour les dirigeants de PME.","publisher":{"@id":"https:\/\/www.organisator.ch\/#organization"},"potentialAction":[{"@type":"SearchAction","target":{"@type":"EntryPoint","urlTemplate":"https:\/\/www.organisator.ch\/?s={search_term_string}"},"query-input":{"@type":"PropertyValueSpecification","valueRequired":true,"valueName":"search_term_string"}}],"inLanguage":"fr-FR"},{"@type":"Organization","@id":"https:\/\/www.organisator.ch\/#organization","name":"Organisateur","url":"https:\/\/www.organisator.ch\/","logo":{"@type":"ImageObject","inLanguage":"fr-FR","@id":"https:\/\/www.organisator.ch\/#\/schema\/logo\/image\/","url":"https:\/\/www.organisator.ch\/wp-content\/uploads\/2022\/01\/Logo_Organisator_Website.png","contentUrl":"https:\/\/www.organisator.ch\/wp-content\/uploads\/2022\/01\/Logo_Organisator_Website.png","width":800,"height":77,"caption":"Organisator"},"image":{"@id":"https:\/\/www.organisator.ch\/#\/schema\/logo\/image\/"},"sameAs":["https:\/\/www.facebook.com\/OrganisatorFachmagazin","https:\/\/www.linkedin.com\/showcase\/organisator-das-magazin-fr-kmu","https:\/\/www.xing.com\/news\/pages\/organisator-ch-695","https:\/\/www.youtube.com\/channel\/UCGP2Sq0iWaZwT3BdIAQFYpw"]},{"@type":"Person","@id":"https:\/\/www.organisator.ch\/#\/schema\/person\/134708ca9321c57b0362cceb7948ffbd","name":"michael.merz","image":{"@type":"ImageObject","inLanguage":"fr-FR","@id":"https:\/\/secure.gravatar.com\/avatar\/?s=96&d=mm&r=g","url":"https:\/\/secure.gravatar.com\/avatar\/?s=96&d=mm&r=g","contentUrl":"https:\/\/secure.gravatar.com\/avatar\/?s=96&d=mm&r=g","caption":"michael.merz"},"url":"https:\/\/www.organisator.ch\/fr\/author\/michael-merz\/"}]}},"_links":{"self":[{"href":"https:\/\/www.organisator.ch\/fr\/wp-json\/wp\/v2\/posts\/1671","targetHints":{"allow":["GET"]}}],"collection":[{"href":"https:\/\/www.organisator.ch\/fr\/wp-json\/wp\/v2\/posts"}],"about":[{"href":"https:\/\/www.organisator.ch\/fr\/wp-json\/wp\/v2\/types\/post"}],"author":[{"embeddable":true,"href":"https:\/\/www.organisator.ch\/fr\/wp-json\/wp\/v2\/users\/5"}],"replies":[{"embeddable":true,"href":"https:\/\/www.organisator.ch\/fr\/wp-json\/wp\/v2\/comments?post=1671"}],"version-history":[{"count":1,"href":"https:\/\/www.organisator.ch\/fr\/wp-json\/wp\/v2\/posts\/1671\/revisions"}],"predecessor-version":[{"id":10418,"href":"https:\/\/www.organisator.ch\/fr\/wp-json\/wp\/v2\/posts\/1671\/revisions\/10418"}],"wp:featuredmedia":[{"embeddable":true,"href":"https:\/\/www.organisator.ch\/fr\/wp-json\/wp\/v2\/media\/9551"}],"wp:attachment":[{"href":"https:\/\/www.organisator.ch\/fr\/wp-json\/wp\/v2\/media?parent=1671"}],"wp:term":[{"taxonomy":"category","embeddable":true,"href":"https:\/\/www.organisator.ch\/fr\/wp-json\/wp\/v2\/categories?post=1671"},{"taxonomy":"post_tag","embeddable":true,"href":"https:\/\/www.organisator.ch\/fr\/wp-json\/wp\/v2\/tags?post=1671"}],"curies":[{"name":"wp","href":"https:\/\/api.w.org\/{rel}","templated":true}]}}