{"id":16713,"date":"2022-08-26T11:47:32","date_gmt":"2022-08-26T09:47:32","guid":{"rendered":"https:\/\/www.organisator.ch\/?p=16713"},"modified":"2022-08-26T11:47:32","modified_gmt":"2022-08-26T09:47:32","slug":"ancien-conseiller-federal-kaspar-villiger-au-forum-economique-du-rhine","status":"publish","type":"post","link":"https:\/\/www.organisator.ch\/fr\/allgemein\/2022-08-26\/alt-bundesrat-kaspar-villiger-am-rheintaler-wirtschaftsforum\/","title":{"rendered":"L'ancien conseiller f\u00e9d\u00e9ral Kaspar Villiger au Forum \u00e9conomique de la vall\u00e9e du Rhin"},"content":{"rendered":"<figure id=\"attachment_16714\" aria-describedby=\"caption-attachment-16714\" style=\"width: 680px\" class=\"wp-caption alignnone\"><img loading=\"lazy\" decoding=\"async\" class=\"size-full wp-image-16714\" src=\"https:\/\/www.organisator.ch\/wp-content\/uploads\/2022\/08\/Alt-Bundesrat-Kaspar-Villiger-am-Rheintaler-Wirtschaftsforum_Organisator.jpg\" alt=\"\" width=\"680\" height=\"730\" srcset=\"https:\/\/www.organisator.ch\/wp-content\/uploads\/2022\/08\/Alt-Bundesrat-Kaspar-Villiger-am-Rheintaler-Wirtschaftsforum_Organisator.jpg 680w, https:\/\/www.organisator.ch\/wp-content\/uploads\/2022\/08\/Alt-Bundesrat-Kaspar-Villiger-am-Rheintaler-Wirtschaftsforum_Organisator-11x12.jpg 11w, https:\/\/www.organisator.ch\/wp-content\/uploads\/2022\/08\/Alt-Bundesrat-Kaspar-Villiger-am-Rheintaler-Wirtschaftsforum_Organisator-163x175.jpg 163w, https:\/\/www.organisator.ch\/wp-content\/uploads\/2022\/08\/Alt-Bundesrat-Kaspar-Villiger-am-Rheintaler-Wirtschaftsforum_Organisator-326x350.jpg 326w, https:\/\/www.organisator.ch\/wp-content\/uploads\/2022\/08\/Alt-Bundesrat-Kaspar-Villiger-am-Rheintaler-Wirtschaftsforum_Organisator-300x322.jpg 300w\" sizes=\"auto, (max-width: 680px) 100vw, 680px\" \/><figcaption id=\"caption-attachment-16714\" class=\"wp-caption-text\">Le 28e Forum \u00e9conomique de la vall\u00e9e du Rhin a pu \u00eatre organis\u00e9 en tant que conf\u00e9rencier principal : L'ancien conseiller f\u00e9d\u00e9ral Kaspar Villiger. (Image : zVg \/ Wifo)<\/figcaption><\/figure>\n<p>Un virus, l'inflation, la guerre en Ukraine - une \"nouvelle normalit\u00e9\" s'est install\u00e9e. Lors du 28e Forum \u00e9conomique de la vall\u00e9e du Rhin (Wifo), des personnalit\u00e9s de premier plan du monde de l'\u00e9conomie, de la politique et de l'arm\u00e9e exposeront leurs attentes vis-\u00e0-vis de cette nouvelle \"\u00e8re\" et leurs r\u00e9actions.<\/p>\n<h3>Kaspar Villiger en tant que conf\u00e9rencier principal<\/h3>\n<p>L'orateur principal, Kaspar Villiger, s'exprimera lors du Forum \u00e9conomique du Rhin sur le th\u00e8me \"Les crises, une nouvelle normalit\u00e9 ? Les d\u00e9mocraties face aux vents contraires\" et abordera le sujet en s'appuyant sur ses d\u00e9cennies d'exp\u00e9rience politique. Apr\u00e8s des \u00e9tudes d'ing\u00e9nieur dipl\u00f4m\u00e9 \u00e0 l'EPFZ, Villiger a \u00e9t\u00e9 pr\u00e9sident et CEO de l'entreprise familiale de fabrication de cigares Villiger und S\u00f6hne. Sa carri\u00e8re politique a d\u00e9but\u00e9 lorsqu'il a \u00e9t\u00e9 \u00e9lu au Grand Conseil du canton de Lucerne en 1972. De 1982 \u00e0 1989, Villiger a si\u00e9g\u00e9 cinq ans au Conseil national, puis au Conseil des \u00c9tats. En 1989, il a \u00e9t\u00e9 \u00e9lu au Conseil f\u00e9d\u00e9ral et a d'abord \u00e9t\u00e9 ministre de la D\u00e9fense, puis ministre des Finances. Il a \u00e9t\u00e9 deux fois pr\u00e9sident de la Conf\u00e9d\u00e9ration. En 2003, il a quitt\u00e9 son poste de conseiller f\u00e9d\u00e9ral et est entr\u00e9 au conseil d'administration de Nestl\u00e9, de Swiss Re et de la Neue Z\u00fcrcher Zeitung. De 2009 \u00e0 2012, Villiger a \u00e9t\u00e9 pr\u00e9sident du conseil d'administration de l'UBS. En 2004, il a re\u00e7u le titre de docteur honoris causa de l'universit\u00e9 de Lucerne. Depuis 2009, il est pr\u00e9sident de l'UBS Foundation of Economics in Society.<\/p>\n<h3>Panel de haut niveau avec Gutmann, Walser et Thoma<\/h3>\n<p>Un autre intervenant, Johannes Gutmann, racontera comment il a pu tirer profit de la crise gr\u00e2ce au d\u00e9veloppement durable et \u00e0 la justice environnementale pour sa soci\u00e9t\u00e9 Sonnentor Kr\u00e4uterhandels GmbH, qui emploie 370 personnes et compte 1000 agriculteurs bio sous contrat. Le commandant de corps Hans-Peter Walser, membre du commandement de l'arm\u00e9e et suppl\u00e9ant du chef de l'arm\u00e9e, parlera ensuite du point de vue militaire de la \"politique de s\u00e9curit\u00e9 apr\u00e8s un changement d'\u00e9poque g\u00e9opolitique\". Enfin, Suzanne Thoma, pr\u00e9sidente du conseil d'administration de Sulzer AG depuis avril 2022, se penchera sur la question : La nouvelle normalit\u00e9 exige-t-elle une nouvelle mani\u00e8re de diriger l'entreprise ? Thoma a commenc\u00e9 sa carri\u00e8re chez Ciba Spezialit\u00e4tenchemie AG apr\u00e8s avoir obtenu son doctorat \u00e0 l'EPF. Jusqu'\u00e0 fin juin 2022, elle \u00e9tait encore CEO du groupe FMB.<\/p>\n<h3>Abacus, nouveau sponsor principal<\/h3>\n<p>Les organisateurs du Forum \u00e9conomique annoncent \u00e9galement un changement important parmi les sponsors : Abacus est pass\u00e9 du statut de co-sponsor \u00e0 celui de sponsor principal. Cela signifie que le Wifo est d\u00e9sormais soutenu par les cinq sponsors principaux Abacus, Alpha Rheintal Bank AG, BDO AG, Helvetia Assurances et RLC AG.<\/p>\n<p><em>Les inscriptions \u00e0 l'\u00e9v\u00e9nement sont d'ores et d\u00e9j\u00e0 ouvertes sur le nouveau site Internet <a href=\"http:\/\/www.wifo.ch\">www.wifo.ch<\/a> possible.<\/em><\/p>","protected":false},"excerpt":{"rendered":"<p>Ein Virus, Inflation, Krieg in der Ukraine \u2013 eine \u00abneue Normalit\u00e4t\u00bb ist angebrochen. Am 28. Rheintaler Wirtschaftsforum (Wifo) legen f\u00fchrende Pers\u00f6nlichkeiten aus Wirtschaft, Politik und Armee dar, welche Erwartungen sie an dieses neue \u00abZeitalter\u00bb haben und wie sie darauf reagieren. Kaspar Villiger als Hauptreferent Hauptreferent Kaspar Villiger wird sich am Rheintaler Wirtschaftsforum mit \u00abKrisen als [&hellip;]<\/p>\n","protected":false},"author":4,"featured_media":16714,"comment_status":"closed","ping_status":"closed","sticky":false,"template":"","format":"standard","meta":{"_acf_changed":false,"_yoast_wpseo_focuskw":"Kaspar Villiger","_yoast_wpseo_metadesc":"Das 28. Rheintaler Wirtschaftsforum findet am 20. Januar 2023 statt. Hauptreferent ist Alt-Bundesrat Kaspar Villiger.","articlekey":"","footnotes":""},"categories":[1],"tags":[193,381,386,3348],"class_list":["post-16713","post","type-post","status-publish","format-standard","has-post-thumbnail","hentry","category-allgemein","tag-fachkongressfachmesse","tag-personalia","tag-politik","tag-rheintaler-wirtschaftsforum"],"acf":[],"yoast_head":"<!-- This site is optimized with the Yoast SEO plugin v27.4 - https:\/\/yoast.com\/product\/yoast-seo-wordpress\/ -->\n<title>Alt-Bundesrat Kaspar Villiger am Rheintaler Wirtschaftsforum - Organisator<\/title>\n<meta name=\"description\" content=\"Das 28. Rheintaler Wirtschaftsforum findet am 20. Januar 2023 statt. Hauptreferent ist Alt-Bundesrat Kaspar Villiger.\" \/>\n<meta name=\"robots\" content=\"index, follow, max-snippet:-1, max-image-preview:large, max-video-preview:-1\" \/>\n<link rel=\"canonical\" href=\"https:\/\/www.organisator.ch\/fr\/general\/2022-08-26\/ancien-conseiller-federal-kaspar-villiger-au-forum-economique-du-rhine\/\" \/>\n<meta property=\"og:locale\" content=\"fr_FR\" \/>\n<meta property=\"og:type\" content=\"article\" \/>\n<meta property=\"og:title\" content=\"Alt-Bundesrat Kaspar Villiger am Rheintaler Wirtschaftsforum\" \/>\n<meta property=\"og:description\" content=\"Das 28. Rheintaler Wirtschaftsforum findet am 20. Januar 2023 statt. Hauptreferent ist Alt-Bundesrat Kaspar Villiger.\" \/>\n<meta property=\"og:url\" content=\"https:\/\/www.organisator.ch\/fr\/general\/2022-08-26\/ancien-conseiller-federal-kaspar-villiger-au-forum-economique-du-rhine\/\" \/>\n<meta property=\"og:site_name\" content=\"Organisator\" \/>\n<meta property=\"article:publisher\" content=\"https:\/\/www.facebook.com\/OrganisatorFachmagazin\" \/>\n<meta property=\"article:published_time\" content=\"2022-08-26T09:47:32+00:00\" \/>\n<meta property=\"og:image\" content=\"https:\/\/www.organisator.ch\/wp-content\/uploads\/2022\/08\/Alt-Bundesrat-Kaspar-Villiger-am-Rheintaler-Wirtschaftsforum_Organisator.jpg\" \/>\n\t<meta property=\"og:image:width\" content=\"680\" \/>\n\t<meta property=\"og:image:height\" content=\"730\" \/>\n\t<meta property=\"og:image:type\" content=\"image\/jpeg\" \/>\n<meta name=\"author\" content=\"thomas.berner\" \/>\n<meta name=\"twitter:card\" content=\"summary_large_image\" \/>\n<meta name=\"twitter:title\" content=\"#Alt-Bundesrat Kaspar #Villiger am Rheintaler #Wirtschaftsforum\" \/>\n<meta name=\"twitter:description\" content=\"Das 28. #Rheintaler #Wirtschaftsforum findet am 20. Januar 2023 statt. #Hauptreferent ist #Alt-Bundesrat Kaspar #Villiger.\" \/>\n<meta name=\"twitter:image\" content=\"https:\/\/www.organisator.ch\/wp-content\/uploads\/2022\/08\/Alt-Bundesrat-Kaspar-Villiger-am-Rheintaler-Wirtschaftsforum_Organisator.jpg\" \/>\n<script type=\"application\/ld+json\" class=\"yoast-schema-graph\">{\"@context\":\"https:\\\/\\\/schema.org\",\"@graph\":[{\"@type\":\"Article\",\"@id\":\"https:\\\/\\\/www.organisator.ch\\\/it\\\/generale\\\/2022-08-26\\\/lex-consigliere-federale-kaspar-villiger-al-forum-economico-di-rheintal\\\/#article\",\"isPartOf\":{\"@id\":\"https:\\\/\\\/www.organisator.ch\\\/it\\\/generale\\\/2022-08-26\\\/lex-consigliere-federale-kaspar-villiger-al-forum-economico-di-rheintal\\\/\"},\"author\":{\"name\":\"thomas.berner\",\"@id\":\"https:\\\/\\\/www.organisator.ch\\\/#\\\/schema\\\/person\\\/6f650f90b2842cd4c0cc334b4e36f67e\"},\"headline\":\"Alt-Bundesrat Kaspar Villiger am Rheintaler Wirtschaftsforum\",\"datePublished\":\"2022-08-26T09:47:32+00:00\",\"mainEntityOfPage\":{\"@id\":\"https:\\\/\\\/www.organisator.ch\\\/it\\\/generale\\\/2022-08-26\\\/lex-consigliere-federale-kaspar-villiger-al-forum-economico-di-rheintal\\\/\"},\"wordCount\":405,\"publisher\":{\"@id\":\"https:\\\/\\\/www.organisator.ch\\\/#organization\"},\"image\":{\"@id\":\"https:\\\/\\\/www.organisator.ch\\\/it\\\/generale\\\/2022-08-26\\\/lex-consigliere-federale-kaspar-villiger-al-forum-economico-di-rheintal\\\/#primaryimage\"},\"thumbnailUrl\":\"https:\\\/\\\/www.organisator.ch\\\/wp-content\\\/uploads\\\/2022\\\/08\\\/Alt-Bundesrat-Kaspar-Villiger-am-Rheintaler-Wirtschaftsforum_Organisator.jpg\",\"keywords\":[\"Fachkongress\\\/Fachmesse\",\"Personalia\",\"Politik\",\"Rheintaler Wirtschaftsforum\"],\"articleSection\":[\"Allgemein\"],\"inLanguage\":\"fr-FR\"},{\"@type\":\"WebPage\",\"@id\":\"https:\\\/\\\/www.organisator.ch\\\/it\\\/generale\\\/2022-08-26\\\/lex-consigliere-federale-kaspar-villiger-al-forum-economico-di-rheintal\\\/\",\"url\":\"https:\\\/\\\/www.organisator.ch\\\/it\\\/generale\\\/2022-08-26\\\/lex-consigliere-federale-kaspar-villiger-al-forum-economico-di-rheintal\\\/\",\"name\":\"Alt-Bundesrat Kaspar Villiger am Rheintaler Wirtschaftsforum - Organisator\",\"isPartOf\":{\"@id\":\"https:\\\/\\\/www.organisator.ch\\\/#website\"},\"primaryImageOfPage\":{\"@id\":\"https:\\\/\\\/www.organisator.ch\\\/it\\\/generale\\\/2022-08-26\\\/lex-consigliere-federale-kaspar-villiger-al-forum-economico-di-rheintal\\\/#primaryimage\"},\"image\":{\"@id\":\"https:\\\/\\\/www.organisator.ch\\\/it\\\/generale\\\/2022-08-26\\\/lex-consigliere-federale-kaspar-villiger-al-forum-economico-di-rheintal\\\/#primaryimage\"},\"thumbnailUrl\":\"https:\\\/\\\/www.organisator.ch\\\/wp-content\\\/uploads\\\/2022\\\/08\\\/Alt-Bundesrat-Kaspar-Villiger-am-Rheintaler-Wirtschaftsforum_Organisator.jpg\",\"datePublished\":\"2022-08-26T09:47:32+00:00\",\"description\":\"Das 28. Rheintaler Wirtschaftsforum findet am 20. Januar 2023 statt. Hauptreferent ist Alt-Bundesrat Kaspar Villiger.\",\"breadcrumb\":{\"@id\":\"https:\\\/\\\/www.organisator.ch\\\/it\\\/generale\\\/2022-08-26\\\/lex-consigliere-federale-kaspar-villiger-al-forum-economico-di-rheintal\\\/#breadcrumb\"},\"inLanguage\":\"fr-FR\",\"potentialAction\":[{\"@type\":\"ReadAction\",\"target\":[\"https:\\\/\\\/www.organisator.ch\\\/it\\\/generale\\\/2022-08-26\\\/lex-consigliere-federale-kaspar-villiger-al-forum-economico-di-rheintal\\\/\"]}]},{\"@type\":\"ImageObject\",\"inLanguage\":\"fr-FR\",\"@id\":\"https:\\\/\\\/www.organisator.ch\\\/it\\\/generale\\\/2022-08-26\\\/lex-consigliere-federale-kaspar-villiger-al-forum-economico-di-rheintal\\\/#primaryimage\",\"url\":\"https:\\\/\\\/www.organisator.ch\\\/wp-content\\\/uploads\\\/2022\\\/08\\\/Alt-Bundesrat-Kaspar-Villiger-am-Rheintaler-Wirtschaftsforum_Organisator.jpg\",\"contentUrl\":\"https:\\\/\\\/www.organisator.ch\\\/wp-content\\\/uploads\\\/2022\\\/08\\\/Alt-Bundesrat-Kaspar-Villiger-am-Rheintaler-Wirtschaftsforum_Organisator.jpg\",\"width\":680,\"height\":730,\"caption\":\"Konnte f\u00fcr das 28. Rheintaler Wirtschaftsforum als Hauptreferent gewonnen werden: Der ehemalige Bundesrat Kaspar Villiger. (Bild: zVg \\\/ Wifo)\"},{\"@type\":\"BreadcrumbList\",\"@id\":\"https:\\\/\\\/www.organisator.ch\\\/it\\\/generale\\\/2022-08-26\\\/lex-consigliere-federale-kaspar-villiger-al-forum-economico-di-rheintal\\\/#breadcrumb\",\"itemListElement\":[{\"@type\":\"ListItem\",\"position\":1,\"name\":\"Home\",\"item\":\"https:\\\/\\\/www.organisator.ch\\\/\"},{\"@type\":\"ListItem\",\"position\":2,\"name\":\"Alt-Bundesrat Kaspar Villiger am Rheintaler Wirtschaftsforum\"}]},{\"@type\":\"WebSite\",\"@id\":\"https:\\\/\\\/www.organisator.ch\\\/#website\",\"url\":\"https:\\\/\\\/www.organisator.ch\\\/\",\"name\":\"Organisator\",\"description\":\"Kompetent. Praxisnah. Der ORGANISATOR bereitet in 10 Ausgaben pro Jahr die wesentlichen Themen f\u00fcr F\u00fchrungskr\u00e4fte von KMU auf.\",\"publisher\":{\"@id\":\"https:\\\/\\\/www.organisator.ch\\\/#organization\"},\"potentialAction\":[{\"@type\":\"SearchAction\",\"target\":{\"@type\":\"EntryPoint\",\"urlTemplate\":\"https:\\\/\\\/www.organisator.ch\\\/?s={search_term_string}\"},\"query-input\":{\"@type\":\"PropertyValueSpecification\",\"valueRequired\":true,\"valueName\":\"search_term_string\"}}],\"inLanguage\":\"fr-FR\"},{\"@type\":\"Organization\",\"@id\":\"https:\\\/\\\/www.organisator.ch\\\/#organization\",\"name\":\"Organisator\",\"url\":\"https:\\\/\\\/www.organisator.ch\\\/\",\"logo\":{\"@type\":\"ImageObject\",\"inLanguage\":\"fr-FR\",\"@id\":\"https:\\\/\\\/www.organisator.ch\\\/#\\\/schema\\\/logo\\\/image\\\/\",\"url\":\"https:\\\/\\\/www.organisator.ch\\\/wp-content\\\/uploads\\\/2022\\\/01\\\/Logo_Organisator_Website.png\",\"contentUrl\":\"https:\\\/\\\/www.organisator.ch\\\/wp-content\\\/uploads\\\/2022\\\/01\\\/Logo_Organisator_Website.png\",\"width\":800,\"height\":77,\"caption\":\"Organisator\"},\"image\":{\"@id\":\"https:\\\/\\\/www.organisator.ch\\\/#\\\/schema\\\/logo\\\/image\\\/\"},\"sameAs\":[\"https:\\\/\\\/www.facebook.com\\\/OrganisatorFachmagazin\",\"https:\\\/\\\/www.linkedin.com\\\/showcase\\\/organisator-das-magazin-fr-kmu\",\"https:\\\/\\\/www.xing.com\\\/news\\\/pages\\\/organisator-ch-695\",\"https:\\\/\\\/www.youtube.com\\\/channel\\\/UCGP2Sq0iWaZwT3BdIAQFYpw\"]},{\"@type\":\"Person\",\"@id\":\"https:\\\/\\\/www.organisator.ch\\\/#\\\/schema\\\/person\\\/6f650f90b2842cd4c0cc334b4e36f67e\",\"name\":\"thomas.berner\",\"image\":{\"@type\":\"ImageObject\",\"inLanguage\":\"fr-FR\",\"@id\":\"https:\\\/\\\/secure.gravatar.com\\\/avatar\\\/ac5001d2a36cb6c6cd3e50789007ffca834b477b74a2144564522e944eabff61?s=96&d=mm&r=g\",\"url\":\"https:\\\/\\\/secure.gravatar.com\\\/avatar\\\/ac5001d2a36cb6c6cd3e50789007ffca834b477b74a2144564522e944eabff61?s=96&d=mm&r=g\",\"contentUrl\":\"https:\\\/\\\/secure.gravatar.com\\\/avatar\\\/ac5001d2a36cb6c6cd3e50789007ffca834b477b74a2144564522e944eabff61?s=96&d=mm&r=g\",\"caption\":\"thomas.berner\"},\"url\":\"https:\\\/\\\/www.organisator.ch\\\/fr\\\/author\\\/thomas-berner\\\/\"}]}<\/script>\n<!-- \/ Yoast SEO plugin. -->","yoast_head_json":{"title":"L'ancien conseiller f\u00e9d\u00e9ral Kaspar Villiger au Forum \u00e9conomique de la vall\u00e9e du Rhin - organisateur","description":"Le 28e Forum \u00e9conomique de la vall\u00e9e du Rhin aura lieu le 20 janvier 2023. L'orateur principal sera l'ancien conseiller f\u00e9d\u00e9ral Kaspar Villiger.","robots":{"index":"index","follow":"follow","max-snippet":"max-snippet:-1","max-image-preview":"max-image-preview:large","max-video-preview":"max-video-preview:-1"},"canonical":"https:\/\/www.organisator.ch\/fr\/general\/2022-08-26\/ancien-conseiller-federal-kaspar-villiger-au-forum-economique-du-rhine\/","og_locale":"fr_FR","og_type":"article","og_title":"Alt-Bundesrat Kaspar Villiger am Rheintaler Wirtschaftsforum","og_description":"Das 28. Rheintaler Wirtschaftsforum findet am 20. Januar 2023 statt. Hauptreferent ist Alt-Bundesrat Kaspar Villiger.","og_url":"https:\/\/www.organisator.ch\/fr\/general\/2022-08-26\/ancien-conseiller-federal-kaspar-villiger-au-forum-economique-du-rhine\/","og_site_name":"Organisator","article_publisher":"https:\/\/www.facebook.com\/OrganisatorFachmagazin","article_published_time":"2022-08-26T09:47:32+00:00","og_image":[{"width":680,"height":730,"url":"https:\/\/www.organisator.ch\/wp-content\/uploads\/2022\/08\/Alt-Bundesrat-Kaspar-Villiger-am-Rheintaler-Wirtschaftsforum_Organisator.jpg","type":"image\/jpeg"}],"author":"thomas.berner","twitter_card":"summary_large_image","twitter_title":"#Alt-Bundesrat Kaspar #Villiger am Rheintaler #Wirtschaftsforum","twitter_description":"Das 28. #Rheintaler #Wirtschaftsforum findet am 20. Januar 2023 statt. #Hauptreferent ist #Alt-Bundesrat Kaspar #Villiger.","twitter_image":"https:\/\/www.organisator.ch\/wp-content\/uploads\/2022\/08\/Alt-Bundesrat-Kaspar-Villiger-am-Rheintaler-Wirtschaftsforum_Organisator.jpg","schema":{"@context":"https:\/\/schema.org","@graph":[{"@type":"Article","@id":"https:\/\/www.organisator.ch\/it\/generale\/2022-08-26\/lex-consigliere-federale-kaspar-villiger-al-forum-economico-di-rheintal\/#article","isPartOf":{"@id":"https:\/\/www.organisator.ch\/it\/generale\/2022-08-26\/lex-consigliere-federale-kaspar-villiger-al-forum-economico-di-rheintal\/"},"author":{"name":"thomas.berner","@id":"https:\/\/www.organisator.ch\/#\/schema\/person\/6f650f90b2842cd4c0cc334b4e36f67e"},"headline":"Alt-Bundesrat Kaspar Villiger am Rheintaler Wirtschaftsforum","datePublished":"2022-08-26T09:47:32+00:00","mainEntityOfPage":{"@id":"https:\/\/www.organisator.ch\/it\/generale\/2022-08-26\/lex-consigliere-federale-kaspar-villiger-al-forum-economico-di-rheintal\/"},"wordCount":405,"publisher":{"@id":"https:\/\/www.organisator.ch\/#organization"},"image":{"@id":"https:\/\/www.organisator.ch\/it\/generale\/2022-08-26\/lex-consigliere-federale-kaspar-villiger-al-forum-economico-di-rheintal\/#primaryimage"},"thumbnailUrl":"https:\/\/www.organisator.ch\/wp-content\/uploads\/2022\/08\/Alt-Bundesrat-Kaspar-Villiger-am-Rheintaler-Wirtschaftsforum_Organisator.jpg","keywords":["Fachkongress\/Fachmesse","Personalia","Politik","Rheintaler Wirtschaftsforum"],"articleSection":["Allgemein"],"inLanguage":"fr-FR"},{"@type":"WebPage","@id":"https:\/\/www.organisator.ch\/it\/generale\/2022-08-26\/lex-consigliere-federale-kaspar-villiger-al-forum-economico-di-rheintal\/","url":"https:\/\/www.organisator.ch\/it\/generale\/2022-08-26\/lex-consigliere-federale-kaspar-villiger-al-forum-economico-di-rheintal\/","name":"L'ancien conseiller f\u00e9d\u00e9ral Kaspar Villiger au Forum \u00e9conomique de la vall\u00e9e du Rhin - organisateur","isPartOf":{"@id":"https:\/\/www.organisator.ch\/#website"},"primaryImageOfPage":{"@id":"https:\/\/www.organisator.ch\/it\/generale\/2022-08-26\/lex-consigliere-federale-kaspar-villiger-al-forum-economico-di-rheintal\/#primaryimage"},"image":{"@id":"https:\/\/www.organisator.ch\/it\/generale\/2022-08-26\/lex-consigliere-federale-kaspar-villiger-al-forum-economico-di-rheintal\/#primaryimage"},"thumbnailUrl":"https:\/\/www.organisator.ch\/wp-content\/uploads\/2022\/08\/Alt-Bundesrat-Kaspar-Villiger-am-Rheintaler-Wirtschaftsforum_Organisator.jpg","datePublished":"2022-08-26T09:47:32+00:00","description":"Le 28e Forum \u00e9conomique de la vall\u00e9e du Rhin aura lieu le 20 janvier 2023. L'orateur principal sera l'ancien conseiller f\u00e9d\u00e9ral Kaspar Villiger.","breadcrumb":{"@id":"https:\/\/www.organisator.ch\/it\/generale\/2022-08-26\/lex-consigliere-federale-kaspar-villiger-al-forum-economico-di-rheintal\/#breadcrumb"},"inLanguage":"fr-FR","potentialAction":[{"@type":"ReadAction","target":["https:\/\/www.organisator.ch\/it\/generale\/2022-08-26\/lex-consigliere-federale-kaspar-villiger-al-forum-economico-di-rheintal\/"]}]},{"@type":"ImageObject","inLanguage":"fr-FR","@id":"https:\/\/www.organisator.ch\/it\/generale\/2022-08-26\/lex-consigliere-federale-kaspar-villiger-al-forum-economico-di-rheintal\/#primaryimage","url":"https:\/\/www.organisator.ch\/wp-content\/uploads\/2022\/08\/Alt-Bundesrat-Kaspar-Villiger-am-Rheintaler-Wirtschaftsforum_Organisator.jpg","contentUrl":"https:\/\/www.organisator.ch\/wp-content\/uploads\/2022\/08\/Alt-Bundesrat-Kaspar-Villiger-am-Rheintaler-Wirtschaftsforum_Organisator.jpg","width":680,"height":730,"caption":"Konnte f\u00fcr das 28. Rheintaler Wirtschaftsforum als Hauptreferent gewonnen werden: Der ehemalige Bundesrat Kaspar Villiger. (Bild: zVg \/ Wifo)"},{"@type":"BreadcrumbList","@id":"https:\/\/www.organisator.ch\/it\/generale\/2022-08-26\/lex-consigliere-federale-kaspar-villiger-al-forum-economico-di-rheintal\/#breadcrumb","itemListElement":[{"@type":"ListItem","position":1,"name":"Home","item":"https:\/\/www.organisator.ch\/"},{"@type":"ListItem","position":2,"name":"Alt-Bundesrat Kaspar Villiger am Rheintaler Wirtschaftsforum"}]},{"@type":"WebSite","@id":"https:\/\/www.organisator.ch\/#website","url":"https:\/\/www.organisator.ch\/","name":"Organisateur","description":"Comp\u00e9tence et comp\u00e9tence. Proches de la pratique. L'ORGANISATEUR pr\u00e9pare 10 num\u00e9ros par an sur les th\u00e8mes essentiels pour les dirigeants de PME.","publisher":{"@id":"https:\/\/www.organisator.ch\/#organization"},"potentialAction":[{"@type":"SearchAction","target":{"@type":"EntryPoint","urlTemplate":"https:\/\/www.organisator.ch\/?s={search_term_string}"},"query-input":{"@type":"PropertyValueSpecification","valueRequired":true,"valueName":"search_term_string"}}],"inLanguage":"fr-FR"},{"@type":"Organization","@id":"https:\/\/www.organisator.ch\/#organization","name":"Organisateur","url":"https:\/\/www.organisator.ch\/","logo":{"@type":"ImageObject","inLanguage":"fr-FR","@id":"https:\/\/www.organisator.ch\/#\/schema\/logo\/image\/","url":"https:\/\/www.organisator.ch\/wp-content\/uploads\/2022\/01\/Logo_Organisator_Website.png","contentUrl":"https:\/\/www.organisator.ch\/wp-content\/uploads\/2022\/01\/Logo_Organisator_Website.png","width":800,"height":77,"caption":"Organisator"},"image":{"@id":"https:\/\/www.organisator.ch\/#\/schema\/logo\/image\/"},"sameAs":["https:\/\/www.facebook.com\/OrganisatorFachmagazin","https:\/\/www.linkedin.com\/showcase\/organisator-das-magazin-fr-kmu","https:\/\/www.xing.com\/news\/pages\/organisator-ch-695","https:\/\/www.youtube.com\/channel\/UCGP2Sq0iWaZwT3BdIAQFYpw"]},{"@type":"Person","@id":"https:\/\/www.organisator.ch\/#\/schema\/person\/6f650f90b2842cd4c0cc334b4e36f67e","name":"thomas.berner","image":{"@type":"ImageObject","inLanguage":"fr-FR","@id":"https:\/\/secure.gravatar.com\/avatar\/ac5001d2a36cb6c6cd3e50789007ffca834b477b74a2144564522e944eabff61?s=96&d=mm&r=g","url":"https:\/\/secure.gravatar.com\/avatar\/ac5001d2a36cb6c6cd3e50789007ffca834b477b74a2144564522e944eabff61?s=96&d=mm&r=g","contentUrl":"https:\/\/secure.gravatar.com\/avatar\/ac5001d2a36cb6c6cd3e50789007ffca834b477b74a2144564522e944eabff61?s=96&d=mm&r=g","caption":"thomas.berner"},"url":"https:\/\/www.organisator.ch\/fr\/author\/thomas-berner\/"}]}},"_links":{"self":[{"href":"https:\/\/www.organisator.ch\/fr\/wp-json\/wp\/v2\/posts\/16713","targetHints":{"allow":["GET"]}}],"collection":[{"href":"https:\/\/www.organisator.ch\/fr\/wp-json\/wp\/v2\/posts"}],"about":[{"href":"https:\/\/www.organisator.ch\/fr\/wp-json\/wp\/v2\/types\/post"}],"author":[{"embeddable":true,"href":"https:\/\/www.organisator.ch\/fr\/wp-json\/wp\/v2\/users\/4"}],"replies":[{"embeddable":true,"href":"https:\/\/www.organisator.ch\/fr\/wp-json\/wp\/v2\/comments?post=16713"}],"version-history":[{"count":1,"href":"https:\/\/www.organisator.ch\/fr\/wp-json\/wp\/v2\/posts\/16713\/revisions"}],"predecessor-version":[{"id":16715,"href":"https:\/\/www.organisator.ch\/fr\/wp-json\/wp\/v2\/posts\/16713\/revisions\/16715"}],"wp:featuredmedia":[{"embeddable":true,"href":"https:\/\/www.organisator.ch\/fr\/wp-json\/wp\/v2\/media\/16714"}],"wp:attachment":[{"href":"https:\/\/www.organisator.ch\/fr\/wp-json\/wp\/v2\/media?parent=16713"}],"wp:term":[{"taxonomy":"category","embeddable":true,"href":"https:\/\/www.organisator.ch\/fr\/wp-json\/wp\/v2\/categories?post=16713"},{"taxonomy":"post_tag","embeddable":true,"href":"https:\/\/www.organisator.ch\/fr\/wp-json\/wp\/v2\/tags?post=16713"}],"curies":[{"name":"wp","href":"https:\/\/api.w.org\/{rel}","templated":true}]}}