{"id":16718,"date":"2022-08-29T08:48:32","date_gmt":"2022-08-29T06:48:32","guid":{"rendered":"https:\/\/www.organisator.ch\/?p=16718"},"modified":"2022-08-29T08:48:32","modified_gmt":"2022-08-29T06:48:32","slug":"kv-zuerich-reprend-lannee-scolaire-2022-23-avec-le-premier-ministre","status":"publish","type":"post","link":"https:\/\/www.organisator.ch\/fr\/weiterbildung\/2022-08-29\/kv-zuerich-startet-mit-premiere-ins-schuljahr-2022-23\/","title":{"rendered":"KV Z\u00fcrich d\u00e9marre l'ann\u00e9e scolaire 2022\/23 avec une premi\u00e8re"},"content":{"rendered":"<figure id=\"attachment_16719\" aria-describedby=\"caption-attachment-16719\" style=\"width: 680px\" class=\"wp-caption alignnone\"><img loading=\"lazy\" decoding=\"async\" class=\"size-full wp-image-16719\" src=\"https:\/\/www.organisator.ch\/wp-content\/uploads\/2022\/08\/KV-Zurich-startet-mit-Premiere-ins-Schuljahr-2022-23_Organisator.jpg\" alt=\"\" width=\"680\" height=\"390\" srcset=\"https:\/\/www.organisator.ch\/wp-content\/uploads\/2022\/08\/KV-Zurich-startet-mit-Premiere-ins-Schuljahr-2022-23_Organisator.jpg 680w, https:\/\/www.organisator.ch\/wp-content\/uploads\/2022\/08\/KV-Zurich-startet-mit-Premiere-ins-Schuljahr-2022-23_Organisator-18x10.jpg 18w, https:\/\/www.organisator.ch\/wp-content\/uploads\/2022\/08\/KV-Zurich-startet-mit-Premiere-ins-Schuljahr-2022-23_Organisator-305x175.jpg 305w, https:\/\/www.organisator.ch\/wp-content\/uploads\/2022\/08\/KV-Zurich-startet-mit-Premiere-ins-Schuljahr-2022-23_Organisator-610x350.jpg 610w, https:\/\/www.organisator.ch\/wp-content\/uploads\/2022\/08\/KV-Zurich-startet-mit-Premiere-ins-Schuljahr-2022-23_Organisator-300x172.jpg 300w\" sizes=\"auto, (max-width: 680px) 100vw, 680px\" \/><figcaption id=\"caption-attachment-16719\" class=\"wp-caption-text\">Accueil des apprentis pour le d\u00e9but de l'ann\u00e9e scolaire 2022\/23 dans l'atrium de l'\u00e9cole de commerce. (\u00a9KV Zurich)<\/figcaption><\/figure>\n<p>C'est avec 1118 nouveaux apprentis (2021\/22 : 1145) que l'\u00e9cole de commerce KV Z\u00fcrich entame la nouvelle ann\u00e9e scolaire. Parmi les futurs employ\u00e9s de commerce qui ont commenc\u00e9 leur formation au d\u00e9but de l'ann\u00e9e scolaire dans la plus grande \u00e9cole professionnelle commerciale de Suisse, 116 apprentis (2021\/22 : 117) ont choisi la formation initiale de base (profil B). 711 (2021\/22 : 698) ont opt\u00e9 pour la formation de base \u00e9largie (profil E). En outre, 291 jeunes (2021\/22 : 330) suivront un apprentissage de commerce avec maturit\u00e9 professionnelle (profil M) au cours des trois prochaines ann\u00e9es.<\/p>\n<h3>La success story \"BILI\" continue<\/h3>\n<p>Pour la premi\u00e8re fois dans le canton de Zurich, une fili\u00e8re bilingue de maturit\u00e9 professionnelle pour adultes (BM2-BILI) de type \u00e9conomique sera lanc\u00e9e \u00e0 la rentr\u00e9e 2022\/23 au KV Z\u00fcrich. Tout comme dans les fili\u00e8res de formation BILI de la maturit\u00e9 professionnelle (BM1) et du profil E d\u00e9j\u00e0 lanc\u00e9es avec succ\u00e8s, la mati\u00e8re enseign\u00e9e ne sera pas seulement transmise en allemand, mais aussi en anglais. Les apprentis passent \u00e9galement les examens de maturit\u00e9 professionnelle dans les deux langues. Pour le recteur Christian W\u00f6lfle, la nouvelle fili\u00e8re de formation pr\u00e9sente plusieurs avantages : \"Le BM2-BILI am\u00e9liore de mani\u00e8re g\u00e9n\u00e9rale les chances d'avenir gr\u00e2ce \u00e0 une formation g\u00e9n\u00e9rale scolaire \u00e9largie. De plus, elle ouvre des perspectives int\u00e9ressantes aux apprenants dou\u00e9s pour les langues qui, \u00e0 l'issue de la BM2, \u00e9voluent dans un environnement professionnel de plus en plus plurilingue ou qui, plus tard, visent des \u00e9tudes dans une haute \u00e9cole sp\u00e9cialis\u00e9e ou une universit\u00e9\".<\/p>\n<header>\n<h3>KV Z\u00fcrich : la plus grande \u00e9cole professionnelle commerciale de Suisse<\/h3>\n<\/header>\n<p>Fond\u00e9e en 1887 en tant qu'\u00e9cole de commerce KV Z\u00fcrich, elle s'est pr\u00e9sent\u00e9e \u00e0 partir de 1998 sous le nom de KV Z\u00fcrich Business School et est devenue en 2018 l'\u00e9cole de commerce KV Z\u00fcrich apr\u00e8s la dissociation des d\u00e9partements de formation initiale et de formation continue. Aujourd'hui, l'\u00e9tablissement de formation est la plus grande \u00e9cole professionnelle commerciale de Suisse avec environ 4 200 apprenants. Elle compte parmi les plus grandes entreprises du secteur de la formation dans l'espace germanophone. Lors de la c\u00e9r\u00e9monie de cl\u00f4ture de cette ann\u00e9e au Hallenstadion de Zurich, 1248 dipl\u00f4m\u00e9(e)s de commerce ont re\u00e7u leur dipl\u00f4me de fin d'\u00e9tudes.<\/p>\n<p><em>Plus d'informations : <a href=\"http:\/\/www.kvz-schule.ch\">www.kvz-schule.ch<\/a><\/em><\/p>","protected":false},"excerpt":{"rendered":"<p>Mit 1118 neuen Lernenden (2021\/22: 1145) startet die Wirtschaftsschule KV Z\u00fcrich ins neue Schuljahr. Von den angehenden Kaufleuten, die zu Schuljahresbeginn ihre Ausbildung an der gr\u00f6ssten kaufm\u00e4nnischen Berufsschule der Schweiz aufgenommen haben, w\u00e4hlten 116 Lernende (2021\/22: 117) die Basis-Grundbildung (B-Profil). 711 (2021\/22: 698) haben sich f\u00fcr die erweiterte Grundbildung (E-Profil) entschieden. Zudem absolvieren 291 Jugendliche [&hellip;]<\/p>\n","protected":false},"author":4,"featured_media":16719,"comment_status":"closed","ping_status":"closed","sticky":false,"template":"","format":"standard","meta":{"_acf_changed":false,"_yoast_wpseo_focuskw":"KV Z\u00fcrich","_yoast_wpseo_metadesc":"Die Wirtschaftsschule KV Z\u00fcrich ist mit 1118 neuen Lernenden ins Schuljahr 22\/23 gestartet, einige neu auch im bilingualen Bildungsgang.","articlekey":"","footnotes":""},"categories":[30],"tags":[62,3351,492],"class_list":["post-16718","post","type-post","status-publish","format-standard","has-post-thumbnail","hentry","category-weiterbildung","tag-aus-weiterbildung","tag-kaufmaennische-berufsbildung","tag-unternehmen"],"acf":[],"yoast_head":"<!-- This site is optimized with the Yoast SEO plugin v27.5 - https:\/\/yoast.com\/product\/yoast-seo-wordpress\/ -->\n<title>KV Z\u00fcrich startet mit Premiere ins Schuljahr 2022\/23 - Organisator<\/title>\n<meta name=\"description\" content=\"Die Wirtschaftsschule KV Z\u00fcrich ist mit 1118 neuen Lernenden ins Schuljahr 22\/23 gestartet, einige neu auch im bilingualen Bildungsgang.\" \/>\n<meta name=\"robots\" content=\"index, follow, max-snippet:-1, max-image-preview:large, max-video-preview:-1\" \/>\n<link rel=\"canonical\" href=\"https:\/\/www.organisator.ch\/fr\/formation-continue-2\/2022-08-29\/kv-zuerich-reprend-lannee-scolaire-2022-23-avec-le-premier-ministre\/\" \/>\n<meta property=\"og:locale\" content=\"fr_FR\" \/>\n<meta property=\"og:type\" content=\"article\" \/>\n<meta property=\"og:title\" content=\"KV Z\u00fcrich startet mit Premiere ins Schuljahr 2022\/23\" \/>\n<meta property=\"og:description\" content=\"Die Wirtschaftsschule KV Z\u00fcrich ist mit 1118 neuen Lernenden ins Schuljahr 22\/23 gestartet, einige neu auch im bilingualen Bildungsgang.\" \/>\n<meta property=\"og:url\" content=\"https:\/\/www.organisator.ch\/fr\/formation-continue-2\/2022-08-29\/kv-zuerich-reprend-lannee-scolaire-2022-23-avec-le-premier-ministre\/\" \/>\n<meta property=\"og:site_name\" content=\"Organisator\" \/>\n<meta property=\"article:publisher\" content=\"https:\/\/www.facebook.com\/OrganisatorFachmagazin\" \/>\n<meta property=\"article:published_time\" content=\"2022-08-29T06:48:32+00:00\" \/>\n<meta property=\"og:image\" content=\"https:\/\/www.organisator.ch\/wp-content\/uploads\/2022\/08\/KV-Zurich-startet-mit-Premiere-ins-Schuljahr-2022-23_Organisator.jpg\" \/>\n\t<meta property=\"og:image:width\" content=\"680\" \/>\n\t<meta property=\"og:image:height\" content=\"390\" \/>\n\t<meta property=\"og:image:type\" content=\"image\/jpeg\" \/>\n<meta name=\"author\" content=\"thomas.berner\" \/>\n<meta name=\"twitter:card\" content=\"summary_large_image\" \/>\n<meta name=\"twitter:title\" content=\"#KV Z\u00fcrich startet mit #Premiere ins Schuljahr 2022\/23\" \/>\n<meta name=\"twitter:description\" content=\"Die #Wirtschaftsschule #KVZ\u00fcrich ist mit 1118 neuen #Lernenden ins Schuljahr 22\/23 gestartet, einige neu auch im bilingualen #Bildungsgang.\" \/>\n<meta name=\"twitter:image\" content=\"https:\/\/www.organisator.ch\/wp-content\/uploads\/2022\/08\/KV-Zurich-startet-mit-Premiere-ins-Schuljahr-2022-23_Organisator.jpg\" \/>\n<script type=\"application\/ld+json\" class=\"yoast-schema-graph\">{\"@context\":\"https:\\\/\\\/schema.org\",\"@graph\":[{\"@type\":\"Article\",\"@id\":\"https:\\\/\\\/www.organisator.ch\\\/weiterbildung\\\/2022-08-29\\\/kv-zuerich-startet-mit-premiere-ins-schuljahr-2022-23\\\/#article\",\"isPartOf\":{\"@id\":\"https:\\\/\\\/www.organisator.ch\\\/weiterbildung\\\/2022-08-29\\\/kv-zuerich-startet-mit-premiere-ins-schuljahr-2022-23\\\/\"},\"author\":{\"name\":\"thomas.berner\",\"@id\":\"https:\\\/\\\/www.organisator.ch\\\/#\\\/schema\\\/person\\\/6f650f90b2842cd4c0cc334b4e36f67e\"},\"headline\":\"KV Z\u00fcrich startet mit Premiere ins Schuljahr 2022\\\/23\",\"datePublished\":\"2022-08-29T06:48:32+00:00\",\"mainEntityOfPage\":{\"@id\":\"https:\\\/\\\/www.organisator.ch\\\/weiterbildung\\\/2022-08-29\\\/kv-zuerich-startet-mit-premiere-ins-schuljahr-2022-23\\\/\"},\"wordCount\":309,\"publisher\":{\"@id\":\"https:\\\/\\\/www.organisator.ch\\\/#organization\"},\"image\":{\"@id\":\"https:\\\/\\\/www.organisator.ch\\\/weiterbildung\\\/2022-08-29\\\/kv-zuerich-startet-mit-premiere-ins-schuljahr-2022-23\\\/#primaryimage\"},\"thumbnailUrl\":\"https:\\\/\\\/www.organisator.ch\\\/wp-content\\\/uploads\\\/2022\\\/08\\\/KV-Zurich-startet-mit-Premiere-ins-Schuljahr-2022-23_Organisator.jpg\",\"keywords\":[\"Aus-\\\/Weiterbildung\",\"Kaufm\u00e4nnische Berufsbildung\",\"Unternehmen\"],\"articleSection\":[\"WEITERBILDUNG\"],\"inLanguage\":\"fr-FR\"},{\"@type\":\"WebPage\",\"@id\":\"https:\\\/\\\/www.organisator.ch\\\/weiterbildung\\\/2022-08-29\\\/kv-zuerich-startet-mit-premiere-ins-schuljahr-2022-23\\\/\",\"url\":\"https:\\\/\\\/www.organisator.ch\\\/weiterbildung\\\/2022-08-29\\\/kv-zuerich-startet-mit-premiere-ins-schuljahr-2022-23\\\/\",\"name\":\"KV Z\u00fcrich startet mit Premiere ins Schuljahr 2022\\\/23 - Organisator\",\"isPartOf\":{\"@id\":\"https:\\\/\\\/www.organisator.ch\\\/#website\"},\"primaryImageOfPage\":{\"@id\":\"https:\\\/\\\/www.organisator.ch\\\/weiterbildung\\\/2022-08-29\\\/kv-zuerich-startet-mit-premiere-ins-schuljahr-2022-23\\\/#primaryimage\"},\"image\":{\"@id\":\"https:\\\/\\\/www.organisator.ch\\\/weiterbildung\\\/2022-08-29\\\/kv-zuerich-startet-mit-premiere-ins-schuljahr-2022-23\\\/#primaryimage\"},\"thumbnailUrl\":\"https:\\\/\\\/www.organisator.ch\\\/wp-content\\\/uploads\\\/2022\\\/08\\\/KV-Zurich-startet-mit-Premiere-ins-Schuljahr-2022-23_Organisator.jpg\",\"datePublished\":\"2022-08-29T06:48:32+00:00\",\"description\":\"Die Wirtschaftsschule KV Z\u00fcrich ist mit 1118 neuen Lernenden ins Schuljahr 22\\\/23 gestartet, einige neu auch im bilingualen Bildungsgang.\",\"breadcrumb\":{\"@id\":\"https:\\\/\\\/www.organisator.ch\\\/weiterbildung\\\/2022-08-29\\\/kv-zuerich-startet-mit-premiere-ins-schuljahr-2022-23\\\/#breadcrumb\"},\"inLanguage\":\"fr-FR\",\"potentialAction\":[{\"@type\":\"ReadAction\",\"target\":[\"https:\\\/\\\/www.organisator.ch\\\/weiterbildung\\\/2022-08-29\\\/kv-zuerich-startet-mit-premiere-ins-schuljahr-2022-23\\\/\"]}]},{\"@type\":\"ImageObject\",\"inLanguage\":\"fr-FR\",\"@id\":\"https:\\\/\\\/www.organisator.ch\\\/weiterbildung\\\/2022-08-29\\\/kv-zuerich-startet-mit-premiere-ins-schuljahr-2022-23\\\/#primaryimage\",\"url\":\"https:\\\/\\\/www.organisator.ch\\\/wp-content\\\/uploads\\\/2022\\\/08\\\/KV-Zurich-startet-mit-Premiere-ins-Schuljahr-2022-23_Organisator.jpg\",\"contentUrl\":\"https:\\\/\\\/www.organisator.ch\\\/wp-content\\\/uploads\\\/2022\\\/08\\\/KV-Zurich-startet-mit-Premiere-ins-Schuljahr-2022-23_Organisator.jpg\",\"width\":680,\"height\":390,\"caption\":\"Begr\u00fcssung der Lernenden zum Start des Schuljahrs 2022\\\/23 im Lichthof der Wirtschaftsschule. (\u00a9KV Z\u00fcrich)\"},{\"@type\":\"BreadcrumbList\",\"@id\":\"https:\\\/\\\/www.organisator.ch\\\/weiterbildung\\\/2022-08-29\\\/kv-zuerich-startet-mit-premiere-ins-schuljahr-2022-23\\\/#breadcrumb\",\"itemListElement\":[{\"@type\":\"ListItem\",\"position\":1,\"name\":\"Home\",\"item\":\"https:\\\/\\\/www.organisator.ch\\\/\"},{\"@type\":\"ListItem\",\"position\":2,\"name\":\"KV Z\u00fcrich startet mit Premiere ins Schuljahr 2022\\\/23\"}]},{\"@type\":\"WebSite\",\"@id\":\"https:\\\/\\\/www.organisator.ch\\\/#website\",\"url\":\"https:\\\/\\\/www.organisator.ch\\\/\",\"name\":\"Organisator\",\"description\":\"Kompetent. Praxisnah. Der ORGANISATOR bereitet in 10 Ausgaben pro Jahr die wesentlichen Themen f\u00fcr F\u00fchrungskr\u00e4fte von KMU auf.\",\"publisher\":{\"@id\":\"https:\\\/\\\/www.organisator.ch\\\/#organization\"},\"potentialAction\":[{\"@type\":\"SearchAction\",\"target\":{\"@type\":\"EntryPoint\",\"urlTemplate\":\"https:\\\/\\\/www.organisator.ch\\\/?s={search_term_string}\"},\"query-input\":{\"@type\":\"PropertyValueSpecification\",\"valueRequired\":true,\"valueName\":\"search_term_string\"}}],\"inLanguage\":\"fr-FR\"},{\"@type\":\"Organization\",\"@id\":\"https:\\\/\\\/www.organisator.ch\\\/#organization\",\"name\":\"Organisator\",\"url\":\"https:\\\/\\\/www.organisator.ch\\\/\",\"logo\":{\"@type\":\"ImageObject\",\"inLanguage\":\"fr-FR\",\"@id\":\"https:\\\/\\\/www.organisator.ch\\\/#\\\/schema\\\/logo\\\/image\\\/\",\"url\":\"https:\\\/\\\/www.organisator.ch\\\/wp-content\\\/uploads\\\/2022\\\/01\\\/Logo_Organisator_Website.png\",\"contentUrl\":\"https:\\\/\\\/www.organisator.ch\\\/wp-content\\\/uploads\\\/2022\\\/01\\\/Logo_Organisator_Website.png\",\"width\":800,\"height\":77,\"caption\":\"Organisator\"},\"image\":{\"@id\":\"https:\\\/\\\/www.organisator.ch\\\/#\\\/schema\\\/logo\\\/image\\\/\"},\"sameAs\":[\"https:\\\/\\\/www.facebook.com\\\/OrganisatorFachmagazin\",\"https:\\\/\\\/www.linkedin.com\\\/showcase\\\/organisator-das-magazin-fr-kmu\",\"https:\\\/\\\/www.xing.com\\\/news\\\/pages\\\/organisator-ch-695\",\"https:\\\/\\\/www.youtube.com\\\/channel\\\/UCGP2Sq0iWaZwT3BdIAQFYpw\"]},{\"@type\":\"Person\",\"@id\":\"https:\\\/\\\/www.organisator.ch\\\/#\\\/schema\\\/person\\\/6f650f90b2842cd4c0cc334b4e36f67e\",\"name\":\"thomas.berner\",\"image\":{\"@type\":\"ImageObject\",\"inLanguage\":\"fr-FR\",\"@id\":\"https:\\\/\\\/secure.gravatar.com\\\/avatar\\\/ac5001d2a36cb6c6cd3e50789007ffca834b477b74a2144564522e944eabff61?s=96&d=mm&r=g\",\"url\":\"https:\\\/\\\/secure.gravatar.com\\\/avatar\\\/ac5001d2a36cb6c6cd3e50789007ffca834b477b74a2144564522e944eabff61?s=96&d=mm&r=g\",\"contentUrl\":\"https:\\\/\\\/secure.gravatar.com\\\/avatar\\\/ac5001d2a36cb6c6cd3e50789007ffca834b477b74a2144564522e944eabff61?s=96&d=mm&r=g\",\"caption\":\"thomas.berner\"},\"url\":\"https:\\\/\\\/www.organisator.ch\\\/fr\\\/author\\\/thomas-berner\\\/\"}]}<\/script>\n<!-- \/ Yoast SEO plugin. -->","yoast_head_json":{"title":"KV Z\u00fcrich d\u00e9marre l'ann\u00e9e scolaire 2022\/23 avec une premi\u00e8re - Organisateur","description":"L'\u00e9cole de commerce KV Z\u00fcrich a d\u00e9but\u00e9 l'ann\u00e9e scolaire 22\/23 avec 1118 nouveaux apprenants, dont certains sont d\u00e9sormais inscrits dans la fili\u00e8re bilingue.","robots":{"index":"index","follow":"follow","max-snippet":"max-snippet:-1","max-image-preview":"max-image-preview:large","max-video-preview":"max-video-preview:-1"},"canonical":"https:\/\/www.organisator.ch\/fr\/formation-continue-2\/2022-08-29\/kv-zuerich-reprend-lannee-scolaire-2022-23-avec-le-premier-ministre\/","og_locale":"fr_FR","og_type":"article","og_title":"KV Z\u00fcrich startet mit Premiere ins Schuljahr 2022\/23","og_description":"Die Wirtschaftsschule KV Z\u00fcrich ist mit 1118 neuen Lernenden ins Schuljahr 22\/23 gestartet, einige neu auch im bilingualen Bildungsgang.","og_url":"https:\/\/www.organisator.ch\/fr\/formation-continue-2\/2022-08-29\/kv-zuerich-reprend-lannee-scolaire-2022-23-avec-le-premier-ministre\/","og_site_name":"Organisator","article_publisher":"https:\/\/www.facebook.com\/OrganisatorFachmagazin","article_published_time":"2022-08-29T06:48:32+00:00","og_image":[{"width":680,"height":390,"url":"https:\/\/www.organisator.ch\/wp-content\/uploads\/2022\/08\/KV-Zurich-startet-mit-Premiere-ins-Schuljahr-2022-23_Organisator.jpg","type":"image\/jpeg"}],"author":"thomas.berner","twitter_card":"summary_large_image","twitter_title":"#KV Z\u00fcrich startet mit #Premiere ins Schuljahr 2022\/23","twitter_description":"Die #Wirtschaftsschule #KVZ\u00fcrich ist mit 1118 neuen #Lernenden ins Schuljahr 22\/23 gestartet, einige neu auch im bilingualen #Bildungsgang.","twitter_image":"https:\/\/www.organisator.ch\/wp-content\/uploads\/2022\/08\/KV-Zurich-startet-mit-Premiere-ins-Schuljahr-2022-23_Organisator.jpg","schema":{"@context":"https:\/\/schema.org","@graph":[{"@type":"Article","@id":"https:\/\/www.organisator.ch\/weiterbildung\/2022-08-29\/kv-zuerich-startet-mit-premiere-ins-schuljahr-2022-23\/#article","isPartOf":{"@id":"https:\/\/www.organisator.ch\/weiterbildung\/2022-08-29\/kv-zuerich-startet-mit-premiere-ins-schuljahr-2022-23\/"},"author":{"name":"thomas.berner","@id":"https:\/\/www.organisator.ch\/#\/schema\/person\/6f650f90b2842cd4c0cc334b4e36f67e"},"headline":"KV Z\u00fcrich startet mit Premiere ins Schuljahr 2022\/23","datePublished":"2022-08-29T06:48:32+00:00","mainEntityOfPage":{"@id":"https:\/\/www.organisator.ch\/weiterbildung\/2022-08-29\/kv-zuerich-startet-mit-premiere-ins-schuljahr-2022-23\/"},"wordCount":309,"publisher":{"@id":"https:\/\/www.organisator.ch\/#organization"},"image":{"@id":"https:\/\/www.organisator.ch\/weiterbildung\/2022-08-29\/kv-zuerich-startet-mit-premiere-ins-schuljahr-2022-23\/#primaryimage"},"thumbnailUrl":"https:\/\/www.organisator.ch\/wp-content\/uploads\/2022\/08\/KV-Zurich-startet-mit-Premiere-ins-Schuljahr-2022-23_Organisator.jpg","keywords":["Aus-\/Weiterbildung","Kaufm\u00e4nnische Berufsbildung","Unternehmen"],"articleSection":["WEITERBILDUNG"],"inLanguage":"fr-FR"},{"@type":"WebPage","@id":"https:\/\/www.organisator.ch\/weiterbildung\/2022-08-29\/kv-zuerich-startet-mit-premiere-ins-schuljahr-2022-23\/","url":"https:\/\/www.organisator.ch\/weiterbildung\/2022-08-29\/kv-zuerich-startet-mit-premiere-ins-schuljahr-2022-23\/","name":"KV Z\u00fcrich d\u00e9marre l'ann\u00e9e scolaire 2022\/23 avec une premi\u00e8re - Organisateur","isPartOf":{"@id":"https:\/\/www.organisator.ch\/#website"},"primaryImageOfPage":{"@id":"https:\/\/www.organisator.ch\/weiterbildung\/2022-08-29\/kv-zuerich-startet-mit-premiere-ins-schuljahr-2022-23\/#primaryimage"},"image":{"@id":"https:\/\/www.organisator.ch\/weiterbildung\/2022-08-29\/kv-zuerich-startet-mit-premiere-ins-schuljahr-2022-23\/#primaryimage"},"thumbnailUrl":"https:\/\/www.organisator.ch\/wp-content\/uploads\/2022\/08\/KV-Zurich-startet-mit-Premiere-ins-Schuljahr-2022-23_Organisator.jpg","datePublished":"2022-08-29T06:48:32+00:00","description":"L'\u00e9cole de commerce KV Z\u00fcrich a d\u00e9but\u00e9 l'ann\u00e9e scolaire 22\/23 avec 1118 nouveaux apprenants, dont certains sont d\u00e9sormais inscrits dans la fili\u00e8re bilingue.","breadcrumb":{"@id":"https:\/\/www.organisator.ch\/weiterbildung\/2022-08-29\/kv-zuerich-startet-mit-premiere-ins-schuljahr-2022-23\/#breadcrumb"},"inLanguage":"fr-FR","potentialAction":[{"@type":"ReadAction","target":["https:\/\/www.organisator.ch\/weiterbildung\/2022-08-29\/kv-zuerich-startet-mit-premiere-ins-schuljahr-2022-23\/"]}]},{"@type":"ImageObject","inLanguage":"fr-FR","@id":"https:\/\/www.organisator.ch\/weiterbildung\/2022-08-29\/kv-zuerich-startet-mit-premiere-ins-schuljahr-2022-23\/#primaryimage","url":"https:\/\/www.organisator.ch\/wp-content\/uploads\/2022\/08\/KV-Zurich-startet-mit-Premiere-ins-Schuljahr-2022-23_Organisator.jpg","contentUrl":"https:\/\/www.organisator.ch\/wp-content\/uploads\/2022\/08\/KV-Zurich-startet-mit-Premiere-ins-Schuljahr-2022-23_Organisator.jpg","width":680,"height":390,"caption":"Begr\u00fcssung der Lernenden zum Start des Schuljahrs 2022\/23 im Lichthof der Wirtschaftsschule. (\u00a9KV Z\u00fcrich)"},{"@type":"BreadcrumbList","@id":"https:\/\/www.organisator.ch\/weiterbildung\/2022-08-29\/kv-zuerich-startet-mit-premiere-ins-schuljahr-2022-23\/#breadcrumb","itemListElement":[{"@type":"ListItem","position":1,"name":"Home","item":"https:\/\/www.organisator.ch\/"},{"@type":"ListItem","position":2,"name":"KV Z\u00fcrich startet mit Premiere ins Schuljahr 2022\/23"}]},{"@type":"WebSite","@id":"https:\/\/www.organisator.ch\/#website","url":"https:\/\/www.organisator.ch\/","name":"Organisateur","description":"Comp\u00e9tence et comp\u00e9tence. Proches de la pratique. L'ORGANISATEUR pr\u00e9pare 10 num\u00e9ros par an sur les th\u00e8mes essentiels pour les dirigeants de PME.","publisher":{"@id":"https:\/\/www.organisator.ch\/#organization"},"potentialAction":[{"@type":"SearchAction","target":{"@type":"EntryPoint","urlTemplate":"https:\/\/www.organisator.ch\/?s={search_term_string}"},"query-input":{"@type":"PropertyValueSpecification","valueRequired":true,"valueName":"search_term_string"}}],"inLanguage":"fr-FR"},{"@type":"Organization","@id":"https:\/\/www.organisator.ch\/#organization","name":"Organisateur","url":"https:\/\/www.organisator.ch\/","logo":{"@type":"ImageObject","inLanguage":"fr-FR","@id":"https:\/\/www.organisator.ch\/#\/schema\/logo\/image\/","url":"https:\/\/www.organisator.ch\/wp-content\/uploads\/2022\/01\/Logo_Organisator_Website.png","contentUrl":"https:\/\/www.organisator.ch\/wp-content\/uploads\/2022\/01\/Logo_Organisator_Website.png","width":800,"height":77,"caption":"Organisator"},"image":{"@id":"https:\/\/www.organisator.ch\/#\/schema\/logo\/image\/"},"sameAs":["https:\/\/www.facebook.com\/OrganisatorFachmagazin","https:\/\/www.linkedin.com\/showcase\/organisator-das-magazin-fr-kmu","https:\/\/www.xing.com\/news\/pages\/organisator-ch-695","https:\/\/www.youtube.com\/channel\/UCGP2Sq0iWaZwT3BdIAQFYpw"]},{"@type":"Person","@id":"https:\/\/www.organisator.ch\/#\/schema\/person\/6f650f90b2842cd4c0cc334b4e36f67e","name":"thomas.berner","image":{"@type":"ImageObject","inLanguage":"fr-FR","@id":"https:\/\/secure.gravatar.com\/avatar\/ac5001d2a36cb6c6cd3e50789007ffca834b477b74a2144564522e944eabff61?s=96&d=mm&r=g","url":"https:\/\/secure.gravatar.com\/avatar\/ac5001d2a36cb6c6cd3e50789007ffca834b477b74a2144564522e944eabff61?s=96&d=mm&r=g","contentUrl":"https:\/\/secure.gravatar.com\/avatar\/ac5001d2a36cb6c6cd3e50789007ffca834b477b74a2144564522e944eabff61?s=96&d=mm&r=g","caption":"thomas.berner"},"url":"https:\/\/www.organisator.ch\/fr\/author\/thomas-berner\/"}]}},"_links":{"self":[{"href":"https:\/\/www.organisator.ch\/fr\/wp-json\/wp\/v2\/posts\/16718","targetHints":{"allow":["GET"]}}],"collection":[{"href":"https:\/\/www.organisator.ch\/fr\/wp-json\/wp\/v2\/posts"}],"about":[{"href":"https:\/\/www.organisator.ch\/fr\/wp-json\/wp\/v2\/types\/post"}],"author":[{"embeddable":true,"href":"https:\/\/www.organisator.ch\/fr\/wp-json\/wp\/v2\/users\/4"}],"replies":[{"embeddable":true,"href":"https:\/\/www.organisator.ch\/fr\/wp-json\/wp\/v2\/comments?post=16718"}],"version-history":[{"count":1,"href":"https:\/\/www.organisator.ch\/fr\/wp-json\/wp\/v2\/posts\/16718\/revisions"}],"predecessor-version":[{"id":16720,"href":"https:\/\/www.organisator.ch\/fr\/wp-json\/wp\/v2\/posts\/16718\/revisions\/16720"}],"wp:featuredmedia":[{"embeddable":true,"href":"https:\/\/www.organisator.ch\/fr\/wp-json\/wp\/v2\/media\/16719"}],"wp:attachment":[{"href":"https:\/\/www.organisator.ch\/fr\/wp-json\/wp\/v2\/media?parent=16718"}],"wp:term":[{"taxonomy":"category","embeddable":true,"href":"https:\/\/www.organisator.ch\/fr\/wp-json\/wp\/v2\/categories?post=16718"},{"taxonomy":"post_tag","embeddable":true,"href":"https:\/\/www.organisator.ch\/fr\/wp-json\/wp\/v2\/tags?post=16718"}],"curies":[{"name":"wp","href":"https:\/\/api.w.org\/{rel}","templated":true}]}}