{"id":1677,"date":"2018-05-11T11:19:33","date_gmt":"2018-05-11T09:19:33","guid":{"rendered":"https:\/\/www.umweltperspektiven.ch\/?p=1677"},"modified":"2022-02-09T11:05:37","modified_gmt":"2022-02-09T10:05:37","slug":"ifat-2018-die-umweltbranche-nimmt-mikroplastik-ins-visier","status":"publish","type":"post","link":"https:\/\/www.organisator.ch\/fr\/sustainability\/2018-05-11\/ifat-2018-die-umweltbranche-nimmt-mikroplastik-ins-visier\/","title":{"rendered":"IFAT 2018 : le secteur de l'environnement s'attaque aux microplastiques"},"content":{"rendered":"<figure id=\"attachment_1678\" aria-describedby=\"caption-attachment-1678\" style=\"width: 680px\" class=\"wp-caption alignnone\"><img loading=\"lazy\" decoding=\"async\" class=\"size-medium wp-image-1678\" src=\"\/\/www.umweltperspektiven.ch\/wp-content\/uploads\/2018\/05\/plastikmuell.jpg\" alt=\"\" width=\"680\" height=\"453\" srcset=\"https:\/\/www.organisator.ch\/wp-content\/uploads\/2018\/05\/plastikmuell.jpg 1920w, https:\/\/www.organisator.ch\/wp-content\/uploads\/2018\/05\/plastikmuell-680x453.jpg 680w, https:\/\/www.organisator.ch\/wp-content\/uploads\/2018\/05\/plastikmuell-1024x683.jpg 1024w, https:\/\/www.organisator.ch\/wp-content\/uploads\/2018\/05\/plastikmuell-768x512.jpg 768w, https:\/\/www.organisator.ch\/wp-content\/uploads\/2018\/05\/plastikmuell-1536x1024.jpg 1536w, https:\/\/www.organisator.ch\/wp-content\/uploads\/2018\/05\/plastikmuell-18x12.jpg 18w, https:\/\/www.organisator.ch\/wp-content\/uploads\/2018\/05\/plastikmuell-263x175.jpg 263w, https:\/\/www.organisator.ch\/wp-content\/uploads\/2018\/05\/plastikmuell-525x350.jpg 525w, https:\/\/www.organisator.ch\/wp-content\/uploads\/2018\/05\/plastikmuell-1200x800.jpg 1200w, https:\/\/www.organisator.ch\/wp-content\/uploads\/2018\/05\/plastikmuell-920x613.jpg 920w, https:\/\/www.organisator.ch\/wp-content\/uploads\/2018\/05\/plastikmuell-1400x933.jpg 1400w, https:\/\/www.organisator.ch\/wp-content\/uploads\/2018\/05\/plastikmuell-300x200.jpg 300w\" sizes=\"auto, (max-width: 680px) 100vw, 680px\" \/><figcaption id=\"caption-attachment-1678\" class=\"wp-caption-text\">Fabriquer des produits en plastique est une chose, prendre en compte l'ensemble du cycle du produit en est une autre. (Image : IFAT)<\/figcaption><\/figure>\n<p>La gestion des microplastiques dans les eaux, les eaux us\u00e9es et, dans certaines circonstances, dans l'eau potable, fait d\u00e9finitivement partie d'un salon phare mondial comme l'IFAT 2018 \u00e0 Munich. D\u00e8s l'ouverture du salon le 14 mai, \u00e0 partir de 11h10, des experts sp\u00e9cialis\u00e9s discuteront sous le titre \"Rethink - reduce - recycle plastic\" de la mani\u00e8re dont les rivi\u00e8res et les oc\u00e9ans peuvent \u00eatre d\u00e9barrass\u00e9s du plastique \u00e0 moyen et long terme. Les microparticules dans les eaux et les stations d'\u00e9puration feront \u00e9galement partie de la discussion.<\/p>\n<p><strong>35 millions d'euros pour la recherche<\/strong><\/p>\n<p>Le stand du minist\u00e8re f\u00e9d\u00e9ral de l'\u00c9ducation et de la Recherche (BMBF) est un autre point de rep\u00e8re important du salon. Celui-ci a lanc\u00e9 l'automne dernier l'un des plus grands programmes de recherche au monde sur le \"plastique dans l'environnement\". D'ici 2021, 35 millions d'euros seront allou\u00e9s \u00e0 18 projets collaboratifs impliquant une centaine de partenaires issus des milieux scientifiques, \u00e9conomiques, associatifs et communaux.<\/p>\n<p>L'un des points forts du stand du BMBF est le projet collaboratif EmiStop. L'objectif de ce projet est d'optimiser les technologies de traitement des eaux industrielles d\u00e9j\u00e0 existantes - comme les proc\u00e9d\u00e9s de s\u00e9dimentation, de flottation et de filtration - afin de r\u00e9duire la quantit\u00e9 de microplastiques dans les eaux us\u00e9es. Dans l'id\u00e9al, les particules des eaux us\u00e9es pourraient m\u00eame \u00eatre r\u00e9introduites dans la production. \u00c0 l'IFAT, le minist\u00e8re f\u00e9d\u00e9ral de la recherche pr\u00e9sente une installation de flottation \u00e9lectrique du fabricant EnviroChemie, qui est le chef de file d'EmiStop.<\/p>\n<p><strong>Du pneu de voiture \u00e0 l'environnement aquatique<\/strong><\/p>\n<p>Sur le stand de l'Universit\u00e9 technique (TU) de Berlin, dans le domaine de la gestion des eaux urbaines, le projet RAU - Reifenabrieb in der Umwelt - est au centre de l'attention. Selon les scientifiques, la quantit\u00e9 et l'apport d'usure de pneus qui parviennent dans l'environnement aquatique via les eaux de ruissellement des routes n'ont pas \u00e9t\u00e9 \u00e9tudi\u00e9s jusqu'\u00e0 pr\u00e9sent. Le projet de coop\u00e9ration doit maintenant apporter des \u00e9claircissements. Lors de l'IFAT, l'Universit\u00e9 technique de Berlin exposera un panier d'\u00e9chantillonnage permettant d'analyser l'\u00e9coulement routier directement sur place.<\/p>\n<p>Le panier a \u00e9t\u00e9 d\u00e9velopp\u00e9 en collaboration avec les entreprises GKD-Gebr. Kufferath et ORI Abwassertechnik. En outre, l'universit\u00e9 informe sur l'\u00e9tat d'avancement du projet de recherche OEMP - Mat\u00e9riaux et proc\u00e9d\u00e9s optimis\u00e9s pour l'\u00e9limination des microplastiques du cycle de l'eau, qui est d\u00e9j\u00e0 en cours depuis avril 2016. Un produit d\u00e9j\u00e0 commercialisable, d\u00e9velopp\u00e9 dans le cadre de ce projet, est le filtre d'\u00e9vacuation de rue Innolet G du fabricant Funke Kunststoffe. Ce syst\u00e8me permet d'\u00e9quiper les bouches d'\u00e9gout existantes d'un collecteur de boues humides qui \u00e9limine de mani\u00e8re fiable les d\u00e9bris de pneus.<\/p>\n<p><strong>Derni\u00e8re possibilit\u00e9 de filtrage : Stations d'\u00e9puration<\/strong><\/p>\n<p>L'entreprise Invent Umwelt- und Verfahrenstechnik - partenaire industriel de l'OEMP - pr\u00e9sente au parc des expositions de Munich le filtre en losange FILT, qui peut \u00eatre utilis\u00e9 en aval du bassin de d\u00e9cantation secondaire dans les stations d'\u00e9puration. Outre les flocons de boues activ\u00e9es, les flocons de pr\u00e9cipitation de la r\u00e9duction du phosphore et le charbon actif en poudre, le filtre retient \u00e9galement les microplastiques. L'entreprise ATB Water s'est \u00e9galement int\u00e9ress\u00e9e aux microplastiques.<\/p>\n<p>L'entreprise sp\u00e9cialis\u00e9e dans la construction de syst\u00e8mes de petites stations d'\u00e9puration travaille actuellement, selon ses propres dires, de mani\u00e8re intensive sur une solution technique permettant de filtrer les microplastiques du flux d'eaux us\u00e9es des petites stations d'\u00e9puration.<\/p>\n<p><strong>Une experte : les produits doivent devenir recyclables<\/strong><\/p>\n<p>\"Les d\u00e9fis que nous devons relever pour r\u00e9duire la pr\u00e9sence de plastiques dans l'environnement sont multiples\", souligne le Dr Bettina Rechenberg. La directrice du d\u00e9partement \"Produits et production durables, \u00e9conomie circulaire\" de l'Agence f\u00e9d\u00e9rale allemande pour l'environnement poursuit : \"Pour trouver une solution, il faut quantifier plus pr\u00e9cis\u00e9ment les apports dans l'environnement, par exemple aussi via les composts et les r\u00e9sidus de fermentation, et les r\u00e9duire en actualisant l'\u00e9tat de la technique\".<\/p>\n<p>Selon elle, le d\u00e9veloppement des produits et des mat\u00e9riaux doit \u00e9galement prendre davantage en compte les \u00e9ventuels rejets dans l'environnement et la recyclabilit\u00e9. Pour que le plastique ne se retrouve pas dans l'environnement, mais encore plus dans les produits en tant que mati\u00e8re recycl\u00e9e, les installations de recyclage devraient mettre \u00e0 disposition des qualit\u00e9s de mati\u00e8re recycl\u00e9e suffisamment \u00e9lev\u00e9es. \"Ind\u00e9pendamment des grands efforts de recherche actuels, les branches devraient se pr\u00e9parer d\u00e8s aujourd'hui \u00e0 ces t\u00e2ches\", souligne l'experte.<\/p>\n<p><em>L'IFAT, qui accueillera en mai plus de 3100 exposants, montrera comment le secteur du recyclage et des eaux us\u00e9es s'acquitte de ces t\u00e2ches.<\/em><\/p>\n<p><a href=\"\/\/www.ifat.de\">www.ifat.de<\/a><\/p>\n<p>&nbsp;<\/p>","protected":false},"excerpt":{"rendered":"<p>Der Umgang mit Mikroplastik in Gew\u00e4ssern, Abwasser und unter Umst\u00e4nden auch im Trinkwasser z\u00e4hlt definitiv zu einer Weltleitmesse wie der IFAT 2018 in M\u00fcnchen. Gleich zur Messe-Er\u00f6ffnung am 14. Mai diskutieren ab 11:10 Uhr Fachexperten unter dem Titel \u201eRethink \u2013 reduce \u2013 recycle plastic\u201c, wie Fl\u00fcsse und Ozeane mittel- und langfristig von Plastik befreit werden [&hellip;]<\/p>\n","protected":false},"author":5,"featured_media":1678,"comment_status":"open","ping_status":"open","sticky":false,"template":"","format":"standard","meta":{"_acf_changed":false,"_yoast_wpseo_focuskw":"Mikroplastik","_yoast_wpseo_metadesc":"Mikroplastik \u2013 jetzt werden Menge, Verbreitung und Gef\u00e4hrdungspotenzial der Kleinstteilchen in der Fachwelt, so auch an der IFAT 2018, diskutiert.","articlekey":"","footnotes":""},"categories":[580],"tags":[858,1711,1712,1987,600],"class_list":["post-1677","post","type-post","status-publish","format-standard","has-post-thumbnail","hentry","category-sustainability","tag-boden","tag-mikroplastik","tag-mikroteilchen","tag-recycling","tag-wasser"],"acf":[],"yoast_head":"<!-- This site is optimized with the Yoast SEO plugin v27.5 - https:\/\/yoast.com\/product\/yoast-seo-wordpress\/ -->\n<title>IFAT 2018: Die Umweltbranche nimmt Mikroplastik ins Visier - Organisator<\/title>\n<meta name=\"description\" content=\"Mikroplastik \u2013 jetzt werden Menge, Verbreitung und Gef\u00e4hrdungspotenzial der Kleinstteilchen in der Fachwelt, so auch an der IFAT 2018, diskutiert.\" \/>\n<meta name=\"robots\" content=\"index, follow, max-snippet:-1, max-image-preview:large, max-video-preview:-1\" \/>\n<link rel=\"canonical\" href=\"https:\/\/www.organisator.ch\/fr\/sustainability\/2018-05-11\/ifat-2018-die-umweltbranche-nimmt-mikroplastik-ins-visier\/\" \/>\n<meta property=\"og:locale\" content=\"fr_FR\" \/>\n<meta property=\"og:type\" content=\"article\" \/>\n<meta property=\"og:title\" content=\"IFAT 2018: Die Umweltbranche nimmt Mikroplastik ins Visier - Organisator\" \/>\n<meta property=\"og:description\" content=\"Mikroplastik \u2013 jetzt werden Menge, Verbreitung und Gef\u00e4hrdungspotenzial der Kleinstteilchen in der Fachwelt, so auch an der IFAT 2018, diskutiert.\" \/>\n<meta property=\"og:url\" content=\"https:\/\/www.organisator.ch\/fr\/sustainability\/2018-05-11\/ifat-2018-die-umweltbranche-nimmt-mikroplastik-ins-visier\/\" \/>\n<meta property=\"og:site_name\" content=\"Organisator\" \/>\n<meta property=\"article:publisher\" content=\"https:\/\/www.facebook.com\/OrganisatorFachmagazin\" \/>\n<meta property=\"article:published_time\" content=\"2018-05-11T09:19:33+00:00\" \/>\n<meta property=\"article:modified_time\" content=\"2022-02-09T10:05:37+00:00\" \/>\n<meta property=\"og:image\" content=\"https:\/\/www.organisator.ch\/wp-content\/uploads\/2018\/05\/plastikmuell.jpg\" \/>\n\t<meta property=\"og:image:width\" content=\"1920\" \/>\n\t<meta property=\"og:image:height\" content=\"1280\" \/>\n\t<meta property=\"og:image:type\" content=\"image\/jpeg\" \/>\n<meta name=\"author\" content=\"michael.merz\" \/>\n<meta name=\"twitter:card\" content=\"summary_large_image\" \/>\n<script type=\"application\/ld+json\" class=\"yoast-schema-graph\">{\"@context\":\"https:\\\/\\\/schema.org\",\"@graph\":[{\"@type\":\"Article\",\"@id\":\"https:\\\/\\\/www.organisator.ch\\\/sustainability\\\/2018-05-11\\\/ifat-2018-die-umweltbranche-nimmt-mikroplastik-ins-visier\\\/#article\",\"isPartOf\":{\"@id\":\"https:\\\/\\\/www.organisator.ch\\\/sustainability\\\/2018-05-11\\\/ifat-2018-die-umweltbranche-nimmt-mikroplastik-ins-visier\\\/\"},\"author\":{\"name\":\"michael.merz\",\"@id\":\"https:\\\/\\\/www.organisator.ch\\\/#\\\/schema\\\/person\\\/134708ca9321c57b0362cceb7948ffbd\"},\"headline\":\"IFAT 2018: Die Umweltbranche nimmt Mikroplastik ins Visier\",\"datePublished\":\"2018-05-11T09:19:33+00:00\",\"dateModified\":\"2022-02-09T10:05:37+00:00\",\"mainEntityOfPage\":{\"@id\":\"https:\\\/\\\/www.organisator.ch\\\/sustainability\\\/2018-05-11\\\/ifat-2018-die-umweltbranche-nimmt-mikroplastik-ins-visier\\\/\"},\"wordCount\":651,\"commentCount\":0,\"publisher\":{\"@id\":\"https:\\\/\\\/www.organisator.ch\\\/#organization\"},\"image\":{\"@id\":\"https:\\\/\\\/www.organisator.ch\\\/sustainability\\\/2018-05-11\\\/ifat-2018-die-umweltbranche-nimmt-mikroplastik-ins-visier\\\/#primaryimage\"},\"thumbnailUrl\":\"https:\\\/\\\/www.organisator.ch\\\/wp-content\\\/uploads\\\/2018\\\/05\\\/plastikmuell.jpg\",\"keywords\":[\"Boden\",\"Mikroplastik\",\"Mikroteilchen\",\"Recycling\",\"WASSER\"],\"articleSection\":[\"SUSTAINABILITY\"],\"inLanguage\":\"fr-FR\"},{\"@type\":\"WebPage\",\"@id\":\"https:\\\/\\\/www.organisator.ch\\\/sustainability\\\/2018-05-11\\\/ifat-2018-die-umweltbranche-nimmt-mikroplastik-ins-visier\\\/\",\"url\":\"https:\\\/\\\/www.organisator.ch\\\/sustainability\\\/2018-05-11\\\/ifat-2018-die-umweltbranche-nimmt-mikroplastik-ins-visier\\\/\",\"name\":\"IFAT 2018: Die Umweltbranche nimmt Mikroplastik ins Visier - Organisator\",\"isPartOf\":{\"@id\":\"https:\\\/\\\/www.organisator.ch\\\/#website\"},\"primaryImageOfPage\":{\"@id\":\"https:\\\/\\\/www.organisator.ch\\\/sustainability\\\/2018-05-11\\\/ifat-2018-die-umweltbranche-nimmt-mikroplastik-ins-visier\\\/#primaryimage\"},\"image\":{\"@id\":\"https:\\\/\\\/www.organisator.ch\\\/sustainability\\\/2018-05-11\\\/ifat-2018-die-umweltbranche-nimmt-mikroplastik-ins-visier\\\/#primaryimage\"},\"thumbnailUrl\":\"https:\\\/\\\/www.organisator.ch\\\/wp-content\\\/uploads\\\/2018\\\/05\\\/plastikmuell.jpg\",\"datePublished\":\"2018-05-11T09:19:33+00:00\",\"dateModified\":\"2022-02-09T10:05:37+00:00\",\"description\":\"Mikroplastik \u2013 jetzt werden Menge, Verbreitung und Gef\u00e4hrdungspotenzial der Kleinstteilchen in der Fachwelt, so auch an der IFAT 2018, diskutiert.\",\"breadcrumb\":{\"@id\":\"https:\\\/\\\/www.organisator.ch\\\/sustainability\\\/2018-05-11\\\/ifat-2018-die-umweltbranche-nimmt-mikroplastik-ins-visier\\\/#breadcrumb\"},\"inLanguage\":\"fr-FR\",\"potentialAction\":[{\"@type\":\"ReadAction\",\"target\":[\"https:\\\/\\\/www.organisator.ch\\\/sustainability\\\/2018-05-11\\\/ifat-2018-die-umweltbranche-nimmt-mikroplastik-ins-visier\\\/\"]}]},{\"@type\":\"ImageObject\",\"inLanguage\":\"fr-FR\",\"@id\":\"https:\\\/\\\/www.organisator.ch\\\/sustainability\\\/2018-05-11\\\/ifat-2018-die-umweltbranche-nimmt-mikroplastik-ins-visier\\\/#primaryimage\",\"url\":\"https:\\\/\\\/www.organisator.ch\\\/wp-content\\\/uploads\\\/2018\\\/05\\\/plastikmuell.jpg\",\"contentUrl\":\"https:\\\/\\\/www.organisator.ch\\\/wp-content\\\/uploads\\\/2018\\\/05\\\/plastikmuell.jpg\",\"width\":1920,\"height\":1280,\"caption\":\"Produkte aus Plastik herstellen ist das eine, den ganzen Produktekreislauf ber\u00fccksichtigen das andere. (Bild: IFAT)\"},{\"@type\":\"BreadcrumbList\",\"@id\":\"https:\\\/\\\/www.organisator.ch\\\/sustainability\\\/2018-05-11\\\/ifat-2018-die-umweltbranche-nimmt-mikroplastik-ins-visier\\\/#breadcrumb\",\"itemListElement\":[{\"@type\":\"ListItem\",\"position\":1,\"name\":\"Home\",\"item\":\"https:\\\/\\\/www.organisator.ch\\\/\"},{\"@type\":\"ListItem\",\"position\":2,\"name\":\"IFAT 2018: Die Umweltbranche nimmt Mikroplastik ins Visier\"}]},{\"@type\":\"WebSite\",\"@id\":\"https:\\\/\\\/www.organisator.ch\\\/#website\",\"url\":\"https:\\\/\\\/www.organisator.ch\\\/\",\"name\":\"Organisator\",\"description\":\"Kompetent. Praxisnah. Der ORGANISATOR bereitet in 10 Ausgaben pro Jahr die wesentlichen Themen f\u00fcr F\u00fchrungskr\u00e4fte von KMU auf.\",\"publisher\":{\"@id\":\"https:\\\/\\\/www.organisator.ch\\\/#organization\"},\"potentialAction\":[{\"@type\":\"SearchAction\",\"target\":{\"@type\":\"EntryPoint\",\"urlTemplate\":\"https:\\\/\\\/www.organisator.ch\\\/?s={search_term_string}\"},\"query-input\":{\"@type\":\"PropertyValueSpecification\",\"valueRequired\":true,\"valueName\":\"search_term_string\"}}],\"inLanguage\":\"fr-FR\"},{\"@type\":\"Organization\",\"@id\":\"https:\\\/\\\/www.organisator.ch\\\/#organization\",\"name\":\"Organisator\",\"url\":\"https:\\\/\\\/www.organisator.ch\\\/\",\"logo\":{\"@type\":\"ImageObject\",\"inLanguage\":\"fr-FR\",\"@id\":\"https:\\\/\\\/www.organisator.ch\\\/#\\\/schema\\\/logo\\\/image\\\/\",\"url\":\"https:\\\/\\\/www.organisator.ch\\\/wp-content\\\/uploads\\\/2022\\\/01\\\/Logo_Organisator_Website.png\",\"contentUrl\":\"https:\\\/\\\/www.organisator.ch\\\/wp-content\\\/uploads\\\/2022\\\/01\\\/Logo_Organisator_Website.png\",\"width\":800,\"height\":77,\"caption\":\"Organisator\"},\"image\":{\"@id\":\"https:\\\/\\\/www.organisator.ch\\\/#\\\/schema\\\/logo\\\/image\\\/\"},\"sameAs\":[\"https:\\\/\\\/www.facebook.com\\\/OrganisatorFachmagazin\",\"https:\\\/\\\/www.linkedin.com\\\/showcase\\\/organisator-das-magazin-fr-kmu\",\"https:\\\/\\\/www.xing.com\\\/news\\\/pages\\\/organisator-ch-695\",\"https:\\\/\\\/www.youtube.com\\\/channel\\\/UCGP2Sq0iWaZwT3BdIAQFYpw\"]},{\"@type\":\"Person\",\"@id\":\"https:\\\/\\\/www.organisator.ch\\\/#\\\/schema\\\/person\\\/134708ca9321c57b0362cceb7948ffbd\",\"name\":\"michael.merz\",\"image\":{\"@type\":\"ImageObject\",\"inLanguage\":\"fr-FR\",\"@id\":\"https:\\\/\\\/secure.gravatar.com\\\/avatar\\\/?s=96&d=mm&r=g\",\"url\":\"https:\\\/\\\/secure.gravatar.com\\\/avatar\\\/?s=96&d=mm&r=g\",\"contentUrl\":\"https:\\\/\\\/secure.gravatar.com\\\/avatar\\\/?s=96&d=mm&r=g\",\"caption\":\"michael.merz\"},\"url\":\"https:\\\/\\\/www.organisator.ch\\\/fr\\\/author\\\/michael-merz\\\/\"}]}<\/script>\n<!-- \/ Yoast SEO plugin. -->","yoast_head_json":{"title":"IFAT 2018 : le secteur de l'environnement s'attaque aux microplastiques - Organisateur","description":"Microplastiques - d\u00e9sormais, la quantit\u00e9, la diffusion et le potentiel de dangerosit\u00e9 des microparticules font l'objet de discussions dans les milieux sp\u00e9cialis\u00e9s, notamment \u00e0 l'IFAT 2018.","robots":{"index":"index","follow":"follow","max-snippet":"max-snippet:-1","max-image-preview":"max-image-preview:large","max-video-preview":"max-video-preview:-1"},"canonical":"https:\/\/www.organisator.ch\/fr\/sustainability\/2018-05-11\/ifat-2018-die-umweltbranche-nimmt-mikroplastik-ins-visier\/","og_locale":"fr_FR","og_type":"article","og_title":"IFAT 2018: Die Umweltbranche nimmt Mikroplastik ins Visier - Organisator","og_description":"Mikroplastik \u2013 jetzt werden Menge, Verbreitung und Gef\u00e4hrdungspotenzial der Kleinstteilchen in der Fachwelt, so auch an der IFAT 2018, diskutiert.","og_url":"https:\/\/www.organisator.ch\/fr\/sustainability\/2018-05-11\/ifat-2018-die-umweltbranche-nimmt-mikroplastik-ins-visier\/","og_site_name":"Organisator","article_publisher":"https:\/\/www.facebook.com\/OrganisatorFachmagazin","article_published_time":"2018-05-11T09:19:33+00:00","article_modified_time":"2022-02-09T10:05:37+00:00","og_image":[{"width":1920,"height":1280,"url":"https:\/\/www.organisator.ch\/wp-content\/uploads\/2018\/05\/plastikmuell.jpg","type":"image\/jpeg"}],"author":"michael.merz","twitter_card":"summary_large_image","schema":{"@context":"https:\/\/schema.org","@graph":[{"@type":"Article","@id":"https:\/\/www.organisator.ch\/sustainability\/2018-05-11\/ifat-2018-die-umweltbranche-nimmt-mikroplastik-ins-visier\/#article","isPartOf":{"@id":"https:\/\/www.organisator.ch\/sustainability\/2018-05-11\/ifat-2018-die-umweltbranche-nimmt-mikroplastik-ins-visier\/"},"author":{"name":"michael.merz","@id":"https:\/\/www.organisator.ch\/#\/schema\/person\/134708ca9321c57b0362cceb7948ffbd"},"headline":"IFAT 2018: Die Umweltbranche nimmt Mikroplastik ins Visier","datePublished":"2018-05-11T09:19:33+00:00","dateModified":"2022-02-09T10:05:37+00:00","mainEntityOfPage":{"@id":"https:\/\/www.organisator.ch\/sustainability\/2018-05-11\/ifat-2018-die-umweltbranche-nimmt-mikroplastik-ins-visier\/"},"wordCount":651,"commentCount":0,"publisher":{"@id":"https:\/\/www.organisator.ch\/#organization"},"image":{"@id":"https:\/\/www.organisator.ch\/sustainability\/2018-05-11\/ifat-2018-die-umweltbranche-nimmt-mikroplastik-ins-visier\/#primaryimage"},"thumbnailUrl":"https:\/\/www.organisator.ch\/wp-content\/uploads\/2018\/05\/plastikmuell.jpg","keywords":["Boden","Mikroplastik","Mikroteilchen","Recycling","WASSER"],"articleSection":["SUSTAINABILITY"],"inLanguage":"fr-FR"},{"@type":"WebPage","@id":"https:\/\/www.organisator.ch\/sustainability\/2018-05-11\/ifat-2018-die-umweltbranche-nimmt-mikroplastik-ins-visier\/","url":"https:\/\/www.organisator.ch\/sustainability\/2018-05-11\/ifat-2018-die-umweltbranche-nimmt-mikroplastik-ins-visier\/","name":"IFAT 2018 : le secteur de l'environnement s'attaque aux microplastiques - Organisateur","isPartOf":{"@id":"https:\/\/www.organisator.ch\/#website"},"primaryImageOfPage":{"@id":"https:\/\/www.organisator.ch\/sustainability\/2018-05-11\/ifat-2018-die-umweltbranche-nimmt-mikroplastik-ins-visier\/#primaryimage"},"image":{"@id":"https:\/\/www.organisator.ch\/sustainability\/2018-05-11\/ifat-2018-die-umweltbranche-nimmt-mikroplastik-ins-visier\/#primaryimage"},"thumbnailUrl":"https:\/\/www.organisator.ch\/wp-content\/uploads\/2018\/05\/plastikmuell.jpg","datePublished":"2018-05-11T09:19:33+00:00","dateModified":"2022-02-09T10:05:37+00:00","description":"Microplastiques - d\u00e9sormais, la quantit\u00e9, la diffusion et le potentiel de dangerosit\u00e9 des microparticules font l'objet de discussions dans les milieux sp\u00e9cialis\u00e9s, notamment \u00e0 l'IFAT 2018.","breadcrumb":{"@id":"https:\/\/www.organisator.ch\/sustainability\/2018-05-11\/ifat-2018-die-umweltbranche-nimmt-mikroplastik-ins-visier\/#breadcrumb"},"inLanguage":"fr-FR","potentialAction":[{"@type":"ReadAction","target":["https:\/\/www.organisator.ch\/sustainability\/2018-05-11\/ifat-2018-die-umweltbranche-nimmt-mikroplastik-ins-visier\/"]}]},{"@type":"ImageObject","inLanguage":"fr-FR","@id":"https:\/\/www.organisator.ch\/sustainability\/2018-05-11\/ifat-2018-die-umweltbranche-nimmt-mikroplastik-ins-visier\/#primaryimage","url":"https:\/\/www.organisator.ch\/wp-content\/uploads\/2018\/05\/plastikmuell.jpg","contentUrl":"https:\/\/www.organisator.ch\/wp-content\/uploads\/2018\/05\/plastikmuell.jpg","width":1920,"height":1280,"caption":"Produkte aus Plastik herstellen ist das eine, den ganzen Produktekreislauf ber\u00fccksichtigen das andere. (Bild: IFAT)"},{"@type":"BreadcrumbList","@id":"https:\/\/www.organisator.ch\/sustainability\/2018-05-11\/ifat-2018-die-umweltbranche-nimmt-mikroplastik-ins-visier\/#breadcrumb","itemListElement":[{"@type":"ListItem","position":1,"name":"Home","item":"https:\/\/www.organisator.ch\/"},{"@type":"ListItem","position":2,"name":"IFAT 2018: Die Umweltbranche nimmt Mikroplastik ins Visier"}]},{"@type":"WebSite","@id":"https:\/\/www.organisator.ch\/#website","url":"https:\/\/www.organisator.ch\/","name":"Organisateur","description":"Comp\u00e9tence et comp\u00e9tence. Proches de la pratique. L'ORGANISATEUR pr\u00e9pare 10 num\u00e9ros par an sur les th\u00e8mes essentiels pour les dirigeants de PME.","publisher":{"@id":"https:\/\/www.organisator.ch\/#organization"},"potentialAction":[{"@type":"SearchAction","target":{"@type":"EntryPoint","urlTemplate":"https:\/\/www.organisator.ch\/?s={search_term_string}"},"query-input":{"@type":"PropertyValueSpecification","valueRequired":true,"valueName":"search_term_string"}}],"inLanguage":"fr-FR"},{"@type":"Organization","@id":"https:\/\/www.organisator.ch\/#organization","name":"Organisateur","url":"https:\/\/www.organisator.ch\/","logo":{"@type":"ImageObject","inLanguage":"fr-FR","@id":"https:\/\/www.organisator.ch\/#\/schema\/logo\/image\/","url":"https:\/\/www.organisator.ch\/wp-content\/uploads\/2022\/01\/Logo_Organisator_Website.png","contentUrl":"https:\/\/www.organisator.ch\/wp-content\/uploads\/2022\/01\/Logo_Organisator_Website.png","width":800,"height":77,"caption":"Organisator"},"image":{"@id":"https:\/\/www.organisator.ch\/#\/schema\/logo\/image\/"},"sameAs":["https:\/\/www.facebook.com\/OrganisatorFachmagazin","https:\/\/www.linkedin.com\/showcase\/organisator-das-magazin-fr-kmu","https:\/\/www.xing.com\/news\/pages\/organisator-ch-695","https:\/\/www.youtube.com\/channel\/UCGP2Sq0iWaZwT3BdIAQFYpw"]},{"@type":"Person","@id":"https:\/\/www.organisator.ch\/#\/schema\/person\/134708ca9321c57b0362cceb7948ffbd","name":"michael.merz","image":{"@type":"ImageObject","inLanguage":"fr-FR","@id":"https:\/\/secure.gravatar.com\/avatar\/?s=96&d=mm&r=g","url":"https:\/\/secure.gravatar.com\/avatar\/?s=96&d=mm&r=g","contentUrl":"https:\/\/secure.gravatar.com\/avatar\/?s=96&d=mm&r=g","caption":"michael.merz"},"url":"https:\/\/www.organisator.ch\/fr\/author\/michael-merz\/"}]}},"_links":{"self":[{"href":"https:\/\/www.organisator.ch\/fr\/wp-json\/wp\/v2\/posts\/1677","targetHints":{"allow":["GET"]}}],"collection":[{"href":"https:\/\/www.organisator.ch\/fr\/wp-json\/wp\/v2\/posts"}],"about":[{"href":"https:\/\/www.organisator.ch\/fr\/wp-json\/wp\/v2\/types\/post"}],"author":[{"embeddable":true,"href":"https:\/\/www.organisator.ch\/fr\/wp-json\/wp\/v2\/users\/5"}],"replies":[{"embeddable":true,"href":"https:\/\/www.organisator.ch\/fr\/wp-json\/wp\/v2\/comments?post=1677"}],"version-history":[{"count":1,"href":"https:\/\/www.organisator.ch\/fr\/wp-json\/wp\/v2\/posts\/1677\/revisions"}],"predecessor-version":[{"id":10417,"href":"https:\/\/www.organisator.ch\/fr\/wp-json\/wp\/v2\/posts\/1677\/revisions\/10417"}],"wp:featuredmedia":[{"embeddable":true,"href":"https:\/\/www.organisator.ch\/fr\/wp-json\/wp\/v2\/media\/1678"}],"wp:attachment":[{"href":"https:\/\/www.organisator.ch\/fr\/wp-json\/wp\/v2\/media?parent=1677"}],"wp:term":[{"taxonomy":"category","embeddable":true,"href":"https:\/\/www.organisator.ch\/fr\/wp-json\/wp\/v2\/categories?post=1677"},{"taxonomy":"post_tag","embeddable":true,"href":"https:\/\/www.organisator.ch\/fr\/wp-json\/wp\/v2\/tags?post=1677"}],"curies":[{"name":"wp","href":"https:\/\/api.w.org\/{rel}","templated":true}]}}