{"id":16775,"date":"2022-09-01T11:57:22","date_gmt":"2022-09-01T09:57:22","guid":{"rendered":"https:\/\/www.m-q.ch\/?p=16840"},"modified":"2024-11-22T07:43:37","modified_gmt":"2024-11-22T06:43:37","slug":"fuer-investoren-medtech-and-services-sector-related-to-his-reputation","status":"publish","type":"post","link":"https:\/\/www.organisator.ch\/fr\/operational-excellence\/2022-09-01\/fuer-investoren-medtech-und-services-sektor-wird-seinem-ruf-gerecht\/","title":{"rendered":"Pour les investisseurs : le secteur des technologies m\u00e9dicales et des services est \u00e0 la hauteur de sa r\u00e9putation"},"content":{"rendered":"<figure id=\"attachment_16842\" class=\"wp-caption alignnone\" style=\"width: 680px\" aria-describedby=\"caption-attachment-16842\"><img class=\"alignnone wp-image-16842 size-full\" src=\"https:\/\/www.m-q.ch\/wp-content\/uploads\/2022\/09\/Fuer-Investoren-Medtech-und-Services-Sektor-wird-seinem-Ruf-gerecht_MQ.jpg\" alt=\"Medtech et services\" width=\"680\" height=\"453\" \/>\r\n<figcaption id=\"caption-attachment-16842\" class=\"wp-caption-text\">Le secteur des technologies m\u00e9dicales et des services redevient int\u00e9ressant pour les investisseurs. (Image : Unsplash.com)<\/figcaption>\r\n<\/figure>\r\n<p>La stabilisation pr\u00e9visible des taux d'int\u00e9r\u00eat a un effet positif sur les march\u00e9s des actions, qui montrent les premiers signes de reprise. Fin juillet, les march\u00e9s boursiers mondiaux (MSCI World Net +11.0%) ont cl\u00f4tur\u00e9 en territoire nettement positif et l'Euro Stoxx 50 (+7.5%) ainsi que l'indice directeur allemand Dax (+5.5%) se sont \u00e9galement quelque peu remis des fortes baisses des mois pr\u00e9c\u00e9dents. Dans ce contexte, le secteur des technologies m\u00e9dicales et des services de sant\u00e9 s'est \u00e9galement bien d\u00e9fendu. Mesur\u00e9 par le MSCI World Healthcare Equipment &amp; Supplies, ce secteur a affich\u00e9 une performance de 9,3% et a nettement d\u00e9pass\u00e9 le march\u00e9 de la sant\u00e9 au sens large MSCI World Healthcare Net (+6,2%). La publication actuelle des r\u00e9sultats du deuxi\u00e8me trimestre nous donne \u00e9galement une impression positive. Boston Scientific, Stryker, Danaher ou Thermo Fisher, mais aussi des assureurs maladie am\u00e9ricains comme Molina ou Centene ont publi\u00e9 des r\u00e9sultats sup\u00e9rieurs aux attentes et ont \u00e9t\u00e9 r\u00e9compens\u00e9s par une hausse des cours. Mais les entreprises qui n'ont pas tout \u00e0 fait r\u00e9pondu aux attentes, comme Align, Intuitive Surgical ou Edwards Lifesciences, ont \u00e9galement enregistr\u00e9 une \u00e9volution positive de leurs cours. Il s'agit l\u00e0 d'un autre indicateur montrant que les investisseurs ont nettement r\u00e9duit leur d\u00e9cote de risque gr\u00e2ce \u00e0 l'am\u00e9lioration des informations disponibles, ce qui a plus que compens\u00e9 les perspectives l\u00e9g\u00e8rement plus faibles pour l'ensemble de l'ann\u00e9e 2022.<\/p>\r\n<h3><strong>Croissance du chiffre d'affaires malgr\u00e9 la r\u00e9cession<\/strong><\/h3>\r\n<p>La grande incertitude des investisseurs quant \u00e0 une reprise du nombre de traitements apr\u00e8s la derni\u00e8re vague Corona a fait place \u00e0 un optimisme mod\u00e9r\u00e9. Bien que le secteur des technologies m\u00e9dicales ne soit pas non plus compl\u00e8tement immunis\u00e9 contre la r\u00e9cession, l'inflation et les changements de taux d'int\u00e9r\u00eat, les commentaires des entreprises ont montr\u00e9 que le secteur des technologies m\u00e9dicales et des services de sant\u00e9 n'a pas perdu son aura de valeur refuge en p\u00e9riode difficile. Si l'on se r\u00e9f\u00e8re \u00e0 la derni\u00e8re grande phase de r\u00e9cession, en 2008\/2009, on constate que la grande majorit\u00e9 des entreprises de technologie m\u00e9dicale affichaient alors une croissance de leur chiffre d'affaires et de leurs b\u00e9n\u00e9fices. Depuis, le secteur a encore gagn\u00e9 en maturit\u00e9 et a consolid\u00e9 son caract\u00e8re de l'un des secteurs les plus d\u00e9fensifs. La technologie m\u00e9dicale se caract\u00e9rise par une croissance des b\u00e9n\u00e9fices sup\u00e9rieure \u00e0 la moyenne et une faible sensibilit\u00e9 aux fluctuations. Ces atouts sont particuli\u00e8rement attrayants dans un contexte de march\u00e9 o\u00f9 les investisseurs sont incertains quant \u00e0 l'\u00e9volution future de l'\u00e9conomie dans son ensemble.<\/p>\r\n<h3><strong>Acquisitions et nouveaux produits dans le secteur de la technologie m\u00e9dicale et des services<\/strong><\/h3>\r\n<p>Nous consid\u00e9rons que les perspectives pour l'ann\u00e9e boursi\u00e8re 2022 dans le secteur des technologies m\u00e9dicales et des services sont attrayantes. Dans les principaux d\u00e9bouch\u00e9s de ce secteur (Am\u00e9rique du Nord, Europe et Japon), les infections et les hospitalisations dues \u00e0 la variante Omikron ont diminu\u00e9 rapidement et de mani\u00e8re significative. Nous pensons que cette large immunit\u00e9 permettra une reprise significative des interventions \u00e9lectives en 2022 et 2023.<\/p>\r\n<p>Le profil risque\/rendement du secteur est consid\u00e9r\u00e9 comme avantageux par de nombreux investisseurs. Ind\u00e9pendamment d'une normalisation de la situation corona et g\u00e9opolitique, des facteurs de croissance \u00e0 long terme, tels que l'augmentation de l'esp\u00e9rance de vie et la forte capacit\u00e9 d'innovation, permettent au secteur des technologies m\u00e9dicales et des services de cro\u00eetre plus rapidement que l'ensemble de l'\u00e9conomie et d'augmenter les b\u00e9n\u00e9fices plus que la moyenne. Ainsi, la croissance moyenne \u00e0 long terme des b\u00e9n\u00e9fices par action du MSCI Medtech &amp; Services est de 12%, soit le double de celle de toutes les entreprises comprises dans l'indice MSCI World. La hausse des co\u00fbts mat\u00e9riels et logistiques est r\u00e9elle, mais devrait \u00eatre compens\u00e9e par les entreprises bien g\u00e9r\u00e9es. De plus, nous attendons des autorisations et des lancements de nombreux produits pertinents pour le diab\u00e8te et les maladies cardiaques structurelles.<\/p>\r\n<p>La base de valorisation du secteur est mod\u00e9r\u00e9e et n'offre pas seulement des opportunit\u00e9s aux investisseurs. Nous nous attendons \u00e9galement \u00e0 une activit\u00e9 d'acquisition accrue, car les multiples de valorisation de nombreuses entreprises de croissance \u00e9mergentes ont nettement baiss\u00e9. Le fonds Bellevue Medtech &amp; Services (ISIN B-EUR LU0415391431) investit dans l'ensemble du march\u00e9 de la sant\u00e9, \u00e0 l'exception des fabricants de m\u00e9dicaments. L'une des raisons du succ\u00e8s durable de la strat\u00e9gie d'investissement est que le secteur des technologies m\u00e9dicales et des services fait partie des secteurs de la sant\u00e9 les plus d\u00e9fensifs, tout en offrant un potentiel de surperformance durable. Associ\u00e9 \u00e0 une pouss\u00e9e de croissance suppl\u00e9mentaire, rendue possible par les traitements report\u00e9s pendant la crise de la coronaropathie, il en r\u00e9sulte un moment d'entr\u00e9e int\u00e9ressant pour les investisseurs.<\/p>\r\n<p><strong>Auteur :<\/strong><br \/>\r\nMarcel Fritsch a rejoint Bellevue Asset Management en 2008 et est gestionnaire de portefeuille du fonds Bellevue Medtech &amp; Services et du fonds Bellevue Digital Health. Auparavant, il a travaill\u00e9 pendant plus de trois ans comme conseiller d'entreprise chez Deloitte &amp; Touche. Son domaine d'activit\u00e9 comprenait l'\u00e9laboration de strat\u00e9gies d'entreprise, l'examen des structures organisationnelles ainsi que l'\u00e9valuation d'entreprises en amont de transactions. Marcel Fritsch a \u00e9tudi\u00e9 les sciences \u00e9conomiques \u00e0 l'universit\u00e9 de Saint-Gall (HSG).<br \/>\r\n<em>Plus d'informations : <a href=\"http:\/\/www.bellevue.ch\/\">Bellevue Asset Management AG<\/a>\u00a0<\/em><\/p>\n<p class=\"syndicated-attribution\">Cet article est paru initialement sur m-q.ch - <a href=\"https:\/\/www.m-q.ch\/de\/fuer-investoren-medtech-und-services-sektor-wird-seinem-ruf-gerecht\/\" target=\"_blank\">https:\/\/www.m-q.ch\/de\/fuer-investoren-medtech-und-services-sektor-wird-seinem-ruf-gerecht\/<\/a><\/p>","protected":false},"excerpt":{"rendered":"<p>Die absehbare Zinsstabilisierung wirkt sich positiv auf die Aktienm\u00e4rkte aus, die erste Anzeichen einer Erholung zeigen. Ende Juli schlossen die globalen Aktienm\u00e4rkte (MSCI World Net +11.0%) deutlich im positiven Bereich und auch der Euro Stoxx 50 (+7.5%) sowie der deutsche Leitindex Dax (+5.5%) erholten sich etwas von den starken Kursr\u00fcckschl\u00e4gen der Vormonate. In diesem Umfeld [\u2026]<\/p>\n","protected":false},"author":8,"featured_media":0,"comment_status":"closed","ping_status":"closed","sticky":false,"template":"","format":"standard","meta":{"_acf_changed":false,"_yoast_wpseo_focuskw":"Medtech-und-Services","_yoast_wpseo_metadesc":"Medtech-Sektor: Positive Entwicklung trotz Wirtschaftskrise. Attraktive Investitionschancen durch hohe Innovationskraft.","articlekey":"","footnotes":""},"categories":[582],"tags":[],"class_list":["post-16775","post","type-post","status-publish","format-standard","hentry","category-operational-excellence"],"acf":[],"yoast_head":"<!-- This site is optimized with the Yoast SEO plugin v27.5 - https:\/\/yoast.com\/product\/yoast-seo-wordpress\/ -->\n<title>F\u00fcr Investoren: Medtech-und-Services-Sektor wird seinem Ruf gerecht - Organisator<\/title>\n<meta name=\"description\" content=\"Medtech-Sektor: Positive Entwicklung trotz Wirtschaftskrise. Attraktive Investitionschancen durch hohe Innovationskraft.\" \/>\n<meta name=\"robots\" content=\"index, follow, max-snippet:-1, max-image-preview:large, max-video-preview:-1\" \/>\n<link rel=\"canonical\" href=\"https:\/\/www.organisator.ch\/fr\/excellence-operationnelle\/2022-09-01\/fuer-investoren-medtech-and-services-sector-related-to-his-reputation\/\" \/>\n<meta property=\"og:locale\" content=\"fr_FR\" \/>\n<meta property=\"og:type\" content=\"article\" \/>\n<meta property=\"og:title\" content=\"F\u00fcr Investoren: Medtech-und-Services-Sektor wird seinem Ruf gerecht - Organisator\" \/>\n<meta property=\"og:description\" content=\"Medtech-Sektor: Positive Entwicklung trotz Wirtschaftskrise. Attraktive Investitionschancen durch hohe Innovationskraft.\" \/>\n<meta property=\"og:url\" content=\"https:\/\/www.organisator.ch\/fr\/excellence-operationnelle\/2022-09-01\/fuer-investoren-medtech-and-services-sector-related-to-his-reputation\/\" \/>\n<meta property=\"og:site_name\" content=\"Organisator\" \/>\n<meta property=\"article:publisher\" content=\"https:\/\/www.facebook.com\/OrganisatorFachmagazin\" \/>\n<meta property=\"article:published_time\" content=\"2022-09-01T09:57:22+00:00\" \/>\n<meta property=\"article:modified_time\" content=\"2024-11-22T06:43:37+00:00\" \/>\n<meta name=\"author\" content=\"galledia\" \/>\n<meta name=\"twitter:card\" content=\"summary_large_image\" \/>\n<meta name=\"twitter:creator\" content=\"@admin\" \/>\n<script type=\"application\/ld+json\" class=\"yoast-schema-graph\">{\"@context\":\"https:\\\/\\\/schema.org\",\"@graph\":[{\"@type\":\"Article\",\"@id\":\"https:\\\/\\\/www.organisator.ch\\\/operational-excellence\\\/2022-09-01\\\/fuer-investoren-medtech-und-services-sektor-wird-seinem-ruf-gerecht\\\/#article\",\"isPartOf\":{\"@id\":\"https:\\\/\\\/www.organisator.ch\\\/operational-excellence\\\/2022-09-01\\\/fuer-investoren-medtech-und-services-sektor-wird-seinem-ruf-gerecht\\\/\"},\"author\":{\"name\":\"galledia\",\"@id\":\"https:\\\/\\\/www.organisator.ch\\\/#\\\/schema\\\/person\\\/4e51799071cd2dd1232ac003643ef5f0\"},\"headline\":\"F\u00fcr Investoren: Medtech-und-Services-Sektor wird seinem Ruf gerecht\",\"datePublished\":\"2022-09-01T09:57:22+00:00\",\"dateModified\":\"2024-11-22T06:43:37+00:00\",\"mainEntityOfPage\":{\"@id\":\"https:\\\/\\\/www.organisator.ch\\\/operational-excellence\\\/2022-09-01\\\/fuer-investoren-medtech-und-services-sektor-wird-seinem-ruf-gerecht\\\/\"},\"wordCount\":673,\"publisher\":{\"@id\":\"https:\\\/\\\/www.organisator.ch\\\/#organization\"},\"image\":{\"@id\":\"https:\\\/\\\/www.organisator.ch\\\/operational-excellence\\\/2022-09-01\\\/fuer-investoren-medtech-und-services-sektor-wird-seinem-ruf-gerecht\\\/#primaryimage\"},\"thumbnailUrl\":\"https:\\\/\\\/www.m-q.ch\\\/wp-content\\\/uploads\\\/2022\\\/09\\\/Fuer-Investoren-Medtech-und-Services-Sektor-wird-seinem-Ruf-gerecht_MQ.jpg\",\"articleSection\":[\"OPERATIONAL EXCELLENCE\"],\"inLanguage\":\"fr-FR\"},{\"@type\":\"WebPage\",\"@id\":\"https:\\\/\\\/www.organisator.ch\\\/operational-excellence\\\/2022-09-01\\\/fuer-investoren-medtech-und-services-sektor-wird-seinem-ruf-gerecht\\\/\",\"url\":\"https:\\\/\\\/www.organisator.ch\\\/operational-excellence\\\/2022-09-01\\\/fuer-investoren-medtech-und-services-sektor-wird-seinem-ruf-gerecht\\\/\",\"name\":\"F\u00fcr Investoren: Medtech-und-Services-Sektor wird seinem Ruf gerecht - Organisator\",\"isPartOf\":{\"@id\":\"https:\\\/\\\/www.organisator.ch\\\/#website\"},\"primaryImageOfPage\":{\"@id\":\"https:\\\/\\\/www.organisator.ch\\\/operational-excellence\\\/2022-09-01\\\/fuer-investoren-medtech-und-services-sektor-wird-seinem-ruf-gerecht\\\/#primaryimage\"},\"image\":{\"@id\":\"https:\\\/\\\/www.organisator.ch\\\/operational-excellence\\\/2022-09-01\\\/fuer-investoren-medtech-und-services-sektor-wird-seinem-ruf-gerecht\\\/#primaryimage\"},\"thumbnailUrl\":\"https:\\\/\\\/www.m-q.ch\\\/wp-content\\\/uploads\\\/2022\\\/09\\\/Fuer-Investoren-Medtech-und-Services-Sektor-wird-seinem-Ruf-gerecht_MQ.jpg\",\"datePublished\":\"2022-09-01T09:57:22+00:00\",\"dateModified\":\"2024-11-22T06:43:37+00:00\",\"description\":\"Medtech-Sektor: Positive Entwicklung trotz Wirtschaftskrise. Attraktive Investitionschancen durch hohe Innovationskraft.\",\"breadcrumb\":{\"@id\":\"https:\\\/\\\/www.organisator.ch\\\/operational-excellence\\\/2022-09-01\\\/fuer-investoren-medtech-und-services-sektor-wird-seinem-ruf-gerecht\\\/#breadcrumb\"},\"inLanguage\":\"fr-FR\",\"potentialAction\":[{\"@type\":\"ReadAction\",\"target\":[\"https:\\\/\\\/www.organisator.ch\\\/operational-excellence\\\/2022-09-01\\\/fuer-investoren-medtech-und-services-sektor-wird-seinem-ruf-gerecht\\\/\"]}]},{\"@type\":\"ImageObject\",\"inLanguage\":\"fr-FR\",\"@id\":\"https:\\\/\\\/www.organisator.ch\\\/operational-excellence\\\/2022-09-01\\\/fuer-investoren-medtech-und-services-sektor-wird-seinem-ruf-gerecht\\\/#primaryimage\",\"url\":\"https:\\\/\\\/www.m-q.ch\\\/wp-content\\\/uploads\\\/2022\\\/09\\\/Fuer-Investoren-Medtech-und-Services-Sektor-wird-seinem-Ruf-gerecht_MQ.jpg\",\"contentUrl\":\"https:\\\/\\\/www.m-q.ch\\\/wp-content\\\/uploads\\\/2022\\\/09\\\/Fuer-Investoren-Medtech-und-Services-Sektor-wird-seinem-Ruf-gerecht_MQ.jpg\"},{\"@type\":\"BreadcrumbList\",\"@id\":\"https:\\\/\\\/www.organisator.ch\\\/operational-excellence\\\/2022-09-01\\\/fuer-investoren-medtech-und-services-sektor-wird-seinem-ruf-gerecht\\\/#breadcrumb\",\"itemListElement\":[{\"@type\":\"ListItem\",\"position\":1,\"name\":\"Home\",\"item\":\"https:\\\/\\\/www.organisator.ch\\\/\"},{\"@type\":\"ListItem\",\"position\":2,\"name\":\"F\u00fcr Investoren: Medtech-und-Services-Sektor wird seinem Ruf gerecht\"}]},{\"@type\":\"WebSite\",\"@id\":\"https:\\\/\\\/www.organisator.ch\\\/#website\",\"url\":\"https:\\\/\\\/www.organisator.ch\\\/\",\"name\":\"Organisator\",\"description\":\"Kompetent. Praxisnah. Der ORGANISATOR bereitet in 10 Ausgaben pro Jahr die wesentlichen Themen f\u00fcr F\u00fchrungskr\u00e4fte von KMU auf.\",\"publisher\":{\"@id\":\"https:\\\/\\\/www.organisator.ch\\\/#organization\"},\"potentialAction\":[{\"@type\":\"SearchAction\",\"target\":{\"@type\":\"EntryPoint\",\"urlTemplate\":\"https:\\\/\\\/www.organisator.ch\\\/?s={search_term_string}\"},\"query-input\":{\"@type\":\"PropertyValueSpecification\",\"valueRequired\":true,\"valueName\":\"search_term_string\"}}],\"inLanguage\":\"fr-FR\"},{\"@type\":\"Organization\",\"@id\":\"https:\\\/\\\/www.organisator.ch\\\/#organization\",\"name\":\"Organisator\",\"url\":\"https:\\\/\\\/www.organisator.ch\\\/\",\"logo\":{\"@type\":\"ImageObject\",\"inLanguage\":\"fr-FR\",\"@id\":\"https:\\\/\\\/www.organisator.ch\\\/#\\\/schema\\\/logo\\\/image\\\/\",\"url\":\"https:\\\/\\\/www.organisator.ch\\\/wp-content\\\/uploads\\\/2022\\\/01\\\/Logo_Organisator_Website.png\",\"contentUrl\":\"https:\\\/\\\/www.organisator.ch\\\/wp-content\\\/uploads\\\/2022\\\/01\\\/Logo_Organisator_Website.png\",\"width\":800,\"height\":77,\"caption\":\"Organisator\"},\"image\":{\"@id\":\"https:\\\/\\\/www.organisator.ch\\\/#\\\/schema\\\/logo\\\/image\\\/\"},\"sameAs\":[\"https:\\\/\\\/www.facebook.com\\\/OrganisatorFachmagazin\",\"https:\\\/\\\/www.linkedin.com\\\/showcase\\\/organisator-das-magazin-fr-kmu\",\"https:\\\/\\\/www.xing.com\\\/news\\\/pages\\\/organisator-ch-695\",\"https:\\\/\\\/www.youtube.com\\\/channel\\\/UCGP2Sq0iWaZwT3BdIAQFYpw\"]},{\"@type\":\"Person\",\"@id\":\"https:\\\/\\\/www.organisator.ch\\\/#\\\/schema\\\/person\\\/4e51799071cd2dd1232ac003643ef5f0\",\"name\":\"galledia\",\"image\":{\"@type\":\"ImageObject\",\"inLanguage\":\"fr-FR\",\"@id\":\"https:\\\/\\\/secure.gravatar.com\\\/avatar\\\/78a7f90c01fc2bfc875782a0d4922b37cde2cf184ce347b91316d23cd7f69a36?s=96&d=mm&r=g\",\"url\":\"https:\\\/\\\/secure.gravatar.com\\\/avatar\\\/78a7f90c01fc2bfc875782a0d4922b37cde2cf184ce347b91316d23cd7f69a36?s=96&d=mm&r=g\",\"contentUrl\":\"https:\\\/\\\/secure.gravatar.com\\\/avatar\\\/78a7f90c01fc2bfc875782a0d4922b37cde2cf184ce347b91316d23cd7f69a36?s=96&d=mm&r=g\",\"caption\":\"galledia\"},\"sameAs\":[\"https:\\\/\\\/x.com\\\/admin\"],\"url\":\"https:\\\/\\\/www.organisator.ch\\\/fr\\\/author\\\/galledia\\\/\"}]}<\/script>\n<!-- \/ Yoast SEO plugin. -->","yoast_head_json":{"title":"Pour les investisseurs : le secteur des technologies m\u00e9dicales et des services est \u00e0 la hauteur de sa r\u00e9putation - Organisateur","description":"Secteur de la technologie m\u00e9dicale : \u00e9volution positive malgr\u00e9 la crise \u00e9conomique. Opportunit\u00e9s d'investissement attrayantes gr\u00e2ce \u00e0 une forte capacit\u00e9 d'innovation.","robots":{"index":"index","follow":"follow","max-snippet":"max-snippet:-1","max-image-preview":"max-image-preview:large","max-video-preview":"max-video-preview:-1"},"canonical":"https:\/\/www.organisator.ch\/fr\/excellence-operationnelle\/2022-09-01\/fuer-investoren-medtech-and-services-sector-related-to-his-reputation\/","og_locale":"fr_FR","og_type":"article","og_title":"F\u00fcr Investoren: Medtech-und-Services-Sektor wird seinem Ruf gerecht - Organisator","og_description":"Medtech-Sektor: Positive Entwicklung trotz Wirtschaftskrise. Attraktive Investitionschancen durch hohe Innovationskraft.","og_url":"https:\/\/www.organisator.ch\/fr\/excellence-operationnelle\/2022-09-01\/fuer-investoren-medtech-and-services-sector-related-to-his-reputation\/","og_site_name":"Organisator","article_publisher":"https:\/\/www.facebook.com\/OrganisatorFachmagazin","article_published_time":"2022-09-01T09:57:22+00:00","article_modified_time":"2024-11-22T06:43:37+00:00","author":"galledia","twitter_card":"summary_large_image","twitter_creator":"@admin","schema":{"@context":"https:\/\/schema.org","@graph":[{"@type":"Article","@id":"https:\/\/www.organisator.ch\/operational-excellence\/2022-09-01\/fuer-investoren-medtech-und-services-sektor-wird-seinem-ruf-gerecht\/#article","isPartOf":{"@id":"https:\/\/www.organisator.ch\/operational-excellence\/2022-09-01\/fuer-investoren-medtech-und-services-sektor-wird-seinem-ruf-gerecht\/"},"author":{"name":"galledia","@id":"https:\/\/www.organisator.ch\/#\/schema\/person\/4e51799071cd2dd1232ac003643ef5f0"},"headline":"F\u00fcr Investoren: Medtech-und-Services-Sektor wird seinem Ruf gerecht","datePublished":"2022-09-01T09:57:22+00:00","dateModified":"2024-11-22T06:43:37+00:00","mainEntityOfPage":{"@id":"https:\/\/www.organisator.ch\/operational-excellence\/2022-09-01\/fuer-investoren-medtech-und-services-sektor-wird-seinem-ruf-gerecht\/"},"wordCount":673,"publisher":{"@id":"https:\/\/www.organisator.ch\/#organization"},"image":{"@id":"https:\/\/www.organisator.ch\/operational-excellence\/2022-09-01\/fuer-investoren-medtech-und-services-sektor-wird-seinem-ruf-gerecht\/#primaryimage"},"thumbnailUrl":"https:\/\/www.m-q.ch\/wp-content\/uploads\/2022\/09\/Fuer-Investoren-Medtech-und-Services-Sektor-wird-seinem-Ruf-gerecht_MQ.jpg","articleSection":["OPERATIONAL EXCELLENCE"],"inLanguage":"fr-FR"},{"@type":"WebPage","@id":"https:\/\/www.organisator.ch\/operational-excellence\/2022-09-01\/fuer-investoren-medtech-und-services-sektor-wird-seinem-ruf-gerecht\/","url":"https:\/\/www.organisator.ch\/operational-excellence\/2022-09-01\/fuer-investoren-medtech-und-services-sektor-wird-seinem-ruf-gerecht\/","name":"Pour les investisseurs : le secteur des technologies m\u00e9dicales et des services est \u00e0 la hauteur de sa r\u00e9putation - Organisateur","isPartOf":{"@id":"https:\/\/www.organisator.ch\/#website"},"primaryImageOfPage":{"@id":"https:\/\/www.organisator.ch\/operational-excellence\/2022-09-01\/fuer-investoren-medtech-und-services-sektor-wird-seinem-ruf-gerecht\/#primaryimage"},"image":{"@id":"https:\/\/www.organisator.ch\/operational-excellence\/2022-09-01\/fuer-investoren-medtech-und-services-sektor-wird-seinem-ruf-gerecht\/#primaryimage"},"thumbnailUrl":"https:\/\/www.m-q.ch\/wp-content\/uploads\/2022\/09\/Fuer-Investoren-Medtech-und-Services-Sektor-wird-seinem-Ruf-gerecht_MQ.jpg","datePublished":"2022-09-01T09:57:22+00:00","dateModified":"2024-11-22T06:43:37+00:00","description":"Secteur de la technologie m\u00e9dicale : \u00e9volution positive malgr\u00e9 la crise \u00e9conomique. Opportunit\u00e9s d'investissement attrayantes gr\u00e2ce \u00e0 une forte capacit\u00e9 d'innovation.","breadcrumb":{"@id":"https:\/\/www.organisator.ch\/operational-excellence\/2022-09-01\/fuer-investoren-medtech-und-services-sektor-wird-seinem-ruf-gerecht\/#breadcrumb"},"inLanguage":"fr-FR","potentialAction":[{"@type":"ReadAction","target":["https:\/\/www.organisator.ch\/operational-excellence\/2022-09-01\/fuer-investoren-medtech-und-services-sektor-wird-seinem-ruf-gerecht\/"]}]},{"@type":"ImageObject","inLanguage":"fr-FR","@id":"https:\/\/www.organisator.ch\/operational-excellence\/2022-09-01\/fuer-investoren-medtech-und-services-sektor-wird-seinem-ruf-gerecht\/#primaryimage","url":"https:\/\/www.m-q.ch\/wp-content\/uploads\/2022\/09\/Fuer-Investoren-Medtech-und-Services-Sektor-wird-seinem-Ruf-gerecht_MQ.jpg","contentUrl":"https:\/\/www.m-q.ch\/wp-content\/uploads\/2022\/09\/Fuer-Investoren-Medtech-und-Services-Sektor-wird-seinem-Ruf-gerecht_MQ.jpg"},{"@type":"BreadcrumbList","@id":"https:\/\/www.organisator.ch\/operational-excellence\/2022-09-01\/fuer-investoren-medtech-und-services-sektor-wird-seinem-ruf-gerecht\/#breadcrumb","itemListElement":[{"@type":"ListItem","position":1,"name":"Home","item":"https:\/\/www.organisator.ch\/"},{"@type":"ListItem","position":2,"name":"F\u00fcr Investoren: Medtech-und-Services-Sektor wird seinem Ruf gerecht"}]},{"@type":"WebSite","@id":"https:\/\/www.organisator.ch\/#website","url":"https:\/\/www.organisator.ch\/","name":"Organisateur","description":"Comp\u00e9tence et comp\u00e9tence. Proches de la pratique. L'ORGANISATEUR pr\u00e9pare 10 num\u00e9ros par an sur les th\u00e8mes essentiels pour les dirigeants de PME.","publisher":{"@id":"https:\/\/www.organisator.ch\/#organization"},"potentialAction":[{"@type":"SearchAction","target":{"@type":"EntryPoint","urlTemplate":"https:\/\/www.organisator.ch\/?s={search_term_string}"},"query-input":{"@type":"PropertyValueSpecification","valueRequired":true,"valueName":"search_term_string"}}],"inLanguage":"fr-FR"},{"@type":"Organization","@id":"https:\/\/www.organisator.ch\/#organization","name":"Organisateur","url":"https:\/\/www.organisator.ch\/","logo":{"@type":"ImageObject","inLanguage":"fr-FR","@id":"https:\/\/www.organisator.ch\/#\/schema\/logo\/image\/","url":"https:\/\/www.organisator.ch\/wp-content\/uploads\/2022\/01\/Logo_Organisator_Website.png","contentUrl":"https:\/\/www.organisator.ch\/wp-content\/uploads\/2022\/01\/Logo_Organisator_Website.png","width":800,"height":77,"caption":"Organisator"},"image":{"@id":"https:\/\/www.organisator.ch\/#\/schema\/logo\/image\/"},"sameAs":["https:\/\/www.facebook.com\/OrganisatorFachmagazin","https:\/\/www.linkedin.com\/showcase\/organisator-das-magazin-fr-kmu","https:\/\/www.xing.com\/news\/pages\/organisator-ch-695","https:\/\/www.youtube.com\/channel\/UCGP2Sq0iWaZwT3BdIAQFYpw"]},{"@type":"Person","@id":"https:\/\/www.organisator.ch\/#\/schema\/person\/4e51799071cd2dd1232ac003643ef5f0","name":"galledia","image":{"@type":"ImageObject","inLanguage":"fr-FR","@id":"https:\/\/secure.gravatar.com\/avatar\/78a7f90c01fc2bfc875782a0d4922b37cde2cf184ce347b91316d23cd7f69a36?s=96&d=mm&r=g","url":"https:\/\/secure.gravatar.com\/avatar\/78a7f90c01fc2bfc875782a0d4922b37cde2cf184ce347b91316d23cd7f69a36?s=96&d=mm&r=g","contentUrl":"https:\/\/secure.gravatar.com\/avatar\/78a7f90c01fc2bfc875782a0d4922b37cde2cf184ce347b91316d23cd7f69a36?s=96&d=mm&r=g","caption":"galledia"},"sameAs":["https:\/\/x.com\/admin"],"url":"https:\/\/www.organisator.ch\/fr\/author\/galledia\/"}]}},"_links":{"self":[{"href":"https:\/\/www.organisator.ch\/fr\/wp-json\/wp\/v2\/posts\/16775","targetHints":{"allow":["GET"]}}],"collection":[{"href":"https:\/\/www.organisator.ch\/fr\/wp-json\/wp\/v2\/posts"}],"about":[{"href":"https:\/\/www.organisator.ch\/fr\/wp-json\/wp\/v2\/types\/post"}],"author":[{"embeddable":true,"href":"https:\/\/www.organisator.ch\/fr\/wp-json\/wp\/v2\/users\/8"}],"replies":[{"embeddable":true,"href":"https:\/\/www.organisator.ch\/fr\/wp-json\/wp\/v2\/comments?post=16775"}],"version-history":[{"count":4,"href":"https:\/\/www.organisator.ch\/fr\/wp-json\/wp\/v2\/posts\/16775\/revisions"}],"predecessor-version":[{"id":33842,"href":"https:\/\/www.organisator.ch\/fr\/wp-json\/wp\/v2\/posts\/16775\/revisions\/33842"}],"wp:attachment":[{"href":"https:\/\/www.organisator.ch\/fr\/wp-json\/wp\/v2\/media?parent=16775"}],"wp:term":[{"taxonomy":"category","embeddable":true,"href":"https:\/\/www.organisator.ch\/fr\/wp-json\/wp\/v2\/categories?post=16775"},{"taxonomy":"post_tag","embeddable":true,"href":"https:\/\/www.organisator.ch\/fr\/wp-json\/wp\/v2\/tags?post=16775"}],"curies":[{"name":"wp","href":"https:\/\/api.w.org\/{rel}","templated":true}]}}