{"id":16811,"date":"2022-09-05T08:15:00","date_gmt":"2022-09-05T06:15:00","guid":{"rendered":"https:\/\/www.organisator.ch\/?p=16811"},"modified":"2022-09-05T08:15:00","modified_gmt":"2022-09-05T06:15:00","slug":"mem-industrie-bonne-situation-economique-mais-combien-de-temps-encore","status":"publish","type":"post","link":"https:\/\/www.organisator.ch\/fr\/management\/2022-09-05\/mem-industrie-gute-geschaeftslage-aber-wie-lange-noch\/","title":{"rendered":"Industrie MEM : Bonne situation des affaires - mais pour combien de temps encore ?"},"content":{"rendered":"<figure id=\"attachment_16812\" aria-describedby=\"caption-attachment-16812\" style=\"width: 680px\" class=\"wp-caption alignnone\"><img loading=\"lazy\" decoding=\"async\" class=\"size-full wp-image-16812\" src=\"https:\/\/www.organisator.ch\/wp-content\/uploads\/2022\/09\/MEM-Industrie-Gute-Geschaftslage-aber-wie-lange-noch_Organisator.jpg\" alt=\"\" width=\"680\" height=\"454\" srcset=\"https:\/\/www.organisator.ch\/wp-content\/uploads\/2022\/09\/MEM-Industrie-Gute-Geschaftslage-aber-wie-lange-noch_Organisator.jpg 680w, https:\/\/www.organisator.ch\/wp-content\/uploads\/2022\/09\/MEM-Industrie-Gute-Geschaftslage-aber-wie-lange-noch_Organisator-18x12.jpg 18w, https:\/\/www.organisator.ch\/wp-content\/uploads\/2022\/09\/MEM-Industrie-Gute-Geschaftslage-aber-wie-lange-noch_Organisator-262x175.jpg 262w, https:\/\/www.organisator.ch\/wp-content\/uploads\/2022\/09\/MEM-Industrie-Gute-Geschaftslage-aber-wie-lange-noch_Organisator-524x350.jpg 524w, https:\/\/www.organisator.ch\/wp-content\/uploads\/2022\/09\/MEM-Industrie-Gute-Geschaftslage-aber-wie-lange-noch_Organisator-300x200.jpg 300w\" sizes=\"auto, (max-width: 680px) 100vw, 680px\" \/><figcaption id=\"caption-attachment-16812\" class=\"wp-caption-text\">Les commandes de l'industrie MEM suisse sont bonnes, mais des nuages noirs menacent \u00e0 l'horizon. (Image : Pixabay.com)<\/figcaption><\/figure>\n<p>Selon Swissmem, les entr\u00e9es de commandes dans l'industrie MEM suisse ont augment\u00e9 de 10,1% au premier semestre 2022 par rapport \u00e0 la m\u00eame p\u00e9riode de l'ann\u00e9e pr\u00e9c\u00e9dente. Apr\u00e8s six trimestres de taux de croissance positifs, le volume des commandes se situe d\u00e9sormais 30 pour cent au-dessus du niveau d'avant la crise (T4\/2019), indique l'association fa\u00eeti\u00e8re de la branche. Selon Swissmem, la dynamique de croissance a toutefois diminu\u00e9 au deuxi\u00e8me trimestre 2022. Le tableau est similaire pour les chiffres d'affaires. Ceux-ci ont augment\u00e9 de 12,1% par rapport au premier semestre 2021. En raison du niveau \u00e9lev\u00e9 des carnets de commandes, les chiffres d'affaires devraient continuer \u00e0 augmenter au deuxi\u00e8me semestre. Tant les PME que les grandes entreprises profitent de cette \u00e9volution positive des affaires.<\/p>\n<h3>L'industrie MEM avec des exportations en hausse et un taux d'utilisation des capacit\u00e9s \u00e9lev\u00e9<\/h3>\n<p>Le bilan semestriel de l'industrie MEM fait \u00e9galement \u00e9tat d'un taux \u00e9lev\u00e9 d'utilisation des capacit\u00e9s dans les entreprises : il a atteint 90,3 pour cent au deuxi\u00e8me trimestre 2022. Selon la derni\u00e8re enqu\u00eate du KOF, elle a baiss\u00e9 \u00e0 89,5 pour cent en juillet. Il reste toutefois nettement sup\u00e9rieur \u00e0 la moyenne \u00e0 long terme de 86,2 pour cent. En ce qui concerne l'emploi, on ne dispose pas encore de chiffres semestriels. Au premier trimestre 2022, 320 900 personnes travaillaient dans la branche MEM. Cela repr\u00e9sente 2,4 pour cent de plus qu'au m\u00eame trimestre de l'ann\u00e9e pr\u00e9c\u00e9dente. En outre, le nombre de postes vacants dans les entreprises membres de Swissmem a augment\u00e9 de 32 pour cent en un an.<\/p>\n<p>Les exportations de biens de l'industrie MEM ont atteint une valeur de 36,5 milliards de francs au premier semestre 2022. Cette valeur est sup\u00e9rieure de +9,0% \u00e0 celle de la m\u00eame p\u00e9riode de l'ann\u00e9e pr\u00e9c\u00e9dente. La branche MEM a export\u00e9 davantage vers tous les march\u00e9s principaux (Asie +14,1%, UE +8,5% \/ USA +7,5%). Tous les groupes de produits ont vu leurs exportations augmenter. Les exportations de m\u00e9taux ont augment\u00e9 de +13,3%, celles d'\u00e9lectrotechnique\/\u00e9lectronique de +8,9%, celles d'instruments de pr\u00e9cision de +7,6% et celles de machines de +7,4%.<\/p>\n<h3><strong>Des nuages sombres \u00e0 l'horizon<\/strong><\/h3>\n<p>Stefan Brupbacher, directeur de Swissmem, d\u00e9clare : \"L'\u00e9volution des commandes et du chiffre d'affaires dans notre branche est r\u00e9jouissante. Ce n'est toutefois qu'une moiti\u00e9 de la v\u00e9rit\u00e9. Les probl\u00e8mes de livraison et surtout la forte hausse des prix de l'\u00e9nergie et des mati\u00e8res premi\u00e8res ont consid\u00e9rablement augment\u00e9 les co\u00fbts de production. Toutes les entreprises ne peuvent pas, loin s'en faut, r\u00e9percuter rapidement cette hausse des co\u00fbts sur leurs clients. L'explosion des co\u00fbts \u00e9nerg\u00e9tiques, en particulier, menace l'existence de certaines entreprises\".<\/p>\n<p>Le moral des entreprises membres de Swissmem s'est g\u00e9n\u00e9ralement assombri. Pour les douze prochains mois, 30 pour cent des entrepreneurs s'attendent \u00e0 une baisse des commandes de l'\u00e9tranger. Cela repr\u00e9sente 12 points de pourcentage de plus que lors de l'enqu\u00eate du premier trimestre 2022. La part de ceux qui s'attendent \u00e0 des commandes plus \u00e9lev\u00e9es a diminu\u00e9 de 35% \u00e0 29%. Le niveau de l'indice des directeurs d'achat (PMI) de l'industrie refl\u00e8te cette d\u00e9t\u00e9rioration. Dans la zone euro, le principal march\u00e9 de l'industrie suisse, le PMI est pass\u00e9 en juillet 2022 sous le seuil de croissance pour la premi\u00e8re fois depuis la mi-2020.<\/p>\n<h3><strong>Grande incertitude sur l'approvisionnement en \u00e9nergie<\/strong><\/h3>\n<p>L'industrie MEM est pr\u00e9occup\u00e9e par la menace de p\u00e9nurie d'\u00e9nergie. Pour ses processus de production, l'industrie d\u00e9pend de mani\u00e8re existentielle d'un approvisionnement en \u00e9nergie sans interruptions. Seule une partie des entreprises MEM est en mesure de faire face \u00e0 d'\u00e9ventuelles interruptions gr\u00e2ce \u00e0 une planification flexible de la production. Les entreprises dont les processus de production n\u00e9cessitent des temp\u00e9ratures \u00e9lev\u00e9es d\u00e9pendent en revanche imp\u00e9rativement d'un approvisionnement sans interruptions. Si celle-ci venait \u00e0 dispara\u00eetre, elles devraient arr\u00eater compl\u00e8tement leur production. Martin Hirzel, pr\u00e9sident de Swissmem, met en garde : \"Il faut absolument \u00e9viter une p\u00e9nurie d'\u00e9lectricit\u00e9 ou de gaz. Dans l'industrie, elle mettrait en danger les entreprises et leurs emplois\". C'est pourquoi les entreprises industrielles qui d\u00e9pendent techniquement d'un approvisionnement en \u00e9nergie sans interruption doivent \u00eatre exclues d'un \u00e9ventuel rationnement du gaz\/de l'\u00e9lectricit\u00e9.<\/p>\n<p><a href=\"https:\/\/www.organisator.ch\/de\/sustainability\/2022-09-01\/energiesparen-im-unternehmen-tipps-fuer-die-praxis\/\">Que la Conf\u00e9d\u00e9ration essaie<\/a>Swissmem a pris connaissance de mani\u00e8re positive de l'intention de Swissmem de mettre en place d\u00e8s cet hiver des capacit\u00e9s de r\u00e9serve consid\u00e9rables pour la production d'\u00e9lectricit\u00e9. L'association estime toutefois que cela ne devrait pas suffire et propose donc les mesures suivantes :<\/p>\n<ol>\n<li><strong>\u00c9conomiser de l'\u00e9nergie d\u00e8s maintenant.<\/strong> Il faut ici une solidarit\u00e9 nationale entre les entreprises, l'administration et la population. La temp\u00e9rature dans les logements, les bureaux, les ateliers de production, les mus\u00e9es et les centres commerciaux ne doit plus d\u00e9passer 19 degr\u00e9s pendant la p\u00e9riode de chauffage. La perte de confort qui en d\u00e9coule est acceptable si cela permet de pr\u00e9server les entreprises et leurs emplois.<\/li>\n<li><strong>Solutions pour les entreprises menac\u00e9es :<\/strong> L'explosion des prix de l'\u00e9lectricit\u00e9 constitue une menace existentielle pour de nombreuses entreprises de production. Les entreprises se sont retrouv\u00e9es dans cette situation extraordinaire sans en \u00eatre responsables. Les producteurs d'\u00e9lectricit\u00e9, respectivement les pouvoirs publics en tant que leurs propri\u00e9taires et les consommateurs industriels, doivent donc chercher ensemble des solutions pour d\u00e9samorcer la situation.<\/li>\n<li><strong>Exploitation d'installations bicombustibles Passer du gaz au mazout.<\/strong> Swissmem estime que cela permettrait d'\u00e9conomiser jusqu'\u00e0 20 pour cent de la consommation annuelle de gaz. Les entreprises qui, pour cette raison, ont sign\u00e9 leurs conventions d'objectifs pour la r\u00e9duction des \u00e9missions de CO<sub>2<\/sub>-ne doivent pas \u00eatre d\u00e9savantag\u00e9es, conform\u00e9ment \u00e0 l'intention du Conseil f\u00e9d\u00e9ral. Cette mesure doit \u00eatre mise en \u0153uvre rapidement. Toutefois, l'utilisation du mazout peut entra\u00eener des co\u00fbts suppl\u00e9mentaires. D'autres mesures sont donc n\u00e9cessaires pour pouvoir exploiter tout le potentiel d'\u00e9conomie.<\/li>\n<li><strong>Cr\u00e9er des incitations cibl\u00e9es.<\/strong> Pour pouvoir augmenter la production d'\u00e9lectricit\u00e9 \u00e0 court terme, il faut des incitations pour les propri\u00e9taires de centrales de r\u00e9serve et de groupes \u00e9lectrog\u00e8nes de secours. Il est tout aussi important de pr\u00e9voir des incitations pour motiver les entreprises \u00e0 forte consommation d'\u00e9nergie \u00e0 renoncer temporairement \u00e0 leur consommation d'\u00e9lectricit\u00e9.<\/li>\n<li><strong>Production la nuit ou le week-end.<\/strong> En cas de p\u00e9nurie, il faut briser les pics de consommation d'\u00e9lectricit\u00e9 et de gaz. L'industrie peut apporter sa contribution en d\u00e9pla\u00e7ant la production vers la nuit ou le dimanche. Pour cela, il faut que les autorit\u00e9s d\u00e9livrent des autorisations de mani\u00e8re simple et non bureaucratique.<\/li>\n<\/ol>\n<p>En outre, selon Swissmem, la Suisse ne doit pas manquer de veiller \u00e0 un approvisionnement \u00e9nerg\u00e9tique s\u00fbr et durable \u00e0 moyen et long terme. L'association fa\u00eeti\u00e8re de l'industrie MEM suisse exige donc une adaptation de la strat\u00e9gie \u00e9nerg\u00e9tique 2050 : \"La situation actuelle montre clairement qu'il n'est pas possible d'abandonner simultan\u00e9ment les sources d'\u00e9nergie nucl\u00e9aires et fossiles. L'intention de la Conf\u00e9d\u00e9ration de construire d'ici 2025 deux \u00e0 trois centrales \u00e0 gaz d'une puissance totale allant jusqu'\u00e0 1000 m\u00e9gawatts est un pas dans la bonne direction\", \u00e9crit Swissmem \u00e0 ce sujet. Il faut en outre une simplification des proc\u00e9dures d'autorisation. Martin Hirzel, pr\u00e9sident de Swissmem, exige : \"Les 15 projets hydro\u00e9lectriques d\u00e9sign\u00e9s par la table ronde en d\u00e9cembre dernier doivent \u00eatre r\u00e9alis\u00e9s le plus rapidement possible. La Suisse ne peut plus se permettre des retards de plusieurs ann\u00e9es dans les projets de centrales\". Avec un projet de loi limitant les possibilit\u00e9s d'opposition \u00e0 ces projets et rationalisant les proc\u00e9dures, le peuple pourrait d\u00e9j\u00e0 se prononcer \u00e0 ce sujet fin 2023 lors d'un \u00e9ventuel r\u00e9f\u00e9rendum.<\/p>\n<p><em>Source : <a href=\"http:\/\/www.swissmem.ch\">Swissmem<\/a><\/em><\/p>","protected":false},"excerpt":{"rendered":"<p>Gem\u00e4ss Swissmem nahmen im ersten Halbjahr 2022 die Auftragseing\u00e4nge in der Schweizer MEM-Industrie gegen\u00fcber der Vorjahresperiode um 10,1 Prozent zu. Das Auftragsvolumen liege nach sechs Quartalen mit positiven Wachstumsraten nun 30 Prozent \u00fcber dem Vorkrisenniveau (Q4\/2019), teilt der Branchen-Dachverband mit. Die Wachstumsdynamik hat laut Swissmem jedoch im zweiten Quartal 2022 abgenommen. Ein \u00e4hnliches Bild zeigt [&hellip;]<\/p>\n","protected":false},"author":4,"featured_media":16812,"comment_status":"closed","ping_status":"closed","sticky":false,"template":"","format":"standard","meta":{"_acf_changed":false,"_yoast_wpseo_focuskw":"MEM-Industrie","_yoast_wpseo_metadesc":"Die Schweizer MEM-Industrie konnte im ersten Halbjahr 2022 ihr Wachstum fortsetzen. Doch neben der erfreulichen Auftragslage drohen Risiken.","articlekey":"","footnotes":""},"categories":[28],"tags":[310,335,2712,531],"class_list":["post-16811","post","type-post","status-publish","format-standard","has-post-thumbnail","hentry","category-management","tag-konjunktur","tag-management-und-unternehmensfuehrung","tag-mem-branche","tag-wirtschaftspolitik"],"acf":[],"yoast_head":"<!-- This site is optimized with the Yoast SEO plugin v27.5 - https:\/\/yoast.com\/product\/yoast-seo-wordpress\/ -->\n<title>MEM-Industrie: Gute Gesch\u00e4ftslage - aber wie lange noch? - Organisator<\/title>\n<meta name=\"description\" content=\"Die Schweizer MEM-Industrie konnte im ersten Halbjahr 2022 ihr Wachstum fortsetzen. Doch neben der erfreulichen Auftragslage drohen Risiken.\" \/>\n<meta name=\"robots\" content=\"index, follow, max-snippet:-1, max-image-preview:large, max-video-preview:-1\" \/>\n<link rel=\"canonical\" href=\"https:\/\/www.organisator.ch\/fr\/gestion-2\/2022-09-05\/mem-industrie-bonne-situation-economique-mais-combien-de-temps-encore\/\" \/>\n<meta property=\"og:locale\" content=\"fr_FR\" \/>\n<meta property=\"og:type\" content=\"article\" \/>\n<meta property=\"og:title\" content=\"MEM-Industrie: Gute Gesch\u00e4ftslage - aber wie lange noch?\" \/>\n<meta property=\"og:description\" content=\"Die Schweizer MEM-Industrie konnte im ersten Halbjahr 2022 ihr Wachstum fortsetzen. Doch neben der erfreulichen Auftragslage drohen Risiken.\" \/>\n<meta property=\"og:url\" content=\"https:\/\/www.organisator.ch\/fr\/gestion-2\/2022-09-05\/mem-industrie-bonne-situation-economique-mais-combien-de-temps-encore\/\" \/>\n<meta property=\"og:site_name\" content=\"Organisator\" \/>\n<meta property=\"article:publisher\" content=\"https:\/\/www.facebook.com\/OrganisatorFachmagazin\" \/>\n<meta property=\"article:published_time\" content=\"2022-09-05T06:15:00+00:00\" \/>\n<meta property=\"og:image\" content=\"https:\/\/www.organisator.ch\/wp-content\/uploads\/2022\/09\/MEM-Industrie-Gute-Geschaftslage-aber-wie-lange-noch_Organisator.jpg\" \/>\n\t<meta property=\"og:image:width\" content=\"680\" \/>\n\t<meta property=\"og:image:height\" content=\"454\" \/>\n\t<meta property=\"og:image:type\" content=\"image\/jpeg\" \/>\n<meta name=\"author\" content=\"thomas.berner\" \/>\n<meta name=\"twitter:card\" content=\"summary_large_image\" \/>\n<meta name=\"twitter:title\" content=\"#MEM-Industrie: Gute #Gesch\u00e4ftslage - aber wie lange noch?\" \/>\n<meta name=\"twitter:description\" content=\"Die Schweizer #MEM-Industrie konnte im ersten Halbjahr 2022 ihr #Wachstum fortsetzen. Doch neben der erfreulichen #Auftragslage drohen Risiken.\" \/>\n<meta name=\"twitter:image\" content=\"https:\/\/www.organisator.ch\/wp-content\/uploads\/2022\/09\/MEM-Industrie-Gute-Geschaftslage-aber-wie-lange-noch_Organisator.jpg\" \/>\n<script type=\"application\/ld+json\" class=\"yoast-schema-graph\">{\"@context\":\"https:\\\/\\\/schema.org\",\"@graph\":[{\"@type\":\"Article\",\"@id\":\"https:\\\/\\\/www.organisator.ch\\\/management\\\/2022-09-05\\\/mem-industrie-gute-geschaeftslage-aber-wie-lange-noch\\\/#article\",\"isPartOf\":{\"@id\":\"https:\\\/\\\/www.organisator.ch\\\/management\\\/2022-09-05\\\/mem-industrie-gute-geschaeftslage-aber-wie-lange-noch\\\/\"},\"author\":{\"name\":\"thomas.berner\",\"@id\":\"https:\\\/\\\/www.organisator.ch\\\/#\\\/schema\\\/person\\\/6f650f90b2842cd4c0cc334b4e36f67e\"},\"headline\":\"MEM-Industrie: Gute Gesch\u00e4ftslage &#8211; aber wie lange noch?\",\"datePublished\":\"2022-09-05T06:15:00+00:00\",\"mainEntityOfPage\":{\"@id\":\"https:\\\/\\\/www.organisator.ch\\\/management\\\/2022-09-05\\\/mem-industrie-gute-geschaeftslage-aber-wie-lange-noch\\\/\"},\"wordCount\":1036,\"publisher\":{\"@id\":\"https:\\\/\\\/www.organisator.ch\\\/#organization\"},\"image\":{\"@id\":\"https:\\\/\\\/www.organisator.ch\\\/management\\\/2022-09-05\\\/mem-industrie-gute-geschaeftslage-aber-wie-lange-noch\\\/#primaryimage\"},\"thumbnailUrl\":\"https:\\\/\\\/www.organisator.ch\\\/wp-content\\\/uploads\\\/2022\\\/09\\\/MEM-Industrie-Gute-Geschaftslage-aber-wie-lange-noch_Organisator.jpg\",\"keywords\":[\"Konjunktur\",\"Management und Unternehmensf\u00fchrung\",\"MEM-Branche\",\"Wirtschaftspolitik\"],\"articleSection\":[\"MANAGEMENT\"],\"inLanguage\":\"fr-FR\"},{\"@type\":\"WebPage\",\"@id\":\"https:\\\/\\\/www.organisator.ch\\\/management\\\/2022-09-05\\\/mem-industrie-gute-geschaeftslage-aber-wie-lange-noch\\\/\",\"url\":\"https:\\\/\\\/www.organisator.ch\\\/management\\\/2022-09-05\\\/mem-industrie-gute-geschaeftslage-aber-wie-lange-noch\\\/\",\"name\":\"MEM-Industrie: Gute Gesch\u00e4ftslage - aber wie lange noch? - Organisator\",\"isPartOf\":{\"@id\":\"https:\\\/\\\/www.organisator.ch\\\/#website\"},\"primaryImageOfPage\":{\"@id\":\"https:\\\/\\\/www.organisator.ch\\\/management\\\/2022-09-05\\\/mem-industrie-gute-geschaeftslage-aber-wie-lange-noch\\\/#primaryimage\"},\"image\":{\"@id\":\"https:\\\/\\\/www.organisator.ch\\\/management\\\/2022-09-05\\\/mem-industrie-gute-geschaeftslage-aber-wie-lange-noch\\\/#primaryimage\"},\"thumbnailUrl\":\"https:\\\/\\\/www.organisator.ch\\\/wp-content\\\/uploads\\\/2022\\\/09\\\/MEM-Industrie-Gute-Geschaftslage-aber-wie-lange-noch_Organisator.jpg\",\"datePublished\":\"2022-09-05T06:15:00+00:00\",\"description\":\"Die Schweizer MEM-Industrie konnte im ersten Halbjahr 2022 ihr Wachstum fortsetzen. Doch neben der erfreulichen Auftragslage drohen Risiken.\",\"breadcrumb\":{\"@id\":\"https:\\\/\\\/www.organisator.ch\\\/management\\\/2022-09-05\\\/mem-industrie-gute-geschaeftslage-aber-wie-lange-noch\\\/#breadcrumb\"},\"inLanguage\":\"fr-FR\",\"potentialAction\":[{\"@type\":\"ReadAction\",\"target\":[\"https:\\\/\\\/www.organisator.ch\\\/management\\\/2022-09-05\\\/mem-industrie-gute-geschaeftslage-aber-wie-lange-noch\\\/\"]}]},{\"@type\":\"ImageObject\",\"inLanguage\":\"fr-FR\",\"@id\":\"https:\\\/\\\/www.organisator.ch\\\/management\\\/2022-09-05\\\/mem-industrie-gute-geschaeftslage-aber-wie-lange-noch\\\/#primaryimage\",\"url\":\"https:\\\/\\\/www.organisator.ch\\\/wp-content\\\/uploads\\\/2022\\\/09\\\/MEM-Industrie-Gute-Geschaftslage-aber-wie-lange-noch_Organisator.jpg\",\"contentUrl\":\"https:\\\/\\\/www.organisator.ch\\\/wp-content\\\/uploads\\\/2022\\\/09\\\/MEM-Industrie-Gute-Geschaftslage-aber-wie-lange-noch_Organisator.jpg\",\"width\":680,\"height\":454,\"caption\":\"Die Auftragslage der Schweizer MEM-Industrie ist gut, doch es drohen dunkle Wolken am Horizont. (Bild: Pixabay.com)\"},{\"@type\":\"BreadcrumbList\",\"@id\":\"https:\\\/\\\/www.organisator.ch\\\/management\\\/2022-09-05\\\/mem-industrie-gute-geschaeftslage-aber-wie-lange-noch\\\/#breadcrumb\",\"itemListElement\":[{\"@type\":\"ListItem\",\"position\":1,\"name\":\"Home\",\"item\":\"https:\\\/\\\/www.organisator.ch\\\/\"},{\"@type\":\"ListItem\",\"position\":2,\"name\":\"MEM-Industrie: Gute Gesch\u00e4ftslage &#8211; aber wie lange noch?\"}]},{\"@type\":\"WebSite\",\"@id\":\"https:\\\/\\\/www.organisator.ch\\\/#website\",\"url\":\"https:\\\/\\\/www.organisator.ch\\\/\",\"name\":\"Organisator\",\"description\":\"Kompetent. Praxisnah. Der ORGANISATOR bereitet in 10 Ausgaben pro Jahr die wesentlichen Themen f\u00fcr F\u00fchrungskr\u00e4fte von KMU auf.\",\"publisher\":{\"@id\":\"https:\\\/\\\/www.organisator.ch\\\/#organization\"},\"potentialAction\":[{\"@type\":\"SearchAction\",\"target\":{\"@type\":\"EntryPoint\",\"urlTemplate\":\"https:\\\/\\\/www.organisator.ch\\\/?s={search_term_string}\"},\"query-input\":{\"@type\":\"PropertyValueSpecification\",\"valueRequired\":true,\"valueName\":\"search_term_string\"}}],\"inLanguage\":\"fr-FR\"},{\"@type\":\"Organization\",\"@id\":\"https:\\\/\\\/www.organisator.ch\\\/#organization\",\"name\":\"Organisator\",\"url\":\"https:\\\/\\\/www.organisator.ch\\\/\",\"logo\":{\"@type\":\"ImageObject\",\"inLanguage\":\"fr-FR\",\"@id\":\"https:\\\/\\\/www.organisator.ch\\\/#\\\/schema\\\/logo\\\/image\\\/\",\"url\":\"https:\\\/\\\/www.organisator.ch\\\/wp-content\\\/uploads\\\/2022\\\/01\\\/Logo_Organisator_Website.png\",\"contentUrl\":\"https:\\\/\\\/www.organisator.ch\\\/wp-content\\\/uploads\\\/2022\\\/01\\\/Logo_Organisator_Website.png\",\"width\":800,\"height\":77,\"caption\":\"Organisator\"},\"image\":{\"@id\":\"https:\\\/\\\/www.organisator.ch\\\/#\\\/schema\\\/logo\\\/image\\\/\"},\"sameAs\":[\"https:\\\/\\\/www.facebook.com\\\/OrganisatorFachmagazin\",\"https:\\\/\\\/www.linkedin.com\\\/showcase\\\/organisator-das-magazin-fr-kmu\",\"https:\\\/\\\/www.xing.com\\\/news\\\/pages\\\/organisator-ch-695\",\"https:\\\/\\\/www.youtube.com\\\/channel\\\/UCGP2Sq0iWaZwT3BdIAQFYpw\"]},{\"@type\":\"Person\",\"@id\":\"https:\\\/\\\/www.organisator.ch\\\/#\\\/schema\\\/person\\\/6f650f90b2842cd4c0cc334b4e36f67e\",\"name\":\"thomas.berner\",\"image\":{\"@type\":\"ImageObject\",\"inLanguage\":\"fr-FR\",\"@id\":\"https:\\\/\\\/secure.gravatar.com\\\/avatar\\\/ac5001d2a36cb6c6cd3e50789007ffca834b477b74a2144564522e944eabff61?s=96&d=mm&r=g\",\"url\":\"https:\\\/\\\/secure.gravatar.com\\\/avatar\\\/ac5001d2a36cb6c6cd3e50789007ffca834b477b74a2144564522e944eabff61?s=96&d=mm&r=g\",\"contentUrl\":\"https:\\\/\\\/secure.gravatar.com\\\/avatar\\\/ac5001d2a36cb6c6cd3e50789007ffca834b477b74a2144564522e944eabff61?s=96&d=mm&r=g\",\"caption\":\"thomas.berner\"},\"url\":\"https:\\\/\\\/www.organisator.ch\\\/fr\\\/author\\\/thomas-berner\\\/\"}]}<\/script>\n<!-- \/ Yoast SEO plugin. -->","yoast_head_json":{"title":"Industrie MEM : Bonne situation commerciale - mais pour combien de temps encore ? - Organisateur","description":"L'industrie MEM suisse a pu poursuivre sa croissance au premier semestre 2022. Mais, outre les commandes r\u00e9jouissantes, des risques menacent.","robots":{"index":"index","follow":"follow","max-snippet":"max-snippet:-1","max-image-preview":"max-image-preview:large","max-video-preview":"max-video-preview:-1"},"canonical":"https:\/\/www.organisator.ch\/fr\/gestion-2\/2022-09-05\/mem-industrie-bonne-situation-economique-mais-combien-de-temps-encore\/","og_locale":"fr_FR","og_type":"article","og_title":"MEM-Industrie: Gute Gesch\u00e4ftslage - aber wie lange noch?","og_description":"Die Schweizer MEM-Industrie konnte im ersten Halbjahr 2022 ihr Wachstum fortsetzen. Doch neben der erfreulichen Auftragslage drohen Risiken.","og_url":"https:\/\/www.organisator.ch\/fr\/gestion-2\/2022-09-05\/mem-industrie-bonne-situation-economique-mais-combien-de-temps-encore\/","og_site_name":"Organisator","article_publisher":"https:\/\/www.facebook.com\/OrganisatorFachmagazin","article_published_time":"2022-09-05T06:15:00+00:00","og_image":[{"width":680,"height":454,"url":"https:\/\/www.organisator.ch\/wp-content\/uploads\/2022\/09\/MEM-Industrie-Gute-Geschaftslage-aber-wie-lange-noch_Organisator.jpg","type":"image\/jpeg"}],"author":"thomas.berner","twitter_card":"summary_large_image","twitter_title":"#MEM-Industrie: Gute #Gesch\u00e4ftslage - aber wie lange noch?","twitter_description":"Die Schweizer #MEM-Industrie konnte im ersten Halbjahr 2022 ihr #Wachstum fortsetzen. Doch neben der erfreulichen #Auftragslage drohen Risiken.","twitter_image":"https:\/\/www.organisator.ch\/wp-content\/uploads\/2022\/09\/MEM-Industrie-Gute-Geschaftslage-aber-wie-lange-noch_Organisator.jpg","schema":{"@context":"https:\/\/schema.org","@graph":[{"@type":"Article","@id":"https:\/\/www.organisator.ch\/management\/2022-09-05\/mem-industrie-gute-geschaeftslage-aber-wie-lange-noch\/#article","isPartOf":{"@id":"https:\/\/www.organisator.ch\/management\/2022-09-05\/mem-industrie-gute-geschaeftslage-aber-wie-lange-noch\/"},"author":{"name":"thomas.berner","@id":"https:\/\/www.organisator.ch\/#\/schema\/person\/6f650f90b2842cd4c0cc334b4e36f67e"},"headline":"MEM-Industrie: Gute Gesch\u00e4ftslage &#8211; aber wie lange noch?","datePublished":"2022-09-05T06:15:00+00:00","mainEntityOfPage":{"@id":"https:\/\/www.organisator.ch\/management\/2022-09-05\/mem-industrie-gute-geschaeftslage-aber-wie-lange-noch\/"},"wordCount":1036,"publisher":{"@id":"https:\/\/www.organisator.ch\/#organization"},"image":{"@id":"https:\/\/www.organisator.ch\/management\/2022-09-05\/mem-industrie-gute-geschaeftslage-aber-wie-lange-noch\/#primaryimage"},"thumbnailUrl":"https:\/\/www.organisator.ch\/wp-content\/uploads\/2022\/09\/MEM-Industrie-Gute-Geschaftslage-aber-wie-lange-noch_Organisator.jpg","keywords":["Konjunktur","Management und Unternehmensf\u00fchrung","MEM-Branche","Wirtschaftspolitik"],"articleSection":["MANAGEMENT"],"inLanguage":"fr-FR"},{"@type":"WebPage","@id":"https:\/\/www.organisator.ch\/management\/2022-09-05\/mem-industrie-gute-geschaeftslage-aber-wie-lange-noch\/","url":"https:\/\/www.organisator.ch\/management\/2022-09-05\/mem-industrie-gute-geschaeftslage-aber-wie-lange-noch\/","name":"Industrie MEM : Bonne situation commerciale - mais pour combien de temps encore ? - Organisateur","isPartOf":{"@id":"https:\/\/www.organisator.ch\/#website"},"primaryImageOfPage":{"@id":"https:\/\/www.organisator.ch\/management\/2022-09-05\/mem-industrie-gute-geschaeftslage-aber-wie-lange-noch\/#primaryimage"},"image":{"@id":"https:\/\/www.organisator.ch\/management\/2022-09-05\/mem-industrie-gute-geschaeftslage-aber-wie-lange-noch\/#primaryimage"},"thumbnailUrl":"https:\/\/www.organisator.ch\/wp-content\/uploads\/2022\/09\/MEM-Industrie-Gute-Geschaftslage-aber-wie-lange-noch_Organisator.jpg","datePublished":"2022-09-05T06:15:00+00:00","description":"L'industrie MEM suisse a pu poursuivre sa croissance au premier semestre 2022. Mais, outre les commandes r\u00e9jouissantes, des risques menacent.","breadcrumb":{"@id":"https:\/\/www.organisator.ch\/management\/2022-09-05\/mem-industrie-gute-geschaeftslage-aber-wie-lange-noch\/#breadcrumb"},"inLanguage":"fr-FR","potentialAction":[{"@type":"ReadAction","target":["https:\/\/www.organisator.ch\/management\/2022-09-05\/mem-industrie-gute-geschaeftslage-aber-wie-lange-noch\/"]}]},{"@type":"ImageObject","inLanguage":"fr-FR","@id":"https:\/\/www.organisator.ch\/management\/2022-09-05\/mem-industrie-gute-geschaeftslage-aber-wie-lange-noch\/#primaryimage","url":"https:\/\/www.organisator.ch\/wp-content\/uploads\/2022\/09\/MEM-Industrie-Gute-Geschaftslage-aber-wie-lange-noch_Organisator.jpg","contentUrl":"https:\/\/www.organisator.ch\/wp-content\/uploads\/2022\/09\/MEM-Industrie-Gute-Geschaftslage-aber-wie-lange-noch_Organisator.jpg","width":680,"height":454,"caption":"Die Auftragslage der Schweizer MEM-Industrie ist gut, doch es drohen dunkle Wolken am Horizont. (Bild: Pixabay.com)"},{"@type":"BreadcrumbList","@id":"https:\/\/www.organisator.ch\/management\/2022-09-05\/mem-industrie-gute-geschaeftslage-aber-wie-lange-noch\/#breadcrumb","itemListElement":[{"@type":"ListItem","position":1,"name":"Home","item":"https:\/\/www.organisator.ch\/"},{"@type":"ListItem","position":2,"name":"MEM-Industrie: Gute Gesch\u00e4ftslage &#8211; aber wie lange noch?"}]},{"@type":"WebSite","@id":"https:\/\/www.organisator.ch\/#website","url":"https:\/\/www.organisator.ch\/","name":"Organisateur","description":"Comp\u00e9tence et comp\u00e9tence. Proches de la pratique. L'ORGANISATEUR pr\u00e9pare 10 num\u00e9ros par an sur les th\u00e8mes essentiels pour les dirigeants de PME.","publisher":{"@id":"https:\/\/www.organisator.ch\/#organization"},"potentialAction":[{"@type":"SearchAction","target":{"@type":"EntryPoint","urlTemplate":"https:\/\/www.organisator.ch\/?s={search_term_string}"},"query-input":{"@type":"PropertyValueSpecification","valueRequired":true,"valueName":"search_term_string"}}],"inLanguage":"fr-FR"},{"@type":"Organization","@id":"https:\/\/www.organisator.ch\/#organization","name":"Organisateur","url":"https:\/\/www.organisator.ch\/","logo":{"@type":"ImageObject","inLanguage":"fr-FR","@id":"https:\/\/www.organisator.ch\/#\/schema\/logo\/image\/","url":"https:\/\/www.organisator.ch\/wp-content\/uploads\/2022\/01\/Logo_Organisator_Website.png","contentUrl":"https:\/\/www.organisator.ch\/wp-content\/uploads\/2022\/01\/Logo_Organisator_Website.png","width":800,"height":77,"caption":"Organisator"},"image":{"@id":"https:\/\/www.organisator.ch\/#\/schema\/logo\/image\/"},"sameAs":["https:\/\/www.facebook.com\/OrganisatorFachmagazin","https:\/\/www.linkedin.com\/showcase\/organisator-das-magazin-fr-kmu","https:\/\/www.xing.com\/news\/pages\/organisator-ch-695","https:\/\/www.youtube.com\/channel\/UCGP2Sq0iWaZwT3BdIAQFYpw"]},{"@type":"Person","@id":"https:\/\/www.organisator.ch\/#\/schema\/person\/6f650f90b2842cd4c0cc334b4e36f67e","name":"thomas.berner","image":{"@type":"ImageObject","inLanguage":"fr-FR","@id":"https:\/\/secure.gravatar.com\/avatar\/ac5001d2a36cb6c6cd3e50789007ffca834b477b74a2144564522e944eabff61?s=96&d=mm&r=g","url":"https:\/\/secure.gravatar.com\/avatar\/ac5001d2a36cb6c6cd3e50789007ffca834b477b74a2144564522e944eabff61?s=96&d=mm&r=g","contentUrl":"https:\/\/secure.gravatar.com\/avatar\/ac5001d2a36cb6c6cd3e50789007ffca834b477b74a2144564522e944eabff61?s=96&d=mm&r=g","caption":"thomas.berner"},"url":"https:\/\/www.organisator.ch\/fr\/author\/thomas-berner\/"}]}},"_links":{"self":[{"href":"https:\/\/www.organisator.ch\/fr\/wp-json\/wp\/v2\/posts\/16811","targetHints":{"allow":["GET"]}}],"collection":[{"href":"https:\/\/www.organisator.ch\/fr\/wp-json\/wp\/v2\/posts"}],"about":[{"href":"https:\/\/www.organisator.ch\/fr\/wp-json\/wp\/v2\/types\/post"}],"author":[{"embeddable":true,"href":"https:\/\/www.organisator.ch\/fr\/wp-json\/wp\/v2\/users\/4"}],"replies":[{"embeddable":true,"href":"https:\/\/www.organisator.ch\/fr\/wp-json\/wp\/v2\/comments?post=16811"}],"version-history":[{"count":1,"href":"https:\/\/www.organisator.ch\/fr\/wp-json\/wp\/v2\/posts\/16811\/revisions"}],"predecessor-version":[{"id":16813,"href":"https:\/\/www.organisator.ch\/fr\/wp-json\/wp\/v2\/posts\/16811\/revisions\/16813"}],"wp:featuredmedia":[{"embeddable":true,"href":"https:\/\/www.organisator.ch\/fr\/wp-json\/wp\/v2\/media\/16812"}],"wp:attachment":[{"href":"https:\/\/www.organisator.ch\/fr\/wp-json\/wp\/v2\/media?parent=16811"}],"wp:term":[{"taxonomy":"category","embeddable":true,"href":"https:\/\/www.organisator.ch\/fr\/wp-json\/wp\/v2\/categories?post=16811"},{"taxonomy":"post_tag","embeddable":true,"href":"https:\/\/www.organisator.ch\/fr\/wp-json\/wp\/v2\/tags?post=16811"}],"curies":[{"name":"wp","href":"https:\/\/api.w.org\/{rel}","templated":true}]}}