{"id":16820,"date":"2022-09-05T13:22:03","date_gmt":"2022-09-05T11:22:03","guid":{"rendered":"https:\/\/www.m-q.ch\/?p=16856"},"modified":"2024-11-22T07:26:02","modified_gmt":"2024-11-22T06:26:02","slug":"37227-blitzeinschlaege-im-sommer-2022","status":"publish","type":"post","link":"https:\/\/www.organisator.ch\/fr\/operational-excellence\/2022-09-05\/37227-blitzeinschlaege-im-sommer-2022\/","title":{"rendered":"37227 Foudre de l'\u00e9t\u00e9 2022"},"content":{"rendered":"<section class=\"Intro Press Release container\" data-partialxcmsid=\"\">\r\n<div class=\"row IntroText\">\r\n<div class=\"col col-xs-12 col-sm-12 col-md-8 hidden-xs\">\r\n<figure id=\"attachment_16859\" class=\"wp-caption alignnone\" style=\"width: 680px\" aria-describedby=\"caption-attachment-16859\"><img class=\"alignnone wp-image-16859 size-full\" src=\"https:\/\/www.m-q.ch\/wp-content\/uploads\/2022\/09\/37227-Blitzeinschlaege-im-Sommer-2022_MQ.jpg\" alt=\"Foudre en Suisse\" width=\"680\" height=\"467\" \/>\r\n<figcaption id=\"caption-attachment-16859\" class=\"wp-caption-text\">Durant l'\u00e9t\u00e9 2022, il y a eu nettement moins de coups de foudre que l'ann\u00e9e pr\u00e9c\u00e9dente. (Image : Siemens)<\/figcaption>\r\n<\/figure>\r\n<p class=\"IntroText\">Depuis plus de 20 ans, Siemens mesure l'activit\u00e9 de la foudre en Suisse. Le service d'information sur la foudre BLIDS permet d'enregistrer les donn\u00e9es de ce que l'on appelle la foudre terrestre. Il s'agit de la foudre qui atteint effectivement le sol et qui repr\u00e9sente donc un danger pour les personnes, les animaux et les infrastructures. En Suisse, le service est utilis\u00e9 par une centaine de clients. Parmi eux, on trouve des assurances, des entreprises industrielles et des pompiers, mais aussi des exploitants de terrains de golf et des particuliers.<\/p>\r\n<h3>Moins de coups de foudre en \u00e9t\u00e9 2022<\/h3>\r\n<div class=\"IntroText\">Cet \u00e9t\u00e9, 37'227 coups de foudre ont \u00e9t\u00e9 enregistr\u00e9s dans toute la Suisse, contre 63'155 l'ann\u00e9e derni\u00e8re \u00e0 la m\u00eame p\u00e9riode. Le plus grand nombre de coups de foudre a \u00e9t\u00e9 mesur\u00e9 dans la localit\u00e9 de Correvon\/VD. Le syst\u00e8me Siemens y a enregistr\u00e9 7,41 coups de foudre par km.<sup>2<\/sup>.\u00a0 \u00a0<\/div>\r\n<p class=\"IntroText\">R\u00e9parties par r\u00e9gion du pays, les localit\u00e9s suivantes ont enregistr\u00e9 le plus grand nombre d'impacts :\u00a0\u00a0<\/p>\r\n<\/div>\r\n<\/div>\r\n<\/section>\r\n<section class=\"container Row\" data-partialxcmsid=\"\">\r\n<div class=\"row withcols\">\r\n<div class=\"Box box col-xs-12 col-sm-12 col-md-12\" data-image=\"1\" data-child=\"16\" data-interaction=\"false\" data-pos=\"1\" data-maxlength=\"1\" data-mod=\"0\">\r\n<div class=\"row\">\r\n<div class=\"col-xs-12 col-sm-8 col-md-8 caption\">\r\n<div class=\"f-text\">\r\n<ul>\r\n\t<li>Nord-ouest de la Suisse : Williberg\/AG, 5,28 \u00e9clairs par km<sup>2<\/sup><\/li>\r\n\t<li>Suisse orientale : Ermatingen\/TG, 3,83 \u00e9clairs par km<sup>2<\/sup><\/li>\r\n\t<li>Suisse m\u00e9ridionale : Ludiano\/TI, 4,38 \u00e9clairs par km<sup>2<\/sup><\/li>\r\n\t<li>Suisse romande : Correvon\/VD, 7,41 \u00e9clairs par km<sup>2<\/sup><\/li>\r\n\t<li>Suisse centrale : Feusisberg\/SZ, 4,17 \u00e9clairs par km<sup>2<\/sup><\/li>\r\n\t<li>Zurich : Erlenbach, 3,48 \u00e9clairs par km<sup>2<\/sup>\u00a0\u00a0<\/li>\r\n<\/ul>\r\n<\/div>\r\n<div class=\"f-text\">BLIDS utilise pour la saisie environ 150 stations de mesure reli\u00e9es en Europe. Outre l'infrastructure BLIDS en Suisse, les sp\u00e9cialistes de Siemens g\u00e8rent \u00e9galement le r\u00e9seau de mesure en Allemagne, en Grande-Bretagne, en France, aux Pays-Bas, en R\u00e9publique tch\u00e8que, en Slovaquie et en Hongrie.<\/div>\r\n<h3 class=\"f-text\"><b>D\u00e9termination \u00e0 100 m\u00e8tres pr\u00e8s<\/b><\/h3>\r\n<div class=\"f-text\">La grande pr\u00e9cision de BLIDS est bas\u00e9e sur le principe du temps d'arriv\u00e9e (TOA). Le lieu de la foudre est calcul\u00e9 \u00e0 partir de la diff\u00e9rence des temps enregistr\u00e9s dans les r\u00e9cepteurs. Gr\u00e2ce \u00e0 l'augmentation fulgurante des capacit\u00e9s de calcul et de stockage, BLIDS parvient \u00e0 transmettre les donn\u00e9es de mani\u00e8re toujours plus rapide et pr\u00e9cise. \"Alors qu'il fallait auparavant jusqu'\u00e0 30 secondes pour obtenir des informations sur un coup de foudre dans le syst\u00e8me, il n'en faut plus que dix aujourd'hui\", explique Stephan Thern, responsable du service d'information sur la foudre chez Siemens. \"Aujourd'hui, nous pouvons d\u00e9terminer environ la moiti\u00e9 des coups de foudre \u00e0 moins de 100 m\u00e8tres pr\u00e8s\". Ces informations peuvent par exemple \u00eatre pertinentes pour les exploitants de lignes \u00e0 haute tension. Ainsi, lorsqu'une ligne tombe en panne, il est possible de d\u00e9terminer rapidement si c'est la foudre ou la chute d'un arbre qui est responsable de la coupure de courant. \"Si nous confirmons la foudre, la ligne peut \u00eatre reconnect\u00e9e au r\u00e9seau beaucoup plus rapidement\". Pour permettre aux clients de disposer des donn\u00e9es sur la foudre sur leurs ordinateurs et appareils mobiles, le service de la foudre met \u00e9galement \u00e0 disposition des applications bas\u00e9es sur le cloud.<\/div>\r\n<h3 class=\"f-text\"><b>Comment fonctionne le syst\u00e8me BLIDS<\/b><\/h3>\r\n<div class=\"f-text\">Chaque \u00e9clair \u00e9met un signal \u00e9lectromagn\u00e9tique, ou plut\u00f4t des ondes \u00e9lectromagn\u00e9tiques. Ces informations sont enregistr\u00e9es par des antennes et analys\u00e9es dans la centrale BLIDS de Siemens \u00e0 Karlsruhe. Outre la localisation pr\u00e9cise, cette m\u00e9thode de mesure et de calcul permet en outre de reconna\u00eetre la polarit\u00e9 et l'intensit\u00e9 du courant ainsi que les \u00e9clairs partiels au sein d'un \u00e9clair global. Plus les donn\u00e9es sont pr\u00e9cises et rapides, plus la protection des personnes, des installations industrielles et des infrastructures est \u00e9lev\u00e9e. Les antennes sont con\u00e7ues de mani\u00e8re \u00e0 pouvoir reconna\u00eetre la direction d'o\u00f9 provient le signal. En combinaison avec les informations fournies par d'autres antennes, il est possible de d\u00e9terminer le point d'impact. Le d\u00e9roulement d'un orage peut ainsi \u00eatre repr\u00e9sent\u00e9 sans faille.<\/div>\r\n<p class=\"f-text\">Avec l'espion BLIDS gratuit, les personnes int\u00e9ress\u00e9es peuvent se rendre sur\u00a0<a href=\"https:\/\/www.blids.de\/\" rel=\"noopener\" data-href=\"https:\/\/www.blids.de\/\">www.blids.de<\/a> rapidement et de mani\u00e8re actualis\u00e9e \u00e9galement sur les coups de foudre en Suisse.<\/p>\r\n<p><em>Source : <a href=\"https:\/\/new.siemens.com\/ch\/de.html\">Siemens<\/a><\/em><\/p>\r\n<\/div>\r\n<\/div>\r\n<\/div>\r\n<\/div>\r\n<\/section>\n<p class=\"syndicated-attribution\">Cet article est paru initialement sur m-q.ch - <a href=\"https:\/\/www.m-q.ch\/de\/37227-blitzeinschlaege-im-sommer-2022\/\" target=\"_blank\">https:\/\/www.m-q.ch\/de\/37227-blitzeinschlaege-im-sommer-2022\/<\/a><\/p>","protected":false},"excerpt":{"rendered":"<p>Seit mehr als 20 Jahren misst Siemens die Blitzaktivit\u00e4ten in der Schweiz. Mit dem Blitz-Informationsdienst BLIDS werden die Daten von sogenannten Erdblitzen registriert. Das sind jene Blitze, die tats\u00e4chlich den Boden erreichen und somit eine Gefahr f\u00fcr Mensch, Tier und Infrastrukturanlagen darstellen. In der Schweiz wird der Dienst von rund hundert Kundinnen und Kundinnen genutzt. [\u2026]<\/p>\n","protected":false},"author":8,"featured_media":0,"comment_status":"closed","ping_status":"closed","sticky":false,"template":"","format":"standard","meta":{"_acf_changed":false,"_yoast_wpseo_focuskw":"Blitzeinschl\u00e4ge Schweiz","_yoast_wpseo_metadesc":"Sommer 2022: Deutlich weniger Blitzeinschl\u00e4ge in der Schweiz. Siemens BLIDS misst Blitzaktivit\u00e4ten pr\u00e4zise.","articlekey":"","footnotes":""},"categories":[582],"tags":[],"class_list":["post-16820","post","type-post","status-publish","format-standard","hentry","category-operational-excellence"],"acf":[],"yoast_head":"<!-- This site is optimized with the Yoast SEO plugin v27.5 - https:\/\/yoast.com\/product\/yoast-seo-wordpress\/ -->\n<title>37227 Blitzeinschl\u00e4ge im Sommer 2022 - Organisator<\/title>\n<meta name=\"description\" content=\"Sommer 2022: Deutlich weniger Blitzeinschl\u00e4ge in der Schweiz. Siemens BLIDS misst Blitzaktivit\u00e4ten pr\u00e4zise.\" \/>\n<meta name=\"robots\" content=\"index, follow, max-snippet:-1, max-image-preview:large, max-video-preview:-1\" \/>\n<link rel=\"canonical\" href=\"https:\/\/www.organisator.ch\/fr\/excellence-operationnelle\/2022-09-05\/37227-blitzeinschlaege-im-sommer-2022\/\" \/>\n<meta property=\"og:locale\" content=\"fr_FR\" \/>\n<meta property=\"og:type\" content=\"article\" \/>\n<meta property=\"og:title\" content=\"37227 Blitzeinschl\u00e4ge im Sommer 2022 - Organisator\" \/>\n<meta property=\"og:description\" content=\"Sommer 2022: Deutlich weniger Blitzeinschl\u00e4ge in der Schweiz. Siemens BLIDS misst Blitzaktivit\u00e4ten pr\u00e4zise.\" \/>\n<meta property=\"og:url\" content=\"https:\/\/www.organisator.ch\/fr\/excellence-operationnelle\/2022-09-05\/37227-blitzeinschlaege-im-sommer-2022\/\" \/>\n<meta property=\"og:site_name\" content=\"Organisator\" \/>\n<meta property=\"article:publisher\" content=\"https:\/\/www.facebook.com\/OrganisatorFachmagazin\" \/>\n<meta property=\"article:published_time\" content=\"2022-09-05T11:22:03+00:00\" \/>\n<meta property=\"article:modified_time\" content=\"2024-11-22T06:26:02+00:00\" \/>\n<meta name=\"author\" content=\"galledia\" \/>\n<meta name=\"twitter:card\" content=\"summary_large_image\" \/>\n<meta name=\"twitter:creator\" content=\"@admin\" \/>\n<script type=\"application\/ld+json\" class=\"yoast-schema-graph\">{\"@context\":\"https:\\\/\\\/schema.org\",\"@graph\":[{\"@type\":\"Article\",\"@id\":\"https:\\\/\\\/www.organisator.ch\\\/operational-excellence\\\/2022-09-05\\\/37227-blitzeinschlaege-im-sommer-2022\\\/#article\",\"isPartOf\":{\"@id\":\"https:\\\/\\\/www.organisator.ch\\\/operational-excellence\\\/2022-09-05\\\/37227-blitzeinschlaege-im-sommer-2022\\\/\"},\"author\":{\"name\":\"galledia\",\"@id\":\"https:\\\/\\\/www.organisator.ch\\\/#\\\/schema\\\/person\\\/4e51799071cd2dd1232ac003643ef5f0\"},\"headline\":\"37227 Blitzeinschl\u00e4ge im Sommer 2022\",\"datePublished\":\"2022-09-05T11:22:03+00:00\",\"dateModified\":\"2024-11-22T06:26:02+00:00\",\"mainEntityOfPage\":{\"@id\":\"https:\\\/\\\/www.organisator.ch\\\/operational-excellence\\\/2022-09-05\\\/37227-blitzeinschlaege-im-sommer-2022\\\/\"},\"wordCount\":524,\"publisher\":{\"@id\":\"https:\\\/\\\/www.organisator.ch\\\/#organization\"},\"image\":{\"@id\":\"https:\\\/\\\/www.organisator.ch\\\/operational-excellence\\\/2022-09-05\\\/37227-blitzeinschlaege-im-sommer-2022\\\/#primaryimage\"},\"thumbnailUrl\":\"https:\\\/\\\/www.m-q.ch\\\/wp-content\\\/uploads\\\/2022\\\/09\\\/37227-Blitzeinschlaege-im-Sommer-2022_MQ.jpg\",\"articleSection\":[\"OPERATIONAL EXCELLENCE\"],\"inLanguage\":\"fr-FR\"},{\"@type\":\"WebPage\",\"@id\":\"https:\\\/\\\/www.organisator.ch\\\/operational-excellence\\\/2022-09-05\\\/37227-blitzeinschlaege-im-sommer-2022\\\/\",\"url\":\"https:\\\/\\\/www.organisator.ch\\\/operational-excellence\\\/2022-09-05\\\/37227-blitzeinschlaege-im-sommer-2022\\\/\",\"name\":\"37227 Blitzeinschl\u00e4ge im Sommer 2022 - Organisator\",\"isPartOf\":{\"@id\":\"https:\\\/\\\/www.organisator.ch\\\/#website\"},\"primaryImageOfPage\":{\"@id\":\"https:\\\/\\\/www.organisator.ch\\\/operational-excellence\\\/2022-09-05\\\/37227-blitzeinschlaege-im-sommer-2022\\\/#primaryimage\"},\"image\":{\"@id\":\"https:\\\/\\\/www.organisator.ch\\\/operational-excellence\\\/2022-09-05\\\/37227-blitzeinschlaege-im-sommer-2022\\\/#primaryimage\"},\"thumbnailUrl\":\"https:\\\/\\\/www.m-q.ch\\\/wp-content\\\/uploads\\\/2022\\\/09\\\/37227-Blitzeinschlaege-im-Sommer-2022_MQ.jpg\",\"datePublished\":\"2022-09-05T11:22:03+00:00\",\"dateModified\":\"2024-11-22T06:26:02+00:00\",\"description\":\"Sommer 2022: Deutlich weniger Blitzeinschl\u00e4ge in der Schweiz. Siemens BLIDS misst Blitzaktivit\u00e4ten pr\u00e4zise.\",\"breadcrumb\":{\"@id\":\"https:\\\/\\\/www.organisator.ch\\\/operational-excellence\\\/2022-09-05\\\/37227-blitzeinschlaege-im-sommer-2022\\\/#breadcrumb\"},\"inLanguage\":\"fr-FR\",\"potentialAction\":[{\"@type\":\"ReadAction\",\"target\":[\"https:\\\/\\\/www.organisator.ch\\\/operational-excellence\\\/2022-09-05\\\/37227-blitzeinschlaege-im-sommer-2022\\\/\"]}]},{\"@type\":\"ImageObject\",\"inLanguage\":\"fr-FR\",\"@id\":\"https:\\\/\\\/www.organisator.ch\\\/operational-excellence\\\/2022-09-05\\\/37227-blitzeinschlaege-im-sommer-2022\\\/#primaryimage\",\"url\":\"https:\\\/\\\/www.m-q.ch\\\/wp-content\\\/uploads\\\/2022\\\/09\\\/37227-Blitzeinschlaege-im-Sommer-2022_MQ.jpg\",\"contentUrl\":\"https:\\\/\\\/www.m-q.ch\\\/wp-content\\\/uploads\\\/2022\\\/09\\\/37227-Blitzeinschlaege-im-Sommer-2022_MQ.jpg\"},{\"@type\":\"BreadcrumbList\",\"@id\":\"https:\\\/\\\/www.organisator.ch\\\/operational-excellence\\\/2022-09-05\\\/37227-blitzeinschlaege-im-sommer-2022\\\/#breadcrumb\",\"itemListElement\":[{\"@type\":\"ListItem\",\"position\":1,\"name\":\"Home\",\"item\":\"https:\\\/\\\/www.organisator.ch\\\/\"},{\"@type\":\"ListItem\",\"position\":2,\"name\":\"37227 Blitzeinschl\u00e4ge im Sommer 2022\"}]},{\"@type\":\"WebSite\",\"@id\":\"https:\\\/\\\/www.organisator.ch\\\/#website\",\"url\":\"https:\\\/\\\/www.organisator.ch\\\/\",\"name\":\"Organisator\",\"description\":\"Kompetent. Praxisnah. Der ORGANISATOR bereitet in 10 Ausgaben pro Jahr die wesentlichen Themen f\u00fcr F\u00fchrungskr\u00e4fte von KMU auf.\",\"publisher\":{\"@id\":\"https:\\\/\\\/www.organisator.ch\\\/#organization\"},\"potentialAction\":[{\"@type\":\"SearchAction\",\"target\":{\"@type\":\"EntryPoint\",\"urlTemplate\":\"https:\\\/\\\/www.organisator.ch\\\/?s={search_term_string}\"},\"query-input\":{\"@type\":\"PropertyValueSpecification\",\"valueRequired\":true,\"valueName\":\"search_term_string\"}}],\"inLanguage\":\"fr-FR\"},{\"@type\":\"Organization\",\"@id\":\"https:\\\/\\\/www.organisator.ch\\\/#organization\",\"name\":\"Organisator\",\"url\":\"https:\\\/\\\/www.organisator.ch\\\/\",\"logo\":{\"@type\":\"ImageObject\",\"inLanguage\":\"fr-FR\",\"@id\":\"https:\\\/\\\/www.organisator.ch\\\/#\\\/schema\\\/logo\\\/image\\\/\",\"url\":\"https:\\\/\\\/www.organisator.ch\\\/wp-content\\\/uploads\\\/2022\\\/01\\\/Logo_Organisator_Website.png\",\"contentUrl\":\"https:\\\/\\\/www.organisator.ch\\\/wp-content\\\/uploads\\\/2022\\\/01\\\/Logo_Organisator_Website.png\",\"width\":800,\"height\":77,\"caption\":\"Organisator\"},\"image\":{\"@id\":\"https:\\\/\\\/www.organisator.ch\\\/#\\\/schema\\\/logo\\\/image\\\/\"},\"sameAs\":[\"https:\\\/\\\/www.facebook.com\\\/OrganisatorFachmagazin\",\"https:\\\/\\\/www.linkedin.com\\\/showcase\\\/organisator-das-magazin-fr-kmu\",\"https:\\\/\\\/www.xing.com\\\/news\\\/pages\\\/organisator-ch-695\",\"https:\\\/\\\/www.youtube.com\\\/channel\\\/UCGP2Sq0iWaZwT3BdIAQFYpw\"]},{\"@type\":\"Person\",\"@id\":\"https:\\\/\\\/www.organisator.ch\\\/#\\\/schema\\\/person\\\/4e51799071cd2dd1232ac003643ef5f0\",\"name\":\"galledia\",\"image\":{\"@type\":\"ImageObject\",\"inLanguage\":\"fr-FR\",\"@id\":\"https:\\\/\\\/secure.gravatar.com\\\/avatar\\\/78a7f90c01fc2bfc875782a0d4922b37cde2cf184ce347b91316d23cd7f69a36?s=96&d=mm&r=g\",\"url\":\"https:\\\/\\\/secure.gravatar.com\\\/avatar\\\/78a7f90c01fc2bfc875782a0d4922b37cde2cf184ce347b91316d23cd7f69a36?s=96&d=mm&r=g\",\"contentUrl\":\"https:\\\/\\\/secure.gravatar.com\\\/avatar\\\/78a7f90c01fc2bfc875782a0d4922b37cde2cf184ce347b91316d23cd7f69a36?s=96&d=mm&r=g\",\"caption\":\"galledia\"},\"sameAs\":[\"https:\\\/\\\/x.com\\\/admin\"],\"url\":\"https:\\\/\\\/www.organisator.ch\\\/fr\\\/author\\\/galledia\\\/\"}]}<\/script>\n<!-- \/ Yoast SEO plugin. -->","yoast_head_json":{"title":"37227 Foudre de l'\u00e9t\u00e9 2022 - Organisateur","description":"Et\u00e9 2022 : nettement moins de coups de foudre en Suisse. Siemens BLIDS mesure avec pr\u00e9cision l'activit\u00e9 de la foudre.","robots":{"index":"index","follow":"follow","max-snippet":"max-snippet:-1","max-image-preview":"max-image-preview:large","max-video-preview":"max-video-preview:-1"},"canonical":"https:\/\/www.organisator.ch\/fr\/excellence-operationnelle\/2022-09-05\/37227-blitzeinschlaege-im-sommer-2022\/","og_locale":"fr_FR","og_type":"article","og_title":"37227 Blitzeinschl\u00e4ge im Sommer 2022 - Organisator","og_description":"Sommer 2022: Deutlich weniger Blitzeinschl\u00e4ge in der Schweiz. Siemens BLIDS misst Blitzaktivit\u00e4ten pr\u00e4zise.","og_url":"https:\/\/www.organisator.ch\/fr\/excellence-operationnelle\/2022-09-05\/37227-blitzeinschlaege-im-sommer-2022\/","og_site_name":"Organisator","article_publisher":"https:\/\/www.facebook.com\/OrganisatorFachmagazin","article_published_time":"2022-09-05T11:22:03+00:00","article_modified_time":"2024-11-22T06:26:02+00:00","author":"galledia","twitter_card":"summary_large_image","twitter_creator":"@admin","schema":{"@context":"https:\/\/schema.org","@graph":[{"@type":"Article","@id":"https:\/\/www.organisator.ch\/operational-excellence\/2022-09-05\/37227-blitzeinschlaege-im-sommer-2022\/#article","isPartOf":{"@id":"https:\/\/www.organisator.ch\/operational-excellence\/2022-09-05\/37227-blitzeinschlaege-im-sommer-2022\/"},"author":{"name":"galledia","@id":"https:\/\/www.organisator.ch\/#\/schema\/person\/4e51799071cd2dd1232ac003643ef5f0"},"headline":"37227 Blitzeinschl\u00e4ge im Sommer 2022","datePublished":"2022-09-05T11:22:03+00:00","dateModified":"2024-11-22T06:26:02+00:00","mainEntityOfPage":{"@id":"https:\/\/www.organisator.ch\/operational-excellence\/2022-09-05\/37227-blitzeinschlaege-im-sommer-2022\/"},"wordCount":524,"publisher":{"@id":"https:\/\/www.organisator.ch\/#organization"},"image":{"@id":"https:\/\/www.organisator.ch\/operational-excellence\/2022-09-05\/37227-blitzeinschlaege-im-sommer-2022\/#primaryimage"},"thumbnailUrl":"https:\/\/www.m-q.ch\/wp-content\/uploads\/2022\/09\/37227-Blitzeinschlaege-im-Sommer-2022_MQ.jpg","articleSection":["OPERATIONAL EXCELLENCE"],"inLanguage":"fr-FR"},{"@type":"WebPage","@id":"https:\/\/www.organisator.ch\/operational-excellence\/2022-09-05\/37227-blitzeinschlaege-im-sommer-2022\/","url":"https:\/\/www.organisator.ch\/operational-excellence\/2022-09-05\/37227-blitzeinschlaege-im-sommer-2022\/","name":"37227 Foudre de l'\u00e9t\u00e9 2022 - Organisateur","isPartOf":{"@id":"https:\/\/www.organisator.ch\/#website"},"primaryImageOfPage":{"@id":"https:\/\/www.organisator.ch\/operational-excellence\/2022-09-05\/37227-blitzeinschlaege-im-sommer-2022\/#primaryimage"},"image":{"@id":"https:\/\/www.organisator.ch\/operational-excellence\/2022-09-05\/37227-blitzeinschlaege-im-sommer-2022\/#primaryimage"},"thumbnailUrl":"https:\/\/www.m-q.ch\/wp-content\/uploads\/2022\/09\/37227-Blitzeinschlaege-im-Sommer-2022_MQ.jpg","datePublished":"2022-09-05T11:22:03+00:00","dateModified":"2024-11-22T06:26:02+00:00","description":"Et\u00e9 2022 : nettement moins de coups de foudre en Suisse. Siemens BLIDS mesure avec pr\u00e9cision l'activit\u00e9 de la foudre.","breadcrumb":{"@id":"https:\/\/www.organisator.ch\/operational-excellence\/2022-09-05\/37227-blitzeinschlaege-im-sommer-2022\/#breadcrumb"},"inLanguage":"fr-FR","potentialAction":[{"@type":"ReadAction","target":["https:\/\/www.organisator.ch\/operational-excellence\/2022-09-05\/37227-blitzeinschlaege-im-sommer-2022\/"]}]},{"@type":"ImageObject","inLanguage":"fr-FR","@id":"https:\/\/www.organisator.ch\/operational-excellence\/2022-09-05\/37227-blitzeinschlaege-im-sommer-2022\/#primaryimage","url":"https:\/\/www.m-q.ch\/wp-content\/uploads\/2022\/09\/37227-Blitzeinschlaege-im-Sommer-2022_MQ.jpg","contentUrl":"https:\/\/www.m-q.ch\/wp-content\/uploads\/2022\/09\/37227-Blitzeinschlaege-im-Sommer-2022_MQ.jpg"},{"@type":"BreadcrumbList","@id":"https:\/\/www.organisator.ch\/operational-excellence\/2022-09-05\/37227-blitzeinschlaege-im-sommer-2022\/#breadcrumb","itemListElement":[{"@type":"ListItem","position":1,"name":"Home","item":"https:\/\/www.organisator.ch\/"},{"@type":"ListItem","position":2,"name":"37227 Blitzeinschl\u00e4ge im Sommer 2022"}]},{"@type":"WebSite","@id":"https:\/\/www.organisator.ch\/#website","url":"https:\/\/www.organisator.ch\/","name":"Organisateur","description":"Comp\u00e9tence et comp\u00e9tence. Proches de la pratique. L'ORGANISATEUR pr\u00e9pare 10 num\u00e9ros par an sur les th\u00e8mes essentiels pour les dirigeants de PME.","publisher":{"@id":"https:\/\/www.organisator.ch\/#organization"},"potentialAction":[{"@type":"SearchAction","target":{"@type":"EntryPoint","urlTemplate":"https:\/\/www.organisator.ch\/?s={search_term_string}"},"query-input":{"@type":"PropertyValueSpecification","valueRequired":true,"valueName":"search_term_string"}}],"inLanguage":"fr-FR"},{"@type":"Organization","@id":"https:\/\/www.organisator.ch\/#organization","name":"Organisateur","url":"https:\/\/www.organisator.ch\/","logo":{"@type":"ImageObject","inLanguage":"fr-FR","@id":"https:\/\/www.organisator.ch\/#\/schema\/logo\/image\/","url":"https:\/\/www.organisator.ch\/wp-content\/uploads\/2022\/01\/Logo_Organisator_Website.png","contentUrl":"https:\/\/www.organisator.ch\/wp-content\/uploads\/2022\/01\/Logo_Organisator_Website.png","width":800,"height":77,"caption":"Organisator"},"image":{"@id":"https:\/\/www.organisator.ch\/#\/schema\/logo\/image\/"},"sameAs":["https:\/\/www.facebook.com\/OrganisatorFachmagazin","https:\/\/www.linkedin.com\/showcase\/organisator-das-magazin-fr-kmu","https:\/\/www.xing.com\/news\/pages\/organisator-ch-695","https:\/\/www.youtube.com\/channel\/UCGP2Sq0iWaZwT3BdIAQFYpw"]},{"@type":"Person","@id":"https:\/\/www.organisator.ch\/#\/schema\/person\/4e51799071cd2dd1232ac003643ef5f0","name":"galledia","image":{"@type":"ImageObject","inLanguage":"fr-FR","@id":"https:\/\/secure.gravatar.com\/avatar\/78a7f90c01fc2bfc875782a0d4922b37cde2cf184ce347b91316d23cd7f69a36?s=96&d=mm&r=g","url":"https:\/\/secure.gravatar.com\/avatar\/78a7f90c01fc2bfc875782a0d4922b37cde2cf184ce347b91316d23cd7f69a36?s=96&d=mm&r=g","contentUrl":"https:\/\/secure.gravatar.com\/avatar\/78a7f90c01fc2bfc875782a0d4922b37cde2cf184ce347b91316d23cd7f69a36?s=96&d=mm&r=g","caption":"galledia"},"sameAs":["https:\/\/x.com\/admin"],"url":"https:\/\/www.organisator.ch\/fr\/author\/galledia\/"}]}},"_links":{"self":[{"href":"https:\/\/www.organisator.ch\/fr\/wp-json\/wp\/v2\/posts\/16820","targetHints":{"allow":["GET"]}}],"collection":[{"href":"https:\/\/www.organisator.ch\/fr\/wp-json\/wp\/v2\/posts"}],"about":[{"href":"https:\/\/www.organisator.ch\/fr\/wp-json\/wp\/v2\/types\/post"}],"author":[{"embeddable":true,"href":"https:\/\/www.organisator.ch\/fr\/wp-json\/wp\/v2\/users\/8"}],"replies":[{"embeddable":true,"href":"https:\/\/www.organisator.ch\/fr\/wp-json\/wp\/v2\/comments?post=16820"}],"version-history":[{"count":3,"href":"https:\/\/www.organisator.ch\/fr\/wp-json\/wp\/v2\/posts\/16820\/revisions"}],"predecessor-version":[{"id":33828,"href":"https:\/\/www.organisator.ch\/fr\/wp-json\/wp\/v2\/posts\/16820\/revisions\/33828"}],"wp:attachment":[{"href":"https:\/\/www.organisator.ch\/fr\/wp-json\/wp\/v2\/media?parent=16820"}],"wp:term":[{"taxonomy":"category","embeddable":true,"href":"https:\/\/www.organisator.ch\/fr\/wp-json\/wp\/v2\/categories?post=16820"},{"taxonomy":"post_tag","embeddable":true,"href":"https:\/\/www.organisator.ch\/fr\/wp-json\/wp\/v2\/tags?post=16820"}],"curies":[{"name":"wp","href":"https:\/\/api.w.org\/{rel}","templated":true}]}}