{"id":16827,"date":"2022-09-06T13:24:22","date_gmt":"2022-09-06T11:24:22","guid":{"rendered":"https:\/\/www.m-q.ch\/?p=16863"},"modified":"2024-11-22T07:25:05","modified_gmt":"2024-11-22T06:25:05","slug":"le-manque-de-transfert-de-technologie-met-en-danger-les-objectifs-climatiques","status":"publish","type":"post","link":"https:\/\/www.organisator.ch\/fr\/sustainability\/2022-09-06\/mangelnder-technologietransfer-gefahrdet-klimaziele\/","title":{"rendered":"Le manque de transfert de technologie compromet les objectifs climatiques"},"content":{"rendered":"<figure id=\"attachment_16865\" class=\"wp-caption alignnone\" style=\"width: 680px\" aria-describedby=\"caption-attachment-16865\"><img class=\"alignnone wp-image-16865 size-full\" src=\"https:\/\/www.m-q.ch\/wp-content\/uploads\/2022\/09\/Mangelnder-Technologietransfer-gefaehrdet-Klimaziele_MQ.jpg\" alt=\"Transfert de technologie\" width=\"680\" height=\"454\" \/>\r\n<figcaption id=\"caption-attachment-16865\" class=\"wp-caption-text\">Les pays industrialis\u00e9s ont du mal \u00e0 transf\u00e9rer des technologies vers les pays en d\u00e9veloppement, ce qui met en p\u00e9ril les objectifs climatiques. Sur la photo : favela \u00e0 Salvador de Bah\u00eca, Br\u00e9sil. (Image : Depositphotos.com)<\/figcaption>\r\n<\/figure>\r\n<p>Les pays industrialis\u00e9s ont promis de mettre \u00e0 disposition 100 milliards de dollars par an \u00e0 partir de 2020, provenant de sources publiques et priv\u00e9es, pour le financement climatique. Le transfert de technologie est particuli\u00e8rement important \u00e0 cet \u00e9gard : les pays en d\u00e9veloppement et les pays \u00e9mergents n'ont pas seulement besoin d'argent pour d\u00e9velopper des technologies durables, mais aussi de connaissances sur les technologies \u00e0 faible \u00e9mission de CO2.<\/p>\r\n<p>Cet objectif n'est pas atteint \u00e0 ce jour - et pas seulement parce que le financement climatique fait d\u00e9faut. \"La plupart des brevets relatifs aux technologies \u00e0 faible \u00e9mission de carbone sont d\u00e9tenus par des entreprises des pays industrialis\u00e9s. Cela leur conf\u00e8re un avantage concurrentiel important. Elles ne partagent leurs connaissances que lorsque cela leur est profitable\", explique Andreas Goldthau de l'Institute for Advanced Sustainability Studies e.V. (IASS) et de l'universit\u00e9 d'Erfurt, co-auteur d'une \u00e9tude sur le sujet. La Chine est jusqu'\u00e0 pr\u00e9sent le seul pays \u00e9mergent \u00e0 avoir attir\u00e9 avec succ\u00e8s le transfert de technologie par le biais d'investissements directs \u00e9trangers, cite Goldthau comme exemple. Pour s'ouvrir le march\u00e9 chinois, les entreprises \u00e9taient pr\u00eates \u00e0 \"transf\u00e9rer\" leurs technologies, c'est-\u00e0-dire \u00e0 transmettre leur savoir.<\/p>\r\n<h3><strong>La recette du succ\u00e8s de la Chine n'est que partiellement transposable<\/strong><\/h3>\r\n<p>Le succ\u00e8s de la Chine dans la construction d'un secteur technologique \u00e0 faible \u00e9mission de carbone est attribu\u00e9 \u00e0 la grande capacit\u00e9 d'innovation de l'industrie chinoise ainsi qu'\u00e0 des mesures politiques. \"Celles-ci comprennent la promotion des joint-ventures et du transfert de connaissances, mais aussi une part nationale obligatoire, c'est-\u00e0-dire que les investisseurs \u00e9trangers doivent utiliser des produits ou des services fabriqu\u00e9s en Chine. Avec son march\u00e9 vaste et rentable, la Chine a pu imposer de telles mesures\", explique Silvia Weko (IASS\/Uni Erfurt), premi\u00e8re auteure de l'\u00e9tude. Dans d'autres pays en d\u00e9veloppement et \u00e9mergents, des efforts similaires se seraient en revanche r\u00e9v\u00e9l\u00e9s inefficaces, voire contre-productifs.<\/p>\r\n<p>Les investissements \u00e9trangers dans les syst\u00e8mes \u00e9nerg\u00e9tiques \u00e0 faible \u00e9mission de carbone y sont encore trop faibles. Ces pays utilisent donc les technologies et les moyens financiers dont ils disposent, essentiellement des \u00e9nergies fossiles. Le risque est que ces pays restent d\u00e9pendants des \u00e9nergies fossiles \u00e0 long terme.<\/p>\r\n<h3><strong>Les initiatives s'engagent pour l'extension du r\u00e9seau \u00e9lectrique, mais pas assez pour le transfert de technologie<\/strong><\/h3>\r\n<p>Que peuvent faire les pays qui souhaitent augmenter les transferts de technologie, mais qui ne les obtiennent pas par le biais des march\u00e9s internationaux ou de la politique ? Les initiatives de transfert de technologie, comme les partenariats public-priv\u00e9 ou les plateformes comme le Climate Technology Center and Network (CTCN) des Nations unies, sont consid\u00e9r\u00e9es comme une opportunit\u00e9 pour la transition \u00e9nerg\u00e9tique dans le Sud mondial. De telles initiatives devraient combler le vide du march\u00e9, mais leur bilan est mitig\u00e9 selon l'analyse des chercheurs de l'IASS.<\/p>\r\n<p>La Comco et Goldthau ont identifi\u00e9 71 initiatives internationales qui comptent le transfert de technologies \u00e0 faible \u00e9mission de carbone parmi leurs objectifs. Un nombre particuli\u00e8rement \u00e9lev\u00e9 d'entre elles sont actives dans des pays o\u00f9 seule une petite partie de la population a acc\u00e8s \u00e0 l'\u00e9lectricit\u00e9. Elles y am\u00e9liorent avec succ\u00e8s la mise en place de syst\u00e8mes \u00e9nerg\u00e9tiques durables. Cependant, seules 26 des 71 initiatives \u00e9tudi\u00e9es s'occupent r\u00e9ellement du transfert de technologies.<\/p>\r\n<p>Afin de renforcer le transfert de connaissances vers les pays en d\u00e9veloppement et \u00e9mergents, les chercheurs estiment qu'il est indispensable que les pays industrialis\u00e9s tiennent leurs promesses de financement et soutiennent davantage le Climate Technology Center and Network des Nations Unies. En effet, le patchwork actuel d'initiatives ne permet pas de combler les lacunes. Le lien avec le commerce offre \u00e9galement des opportunit\u00e9s : par exemple, les pays importateurs de technologies peuvent n\u00e9gocier de meilleures conditions s'ils regroupent leur demande.<\/p>\r\n<p><em>Source : <a href=\"http:\/\/www.iass-potsdam.de\/\">www.iass-potsdam.de<\/a><\/em><\/p>\n<p class=\"syndicated-attribution\">Cet article est paru initialement sur m-q.ch - <a href=\"https:\/\/www.m-q.ch\/de\/mangelnder-technologietransfer-gefaehrdet-klimaziele\/\" target=\"_blank\">https:\/\/www.m-q.ch\/de\/mangelnder-technologietransfer-gefaehrdet-klimaziele\/<\/a><\/p>","protected":false},"excerpt":{"rendered":"<p>Die Industriel\u00e4nder haben zugesagt, ab 2020 pro Jahr 100 Milliarden Dollar aus \u00f6ffentlichen und privaten Quellen f\u00fcr die Klimafinanzierung zur Verf\u00fcgung zu stellen. Besonders wichtig dabei ist der Technologietransfer: Die Entwicklungs- und Schwellenl\u00e4nder brauchen nicht nur Geld f\u00fcr den Ausbau von nachhaltigen Technologien, sondern auch Wissen \u00fcber CO2-arme Technologien. Dieses Ziel wird bislang nicht erreicht [\u2026]<\/p>\n","protected":false},"author":8,"featured_media":0,"comment_status":"closed","ping_status":"closed","sticky":false,"template":"","format":"standard","meta":{"_acf_changed":false,"_yoast_wpseo_focuskw":"Technologietransfer","_yoast_wpseo_metadesc":"Industriel\u00e4nder scheitern am Technologietransfer. Klimaziele in Gefahr. Mehr Unterst\u00fctzung und Kooperation n\u00f6tig.","articlekey":"","footnotes":""},"categories":[580],"tags":[300,358,2098,3373],"class_list":["post-16827","post","type-post","status-publish","format-standard","hentry","category-sustainability","tag-klimaschutz","tag-nachhaltige-wirtschaft","tag-sdg","tag-technologietransfer"],"acf":[],"yoast_head":"<!-- This site is optimized with the Yoast SEO plugin v27.4 - https:\/\/yoast.com\/product\/yoast-seo-wordpress\/ -->\n<title>Mangelnder Technologietransfer gef\u00e4hrdet Klimaziele - Organisator<\/title>\n<meta name=\"description\" content=\"Industriel\u00e4nder scheitern am Technologietransfer. Klimaziele in Gefahr. Mehr Unterst\u00fctzung und Kooperation n\u00f6tig.\" \/>\n<meta name=\"robots\" content=\"index, follow, max-snippet:-1, max-image-preview:large, max-video-preview:-1\" \/>\n<link rel=\"canonical\" href=\"https:\/\/www.organisator.ch\/fr\/sustainability\/2022-09-06\/le-manque-de-transfert-de-technologie-met-en-danger-les-objectifs-climatiques\/\" \/>\n<meta property=\"og:locale\" content=\"fr_FR\" \/>\n<meta property=\"og:type\" content=\"article\" \/>\n<meta property=\"og:title\" content=\"Mangelnder Technologietransfer gef\u00e4hrdet Klimaziele - Organisator\" \/>\n<meta property=\"og:description\" content=\"Industriel\u00e4nder scheitern am Technologietransfer. Klimaziele in Gefahr. Mehr Unterst\u00fctzung und Kooperation n\u00f6tig.\" \/>\n<meta property=\"og:url\" content=\"https:\/\/www.organisator.ch\/fr\/sustainability\/2022-09-06\/le-manque-de-transfert-de-technologie-met-en-danger-les-objectifs-climatiques\/\" \/>\n<meta property=\"og:site_name\" content=\"Organisator\" \/>\n<meta property=\"article:publisher\" content=\"https:\/\/www.facebook.com\/OrganisatorFachmagazin\" \/>\n<meta property=\"article:published_time\" content=\"2022-09-06T11:24:22+00:00\" \/>\n<meta property=\"article:modified_time\" content=\"2024-11-22T06:25:05+00:00\" \/>\n<meta property=\"og:image\" content=\"https:\/\/www.organisator.ch\/wp-content\/uploads\/2022\/09\/Schweiz-4-0-am-KMU-Swiss-Symposium-Haben-wir-genug-Energie_Organisator.jpg\" \/>\n\t<meta property=\"og:image:width\" content=\"680\" \/>\n\t<meta property=\"og:image:height\" content=\"452\" \/>\n\t<meta property=\"og:image:type\" content=\"image\/jpeg\" \/>\n<meta name=\"author\" content=\"galledia\" \/>\n<meta name=\"twitter:card\" content=\"summary_large_image\" \/>\n<meta name=\"twitter:creator\" content=\"@admin\" \/>\n<script type=\"application\/ld+json\" class=\"yoast-schema-graph\">{\"@context\":\"https:\\\/\\\/schema.org\",\"@graph\":[{\"@type\":\"Article\",\"@id\":\"https:\\\/\\\/www.organisator.ch\\\/sustainability\\\/2022-09-06\\\/mangelnder-technologietransfer-gefahrdet-klimaziele\\\/#article\",\"isPartOf\":{\"@id\":\"https:\\\/\\\/www.organisator.ch\\\/sustainability\\\/2022-09-06\\\/mangelnder-technologietransfer-gefahrdet-klimaziele\\\/\"},\"author\":{\"name\":\"galledia\",\"@id\":\"https:\\\/\\\/www.organisator.ch\\\/#\\\/schema\\\/person\\\/4e51799071cd2dd1232ac003643ef5f0\"},\"headline\":\"Mangelnder Technologietransfer gef\u00e4hrdet Klimaziele\",\"datePublished\":\"2022-09-06T11:24:22+00:00\",\"dateModified\":\"2024-11-22T06:25:05+00:00\",\"mainEntityOfPage\":{\"@id\":\"https:\\\/\\\/www.organisator.ch\\\/sustainability\\\/2022-09-06\\\/mangelnder-technologietransfer-gefahrdet-klimaziele\\\/\"},\"wordCount\":566,\"publisher\":{\"@id\":\"https:\\\/\\\/www.organisator.ch\\\/#organization\"},\"image\":{\"@id\":\"https:\\\/\\\/www.organisator.ch\\\/sustainability\\\/2022-09-06\\\/mangelnder-technologietransfer-gefahrdet-klimaziele\\\/#primaryimage\"},\"thumbnailUrl\":\"https:\\\/\\\/www.m-q.ch\\\/wp-content\\\/uploads\\\/2022\\\/09\\\/Mangelnder-Technologietransfer-gefaehrdet-Klimaziele_MQ.jpg\",\"keywords\":[\"Klimaschutz\",\"Nachhaltige Wirtschaft\",\"SDG\",\"Technologietransfer\"],\"articleSection\":[\"SUSTAINABILITY\"],\"inLanguage\":\"fr-FR\"},{\"@type\":\"WebPage\",\"@id\":\"https:\\\/\\\/www.organisator.ch\\\/sustainability\\\/2022-09-06\\\/mangelnder-technologietransfer-gefahrdet-klimaziele\\\/\",\"url\":\"https:\\\/\\\/www.organisator.ch\\\/sustainability\\\/2022-09-06\\\/mangelnder-technologietransfer-gefahrdet-klimaziele\\\/\",\"name\":\"Mangelnder Technologietransfer gef\u00e4hrdet Klimaziele - Organisator\",\"isPartOf\":{\"@id\":\"https:\\\/\\\/www.organisator.ch\\\/#website\"},\"primaryImageOfPage\":{\"@id\":\"https:\\\/\\\/www.organisator.ch\\\/sustainability\\\/2022-09-06\\\/mangelnder-technologietransfer-gefahrdet-klimaziele\\\/#primaryimage\"},\"image\":{\"@id\":\"https:\\\/\\\/www.organisator.ch\\\/sustainability\\\/2022-09-06\\\/mangelnder-technologietransfer-gefahrdet-klimaziele\\\/#primaryimage\"},\"thumbnailUrl\":\"https:\\\/\\\/www.m-q.ch\\\/wp-content\\\/uploads\\\/2022\\\/09\\\/Mangelnder-Technologietransfer-gefaehrdet-Klimaziele_MQ.jpg\",\"datePublished\":\"2022-09-06T11:24:22+00:00\",\"dateModified\":\"2024-11-22T06:25:05+00:00\",\"description\":\"Industriel\u00e4nder scheitern am Technologietransfer. Klimaziele in Gefahr. Mehr Unterst\u00fctzung und Kooperation n\u00f6tig.\",\"breadcrumb\":{\"@id\":\"https:\\\/\\\/www.organisator.ch\\\/sustainability\\\/2022-09-06\\\/mangelnder-technologietransfer-gefahrdet-klimaziele\\\/#breadcrumb\"},\"inLanguage\":\"fr-FR\",\"potentialAction\":[{\"@type\":\"ReadAction\",\"target\":[\"https:\\\/\\\/www.organisator.ch\\\/sustainability\\\/2022-09-06\\\/mangelnder-technologietransfer-gefahrdet-klimaziele\\\/\"]}]},{\"@type\":\"ImageObject\",\"inLanguage\":\"fr-FR\",\"@id\":\"https:\\\/\\\/www.organisator.ch\\\/sustainability\\\/2022-09-06\\\/mangelnder-technologietransfer-gefahrdet-klimaziele\\\/#primaryimage\",\"url\":\"https:\\\/\\\/www.m-q.ch\\\/wp-content\\\/uploads\\\/2022\\\/09\\\/Mangelnder-Technologietransfer-gefaehrdet-Klimaziele_MQ.jpg\",\"contentUrl\":\"https:\\\/\\\/www.m-q.ch\\\/wp-content\\\/uploads\\\/2022\\\/09\\\/Mangelnder-Technologietransfer-gefaehrdet-Klimaziele_MQ.jpg\"},{\"@type\":\"BreadcrumbList\",\"@id\":\"https:\\\/\\\/www.organisator.ch\\\/sustainability\\\/2022-09-06\\\/mangelnder-technologietransfer-gefahrdet-klimaziele\\\/#breadcrumb\",\"itemListElement\":[{\"@type\":\"ListItem\",\"position\":1,\"name\":\"Home\",\"item\":\"https:\\\/\\\/www.organisator.ch\\\/\"},{\"@type\":\"ListItem\",\"position\":2,\"name\":\"Mangelnder Technologietransfer gef\u00e4hrdet Klimaziele\"}]},{\"@type\":\"WebSite\",\"@id\":\"https:\\\/\\\/www.organisator.ch\\\/#website\",\"url\":\"https:\\\/\\\/www.organisator.ch\\\/\",\"name\":\"Organisator\",\"description\":\"Kompetent. Praxisnah. Der ORGANISATOR bereitet in 10 Ausgaben pro Jahr die wesentlichen Themen f\u00fcr F\u00fchrungskr\u00e4fte von KMU auf.\",\"publisher\":{\"@id\":\"https:\\\/\\\/www.organisator.ch\\\/#organization\"},\"potentialAction\":[{\"@type\":\"SearchAction\",\"target\":{\"@type\":\"EntryPoint\",\"urlTemplate\":\"https:\\\/\\\/www.organisator.ch\\\/?s={search_term_string}\"},\"query-input\":{\"@type\":\"PropertyValueSpecification\",\"valueRequired\":true,\"valueName\":\"search_term_string\"}}],\"inLanguage\":\"fr-FR\"},{\"@type\":\"Organization\",\"@id\":\"https:\\\/\\\/www.organisator.ch\\\/#organization\",\"name\":\"Organisator\",\"url\":\"https:\\\/\\\/www.organisator.ch\\\/\",\"logo\":{\"@type\":\"ImageObject\",\"inLanguage\":\"fr-FR\",\"@id\":\"https:\\\/\\\/www.organisator.ch\\\/#\\\/schema\\\/logo\\\/image\\\/\",\"url\":\"https:\\\/\\\/www.organisator.ch\\\/wp-content\\\/uploads\\\/2022\\\/01\\\/Logo_Organisator_Website.png\",\"contentUrl\":\"https:\\\/\\\/www.organisator.ch\\\/wp-content\\\/uploads\\\/2022\\\/01\\\/Logo_Organisator_Website.png\",\"width\":800,\"height\":77,\"caption\":\"Organisator\"},\"image\":{\"@id\":\"https:\\\/\\\/www.organisator.ch\\\/#\\\/schema\\\/logo\\\/image\\\/\"},\"sameAs\":[\"https:\\\/\\\/www.facebook.com\\\/OrganisatorFachmagazin\",\"https:\\\/\\\/www.linkedin.com\\\/showcase\\\/organisator-das-magazin-fr-kmu\",\"https:\\\/\\\/www.xing.com\\\/news\\\/pages\\\/organisator-ch-695\",\"https:\\\/\\\/www.youtube.com\\\/channel\\\/UCGP2Sq0iWaZwT3BdIAQFYpw\"]},{\"@type\":\"Person\",\"@id\":\"https:\\\/\\\/www.organisator.ch\\\/#\\\/schema\\\/person\\\/4e51799071cd2dd1232ac003643ef5f0\",\"name\":\"galledia\",\"image\":{\"@type\":\"ImageObject\",\"inLanguage\":\"fr-FR\",\"@id\":\"https:\\\/\\\/secure.gravatar.com\\\/avatar\\\/78a7f90c01fc2bfc875782a0d4922b37cde2cf184ce347b91316d23cd7f69a36?s=96&d=mm&r=g\",\"url\":\"https:\\\/\\\/secure.gravatar.com\\\/avatar\\\/78a7f90c01fc2bfc875782a0d4922b37cde2cf184ce347b91316d23cd7f69a36?s=96&d=mm&r=g\",\"contentUrl\":\"https:\\\/\\\/secure.gravatar.com\\\/avatar\\\/78a7f90c01fc2bfc875782a0d4922b37cde2cf184ce347b91316d23cd7f69a36?s=96&d=mm&r=g\",\"caption\":\"galledia\"},\"sameAs\":[\"https:\\\/\\\/x.com\\\/admin\"],\"url\":\"https:\\\/\\\/www.organisator.ch\\\/fr\\\/author\\\/galledia\\\/\"}]}<\/script>\n<!-- \/ Yoast SEO plugin. -->","yoast_head_json":{"title":"Le manque de transfert de technologie compromet les objectifs climatiques - Organisateur","description":"Les pays industrialis\u00e9s \u00e9chouent dans le transfert de technologie. Les objectifs climatiques sont en danger. Plus de soutien et de coop\u00e9ration sont n\u00e9cessaires.","robots":{"index":"index","follow":"follow","max-snippet":"max-snippet:-1","max-image-preview":"max-image-preview:large","max-video-preview":"max-video-preview:-1"},"canonical":"https:\/\/www.organisator.ch\/fr\/sustainability\/2022-09-06\/le-manque-de-transfert-de-technologie-met-en-danger-les-objectifs-climatiques\/","og_locale":"fr_FR","og_type":"article","og_title":"Mangelnder Technologietransfer gef\u00e4hrdet Klimaziele - Organisator","og_description":"Industriel\u00e4nder scheitern am Technologietransfer. Klimaziele in Gefahr. Mehr Unterst\u00fctzung und Kooperation n\u00f6tig.","og_url":"https:\/\/www.organisator.ch\/fr\/sustainability\/2022-09-06\/le-manque-de-transfert-de-technologie-met-en-danger-les-objectifs-climatiques\/","og_site_name":"Organisator","article_publisher":"https:\/\/www.facebook.com\/OrganisatorFachmagazin","article_published_time":"2022-09-06T11:24:22+00:00","article_modified_time":"2024-11-22T06:25:05+00:00","og_image":[{"width":680,"height":452,"url":"https:\/\/www.organisator.ch\/wp-content\/uploads\/2022\/09\/Schweiz-4-0-am-KMU-Swiss-Symposium-Haben-wir-genug-Energie_Organisator.jpg","type":"image\/jpeg"}],"author":"galledia","twitter_card":"summary_large_image","twitter_creator":"@admin","schema":{"@context":"https:\/\/schema.org","@graph":[{"@type":"Article","@id":"https:\/\/www.organisator.ch\/sustainability\/2022-09-06\/mangelnder-technologietransfer-gefahrdet-klimaziele\/#article","isPartOf":{"@id":"https:\/\/www.organisator.ch\/sustainability\/2022-09-06\/mangelnder-technologietransfer-gefahrdet-klimaziele\/"},"author":{"name":"galledia","@id":"https:\/\/www.organisator.ch\/#\/schema\/person\/4e51799071cd2dd1232ac003643ef5f0"},"headline":"Mangelnder Technologietransfer gef\u00e4hrdet Klimaziele","datePublished":"2022-09-06T11:24:22+00:00","dateModified":"2024-11-22T06:25:05+00:00","mainEntityOfPage":{"@id":"https:\/\/www.organisator.ch\/sustainability\/2022-09-06\/mangelnder-technologietransfer-gefahrdet-klimaziele\/"},"wordCount":566,"publisher":{"@id":"https:\/\/www.organisator.ch\/#organization"},"image":{"@id":"https:\/\/www.organisator.ch\/sustainability\/2022-09-06\/mangelnder-technologietransfer-gefahrdet-klimaziele\/#primaryimage"},"thumbnailUrl":"https:\/\/www.m-q.ch\/wp-content\/uploads\/2022\/09\/Mangelnder-Technologietransfer-gefaehrdet-Klimaziele_MQ.jpg","keywords":["Klimaschutz","Nachhaltige Wirtschaft","SDG","Technologietransfer"],"articleSection":["SUSTAINABILITY"],"inLanguage":"fr-FR"},{"@type":"WebPage","@id":"https:\/\/www.organisator.ch\/sustainability\/2022-09-06\/mangelnder-technologietransfer-gefahrdet-klimaziele\/","url":"https:\/\/www.organisator.ch\/sustainability\/2022-09-06\/mangelnder-technologietransfer-gefahrdet-klimaziele\/","name":"Le manque de transfert de technologie compromet les objectifs climatiques - Organisateur","isPartOf":{"@id":"https:\/\/www.organisator.ch\/#website"},"primaryImageOfPage":{"@id":"https:\/\/www.organisator.ch\/sustainability\/2022-09-06\/mangelnder-technologietransfer-gefahrdet-klimaziele\/#primaryimage"},"image":{"@id":"https:\/\/www.organisator.ch\/sustainability\/2022-09-06\/mangelnder-technologietransfer-gefahrdet-klimaziele\/#primaryimage"},"thumbnailUrl":"https:\/\/www.m-q.ch\/wp-content\/uploads\/2022\/09\/Mangelnder-Technologietransfer-gefaehrdet-Klimaziele_MQ.jpg","datePublished":"2022-09-06T11:24:22+00:00","dateModified":"2024-11-22T06:25:05+00:00","description":"Les pays industrialis\u00e9s \u00e9chouent dans le transfert de technologie. Les objectifs climatiques sont en danger. Plus de soutien et de coop\u00e9ration sont n\u00e9cessaires.","breadcrumb":{"@id":"https:\/\/www.organisator.ch\/sustainability\/2022-09-06\/mangelnder-technologietransfer-gefahrdet-klimaziele\/#breadcrumb"},"inLanguage":"fr-FR","potentialAction":[{"@type":"ReadAction","target":["https:\/\/www.organisator.ch\/sustainability\/2022-09-06\/mangelnder-technologietransfer-gefahrdet-klimaziele\/"]}]},{"@type":"ImageObject","inLanguage":"fr-FR","@id":"https:\/\/www.organisator.ch\/sustainability\/2022-09-06\/mangelnder-technologietransfer-gefahrdet-klimaziele\/#primaryimage","url":"https:\/\/www.m-q.ch\/wp-content\/uploads\/2022\/09\/Mangelnder-Technologietransfer-gefaehrdet-Klimaziele_MQ.jpg","contentUrl":"https:\/\/www.m-q.ch\/wp-content\/uploads\/2022\/09\/Mangelnder-Technologietransfer-gefaehrdet-Klimaziele_MQ.jpg"},{"@type":"BreadcrumbList","@id":"https:\/\/www.organisator.ch\/sustainability\/2022-09-06\/mangelnder-technologietransfer-gefahrdet-klimaziele\/#breadcrumb","itemListElement":[{"@type":"ListItem","position":1,"name":"Home","item":"https:\/\/www.organisator.ch\/"},{"@type":"ListItem","position":2,"name":"Mangelnder Technologietransfer gef\u00e4hrdet Klimaziele"}]},{"@type":"WebSite","@id":"https:\/\/www.organisator.ch\/#website","url":"https:\/\/www.organisator.ch\/","name":"Organisateur","description":"Comp\u00e9tence et comp\u00e9tence. Proches de la pratique. L'ORGANISATEUR pr\u00e9pare 10 num\u00e9ros par an sur les th\u00e8mes essentiels pour les dirigeants de PME.","publisher":{"@id":"https:\/\/www.organisator.ch\/#organization"},"potentialAction":[{"@type":"SearchAction","target":{"@type":"EntryPoint","urlTemplate":"https:\/\/www.organisator.ch\/?s={search_term_string}"},"query-input":{"@type":"PropertyValueSpecification","valueRequired":true,"valueName":"search_term_string"}}],"inLanguage":"fr-FR"},{"@type":"Organization","@id":"https:\/\/www.organisator.ch\/#organization","name":"Organisateur","url":"https:\/\/www.organisator.ch\/","logo":{"@type":"ImageObject","inLanguage":"fr-FR","@id":"https:\/\/www.organisator.ch\/#\/schema\/logo\/image\/","url":"https:\/\/www.organisator.ch\/wp-content\/uploads\/2022\/01\/Logo_Organisator_Website.png","contentUrl":"https:\/\/www.organisator.ch\/wp-content\/uploads\/2022\/01\/Logo_Organisator_Website.png","width":800,"height":77,"caption":"Organisator"},"image":{"@id":"https:\/\/www.organisator.ch\/#\/schema\/logo\/image\/"},"sameAs":["https:\/\/www.facebook.com\/OrganisatorFachmagazin","https:\/\/www.linkedin.com\/showcase\/organisator-das-magazin-fr-kmu","https:\/\/www.xing.com\/news\/pages\/organisator-ch-695","https:\/\/www.youtube.com\/channel\/UCGP2Sq0iWaZwT3BdIAQFYpw"]},{"@type":"Person","@id":"https:\/\/www.organisator.ch\/#\/schema\/person\/4e51799071cd2dd1232ac003643ef5f0","name":"galledia","image":{"@type":"ImageObject","inLanguage":"fr-FR","@id":"https:\/\/secure.gravatar.com\/avatar\/78a7f90c01fc2bfc875782a0d4922b37cde2cf184ce347b91316d23cd7f69a36?s=96&d=mm&r=g","url":"https:\/\/secure.gravatar.com\/avatar\/78a7f90c01fc2bfc875782a0d4922b37cde2cf184ce347b91316d23cd7f69a36?s=96&d=mm&r=g","contentUrl":"https:\/\/secure.gravatar.com\/avatar\/78a7f90c01fc2bfc875782a0d4922b37cde2cf184ce347b91316d23cd7f69a36?s=96&d=mm&r=g","caption":"galledia"},"sameAs":["https:\/\/x.com\/admin"],"url":"https:\/\/www.organisator.ch\/fr\/author\/galledia\/"}]}},"_links":{"self":[{"href":"https:\/\/www.organisator.ch\/fr\/wp-json\/wp\/v2\/posts\/16827","targetHints":{"allow":["GET"]}}],"collection":[{"href":"https:\/\/www.organisator.ch\/fr\/wp-json\/wp\/v2\/posts"}],"about":[{"href":"https:\/\/www.organisator.ch\/fr\/wp-json\/wp\/v2\/types\/post"}],"author":[{"embeddable":true,"href":"https:\/\/www.organisator.ch\/fr\/wp-json\/wp\/v2\/users\/8"}],"replies":[{"embeddable":true,"href":"https:\/\/www.organisator.ch\/fr\/wp-json\/wp\/v2\/comments?post=16827"}],"version-history":[{"count":6,"href":"https:\/\/www.organisator.ch\/fr\/wp-json\/wp\/v2\/posts\/16827\/revisions"}],"predecessor-version":[{"id":33827,"href":"https:\/\/www.organisator.ch\/fr\/wp-json\/wp\/v2\/posts\/16827\/revisions\/33827"}],"wp:attachment":[{"href":"https:\/\/www.organisator.ch\/fr\/wp-json\/wp\/v2\/media?parent=16827"}],"wp:term":[{"taxonomy":"category","embeddable":true,"href":"https:\/\/www.organisator.ch\/fr\/wp-json\/wp\/v2\/categories?post=16827"},{"taxonomy":"post_tag","embeddable":true,"href":"https:\/\/www.organisator.ch\/fr\/wp-json\/wp\/v2\/tags?post=16827"}],"curies":[{"name":"wp","href":"https:\/\/api.w.org\/{rel}","templated":true}]}}