{"id":16849,"date":"2022-09-08T08:30:32","date_gmt":"2022-09-08T06:30:32","guid":{"rendered":"https:\/\/www.m-q.ch\/?p=16867"},"modified":"2024-11-22T07:21:45","modified_gmt":"2024-11-22T06:21:45","slug":"digital-health-80-des-assures-suisses-prets-a-partager-leurs-donnees-avec-les-assurances-maladie","status":"publish","type":"post","link":"https:\/\/www.organisator.ch\/fr\/operational-excellence\/2022-09-08\/digital-health-80-der-schweizer-versicherten-waeren-bereit-ihre-daten-mit-krankenversicherungen-zu-teilen\/","title":{"rendered":"Sant\u00e9 num\u00e9rique : 80% des assur\u00e9s suisses seraient pr\u00eats \u00e0 partager leurs donn\u00e9es avec les assurances maladie"},"content":{"rendered":"<figure id=\"attachment_16869\" class=\"wp-caption alignnone\" style=\"width: 680px\" aria-describedby=\"caption-attachment-16869\"><img class=\"alignnone wp-image-16869 size-full\" src=\"https:\/\/www.m-q.ch\/wp-content\/uploads\/2022\/09\/Digital-Health-80-der-Schweizer-Versicherten-waeren-bereit-ihre-Daten-mit-Krankenversicherungen-zu-teilen-2_MQ.jpg\" alt=\"Sant\u00e9 num\u00e9rique\" width=\"680\" height=\"453\" \/>\r\n<figcaption id=\"caption-attachment-16869\" class=\"wp-caption-text\">La sant\u00e9 num\u00e9rique est un sujet important qui n'occupe pas seulement les experts de la branche. La volont\u00e9 de partager des donn\u00e9es personnelles avec les assurances maladie est \u00e9lev\u00e9e. (Image : Unsplash.com)<\/figcaption>\r\n<\/figure>\r\n<p>La soci\u00e9t\u00e9 de conseil Accenture a pris le pouls de la sant\u00e9 num\u00e9rique en interrogeant aussi bien des experts du secteur que des consommateurs. Il en ressort que les experts de la branche investissent le plus dans les portails clients, les applications mobiles (par ex. les coachs de sant\u00e9 mobiles) et les plateformes.<\/p>\r\n<h3>Sant\u00e9 num\u00e9rique : des d\u00e9fis dans de nombreux domaines<\/h3>\r\n<p>En ce qui concerne ces th\u00e8mes, l'\u00e9tude montre qu'il reste encore de nombreux d\u00e9fis \u00e0 relever et des questions plus vastes, par exemple en ce qui concerne :<\/p>\r\n<p><em>Strat\u00e9gie et diff\u00e9renciation<\/em><\/p>\r\n<ul>\r\n\t<li>Quels sont les objectifs \u00e0 atteindre avec Digital Health ?<\/li>\r\n\t<li>Quels sont les partenariats n\u00e9cessaires \u00e0 la r\u00e9alisation des objectifs ?<\/li>\r\n\t<li>Comment pouvons-nous nous diff\u00e9rencier de nos concurrents avec notre offre de sant\u00e9 num\u00e9rique ?<\/li>\r\n<\/ul>\r\n<p><em>Comp\u00e9tences et organisation<\/em><\/p>\r\n<ul>\r\n\t<li>Quelles comp\u00e9tences doivent \u00eatre disponibles\/d\u00e9velopp\u00e9es en interne ou compl\u00e9t\u00e9es via des partenaires externes ?<\/li>\r\n\t<li>O\u00f9 et comment devons-nous d\u00e9velopper nos comp\u00e9tences en mati\u00e8re de sant\u00e9 num\u00e9rique au sein de notre organisation ?<\/li>\r\n<\/ul>\r\n<p><em>Port\u00e9e du portefeuille de services<\/em><\/p>\r\n<ul>\r\n\t<li>Avons-nous une strat\u00e9gie globale claire\/coh\u00e9rente pour notre portefeuille (pr\u00e9vu) de services de sant\u00e9 num\u00e9riques (par exemple, o\u00f9 utilisons-nous des d\u00e9veloppements internes, o\u00f9 des plateformes tierces) ?<\/li>\r\n\t<li>Quelle est l'\u00e9tendue\/l'offre exacte des portails, applications, etc. concern\u00e9s ?<\/li>\r\n<\/ul>\r\n<p><em>Finances<\/em><\/p>\r\n<ul>\r\n\t<li>Qui prend en charge les co\u00fbts d'exploitation de la plate-forme, d'acquisition de clients et d'incitation des clients et des prestataires ?<\/li>\r\n<\/ul>\r\n<p>En outre, les cadres sup\u00e9rieurs se penchent sur des sujets li\u00e9s \u00e0 la sant\u00e9 num\u00e9rique, tels que l'impact du m\u00e9tavers sur le secteur de l'assurance, le potentiel d'un cloud national de la sant\u00e9 ou une gestion num\u00e9rique efficace des patients.<\/p>\r\n<h3>Les assur\u00e9s suisses sont pr\u00eats \u00e0 adopter des solutions de sant\u00e9 num\u00e9riques<\/h3>\r\n<p>Du c\u00f4t\u00e9 des consommateurs, 70% voient d\u00e9j\u00e0 aujourd'hui une valeur ajout\u00e9e dans les solutions de sant\u00e9 num\u00e9rique. Les consommateurs voient des avantages clairs dans la disponibilit\u00e9 des prestations de sant\u00e9, la transparence et la s\u00e9curit\u00e9 en cas d'urgence. De mani\u00e8re g\u00e9n\u00e9rale, la confiance dans les solutions num\u00e9riques dans le domaine de la sant\u00e9 augmente depuis quelques ann\u00e9es. Les assureurs-maladie devraient donc r\u00e9fl\u00e9chir \u00e0 la meilleure fa\u00e7on de r\u00e9pondre aux attentes de leurs clients dans ce domaine et aux conditions n\u00e9cessaires (p. ex. partenariats, bases techniques).<\/p>\r\n<p>La majorit\u00e9 des assur\u00e9s suisses montre \u00e9galement un grand int\u00e9r\u00eat pour la gestion num\u00e9rique des donn\u00e9es de sant\u00e9 : 57% des assur\u00e9s interrog\u00e9s sont pr\u00eats \u00e0 g\u00e9rer leurs donn\u00e9es de sant\u00e9 de mani\u00e8re num\u00e9rique - dont 11% g\u00e8rent d\u00e9j\u00e0 leurs donn\u00e9es de mani\u00e8re num\u00e9rique. Les attentes des assur\u00e9s sont int\u00e9ressantes \u00e0 cet \u00e9gard. Ainsi, 42% attendent des assurances maladie qu'elles assument la responsabilit\u00e9 de la gestion des donn\u00e9es et qu'elles proposent des offres attrayantes. En outre, 40% sont d'avis que la Conf\u00e9d\u00e9ration et les cantons devraient assumer cette responsabilit\u00e9 ; 37% consid\u00e8rent pour leur part que cette t\u00e2che incombe aux institutions m\u00e9dicales. R\u00e9pondre \u00e0 ces attentes des clients suppose donc un \u00e9change entre les assureurs-maladie, la Conf\u00e9d\u00e9ration et les cantons ainsi que les autres acteurs du secteur de la sant\u00e9.<\/p>\r\n<h3>quelles informations sont plus susceptibles d'\u00eatre partag\u00e9es et lesquelles ne le sont pas<\/h3>\r\n<p>L'enqu\u00eate a \u00e9galement r\u00e9v\u00e9l\u00e9 que 80% des consommateurs sont pr\u00eats \u00e0 partager leurs donn\u00e9es de sant\u00e9 directement avec les assureurs maladie. Comme le montre le graphique ci-dessous, il s'agit surtout de donn\u00e9es m\u00e9dicales concernant le groupe sanguin, les vaccinations, les m\u00e9dicaments et les allergies. Cette disposition diminue toutefois nettement pour les donn\u00e9es relatives au style de vie (p. ex. donn\u00e9es sur la forme physique, la fr\u00e9quence cardiaque et les habitudes de sommeil). En outre, il s'est av\u00e9r\u00e9 que les consommateurs attendent une contrepartie concr\u00e8te de leur assurance maladie, par exemple sous la forme d'une r\u00e9duction de prime. Les assureurs-maladie devraient r\u00e9fl\u00e9chir aux offres bas\u00e9es sur des donn\u00e9es qui pourraient \u00eatre attrayantes pour leur client\u00e8le et se demander s'ils devraient plut\u00f4t se concentrer sur des offres m\u00e9dicales ou sur des offres de style de vie.<\/p>\r\n<figure id=\"attachment_16868\" class=\"wp-caption alignnone\" style=\"width: 680px\" aria-describedby=\"caption-attachment-16868\"><img class=\"size-full wp-image-16868\" src=\"https:\/\/www.m-q.ch\/wp-content\/uploads\/2022\/09\/Digital-Health-80-der-Schweizer-Versicherten-waeren-bereit-ihre-Daten-mit-Krankenversicherungen-zu-teilen-1_MQ.jpg\" alt=\"\" width=\"680\" height=\"457\" \/>\r\n<figcaption id=\"caption-attachment-16868\" class=\"wp-caption-text\">(Source : Accenture)<\/figcaption>\r\n<\/figure>\r\n<p>Enfin, le th\u00e8me de l'assistance num\u00e9rique pour une vie autonome dans la vieillesse est \u00e9galement d'une importance capitale pour les consommateurs : 91% sont ouverts \u00e0 ce sujet, surtout dans le contexte de l'\u00e9volution d\u00e9mographique, de l'augmentation des co\u00fbts des soins ainsi que de la p\u00e9nurie de personnel et de maisons de soins. 75% des personnes interrog\u00e9es peuvent s'imaginer utiliser des solutions num\u00e9riques en cas d'urgence (p. ex. d\u00e9tection des chutes) pour elles-m\u00eames ou leurs proches. D'autres besoins ont \u00e9t\u00e9 exprim\u00e9s dans les domaines de l'assistance m\u00e9dicale (p. ex. commande automatique de m\u00e9dicaments) et de l'assistance au quotidien (p. ex. communication t\u00e9l\u00e9\/vid\u00e9o avec le personnel m\u00e9dical). Compte tenu de ces besoins des clients et de la situation actuelle du march\u00e9, de nombreuses possibilit\u00e9s s'offrent aux assurances maladie, mais aussi \u00e0 d'autres acteurs du march\u00e9 de la sant\u00e9, dans les domaines des partenariats\/\u00e9cosyst\u00e8mes et du lancement de produits innovants autonomes.<br \/>\r\nAu vu de ces r\u00e9sultats, le Dr Marcel Thom, directeur de l'\u00e9tude et responsable Insurance &amp; Digital Health chez Accenture Suisse, estime que \"tant les assureurs maladie que la population ont de grandes attentes en mati\u00e8re de sant\u00e9 num\u00e9rique. Il s'agit ici de cr\u00e9er rapidement des solutions qui offrent une valeur ajout\u00e9e claire aux fournisseurs et aux utilisateurs finaux\".<\/p>\r\n<p><em>Source : <a href=\"http:\/\/www.accenture.com\/\">Accenture<\/a><\/em><\/p>\n<p class=\"syndicated-attribution\">Cet article est paru initialement sur m-q.ch - <a href=\"https:\/\/www.m-q.ch\/de\/digital-health-80-der-schweizer-versicherten-waeren-bereit-ihre-daten-mit-krankenversicherungen-zu-teilen\/\" target=\"_blank\">https:\/\/www.m-q.ch\/de\/digital-health-80-der-schweizer-versicherten-waeren-bereit-ihre-daten-mit-krankenversicherungen-zu-teilen\/<\/a><\/p>","protected":false},"excerpt":{"rendered":"<p>Das Beratungsunternehmen Accenture hat den Puls zum Thema \u201eDigital Health\u201c gef\u00fchlt und dazu sowohl Branchenexperten wie auch Konsumenten befragt. Dabei zeigte sich dass Branchenexepertinnen und -experten am meisten in Kundenportale, mobile Apps (z.B. mobile Gesundheitscoachs) und Plattformen investieren. Digital Health: Herausforderungen in vielen Bereichen Im Zusammenhang mit diesen Themen geht aus der Studie hervor, dass [\u2026]<\/p>\n","protected":false},"author":8,"featured_media":0,"comment_status":"closed","ping_status":"closed","sticky":false,"template":"","format":"standard","meta":{"_acf_changed":false,"_yoast_wpseo_focuskw":"Digital Health","_yoast_wpseo_metadesc":"Accenture Studie: 70% sehen Mehrwert in Digital Health. Hohe Bereitschaft, Gesundheitsdaten mit Versicherungen zu teilen.","articlekey":"","footnotes":""},"categories":[582],"tags":[3375],"class_list":["post-16849","post","type-post","status-publish","format-standard","hentry","category-operational-excellence","tag-digital-health"],"acf":[],"yoast_head":"<!-- This site is optimized with the Yoast SEO plugin v27.5 - https:\/\/yoast.com\/product\/yoast-seo-wordpress\/ -->\n<title>Digital Health: 80% der Schweizer Versicherten w\u00e4ren bereit, ihre Daten mit Krankenversicherungen zu teilen - Organisator<\/title>\n<meta name=\"description\" content=\"Accenture Studie: 70% sehen Mehrwert in Digital Health. Hohe Bereitschaft, Gesundheitsdaten mit Versicherungen zu teilen.\" \/>\n<meta name=\"robots\" content=\"index, follow, max-snippet:-1, max-image-preview:large, max-video-preview:-1\" \/>\n<link rel=\"canonical\" href=\"https:\/\/www.organisator.ch\/fr\/excellence-operationnelle\/2022-09-08\/digital-health-80-des-assures-suisses-prets-a-partager-leurs-donnees-avec-les-assurances-maladie\/\" \/>\n<meta property=\"og:locale\" content=\"fr_FR\" \/>\n<meta property=\"og:type\" content=\"article\" \/>\n<meta property=\"og:title\" content=\"Digital Health: 80% der Schweizer Versicherten w\u00e4ren bereit, ihre Daten mit Krankenversicherungen zu teilen - Organisator\" \/>\n<meta property=\"og:description\" content=\"Accenture Studie: 70% sehen Mehrwert in Digital Health. Hohe Bereitschaft, Gesundheitsdaten mit Versicherungen zu teilen.\" \/>\n<meta property=\"og:url\" content=\"https:\/\/www.organisator.ch\/fr\/excellence-operationnelle\/2022-09-08\/digital-health-80-des-assures-suisses-prets-a-partager-leurs-donnees-avec-les-assurances-maladie\/\" \/>\n<meta property=\"og:site_name\" content=\"Organisator\" \/>\n<meta property=\"article:publisher\" content=\"https:\/\/www.facebook.com\/OrganisatorFachmagazin\" \/>\n<meta property=\"article:published_time\" content=\"2022-09-08T06:30:32+00:00\" \/>\n<meta property=\"article:modified_time\" content=\"2024-11-22T06:21:45+00:00\" \/>\n<meta name=\"author\" content=\"galledia\" \/>\n<meta name=\"twitter:card\" content=\"summary_large_image\" \/>\n<meta name=\"twitter:creator\" content=\"@admin\" \/>\n<script type=\"application\/ld+json\" class=\"yoast-schema-graph\">{\"@context\":\"https:\\\/\\\/schema.org\",\"@graph\":[{\"@type\":\"Article\",\"@id\":\"https:\\\/\\\/www.organisator.ch\\\/operational-excellence\\\/2022-09-08\\\/digital-health-80-der-schweizer-versicherten-waeren-bereit-ihre-daten-mit-krankenversicherungen-zu-teilen\\\/#article\",\"isPartOf\":{\"@id\":\"https:\\\/\\\/www.organisator.ch\\\/operational-excellence\\\/2022-09-08\\\/digital-health-80-der-schweizer-versicherten-waeren-bereit-ihre-daten-mit-krankenversicherungen-zu-teilen\\\/\"},\"author\":{\"name\":\"galledia\",\"@id\":\"https:\\\/\\\/www.organisator.ch\\\/#\\\/schema\\\/person\\\/4e51799071cd2dd1232ac003643ef5f0\"},\"headline\":\"Digital Health: 80% der Schweizer Versicherten w\u00e4ren bereit, ihre Daten mit Krankenversicherungen zu teilen\",\"datePublished\":\"2022-09-08T06:30:32+00:00\",\"dateModified\":\"2024-11-22T06:21:45+00:00\",\"mainEntityOfPage\":{\"@id\":\"https:\\\/\\\/www.organisator.ch\\\/operational-excellence\\\/2022-09-08\\\/digital-health-80-der-schweizer-versicherten-waeren-bereit-ihre-daten-mit-krankenversicherungen-zu-teilen\\\/\"},\"wordCount\":754,\"publisher\":{\"@id\":\"https:\\\/\\\/www.organisator.ch\\\/#organization\"},\"image\":{\"@id\":\"https:\\\/\\\/www.organisator.ch\\\/operational-excellence\\\/2022-09-08\\\/digital-health-80-der-schweizer-versicherten-waeren-bereit-ihre-daten-mit-krankenversicherungen-zu-teilen\\\/#primaryimage\"},\"thumbnailUrl\":\"https:\\\/\\\/www.m-q.ch\\\/wp-content\\\/uploads\\\/2022\\\/09\\\/Digital-Health-80-der-Schweizer-Versicherten-waeren-bereit-ihre-Daten-mit-Krankenversicherungen-zu-teilen-2_MQ.jpg\",\"keywords\":[\"Digital Health\"],\"articleSection\":[\"OPERATIONAL EXCELLENCE\"],\"inLanguage\":\"fr-FR\"},{\"@type\":\"WebPage\",\"@id\":\"https:\\\/\\\/www.organisator.ch\\\/operational-excellence\\\/2022-09-08\\\/digital-health-80-der-schweizer-versicherten-waeren-bereit-ihre-daten-mit-krankenversicherungen-zu-teilen\\\/\",\"url\":\"https:\\\/\\\/www.organisator.ch\\\/operational-excellence\\\/2022-09-08\\\/digital-health-80-der-schweizer-versicherten-waeren-bereit-ihre-daten-mit-krankenversicherungen-zu-teilen\\\/\",\"name\":\"Digital Health: 80% der Schweizer Versicherten w\u00e4ren bereit, ihre Daten mit Krankenversicherungen zu teilen - Organisator\",\"isPartOf\":{\"@id\":\"https:\\\/\\\/www.organisator.ch\\\/#website\"},\"primaryImageOfPage\":{\"@id\":\"https:\\\/\\\/www.organisator.ch\\\/operational-excellence\\\/2022-09-08\\\/digital-health-80-der-schweizer-versicherten-waeren-bereit-ihre-daten-mit-krankenversicherungen-zu-teilen\\\/#primaryimage\"},\"image\":{\"@id\":\"https:\\\/\\\/www.organisator.ch\\\/operational-excellence\\\/2022-09-08\\\/digital-health-80-der-schweizer-versicherten-waeren-bereit-ihre-daten-mit-krankenversicherungen-zu-teilen\\\/#primaryimage\"},\"thumbnailUrl\":\"https:\\\/\\\/www.m-q.ch\\\/wp-content\\\/uploads\\\/2022\\\/09\\\/Digital-Health-80-der-Schweizer-Versicherten-waeren-bereit-ihre-Daten-mit-Krankenversicherungen-zu-teilen-2_MQ.jpg\",\"datePublished\":\"2022-09-08T06:30:32+00:00\",\"dateModified\":\"2024-11-22T06:21:45+00:00\",\"description\":\"Accenture Studie: 70% sehen Mehrwert in Digital Health. Hohe Bereitschaft, Gesundheitsdaten mit Versicherungen zu teilen.\",\"breadcrumb\":{\"@id\":\"https:\\\/\\\/www.organisator.ch\\\/operational-excellence\\\/2022-09-08\\\/digital-health-80-der-schweizer-versicherten-waeren-bereit-ihre-daten-mit-krankenversicherungen-zu-teilen\\\/#breadcrumb\"},\"inLanguage\":\"fr-FR\",\"potentialAction\":[{\"@type\":\"ReadAction\",\"target\":[\"https:\\\/\\\/www.organisator.ch\\\/operational-excellence\\\/2022-09-08\\\/digital-health-80-der-schweizer-versicherten-waeren-bereit-ihre-daten-mit-krankenversicherungen-zu-teilen\\\/\"]}]},{\"@type\":\"ImageObject\",\"inLanguage\":\"fr-FR\",\"@id\":\"https:\\\/\\\/www.organisator.ch\\\/operational-excellence\\\/2022-09-08\\\/digital-health-80-der-schweizer-versicherten-waeren-bereit-ihre-daten-mit-krankenversicherungen-zu-teilen\\\/#primaryimage\",\"url\":\"https:\\\/\\\/www.m-q.ch\\\/wp-content\\\/uploads\\\/2022\\\/09\\\/Digital-Health-80-der-Schweizer-Versicherten-waeren-bereit-ihre-Daten-mit-Krankenversicherungen-zu-teilen-2_MQ.jpg\",\"contentUrl\":\"https:\\\/\\\/www.m-q.ch\\\/wp-content\\\/uploads\\\/2022\\\/09\\\/Digital-Health-80-der-Schweizer-Versicherten-waeren-bereit-ihre-Daten-mit-Krankenversicherungen-zu-teilen-2_MQ.jpg\"},{\"@type\":\"BreadcrumbList\",\"@id\":\"https:\\\/\\\/www.organisator.ch\\\/operational-excellence\\\/2022-09-08\\\/digital-health-80-der-schweizer-versicherten-waeren-bereit-ihre-daten-mit-krankenversicherungen-zu-teilen\\\/#breadcrumb\",\"itemListElement\":[{\"@type\":\"ListItem\",\"position\":1,\"name\":\"Home\",\"item\":\"https:\\\/\\\/www.organisator.ch\\\/\"},{\"@type\":\"ListItem\",\"position\":2,\"name\":\"Digital Health: 80% der Schweizer Versicherten w\u00e4ren bereit, ihre Daten mit Krankenversicherungen zu teilen\"}]},{\"@type\":\"WebSite\",\"@id\":\"https:\\\/\\\/www.organisator.ch\\\/#website\",\"url\":\"https:\\\/\\\/www.organisator.ch\\\/\",\"name\":\"Organisator\",\"description\":\"Kompetent. Praxisnah. Der ORGANISATOR bereitet in 10 Ausgaben pro Jahr die wesentlichen Themen f\u00fcr F\u00fchrungskr\u00e4fte von KMU auf.\",\"publisher\":{\"@id\":\"https:\\\/\\\/www.organisator.ch\\\/#organization\"},\"potentialAction\":[{\"@type\":\"SearchAction\",\"target\":{\"@type\":\"EntryPoint\",\"urlTemplate\":\"https:\\\/\\\/www.organisator.ch\\\/?s={search_term_string}\"},\"query-input\":{\"@type\":\"PropertyValueSpecification\",\"valueRequired\":true,\"valueName\":\"search_term_string\"}}],\"inLanguage\":\"fr-FR\"},{\"@type\":\"Organization\",\"@id\":\"https:\\\/\\\/www.organisator.ch\\\/#organization\",\"name\":\"Organisator\",\"url\":\"https:\\\/\\\/www.organisator.ch\\\/\",\"logo\":{\"@type\":\"ImageObject\",\"inLanguage\":\"fr-FR\",\"@id\":\"https:\\\/\\\/www.organisator.ch\\\/#\\\/schema\\\/logo\\\/image\\\/\",\"url\":\"https:\\\/\\\/www.organisator.ch\\\/wp-content\\\/uploads\\\/2022\\\/01\\\/Logo_Organisator_Website.png\",\"contentUrl\":\"https:\\\/\\\/www.organisator.ch\\\/wp-content\\\/uploads\\\/2022\\\/01\\\/Logo_Organisator_Website.png\",\"width\":800,\"height\":77,\"caption\":\"Organisator\"},\"image\":{\"@id\":\"https:\\\/\\\/www.organisator.ch\\\/#\\\/schema\\\/logo\\\/image\\\/\"},\"sameAs\":[\"https:\\\/\\\/www.facebook.com\\\/OrganisatorFachmagazin\",\"https:\\\/\\\/www.linkedin.com\\\/showcase\\\/organisator-das-magazin-fr-kmu\",\"https:\\\/\\\/www.xing.com\\\/news\\\/pages\\\/organisator-ch-695\",\"https:\\\/\\\/www.youtube.com\\\/channel\\\/UCGP2Sq0iWaZwT3BdIAQFYpw\"]},{\"@type\":\"Person\",\"@id\":\"https:\\\/\\\/www.organisator.ch\\\/#\\\/schema\\\/person\\\/4e51799071cd2dd1232ac003643ef5f0\",\"name\":\"galledia\",\"image\":{\"@type\":\"ImageObject\",\"inLanguage\":\"fr-FR\",\"@id\":\"https:\\\/\\\/secure.gravatar.com\\\/avatar\\\/78a7f90c01fc2bfc875782a0d4922b37cde2cf184ce347b91316d23cd7f69a36?s=96&d=mm&r=g\",\"url\":\"https:\\\/\\\/secure.gravatar.com\\\/avatar\\\/78a7f90c01fc2bfc875782a0d4922b37cde2cf184ce347b91316d23cd7f69a36?s=96&d=mm&r=g\",\"contentUrl\":\"https:\\\/\\\/secure.gravatar.com\\\/avatar\\\/78a7f90c01fc2bfc875782a0d4922b37cde2cf184ce347b91316d23cd7f69a36?s=96&d=mm&r=g\",\"caption\":\"galledia\"},\"sameAs\":[\"https:\\\/\\\/x.com\\\/admin\"],\"url\":\"https:\\\/\\\/www.organisator.ch\\\/fr\\\/author\\\/galledia\\\/\"}]}<\/script>\n<!-- \/ Yoast SEO plugin. -->","yoast_head_json":{"title":"Sant\u00e9 num\u00e9rique : 80% des assur\u00e9s suisses seraient pr\u00eats \u00e0 partager leurs donn\u00e9es avec les assurances maladie - Organisateur","description":"\u00c9tude Accenture : 70% voient une valeur ajout\u00e9e dans la sant\u00e9 num\u00e9rique. Forte volont\u00e9 de partager les donn\u00e9es de sant\u00e9 avec les assurances.","robots":{"index":"index","follow":"follow","max-snippet":"max-snippet:-1","max-image-preview":"max-image-preview:large","max-video-preview":"max-video-preview:-1"},"canonical":"https:\/\/www.organisator.ch\/fr\/excellence-operationnelle\/2022-09-08\/digital-health-80-des-assures-suisses-prets-a-partager-leurs-donnees-avec-les-assurances-maladie\/","og_locale":"fr_FR","og_type":"article","og_title":"Digital Health: 80% der Schweizer Versicherten w\u00e4ren bereit, ihre Daten mit Krankenversicherungen zu teilen - Organisator","og_description":"Accenture Studie: 70% sehen Mehrwert in Digital Health. Hohe Bereitschaft, Gesundheitsdaten mit Versicherungen zu teilen.","og_url":"https:\/\/www.organisator.ch\/fr\/excellence-operationnelle\/2022-09-08\/digital-health-80-des-assures-suisses-prets-a-partager-leurs-donnees-avec-les-assurances-maladie\/","og_site_name":"Organisator","article_publisher":"https:\/\/www.facebook.com\/OrganisatorFachmagazin","article_published_time":"2022-09-08T06:30:32+00:00","article_modified_time":"2024-11-22T06:21:45+00:00","author":"galledia","twitter_card":"summary_large_image","twitter_creator":"@admin","schema":{"@context":"https:\/\/schema.org","@graph":[{"@type":"Article","@id":"https:\/\/www.organisator.ch\/operational-excellence\/2022-09-08\/digital-health-80-der-schweizer-versicherten-waeren-bereit-ihre-daten-mit-krankenversicherungen-zu-teilen\/#article","isPartOf":{"@id":"https:\/\/www.organisator.ch\/operational-excellence\/2022-09-08\/digital-health-80-der-schweizer-versicherten-waeren-bereit-ihre-daten-mit-krankenversicherungen-zu-teilen\/"},"author":{"name":"galledia","@id":"https:\/\/www.organisator.ch\/#\/schema\/person\/4e51799071cd2dd1232ac003643ef5f0"},"headline":"Digital Health: 80% der Schweizer Versicherten w\u00e4ren bereit, ihre Daten mit Krankenversicherungen zu teilen","datePublished":"2022-09-08T06:30:32+00:00","dateModified":"2024-11-22T06:21:45+00:00","mainEntityOfPage":{"@id":"https:\/\/www.organisator.ch\/operational-excellence\/2022-09-08\/digital-health-80-der-schweizer-versicherten-waeren-bereit-ihre-daten-mit-krankenversicherungen-zu-teilen\/"},"wordCount":754,"publisher":{"@id":"https:\/\/www.organisator.ch\/#organization"},"image":{"@id":"https:\/\/www.organisator.ch\/operational-excellence\/2022-09-08\/digital-health-80-der-schweizer-versicherten-waeren-bereit-ihre-daten-mit-krankenversicherungen-zu-teilen\/#primaryimage"},"thumbnailUrl":"https:\/\/www.m-q.ch\/wp-content\/uploads\/2022\/09\/Digital-Health-80-der-Schweizer-Versicherten-waeren-bereit-ihre-Daten-mit-Krankenversicherungen-zu-teilen-2_MQ.jpg","keywords":["Digital Health"],"articleSection":["OPERATIONAL EXCELLENCE"],"inLanguage":"fr-FR"},{"@type":"WebPage","@id":"https:\/\/www.organisator.ch\/operational-excellence\/2022-09-08\/digital-health-80-der-schweizer-versicherten-waeren-bereit-ihre-daten-mit-krankenversicherungen-zu-teilen\/","url":"https:\/\/www.organisator.ch\/operational-excellence\/2022-09-08\/digital-health-80-der-schweizer-versicherten-waeren-bereit-ihre-daten-mit-krankenversicherungen-zu-teilen\/","name":"Sant\u00e9 num\u00e9rique : 80% des assur\u00e9s suisses seraient pr\u00eats \u00e0 partager leurs donn\u00e9es avec les assurances maladie - Organisateur","isPartOf":{"@id":"https:\/\/www.organisator.ch\/#website"},"primaryImageOfPage":{"@id":"https:\/\/www.organisator.ch\/operational-excellence\/2022-09-08\/digital-health-80-der-schweizer-versicherten-waeren-bereit-ihre-daten-mit-krankenversicherungen-zu-teilen\/#primaryimage"},"image":{"@id":"https:\/\/www.organisator.ch\/operational-excellence\/2022-09-08\/digital-health-80-der-schweizer-versicherten-waeren-bereit-ihre-daten-mit-krankenversicherungen-zu-teilen\/#primaryimage"},"thumbnailUrl":"https:\/\/www.m-q.ch\/wp-content\/uploads\/2022\/09\/Digital-Health-80-der-Schweizer-Versicherten-waeren-bereit-ihre-Daten-mit-Krankenversicherungen-zu-teilen-2_MQ.jpg","datePublished":"2022-09-08T06:30:32+00:00","dateModified":"2024-11-22T06:21:45+00:00","description":"\u00c9tude Accenture : 70% voient une valeur ajout\u00e9e dans la sant\u00e9 num\u00e9rique. Forte volont\u00e9 de partager les donn\u00e9es de sant\u00e9 avec les assurances.","breadcrumb":{"@id":"https:\/\/www.organisator.ch\/operational-excellence\/2022-09-08\/digital-health-80-der-schweizer-versicherten-waeren-bereit-ihre-daten-mit-krankenversicherungen-zu-teilen\/#breadcrumb"},"inLanguage":"fr-FR","potentialAction":[{"@type":"ReadAction","target":["https:\/\/www.organisator.ch\/operational-excellence\/2022-09-08\/digital-health-80-der-schweizer-versicherten-waeren-bereit-ihre-daten-mit-krankenversicherungen-zu-teilen\/"]}]},{"@type":"ImageObject","inLanguage":"fr-FR","@id":"https:\/\/www.organisator.ch\/operational-excellence\/2022-09-08\/digital-health-80-der-schweizer-versicherten-waeren-bereit-ihre-daten-mit-krankenversicherungen-zu-teilen\/#primaryimage","url":"https:\/\/www.m-q.ch\/wp-content\/uploads\/2022\/09\/Digital-Health-80-der-Schweizer-Versicherten-waeren-bereit-ihre-Daten-mit-Krankenversicherungen-zu-teilen-2_MQ.jpg","contentUrl":"https:\/\/www.m-q.ch\/wp-content\/uploads\/2022\/09\/Digital-Health-80-der-Schweizer-Versicherten-waeren-bereit-ihre-Daten-mit-Krankenversicherungen-zu-teilen-2_MQ.jpg"},{"@type":"BreadcrumbList","@id":"https:\/\/www.organisator.ch\/operational-excellence\/2022-09-08\/digital-health-80-der-schweizer-versicherten-waeren-bereit-ihre-daten-mit-krankenversicherungen-zu-teilen\/#breadcrumb","itemListElement":[{"@type":"ListItem","position":1,"name":"Home","item":"https:\/\/www.organisator.ch\/"},{"@type":"ListItem","position":2,"name":"Digital Health: 80% der Schweizer Versicherten w\u00e4ren bereit, ihre Daten mit Krankenversicherungen zu teilen"}]},{"@type":"WebSite","@id":"https:\/\/www.organisator.ch\/#website","url":"https:\/\/www.organisator.ch\/","name":"Organisateur","description":"Comp\u00e9tence et comp\u00e9tence. Proches de la pratique. L'ORGANISATEUR pr\u00e9pare 10 num\u00e9ros par an sur les th\u00e8mes essentiels pour les dirigeants de PME.","publisher":{"@id":"https:\/\/www.organisator.ch\/#organization"},"potentialAction":[{"@type":"SearchAction","target":{"@type":"EntryPoint","urlTemplate":"https:\/\/www.organisator.ch\/?s={search_term_string}"},"query-input":{"@type":"PropertyValueSpecification","valueRequired":true,"valueName":"search_term_string"}}],"inLanguage":"fr-FR"},{"@type":"Organization","@id":"https:\/\/www.organisator.ch\/#organization","name":"Organisateur","url":"https:\/\/www.organisator.ch\/","logo":{"@type":"ImageObject","inLanguage":"fr-FR","@id":"https:\/\/www.organisator.ch\/#\/schema\/logo\/image\/","url":"https:\/\/www.organisator.ch\/wp-content\/uploads\/2022\/01\/Logo_Organisator_Website.png","contentUrl":"https:\/\/www.organisator.ch\/wp-content\/uploads\/2022\/01\/Logo_Organisator_Website.png","width":800,"height":77,"caption":"Organisator"},"image":{"@id":"https:\/\/www.organisator.ch\/#\/schema\/logo\/image\/"},"sameAs":["https:\/\/www.facebook.com\/OrganisatorFachmagazin","https:\/\/www.linkedin.com\/showcase\/organisator-das-magazin-fr-kmu","https:\/\/www.xing.com\/news\/pages\/organisator-ch-695","https:\/\/www.youtube.com\/channel\/UCGP2Sq0iWaZwT3BdIAQFYpw"]},{"@type":"Person","@id":"https:\/\/www.organisator.ch\/#\/schema\/person\/4e51799071cd2dd1232ac003643ef5f0","name":"galledia","image":{"@type":"ImageObject","inLanguage":"fr-FR","@id":"https:\/\/secure.gravatar.com\/avatar\/78a7f90c01fc2bfc875782a0d4922b37cde2cf184ce347b91316d23cd7f69a36?s=96&d=mm&r=g","url":"https:\/\/secure.gravatar.com\/avatar\/78a7f90c01fc2bfc875782a0d4922b37cde2cf184ce347b91316d23cd7f69a36?s=96&d=mm&r=g","contentUrl":"https:\/\/secure.gravatar.com\/avatar\/78a7f90c01fc2bfc875782a0d4922b37cde2cf184ce347b91316d23cd7f69a36?s=96&d=mm&r=g","caption":"galledia"},"sameAs":["https:\/\/x.com\/admin"],"url":"https:\/\/www.organisator.ch\/fr\/author\/galledia\/"}]}},"_links":{"self":[{"href":"https:\/\/www.organisator.ch\/fr\/wp-json\/wp\/v2\/posts\/16849","targetHints":{"allow":["GET"]}}],"collection":[{"href":"https:\/\/www.organisator.ch\/fr\/wp-json\/wp\/v2\/posts"}],"about":[{"href":"https:\/\/www.organisator.ch\/fr\/wp-json\/wp\/v2\/types\/post"}],"author":[{"embeddable":true,"href":"https:\/\/www.organisator.ch\/fr\/wp-json\/wp\/v2\/users\/8"}],"replies":[{"embeddable":true,"href":"https:\/\/www.organisator.ch\/fr\/wp-json\/wp\/v2\/comments?post=16849"}],"version-history":[{"count":3,"href":"https:\/\/www.organisator.ch\/fr\/wp-json\/wp\/v2\/posts\/16849\/revisions"}],"predecessor-version":[{"id":33824,"href":"https:\/\/www.organisator.ch\/fr\/wp-json\/wp\/v2\/posts\/16849\/revisions\/33824"}],"wp:attachment":[{"href":"https:\/\/www.organisator.ch\/fr\/wp-json\/wp\/v2\/media?parent=16849"}],"wp:term":[{"taxonomy":"category","embeddable":true,"href":"https:\/\/www.organisator.ch\/fr\/wp-json\/wp\/v2\/categories?post=16849"},{"taxonomy":"post_tag","embeddable":true,"href":"https:\/\/www.organisator.ch\/fr\/wp-json\/wp\/v2\/tags?post=16849"}],"curies":[{"name":"wp","href":"https:\/\/api.w.org\/{rel}","templated":true}]}}