{"id":16877,"date":"2022-09-09T13:53:26","date_gmt":"2022-09-09T11:53:26","guid":{"rendered":"https:\/\/www.organisator.ch\/?p=16877"},"modified":"2022-09-09T13:53:26","modified_gmt":"2022-09-09T11:53:26","slug":"business-day-swissmechanic-2022-pistes-de-solutions-demandees-pas-de-coups","status":"publish","type":"post","link":"https:\/\/www.organisator.ch\/fr\/sustainability\/2022-09-09\/business-day-swissmechanic-2022-loesungswege-gefragt-nicht-schlagwoerter\/","title":{"rendered":"Business Day Swissmechanic 2022 : Des solutions sont demand\u00e9es, pas des slogans"},"content":{"rendered":"<figure id=\"attachment_16878\" aria-describedby=\"caption-attachment-16878\" style=\"width: 680px\" class=\"wp-caption alignnone\"><img loading=\"lazy\" decoding=\"async\" class=\"size-full wp-image-16878\" src=\"https:\/\/www.organisator.ch\/wp-content\/uploads\/2022\/09\/Business-Day-Swissmechanic-2022-Losungswege-gefragt-nicht-Schlagworter-1_Organisator.jpg\" alt=\"\" width=\"680\" height=\"453\" srcset=\"https:\/\/www.organisator.ch\/wp-content\/uploads\/2022\/09\/Business-Day-Swissmechanic-2022-Losungswege-gefragt-nicht-Schlagworter-1_Organisator.jpg 680w, https:\/\/www.organisator.ch\/wp-content\/uploads\/2022\/09\/Business-Day-Swissmechanic-2022-Losungswege-gefragt-nicht-Schlagworter-1_Organisator-18x12.jpg 18w, https:\/\/www.organisator.ch\/wp-content\/uploads\/2022\/09\/Business-Day-Swissmechanic-2022-Losungswege-gefragt-nicht-Schlagworter-1_Organisator-263x175.jpg 263w, https:\/\/www.organisator.ch\/wp-content\/uploads\/2022\/09\/Business-Day-Swissmechanic-2022-Losungswege-gefragt-nicht-Schlagworter-1_Organisator-525x350.jpg 525w, https:\/\/www.organisator.ch\/wp-content\/uploads\/2022\/09\/Business-Day-Swissmechanic-2022-Losungswege-gefragt-nicht-Schlagworter-1_Organisator-300x200.jpg 300w\" sizes=\"auto, (max-width: 680px) 100vw, 680px\" \/><figcaption id=\"caption-attachment-16878\" class=\"wp-caption-text\">Thierry Burkart en discussion politique avec Claudia Steinmann lors du Swissmechanic Business Day : \"Vous, les m\u00e9caniciens suisses, vous \u00eates d'importance syst\u00e9mique, vous \u00eates too many to fail !\" (Image : Swissmechanic)<\/figcaption><\/figure>\n<p>Le 6 septembre, Swissmechanic, l'association patronale des PME de l'industrie des machines, des \u00e9quipements \u00e9lectriques et des m\u00e9taux, a abord\u00e9 de mani\u00e8re approfondie le th\u00e8me d'actualit\u00e9 \"ENERGIE - La Suisse va-t-elle manquer de courant ? Des sp\u00e9cialistes de haut niveau - des sommit\u00e9s exp\u00e9riment\u00e9es dans leur domaine - ont examin\u00e9 le th\u00e8me de l'\u00e9nergie et de l'environnement sous leur angle sp\u00e9cifique. \"En ce moment, la politique, les partis et les associations accumulent les reproches, les accusations et les revendications sauvages. On se dispute \u00e2prement pour savoir qui a \u00e9t\u00e9 trop opportuniste ou trop l\u00e9ger et qui peut \u00eatre d\u00e9sign\u00e9 comme bouc \u00e9missaire. Mais nous n'avons pas besoin aujourd'hui de slogans qui d\u00e9clenchent certes un \u00e9cho m\u00e9diatique, mais qui ne transmettent gu\u00e8re de connaissances et n'indiquent gu\u00e8re de solutions. Nous avons besoin de faits clairs pour trouver des solutions qui fonctionnent dans la r\u00e9alit\u00e9\", a critiqu\u00e9 J\u00fcrg Marti, directeur de Swissmechanic, dans son discours de bienvenue.<\/p>\n<h3><strong>Critique de la politique climatique de l'Europe<\/strong><\/h3>\n<p>Hans-Werner Sinn, l'un des plus grands esprits d'Allemagne et laur\u00e9at de nombreux prix, a fait un expos\u00e9 sur le probl\u00e8me du climat et le tournant \u00e9nerg\u00e9tique suisse. Sa conclusion : \"On ne peut pas prot\u00e9ger le climat sans conclure et contr\u00f4ler des accords mondiaux contraignants. L'unilat\u00e9ralisme de l'Europe en mati\u00e8re de politique climatique minera la comp\u00e9titivit\u00e9 de ses industries, amorcera son d\u00e9clin \u00e9conomique et dissuadera d'autres pays de suivre la voie europ\u00e9enne, et plus particuli\u00e8rement la voie allemande\".<\/p>\n<figure id=\"attachment_16879\" aria-describedby=\"caption-attachment-16879\" style=\"width: 680px\" class=\"wp-caption alignnone\"><img loading=\"lazy\" decoding=\"async\" class=\"size-full wp-image-16879\" src=\"https:\/\/www.organisator.ch\/wp-content\/uploads\/2022\/09\/Business-Day-Swissmechanic-2022-Losungswege-gefragt-nicht-Schlagworter-2_Organisator.jpg\" alt=\"\" width=\"680\" height=\"453\" srcset=\"https:\/\/www.organisator.ch\/wp-content\/uploads\/2022\/09\/Business-Day-Swissmechanic-2022-Losungswege-gefragt-nicht-Schlagworter-2_Organisator.jpg 680w, https:\/\/www.organisator.ch\/wp-content\/uploads\/2022\/09\/Business-Day-Swissmechanic-2022-Losungswege-gefragt-nicht-Schlagworter-2_Organisator-18x12.jpg 18w, https:\/\/www.organisator.ch\/wp-content\/uploads\/2022\/09\/Business-Day-Swissmechanic-2022-Losungswege-gefragt-nicht-Schlagworter-2_Organisator-263x175.jpg 263w, https:\/\/www.organisator.ch\/wp-content\/uploads\/2022\/09\/Business-Day-Swissmechanic-2022-Losungswege-gefragt-nicht-Schlagworter-2_Organisator-525x350.jpg 525w, https:\/\/www.organisator.ch\/wp-content\/uploads\/2022\/09\/Business-Day-Swissmechanic-2022-Losungswege-gefragt-nicht-Schlagworter-2_Organisator-300x200.jpg 300w\" sizes=\"auto, (max-width: 680px) 100vw, 680px\" \/><figcaption id=\"caption-attachment-16879\" class=\"wp-caption-text\">Hans-Werner Sinn : \"On ne peut pas prot\u00e9ger le climat sans conclure et contr\u00f4ler des accords mondiaux contraignants\". (Image : Swissmechanic)<\/figcaption><\/figure>\n<h3><strong>Ce qui doit se passer en cas de crise<\/strong><\/h3>\n<p>Werner Meier, ing\u00e9nieur \u00e9lectricien dipl\u00f4m\u00e9 EPF, qui a d\u00e9j\u00e0 travaill\u00e9 pour plusieurs entreprises dans le domaine de l'\u00e9nergie et qui est d\u00e9l\u00e9gu\u00e9 \u00e0 l'approvisionnement \u00e9conomique du pays depuis 2016, a expliqu\u00e9 dans quels cas de figure et de quelle mani\u00e8re l'approvisionnement \u00e9conomique du pays intervient.<\/p>\n<p>Suzanne Thoma, ing\u00e9nieure chimiste dipl\u00f4m\u00e9e (EPF Zurich), docteur en sciences techniques, pr\u00e9sidente du conseil d'administration de Sulzer AG et auparavant CEO de BKW AG pendant neuf ans, a mis en garde : l'approvisionnement \u00e9nerg\u00e9tique de la Suisse d\u00e9pend \u00e0 plus de 60 pour cent de l'\u00e9tranger (p\u00e9trole et gaz), l'abandon des \u00e9nergies fossiles entra\u00eene un besoin accru d'\u00e9lectricit\u00e9. Une quantit\u00e9 d'\u00e9lectricit\u00e9 suffisante \u00e0 tout moment de la journ\u00e9e n\u00e9cessite d'autres sources d'\u00e9lectricit\u00e9 ou des importations d'\u00e9lectricit\u00e9. Il y a parfois jusqu'\u00e0 7 GW de d\u00e9ficit. Thoma a parl\u00e9 d'un \"trilemme\" de la politique \u00e9lectrique suisse. Celle-ci a trois probl\u00e8mes principaux : une importation limit\u00e9e (capacit\u00e9 fortement r\u00e9duite de la France, manque de gaz pour les centrales \u00e0 gaz allemandes, pas d'accord sur l'\u00e9lectricit\u00e9 au sein de l'UE), une consommation d'\u00e9lectricit\u00e9 croissante et des possibilit\u00e9s de d\u00e9veloppement limit\u00e9es. Un d\u00e9veloppement massif de l'\u00e9nergie solaire ne r\u00e9soudrait pas suffisamment le probl\u00e8me. Les centrales \u00e0 gaz pilotables comme solution transitoire sont un \"must\". Il faut mettre en place des incitations \u00e0 l'investissement, surmonter la mentalit\u00e9 de blocage des projets d'extension et clarifier la situation avec l'Europe, car l'\u00e9nergie est li\u00e9e \u00e0 la s\u00e9curit\u00e9. \"Aucune strat\u00e9gie \u00e9nerg\u00e9tique ne permet de trouver le beurre et l'argent du beurre\", a d\u00e9clar\u00e9 Thoma lors de la table ronde.<\/p>\n<h3><strong>D\u00e9bat politique lors du Business Day de Swissmechanic<\/strong><\/h3>\n<p>Le point de vue d'une politique \u00e9nerg\u00e9tique lib\u00e9rale a \u00e9t\u00e9 d\u00e9fendu par Thierry Burkart, avocat et pr\u00e9sident du parti lib\u00e9ral-radical, lors d'un d\u00e9bat politique avec l'animatrice Claudia Steinmann, r\u00e9dactrice en chef de Tele Z. Dans la perspective d'une \u00e9ventuelle sortie du nucl\u00e9aire, Thierry Burkart a pr\u00f4n\u00e9 une approche s\u00e9quentielle : d'abord la garantie de la s\u00e9curit\u00e9 de l'approvisionnement en \u00e9lectricit\u00e9 \u00e0 court terme, une d\u00e9carbonisation \u00e0 moyen terme et seulement \u00e0 long terme la discussion sur l'\u00e9nergie nucl\u00e9aire. Burkart a \u00e9galement fait remarquer que la Suisse devait faire ses propres devoirs, dans le sens d'une lib\u00e9ralisation compl\u00e8te du march\u00e9 de l'\u00e9lectricit\u00e9, avant de penser \u00e0 un accord sur l'\u00e9lectricit\u00e9 avec l'UE. Burkart a conclu la discussion qui a suivi avec le public de Swissmechanic en d\u00e9clarant : \"Vous \u00eates d'importance syst\u00e9mique, vous \u00eates too many to fail\" !<\/p>\n<h3><strong>Des centrales nucl\u00e9aires modernes s\u00fbres<\/strong><\/h3>\n<p>Le Dr Marc Kenzelmann, directeur de l'Inspection f\u00e9d\u00e9rale de la s\u00e9curit\u00e9 nucl\u00e9aire (IFSN) depuis 2020, a pr\u00e9sent\u00e9 aux personnes pr\u00e9sentes les centrales nucl\u00e9aires des quatre g\u00e9n\u00e9rations actuelles et leurs syst\u00e8mes de s\u00e9curit\u00e9. Alors que les centrales de la g\u00e9n\u00e9ration deux, actuellement pr\u00e9dominante (avec 500 r\u00e9acteurs dans le monde), connaissent statistiquement un accident grave tous les 200 \u00e0 2'000 ans, les r\u00e9acteurs de la g\u00e9n\u00e9ration trois sont dix fois plus s\u00fbrs (un accident grave tous les 20'000 ans), principalement gr\u00e2ce aux syst\u00e8mes de s\u00e9curit\u00e9 passifs. Interrog\u00e9 sur l'exposition aux radiations, Kenzelmann a expliqu\u00e9, en tant que Valaisan, que le rayonnement naturel dans son canton d'origine est aussi \u00e9lev\u00e9 que l'exposition actuelle aux radiations dans les zones encore interdites aujourd'hui autour de Fukushima.<\/p>\n<h3><strong>La coordination internationale fait d\u00e9faut<\/strong><\/h3>\n<p>Daniel B\u00fcchel, vice-directeur de l'Office f\u00e9d\u00e9ral de l'\u00e9nergie (OFEN) et responsable du programme SuisseEnergie, a donn\u00e9 un aper\u00e7u de la situation \u00e9nerg\u00e9tique actuelle et des mesures \u00e0 court et \u00e0 long terme pour faire face \u00e0 une situation de p\u00e9nurie d'\u00e9lectricit\u00e9 et de gaz. Selon B\u00fcchel, le d\u00e9fi en Europe est que tous les pays se sont certes engag\u00e9s simultan\u00e9ment dans le tournant \u00e9nerg\u00e9tique, mais qu'ils ne se coordonnent pas entre eux \u00e0 cet \u00e9gard. Pour terminer, B\u00fcchel a abord\u00e9 les th\u00e8mes \u00e9nerg\u00e9tiques qui concernent les PME de la branche MEM et a montr\u00e9 dans quels domaines la Conf\u00e9d\u00e9ration soutient les entreprises dans la mise en \u0153uvre de mesures d'\u00e9conomie d'\u00e9nergie.<\/p>\n<p>Le Business Day a \u00e9t\u00e9 encadr\u00e9 par de nombreux exposants qui ont pr\u00e9sent\u00e9 leurs derniers d\u00e9veloppements, en premier lieu sur le th\u00e8me de l'\u00e9nergie. Les entrepreneurs pr\u00e9sents ont profit\u00e9 de l'occasion pour \u00e9changer entre eux et poser des questions critiques aux intervenants.<\/p>\n<p><em>Source et informations compl\u00e9mentaires : <a href=\"http:\/\/www.swissmechanic.ch\">Swissmechanic<\/a><\/em><\/p>","protected":false},"excerpt":{"rendered":"<p>Swissmechanic, der Arbeitgeberverband der KMU in der Maschinen-, Elektro- und Metall-Industrie, ging am 6. September am traditionellen Business Day vertieft aufs topaktuelle Thema \u00abENERGIE \u2013 Geht der Schweiz der Strom aus?\u00bb ein. Hochkar\u00e4tige Fachleute \u2013 erfahrene Koryph\u00e4en auf ihrem Gebiet \u2013 nahmen das Thema Energie und Umwelt aus ihrem ganz spezifischen Blickwinkel unter die Lupe. [&hellip;]<\/p>\n","protected":false},"author":4,"featured_media":0,"comment_status":"closed","ping_status":"closed","sticky":false,"template":"","format":"standard","meta":{"_acf_changed":false,"_yoast_wpseo_focuskw":"Business Day","_yoast_wpseo_metadesc":"Erwartet uns im Winter eine Mangellage? Droht ein Blackout? Mit diesen und anderen Fragen besch\u00e4ftigte sich der Swissmechanic Business Day.","articlekey":"","footnotes":""},"categories":[580],"tags":[3363,193,503],"class_list":["post-16877","post","type-post","status-publish","format-standard","hentry","category-sustainability","tag-energiekrise","tag-fachkongressfachmesse","tag-verbaende"],"acf":[],"yoast_head":"<!-- This site is optimized with the Yoast SEO plugin v27.5 - https:\/\/yoast.com\/product\/yoast-seo-wordpress\/ -->\n<title>Business Day Swissmechanic 2022: L\u00f6sungswege gefragt, nicht Schlagw\u00f6rter - Organisator<\/title>\n<meta name=\"description\" content=\"Erwartet uns im Winter eine Mangellage? Droht ein Blackout? Mit diesen und anderen Fragen besch\u00e4ftigte sich der Swissmechanic Business Day.\" \/>\n<meta name=\"robots\" content=\"index, follow, max-snippet:-1, max-image-preview:large, max-video-preview:-1\" \/>\n<link rel=\"canonical\" href=\"https:\/\/www.organisator.ch\/fr\/sustainability\/2022-09-09\/business-day-swissmechanic-2022-pistes-de-solutions-demandees-pas-de-coups\/\" \/>\n<meta property=\"og:locale\" content=\"fr_FR\" \/>\n<meta property=\"og:type\" content=\"article\" \/>\n<meta property=\"og:title\" content=\"Business Day Swissmechanic 2022: L\u00f6sungswege gefragt, nicht Schlagw\u00f6rter\" \/>\n<meta property=\"og:description\" content=\"Erwartet uns im Winter eine Mangellage? Droht ein Blackout? Mit diesen und anderen Fragen besch\u00e4ftigte sich der Swissmechanic Business Day.\" \/>\n<meta property=\"og:url\" content=\"https:\/\/www.organisator.ch\/fr\/sustainability\/2022-09-09\/business-day-swissmechanic-2022-pistes-de-solutions-demandees-pas-de-coups\/\" \/>\n<meta property=\"og:site_name\" content=\"Organisator\" \/>\n<meta property=\"article:publisher\" content=\"https:\/\/www.facebook.com\/OrganisatorFachmagazin\" \/>\n<meta property=\"article:published_time\" content=\"2022-09-09T11:53:26+00:00\" \/>\n<meta property=\"og:image\" content=\"https:\/\/www.organisator.ch\/wp-content\/uploads\/2022\/09\/Business-Day-Swissmechanic-2022-Losungswege-gefragt-nicht-Schlagworter-1_Organisator.jpg\" \/>\n\t<meta property=\"og:image:width\" content=\"680\" \/>\n\t<meta property=\"og:image:height\" content=\"453\" \/>\n\t<meta property=\"og:image:type\" content=\"image\/jpeg\" \/>\n<meta name=\"author\" content=\"thomas.berner\" \/>\n<meta name=\"twitter:card\" content=\"summary_large_image\" \/>\n<meta name=\"twitter:title\" content=\"Business Day #Swissmechanic 2022: #L\u00f6sungswege gefragt, nicht #Schlagw\u00f6rter\" \/>\n<meta name=\"twitter:description\" content=\"Erwartet uns im Winter eine #Mangellage? Droht ein #Blackout? Mit diesen und anderen Fragen besch\u00e4ftigte sich der #Swissmechanic Business Day.\" \/>\n<meta name=\"twitter:image\" content=\"https:\/\/www.organisator.ch\/wp-content\/uploads\/2022\/09\/Business-Day-Swissmechanic-2022-Losungswege-gefragt-nicht-Schlagworter-1_Organisator.jpg\" \/>\n<script type=\"application\/ld+json\" class=\"yoast-schema-graph\">{\"@context\":\"https:\\\/\\\/schema.org\",\"@graph\":[{\"@type\":\"Article\",\"@id\":\"https:\\\/\\\/www.organisator.ch\\\/sustainability\\\/2022-09-09\\\/business-day-swissmechanic-2022-loesungswege-gefragt-nicht-schlagwoerter\\\/#article\",\"isPartOf\":{\"@id\":\"https:\\\/\\\/www.organisator.ch\\\/sustainability\\\/2022-09-09\\\/business-day-swissmechanic-2022-loesungswege-gefragt-nicht-schlagwoerter\\\/\"},\"author\":{\"name\":\"thomas.berner\",\"@id\":\"https:\\\/\\\/www.organisator.ch\\\/#\\\/schema\\\/person\\\/6f650f90b2842cd4c0cc334b4e36f67e\"},\"headline\":\"Business Day Swissmechanic 2022: L\u00f6sungswege gefragt, nicht Schlagw\u00f6rter\",\"datePublished\":\"2022-09-09T11:53:26+00:00\",\"mainEntityOfPage\":{\"@id\":\"https:\\\/\\\/www.organisator.ch\\\/sustainability\\\/2022-09-09\\\/business-day-swissmechanic-2022-loesungswege-gefragt-nicht-schlagwoerter\\\/\"},\"wordCount\":836,\"publisher\":{\"@id\":\"https:\\\/\\\/www.organisator.ch\\\/#organization\"},\"image\":{\"@id\":\"https:\\\/\\\/www.organisator.ch\\\/sustainability\\\/2022-09-09\\\/business-day-swissmechanic-2022-loesungswege-gefragt-nicht-schlagwoerter\\\/#primaryimage\"},\"thumbnailUrl\":\"https:\\\/\\\/www.organisator.ch\\\/wp-content\\\/uploads\\\/2022\\\/09\\\/Business-Day-Swissmechanic-2022-Losungswege-gefragt-nicht-Schlagworter-1_Organisator.jpg\",\"keywords\":[\"Energiekrise\",\"Fachkongress\\\/Fachmesse\",\"Verb\u00e4nde\"],\"articleSection\":[\"SUSTAINABILITY\"],\"inLanguage\":\"fr-FR\"},{\"@type\":\"WebPage\",\"@id\":\"https:\\\/\\\/www.organisator.ch\\\/sustainability\\\/2022-09-09\\\/business-day-swissmechanic-2022-loesungswege-gefragt-nicht-schlagwoerter\\\/\",\"url\":\"https:\\\/\\\/www.organisator.ch\\\/sustainability\\\/2022-09-09\\\/business-day-swissmechanic-2022-loesungswege-gefragt-nicht-schlagwoerter\\\/\",\"name\":\"Business Day Swissmechanic 2022: L\u00f6sungswege gefragt, nicht Schlagw\u00f6rter - Organisator\",\"isPartOf\":{\"@id\":\"https:\\\/\\\/www.organisator.ch\\\/#website\"},\"primaryImageOfPage\":{\"@id\":\"https:\\\/\\\/www.organisator.ch\\\/sustainability\\\/2022-09-09\\\/business-day-swissmechanic-2022-loesungswege-gefragt-nicht-schlagwoerter\\\/#primaryimage\"},\"image\":{\"@id\":\"https:\\\/\\\/www.organisator.ch\\\/sustainability\\\/2022-09-09\\\/business-day-swissmechanic-2022-loesungswege-gefragt-nicht-schlagwoerter\\\/#primaryimage\"},\"thumbnailUrl\":\"https:\\\/\\\/www.organisator.ch\\\/wp-content\\\/uploads\\\/2022\\\/09\\\/Business-Day-Swissmechanic-2022-Losungswege-gefragt-nicht-Schlagworter-1_Organisator.jpg\",\"datePublished\":\"2022-09-09T11:53:26+00:00\",\"description\":\"Erwartet uns im Winter eine Mangellage? Droht ein Blackout? Mit diesen und anderen Fragen besch\u00e4ftigte sich der Swissmechanic Business Day.\",\"breadcrumb\":{\"@id\":\"https:\\\/\\\/www.organisator.ch\\\/sustainability\\\/2022-09-09\\\/business-day-swissmechanic-2022-loesungswege-gefragt-nicht-schlagwoerter\\\/#breadcrumb\"},\"inLanguage\":\"fr-FR\",\"potentialAction\":[{\"@type\":\"ReadAction\",\"target\":[\"https:\\\/\\\/www.organisator.ch\\\/sustainability\\\/2022-09-09\\\/business-day-swissmechanic-2022-loesungswege-gefragt-nicht-schlagwoerter\\\/\"]}]},{\"@type\":\"ImageObject\",\"inLanguage\":\"fr-FR\",\"@id\":\"https:\\\/\\\/www.organisator.ch\\\/sustainability\\\/2022-09-09\\\/business-day-swissmechanic-2022-loesungswege-gefragt-nicht-schlagwoerter\\\/#primaryimage\",\"url\":\"https:\\\/\\\/www.organisator.ch\\\/wp-content\\\/uploads\\\/2022\\\/09\\\/Business-Day-Swissmechanic-2022-Losungswege-gefragt-nicht-Schlagworter-1_Organisator.jpg\",\"contentUrl\":\"https:\\\/\\\/www.organisator.ch\\\/wp-content\\\/uploads\\\/2022\\\/09\\\/Business-Day-Swissmechanic-2022-Losungswege-gefragt-nicht-Schlagworter-1_Organisator.jpg\"},{\"@type\":\"BreadcrumbList\",\"@id\":\"https:\\\/\\\/www.organisator.ch\\\/sustainability\\\/2022-09-09\\\/business-day-swissmechanic-2022-loesungswege-gefragt-nicht-schlagwoerter\\\/#breadcrumb\",\"itemListElement\":[{\"@type\":\"ListItem\",\"position\":1,\"name\":\"Home\",\"item\":\"https:\\\/\\\/www.organisator.ch\\\/\"},{\"@type\":\"ListItem\",\"position\":2,\"name\":\"Business Day Swissmechanic 2022: L\u00f6sungswege gefragt, nicht Schlagw\u00f6rter\"}]},{\"@type\":\"WebSite\",\"@id\":\"https:\\\/\\\/www.organisator.ch\\\/#website\",\"url\":\"https:\\\/\\\/www.organisator.ch\\\/\",\"name\":\"Organisator\",\"description\":\"Kompetent. Praxisnah. Der ORGANISATOR bereitet in 10 Ausgaben pro Jahr die wesentlichen Themen f\u00fcr F\u00fchrungskr\u00e4fte von KMU auf.\",\"publisher\":{\"@id\":\"https:\\\/\\\/www.organisator.ch\\\/#organization\"},\"potentialAction\":[{\"@type\":\"SearchAction\",\"target\":{\"@type\":\"EntryPoint\",\"urlTemplate\":\"https:\\\/\\\/www.organisator.ch\\\/?s={search_term_string}\"},\"query-input\":{\"@type\":\"PropertyValueSpecification\",\"valueRequired\":true,\"valueName\":\"search_term_string\"}}],\"inLanguage\":\"fr-FR\"},{\"@type\":\"Organization\",\"@id\":\"https:\\\/\\\/www.organisator.ch\\\/#organization\",\"name\":\"Organisator\",\"url\":\"https:\\\/\\\/www.organisator.ch\\\/\",\"logo\":{\"@type\":\"ImageObject\",\"inLanguage\":\"fr-FR\",\"@id\":\"https:\\\/\\\/www.organisator.ch\\\/#\\\/schema\\\/logo\\\/image\\\/\",\"url\":\"https:\\\/\\\/www.organisator.ch\\\/wp-content\\\/uploads\\\/2022\\\/01\\\/Logo_Organisator_Website.png\",\"contentUrl\":\"https:\\\/\\\/www.organisator.ch\\\/wp-content\\\/uploads\\\/2022\\\/01\\\/Logo_Organisator_Website.png\",\"width\":800,\"height\":77,\"caption\":\"Organisator\"},\"image\":{\"@id\":\"https:\\\/\\\/www.organisator.ch\\\/#\\\/schema\\\/logo\\\/image\\\/\"},\"sameAs\":[\"https:\\\/\\\/www.facebook.com\\\/OrganisatorFachmagazin\",\"https:\\\/\\\/www.linkedin.com\\\/showcase\\\/organisator-das-magazin-fr-kmu\",\"https:\\\/\\\/www.xing.com\\\/news\\\/pages\\\/organisator-ch-695\",\"https:\\\/\\\/www.youtube.com\\\/channel\\\/UCGP2Sq0iWaZwT3BdIAQFYpw\"]},{\"@type\":\"Person\",\"@id\":\"https:\\\/\\\/www.organisator.ch\\\/#\\\/schema\\\/person\\\/6f650f90b2842cd4c0cc334b4e36f67e\",\"name\":\"thomas.berner\",\"image\":{\"@type\":\"ImageObject\",\"inLanguage\":\"fr-FR\",\"@id\":\"https:\\\/\\\/secure.gravatar.com\\\/avatar\\\/ac5001d2a36cb6c6cd3e50789007ffca834b477b74a2144564522e944eabff61?s=96&d=mm&r=g\",\"url\":\"https:\\\/\\\/secure.gravatar.com\\\/avatar\\\/ac5001d2a36cb6c6cd3e50789007ffca834b477b74a2144564522e944eabff61?s=96&d=mm&r=g\",\"contentUrl\":\"https:\\\/\\\/secure.gravatar.com\\\/avatar\\\/ac5001d2a36cb6c6cd3e50789007ffca834b477b74a2144564522e944eabff61?s=96&d=mm&r=g\",\"caption\":\"thomas.berner\"},\"url\":\"https:\\\/\\\/www.organisator.ch\\\/fr\\\/author\\\/thomas-berner\\\/\"}]}<\/script>\n<!-- \/ Yoast SEO plugin. -->","yoast_head_json":{"title":"Business Day Swissmechanic 2022 : Des solutions sont demand\u00e9es, pas des slogans - Organisateur","description":"Une situation de p\u00e9nurie nous attend-elle en hiver ? Un black-out menace-t-il ? C'est \u00e0 ces questions et \u00e0 d'autres encore que s'est int\u00e9ress\u00e9 le Business Day de Swissmechanic.","robots":{"index":"index","follow":"follow","max-snippet":"max-snippet:-1","max-image-preview":"max-image-preview:large","max-video-preview":"max-video-preview:-1"},"canonical":"https:\/\/www.organisator.ch\/fr\/sustainability\/2022-09-09\/business-day-swissmechanic-2022-pistes-de-solutions-demandees-pas-de-coups\/","og_locale":"fr_FR","og_type":"article","og_title":"Business Day Swissmechanic 2022: L\u00f6sungswege gefragt, nicht Schlagw\u00f6rter","og_description":"Erwartet uns im Winter eine Mangellage? Droht ein Blackout? Mit diesen und anderen Fragen besch\u00e4ftigte sich der Swissmechanic Business Day.","og_url":"https:\/\/www.organisator.ch\/fr\/sustainability\/2022-09-09\/business-day-swissmechanic-2022-pistes-de-solutions-demandees-pas-de-coups\/","og_site_name":"Organisator","article_publisher":"https:\/\/www.facebook.com\/OrganisatorFachmagazin","article_published_time":"2022-09-09T11:53:26+00:00","og_image":[{"width":680,"height":453,"url":"https:\/\/www.organisator.ch\/wp-content\/uploads\/2022\/09\/Business-Day-Swissmechanic-2022-Losungswege-gefragt-nicht-Schlagworter-1_Organisator.jpg","type":"image\/jpeg"}],"author":"thomas.berner","twitter_card":"summary_large_image","twitter_title":"Business Day #Swissmechanic 2022: #L\u00f6sungswege gefragt, nicht #Schlagw\u00f6rter","twitter_description":"Erwartet uns im Winter eine #Mangellage? Droht ein #Blackout? Mit diesen und anderen Fragen besch\u00e4ftigte sich der #Swissmechanic Business Day.","twitter_image":"https:\/\/www.organisator.ch\/wp-content\/uploads\/2022\/09\/Business-Day-Swissmechanic-2022-Losungswege-gefragt-nicht-Schlagworter-1_Organisator.jpg","schema":{"@context":"https:\/\/schema.org","@graph":[{"@type":"Article","@id":"https:\/\/www.organisator.ch\/sustainability\/2022-09-09\/business-day-swissmechanic-2022-loesungswege-gefragt-nicht-schlagwoerter\/#article","isPartOf":{"@id":"https:\/\/www.organisator.ch\/sustainability\/2022-09-09\/business-day-swissmechanic-2022-loesungswege-gefragt-nicht-schlagwoerter\/"},"author":{"name":"thomas.berner","@id":"https:\/\/www.organisator.ch\/#\/schema\/person\/6f650f90b2842cd4c0cc334b4e36f67e"},"headline":"Business Day Swissmechanic 2022: L\u00f6sungswege gefragt, nicht Schlagw\u00f6rter","datePublished":"2022-09-09T11:53:26+00:00","mainEntityOfPage":{"@id":"https:\/\/www.organisator.ch\/sustainability\/2022-09-09\/business-day-swissmechanic-2022-loesungswege-gefragt-nicht-schlagwoerter\/"},"wordCount":836,"publisher":{"@id":"https:\/\/www.organisator.ch\/#organization"},"image":{"@id":"https:\/\/www.organisator.ch\/sustainability\/2022-09-09\/business-day-swissmechanic-2022-loesungswege-gefragt-nicht-schlagwoerter\/#primaryimage"},"thumbnailUrl":"https:\/\/www.organisator.ch\/wp-content\/uploads\/2022\/09\/Business-Day-Swissmechanic-2022-Losungswege-gefragt-nicht-Schlagworter-1_Organisator.jpg","keywords":["Energiekrise","Fachkongress\/Fachmesse","Verb\u00e4nde"],"articleSection":["SUSTAINABILITY"],"inLanguage":"fr-FR"},{"@type":"WebPage","@id":"https:\/\/www.organisator.ch\/sustainability\/2022-09-09\/business-day-swissmechanic-2022-loesungswege-gefragt-nicht-schlagwoerter\/","url":"https:\/\/www.organisator.ch\/sustainability\/2022-09-09\/business-day-swissmechanic-2022-loesungswege-gefragt-nicht-schlagwoerter\/","name":"Business Day Swissmechanic 2022 : Des solutions sont demand\u00e9es, pas des slogans - Organisateur","isPartOf":{"@id":"https:\/\/www.organisator.ch\/#website"},"primaryImageOfPage":{"@id":"https:\/\/www.organisator.ch\/sustainability\/2022-09-09\/business-day-swissmechanic-2022-loesungswege-gefragt-nicht-schlagwoerter\/#primaryimage"},"image":{"@id":"https:\/\/www.organisator.ch\/sustainability\/2022-09-09\/business-day-swissmechanic-2022-loesungswege-gefragt-nicht-schlagwoerter\/#primaryimage"},"thumbnailUrl":"https:\/\/www.organisator.ch\/wp-content\/uploads\/2022\/09\/Business-Day-Swissmechanic-2022-Losungswege-gefragt-nicht-Schlagworter-1_Organisator.jpg","datePublished":"2022-09-09T11:53:26+00:00","description":"Une situation de p\u00e9nurie nous attend-elle en hiver ? Un black-out menace-t-il ? C'est \u00e0 ces questions et \u00e0 d'autres encore que s'est int\u00e9ress\u00e9 le Business Day de Swissmechanic.","breadcrumb":{"@id":"https:\/\/www.organisator.ch\/sustainability\/2022-09-09\/business-day-swissmechanic-2022-loesungswege-gefragt-nicht-schlagwoerter\/#breadcrumb"},"inLanguage":"fr-FR","potentialAction":[{"@type":"ReadAction","target":["https:\/\/www.organisator.ch\/sustainability\/2022-09-09\/business-day-swissmechanic-2022-loesungswege-gefragt-nicht-schlagwoerter\/"]}]},{"@type":"ImageObject","inLanguage":"fr-FR","@id":"https:\/\/www.organisator.ch\/sustainability\/2022-09-09\/business-day-swissmechanic-2022-loesungswege-gefragt-nicht-schlagwoerter\/#primaryimage","url":"https:\/\/www.organisator.ch\/wp-content\/uploads\/2022\/09\/Business-Day-Swissmechanic-2022-Losungswege-gefragt-nicht-Schlagworter-1_Organisator.jpg","contentUrl":"https:\/\/www.organisator.ch\/wp-content\/uploads\/2022\/09\/Business-Day-Swissmechanic-2022-Losungswege-gefragt-nicht-Schlagworter-1_Organisator.jpg"},{"@type":"BreadcrumbList","@id":"https:\/\/www.organisator.ch\/sustainability\/2022-09-09\/business-day-swissmechanic-2022-loesungswege-gefragt-nicht-schlagwoerter\/#breadcrumb","itemListElement":[{"@type":"ListItem","position":1,"name":"Home","item":"https:\/\/www.organisator.ch\/"},{"@type":"ListItem","position":2,"name":"Business Day Swissmechanic 2022: L\u00f6sungswege gefragt, nicht Schlagw\u00f6rter"}]},{"@type":"WebSite","@id":"https:\/\/www.organisator.ch\/#website","url":"https:\/\/www.organisator.ch\/","name":"Organisateur","description":"Comp\u00e9tence et comp\u00e9tence. Proches de la pratique. L'ORGANISATEUR pr\u00e9pare 10 num\u00e9ros par an sur les th\u00e8mes essentiels pour les dirigeants de PME.","publisher":{"@id":"https:\/\/www.organisator.ch\/#organization"},"potentialAction":[{"@type":"SearchAction","target":{"@type":"EntryPoint","urlTemplate":"https:\/\/www.organisator.ch\/?s={search_term_string}"},"query-input":{"@type":"PropertyValueSpecification","valueRequired":true,"valueName":"search_term_string"}}],"inLanguage":"fr-FR"},{"@type":"Organization","@id":"https:\/\/www.organisator.ch\/#organization","name":"Organisateur","url":"https:\/\/www.organisator.ch\/","logo":{"@type":"ImageObject","inLanguage":"fr-FR","@id":"https:\/\/www.organisator.ch\/#\/schema\/logo\/image\/","url":"https:\/\/www.organisator.ch\/wp-content\/uploads\/2022\/01\/Logo_Organisator_Website.png","contentUrl":"https:\/\/www.organisator.ch\/wp-content\/uploads\/2022\/01\/Logo_Organisator_Website.png","width":800,"height":77,"caption":"Organisator"},"image":{"@id":"https:\/\/www.organisator.ch\/#\/schema\/logo\/image\/"},"sameAs":["https:\/\/www.facebook.com\/OrganisatorFachmagazin","https:\/\/www.linkedin.com\/showcase\/organisator-das-magazin-fr-kmu","https:\/\/www.xing.com\/news\/pages\/organisator-ch-695","https:\/\/www.youtube.com\/channel\/UCGP2Sq0iWaZwT3BdIAQFYpw"]},{"@type":"Person","@id":"https:\/\/www.organisator.ch\/#\/schema\/person\/6f650f90b2842cd4c0cc334b4e36f67e","name":"thomas.berner","image":{"@type":"ImageObject","inLanguage":"fr-FR","@id":"https:\/\/secure.gravatar.com\/avatar\/ac5001d2a36cb6c6cd3e50789007ffca834b477b74a2144564522e944eabff61?s=96&d=mm&r=g","url":"https:\/\/secure.gravatar.com\/avatar\/ac5001d2a36cb6c6cd3e50789007ffca834b477b74a2144564522e944eabff61?s=96&d=mm&r=g","contentUrl":"https:\/\/secure.gravatar.com\/avatar\/ac5001d2a36cb6c6cd3e50789007ffca834b477b74a2144564522e944eabff61?s=96&d=mm&r=g","caption":"thomas.berner"},"url":"https:\/\/www.organisator.ch\/fr\/author\/thomas-berner\/"}]}},"_links":{"self":[{"href":"https:\/\/www.organisator.ch\/fr\/wp-json\/wp\/v2\/posts\/16877","targetHints":{"allow":["GET"]}}],"collection":[{"href":"https:\/\/www.organisator.ch\/fr\/wp-json\/wp\/v2\/posts"}],"about":[{"href":"https:\/\/www.organisator.ch\/fr\/wp-json\/wp\/v2\/types\/post"}],"author":[{"embeddable":true,"href":"https:\/\/www.organisator.ch\/fr\/wp-json\/wp\/v2\/users\/4"}],"replies":[{"embeddable":true,"href":"https:\/\/www.organisator.ch\/fr\/wp-json\/wp\/v2\/comments?post=16877"}],"version-history":[{"count":4,"href":"https:\/\/www.organisator.ch\/fr\/wp-json\/wp\/v2\/posts\/16877\/revisions"}],"predecessor-version":[{"id":16911,"href":"https:\/\/www.organisator.ch\/fr\/wp-json\/wp\/v2\/posts\/16877\/revisions\/16911"}],"wp:attachment":[{"href":"https:\/\/www.organisator.ch\/fr\/wp-json\/wp\/v2\/media?parent=16877"}],"wp:term":[{"taxonomy":"category","embeddable":true,"href":"https:\/\/www.organisator.ch\/fr\/wp-json\/wp\/v2\/categories?post=16877"},{"taxonomy":"post_tag","embeddable":true,"href":"https:\/\/www.organisator.ch\/fr\/wp-json\/wp\/v2\/tags?post=16877"}],"curies":[{"name":"wp","href":"https:\/\/api.w.org\/{rel}","templated":true}]}}